{"id":83465,"date":"2025-09-15T13:00:06","date_gmt":"2025-09-15T19:00:06","guid":{"rendered":"https:\/\/nitu.mx\/?p=83465"},"modified":"2025-09-15T13:00:07","modified_gmt":"2025-09-15T19:00:07","slug":"la-asociacion-metropolitana-de-agencias-de-viajes-celebra-su-32-aniversario","status":"publish","type":"post","link":"https:\/\/nitu.mx\/index.php\/2025\/09\/15\/la-asociacion-metropolitana-de-agencias-de-viajes-celebra-su-32-aniversario\/","title":{"rendered":"La Asociaci\u00f3n Metropolitana de Agencias de Viajes celebra su 32 aniversario"},"content":{"rendered":"\n<p>Con la presencia de expresidentes, socios, aliados y medios de comunicaci\u00f3n, la Asociaci\u00f3n Metropolitana de Agencias de Viajes<br>(METRO) celebr\u00f3 el 32 Aniversario de su fundaci\u00f3n, en el Hotel Marquis Reforma de la Ciudad de M\u00e9xico, en un evento encabezado por su presidenta, Alicia Mej\u00eda, quien resalt\u00f3 la importancia de estar en armon\u00eda, como la ense\u00f1anza aprendida en estos a\u00f1os.<\/p>\n\n\n\n<p>\u201cHoy celebramos 32 a\u00f1os de historia. Pero no solo son n\u00fameros, detr\u00e1s hay sue\u00f1os, trabajo, esfuerzo y sacrificios de quienes creyeron que la uni\u00f3n es la clave para crecer\u201d, coment\u00f3 la presidenta de La Metro. <\/p>\n\n\n\n<p>A\u00f1adi\u00f3 que en este tiempo han pasado 13 presidentes, cada uno de los cuales dej\u00f3 su huella, tuvo un reto diferente y todos, de alguna manera, construyeron los cimientos, y con su liderazgo han marcado el rumbo de esta gran Asociaci\u00f3n. <\/p>\n\n\n\n<p>Alicia Mej\u00eda subray\u00f3 que la verdadera fuerza de La Metro est\u00e1 en su gente, en quienes se quedaron, en quienes contin\u00faan a pesar del<br>tiempo y quienes siguen sumando. <\/p>\n\n\n\n<p>\u201cHoy celebramos el pasado, pero tambi\u00e9n miramos hacia adelante. Que los pr\u00f3ximos a\u00f1os nos encuentren unidos con la misma pasi\u00f3n y con los mismos sue\u00f1os por cumplir. Felicidades a nuestra gran Asociaci\u00f3n\u201d, agreg\u00f3. <\/p>\n\n\n\n<p>La presidenta nombr\u00f3 a cada uno de los 22 socios fundadores con los que surgi\u00f3 esta Asociaci\u00f3n. As\u00ed mismo, hizo un breve recuento de<br>momentos clave en estos 32 a\u00f1os de historia, como el inicio de los Encuentros de Promoci\u00f3n, antes llamadas Asambleas, y la primera<br>Convenci\u00f3n, que tuvo lugar en Nueva Zelanda. <\/p>\n\n\n\n<p>De igual manera agradeci\u00f3 el respaldo de GMA y las asociaciones con las que se trabaja en conjunto, lo que habla bien del turismo, porque finalmente no somos uno, somos todos. <\/p>\n\n\n\n<p>\u201cUna asociaci\u00f3n nace del sue\u00f1o de unas cuantas personas, y a quienes hoy seguimos nos corresponde honrar y continuar lo que ellos iniciaron. Una asociaci\u00f3n que recuerda su historia fortalece su esencia y asegura su permanencia\u201d, destac\u00f3 Alicia Mej\u00eda. <\/p>\n\n\n\n<p>En el marco de este evento, Fernando Esqueda, Director de Ventas de Aerom\u00e9xico, felicit\u00f3 a los miembros de La Metro, y destac\u00f3 que son generadores no solo de experiencias para los clientes, sino que tambi\u00e9n tocan vidas y generan empleos. <\/p>\n\n\n\n<p>Coment\u00f3 que Grupo Aerom\u00e9xico, con una historia de m\u00e1s de 90 a\u00f1os, tambi\u00e9n ha enfrentado adversidades; sin embargo, siguen adapt\u00e1ndose, luchando y trabajando de la mano. \u201cCreemos mucho en las alianzas, en esas relaciones de largo plazo como la que tenemos con ustedes y creemos que esa es una pieza clave para seguir mirando hacia el futuro, seguir transform\u00e1ndonos y seguir haciendo historia en el turismo\u201d. <\/p>\n\n\n\n<p>Por su parte, Nelson Ojeda, Account Director Premier Agencies de Sabre, dijo que es un honor celebrar los 32 a\u00f1os de una Asociaci\u00f3n que se ha consolidado como referente en la industria de los viajes en M\u00e9xico. <\/p>\n\n\n\n<p>Se\u00f1al\u00f3 que, Sabre tambi\u00e9n celebra 32 a\u00f1os, por lo que \u201ces un verdadero orgullo haber compartido este camino hombro con hombro a lo largo de estas ya pasadas tres d\u00e9cadas. Todos aqu\u00ed sabemos que la innovaci\u00f3n juega un papel clave. Desde Sabre compartimos esa misma visi\u00f3n. Creemos que el futuro de nuestra industria est\u00e1 marcado por la tecnolog\u00eda y la inteligencia artificial\u201d.<\/p>\n\n\n\n<p>En tanto, Carlos Bricka, Country Manager M\u00e9xico de Assist Card, afirm\u00f3 que La Metro ha sido la red confiable de los profesionales de turismo, generando v\u00ednculos, oportunidades y negocios basados en la amistad. Precis\u00f3 que en este recorrido han sido testigos de grandes cambios en la tecnolog\u00eda, en la forma de viajar e inclusive en las exigencias de los clientes.<\/p>\n\n\n\n<p>Felicit\u00f3 a los \u201cmetropolitanos\u201d por estos 32 a\u00f1os de logros y de \u201cmantener un prop\u00f3sito com\u00fan, que es que el turismo no sea solamente una industria, sino que sea un puente de desarrollo y amistad entre las personas que lo componen\u201d. <\/p>\n\n\n\n<p>En el marco del 32 aniversario se hizo entrega de la Presea Metropolitana, que en esta ocasi\u00f3n fue otorgada a Rosa Sosa Flota,<br>Directora General de la Asociaci\u00f3n, por su brillante trayectoria y labor en el desarrollo y crecimiento de la actividad tur\u00edstica.<br>En representaci\u00f3n de la secretaria de Turismo de la Ciudad de M\u00e9xico, Alejandra Frausto Guerrero, estuvo presente Jorge Guerrero Carrasco, Director General de Servicios al Turismo. (<a href=\"https:\/\/nitu.mx\/index.php\/2025\/07\/17\/la-pasion-por-servir-herramienta-mas-poderosa-de-los-agentes-de-viajes-alicia-mejia-presidenta-de-la-metro\/\">La pasi\u00f3n por servir, herramienta m\u00e1s poderosa de los agentes de viajes: Alicia Mej\u00eda, presidenta de La Metro<\/a>).<\/p>\n","protected":false},"excerpt":{"rendered":"<p>Con la presencia de expresidentes, socios, aliados y medios de comunicaci\u00f3n, la Asociaci\u00f3n Metropolitana de Agencias de Viajes(METRO) celebr\u00f3 el 32 Aniversario de su fundaci\u00f3n, en el Hotel Marquis Reforma de la Ciudad de M\u00e9xico, en un evento encabezado por su presidenta, Alicia Mej\u00eda, quien resalt\u00f3 la importancia de estar en armon\u00eda, como la ense\u00f1anza [&hellip;]<\/p>\n","protected":false},"author":18,"featured_media":83468,"comment_status":"closed","ping_status":"closed","sticky":false,"template":"","format":"standard","meta":{"footnotes":""},"categories":[3,1],"tags":[30,1123,18468,18563,3557],"yoast_head":"<!-- This site is optimized with the Yoast SEO plugin v22.2 - https:\/\/yoast.com\/wordpress\/plugins\/seo\/ -->\n<title>La Asociaci\u00f3n Metropolitana de Agencias de Viajes celebra su 32 aniversario - Nitu - Noticias de la Industria Turistica<\/title>\n<meta name=\"robots\" content=\"index, follow, max-snippet:-1, max-image-preview:large, max-video-preview:-1\" \/>\n<link rel=\"canonical\" href=\"https:\/\/nitu.mx\/index.php\/2025\/09\/15\/la-asociacion-metropolitana-de-agencias-de-viajes-celebra-su-32-aniversario\/\" \/>\n<meta name=\"twitter:card\" content=\"summary_large_image\" \/>\n<meta name=\"twitter:title\" content=\"La Asociaci\u00f3n Metropolitana de Agencias de Viajes celebra su 32 aniversario - Nitu - Noticias de la Industria Turistica\" \/>\n<meta name=\"twitter:description\" content=\"Con la presencia de expresidentes, socios, aliados y medios de comunicaci\u00f3n, la Asociaci\u00f3n Metropolitana de Agencias de Viajes(METRO) celebr\u00f3 el 32 Aniversario de su fundaci\u00f3n, en el Hotel Marquis Reforma de la Ciudad de M\u00e9xico, en un evento encabezado por su presidenta, Alicia Mej\u00eda, quien resalt\u00f3 la importancia de estar en armon\u00eda, como la ense\u00f1anza [&hellip;]\" \/>\n<meta name=\"twitter:image\" content=\"https:\/\/nitu.mx\/wp-content\/uploads\/2025\/09\/La-Metropolitana-32-aniversario.jpg\" \/>\n<meta name=\"twitter:creator\" content=\"@NITUmx\" \/>\n<meta name=\"twitter:site\" content=\"@Arturo_Medina_G\" \/>\n<meta name=\"twitter:label1\" content=\"Escrito por\" \/>\n\t<meta name=\"twitter:data1\" content=\"Guadalupe Sixto\" \/>\n\t<meta name=\"twitter:label2\" content=\"Tiempo de lectura\" \/>\n\t<meta name=\"twitter:data2\" content=\"4 minutos\" \/>\n<script type=\"application\/ld+json\" class=\"yoast-schema-graph\">{\"@context\":\"https:\/\/schema.org\",\"@graph\":[{\"@type\":\"Article\",\"@id\":\"https:\/\/nitu.mx\/index.php\/2025\/09\/15\/la-asociacion-metropolitana-de-agencias-de-viajes-celebra-su-32-aniversario\/#article\",\"isPartOf\":{\"@id\":\"https:\/\/nitu.mx\/index.php\/2025\/09\/15\/la-asociacion-metropolitana-de-agencias-de-viajes-celebra-su-32-aniversario\/\"},\"author\":{\"name\":\"Guadalupe Sixto\",\"@id\":\"https:\/\/nitu.mx\/#\/schema\/person\/3df3082b5e46037e3f13614d28ee0b77\"},\"headline\":\"La Asociaci\u00f3n Metropolitana de Agencias de Viajes celebra su 32 aniversario\",\"datePublished\":\"2025-09-15T19:00:06+00:00\",\"dateModified\":\"2025-09-15T19:00:07+00:00\",\"mainEntityOfPage\":{\"@id\":\"https:\/\/nitu.mx\/index.php\/2025\/09\/15\/la-asociacion-metropolitana-de-agencias-de-viajes-celebra-su-32-aniversario\/\"},\"wordCount\":775,\"publisher\":{\"@id\":\"https:\/\/nitu.mx\/#\/schema\/person\/ae7a53426417292d3dd07b45a33e01bc\"},\"image\":{\"@id\":\"https:\/\/nitu.mx\/index.php\/2025\/09\/15\/la-asociacion-metropolitana-de-agencias-de-viajes-celebra-su-32-aniversario\/#primaryimage\"},\"thumbnailUrl\":\"https:\/\/nitu.mx\/wp-content\/uploads\/2025\/09\/La-Metropolitana-32-aniversario.jpg\",\"keywords\":[\"Aerom\u00e9xico\",\"Alicia Mej\u00eda\",\"Assist Card\",\"La Metro\",\"Sabre\"],\"articleSection\":[\"Agencias de Viajes\",\"Sin Categor\u00eda\"],\"inLanguage\":\"es-MX\"},{\"@type\":\"WebPage\",\"@id\":\"https:\/\/nitu.mx\/index.php\/2025\/09\/15\/la-asociacion-metropolitana-de-agencias-de-viajes-celebra-su-32-aniversario\/\",\"url\":\"https:\/\/nitu.mx\/index.php\/2025\/09\/15\/la-asociacion-metropolitana-de-agencias-de-viajes-celebra-su-32-aniversario\/\",\"name\":\"La Asociaci\u00f3n Metropolitana de Agencias de Viajes celebra su 32 aniversario - Nitu - Noticias de la Industria Turistica\",\"isPartOf\":{\"@id\":\"https:\/\/nitu.mx\/#website\"},\"primaryImageOfPage\":{\"@id\":\"https:\/\/nitu.mx\/index.php\/2025\/09\/15\/la-asociacion-metropolitana-de-agencias-de-viajes-celebra-su-32-aniversario\/#primaryimage\"},\"image\":{\"@id\":\"https:\/\/nitu.mx\/index.php\/2025\/09\/15\/la-asociacion-metropolitana-de-agencias-de-viajes-celebra-su-32-aniversario\/#primaryimage\"},\"thumbnailUrl\":\"https:\/\/nitu.mx\/wp-content\/uploads\/2025\/09\/La-Metropolitana-32-aniversario.jpg\",\"datePublished\":\"2025-09-15T19:00:06+00:00\",\"dateModified\":\"2025-09-15T19:00:07+00:00\",\"breadcrumb\":{\"@id\":\"https:\/\/nitu.mx\/index.php\/2025\/09\/15\/la-asociacion-metropolitana-de-agencias-de-viajes-celebra-su-32-aniversario\/#breadcrumb\"},\"inLanguage\":\"es-MX\",\"potentialAction\":[{\"@type\":\"ReadAction\",\"target\":[\"https:\/\/nitu.mx\/index.php\/2025\/09\/15\/la-asociacion-metropolitana-de-agencias-de-viajes-celebra-su-32-aniversario\/\"]}]},{\"@type\":\"ImageObject\",\"inLanguage\":\"es-MX\",\"@id\":\"https:\/\/nitu.mx\/index.php\/2025\/09\/15\/la-asociacion-metropolitana-de-agencias-de-viajes-celebra-su-32-aniversario\/#primaryimage\",\"url\":\"https:\/\/nitu.mx\/wp-content\/uploads\/2025\/09\/La-Metropolitana-32-aniversario.jpg\",\"contentUrl\":\"https:\/\/nitu.mx\/wp-content\/uploads\/2025\/09\/La-Metropolitana-32-aniversario.jpg\",\"width\":1200,\"height\":675,\"caption\":\"La Metropolitana 32 aniversario\"},{\"@type\":\"BreadcrumbList\",\"@id\":\"https:\/\/nitu.mx\/index.php\/2025\/09\/15\/la-asociacion-metropolitana-de-agencias-de-viajes-celebra-su-32-aniversario\/#breadcrumb\",\"itemListElement\":[{\"@type\":\"ListItem\",\"position\":1,\"name\":\"Inicio\",\"item\":\"https:\/\/nitu.mx\/\"},{\"@type\":\"ListItem\",\"position\":2,\"name\":\"La Asociaci\u00f3n Metropolitana de Agencias de Viajes celebra su 32 aniversario\"}]},{\"@type\":\"WebSite\",\"@id\":\"https:\/\/nitu.mx\/#website\",\"url\":\"https:\/\/nitu.mx\/\",\"name\":\"Nitu - Noticias de la Industria Turistica\",\"description\":\"Noticias de la Industria Turistica\",\"publisher\":{\"@id\":\"https:\/\/nitu.mx\/#\/schema\/person\/ae7a53426417292d3dd07b45a33e01bc\"},\"alternateName\":\"Noticias de la Industria Turistica\",\"potentialAction\":[{\"@type\":\"SearchAction\",\"target\":{\"@type\":\"EntryPoint\",\"urlTemplate\":\"https:\/\/nitu.mx\/?s={search_term_string}\"},\"query-input\":\"required name=search_term_string\"}],\"inLanguage\":\"es-MX\"},{\"@type\":[\"Person\",\"Organization\"],\"@id\":\"https:\/\/nitu.mx\/#\/schema\/person\/ae7a53426417292d3dd07b45a33e01bc\",\"name\":\"Arturo Medina\",\"image\":{\"@type\":\"ImageObject\",\"inLanguage\":\"es-MX\",\"@id\":\"https:\/\/nitu.mx\/#\/schema\/person\/image\/\",\"url\":\"https:\/\/nitu.mx\/wp-content\/uploads\/2024\/04\/4A315622-1904-4D5C-B022-878CDC840E04-90x90-1.jpeg\",\"contentUrl\":\"https:\/\/nitu.mx\/wp-content\/uploads\/2024\/04\/4A315622-1904-4D5C-B022-878CDC840E04-90x90-1.jpeg\",\"width\":90,\"height\":90,\"caption\":\"Arturo Medina\"},\"logo\":{\"@id\":\"https:\/\/nitu.mx\/#\/schema\/person\/image\/\"},\"description\":\"Director NITU.mx, Egresado de la Escuela de Periodismo Carlos Septi\u00e9n Garc\u00eda. Periodista y analista especializado en turismo desde hace 35 a\u00f1os, radicado en Canc\u00fan Q.Roo. arturo@nitu.mx\",\"sameAs\":[\"https:\/\/nitu.mx\",\"https:\/\/www.facebook.com\/NITUmx\/\",\"medinacancun\",\"https:\/\/twitter.com\/@Arturo_Medina_G\"]},{\"@type\":\"Person\",\"@id\":\"https:\/\/nitu.mx\/#\/schema\/person\/3df3082b5e46037e3f13614d28ee0b77\",\"name\":\"Guadalupe Sixto\",\"image\":{\"@type\":\"ImageObject\",\"inLanguage\":\"es-MX\",\"@id\":\"https:\/\/nitu.mx\/#\/schema\/person\/image\/\",\"url\":\"https:\/\/secure.gravatar.com\/avatar\/13914e1b0e1919e91f9539de4dc584c4?s=96&d=mm&r=g\",\"contentUrl\":\"https:\/\/secure.gravatar.com\/avatar\/13914e1b0e1919e91f9539de4dc584c4?s=96&d=mm&r=g\",\"caption\":\"Guadalupe Sixto\"},\"url\":\"https:\/\/nitu.mx\/index.php\/author\/gsixto\/\"}]}<\/script>\n<!-- \/ Yoast SEO plugin. -->","yoast_head_json":{"title":"La Asociaci\u00f3n Metropolitana de Agencias de Viajes celebra su 32 aniversario - Nitu - Noticias de la Industria Turistica","robots":{"index":"index","follow":"follow","max-snippet":"max-snippet:-1","max-image-preview":"max-image-preview:large","max-video-preview":"max-video-preview:-1"},"canonical":"https:\/\/nitu.mx\/index.php\/2025\/09\/15\/la-asociacion-metropolitana-de-agencias-de-viajes-celebra-su-32-aniversario\/","twitter_card":"summary_large_image","twitter_title":"La Asociaci\u00f3n Metropolitana de Agencias de Viajes celebra su 32 aniversario - Nitu - Noticias de la Industria Turistica","twitter_description":"Con la presencia de expresidentes, socios, aliados y medios de comunicaci\u00f3n, la Asociaci\u00f3n Metropolitana de Agencias de Viajes(METRO) celebr\u00f3 el 32 Aniversario de su fundaci\u00f3n, en el Hotel Marquis Reforma de la Ciudad de M\u00e9xico, en un evento encabezado por su presidenta, Alicia Mej\u00eda, quien resalt\u00f3 la importancia de estar en armon\u00eda, como la ense\u00f1anza [&hellip;]","twitter_image":"https:\/\/nitu.mx\/wp-content\/uploads\/2025\/09\/La-Metropolitana-32-aniversario.jpg","twitter_creator":"@NITUmx","twitter_site":"@Arturo_Medina_G","twitter_misc":{"Escrito por":"Guadalupe Sixto","Tiempo de lectura":"4 minutos"},"schema":{"@context":"https:\/\/schema.org","@graph":[{"@type":"Article","@id":"https:\/\/nitu.mx\/index.php\/2025\/09\/15\/la-asociacion-metropolitana-de-agencias-de-viajes-celebra-su-32-aniversario\/#article","isPartOf":{"@id":"https:\/\/nitu.mx\/index.php\/2025\/09\/15\/la-asociacion-metropolitana-de-agencias-de-viajes-celebra-su-32-aniversario\/"},"author":{"name":"Guadalupe Sixto","@id":"https:\/\/nitu.mx\/#\/schema\/person\/3df3082b5e46037e3f13614d28ee0b77"},"headline":"La Asociaci\u00f3n Metropolitana de Agencias de Viajes celebra su 32 aniversario","datePublished":"2025-09-15T19:00:06+00:00","dateModified":"2025-09-15T19:00:07+00:00","mainEntityOfPage":{"@id":"https:\/\/nitu.mx\/index.php\/2025\/09\/15\/la-asociacion-metropolitana-de-agencias-de-viajes-celebra-su-32-aniversario\/"},"wordCount":775,"publisher":{"@id":"https:\/\/nitu.mx\/#\/schema\/person\/ae7a53426417292d3dd07b45a33e01bc"},"image":{"@id":"https:\/\/nitu.mx\/index.php\/2025\/09\/15\/la-asociacion-metropolitana-de-agencias-de-viajes-celebra-su-32-aniversario\/#primaryimage"},"thumbnailUrl":"https:\/\/nitu.mx\/wp-content\/uploads\/2025\/09\/La-Metropolitana-32-aniversario.jpg","keywords":["Aerom\u00e9xico","Alicia Mej\u00eda","Assist Card","La Metro","Sabre"],"articleSection":["Agencias de Viajes","Sin Categor\u00eda"],"inLanguage":"es-MX"},{"@type":"WebPage","@id":"https:\/\/nitu.mx\/index.php\/2025\/09\/15\/la-asociacion-metropolitana-de-agencias-de-viajes-celebra-su-32-aniversario\/","url":"https:\/\/nitu.mx\/index.php\/2025\/09\/15\/la-asociacion-metropolitana-de-agencias-de-viajes-celebra-su-32-aniversario\/","name":"La Asociaci\u00f3n Metropolitana de Agencias de Viajes celebra su 32 aniversario - Nitu - Noticias de la Industria Turistica","isPartOf":{"@id":"https:\/\/nitu.mx\/#website"},"primaryImageOfPage":{"@id":"https:\/\/nitu.mx\/index.php\/2025\/09\/15\/la-asociacion-metropolitana-de-agencias-de-viajes-celebra-su-32-aniversario\/#primaryimage"},"image":{"@id":"https:\/\/nitu.mx\/index.php\/2025\/09\/15\/la-asociacion-metropolitana-de-agencias-de-viajes-celebra-su-32-aniversario\/#primaryimage"},"thumbnailUrl":"https:\/\/nitu.mx\/wp-content\/uploads\/2025\/09\/La-Metropolitana-32-aniversario.jpg","datePublished":"2025-09-15T19:00:06+00:00","dateModified":"2025-09-15T19:00:07+00:00","breadcrumb":{"@id":"https:\/\/nitu.mx\/index.php\/2025\/09\/15\/la-asociacion-metropolitana-de-agencias-de-viajes-celebra-su-32-aniversario\/#breadcrumb"},"inLanguage":"es-MX","potentialAction":[{"@type":"ReadAction","target":["https:\/\/nitu.mx\/index.php\/2025\/09\/15\/la-asociacion-metropolitana-de-agencias-de-viajes-celebra-su-32-aniversario\/"]}]},{"@type":"ImageObject","inLanguage":"es-MX","@id":"https:\/\/nitu.mx\/index.php\/2025\/09\/15\/la-asociacion-metropolitana-de-agencias-de-viajes-celebra-su-32-aniversario\/#primaryimage","url":"https:\/\/nitu.mx\/wp-content\/uploads\/2025\/09\/La-Metropolitana-32-aniversario.jpg","contentUrl":"https:\/\/nitu.mx\/wp-content\/uploads\/2025\/09\/La-Metropolitana-32-aniversario.jpg","width":1200,"height":675,"caption":"La Metropolitana 32 aniversario"},{"@type":"BreadcrumbList","@id":"https:\/\/nitu.mx\/index.php\/2025\/09\/15\/la-asociacion-metropolitana-de-agencias-de-viajes-celebra-su-32-aniversario\/#breadcrumb","itemListElement":[{"@type":"ListItem","position":1,"name":"Inicio","item":"https:\/\/nitu.mx\/"},{"@type":"ListItem","position":2,"name":"La Asociaci\u00f3n Metropolitana de Agencias de Viajes celebra su 32 aniversario"}]},{"@type":"WebSite","@id":"https:\/\/nitu.mx\/#website","url":"https:\/\/nitu.mx\/","name":"Nitu - Noticias de la Industria Turistica","description":"Noticias de la Industria Turistica","publisher":{"@id":"https:\/\/nitu.mx\/#\/schema\/person\/ae7a53426417292d3dd07b45a33e01bc"},"alternateName":"Noticias de la Industria Turistica","potentialAction":[{"@type":"SearchAction","target":{"@type":"EntryPoint","urlTemplate":"https:\/\/nitu.mx\/?s={search_term_string}"},"query-input":"required name=search_term_string"}],"inLanguage":"es-MX"},{"@type":["Person","Organization"],"@id":"https:\/\/nitu.mx\/#\/schema\/person\/ae7a53426417292d3dd07b45a33e01bc","name":"Arturo Medina","image":{"@type":"ImageObject","inLanguage":"es-MX","@id":"https:\/\/nitu.mx\/#\/schema\/person\/image\/","url":"https:\/\/nitu.mx\/wp-content\/uploads\/2024\/04\/4A315622-1904-4D5C-B022-878CDC840E04-90x90-1.jpeg","contentUrl":"https:\/\/nitu.mx\/wp-content\/uploads\/2024\/04\/4A315622-1904-4D5C-B022-878CDC840E04-90x90-1.jpeg","width":90,"height":90,"caption":"Arturo Medina"},"logo":{"@id":"https:\/\/nitu.mx\/#\/schema\/person\/image\/"},"description":"Director NITU.mx, Egresado de la Escuela de Periodismo Carlos Septi\u00e9n Garc\u00eda. Periodista y analista especializado en turismo desde hace 35 a\u00f1os, radicado en Canc\u00fan Q.Roo. arturo@nitu.mx","sameAs":["https:\/\/nitu.mx","https:\/\/www.facebook.com\/NITUmx\/","medinacancun","https:\/\/twitter.com\/@Arturo_Medina_G"]},{"@type":"Person","@id":"https:\/\/nitu.mx\/#\/schema\/person\/3df3082b5e46037e3f13614d28ee0b77","name":"Guadalupe Sixto","image":{"@type":"ImageObject","inLanguage":"es-MX","@id":"https:\/\/nitu.mx\/#\/schema\/person\/image\/","url":"https:\/\/secure.gravatar.com\/avatar\/13914e1b0e1919e91f9539de4dc584c4?s=96&d=mm&r=g","contentUrl":"https:\/\/secure.gravatar.com\/avatar\/13914e1b0e1919e91f9539de4dc584c4?s=96&d=mm&r=g","caption":"Guadalupe Sixto"},"url":"https:\/\/nitu.mx\/index.php\/author\/gsixto\/"}]}},"views":791,"_links":{"self":[{"href":"https:\/\/nitu.mx\/index.php\/wp-json\/wp\/v2\/posts\/83465"}],"collection":[{"href":"https:\/\/nitu.mx\/index.php\/wp-json\/wp\/v2\/posts"}],"about":[{"href":"https:\/\/nitu.mx\/index.php\/wp-json\/wp\/v2\/types\/post"}],"author":[{"embeddable":true,"href":"https:\/\/nitu.mx\/index.php\/wp-json\/wp\/v2\/users\/18"}],"replies":[{"embeddable":true,"href":"https:\/\/nitu.mx\/index.php\/wp-json\/wp\/v2\/comments?post=83465"}],"version-history":[{"count":1,"href":"https:\/\/nitu.mx\/index.php\/wp-json\/wp\/v2\/posts\/83465\/revisions"}],"predecessor-version":[{"id":83467,"href":"https:\/\/nitu.mx\/index.php\/wp-json\/wp\/v2\/posts\/83465\/revisions\/83467"}],"wp:featuredmedia":[{"embeddable":true,"href":"https:\/\/nitu.mx\/index.php\/wp-json\/wp\/v2\/media\/83468"}],"wp:attachment":[{"href":"https:\/\/nitu.mx\/index.php\/wp-json\/wp\/v2\/media?parent=83465"}],"wp:term":[{"taxonomy":"category","embeddable":true,"href":"https:\/\/nitu.mx\/index.php\/wp-json\/wp\/v2\/categories?post=83465"},{"taxonomy":"post_tag","embeddable":true,"href":"https:\/\/nitu.mx\/index.php\/wp-json\/wp\/v2\/tags?post=83465"}],"curies":[{"name":"wp","href":"https:\/\/api.w.org\/{rel}","templated":true}]}}