{"id":83456,"date":"2025-09-11T21:30:00","date_gmt":"2025-09-12T03:30:00","guid":{"rendered":"https:\/\/nitu.mx\/?p=83456"},"modified":"2025-09-11T20:49:00","modified_gmt":"2025-09-12T02:49:00","slug":"fairmont-mayakoba-dia-de-muertos-y-halloween-se-fusionan-en-la-riviera-maya","status":"publish","type":"post","link":"https:\/\/nitu.mx\/index.php\/2025\/09\/11\/fairmont-mayakoba-dia-de-muertos-y-halloween-se-fusionan-en-la-riviera-maya\/","title":{"rendered":"Fairmont Mayakoba: D\u00eda de Muertos y Halloween se fusionan en la Riviera Maya"},"content":{"rendered":"\n<p>Del 31 de octubre al 2 de noviembre de 2025,\u00a0Fairmont Mayakoba\u00a0invita a vivir la fusi\u00f3n entre la magia de\u00a0Halloween\u00a0y la espiritualidad del\u00a0D\u00eda de Muertos, as\u00ed como disfrutar de los escenarios inigualables de la Riviera Maya. Dos mundos se encuentran en un mismo lugar: la fantas\u00eda y el misterio con sus disfraces, m\u00e1scaras y juegos, y la profundidad cultural de la popular tradici\u00f3n mexicana que conmemora a los seres queridos que han partido, con sus altares iluminados, flores de cempas\u00fachil y sabores ancestrales.<\/p>\n\n\n\n<p>S\u00e9 parte de unas vacaciones en familia \u00fanicas, disfruta de\u00a0Fairmont Mayakoba\u00a0y encuentra tu manera de celebrar la vida y honrar la memoria de quienes ya partieron. Consulta la agenda completa del hotel y descubre c\u00f3mo sumergirte en la diversi\u00f3n, cultura y tradici\u00f3n de la\u00a0<em>spooky season<\/em>.<\/p>\n\n\n\n<p><strong>31 de octubre: Diversi\u00f3n en Halloween para toda la familia<\/strong><\/p>\n\n\n\n<p>Los dos Kids Clubs, Coat\u00ed y Balam, se llenar\u00e1n de magia y diversi\u00f3n con actividades especiales pensadas para los m\u00e1s peque\u00f1os. Al llegar el atardecer, los ni\u00f1os podr\u00e1n salir a pedir el tradicional \u201cdulce o truco\u201d alrededor del hotel, sumergi\u00e9ndose en el esp\u00edritu festivo de la temporada y creando recuerdos inolvidables.<\/p>\n\n\n\n<p>La creatividad y la emoci\u00f3n se vivir\u00e1n en cada rinc\u00f3n. Si tus peque\u00f1os quieren transformarse en peque\u00f1os monstruos, catrinas o superh\u00e9roes, hagan una parada en alguna de las estaciones de maquillaje y m\u00e1scaras de\u00a0Halloween. \u00bfQu\u00e9 sigue? Los disfraces cobrar\u00e1n vida en esta celebraci\u00f3n con juegos tem\u00e1ticos como concursos de disfraces y b\u00fasquedas del tesoro \u201cembrujadas\u201d que despertar\u00e1n la imaginaci\u00f3n y fomentar\u00e1n la diversi\u00f3n en familia, convirtiendo cada momento en una experiencia \u00fanica y memorable. \u00bfTe atreves a jugar?<\/p>\n\n\n\n<p>Para los adultos, \u201cCielo\u201d, el\u00a0<em>rooftop<\/em>\u00a0bar exclusivo del resort se transformar\u00e1 en el escenario de la \u201cHaunted Soir\u00e9e Party\u201d, evento que se llevar\u00e1 a cabo antes de la medianoche para celebrar la transici\u00f3n de\u00a0Halloween\u00a0a\u00a0D\u00eda de Muertos, cuando se abra el portal al\u00a0<em>Xibalb\u00e1<\/em>, el inframundo maya a donde viajan los esp\u00edritus de los difuntos, de acuerdo con esta cultura ancestral. <\/p>\n\n\n\n<p>La fiesta cobrar\u00e1 vida entre catrinas, catrines y personajes de terror, acompa\u00f1ada al ritmo del DJ, c\u00f3cteles de autor y la vista inigualable del mar Caribe bajo un cielo estrellado.<\/p>\n\n\n\n<p>La celebraci\u00f3n continuar\u00e1 con la \u201cAfter-Dead Party\u201d, una experiencia inmersiva de D\u00eda de Muertos, que recorrer\u00e1s entre altares iluminados, flores de cempas\u00fachil y velas que brillar\u00e1n en cada espacio. <\/p>\n\n\n\n<p>Podr\u00e1s vestirte y maquillarte como catrina o catr\u00edn para sumergirte completamente en la tradici\u00f3n, mientras disfrutas de m\u00fasica en vivo,\u00a0<em>shows<\/em>\u00a0art\u00edsticos, estaciones con antojitos mexicanos y bebidas que acompa\u00f1ar\u00e1n la velada hasta el \u00faltimo momento. Cada detalle est\u00e1 pensado para que vivas una noche llena de color, sabor y emoci\u00f3n. \u00a0<\/p>\n\n\n<div class=\"wp-block-image\">\n<figure class=\"aligncenter size-large is-resized\"><img decoding=\"async\" loading=\"lazy\" width=\"1024\" height=\"576\" src=\"https:\/\/nitu.mx\/wp-content\/uploads\/2025\/09\/Fairmont-Mayakoba-Dia-de-Muertos-y-Halloween-1024x576.jpg\" alt=\"\" class=\"wp-image-83461\" style=\"aspect-ratio:1.7777777777777777;width:718px;height:auto\" srcset=\"https:\/\/nitu.mx\/wp-content\/uploads\/2025\/09\/Fairmont-Mayakoba-Dia-de-Muertos-y-Halloween-1024x576.jpg 1024w, https:\/\/nitu.mx\/wp-content\/uploads\/2025\/09\/Fairmont-Mayakoba-Dia-de-Muertos-y-Halloween-300x168.jpg 300w, https:\/\/nitu.mx\/wp-content\/uploads\/2025\/09\/Fairmont-Mayakoba-Dia-de-Muertos-y-Halloween-768x432.jpg 768w, https:\/\/nitu.mx\/wp-content\/uploads\/2025\/09\/Fairmont-Mayakoba-Dia-de-Muertos-y-Halloween-990x557.jpg 990w, https:\/\/nitu.mx\/wp-content\/uploads\/2025\/09\/Fairmont-Mayakoba-Dia-de-Muertos-y-Halloween-470x264.jpg 470w, https:\/\/nitu.mx\/wp-content\/uploads\/2025\/09\/Fairmont-Mayakoba-Dia-de-Muertos-y-Halloween-640x360.jpg 640w, https:\/\/nitu.mx\/wp-content\/uploads\/2025\/09\/Fairmont-Mayakoba-Dia-de-Muertos-y-Halloween-215x120.jpg 215w, https:\/\/nitu.mx\/wp-content\/uploads\/2025\/09\/Fairmont-Mayakoba-Dia-de-Muertos-y-Halloween-414x232.jpg 414w, https:\/\/nitu.mx\/wp-content\/uploads\/2025\/09\/Fairmont-Mayakoba-Dia-de-Muertos-y-Halloween.jpg 1200w\" sizes=\"(max-width: 1024px) 100vw, 1024px\" \/><\/figure><\/div>\n\n\n<p><strong>2 de noviembre: Cena especial \u201cAlmas y Leyendas\u201d en La Laguna<\/strong><\/p>\n\n\n\n<p>Ad\u00e9ntrate en una de las tradiciones m\u00e1s entra\u00f1ables de M\u00e9xico: el\u00a0D\u00eda de Muertos. En el restaurante La Laguna, que parece flotar sobre la laguna de Mayakoba, las velas iluminar\u00e1n el agua y la luna se reflejar\u00e1 en ella, creando un escenario lleno de misterio y belleza.<\/p>\n\n\n\n<p>Los aromas y sabores t\u00edpicos de esta celebraci\u00f3n guiar\u00e1n tus sentidos por esta cena especial \u201cAlmas y leyendas\u201d con tamales reci\u00e9n hechos, pan de muerto, chocolate caliente, atole, pozole y mole. <\/p>\n\n\n\n<p>Cada bocado evocar\u00e1 la calidez de los hogares mexicanos y el esp\u00edritu de la memoria de quienes se han adelantado. Las danzas tradicionales llenar\u00e1n el aire de ritmo y alegr\u00eda, mientras cantantes en vivo dar\u00e1n voz a las ra\u00edces y a la muerte que se honra en esta fecha. Podr\u00e1s vestirte como catrina o catr\u00edn y sumergirte por completo en la tradici\u00f3n; estaciones de maquillaje te permitir\u00e1n transformarte en elegante personaje de esta celebraci\u00f3n mexicana.<\/p>\n\n\n\n<p>Los altares, engalanados con flores de cempas\u00fachil, velas y ofrendas, te invitar\u00e1n a recorrerlos y conectarte con los recuerdos de quienes ya partieron. Fotograf\u00edas enviadas por los hu\u00e9spedes se integrar\u00e1n al homenaje colectivo, haciendo que cada presencia sea parte viva de la experiencia. Ser\u00e1 una noche donde la memoria, la emoci\u00f3n y la tradici\u00f3n se entrelazan, y cada instante te permitir\u00e1 sentir la magia de celebrar la vida mientras honras la muerte.<\/p>\n\n\n\n<p><strong>Misterios entre los canales<\/strong><\/p>\n\n\n\n<p>En esta temporada, cuando la noche cae sobre\u00a0Fairmont Mayakoba, los canales se transforman en pasadizos de luz y misterio, donde cada reflejo en el agua parece susurrar historias. Navega rodeado de luces c\u00e1lidas y reflejos de colores, mientras la brisa acaricia el agua y cada sombra de los manglares parece susurrar. <\/p>\n\n\n\n<p>La m\u00fasica, el misticismo y las actuaciones que emergen entre la vegetaci\u00f3n crean un ambiente donde las leyendas y tradiciones cobran vida ante tus ojos. Cada instante en el bote combina la cultura, la magia y la emoci\u00f3n de esta temporada \u00fanica, extendiendo la celebraci\u00f3n mucho m\u00e1s all\u00e1 de lo esperado. (<a href=\"https:\/\/nitu.mx\/index.php\/2025\/03\/04\/fairmont-mayakoba-entre-los-mejores-hoteles-segun-forbes-travel-guide-star-awards-2025\/\">Fairmont Mayakoba, entre los mejores hoteles seg\u00fan Forbes Travel Guide Star Awards 2025<\/a>).<\/p>\n","protected":false},"excerpt":{"rendered":"<p>Del 31 de octubre al 2 de noviembre de 2025,\u00a0Fairmont Mayakoba\u00a0invita a vivir la fusi\u00f3n entre la magia de\u00a0Halloween\u00a0y la espiritualidad del\u00a0D\u00eda de Muertos, as\u00ed como disfrutar de los escenarios inigualables de la Riviera Maya. Dos mundos se encuentran en un mismo lugar: la fantas\u00eda y el misterio con sus disfraces, m\u00e1scaras y juegos, y [&hellip;]<\/p>\n","protected":false},"author":17,"featured_media":83460,"comment_status":"closed","ping_status":"closed","sticky":false,"template":"","format":"standard","meta":{"footnotes":""},"categories":[2],"tags":[1374,2341,23618],"yoast_head":"<!-- This site is optimized with the Yoast SEO plugin v22.2 - https:\/\/yoast.com\/wordpress\/plugins\/seo\/ -->\n<title>Fairmont Mayakoba: D\u00eda de Muertos y Halloween se fusionan en la Riviera Maya - Nitu - Noticias de la Industria Turistica<\/title>\n<meta name=\"robots\" content=\"index, follow, max-snippet:-1, max-image-preview:large, max-video-preview:-1\" \/>\n<link rel=\"canonical\" href=\"https:\/\/nitu.mx\/index.php\/2025\/09\/11\/fairmont-mayakoba-dia-de-muertos-y-halloween-se-fusionan-en-la-riviera-maya\/\" \/>\n<meta name=\"twitter:card\" content=\"summary_large_image\" \/>\n<meta name=\"twitter:title\" content=\"Fairmont Mayakoba: D\u00eda de Muertos y Halloween se fusionan en la Riviera Maya - Nitu - Noticias de la Industria Turistica\" \/>\n<meta name=\"twitter:description\" content=\"Del 31 de octubre al 2 de noviembre de 2025,\u00a0Fairmont Mayakoba\u00a0invita a vivir la fusi\u00f3n entre la magia de\u00a0Halloween\u00a0y la espiritualidad del\u00a0D\u00eda de Muertos, as\u00ed como disfrutar de los escenarios inigualables de la Riviera Maya. Dos mundos se encuentran en un mismo lugar: la fantas\u00eda y el misterio con sus disfraces, m\u00e1scaras y juegos, y [&hellip;]\" \/>\n<meta name=\"twitter:image\" content=\"https:\/\/nitu.mx\/wp-content\/uploads\/2025\/09\/Fairmont-Mayakoba-Dia-de-Muertos-y-Halloween-2.jpg\" \/>\n<meta name=\"twitter:creator\" content=\"@NITUmx\" \/>\n<meta name=\"twitter:site\" content=\"@Arturo_Medina_G\" \/>\n<meta name=\"twitter:label1\" content=\"Escrito por\" \/>\n\t<meta name=\"twitter:data1\" content=\"Redacci\u00f3n\" \/>\n\t<meta name=\"twitter:label2\" content=\"Tiempo de lectura\" \/>\n\t<meta name=\"twitter:data2\" content=\"4 minutos\" \/>\n<script type=\"application\/ld+json\" class=\"yoast-schema-graph\">{\"@context\":\"https:\/\/schema.org\",\"@graph\":[{\"@type\":\"Article\",\"@id\":\"https:\/\/nitu.mx\/index.php\/2025\/09\/11\/fairmont-mayakoba-dia-de-muertos-y-halloween-se-fusionan-en-la-riviera-maya\/#article\",\"isPartOf\":{\"@id\":\"https:\/\/nitu.mx\/index.php\/2025\/09\/11\/fairmont-mayakoba-dia-de-muertos-y-halloween-se-fusionan-en-la-riviera-maya\/\"},\"author\":{\"name\":\"Redacci\u00f3n\",\"@id\":\"https:\/\/nitu.mx\/#\/schema\/person\/4a28fe9bd65924f7c90623773daf1b0b\"},\"headline\":\"Fairmont Mayakoba: D\u00eda de Muertos y Halloween se fusionan en la Riviera Maya\",\"datePublished\":\"2025-09-12T03:30:00+00:00\",\"dateModified\":\"2025-09-12T02:49:00+00:00\",\"mainEntityOfPage\":{\"@id\":\"https:\/\/nitu.mx\/index.php\/2025\/09\/11\/fairmont-mayakoba-dia-de-muertos-y-halloween-se-fusionan-en-la-riviera-maya\/\"},\"wordCount\":899,\"publisher\":{\"@id\":\"https:\/\/nitu.mx\/#\/schema\/person\/ae7a53426417292d3dd07b45a33e01bc\"},\"image\":{\"@id\":\"https:\/\/nitu.mx\/index.php\/2025\/09\/11\/fairmont-mayakoba-dia-de-muertos-y-halloween-se-fusionan-en-la-riviera-maya\/#primaryimage\"},\"thumbnailUrl\":\"https:\/\/nitu.mx\/wp-content\/uploads\/2025\/09\/Fairmont-Mayakoba-Dia-de-Muertos-y-Halloween-2.jpg\",\"keywords\":[\"D\u00eda de Muertos\",\"Fairmont Mayakoba\",\"Halloween\"],\"articleSection\":[\"Hoteles\"],\"inLanguage\":\"es-MX\"},{\"@type\":\"WebPage\",\"@id\":\"https:\/\/nitu.mx\/index.php\/2025\/09\/11\/fairmont-mayakoba-dia-de-muertos-y-halloween-se-fusionan-en-la-riviera-maya\/\",\"url\":\"https:\/\/nitu.mx\/index.php\/2025\/09\/11\/fairmont-mayakoba-dia-de-muertos-y-halloween-se-fusionan-en-la-riviera-maya\/\",\"name\":\"Fairmont Mayakoba: D\u00eda de Muertos y Halloween se fusionan en la Riviera Maya - Nitu - Noticias de la Industria Turistica\",\"isPartOf\":{\"@id\":\"https:\/\/nitu.mx\/#website\"},\"primaryImageOfPage\":{\"@id\":\"https:\/\/nitu.mx\/index.php\/2025\/09\/11\/fairmont-mayakoba-dia-de-muertos-y-halloween-se-fusionan-en-la-riviera-maya\/#primaryimage\"},\"image\":{\"@id\":\"https:\/\/nitu.mx\/index.php\/2025\/09\/11\/fairmont-mayakoba-dia-de-muertos-y-halloween-se-fusionan-en-la-riviera-maya\/#primaryimage\"},\"thumbnailUrl\":\"https:\/\/nitu.mx\/wp-content\/uploads\/2025\/09\/Fairmont-Mayakoba-Dia-de-Muertos-y-Halloween-2.jpg\",\"datePublished\":\"2025-09-12T03:30:00+00:00\",\"dateModified\":\"2025-09-12T02:49:00+00:00\",\"breadcrumb\":{\"@id\":\"https:\/\/nitu.mx\/index.php\/2025\/09\/11\/fairmont-mayakoba-dia-de-muertos-y-halloween-se-fusionan-en-la-riviera-maya\/#breadcrumb\"},\"inLanguage\":\"es-MX\",\"potentialAction\":[{\"@type\":\"ReadAction\",\"target\":[\"https:\/\/nitu.mx\/index.php\/2025\/09\/11\/fairmont-mayakoba-dia-de-muertos-y-halloween-se-fusionan-en-la-riviera-maya\/\"]}]},{\"@type\":\"ImageObject\",\"inLanguage\":\"es-MX\",\"@id\":\"https:\/\/nitu.mx\/index.php\/2025\/09\/11\/fairmont-mayakoba-dia-de-muertos-y-halloween-se-fusionan-en-la-riviera-maya\/#primaryimage\",\"url\":\"https:\/\/nitu.mx\/wp-content\/uploads\/2025\/09\/Fairmont-Mayakoba-Dia-de-Muertos-y-Halloween-2.jpg\",\"contentUrl\":\"https:\/\/nitu.mx\/wp-content\/uploads\/2025\/09\/Fairmont-Mayakoba-Dia-de-Muertos-y-Halloween-2.jpg\",\"width\":1013,\"height\":675,\"caption\":\"Fairmont Mayakoba D\u00eda de Muertos y Halloween 2\"},{\"@type\":\"BreadcrumbList\",\"@id\":\"https:\/\/nitu.mx\/index.php\/2025\/09\/11\/fairmont-mayakoba-dia-de-muertos-y-halloween-se-fusionan-en-la-riviera-maya\/#breadcrumb\",\"itemListElement\":[{\"@type\":\"ListItem\",\"position\":1,\"name\":\"Inicio\",\"item\":\"https:\/\/nitu.mx\/\"},{\"@type\":\"ListItem\",\"position\":2,\"name\":\"Fairmont Mayakoba: D\u00eda de Muertos y Halloween se fusionan en la Riviera Maya\"}]},{\"@type\":\"WebSite\",\"@id\":\"https:\/\/nitu.mx\/#website\",\"url\":\"https:\/\/nitu.mx\/\",\"name\":\"Nitu - Noticias de la Industria Turistica\",\"description\":\"Noticias de la Industria Turistica\",\"publisher\":{\"@id\":\"https:\/\/nitu.mx\/#\/schema\/person\/ae7a53426417292d3dd07b45a33e01bc\"},\"alternateName\":\"Noticias de la Industria Turistica\",\"potentialAction\":[{\"@type\":\"SearchAction\",\"target\":{\"@type\":\"EntryPoint\",\"urlTemplate\":\"https:\/\/nitu.mx\/?s={search_term_string}\"},\"query-input\":\"required name=search_term_string\"}],\"inLanguage\":\"es-MX\"},{\"@type\":[\"Person\",\"Organization\"],\"@id\":\"https:\/\/nitu.mx\/#\/schema\/person\/ae7a53426417292d3dd07b45a33e01bc\",\"name\":\"Arturo Medina\",\"image\":{\"@type\":\"ImageObject\",\"inLanguage\":\"es-MX\",\"@id\":\"https:\/\/nitu.mx\/#\/schema\/person\/image\/\",\"url\":\"https:\/\/nitu.mx\/wp-content\/uploads\/2024\/04\/4A315622-1904-4D5C-B022-878CDC840E04-90x90-1.jpeg\",\"contentUrl\":\"https:\/\/nitu.mx\/wp-content\/uploads\/2024\/04\/4A315622-1904-4D5C-B022-878CDC840E04-90x90-1.jpeg\",\"width\":90,\"height\":90,\"caption\":\"Arturo Medina\"},\"logo\":{\"@id\":\"https:\/\/nitu.mx\/#\/schema\/person\/image\/\"},\"description\":\"Director NITU.mx, Egresado de la Escuela de Periodismo Carlos Septi\u00e9n Garc\u00eda. Periodista y analista especializado en turismo desde hace 35 a\u00f1os, radicado en Canc\u00fan Q.Roo. arturo@nitu.mx\",\"sameAs\":[\"https:\/\/nitu.mx\",\"https:\/\/www.facebook.com\/NITUmx\/\",\"medinacancun\",\"https:\/\/twitter.com\/@Arturo_Medina_G\"]},{\"@type\":\"Person\",\"@id\":\"https:\/\/nitu.mx\/#\/schema\/person\/4a28fe9bd65924f7c90623773daf1b0b\",\"name\":\"Redacci\u00f3n\",\"image\":{\"@type\":\"ImageObject\",\"inLanguage\":\"es-MX\",\"@id\":\"https:\/\/nitu.mx\/#\/schema\/person\/image\/\",\"url\":\"https:\/\/secure.gravatar.com\/avatar\/5dd011c8ccfc5cd7e4c81e42252aab38?s=96&d=mm&r=g\",\"contentUrl\":\"https:\/\/secure.gravatar.com\/avatar\/5dd011c8ccfc5cd7e4c81e42252aab38?s=96&d=mm&r=g\",\"caption\":\"Redacci\u00f3n\"},\"url\":\"https:\/\/nitu.mx\/index.php\/author\/redaccion\/\"}]}<\/script>\n<!-- \/ Yoast SEO plugin. -->","yoast_head_json":{"title":"Fairmont Mayakoba: D\u00eda de Muertos y Halloween se fusionan en la Riviera Maya - Nitu - Noticias de la Industria Turistica","robots":{"index":"index","follow":"follow","max-snippet":"max-snippet:-1","max-image-preview":"max-image-preview:large","max-video-preview":"max-video-preview:-1"},"canonical":"https:\/\/nitu.mx\/index.php\/2025\/09\/11\/fairmont-mayakoba-dia-de-muertos-y-halloween-se-fusionan-en-la-riviera-maya\/","twitter_card":"summary_large_image","twitter_title":"Fairmont Mayakoba: D\u00eda de Muertos y Halloween se fusionan en la Riviera Maya - Nitu - Noticias de la Industria Turistica","twitter_description":"Del 31 de octubre al 2 de noviembre de 2025,\u00a0Fairmont Mayakoba\u00a0invita a vivir la fusi\u00f3n entre la magia de\u00a0Halloween\u00a0y la espiritualidad del\u00a0D\u00eda de Muertos, as\u00ed como disfrutar de los escenarios inigualables de la Riviera Maya. Dos mundos se encuentran en un mismo lugar: la fantas\u00eda y el misterio con sus disfraces, m\u00e1scaras y juegos, y [&hellip;]","twitter_image":"https:\/\/nitu.mx\/wp-content\/uploads\/2025\/09\/Fairmont-Mayakoba-Dia-de-Muertos-y-Halloween-2.jpg","twitter_creator":"@NITUmx","twitter_site":"@Arturo_Medina_G","twitter_misc":{"Escrito por":"Redacci\u00f3n","Tiempo de lectura":"4 minutos"},"schema":{"@context":"https:\/\/schema.org","@graph":[{"@type":"Article","@id":"https:\/\/nitu.mx\/index.php\/2025\/09\/11\/fairmont-mayakoba-dia-de-muertos-y-halloween-se-fusionan-en-la-riviera-maya\/#article","isPartOf":{"@id":"https:\/\/nitu.mx\/index.php\/2025\/09\/11\/fairmont-mayakoba-dia-de-muertos-y-halloween-se-fusionan-en-la-riviera-maya\/"},"author":{"name":"Redacci\u00f3n","@id":"https:\/\/nitu.mx\/#\/schema\/person\/4a28fe9bd65924f7c90623773daf1b0b"},"headline":"Fairmont Mayakoba: D\u00eda de Muertos y Halloween se fusionan en la Riviera Maya","datePublished":"2025-09-12T03:30:00+00:00","dateModified":"2025-09-12T02:49:00+00:00","mainEntityOfPage":{"@id":"https:\/\/nitu.mx\/index.php\/2025\/09\/11\/fairmont-mayakoba-dia-de-muertos-y-halloween-se-fusionan-en-la-riviera-maya\/"},"wordCount":899,"publisher":{"@id":"https:\/\/nitu.mx\/#\/schema\/person\/ae7a53426417292d3dd07b45a33e01bc"},"image":{"@id":"https:\/\/nitu.mx\/index.php\/2025\/09\/11\/fairmont-mayakoba-dia-de-muertos-y-halloween-se-fusionan-en-la-riviera-maya\/#primaryimage"},"thumbnailUrl":"https:\/\/nitu.mx\/wp-content\/uploads\/2025\/09\/Fairmont-Mayakoba-Dia-de-Muertos-y-Halloween-2.jpg","keywords":["D\u00eda de Muertos","Fairmont Mayakoba","Halloween"],"articleSection":["Hoteles"],"inLanguage":"es-MX"},{"@type":"WebPage","@id":"https:\/\/nitu.mx\/index.php\/2025\/09\/11\/fairmont-mayakoba-dia-de-muertos-y-halloween-se-fusionan-en-la-riviera-maya\/","url":"https:\/\/nitu.mx\/index.php\/2025\/09\/11\/fairmont-mayakoba-dia-de-muertos-y-halloween-se-fusionan-en-la-riviera-maya\/","name":"Fairmont Mayakoba: D\u00eda de Muertos y Halloween se fusionan en la Riviera Maya - Nitu - Noticias de la Industria Turistica","isPartOf":{"@id":"https:\/\/nitu.mx\/#website"},"primaryImageOfPage":{"@id":"https:\/\/nitu.mx\/index.php\/2025\/09\/11\/fairmont-mayakoba-dia-de-muertos-y-halloween-se-fusionan-en-la-riviera-maya\/#primaryimage"},"image":{"@id":"https:\/\/nitu.mx\/index.php\/2025\/09\/11\/fairmont-mayakoba-dia-de-muertos-y-halloween-se-fusionan-en-la-riviera-maya\/#primaryimage"},"thumbnailUrl":"https:\/\/nitu.mx\/wp-content\/uploads\/2025\/09\/Fairmont-Mayakoba-Dia-de-Muertos-y-Halloween-2.jpg","datePublished":"2025-09-12T03:30:00+00:00","dateModified":"2025-09-12T02:49:00+00:00","breadcrumb":{"@id":"https:\/\/nitu.mx\/index.php\/2025\/09\/11\/fairmont-mayakoba-dia-de-muertos-y-halloween-se-fusionan-en-la-riviera-maya\/#breadcrumb"},"inLanguage":"es-MX","potentialAction":[{"@type":"ReadAction","target":["https:\/\/nitu.mx\/index.php\/2025\/09\/11\/fairmont-mayakoba-dia-de-muertos-y-halloween-se-fusionan-en-la-riviera-maya\/"]}]},{"@type":"ImageObject","inLanguage":"es-MX","@id":"https:\/\/nitu.mx\/index.php\/2025\/09\/11\/fairmont-mayakoba-dia-de-muertos-y-halloween-se-fusionan-en-la-riviera-maya\/#primaryimage","url":"https:\/\/nitu.mx\/wp-content\/uploads\/2025\/09\/Fairmont-Mayakoba-Dia-de-Muertos-y-Halloween-2.jpg","contentUrl":"https:\/\/nitu.mx\/wp-content\/uploads\/2025\/09\/Fairmont-Mayakoba-Dia-de-Muertos-y-Halloween-2.jpg","width":1013,"height":675,"caption":"Fairmont Mayakoba D\u00eda de Muertos y Halloween 2"},{"@type":"BreadcrumbList","@id":"https:\/\/nitu.mx\/index.php\/2025\/09\/11\/fairmont-mayakoba-dia-de-muertos-y-halloween-se-fusionan-en-la-riviera-maya\/#breadcrumb","itemListElement":[{"@type":"ListItem","position":1,"name":"Inicio","item":"https:\/\/nitu.mx\/"},{"@type":"ListItem","position":2,"name":"Fairmont Mayakoba: D\u00eda de Muertos y Halloween se fusionan en la Riviera Maya"}]},{"@type":"WebSite","@id":"https:\/\/nitu.mx\/#website","url":"https:\/\/nitu.mx\/","name":"Nitu - Noticias de la Industria Turistica","description":"Noticias de la Industria Turistica","publisher":{"@id":"https:\/\/nitu.mx\/#\/schema\/person\/ae7a53426417292d3dd07b45a33e01bc"},"alternateName":"Noticias de la Industria Turistica","potentialAction":[{"@type":"SearchAction","target":{"@type":"EntryPoint","urlTemplate":"https:\/\/nitu.mx\/?s={search_term_string}"},"query-input":"required name=search_term_string"}],"inLanguage":"es-MX"},{"@type":["Person","Organization"],"@id":"https:\/\/nitu.mx\/#\/schema\/person\/ae7a53426417292d3dd07b45a33e01bc","name":"Arturo Medina","image":{"@type":"ImageObject","inLanguage":"es-MX","@id":"https:\/\/nitu.mx\/#\/schema\/person\/image\/","url":"https:\/\/nitu.mx\/wp-content\/uploads\/2024\/04\/4A315622-1904-4D5C-B022-878CDC840E04-90x90-1.jpeg","contentUrl":"https:\/\/nitu.mx\/wp-content\/uploads\/2024\/04\/4A315622-1904-4D5C-B022-878CDC840E04-90x90-1.jpeg","width":90,"height":90,"caption":"Arturo Medina"},"logo":{"@id":"https:\/\/nitu.mx\/#\/schema\/person\/image\/"},"description":"Director NITU.mx, Egresado de la Escuela de Periodismo Carlos Septi\u00e9n Garc\u00eda. Periodista y analista especializado en turismo desde hace 35 a\u00f1os, radicado en Canc\u00fan Q.Roo. arturo@nitu.mx","sameAs":["https:\/\/nitu.mx","https:\/\/www.facebook.com\/NITUmx\/","medinacancun","https:\/\/twitter.com\/@Arturo_Medina_G"]},{"@type":"Person","@id":"https:\/\/nitu.mx\/#\/schema\/person\/4a28fe9bd65924f7c90623773daf1b0b","name":"Redacci\u00f3n","image":{"@type":"ImageObject","inLanguage":"es-MX","@id":"https:\/\/nitu.mx\/#\/schema\/person\/image\/","url":"https:\/\/secure.gravatar.com\/avatar\/5dd011c8ccfc5cd7e4c81e42252aab38?s=96&d=mm&r=g","contentUrl":"https:\/\/secure.gravatar.com\/avatar\/5dd011c8ccfc5cd7e4c81e42252aab38?s=96&d=mm&r=g","caption":"Redacci\u00f3n"},"url":"https:\/\/nitu.mx\/index.php\/author\/redaccion\/"}]}},"views":823,"_links":{"self":[{"href":"https:\/\/nitu.mx\/index.php\/wp-json\/wp\/v2\/posts\/83456"}],"collection":[{"href":"https:\/\/nitu.mx\/index.php\/wp-json\/wp\/v2\/posts"}],"about":[{"href":"https:\/\/nitu.mx\/index.php\/wp-json\/wp\/v2\/types\/post"}],"author":[{"embeddable":true,"href":"https:\/\/nitu.mx\/index.php\/wp-json\/wp\/v2\/users\/17"}],"replies":[{"embeddable":true,"href":"https:\/\/nitu.mx\/index.php\/wp-json\/wp\/v2\/comments?post=83456"}],"version-history":[{"count":2,"href":"https:\/\/nitu.mx\/index.php\/wp-json\/wp\/v2\/posts\/83456\/revisions"}],"predecessor-version":[{"id":83464,"href":"https:\/\/nitu.mx\/index.php\/wp-json\/wp\/v2\/posts\/83456\/revisions\/83464"}],"wp:featuredmedia":[{"embeddable":true,"href":"https:\/\/nitu.mx\/index.php\/wp-json\/wp\/v2\/media\/83460"}],"wp:attachment":[{"href":"https:\/\/nitu.mx\/index.php\/wp-json\/wp\/v2\/media?parent=83456"}],"wp:term":[{"taxonomy":"category","embeddable":true,"href":"https:\/\/nitu.mx\/index.php\/wp-json\/wp\/v2\/categories?post=83456"},{"taxonomy":"post_tag","embeddable":true,"href":"https:\/\/nitu.mx\/index.php\/wp-json\/wp\/v2\/tags?post=83456"}],"curies":[{"name":"wp","href":"https:\/\/api.w.org\/{rel}","templated":true}]}}