{"id":83449,"date":"2025-09-11T20:33:21","date_gmt":"2025-09-12T02:33:21","guid":{"rendered":"https:\/\/nitu.mx\/?p=83449"},"modified":"2025-09-11T20:36:31","modified_gmt":"2025-09-12T02:36:31","slug":"costa-rica-impulsa-el-turismo-desde-mexico-con-agentes-de-viajes-y-tour-operadores","status":"publish","type":"post","link":"https:\/\/nitu.mx\/index.php\/2025\/09\/11\/costa-rica-impulsa-el-turismo-desde-mexico-con-agentes-de-viajes-y-tour-operadores\/","title":{"rendered":"Costa Rica impulsa el turismo desde M\u00e9xico con agentes de viajes y tour operadores"},"content":{"rendered":"\n<p>Con el prop\u00f3sito de incrementar la llegada de mexicanos a Costa Rica, autoridades y empresarios del pa\u00eds centroamericano realizaron por segunda ocasi\u00f3n una Misi\u00f3n Comercial por tres ciudades para acercarse a los agentes de viajes y operadores mayoristas a quienes present\u00f3 la amplia oferta tur\u00edstica y la infraestructura que tiene para sus visitantes. <\/p>\n\n\n\n<p>Encabezada por Ireth Rodr\u00edguez, Jefa del Departamento de Promoci\u00f3n y Desarrollo del Segmento Vacacional del Instituto Costarricense de Turismo (ICT), y con la presencia de Heylin James, directora del Departamento de Promoci\u00f3n y Desarrollo de Segmento Vacacional, la comitiva tambi\u00e9n estuvo integrada por hoteleros y representantes de aerol\u00edneas que conectan ambas naciones. <\/p>\n\n\n\n<p>En entrevista para <strong><em>NITU.mx<\/em><\/strong>, Heylin James coment\u00f3 que el a\u00f1o pasado se hizo una Misi\u00f3n Comercial y este a\u00f1o la repitieron. &#8220;La idea es precisamente crear un espacio de comunicaci\u00f3n, de conversaci\u00f3n, de acercamiento entre nuestros empresarios costarricenses y los turoperadores mayoristas aqu\u00ed en M\u00e9xico, para que conozcan un poco m\u00e1s de Costa Rica, de los productos que tenemos, de los servicios. Es precisamente esa idea de generar espacios uno a uno para poder comercializar mejor el destino&#8221;.<\/p>\n\n\n<div class=\"wp-block-image\">\n<figure class=\"alignright size-full is-resized\"><img decoding=\"async\" loading=\"lazy\" width=\"900\" height=\"675\" src=\"https:\/\/nitu.mx\/wp-content\/uploads\/2025\/09\/Costa-Rica-Heylin-James.jpg\" alt=\"\" class=\"wp-image-83458\" style=\"aspect-ratio:1.3333333333333333;width:387px;height:auto\" srcset=\"https:\/\/nitu.mx\/wp-content\/uploads\/2025\/09\/Costa-Rica-Heylin-James.jpg 900w, https:\/\/nitu.mx\/wp-content\/uploads\/2025\/09\/Costa-Rica-Heylin-James-300x225.jpg 300w, https:\/\/nitu.mx\/wp-content\/uploads\/2025\/09\/Costa-Rica-Heylin-James-768x576.jpg 768w, https:\/\/nitu.mx\/wp-content\/uploads\/2025\/09\/Costa-Rica-Heylin-James-74x55.jpg 74w, https:\/\/nitu.mx\/wp-content\/uploads\/2025\/09\/Costa-Rica-Heylin-James-111x83.jpg 111w, https:\/\/nitu.mx\/wp-content\/uploads\/2025\/09\/Costa-Rica-Heylin-James-215x161.jpg 215w\" sizes=\"(max-width: 900px) 100vw, 900px\" \/><figcaption class=\"wp-element-caption\">Heylin James<\/figcaption><\/figure><\/div>\n\n\n<p>La Misi\u00f3n Comercial de Costa Rica visit\u00f3 la Ciudad de M\u00e9xico, Monterrey y M\u00e9rida. La capital mexicana es fundamental porque la mayor cantidad de mayoristas tienen sus oficinas centrales en esta ciudad. <\/p>\n\n\n\n<p>En Monterrey estamos yendo por segunda oportunidad, porque tambi\u00e9n es uno de los mercados fuertes, donde hay una gran concentraci\u00f3n de nuestros mejores prospectos o nuestros clientes mejores prospectos. A Monterrey acudieron principalmente por la inauguraci\u00f3n del vuelo de Viva, que a partir de octubre conectar\u00e1 de manera directa a San Jos\u00e9.<\/p>\n\n\n\n<p>&#8220;Entonces es una ocasi\u00f3n espectacular para poder promocionar el destino y reforzar esa nueva operaci\u00f3n a\u00e9rea, que nos est\u00e1 generando m\u00e1s cantidad de asientos y m\u00e1s disponibilidad de asientos al destino. Y M\u00e9rida es un mercado secundario que queremos explorar. Hemos tenido muy buenas referencias de los clientes en M\u00e9rida, que hay una importante cantidad de viajeros que cumplen con el perfil con el que estamos trabajando&#8221;, explic\u00f3 James.<\/p>\n\n\n\n<p>De acuerdo con la ejecutiva, el pa\u00eds tiene productos interesantes y nuevos, por ello la idea es que las agencias y tour operadoras mayoristas puedan diversificar ese producto que tienen de Costa Rica. En ese sentido, constantemente hacen fam trips, capacitaciones, y diferentes actividades precisamente para reforzar ese posicionamiento.<\/p>\n\n\n\n<p>&#8220;Tambi\u00e9n hacemos publicidad, eventos de relaciones p\u00fablicas. Hace poco estuvimos con un evento que se llama Coffee Sessions, que es justamente promocionar e impulsar la gastronom\u00eda que tiene Costa Rica a nivel internacional. As\u00ed es que hemos estado haciendo diferentes cosas, diferentes, diferentes cosas y de diferentes tipos para poder promocionar mejor el destino&#8221;, se\u00f1al\u00f3.<\/p>\n\n\n\n<p>La conectividad a\u00e9rea favorece la llegada de mexicanos a Costa Rica, pues Aerom\u00e9xico, Volaris, Viva y Avianca llegan de forma directa. con dos horas y media en un vuelo directo desde Ciudad de M\u00e9xico. Aunado a ello no est\u00e1 la barrera del idioma, y el \u00fanico requisito de ingreso es pasaporte con seis meses de vigencia y boleto de regreso. (<a href=\"https:\/\/nitu.mx\/index.php\/2025\/07\/03\/viva-aterrizara-en-costa-rica-con-su-ruta-monterrey-san-jose\/\">Viva aterrizar\u00e1 en Costa Rica con su ruta Monterrey-San Jos\u00e9<\/a>).<\/p>\n\n\n\n<p>Adem\u00e1s, agreg\u00f3 que, para los que les gusta m\u00e1s la aventura, para los que les gusta m\u00e1s la naturaleza, el bienestar, los que buscan cosas de lujo, Costa Rica tiene esa variedad de productos para poder satisfacer las necesidades de diferentes tipos de turistas.<\/p>\n\n\n\n<p>Todo lo anterior se rige del eje transversal de la sostenibilidad, comenta Heylin James. &#8220;Todo lo que hacemos, todo el desarrollo tur\u00edstico que hacemos en Costa Rica est\u00e1 justamente guiado o alimentado por la sostenibilidad. Que es un tema muy importante para nosotros y nos ha generado beneficio no solo para los turistas, sino tambi\u00e9n para las comunidades&#8221;. (<a href=\"https:\/\/nitu.mx\/index.php\/2025\/05\/25\/tras-exito-en-costa-rica-el-sustainable-social-tourism-summit-regresa-a-mexico-en-2026\/\">Tras \u00e9xito en Costa Rica, el Sustainable &amp; Social Tourism Summit regresa a M\u00e9xico en 2026<\/a>).<\/p>\n","protected":false},"excerpt":{"rendered":"<p>Con el prop\u00f3sito de incrementar la llegada de mexicanos a Costa Rica, autoridades y empresarios del pa\u00eds centroamericano realizaron por segunda ocasi\u00f3n una Misi\u00f3n Comercial por tres ciudades para acercarse a los agentes de viajes y operadores mayoristas a quienes present\u00f3 la amplia oferta tur\u00edstica y la infraestructura que tiene para sus visitantes. Encabezada por [&hellip;]<\/p>\n","protected":false},"author":18,"featured_media":83455,"comment_status":"closed","ping_status":"closed","sticky":false,"template":"","format":"standard","meta":{"footnotes":""},"categories":[3,374],"tags":[5826,1421,27678,27448,27679],"yoast_head":"<!-- This site is optimized with the Yoast SEO plugin v22.2 - https:\/\/yoast.com\/wordpress\/plugins\/seo\/ -->\n<title>Costa Rica impulsa el turismo desde M\u00e9xico con agentes de viajes y tour operadores - Nitu - Noticias de la Industria Turistica<\/title>\n<meta name=\"robots\" content=\"index, follow, max-snippet:-1, max-image-preview:large, max-video-preview:-1\" \/>\n<link rel=\"canonical\" href=\"https:\/\/nitu.mx\/index.php\/2025\/09\/11\/costa-rica-impulsa-el-turismo-desde-mexico-con-agentes-de-viajes-y-tour-operadores\/\" \/>\n<meta name=\"twitter:card\" content=\"summary_large_image\" \/>\n<meta name=\"twitter:title\" content=\"Costa Rica impulsa el turismo desde M\u00e9xico con agentes de viajes y tour operadores - Nitu - Noticias de la Industria Turistica\" \/>\n<meta name=\"twitter:description\" content=\"Con el prop\u00f3sito de incrementar la llegada de mexicanos a Costa Rica, autoridades y empresarios del pa\u00eds centroamericano realizaron por segunda ocasi\u00f3n una Misi\u00f3n Comercial por tres ciudades para acercarse a los agentes de viajes y operadores mayoristas a quienes present\u00f3 la amplia oferta tur\u00edstica y la infraestructura que tiene para sus visitantes. Encabezada por [&hellip;]\" \/>\n<meta name=\"twitter:image\" content=\"https:\/\/nitu.mx\/wp-content\/uploads\/2025\/09\/Costa-Rica-Mision-Comercial-Mexico-2025.jpg\" \/>\n<meta name=\"twitter:creator\" content=\"@NITUmx\" \/>\n<meta name=\"twitter:site\" content=\"@Arturo_Medina_G\" \/>\n<meta name=\"twitter:label1\" content=\"Escrito por\" \/>\n\t<meta name=\"twitter:data1\" content=\"Guadalupe Sixto\" \/>\n\t<meta name=\"twitter:label2\" content=\"Tiempo de lectura\" \/>\n\t<meta name=\"twitter:data2\" content=\"3 minutos\" \/>\n<script type=\"application\/ld+json\" class=\"yoast-schema-graph\">{\"@context\":\"https:\/\/schema.org\",\"@graph\":[{\"@type\":\"Article\",\"@id\":\"https:\/\/nitu.mx\/index.php\/2025\/09\/11\/costa-rica-impulsa-el-turismo-desde-mexico-con-agentes-de-viajes-y-tour-operadores\/#article\",\"isPartOf\":{\"@id\":\"https:\/\/nitu.mx\/index.php\/2025\/09\/11\/costa-rica-impulsa-el-turismo-desde-mexico-con-agentes-de-viajes-y-tour-operadores\/\"},\"author\":{\"name\":\"Guadalupe Sixto\",\"@id\":\"https:\/\/nitu.mx\/#\/schema\/person\/3df3082b5e46037e3f13614d28ee0b77\"},\"headline\":\"Costa Rica impulsa el turismo desde M\u00e9xico con agentes de viajes y tour operadores\",\"datePublished\":\"2025-09-12T02:33:21+00:00\",\"dateModified\":\"2025-09-12T02:36:31+00:00\",\"mainEntityOfPage\":{\"@id\":\"https:\/\/nitu.mx\/index.php\/2025\/09\/11\/costa-rica-impulsa-el-turismo-desde-mexico-con-agentes-de-viajes-y-tour-operadores\/\"},\"wordCount\":689,\"publisher\":{\"@id\":\"https:\/\/nitu.mx\/#\/schema\/person\/ae7a53426417292d3dd07b45a33e01bc\"},\"image\":{\"@id\":\"https:\/\/nitu.mx\/index.php\/2025\/09\/11\/costa-rica-impulsa-el-turismo-desde-mexico-con-agentes-de-viajes-y-tour-operadores\/#primaryimage\"},\"thumbnailUrl\":\"https:\/\/nitu.mx\/wp-content\/uploads\/2025\/09\/Costa-Rica-Mision-Comercial-Mexico-2025.jpg\",\"keywords\":[\"agentes de viajes\",\"Costa Rica\",\"Heylin James\",\"ICT\",\"Ireth Rodr\u00edguez\"],\"articleSection\":[\"Agencias de Viajes\",\"Internacional\"],\"inLanguage\":\"es-MX\"},{\"@type\":\"WebPage\",\"@id\":\"https:\/\/nitu.mx\/index.php\/2025\/09\/11\/costa-rica-impulsa-el-turismo-desde-mexico-con-agentes-de-viajes-y-tour-operadores\/\",\"url\":\"https:\/\/nitu.mx\/index.php\/2025\/09\/11\/costa-rica-impulsa-el-turismo-desde-mexico-con-agentes-de-viajes-y-tour-operadores\/\",\"name\":\"Costa Rica impulsa el turismo desde M\u00e9xico con agentes de viajes y tour operadores - Nitu - Noticias de la Industria Turistica\",\"isPartOf\":{\"@id\":\"https:\/\/nitu.mx\/#website\"},\"primaryImageOfPage\":{\"@id\":\"https:\/\/nitu.mx\/index.php\/2025\/09\/11\/costa-rica-impulsa-el-turismo-desde-mexico-con-agentes-de-viajes-y-tour-operadores\/#primaryimage\"},\"image\":{\"@id\":\"https:\/\/nitu.mx\/index.php\/2025\/09\/11\/costa-rica-impulsa-el-turismo-desde-mexico-con-agentes-de-viajes-y-tour-operadores\/#primaryimage\"},\"thumbnailUrl\":\"https:\/\/nitu.mx\/wp-content\/uploads\/2025\/09\/Costa-Rica-Mision-Comercial-Mexico-2025.jpg\",\"datePublished\":\"2025-09-12T02:33:21+00:00\",\"dateModified\":\"2025-09-12T02:36:31+00:00\",\"breadcrumb\":{\"@id\":\"https:\/\/nitu.mx\/index.php\/2025\/09\/11\/costa-rica-impulsa-el-turismo-desde-mexico-con-agentes-de-viajes-y-tour-operadores\/#breadcrumb\"},\"inLanguage\":\"es-MX\",\"potentialAction\":[{\"@type\":\"ReadAction\",\"target\":[\"https:\/\/nitu.mx\/index.php\/2025\/09\/11\/costa-rica-impulsa-el-turismo-desde-mexico-con-agentes-de-viajes-y-tour-operadores\/\"]}]},{\"@type\":\"ImageObject\",\"inLanguage\":\"es-MX\",\"@id\":\"https:\/\/nitu.mx\/index.php\/2025\/09\/11\/costa-rica-impulsa-el-turismo-desde-mexico-con-agentes-de-viajes-y-tour-operadores\/#primaryimage\",\"url\":\"https:\/\/nitu.mx\/wp-content\/uploads\/2025\/09\/Costa-Rica-Mision-Comercial-Mexico-2025.jpg\",\"contentUrl\":\"https:\/\/nitu.mx\/wp-content\/uploads\/2025\/09\/Costa-Rica-Mision-Comercial-Mexico-2025.jpg\",\"width\":1080,\"height\":675,\"caption\":\"Costa Rica Misi\u00f3n Comercial M\u00e9xico 2025\"},{\"@type\":\"BreadcrumbList\",\"@id\":\"https:\/\/nitu.mx\/index.php\/2025\/09\/11\/costa-rica-impulsa-el-turismo-desde-mexico-con-agentes-de-viajes-y-tour-operadores\/#breadcrumb\",\"itemListElement\":[{\"@type\":\"ListItem\",\"position\":1,\"name\":\"Inicio\",\"item\":\"https:\/\/nitu.mx\/\"},{\"@type\":\"ListItem\",\"position\":2,\"name\":\"Costa Rica impulsa el turismo desde M\u00e9xico con agentes de viajes y tour operadores\"}]},{\"@type\":\"WebSite\",\"@id\":\"https:\/\/nitu.mx\/#website\",\"url\":\"https:\/\/nitu.mx\/\",\"name\":\"Nitu - Noticias de la Industria Turistica\",\"description\":\"Noticias de la Industria Turistica\",\"publisher\":{\"@id\":\"https:\/\/nitu.mx\/#\/schema\/person\/ae7a53426417292d3dd07b45a33e01bc\"},\"alternateName\":\"Noticias de la Industria Turistica\",\"potentialAction\":[{\"@type\":\"SearchAction\",\"target\":{\"@type\":\"EntryPoint\",\"urlTemplate\":\"https:\/\/nitu.mx\/?s={search_term_string}\"},\"query-input\":\"required name=search_term_string\"}],\"inLanguage\":\"es-MX\"},{\"@type\":[\"Person\",\"Organization\"],\"@id\":\"https:\/\/nitu.mx\/#\/schema\/person\/ae7a53426417292d3dd07b45a33e01bc\",\"name\":\"Arturo Medina\",\"image\":{\"@type\":\"ImageObject\",\"inLanguage\":\"es-MX\",\"@id\":\"https:\/\/nitu.mx\/#\/schema\/person\/image\/\",\"url\":\"https:\/\/nitu.mx\/wp-content\/uploads\/2024\/04\/4A315622-1904-4D5C-B022-878CDC840E04-90x90-1.jpeg\",\"contentUrl\":\"https:\/\/nitu.mx\/wp-content\/uploads\/2024\/04\/4A315622-1904-4D5C-B022-878CDC840E04-90x90-1.jpeg\",\"width\":90,\"height\":90,\"caption\":\"Arturo Medina\"},\"logo\":{\"@id\":\"https:\/\/nitu.mx\/#\/schema\/person\/image\/\"},\"description\":\"Director NITU.mx, Egresado de la Escuela de Periodismo Carlos Septi\u00e9n Garc\u00eda. Periodista y analista especializado en turismo desde hace 35 a\u00f1os, radicado en Canc\u00fan Q.Roo. arturo@nitu.mx\",\"sameAs\":[\"https:\/\/nitu.mx\",\"https:\/\/www.facebook.com\/NITUmx\/\",\"medinacancun\",\"https:\/\/twitter.com\/@Arturo_Medina_G\"]},{\"@type\":\"Person\",\"@id\":\"https:\/\/nitu.mx\/#\/schema\/person\/3df3082b5e46037e3f13614d28ee0b77\",\"name\":\"Guadalupe Sixto\",\"image\":{\"@type\":\"ImageObject\",\"inLanguage\":\"es-MX\",\"@id\":\"https:\/\/nitu.mx\/#\/schema\/person\/image\/\",\"url\":\"https:\/\/secure.gravatar.com\/avatar\/13914e1b0e1919e91f9539de4dc584c4?s=96&d=mm&r=g\",\"contentUrl\":\"https:\/\/secure.gravatar.com\/avatar\/13914e1b0e1919e91f9539de4dc584c4?s=96&d=mm&r=g\",\"caption\":\"Guadalupe Sixto\"},\"url\":\"https:\/\/nitu.mx\/index.php\/author\/gsixto\/\"}]}<\/script>\n<!-- \/ Yoast SEO plugin. -->","yoast_head_json":{"title":"Costa Rica impulsa el turismo desde M\u00e9xico con agentes de viajes y tour operadores - Nitu - Noticias de la Industria Turistica","robots":{"index":"index","follow":"follow","max-snippet":"max-snippet:-1","max-image-preview":"max-image-preview:large","max-video-preview":"max-video-preview:-1"},"canonical":"https:\/\/nitu.mx\/index.php\/2025\/09\/11\/costa-rica-impulsa-el-turismo-desde-mexico-con-agentes-de-viajes-y-tour-operadores\/","twitter_card":"summary_large_image","twitter_title":"Costa Rica impulsa el turismo desde M\u00e9xico con agentes de viajes y tour operadores - Nitu - Noticias de la Industria Turistica","twitter_description":"Con el prop\u00f3sito de incrementar la llegada de mexicanos a Costa Rica, autoridades y empresarios del pa\u00eds centroamericano realizaron por segunda ocasi\u00f3n una Misi\u00f3n Comercial por tres ciudades para acercarse a los agentes de viajes y operadores mayoristas a quienes present\u00f3 la amplia oferta tur\u00edstica y la infraestructura que tiene para sus visitantes. Encabezada por [&hellip;]","twitter_image":"https:\/\/nitu.mx\/wp-content\/uploads\/2025\/09\/Costa-Rica-Mision-Comercial-Mexico-2025.jpg","twitter_creator":"@NITUmx","twitter_site":"@Arturo_Medina_G","twitter_misc":{"Escrito por":"Guadalupe Sixto","Tiempo de lectura":"3 minutos"},"schema":{"@context":"https:\/\/schema.org","@graph":[{"@type":"Article","@id":"https:\/\/nitu.mx\/index.php\/2025\/09\/11\/costa-rica-impulsa-el-turismo-desde-mexico-con-agentes-de-viajes-y-tour-operadores\/#article","isPartOf":{"@id":"https:\/\/nitu.mx\/index.php\/2025\/09\/11\/costa-rica-impulsa-el-turismo-desde-mexico-con-agentes-de-viajes-y-tour-operadores\/"},"author":{"name":"Guadalupe Sixto","@id":"https:\/\/nitu.mx\/#\/schema\/person\/3df3082b5e46037e3f13614d28ee0b77"},"headline":"Costa Rica impulsa el turismo desde M\u00e9xico con agentes de viajes y tour operadores","datePublished":"2025-09-12T02:33:21+00:00","dateModified":"2025-09-12T02:36:31+00:00","mainEntityOfPage":{"@id":"https:\/\/nitu.mx\/index.php\/2025\/09\/11\/costa-rica-impulsa-el-turismo-desde-mexico-con-agentes-de-viajes-y-tour-operadores\/"},"wordCount":689,"publisher":{"@id":"https:\/\/nitu.mx\/#\/schema\/person\/ae7a53426417292d3dd07b45a33e01bc"},"image":{"@id":"https:\/\/nitu.mx\/index.php\/2025\/09\/11\/costa-rica-impulsa-el-turismo-desde-mexico-con-agentes-de-viajes-y-tour-operadores\/#primaryimage"},"thumbnailUrl":"https:\/\/nitu.mx\/wp-content\/uploads\/2025\/09\/Costa-Rica-Mision-Comercial-Mexico-2025.jpg","keywords":["agentes de viajes","Costa Rica","Heylin James","ICT","Ireth Rodr\u00edguez"],"articleSection":["Agencias de Viajes","Internacional"],"inLanguage":"es-MX"},{"@type":"WebPage","@id":"https:\/\/nitu.mx\/index.php\/2025\/09\/11\/costa-rica-impulsa-el-turismo-desde-mexico-con-agentes-de-viajes-y-tour-operadores\/","url":"https:\/\/nitu.mx\/index.php\/2025\/09\/11\/costa-rica-impulsa-el-turismo-desde-mexico-con-agentes-de-viajes-y-tour-operadores\/","name":"Costa Rica impulsa el turismo desde M\u00e9xico con agentes de viajes y tour operadores - Nitu - Noticias de la Industria Turistica","isPartOf":{"@id":"https:\/\/nitu.mx\/#website"},"primaryImageOfPage":{"@id":"https:\/\/nitu.mx\/index.php\/2025\/09\/11\/costa-rica-impulsa-el-turismo-desde-mexico-con-agentes-de-viajes-y-tour-operadores\/#primaryimage"},"image":{"@id":"https:\/\/nitu.mx\/index.php\/2025\/09\/11\/costa-rica-impulsa-el-turismo-desde-mexico-con-agentes-de-viajes-y-tour-operadores\/#primaryimage"},"thumbnailUrl":"https:\/\/nitu.mx\/wp-content\/uploads\/2025\/09\/Costa-Rica-Mision-Comercial-Mexico-2025.jpg","datePublished":"2025-09-12T02:33:21+00:00","dateModified":"2025-09-12T02:36:31+00:00","breadcrumb":{"@id":"https:\/\/nitu.mx\/index.php\/2025\/09\/11\/costa-rica-impulsa-el-turismo-desde-mexico-con-agentes-de-viajes-y-tour-operadores\/#breadcrumb"},"inLanguage":"es-MX","potentialAction":[{"@type":"ReadAction","target":["https:\/\/nitu.mx\/index.php\/2025\/09\/11\/costa-rica-impulsa-el-turismo-desde-mexico-con-agentes-de-viajes-y-tour-operadores\/"]}]},{"@type":"ImageObject","inLanguage":"es-MX","@id":"https:\/\/nitu.mx\/index.php\/2025\/09\/11\/costa-rica-impulsa-el-turismo-desde-mexico-con-agentes-de-viajes-y-tour-operadores\/#primaryimage","url":"https:\/\/nitu.mx\/wp-content\/uploads\/2025\/09\/Costa-Rica-Mision-Comercial-Mexico-2025.jpg","contentUrl":"https:\/\/nitu.mx\/wp-content\/uploads\/2025\/09\/Costa-Rica-Mision-Comercial-Mexico-2025.jpg","width":1080,"height":675,"caption":"Costa Rica Misi\u00f3n Comercial M\u00e9xico 2025"},{"@type":"BreadcrumbList","@id":"https:\/\/nitu.mx\/index.php\/2025\/09\/11\/costa-rica-impulsa-el-turismo-desde-mexico-con-agentes-de-viajes-y-tour-operadores\/#breadcrumb","itemListElement":[{"@type":"ListItem","position":1,"name":"Inicio","item":"https:\/\/nitu.mx\/"},{"@type":"ListItem","position":2,"name":"Costa Rica impulsa el turismo desde M\u00e9xico con agentes de viajes y tour operadores"}]},{"@type":"WebSite","@id":"https:\/\/nitu.mx\/#website","url":"https:\/\/nitu.mx\/","name":"Nitu - Noticias de la Industria Turistica","description":"Noticias de la Industria Turistica","publisher":{"@id":"https:\/\/nitu.mx\/#\/schema\/person\/ae7a53426417292d3dd07b45a33e01bc"},"alternateName":"Noticias de la Industria Turistica","potentialAction":[{"@type":"SearchAction","target":{"@type":"EntryPoint","urlTemplate":"https:\/\/nitu.mx\/?s={search_term_string}"},"query-input":"required name=search_term_string"}],"inLanguage":"es-MX"},{"@type":["Person","Organization"],"@id":"https:\/\/nitu.mx\/#\/schema\/person\/ae7a53426417292d3dd07b45a33e01bc","name":"Arturo Medina","image":{"@type":"ImageObject","inLanguage":"es-MX","@id":"https:\/\/nitu.mx\/#\/schema\/person\/image\/","url":"https:\/\/nitu.mx\/wp-content\/uploads\/2024\/04\/4A315622-1904-4D5C-B022-878CDC840E04-90x90-1.jpeg","contentUrl":"https:\/\/nitu.mx\/wp-content\/uploads\/2024\/04\/4A315622-1904-4D5C-B022-878CDC840E04-90x90-1.jpeg","width":90,"height":90,"caption":"Arturo Medina"},"logo":{"@id":"https:\/\/nitu.mx\/#\/schema\/person\/image\/"},"description":"Director NITU.mx, Egresado de la Escuela de Periodismo Carlos Septi\u00e9n Garc\u00eda. Periodista y analista especializado en turismo desde hace 35 a\u00f1os, radicado en Canc\u00fan Q.Roo. arturo@nitu.mx","sameAs":["https:\/\/nitu.mx","https:\/\/www.facebook.com\/NITUmx\/","medinacancun","https:\/\/twitter.com\/@Arturo_Medina_G"]},{"@type":"Person","@id":"https:\/\/nitu.mx\/#\/schema\/person\/3df3082b5e46037e3f13614d28ee0b77","name":"Guadalupe Sixto","image":{"@type":"ImageObject","inLanguage":"es-MX","@id":"https:\/\/nitu.mx\/#\/schema\/person\/image\/","url":"https:\/\/secure.gravatar.com\/avatar\/13914e1b0e1919e91f9539de4dc584c4?s=96&d=mm&r=g","contentUrl":"https:\/\/secure.gravatar.com\/avatar\/13914e1b0e1919e91f9539de4dc584c4?s=96&d=mm&r=g","caption":"Guadalupe Sixto"},"url":"https:\/\/nitu.mx\/index.php\/author\/gsixto\/"}]}},"views":2533,"_links":{"self":[{"href":"https:\/\/nitu.mx\/index.php\/wp-json\/wp\/v2\/posts\/83449"}],"collection":[{"href":"https:\/\/nitu.mx\/index.php\/wp-json\/wp\/v2\/posts"}],"about":[{"href":"https:\/\/nitu.mx\/index.php\/wp-json\/wp\/v2\/types\/post"}],"author":[{"embeddable":true,"href":"https:\/\/nitu.mx\/index.php\/wp-json\/wp\/v2\/users\/18"}],"replies":[{"embeddable":true,"href":"https:\/\/nitu.mx\/index.php\/wp-json\/wp\/v2\/comments?post=83449"}],"version-history":[{"count":5,"href":"https:\/\/nitu.mx\/index.php\/wp-json\/wp\/v2\/posts\/83449\/revisions"}],"predecessor-version":[{"id":83459,"href":"https:\/\/nitu.mx\/index.php\/wp-json\/wp\/v2\/posts\/83449\/revisions\/83459"}],"wp:featuredmedia":[{"embeddable":true,"href":"https:\/\/nitu.mx\/index.php\/wp-json\/wp\/v2\/media\/83455"}],"wp:attachment":[{"href":"https:\/\/nitu.mx\/index.php\/wp-json\/wp\/v2\/media?parent=83449"}],"wp:term":[{"taxonomy":"category","embeddable":true,"href":"https:\/\/nitu.mx\/index.php\/wp-json\/wp\/v2\/categories?post=83449"},{"taxonomy":"post_tag","embeddable":true,"href":"https:\/\/nitu.mx\/index.php\/wp-json\/wp\/v2\/tags?post=83449"}],"curies":[{"name":"wp","href":"https:\/\/api.w.org\/{rel}","templated":true}]}}