{"id":83409,"date":"2025-09-10T22:38:06","date_gmt":"2025-09-11T04:38:06","guid":{"rendered":"https:\/\/nitu.mx\/?p=83409"},"modified":"2025-09-10T22:38:06","modified_gmt":"2025-09-11T04:38:06","slug":"primera-fase-de-energia-solar-llega-a-los-hoteles-de-grupo-lomas-en-la-riviera-maya","status":"publish","type":"post","link":"https:\/\/nitu.mx\/index.php\/2025\/09\/10\/primera-fase-de-energia-solar-llega-a-los-hoteles-de-grupo-lomas-en-la-riviera-maya\/","title":{"rendered":"Primera fase de energ\u00eda solar llega a los hoteles de Grupo Lomas en la Riviera Maya"},"content":{"rendered":"<p>Grupo Lomas present\u00f3 un proyecto energ\u00e9tico en alianza con Kiin Energy y Energ\u00eda Real para incorporar 2,479 paneles solares en sus hoteles y oficinas corporativas, con una inversi\u00f3n estimada en 230 millones de pesos.<\/p>\n<p>La iniciativa busca reducir parte del consumo el\u00e9ctrico de 1,900 habitaciones y de sus instalaciones en Canc\u00fan, avanzando en la transici\u00f3n hacia fuentes renovables en la hoteler\u00eda del Caribe Mexicano. Sin embargo, especialistas en el tema energ\u00e9tico precisan que las bater\u00edas instaladas en este tipo de proyectos cumplen \u00fanicamente dos funciones: estabilizar el sistema y almacenar energ\u00eda por cortos periodos. Es decir, no est\u00e1n dise\u00f1adas para sustituir a la red en caso de apagones, que en la zona ocurren varias veces al a\u00f1o.<\/p>\n<p>Directivos del corporativo se\u00f1alaron que este proyecto refuerza su estrategia de sostenibilidad y se ejecuta bajo un esquema de fideicomiso que permite a la empresa conservar los equipos al t\u00e9rmino de un contrato de 15 a\u00f1os. Energ\u00eda Real aport\u00f3 la inversi\u00f3n y seguridad jur\u00eddica, mientras que Kiin Energy particip\u00f3 con la ingenier\u00eda t\u00e9cnica.<\/p>\n<p>El proyecto se enmarca en la tendencia de grupos hoteleros que buscan disminuir su dependencia de la red el\u00e9ctrica nacional, aunque el suministro sigue dependiendo en gran medida de la infraestructura actual, ya que la energ\u00eda solar solo cubre una parte de la demanda total de los complejos tur\u00edsticos. (<a href=\"https:\/\/nitu.mx\/index.php\/2025\/08\/18\/innovador-credito-verde-para-grupo-lomas-impulsa-el-turismo-sostenible-en-el-caribe-mexicano\/\">Innovador Cr\u00e9dito Verde para Grupo Lomas impulsa el turismo sostenible en el Caribe Mexicano<\/a>).<\/p>\n<p>DATOS DEL PROYECTO<\/p>\n<p>2,479 paneles solares instalados.<\/p>\n<p>45 bater\u00edas BESS de almacenamiento.<\/p>\n<p>Generaci\u00f3n de 190,143 kilovatios hora de energ\u00eda limpia al mes.<\/p>\n<p>Reducci\u00f3n de m\u00e1s de 1,000 toneladas de CO\u2082 al a\u00f1o.<\/p>\n<p>Equivalente a evitar el consumo de 2,347 barriles de petr\u00f3leo o 437,265 litros de gasolina.<\/p>\n","protected":false},"excerpt":{"rendered":"<p>Grupo Lomas present\u00f3 un proyecto energ\u00e9tico en alianza con Kiin Energy y Energ\u00eda Real para incorporar 2,479 paneles solares en sus hoteles y oficinas corporativas, con una inversi\u00f3n estimada en 230 millones de pesos. La iniciativa busca reducir parte del consumo el\u00e9ctrico de 1,900 habitaciones y de sus instalaciones en Canc\u00fan, avanzando en la transici\u00f3n [&hellip;]<\/p>\n","protected":false},"author":3,"featured_media":83410,"comment_status":"closed","ping_status":"closed","sticky":false,"template":"","format":"standard","meta":{"footnotes":""},"categories":[2,23427],"tags":[27674,2096,6255,27671,80],"yoast_head":"<!-- This site is optimized with the Yoast SEO plugin v22.2 - https:\/\/yoast.com\/wordpress\/plugins\/seo\/ -->\n<title>Primera fase de energ\u00eda solar llega a los hoteles de Grupo Lomas en la Riviera Maya - Nitu - Noticias de la Industria Turistica<\/title>\n<meta name=\"robots\" content=\"index, follow, max-snippet:-1, max-image-preview:large, max-video-preview:-1\" \/>\n<link rel=\"canonical\" href=\"https:\/\/nitu.mx\/index.php\/2025\/09\/10\/primera-fase-de-energia-solar-llega-a-los-hoteles-de-grupo-lomas-en-la-riviera-maya\/\" \/>\n<meta name=\"twitter:card\" content=\"summary_large_image\" \/>\n<meta name=\"twitter:title\" content=\"Primera fase de energ\u00eda solar llega a los hoteles de Grupo Lomas en la Riviera Maya - Nitu - Noticias de la Industria Turistica\" \/>\n<meta name=\"twitter:description\" content=\"Grupo Lomas present\u00f3 un proyecto energ\u00e9tico en alianza con Kiin Energy y Energ\u00eda Real para incorporar 2,479 paneles solares en sus hoteles y oficinas corporativas, con una inversi\u00f3n estimada en 230 millones de pesos. La iniciativa busca reducir parte del consumo el\u00e9ctrico de 1,900 habitaciones y de sus instalaciones en Canc\u00fan, avanzando en la transici\u00f3n [&hellip;]\" \/>\n<meta name=\"twitter:image\" content=\"https:\/\/nitu.mx\/wp-content\/uploads\/2025\/09\/LOMASPANELESOLARES.jpg\" \/>\n<meta name=\"twitter:creator\" content=\"@NITUmx\" \/>\n<meta name=\"twitter:site\" content=\"@Arturo_Medina_G\" \/>\n<meta name=\"twitter:label1\" content=\"Escrito por\" \/>\n\t<meta name=\"twitter:data1\" content=\"Alejandra Moncisbays\" \/>\n\t<meta name=\"twitter:label2\" content=\"Tiempo de lectura\" \/>\n\t<meta name=\"twitter:data2\" content=\"2 minutos\" \/>\n<script type=\"application\/ld+json\" class=\"yoast-schema-graph\">{\"@context\":\"https:\/\/schema.org\",\"@graph\":[{\"@type\":\"Article\",\"@id\":\"https:\/\/nitu.mx\/index.php\/2025\/09\/10\/primera-fase-de-energia-solar-llega-a-los-hoteles-de-grupo-lomas-en-la-riviera-maya\/#article\",\"isPartOf\":{\"@id\":\"https:\/\/nitu.mx\/index.php\/2025\/09\/10\/primera-fase-de-energia-solar-llega-a-los-hoteles-de-grupo-lomas-en-la-riviera-maya\/\"},\"author\":{\"name\":\"Alejandra Moncisbays\",\"@id\":\"https:\/\/nitu.mx\/#\/schema\/person\/2ecd887b19dfd3382d1f14fc5acf24a8\"},\"headline\":\"Primera fase de energ\u00eda solar llega a los hoteles de Grupo Lomas en la Riviera Maya\",\"datePublished\":\"2025-09-11T04:38:06+00:00\",\"dateModified\":\"2025-09-11T04:38:06+00:00\",\"mainEntityOfPage\":{\"@id\":\"https:\/\/nitu.mx\/index.php\/2025\/09\/10\/primera-fase-de-energia-solar-llega-a-los-hoteles-de-grupo-lomas-en-la-riviera-maya\/\"},\"wordCount\":319,\"publisher\":{\"@id\":\"https:\/\/nitu.mx\/#\/schema\/person\/ae7a53426417292d3dd07b45a33e01bc\"},\"image\":{\"@id\":\"https:\/\/nitu.mx\/index.php\/2025\/09\/10\/primera-fase-de-energia-solar-llega-a-los-hoteles-de-grupo-lomas-en-la-riviera-maya\/#primaryimage\"},\"thumbnailUrl\":\"https:\/\/nitu.mx\/wp-content\/uploads\/2025\/09\/LOMASPANELESOLARES.jpg\",\"keywords\":[\"Energ\u00eda Real\",\"Grupo Lomas\",\"inversi\u00f3n\",\"Kiin Energy\",\"Riviera Maya\"],\"articleSection\":[\"Hoteles\",\"Medio Ambiente\"],\"inLanguage\":\"es-MX\"},{\"@type\":\"WebPage\",\"@id\":\"https:\/\/nitu.mx\/index.php\/2025\/09\/10\/primera-fase-de-energia-solar-llega-a-los-hoteles-de-grupo-lomas-en-la-riviera-maya\/\",\"url\":\"https:\/\/nitu.mx\/index.php\/2025\/09\/10\/primera-fase-de-energia-solar-llega-a-los-hoteles-de-grupo-lomas-en-la-riviera-maya\/\",\"name\":\"Primera fase de energ\u00eda solar llega a los hoteles de Grupo Lomas en la Riviera Maya - Nitu - Noticias de la Industria Turistica\",\"isPartOf\":{\"@id\":\"https:\/\/nitu.mx\/#website\"},\"primaryImageOfPage\":{\"@id\":\"https:\/\/nitu.mx\/index.php\/2025\/09\/10\/primera-fase-de-energia-solar-llega-a-los-hoteles-de-grupo-lomas-en-la-riviera-maya\/#primaryimage\"},\"image\":{\"@id\":\"https:\/\/nitu.mx\/index.php\/2025\/09\/10\/primera-fase-de-energia-solar-llega-a-los-hoteles-de-grupo-lomas-en-la-riviera-maya\/#primaryimage\"},\"thumbnailUrl\":\"https:\/\/nitu.mx\/wp-content\/uploads\/2025\/09\/LOMASPANELESOLARES.jpg\",\"datePublished\":\"2025-09-11T04:38:06+00:00\",\"dateModified\":\"2025-09-11T04:38:06+00:00\",\"breadcrumb\":{\"@id\":\"https:\/\/nitu.mx\/index.php\/2025\/09\/10\/primera-fase-de-energia-solar-llega-a-los-hoteles-de-grupo-lomas-en-la-riviera-maya\/#breadcrumb\"},\"inLanguage\":\"es-MX\",\"potentialAction\":[{\"@type\":\"ReadAction\",\"target\":[\"https:\/\/nitu.mx\/index.php\/2025\/09\/10\/primera-fase-de-energia-solar-llega-a-los-hoteles-de-grupo-lomas-en-la-riviera-maya\/\"]}]},{\"@type\":\"ImageObject\",\"inLanguage\":\"es-MX\",\"@id\":\"https:\/\/nitu.mx\/index.php\/2025\/09\/10\/primera-fase-de-energia-solar-llega-a-los-hoteles-de-grupo-lomas-en-la-riviera-maya\/#primaryimage\",\"url\":\"https:\/\/nitu.mx\/wp-content\/uploads\/2025\/09\/LOMASPANELESOLARES.jpg\",\"contentUrl\":\"https:\/\/nitu.mx\/wp-content\/uploads\/2025\/09\/LOMASPANELESOLARES.jpg\",\"width\":960,\"height\":899,\"caption\":\"LOMAS PANELES SOLARES\"},{\"@type\":\"BreadcrumbList\",\"@id\":\"https:\/\/nitu.mx\/index.php\/2025\/09\/10\/primera-fase-de-energia-solar-llega-a-los-hoteles-de-grupo-lomas-en-la-riviera-maya\/#breadcrumb\",\"itemListElement\":[{\"@type\":\"ListItem\",\"position\":1,\"name\":\"Inicio\",\"item\":\"https:\/\/nitu.mx\/\"},{\"@type\":\"ListItem\",\"position\":2,\"name\":\"Primera fase de energ\u00eda solar llega a los hoteles de Grupo Lomas en la Riviera Maya\"}]},{\"@type\":\"WebSite\",\"@id\":\"https:\/\/nitu.mx\/#website\",\"url\":\"https:\/\/nitu.mx\/\",\"name\":\"Nitu - Noticias de la Industria Turistica\",\"description\":\"Noticias de la Industria Turistica\",\"publisher\":{\"@id\":\"https:\/\/nitu.mx\/#\/schema\/person\/ae7a53426417292d3dd07b45a33e01bc\"},\"alternateName\":\"Noticias de la Industria Turistica\",\"potentialAction\":[{\"@type\":\"SearchAction\",\"target\":{\"@type\":\"EntryPoint\",\"urlTemplate\":\"https:\/\/nitu.mx\/?s={search_term_string}\"},\"query-input\":\"required name=search_term_string\"}],\"inLanguage\":\"es-MX\"},{\"@type\":[\"Person\",\"Organization\"],\"@id\":\"https:\/\/nitu.mx\/#\/schema\/person\/ae7a53426417292d3dd07b45a33e01bc\",\"name\":\"Arturo Medina\",\"image\":{\"@type\":\"ImageObject\",\"inLanguage\":\"es-MX\",\"@id\":\"https:\/\/nitu.mx\/#\/schema\/person\/image\/\",\"url\":\"https:\/\/nitu.mx\/wp-content\/uploads\/2024\/04\/4A315622-1904-4D5C-B022-878CDC840E04-90x90-1.jpeg\",\"contentUrl\":\"https:\/\/nitu.mx\/wp-content\/uploads\/2024\/04\/4A315622-1904-4D5C-B022-878CDC840E04-90x90-1.jpeg\",\"width\":90,\"height\":90,\"caption\":\"Arturo Medina\"},\"logo\":{\"@id\":\"https:\/\/nitu.mx\/#\/schema\/person\/image\/\"},\"description\":\"Director NITU.mx, Egresado de la Escuela de Periodismo Carlos Septi\u00e9n Garc\u00eda. Periodista y analista especializado en turismo desde hace 35 a\u00f1os, radicado en Canc\u00fan Q.Roo. arturo@nitu.mx\",\"sameAs\":[\"https:\/\/nitu.mx\",\"https:\/\/www.facebook.com\/NITUmx\/\",\"medinacancun\",\"https:\/\/twitter.com\/@Arturo_Medina_G\"]},{\"@type\":\"Person\",\"@id\":\"https:\/\/nitu.mx\/#\/schema\/person\/2ecd887b19dfd3382d1f14fc5acf24a8\",\"name\":\"Alejandra Moncisbays\",\"image\":{\"@type\":\"ImageObject\",\"inLanguage\":\"es-MX\",\"@id\":\"https:\/\/nitu.mx\/#\/schema\/person\/image\/\",\"url\":\"https:\/\/secure.gravatar.com\/avatar\/e74f7af0be172b7804dacfd0bfbef787?s=96&d=mm&r=g\",\"contentUrl\":\"https:\/\/secure.gravatar.com\/avatar\/e74f7af0be172b7804dacfd0bfbef787?s=96&d=mm&r=g\",\"caption\":\"Alejandra Moncisbays\"},\"description\":\"Curs\u00e9 la carrera de Periodismo y Comunicaci\u00f3n en la Facultad de Estudios Profesionales Acatl\u00e1n. Vivo en Canc\u00fan desde hace 24 a\u00f1os. Fui reportera de La Tarde de Canc\u00fan, y Novedades de Quintana Roo, colabor\u00e9 en TVCUN, edit\u00e9 Cancun\u00edssimo y colabor\u00e9 en las revistas Latitud21, entre otras, con principal enfoque en los sectores empresarial y tur\u00edstico. Desde hace varios a\u00f1os soy Agente de Seguros con c\u00e9dula de la Comisi\u00f3n Nacional de Seguros y Fianzas. Actualmente, me desarrollo en los \u00e1mbitos del periodismo y el sector asegurador.\",\"sameAs\":[\"https:\/\/nitu.mx\"],\"url\":\"https:\/\/nitu.mx\/index.php\/author\/alejandra\/\"}]}<\/script>\n<!-- \/ Yoast SEO plugin. -->","yoast_head_json":{"title":"Primera fase de energ\u00eda solar llega a los hoteles de Grupo Lomas en la Riviera Maya - Nitu - Noticias de la Industria Turistica","robots":{"index":"index","follow":"follow","max-snippet":"max-snippet:-1","max-image-preview":"max-image-preview:large","max-video-preview":"max-video-preview:-1"},"canonical":"https:\/\/nitu.mx\/index.php\/2025\/09\/10\/primera-fase-de-energia-solar-llega-a-los-hoteles-de-grupo-lomas-en-la-riviera-maya\/","twitter_card":"summary_large_image","twitter_title":"Primera fase de energ\u00eda solar llega a los hoteles de Grupo Lomas en la Riviera Maya - Nitu - Noticias de la Industria Turistica","twitter_description":"Grupo Lomas present\u00f3 un proyecto energ\u00e9tico en alianza con Kiin Energy y Energ\u00eda Real para incorporar 2,479 paneles solares en sus hoteles y oficinas corporativas, con una inversi\u00f3n estimada en 230 millones de pesos. La iniciativa busca reducir parte del consumo el\u00e9ctrico de 1,900 habitaciones y de sus instalaciones en Canc\u00fan, avanzando en la transici\u00f3n [&hellip;]","twitter_image":"https:\/\/nitu.mx\/wp-content\/uploads\/2025\/09\/LOMASPANELESOLARES.jpg","twitter_creator":"@NITUmx","twitter_site":"@Arturo_Medina_G","twitter_misc":{"Escrito por":"Alejandra Moncisbays","Tiempo de lectura":"2 minutos"},"schema":{"@context":"https:\/\/schema.org","@graph":[{"@type":"Article","@id":"https:\/\/nitu.mx\/index.php\/2025\/09\/10\/primera-fase-de-energia-solar-llega-a-los-hoteles-de-grupo-lomas-en-la-riviera-maya\/#article","isPartOf":{"@id":"https:\/\/nitu.mx\/index.php\/2025\/09\/10\/primera-fase-de-energia-solar-llega-a-los-hoteles-de-grupo-lomas-en-la-riviera-maya\/"},"author":{"name":"Alejandra Moncisbays","@id":"https:\/\/nitu.mx\/#\/schema\/person\/2ecd887b19dfd3382d1f14fc5acf24a8"},"headline":"Primera fase de energ\u00eda solar llega a los hoteles de Grupo Lomas en la Riviera Maya","datePublished":"2025-09-11T04:38:06+00:00","dateModified":"2025-09-11T04:38:06+00:00","mainEntityOfPage":{"@id":"https:\/\/nitu.mx\/index.php\/2025\/09\/10\/primera-fase-de-energia-solar-llega-a-los-hoteles-de-grupo-lomas-en-la-riviera-maya\/"},"wordCount":319,"publisher":{"@id":"https:\/\/nitu.mx\/#\/schema\/person\/ae7a53426417292d3dd07b45a33e01bc"},"image":{"@id":"https:\/\/nitu.mx\/index.php\/2025\/09\/10\/primera-fase-de-energia-solar-llega-a-los-hoteles-de-grupo-lomas-en-la-riviera-maya\/#primaryimage"},"thumbnailUrl":"https:\/\/nitu.mx\/wp-content\/uploads\/2025\/09\/LOMASPANELESOLARES.jpg","keywords":["Energ\u00eda Real","Grupo Lomas","inversi\u00f3n","Kiin Energy","Riviera Maya"],"articleSection":["Hoteles","Medio Ambiente"],"inLanguage":"es-MX"},{"@type":"WebPage","@id":"https:\/\/nitu.mx\/index.php\/2025\/09\/10\/primera-fase-de-energia-solar-llega-a-los-hoteles-de-grupo-lomas-en-la-riviera-maya\/","url":"https:\/\/nitu.mx\/index.php\/2025\/09\/10\/primera-fase-de-energia-solar-llega-a-los-hoteles-de-grupo-lomas-en-la-riviera-maya\/","name":"Primera fase de energ\u00eda solar llega a los hoteles de Grupo Lomas en la Riviera Maya - Nitu - Noticias de la Industria Turistica","isPartOf":{"@id":"https:\/\/nitu.mx\/#website"},"primaryImageOfPage":{"@id":"https:\/\/nitu.mx\/index.php\/2025\/09\/10\/primera-fase-de-energia-solar-llega-a-los-hoteles-de-grupo-lomas-en-la-riviera-maya\/#primaryimage"},"image":{"@id":"https:\/\/nitu.mx\/index.php\/2025\/09\/10\/primera-fase-de-energia-solar-llega-a-los-hoteles-de-grupo-lomas-en-la-riviera-maya\/#primaryimage"},"thumbnailUrl":"https:\/\/nitu.mx\/wp-content\/uploads\/2025\/09\/LOMASPANELESOLARES.jpg","datePublished":"2025-09-11T04:38:06+00:00","dateModified":"2025-09-11T04:38:06+00:00","breadcrumb":{"@id":"https:\/\/nitu.mx\/index.php\/2025\/09\/10\/primera-fase-de-energia-solar-llega-a-los-hoteles-de-grupo-lomas-en-la-riviera-maya\/#breadcrumb"},"inLanguage":"es-MX","potentialAction":[{"@type":"ReadAction","target":["https:\/\/nitu.mx\/index.php\/2025\/09\/10\/primera-fase-de-energia-solar-llega-a-los-hoteles-de-grupo-lomas-en-la-riviera-maya\/"]}]},{"@type":"ImageObject","inLanguage":"es-MX","@id":"https:\/\/nitu.mx\/index.php\/2025\/09\/10\/primera-fase-de-energia-solar-llega-a-los-hoteles-de-grupo-lomas-en-la-riviera-maya\/#primaryimage","url":"https:\/\/nitu.mx\/wp-content\/uploads\/2025\/09\/LOMASPANELESOLARES.jpg","contentUrl":"https:\/\/nitu.mx\/wp-content\/uploads\/2025\/09\/LOMASPANELESOLARES.jpg","width":960,"height":899,"caption":"LOMAS PANELES SOLARES"},{"@type":"BreadcrumbList","@id":"https:\/\/nitu.mx\/index.php\/2025\/09\/10\/primera-fase-de-energia-solar-llega-a-los-hoteles-de-grupo-lomas-en-la-riviera-maya\/#breadcrumb","itemListElement":[{"@type":"ListItem","position":1,"name":"Inicio","item":"https:\/\/nitu.mx\/"},{"@type":"ListItem","position":2,"name":"Primera fase de energ\u00eda solar llega a los hoteles de Grupo Lomas en la Riviera Maya"}]},{"@type":"WebSite","@id":"https:\/\/nitu.mx\/#website","url":"https:\/\/nitu.mx\/","name":"Nitu - Noticias de la Industria Turistica","description":"Noticias de la Industria Turistica","publisher":{"@id":"https:\/\/nitu.mx\/#\/schema\/person\/ae7a53426417292d3dd07b45a33e01bc"},"alternateName":"Noticias de la Industria Turistica","potentialAction":[{"@type":"SearchAction","target":{"@type":"EntryPoint","urlTemplate":"https:\/\/nitu.mx\/?s={search_term_string}"},"query-input":"required name=search_term_string"}],"inLanguage":"es-MX"},{"@type":["Person","Organization"],"@id":"https:\/\/nitu.mx\/#\/schema\/person\/ae7a53426417292d3dd07b45a33e01bc","name":"Arturo Medina","image":{"@type":"ImageObject","inLanguage":"es-MX","@id":"https:\/\/nitu.mx\/#\/schema\/person\/image\/","url":"https:\/\/nitu.mx\/wp-content\/uploads\/2024\/04\/4A315622-1904-4D5C-B022-878CDC840E04-90x90-1.jpeg","contentUrl":"https:\/\/nitu.mx\/wp-content\/uploads\/2024\/04\/4A315622-1904-4D5C-B022-878CDC840E04-90x90-1.jpeg","width":90,"height":90,"caption":"Arturo Medina"},"logo":{"@id":"https:\/\/nitu.mx\/#\/schema\/person\/image\/"},"description":"Director NITU.mx, Egresado de la Escuela de Periodismo Carlos Septi\u00e9n Garc\u00eda. Periodista y analista especializado en turismo desde hace 35 a\u00f1os, radicado en Canc\u00fan Q.Roo. arturo@nitu.mx","sameAs":["https:\/\/nitu.mx","https:\/\/www.facebook.com\/NITUmx\/","medinacancun","https:\/\/twitter.com\/@Arturo_Medina_G"]},{"@type":"Person","@id":"https:\/\/nitu.mx\/#\/schema\/person\/2ecd887b19dfd3382d1f14fc5acf24a8","name":"Alejandra Moncisbays","image":{"@type":"ImageObject","inLanguage":"es-MX","@id":"https:\/\/nitu.mx\/#\/schema\/person\/image\/","url":"https:\/\/secure.gravatar.com\/avatar\/e74f7af0be172b7804dacfd0bfbef787?s=96&d=mm&r=g","contentUrl":"https:\/\/secure.gravatar.com\/avatar\/e74f7af0be172b7804dacfd0bfbef787?s=96&d=mm&r=g","caption":"Alejandra Moncisbays"},"description":"Curs\u00e9 la carrera de Periodismo y Comunicaci\u00f3n en la Facultad de Estudios Profesionales Acatl\u00e1n. Vivo en Canc\u00fan desde hace 24 a\u00f1os. Fui reportera de La Tarde de Canc\u00fan, y Novedades de Quintana Roo, colabor\u00e9 en TVCUN, edit\u00e9 Cancun\u00edssimo y colabor\u00e9 en las revistas Latitud21, entre otras, con principal enfoque en los sectores empresarial y tur\u00edstico. Desde hace varios a\u00f1os soy Agente de Seguros con c\u00e9dula de la Comisi\u00f3n Nacional de Seguros y Fianzas. Actualmente, me desarrollo en los \u00e1mbitos del periodismo y el sector asegurador.","sameAs":["https:\/\/nitu.mx"],"url":"https:\/\/nitu.mx\/index.php\/author\/alejandra\/"}]}},"views":850,"_links":{"self":[{"href":"https:\/\/nitu.mx\/index.php\/wp-json\/wp\/v2\/posts\/83409"}],"collection":[{"href":"https:\/\/nitu.mx\/index.php\/wp-json\/wp\/v2\/posts"}],"about":[{"href":"https:\/\/nitu.mx\/index.php\/wp-json\/wp\/v2\/types\/post"}],"author":[{"embeddable":true,"href":"https:\/\/nitu.mx\/index.php\/wp-json\/wp\/v2\/users\/3"}],"replies":[{"embeddable":true,"href":"https:\/\/nitu.mx\/index.php\/wp-json\/wp\/v2\/comments?post=83409"}],"version-history":[{"count":2,"href":"https:\/\/nitu.mx\/index.php\/wp-json\/wp\/v2\/posts\/83409\/revisions"}],"predecessor-version":[{"id":83413,"href":"https:\/\/nitu.mx\/index.php\/wp-json\/wp\/v2\/posts\/83409\/revisions\/83413"}],"wp:featuredmedia":[{"embeddable":true,"href":"https:\/\/nitu.mx\/index.php\/wp-json\/wp\/v2\/media\/83410"}],"wp:attachment":[{"href":"https:\/\/nitu.mx\/index.php\/wp-json\/wp\/v2\/media?parent=83409"}],"wp:term":[{"taxonomy":"category","embeddable":true,"href":"https:\/\/nitu.mx\/index.php\/wp-json\/wp\/v2\/categories?post=83409"},{"taxonomy":"post_tag","embeddable":true,"href":"https:\/\/nitu.mx\/index.php\/wp-json\/wp\/v2\/tags?post=83409"}],"curies":[{"name":"wp","href":"https:\/\/api.w.org\/{rel}","templated":true}]}}