{"id":83380,"date":"2025-09-08T23:12:03","date_gmt":"2025-09-09T05:12:03","guid":{"rendered":"https:\/\/nitu.mx\/?p=83380"},"modified":"2025-09-08T23:12:04","modified_gmt":"2025-09-09T05:12:04","slug":"avanza-plan-de-accion-de-asetur-rumbo-a-fitur-2026-y-la-copa-mundial-de-la-fifa","status":"publish","type":"post","link":"https:\/\/nitu.mx\/index.php\/2025\/09\/08\/avanza-plan-de-accion-de-asetur-rumbo-a-fitur-2026-y-la-copa-mundial-de-la-fifa\/","title":{"rendered":"Avanza plan de acci\u00f3n de ASETUR rumbo a FITUR 2026 y la Copa Mundial de la FIFA"},"content":{"rendered":"\n<p>En conferencia de prensa virtual, el presidente delas Secretarias y Secretarios de Turismo de M\u00e9xico (ASETUR), y secretario de Turismo de Quintana Roo, Bernardo Cueto Riestra, present\u00f3 los acuerdos alcanzados en la 63 Asamblea Ordinaria, celebrada en la ciudad de Zacatecas, Zacatecas, as\u00ed como el avance en la estrategia de posicionamiento y plan de acci\u00f3n rumbo a la presencia de M\u00e9xico en FITUR 2026 y como una de las sedes de la Copa Mundial de la FIFA.<\/p>\n\n\n\n<p>En la Asamblea, encabezada tambi\u00e9n por el secretario de Turismo de Zacatecas, Le Roy Barrag\u00e1n Ocampo, el presidente de ASETUR destac\u00f3 la importancia de conocer el diagn\u00f3stico puntual de las necesidades del turismo, as\u00ed como las \u00e1reas de oportunidad que tiene M\u00e9xico, de modo que, a trav\u00e9s del trabajo conjunto entre el sector p\u00fablico, empresarial y acad\u00e9mico, hagamos del turismo una prioridad para M\u00e9xico.<\/p>\n\n\n\n<p>En la reuni\u00f3n tambi\u00e9n estuvo presente el secretario general de Gobierno del Estado de Zacatecas, Rodrigo Reyes Mug\u00fcerza, en representaci\u00f3n del gobernador, David Monreal \u00c1vila.<\/p>\n\n\n\n<p>Cueto Riestra reiter\u00f3 que como parte de la presencia de M\u00e9xico en FITUR 2026 como Pa\u00eds Socio se llevar\u00e1n a cabo activaciones culturales, desde finales de octubre e inicios de noviembre, y en la Residencia de M\u00e9xico en Espa\u00f1a se contar\u00e1 con un espacio cultural denominado \u201cVentana M\u00e9xico\u201d, en donde los estados de la Rep\u00fablica compartir\u00e1n su riqueza gastron\u00f3mica, artesanal y el folclor que los hace \u00fanicos. &nbsp;<\/p>\n\n\n\n<p>Adem\u00e1s, indic\u00f3 que con miras a la Copa Mundial de la FIFA 2026, se trabaja en acciones conjuntas con la Secretar\u00eda de Turismo del Gobierno de M\u00e9xico (Sectur) para destacar el papel de los Pueblos M\u00e1gicos, y junto con las sedes mundialistas se fortalecer\u00e1 la conectividad a\u00e9rea, adem\u00e1s de desarrollar circuitos tur\u00edsticos que impulsen la actividad de los asistentes hacia otros destinos del pa\u00eds, como lo se\u00f1alaron las secretarias de Turismo de Nuevo Le\u00f3n, Maricarmen Mart\u00ednez Villarreal; y de Durango, Elisa Haro Ruiz.<\/p>\n\n\n\n<p>Resalt\u00f3 las acciones emprendidas y los avances en los cinco ejes de trabajo de la actual Mesa Directiva, en coordinaci\u00f3n con las 32 Secretar\u00edas Estatales de Turismo, entre ellos el acercamiento con organismos como Coparmex, la Asociaci\u00f3n Nacional de Cadenas Hoteleras (ANCH) y la American Chamber of Commerce of Mexico (AMCHAM); as\u00ed como con las Embajadas y Consulados de nuestro pa\u00eds en el exterior, y empresas como Uber con quien se construye una agenda de trabajo para fortalecer el turismo.<\/p>\n\n\n\n<p>\u201cDesde ASETUR queremos que el turismo sea la prioridad en la agenda nacional, construyendo acuerdos, en l\u00ednea con la visi\u00f3n de la presidenta de M\u00e9xico, Claudia Sheinbaum Pardo, y acompa\u00f1ando los esfuerzos de la secretaria de Turismo del Gobierno de M\u00e9xico, Josefina Rodr\u00edguez, en materia de promoci\u00f3n\u201d, coment\u00f3 el presidente.<\/p>\n\n\n\n<p>Por su parte, el titular de Sectur Zacatecas, Le Roy Barrag\u00e1n Ocampo, coincidi\u00f3 en la relevancia de que las secretarias y secretarios de Turismo de M\u00e9xico se hayan reunido en esta capital catalogada Patrimonio Cultural de la Humanidad, como parte del trabajo en unidad entre los estados del pa\u00eds; al afirmar que el turismo es uno de los ejes prioritarios de desarrollo del gobernador David Monreal \u00c1vila.<\/p>\n\n\n\n<p>Subray\u00f3 que el pasado 31 de agosto, las Morismas de Bracho logr\u00f3 el R\u00e9cord Guinness como la Representaci\u00f3n Hist\u00f3rica m\u00e1s Grande del Mundo, con la participaci\u00f3n de 17 mil 601 cofrades en esta tradici\u00f3n de 200 a\u00f1os que muestra pasajes hist\u00f3ricos y religiosos, evento que ahora se coloca en la mirada del mundo.<\/p>\n\n\n\n<p>En su calidad de secretaria de ASETUR, la secretaria de Turismo de Oaxaca, Saymi Pineda Velasco, expuso que en la 63 Asamblea se aprob\u00f3 la creaci\u00f3n de las Mesas de Trabajo especializadas en Turismo de Cruceros, ante la relevancia de M\u00e9xico como el principal receptor de cruceristas del mundo; y una m\u00e1s sobre la Gu\u00eda Michelin, para aprovechar las \u00e1reas de oportunidad que ofrece este distintivo para impulsar el turismo gastron\u00f3mico, ambas con la participaci\u00f3n de actores clave.<\/p>\n\n\n\n<p>El presidente de ASETUR afirm\u00f3 que en la 63 Asamblea de ASETUR, las secretarias, secretarios, as\u00ed como los representantes de las 32 Secretar\u00edas de Turismo estatales, sostuvieron un importante di\u00e1logo e intercambio de ideas con el prop\u00f3sito de estrechar los lazos de cooperaci\u00f3n. \u201cNuestro objetivo es claro: hacer del turismo una prioridad nacional, desde una visi\u00f3n colaborativa, estrat\u00e9gica y cercana a los medios de comunicaci\u00f3n y la ciudadan\u00eda\u201d, concluy\u00f3 Cueto Riestra. (<a href=\"https:\/\/nitu.mx\/index.php\/2025\/07\/29\/asetur-estrecha-cooperacion-con-autoridades-e-ip-para-impulsar-el-turismo\/\">ASETUR estrecha cooperaci\u00f3n con autoridades e IP para impulsar el turismo<\/a>).<\/p>\n","protected":false},"excerpt":{"rendered":"<p>En conferencia de prensa virtual, el presidente delas Secretarias y Secretarios de Turismo de M\u00e9xico (ASETUR), y secretario de Turismo de Quintana Roo, Bernardo Cueto Riestra, present\u00f3 los acuerdos alcanzados en la 63 Asamblea Ordinaria, celebrada en la ciudad de Zacatecas, Zacatecas, as\u00ed como el avance en la estrategia de posicionamiento y plan de acci\u00f3n [&hellip;]<\/p>\n","protected":false},"author":18,"featured_media":83383,"comment_status":"closed","ping_status":"closed","sticky":false,"template":"","format":"standard","meta":{"footnotes":""},"categories":[12],"tags":[1118,13931,9573,2703,887],"yoast_head":"<!-- This site is optimized with the Yoast SEO plugin v22.2 - https:\/\/yoast.com\/wordpress\/plugins\/seo\/ -->\n<title>Avanza plan de acci\u00f3n de ASETUR rumbo a FITUR 2026 y la Copa Mundial de la FIFA - Nitu - Noticias de la Industria Turistica<\/title>\n<meta name=\"robots\" content=\"index, follow, max-snippet:-1, max-image-preview:large, max-video-preview:-1\" \/>\n<link rel=\"canonical\" href=\"https:\/\/nitu.mx\/index.php\/2025\/09\/08\/avanza-plan-de-accion-de-asetur-rumbo-a-fitur-2026-y-la-copa-mundial-de-la-fifa\/\" \/>\n<meta name=\"twitter:card\" content=\"summary_large_image\" \/>\n<meta name=\"twitter:title\" content=\"Avanza plan de acci\u00f3n de ASETUR rumbo a FITUR 2026 y la Copa Mundial de la FIFA - Nitu - Noticias de la Industria Turistica\" \/>\n<meta name=\"twitter:description\" content=\"En conferencia de prensa virtual, el presidente delas Secretarias y Secretarios de Turismo de M\u00e9xico (ASETUR), y secretario de Turismo de Quintana Roo, Bernardo Cueto Riestra, present\u00f3 los acuerdos alcanzados en la 63 Asamblea Ordinaria, celebrada en la ciudad de Zacatecas, Zacatecas, as\u00ed como el avance en la estrategia de posicionamiento y plan de acci\u00f3n [&hellip;]\" \/>\n<meta name=\"twitter:image\" content=\"https:\/\/nitu.mx\/wp-content\/uploads\/2025\/09\/Asetur-acciones-Fitur-y-Copa-FIFA.jpg\" \/>\n<meta name=\"twitter:creator\" content=\"@NITUmx\" \/>\n<meta name=\"twitter:site\" content=\"@Arturo_Medina_G\" \/>\n<meta name=\"twitter:label1\" content=\"Escrito por\" \/>\n\t<meta name=\"twitter:data1\" content=\"Guadalupe Sixto\" \/>\n\t<meta name=\"twitter:label2\" content=\"Tiempo de lectura\" \/>\n\t<meta name=\"twitter:data2\" content=\"4 minutos\" \/>\n<script type=\"application\/ld+json\" class=\"yoast-schema-graph\">{\"@context\":\"https:\/\/schema.org\",\"@graph\":[{\"@type\":\"Article\",\"@id\":\"https:\/\/nitu.mx\/index.php\/2025\/09\/08\/avanza-plan-de-accion-de-asetur-rumbo-a-fitur-2026-y-la-copa-mundial-de-la-fifa\/#article\",\"isPartOf\":{\"@id\":\"https:\/\/nitu.mx\/index.php\/2025\/09\/08\/avanza-plan-de-accion-de-asetur-rumbo-a-fitur-2026-y-la-copa-mundial-de-la-fifa\/\"},\"author\":{\"name\":\"Guadalupe Sixto\",\"@id\":\"https:\/\/nitu.mx\/#\/schema\/person\/3df3082b5e46037e3f13614d28ee0b77\"},\"headline\":\"Avanza plan de acci\u00f3n de ASETUR rumbo a FITUR 2026 y la Copa Mundial de la FIFA\",\"datePublished\":\"2025-09-09T05:12:03+00:00\",\"dateModified\":\"2025-09-09T05:12:04+00:00\",\"mainEntityOfPage\":{\"@id\":\"https:\/\/nitu.mx\/index.php\/2025\/09\/08\/avanza-plan-de-accion-de-asetur-rumbo-a-fitur-2026-y-la-copa-mundial-de-la-fifa\/\"},\"wordCount\":804,\"publisher\":{\"@id\":\"https:\/\/nitu.mx\/#\/schema\/person\/ae7a53426417292d3dd07b45a33e01bc\"},\"image\":{\"@id\":\"https:\/\/nitu.mx\/index.php\/2025\/09\/08\/avanza-plan-de-accion-de-asetur-rumbo-a-fitur-2026-y-la-copa-mundial-de-la-fifa\/#primaryimage\"},\"thumbnailUrl\":\"https:\/\/nitu.mx\/wp-content\/uploads\/2025\/09\/Asetur-acciones-Fitur-y-Copa-FIFA.jpg\",\"keywords\":[\"Asetur\",\"Bernardo Cueto\",\"Copa Mundial de la FIFA\",\"FITUR\",\"Zacatecas\"],\"articleSection\":[\"Marketing\"],\"inLanguage\":\"es-MX\"},{\"@type\":\"WebPage\",\"@id\":\"https:\/\/nitu.mx\/index.php\/2025\/09\/08\/avanza-plan-de-accion-de-asetur-rumbo-a-fitur-2026-y-la-copa-mundial-de-la-fifa\/\",\"url\":\"https:\/\/nitu.mx\/index.php\/2025\/09\/08\/avanza-plan-de-accion-de-asetur-rumbo-a-fitur-2026-y-la-copa-mundial-de-la-fifa\/\",\"name\":\"Avanza plan de acci\u00f3n de ASETUR rumbo a FITUR 2026 y la Copa Mundial de la FIFA - Nitu - Noticias de la Industria Turistica\",\"isPartOf\":{\"@id\":\"https:\/\/nitu.mx\/#website\"},\"primaryImageOfPage\":{\"@id\":\"https:\/\/nitu.mx\/index.php\/2025\/09\/08\/avanza-plan-de-accion-de-asetur-rumbo-a-fitur-2026-y-la-copa-mundial-de-la-fifa\/#primaryimage\"},\"image\":{\"@id\":\"https:\/\/nitu.mx\/index.php\/2025\/09\/08\/avanza-plan-de-accion-de-asetur-rumbo-a-fitur-2026-y-la-copa-mundial-de-la-fifa\/#primaryimage\"},\"thumbnailUrl\":\"https:\/\/nitu.mx\/wp-content\/uploads\/2025\/09\/Asetur-acciones-Fitur-y-Copa-FIFA.jpg\",\"datePublished\":\"2025-09-09T05:12:03+00:00\",\"dateModified\":\"2025-09-09T05:12:04+00:00\",\"breadcrumb\":{\"@id\":\"https:\/\/nitu.mx\/index.php\/2025\/09\/08\/avanza-plan-de-accion-de-asetur-rumbo-a-fitur-2026-y-la-copa-mundial-de-la-fifa\/#breadcrumb\"},\"inLanguage\":\"es-MX\",\"potentialAction\":[{\"@type\":\"ReadAction\",\"target\":[\"https:\/\/nitu.mx\/index.php\/2025\/09\/08\/avanza-plan-de-accion-de-asetur-rumbo-a-fitur-2026-y-la-copa-mundial-de-la-fifa\/\"]}]},{\"@type\":\"ImageObject\",\"inLanguage\":\"es-MX\",\"@id\":\"https:\/\/nitu.mx\/index.php\/2025\/09\/08\/avanza-plan-de-accion-de-asetur-rumbo-a-fitur-2026-y-la-copa-mundial-de-la-fifa\/#primaryimage\",\"url\":\"https:\/\/nitu.mx\/wp-content\/uploads\/2025\/09\/Asetur-acciones-Fitur-y-Copa-FIFA.jpg\",\"contentUrl\":\"https:\/\/nitu.mx\/wp-content\/uploads\/2025\/09\/Asetur-acciones-Fitur-y-Copa-FIFA.jpg\",\"width\":1200,\"height\":675,\"caption\":\"Asetur acciones Fitur y Copa FIFA\"},{\"@type\":\"BreadcrumbList\",\"@id\":\"https:\/\/nitu.mx\/index.php\/2025\/09\/08\/avanza-plan-de-accion-de-asetur-rumbo-a-fitur-2026-y-la-copa-mundial-de-la-fifa\/#breadcrumb\",\"itemListElement\":[{\"@type\":\"ListItem\",\"position\":1,\"name\":\"Inicio\",\"item\":\"https:\/\/nitu.mx\/\"},{\"@type\":\"ListItem\",\"position\":2,\"name\":\"Avanza plan de acci\u00f3n de ASETUR rumbo a FITUR 2026 y la Copa Mundial de la FIFA\"}]},{\"@type\":\"WebSite\",\"@id\":\"https:\/\/nitu.mx\/#website\",\"url\":\"https:\/\/nitu.mx\/\",\"name\":\"Nitu - Noticias de la Industria Turistica\",\"description\":\"Noticias de la Industria Turistica\",\"publisher\":{\"@id\":\"https:\/\/nitu.mx\/#\/schema\/person\/ae7a53426417292d3dd07b45a33e01bc\"},\"alternateName\":\"Noticias de la Industria Turistica\",\"potentialAction\":[{\"@type\":\"SearchAction\",\"target\":{\"@type\":\"EntryPoint\",\"urlTemplate\":\"https:\/\/nitu.mx\/?s={search_term_string}\"},\"query-input\":\"required name=search_term_string\"}],\"inLanguage\":\"es-MX\"},{\"@type\":[\"Person\",\"Organization\"],\"@id\":\"https:\/\/nitu.mx\/#\/schema\/person\/ae7a53426417292d3dd07b45a33e01bc\",\"name\":\"Arturo Medina\",\"image\":{\"@type\":\"ImageObject\",\"inLanguage\":\"es-MX\",\"@id\":\"https:\/\/nitu.mx\/#\/schema\/person\/image\/\",\"url\":\"https:\/\/nitu.mx\/wp-content\/uploads\/2024\/04\/4A315622-1904-4D5C-B022-878CDC840E04-90x90-1.jpeg\",\"contentUrl\":\"https:\/\/nitu.mx\/wp-content\/uploads\/2024\/04\/4A315622-1904-4D5C-B022-878CDC840E04-90x90-1.jpeg\",\"width\":90,\"height\":90,\"caption\":\"Arturo Medina\"},\"logo\":{\"@id\":\"https:\/\/nitu.mx\/#\/schema\/person\/image\/\"},\"description\":\"Director NITU.mx, Egresado de la Escuela de Periodismo Carlos Septi\u00e9n Garc\u00eda. Periodista y analista especializado en turismo desde hace 35 a\u00f1os, radicado en Canc\u00fan Q.Roo. arturo@nitu.mx\",\"sameAs\":[\"https:\/\/nitu.mx\",\"https:\/\/www.facebook.com\/NITUmx\/\",\"medinacancun\",\"https:\/\/twitter.com\/@Arturo_Medina_G\"]},{\"@type\":\"Person\",\"@id\":\"https:\/\/nitu.mx\/#\/schema\/person\/3df3082b5e46037e3f13614d28ee0b77\",\"name\":\"Guadalupe Sixto\",\"image\":{\"@type\":\"ImageObject\",\"inLanguage\":\"es-MX\",\"@id\":\"https:\/\/nitu.mx\/#\/schema\/person\/image\/\",\"url\":\"https:\/\/secure.gravatar.com\/avatar\/13914e1b0e1919e91f9539de4dc584c4?s=96&d=mm&r=g\",\"contentUrl\":\"https:\/\/secure.gravatar.com\/avatar\/13914e1b0e1919e91f9539de4dc584c4?s=96&d=mm&r=g\",\"caption\":\"Guadalupe Sixto\"},\"url\":\"https:\/\/nitu.mx\/index.php\/author\/gsixto\/\"}]}<\/script>\n<!-- \/ Yoast SEO plugin. -->","yoast_head_json":{"title":"Avanza plan de acci\u00f3n de ASETUR rumbo a FITUR 2026 y la Copa Mundial de la FIFA - Nitu - Noticias de la Industria Turistica","robots":{"index":"index","follow":"follow","max-snippet":"max-snippet:-1","max-image-preview":"max-image-preview:large","max-video-preview":"max-video-preview:-1"},"canonical":"https:\/\/nitu.mx\/index.php\/2025\/09\/08\/avanza-plan-de-accion-de-asetur-rumbo-a-fitur-2026-y-la-copa-mundial-de-la-fifa\/","twitter_card":"summary_large_image","twitter_title":"Avanza plan de acci\u00f3n de ASETUR rumbo a FITUR 2026 y la Copa Mundial de la FIFA - Nitu - Noticias de la Industria Turistica","twitter_description":"En conferencia de prensa virtual, el presidente delas Secretarias y Secretarios de Turismo de M\u00e9xico (ASETUR), y secretario de Turismo de Quintana Roo, Bernardo Cueto Riestra, present\u00f3 los acuerdos alcanzados en la 63 Asamblea Ordinaria, celebrada en la ciudad de Zacatecas, Zacatecas, as\u00ed como el avance en la estrategia de posicionamiento y plan de acci\u00f3n [&hellip;]","twitter_image":"https:\/\/nitu.mx\/wp-content\/uploads\/2025\/09\/Asetur-acciones-Fitur-y-Copa-FIFA.jpg","twitter_creator":"@NITUmx","twitter_site":"@Arturo_Medina_G","twitter_misc":{"Escrito por":"Guadalupe Sixto","Tiempo de lectura":"4 minutos"},"schema":{"@context":"https:\/\/schema.org","@graph":[{"@type":"Article","@id":"https:\/\/nitu.mx\/index.php\/2025\/09\/08\/avanza-plan-de-accion-de-asetur-rumbo-a-fitur-2026-y-la-copa-mundial-de-la-fifa\/#article","isPartOf":{"@id":"https:\/\/nitu.mx\/index.php\/2025\/09\/08\/avanza-plan-de-accion-de-asetur-rumbo-a-fitur-2026-y-la-copa-mundial-de-la-fifa\/"},"author":{"name":"Guadalupe Sixto","@id":"https:\/\/nitu.mx\/#\/schema\/person\/3df3082b5e46037e3f13614d28ee0b77"},"headline":"Avanza plan de acci\u00f3n de ASETUR rumbo a FITUR 2026 y la Copa Mundial de la FIFA","datePublished":"2025-09-09T05:12:03+00:00","dateModified":"2025-09-09T05:12:04+00:00","mainEntityOfPage":{"@id":"https:\/\/nitu.mx\/index.php\/2025\/09\/08\/avanza-plan-de-accion-de-asetur-rumbo-a-fitur-2026-y-la-copa-mundial-de-la-fifa\/"},"wordCount":804,"publisher":{"@id":"https:\/\/nitu.mx\/#\/schema\/person\/ae7a53426417292d3dd07b45a33e01bc"},"image":{"@id":"https:\/\/nitu.mx\/index.php\/2025\/09\/08\/avanza-plan-de-accion-de-asetur-rumbo-a-fitur-2026-y-la-copa-mundial-de-la-fifa\/#primaryimage"},"thumbnailUrl":"https:\/\/nitu.mx\/wp-content\/uploads\/2025\/09\/Asetur-acciones-Fitur-y-Copa-FIFA.jpg","keywords":["Asetur","Bernardo Cueto","Copa Mundial de la FIFA","FITUR","Zacatecas"],"articleSection":["Marketing"],"inLanguage":"es-MX"},{"@type":"WebPage","@id":"https:\/\/nitu.mx\/index.php\/2025\/09\/08\/avanza-plan-de-accion-de-asetur-rumbo-a-fitur-2026-y-la-copa-mundial-de-la-fifa\/","url":"https:\/\/nitu.mx\/index.php\/2025\/09\/08\/avanza-plan-de-accion-de-asetur-rumbo-a-fitur-2026-y-la-copa-mundial-de-la-fifa\/","name":"Avanza plan de acci\u00f3n de ASETUR rumbo a FITUR 2026 y la Copa Mundial de la FIFA - Nitu - Noticias de la Industria Turistica","isPartOf":{"@id":"https:\/\/nitu.mx\/#website"},"primaryImageOfPage":{"@id":"https:\/\/nitu.mx\/index.php\/2025\/09\/08\/avanza-plan-de-accion-de-asetur-rumbo-a-fitur-2026-y-la-copa-mundial-de-la-fifa\/#primaryimage"},"image":{"@id":"https:\/\/nitu.mx\/index.php\/2025\/09\/08\/avanza-plan-de-accion-de-asetur-rumbo-a-fitur-2026-y-la-copa-mundial-de-la-fifa\/#primaryimage"},"thumbnailUrl":"https:\/\/nitu.mx\/wp-content\/uploads\/2025\/09\/Asetur-acciones-Fitur-y-Copa-FIFA.jpg","datePublished":"2025-09-09T05:12:03+00:00","dateModified":"2025-09-09T05:12:04+00:00","breadcrumb":{"@id":"https:\/\/nitu.mx\/index.php\/2025\/09\/08\/avanza-plan-de-accion-de-asetur-rumbo-a-fitur-2026-y-la-copa-mundial-de-la-fifa\/#breadcrumb"},"inLanguage":"es-MX","potentialAction":[{"@type":"ReadAction","target":["https:\/\/nitu.mx\/index.php\/2025\/09\/08\/avanza-plan-de-accion-de-asetur-rumbo-a-fitur-2026-y-la-copa-mundial-de-la-fifa\/"]}]},{"@type":"ImageObject","inLanguage":"es-MX","@id":"https:\/\/nitu.mx\/index.php\/2025\/09\/08\/avanza-plan-de-accion-de-asetur-rumbo-a-fitur-2026-y-la-copa-mundial-de-la-fifa\/#primaryimage","url":"https:\/\/nitu.mx\/wp-content\/uploads\/2025\/09\/Asetur-acciones-Fitur-y-Copa-FIFA.jpg","contentUrl":"https:\/\/nitu.mx\/wp-content\/uploads\/2025\/09\/Asetur-acciones-Fitur-y-Copa-FIFA.jpg","width":1200,"height":675,"caption":"Asetur acciones Fitur y Copa FIFA"},{"@type":"BreadcrumbList","@id":"https:\/\/nitu.mx\/index.php\/2025\/09\/08\/avanza-plan-de-accion-de-asetur-rumbo-a-fitur-2026-y-la-copa-mundial-de-la-fifa\/#breadcrumb","itemListElement":[{"@type":"ListItem","position":1,"name":"Inicio","item":"https:\/\/nitu.mx\/"},{"@type":"ListItem","position":2,"name":"Avanza plan de acci\u00f3n de ASETUR rumbo a FITUR 2026 y la Copa Mundial de la FIFA"}]},{"@type":"WebSite","@id":"https:\/\/nitu.mx\/#website","url":"https:\/\/nitu.mx\/","name":"Nitu - Noticias de la Industria Turistica","description":"Noticias de la Industria Turistica","publisher":{"@id":"https:\/\/nitu.mx\/#\/schema\/person\/ae7a53426417292d3dd07b45a33e01bc"},"alternateName":"Noticias de la Industria Turistica","potentialAction":[{"@type":"SearchAction","target":{"@type":"EntryPoint","urlTemplate":"https:\/\/nitu.mx\/?s={search_term_string}"},"query-input":"required name=search_term_string"}],"inLanguage":"es-MX"},{"@type":["Person","Organization"],"@id":"https:\/\/nitu.mx\/#\/schema\/person\/ae7a53426417292d3dd07b45a33e01bc","name":"Arturo Medina","image":{"@type":"ImageObject","inLanguage":"es-MX","@id":"https:\/\/nitu.mx\/#\/schema\/person\/image\/","url":"https:\/\/nitu.mx\/wp-content\/uploads\/2024\/04\/4A315622-1904-4D5C-B022-878CDC840E04-90x90-1.jpeg","contentUrl":"https:\/\/nitu.mx\/wp-content\/uploads\/2024\/04\/4A315622-1904-4D5C-B022-878CDC840E04-90x90-1.jpeg","width":90,"height":90,"caption":"Arturo Medina"},"logo":{"@id":"https:\/\/nitu.mx\/#\/schema\/person\/image\/"},"description":"Director NITU.mx, Egresado de la Escuela de Periodismo Carlos Septi\u00e9n Garc\u00eda. Periodista y analista especializado en turismo desde hace 35 a\u00f1os, radicado en Canc\u00fan Q.Roo. arturo@nitu.mx","sameAs":["https:\/\/nitu.mx","https:\/\/www.facebook.com\/NITUmx\/","medinacancun","https:\/\/twitter.com\/@Arturo_Medina_G"]},{"@type":"Person","@id":"https:\/\/nitu.mx\/#\/schema\/person\/3df3082b5e46037e3f13614d28ee0b77","name":"Guadalupe Sixto","image":{"@type":"ImageObject","inLanguage":"es-MX","@id":"https:\/\/nitu.mx\/#\/schema\/person\/image\/","url":"https:\/\/secure.gravatar.com\/avatar\/13914e1b0e1919e91f9539de4dc584c4?s=96&d=mm&r=g","contentUrl":"https:\/\/secure.gravatar.com\/avatar\/13914e1b0e1919e91f9539de4dc584c4?s=96&d=mm&r=g","caption":"Guadalupe Sixto"},"url":"https:\/\/nitu.mx\/index.php\/author\/gsixto\/"}]}},"views":412,"_links":{"self":[{"href":"https:\/\/nitu.mx\/index.php\/wp-json\/wp\/v2\/posts\/83380"}],"collection":[{"href":"https:\/\/nitu.mx\/index.php\/wp-json\/wp\/v2\/posts"}],"about":[{"href":"https:\/\/nitu.mx\/index.php\/wp-json\/wp\/v2\/types\/post"}],"author":[{"embeddable":true,"href":"https:\/\/nitu.mx\/index.php\/wp-json\/wp\/v2\/users\/18"}],"replies":[{"embeddable":true,"href":"https:\/\/nitu.mx\/index.php\/wp-json\/wp\/v2\/comments?post=83380"}],"version-history":[{"count":1,"href":"https:\/\/nitu.mx\/index.php\/wp-json\/wp\/v2\/posts\/83380\/revisions"}],"predecessor-version":[{"id":83382,"href":"https:\/\/nitu.mx\/index.php\/wp-json\/wp\/v2\/posts\/83380\/revisions\/83382"}],"wp:featuredmedia":[{"embeddable":true,"href":"https:\/\/nitu.mx\/index.php\/wp-json\/wp\/v2\/media\/83383"}],"wp:attachment":[{"href":"https:\/\/nitu.mx\/index.php\/wp-json\/wp\/v2\/media?parent=83380"}],"wp:term":[{"taxonomy":"category","embeddable":true,"href":"https:\/\/nitu.mx\/index.php\/wp-json\/wp\/v2\/categories?post=83380"},{"taxonomy":"post_tag","embeddable":true,"href":"https:\/\/nitu.mx\/index.php\/wp-json\/wp\/v2\/tags?post=83380"}],"curies":[{"name":"wp","href":"https:\/\/api.w.org\/{rel}","templated":true}]}}