{"id":83303,"date":"2025-09-04T15:38:17","date_gmt":"2025-09-04T21:38:17","guid":{"rendered":"https:\/\/nitu.mx\/?p=83303"},"modified":"2025-09-04T15:40:07","modified_gmt":"2025-09-04T21:40:07","slug":"gonzalo-del-peon-anuncia-su-salida-de-hyatt-hotels-corporation","status":"publish","type":"post","link":"https:\/\/nitu.mx\/index.php\/2025\/09\/04\/gonzalo-del-peon-anuncia-su-salida-de-hyatt-hotels-corporation\/","title":{"rendered":"Gonzalo del Pe\u00f3n anuncia su salida de Hyatt Hotels Corporation"},"content":{"rendered":"\n<p>Tras 24 a\u00f1os de liderazgo en la divisi\u00f3n hotelera all inclusive m\u00e1s importante a nivel mundial, Gonzalo del Pe\u00f3n ha anunciado su salida de Hyatt Hotels Corporation. Con este paso, el reconocido empresario abre un nuevo cap\u00edtulo en su reconocida trayectoria profesional de m\u00e1s de 40 a\u00f1os dentro del turismo y la hospitalidad.<\/p>\n\n\n\n<p>\u201cDespu\u00e9s de una etapa de importantes logros, aprendizajes y valiosas experiencias, he tomado la decisi\u00f3n de concluir mi ciclo con Hyatt para emprender nuevos desaf\u00edos profesionales que me permitan seguir aportando a la industria tur\u00edstica. Me voy con profundo agradecimiento por la oportunidad de haber contribuido al crecimiento de la organizaci\u00f3n y de haber trabajado con un equipo de gran talento y compromiso\u201d, afirm\u00f3 Gonzalo del Pe\u00f3n.<\/p>\n\n\n\n<p>Del Pe\u00f3n fue cofundador de AMResorts en 2001, con el objetivo de transformar los hoteles\u00a0all inclusive\u00a0en un concepto de lujo, segmentado a diferentes mercados y audiencias. Como fue la creaci\u00f3n de Secrets Resorts &amp; Spas, como la primera marca solo para adultos en M\u00e9xico y el Caribe, as\u00ed como otras marcas como Dreams, Breathless, Zo\u00ebtry, Sunscape, entre otras.<\/p>\n\n\n\n<p>Bajo su liderazgo, la empresa alcanz\u00f3 un tama\u00f1o notable: m\u00e1s de 10 marcas con 121 hoteles y casi 40 mil habitaciones en 12 pa\u00edses. Durante su tiempo en la compa\u00f1\u00eda, supervis\u00f3 \u00e1reas clave como operaciones, administraci\u00f3n, marketing, relaciones con propietarios, y la innovaci\u00f3n de nuevos productos.<\/p>\n\n\n\n<p>\u201cEl crecimiento y enfoque en el entrenamiento y cuidado del personal, permiti\u00f3 el desarrollo profesional de miles de colaboradores, lo cual gener\u00f3 una cultura empresarial basada en la pasi\u00f3n, lealtad y excelencia\u201d, se\u00f1al\u00f3 el empresario.<\/p>\n\n\n\n<p>Debido al \u00e9xito del concepto y el enorme potencial de internacionalizaci\u00f3n, en el a\u00f1o 2021, Hyatt Hotels Corporation adquiri\u00f3 el 100 por ciento de las acciones de AMResorts y Apple Leisure Group.<\/p>\n\n\n\n<p>Tras la adquisici\u00f3n, Gonzalo del Pe\u00f3n permaneci\u00f3 trabajando como parte del equipo de Hyatt, con el objetivo de liderar la integraci\u00f3n entre las empresas y apoyar el desarrollo del concepto a nivel internacional. En enero de 2024, dej\u00f3 su cargo como p&#8217;residente de Inclusive Collection Hyatt Americas &amp; Global Commercial para asumir el rol de Senior Advisor en Hyatt Hotels Corporation. (<a href=\"https:\/\/nitu.mx\/index.php\/2025\/09\/03\/hyatt-inaugura-dreams-playa-esmeralda-en-republica-dominicana\/\">Hyatt inaugura Dreams Playa Esmeralda en Rep\u00fablica Dominicana<\/a>).<\/p>\n","protected":false},"excerpt":{"rendered":"<p>Tras 24 a\u00f1os de liderazgo en la divisi\u00f3n hotelera all inclusive m\u00e1s importante a nivel mundial, Gonzalo del Pe\u00f3n ha anunciado su salida de Hyatt Hotels Corporation. Con este paso, el reconocido empresario abre un nuevo cap\u00edtulo en su reconocida trayectoria profesional de m\u00e1s de 40 a\u00f1os dentro del turismo y la hospitalidad. \u201cDespu\u00e9s de [&hellip;]<\/p>\n","protected":false},"author":17,"featured_media":83306,"comment_status":"closed","ping_status":"closed","sticky":false,"template":"","format":"standard","meta":{"footnotes":""},"categories":[2],"tags":[1192,1206,1193,2332],"yoast_head":"<!-- This site is optimized with the Yoast SEO plugin v22.2 - https:\/\/yoast.com\/wordpress\/plugins\/seo\/ -->\n<title>Gonzalo del Pe\u00f3n anuncia su salida de Hyatt Hotels Corporation - Nitu - Noticias de la Industria Turistica<\/title>\n<meta name=\"robots\" content=\"index, follow, max-snippet:-1, max-image-preview:large, max-video-preview:-1\" \/>\n<link rel=\"canonical\" href=\"https:\/\/nitu.mx\/index.php\/2025\/09\/04\/gonzalo-del-peon-anuncia-su-salida-de-hyatt-hotels-corporation\/\" \/>\n<meta name=\"twitter:card\" content=\"summary_large_image\" \/>\n<meta name=\"twitter:title\" content=\"Gonzalo del Pe\u00f3n anuncia su salida de Hyatt Hotels Corporation - Nitu - Noticias de la Industria Turistica\" \/>\n<meta name=\"twitter:description\" content=\"Tras 24 a\u00f1os de liderazgo en la divisi\u00f3n hotelera all inclusive m\u00e1s importante a nivel mundial, Gonzalo del Pe\u00f3n ha anunciado su salida de Hyatt Hotels Corporation. Con este paso, el reconocido empresario abre un nuevo cap\u00edtulo en su reconocida trayectoria profesional de m\u00e1s de 40 a\u00f1os dentro del turismo y la hospitalidad. \u201cDespu\u00e9s de [&hellip;]\" \/>\n<meta name=\"twitter:image\" content=\"https:\/\/nitu.mx\/wp-content\/uploads\/2025\/09\/Gonzalo-del-Peon-salida-de-Hyatt-Hotels-Corporation.jpg\" \/>\n<meta name=\"twitter:creator\" content=\"@NITUmx\" \/>\n<meta name=\"twitter:site\" content=\"@Arturo_Medina_G\" \/>\n<meta name=\"twitter:label1\" content=\"Escrito por\" \/>\n\t<meta name=\"twitter:data1\" content=\"Redacci\u00f3n\" \/>\n\t<meta name=\"twitter:label2\" content=\"Tiempo de lectura\" \/>\n\t<meta name=\"twitter:data2\" content=\"2 minutos\" \/>\n<script type=\"application\/ld+json\" class=\"yoast-schema-graph\">{\"@context\":\"https:\/\/schema.org\",\"@graph\":[{\"@type\":\"Article\",\"@id\":\"https:\/\/nitu.mx\/index.php\/2025\/09\/04\/gonzalo-del-peon-anuncia-su-salida-de-hyatt-hotels-corporation\/#article\",\"isPartOf\":{\"@id\":\"https:\/\/nitu.mx\/index.php\/2025\/09\/04\/gonzalo-del-peon-anuncia-su-salida-de-hyatt-hotels-corporation\/\"},\"author\":{\"name\":\"Redacci\u00f3n\",\"@id\":\"https:\/\/nitu.mx\/#\/schema\/person\/4a28fe9bd65924f7c90623773daf1b0b\"},\"headline\":\"Gonzalo del Pe\u00f3n anuncia su salida de Hyatt Hotels Corporation\",\"datePublished\":\"2025-09-04T21:38:17+00:00\",\"dateModified\":\"2025-09-04T21:40:07+00:00\",\"mainEntityOfPage\":{\"@id\":\"https:\/\/nitu.mx\/index.php\/2025\/09\/04\/gonzalo-del-peon-anuncia-su-salida-de-hyatt-hotels-corporation\/\"},\"wordCount\":395,\"publisher\":{\"@id\":\"https:\/\/nitu.mx\/#\/schema\/person\/ae7a53426417292d3dd07b45a33e01bc\"},\"image\":{\"@id\":\"https:\/\/nitu.mx\/index.php\/2025\/09\/04\/gonzalo-del-peon-anuncia-su-salida-de-hyatt-hotels-corporation\/#primaryimage\"},\"thumbnailUrl\":\"https:\/\/nitu.mx\/wp-content\/uploads\/2025\/09\/Gonzalo-del-Peon-salida-de-Hyatt-Hotels-Corporation.jpg\",\"keywords\":[\"AMResorts\",\"Apple Leisure Group\",\"Gonzalo del Pe\u00f3n\",\"Hyatt Hotels Corporation\"],\"articleSection\":[\"Hoteles\"],\"inLanguage\":\"es-MX\"},{\"@type\":\"WebPage\",\"@id\":\"https:\/\/nitu.mx\/index.php\/2025\/09\/04\/gonzalo-del-peon-anuncia-su-salida-de-hyatt-hotels-corporation\/\",\"url\":\"https:\/\/nitu.mx\/index.php\/2025\/09\/04\/gonzalo-del-peon-anuncia-su-salida-de-hyatt-hotels-corporation\/\",\"name\":\"Gonzalo del Pe\u00f3n anuncia su salida de Hyatt Hotels Corporation - Nitu - Noticias de la Industria Turistica\",\"isPartOf\":{\"@id\":\"https:\/\/nitu.mx\/#website\"},\"primaryImageOfPage\":{\"@id\":\"https:\/\/nitu.mx\/index.php\/2025\/09\/04\/gonzalo-del-peon-anuncia-su-salida-de-hyatt-hotels-corporation\/#primaryimage\"},\"image\":{\"@id\":\"https:\/\/nitu.mx\/index.php\/2025\/09\/04\/gonzalo-del-peon-anuncia-su-salida-de-hyatt-hotels-corporation\/#primaryimage\"},\"thumbnailUrl\":\"https:\/\/nitu.mx\/wp-content\/uploads\/2025\/09\/Gonzalo-del-Peon-salida-de-Hyatt-Hotels-Corporation.jpg\",\"datePublished\":\"2025-09-04T21:38:17+00:00\",\"dateModified\":\"2025-09-04T21:40:07+00:00\",\"breadcrumb\":{\"@id\":\"https:\/\/nitu.mx\/index.php\/2025\/09\/04\/gonzalo-del-peon-anuncia-su-salida-de-hyatt-hotels-corporation\/#breadcrumb\"},\"inLanguage\":\"es-MX\",\"potentialAction\":[{\"@type\":\"ReadAction\",\"target\":[\"https:\/\/nitu.mx\/index.php\/2025\/09\/04\/gonzalo-del-peon-anuncia-su-salida-de-hyatt-hotels-corporation\/\"]}]},{\"@type\":\"ImageObject\",\"inLanguage\":\"es-MX\",\"@id\":\"https:\/\/nitu.mx\/index.php\/2025\/09\/04\/gonzalo-del-peon-anuncia-su-salida-de-hyatt-hotels-corporation\/#primaryimage\",\"url\":\"https:\/\/nitu.mx\/wp-content\/uploads\/2025\/09\/Gonzalo-del-Peon-salida-de-Hyatt-Hotels-Corporation.jpg\",\"contentUrl\":\"https:\/\/nitu.mx\/wp-content\/uploads\/2025\/09\/Gonzalo-del-Peon-salida-de-Hyatt-Hotels-Corporation.jpg\",\"width\":1200,\"height\":675,\"caption\":\"Mark Hoplamazian entrega reconocimiento a Gonzalo del Pe\u00f3n por su trayectoria en la compa\u00f1\u00eda.\"},{\"@type\":\"BreadcrumbList\",\"@id\":\"https:\/\/nitu.mx\/index.php\/2025\/09\/04\/gonzalo-del-peon-anuncia-su-salida-de-hyatt-hotels-corporation\/#breadcrumb\",\"itemListElement\":[{\"@type\":\"ListItem\",\"position\":1,\"name\":\"Inicio\",\"item\":\"https:\/\/nitu.mx\/\"},{\"@type\":\"ListItem\",\"position\":2,\"name\":\"Gonzalo del Pe\u00f3n anuncia su salida de Hyatt Hotels Corporation\"}]},{\"@type\":\"WebSite\",\"@id\":\"https:\/\/nitu.mx\/#website\",\"url\":\"https:\/\/nitu.mx\/\",\"name\":\"Nitu - Noticias de la Industria Turistica\",\"description\":\"Noticias de la Industria Turistica\",\"publisher\":{\"@id\":\"https:\/\/nitu.mx\/#\/schema\/person\/ae7a53426417292d3dd07b45a33e01bc\"},\"alternateName\":\"Noticias de la Industria Turistica\",\"potentialAction\":[{\"@type\":\"SearchAction\",\"target\":{\"@type\":\"EntryPoint\",\"urlTemplate\":\"https:\/\/nitu.mx\/?s={search_term_string}\"},\"query-input\":\"required name=search_term_string\"}],\"inLanguage\":\"es-MX\"},{\"@type\":[\"Person\",\"Organization\"],\"@id\":\"https:\/\/nitu.mx\/#\/schema\/person\/ae7a53426417292d3dd07b45a33e01bc\",\"name\":\"Arturo Medina\",\"image\":{\"@type\":\"ImageObject\",\"inLanguage\":\"es-MX\",\"@id\":\"https:\/\/nitu.mx\/#\/schema\/person\/image\/\",\"url\":\"https:\/\/nitu.mx\/wp-content\/uploads\/2024\/04\/4A315622-1904-4D5C-B022-878CDC840E04-90x90-1.jpeg\",\"contentUrl\":\"https:\/\/nitu.mx\/wp-content\/uploads\/2024\/04\/4A315622-1904-4D5C-B022-878CDC840E04-90x90-1.jpeg\",\"width\":90,\"height\":90,\"caption\":\"Arturo Medina\"},\"logo\":{\"@id\":\"https:\/\/nitu.mx\/#\/schema\/person\/image\/\"},\"description\":\"Director NITU.mx, Egresado de la Escuela de Periodismo Carlos Septi\u00e9n Garc\u00eda. Periodista y analista especializado en turismo desde hace 35 a\u00f1os, radicado en Canc\u00fan Q.Roo. arturo@nitu.mx\",\"sameAs\":[\"https:\/\/nitu.mx\",\"https:\/\/www.facebook.com\/NITUmx\/\",\"medinacancun\",\"https:\/\/twitter.com\/@Arturo_Medina_G\"]},{\"@type\":\"Person\",\"@id\":\"https:\/\/nitu.mx\/#\/schema\/person\/4a28fe9bd65924f7c90623773daf1b0b\",\"name\":\"Redacci\u00f3n\",\"image\":{\"@type\":\"ImageObject\",\"inLanguage\":\"es-MX\",\"@id\":\"https:\/\/nitu.mx\/#\/schema\/person\/image\/\",\"url\":\"https:\/\/secure.gravatar.com\/avatar\/5dd011c8ccfc5cd7e4c81e42252aab38?s=96&d=mm&r=g\",\"contentUrl\":\"https:\/\/secure.gravatar.com\/avatar\/5dd011c8ccfc5cd7e4c81e42252aab38?s=96&d=mm&r=g\",\"caption\":\"Redacci\u00f3n\"},\"url\":\"https:\/\/nitu.mx\/index.php\/author\/redaccion\/\"}]}<\/script>\n<!-- \/ Yoast SEO plugin. -->","yoast_head_json":{"title":"Gonzalo del Pe\u00f3n anuncia su salida de Hyatt Hotels Corporation - Nitu - Noticias de la Industria Turistica","robots":{"index":"index","follow":"follow","max-snippet":"max-snippet:-1","max-image-preview":"max-image-preview:large","max-video-preview":"max-video-preview:-1"},"canonical":"https:\/\/nitu.mx\/index.php\/2025\/09\/04\/gonzalo-del-peon-anuncia-su-salida-de-hyatt-hotels-corporation\/","twitter_card":"summary_large_image","twitter_title":"Gonzalo del Pe\u00f3n anuncia su salida de Hyatt Hotels Corporation - Nitu - Noticias de la Industria Turistica","twitter_description":"Tras 24 a\u00f1os de liderazgo en la divisi\u00f3n hotelera all inclusive m\u00e1s importante a nivel mundial, Gonzalo del Pe\u00f3n ha anunciado su salida de Hyatt Hotels Corporation. Con este paso, el reconocido empresario abre un nuevo cap\u00edtulo en su reconocida trayectoria profesional de m\u00e1s de 40 a\u00f1os dentro del turismo y la hospitalidad. \u201cDespu\u00e9s de [&hellip;]","twitter_image":"https:\/\/nitu.mx\/wp-content\/uploads\/2025\/09\/Gonzalo-del-Peon-salida-de-Hyatt-Hotels-Corporation.jpg","twitter_creator":"@NITUmx","twitter_site":"@Arturo_Medina_G","twitter_misc":{"Escrito por":"Redacci\u00f3n","Tiempo de lectura":"2 minutos"},"schema":{"@context":"https:\/\/schema.org","@graph":[{"@type":"Article","@id":"https:\/\/nitu.mx\/index.php\/2025\/09\/04\/gonzalo-del-peon-anuncia-su-salida-de-hyatt-hotels-corporation\/#article","isPartOf":{"@id":"https:\/\/nitu.mx\/index.php\/2025\/09\/04\/gonzalo-del-peon-anuncia-su-salida-de-hyatt-hotels-corporation\/"},"author":{"name":"Redacci\u00f3n","@id":"https:\/\/nitu.mx\/#\/schema\/person\/4a28fe9bd65924f7c90623773daf1b0b"},"headline":"Gonzalo del Pe\u00f3n anuncia su salida de Hyatt Hotels Corporation","datePublished":"2025-09-04T21:38:17+00:00","dateModified":"2025-09-04T21:40:07+00:00","mainEntityOfPage":{"@id":"https:\/\/nitu.mx\/index.php\/2025\/09\/04\/gonzalo-del-peon-anuncia-su-salida-de-hyatt-hotels-corporation\/"},"wordCount":395,"publisher":{"@id":"https:\/\/nitu.mx\/#\/schema\/person\/ae7a53426417292d3dd07b45a33e01bc"},"image":{"@id":"https:\/\/nitu.mx\/index.php\/2025\/09\/04\/gonzalo-del-peon-anuncia-su-salida-de-hyatt-hotels-corporation\/#primaryimage"},"thumbnailUrl":"https:\/\/nitu.mx\/wp-content\/uploads\/2025\/09\/Gonzalo-del-Peon-salida-de-Hyatt-Hotels-Corporation.jpg","keywords":["AMResorts","Apple Leisure Group","Gonzalo del Pe\u00f3n","Hyatt Hotels Corporation"],"articleSection":["Hoteles"],"inLanguage":"es-MX"},{"@type":"WebPage","@id":"https:\/\/nitu.mx\/index.php\/2025\/09\/04\/gonzalo-del-peon-anuncia-su-salida-de-hyatt-hotels-corporation\/","url":"https:\/\/nitu.mx\/index.php\/2025\/09\/04\/gonzalo-del-peon-anuncia-su-salida-de-hyatt-hotels-corporation\/","name":"Gonzalo del Pe\u00f3n anuncia su salida de Hyatt Hotels Corporation - Nitu - Noticias de la Industria Turistica","isPartOf":{"@id":"https:\/\/nitu.mx\/#website"},"primaryImageOfPage":{"@id":"https:\/\/nitu.mx\/index.php\/2025\/09\/04\/gonzalo-del-peon-anuncia-su-salida-de-hyatt-hotels-corporation\/#primaryimage"},"image":{"@id":"https:\/\/nitu.mx\/index.php\/2025\/09\/04\/gonzalo-del-peon-anuncia-su-salida-de-hyatt-hotels-corporation\/#primaryimage"},"thumbnailUrl":"https:\/\/nitu.mx\/wp-content\/uploads\/2025\/09\/Gonzalo-del-Peon-salida-de-Hyatt-Hotels-Corporation.jpg","datePublished":"2025-09-04T21:38:17+00:00","dateModified":"2025-09-04T21:40:07+00:00","breadcrumb":{"@id":"https:\/\/nitu.mx\/index.php\/2025\/09\/04\/gonzalo-del-peon-anuncia-su-salida-de-hyatt-hotels-corporation\/#breadcrumb"},"inLanguage":"es-MX","potentialAction":[{"@type":"ReadAction","target":["https:\/\/nitu.mx\/index.php\/2025\/09\/04\/gonzalo-del-peon-anuncia-su-salida-de-hyatt-hotels-corporation\/"]}]},{"@type":"ImageObject","inLanguage":"es-MX","@id":"https:\/\/nitu.mx\/index.php\/2025\/09\/04\/gonzalo-del-peon-anuncia-su-salida-de-hyatt-hotels-corporation\/#primaryimage","url":"https:\/\/nitu.mx\/wp-content\/uploads\/2025\/09\/Gonzalo-del-Peon-salida-de-Hyatt-Hotels-Corporation.jpg","contentUrl":"https:\/\/nitu.mx\/wp-content\/uploads\/2025\/09\/Gonzalo-del-Peon-salida-de-Hyatt-Hotels-Corporation.jpg","width":1200,"height":675,"caption":"Mark Hoplamazian entrega reconocimiento a Gonzalo del Pe\u00f3n por su trayectoria en la compa\u00f1\u00eda."},{"@type":"BreadcrumbList","@id":"https:\/\/nitu.mx\/index.php\/2025\/09\/04\/gonzalo-del-peon-anuncia-su-salida-de-hyatt-hotels-corporation\/#breadcrumb","itemListElement":[{"@type":"ListItem","position":1,"name":"Inicio","item":"https:\/\/nitu.mx\/"},{"@type":"ListItem","position":2,"name":"Gonzalo del Pe\u00f3n anuncia su salida de Hyatt Hotels Corporation"}]},{"@type":"WebSite","@id":"https:\/\/nitu.mx\/#website","url":"https:\/\/nitu.mx\/","name":"Nitu - Noticias de la Industria Turistica","description":"Noticias de la Industria Turistica","publisher":{"@id":"https:\/\/nitu.mx\/#\/schema\/person\/ae7a53426417292d3dd07b45a33e01bc"},"alternateName":"Noticias de la Industria Turistica","potentialAction":[{"@type":"SearchAction","target":{"@type":"EntryPoint","urlTemplate":"https:\/\/nitu.mx\/?s={search_term_string}"},"query-input":"required name=search_term_string"}],"inLanguage":"es-MX"},{"@type":["Person","Organization"],"@id":"https:\/\/nitu.mx\/#\/schema\/person\/ae7a53426417292d3dd07b45a33e01bc","name":"Arturo Medina","image":{"@type":"ImageObject","inLanguage":"es-MX","@id":"https:\/\/nitu.mx\/#\/schema\/person\/image\/","url":"https:\/\/nitu.mx\/wp-content\/uploads\/2024\/04\/4A315622-1904-4D5C-B022-878CDC840E04-90x90-1.jpeg","contentUrl":"https:\/\/nitu.mx\/wp-content\/uploads\/2024\/04\/4A315622-1904-4D5C-B022-878CDC840E04-90x90-1.jpeg","width":90,"height":90,"caption":"Arturo Medina"},"logo":{"@id":"https:\/\/nitu.mx\/#\/schema\/person\/image\/"},"description":"Director NITU.mx, Egresado de la Escuela de Periodismo Carlos Septi\u00e9n Garc\u00eda. Periodista y analista especializado en turismo desde hace 35 a\u00f1os, radicado en Canc\u00fan Q.Roo. arturo@nitu.mx","sameAs":["https:\/\/nitu.mx","https:\/\/www.facebook.com\/NITUmx\/","medinacancun","https:\/\/twitter.com\/@Arturo_Medina_G"]},{"@type":"Person","@id":"https:\/\/nitu.mx\/#\/schema\/person\/4a28fe9bd65924f7c90623773daf1b0b","name":"Redacci\u00f3n","image":{"@type":"ImageObject","inLanguage":"es-MX","@id":"https:\/\/nitu.mx\/#\/schema\/person\/image\/","url":"https:\/\/secure.gravatar.com\/avatar\/5dd011c8ccfc5cd7e4c81e42252aab38?s=96&d=mm&r=g","contentUrl":"https:\/\/secure.gravatar.com\/avatar\/5dd011c8ccfc5cd7e4c81e42252aab38?s=96&d=mm&r=g","caption":"Redacci\u00f3n"},"url":"https:\/\/nitu.mx\/index.php\/author\/redaccion\/"}]}},"views":746,"_links":{"self":[{"href":"https:\/\/nitu.mx\/index.php\/wp-json\/wp\/v2\/posts\/83303"}],"collection":[{"href":"https:\/\/nitu.mx\/index.php\/wp-json\/wp\/v2\/posts"}],"about":[{"href":"https:\/\/nitu.mx\/index.php\/wp-json\/wp\/v2\/types\/post"}],"author":[{"embeddable":true,"href":"https:\/\/nitu.mx\/index.php\/wp-json\/wp\/v2\/users\/17"}],"replies":[{"embeddable":true,"href":"https:\/\/nitu.mx\/index.php\/wp-json\/wp\/v2\/comments?post=83303"}],"version-history":[{"count":3,"href":"https:\/\/nitu.mx\/index.php\/wp-json\/wp\/v2\/posts\/83303\/revisions"}],"predecessor-version":[{"id":83309,"href":"https:\/\/nitu.mx\/index.php\/wp-json\/wp\/v2\/posts\/83303\/revisions\/83309"}],"wp:featuredmedia":[{"embeddable":true,"href":"https:\/\/nitu.mx\/index.php\/wp-json\/wp\/v2\/media\/83306"}],"wp:attachment":[{"href":"https:\/\/nitu.mx\/index.php\/wp-json\/wp\/v2\/media?parent=83303"}],"wp:term":[{"taxonomy":"category","embeddable":true,"href":"https:\/\/nitu.mx\/index.php\/wp-json\/wp\/v2\/categories?post=83303"},{"taxonomy":"post_tag","embeddable":true,"href":"https:\/\/nitu.mx\/index.php\/wp-json\/wp\/v2\/tags?post=83303"}],"curies":[{"name":"wp","href":"https:\/\/api.w.org\/{rel}","templated":true}]}}