{"id":83286,"date":"2025-09-03T19:30:00","date_gmt":"2025-09-04T01:30:00","guid":{"rendered":"https:\/\/nitu.mx\/?p=83286"},"modified":"2025-09-03T17:16:38","modified_gmt":"2025-09-03T23:16:38","slug":"volaris-lanza-premium-nuevo-servicio-que-ofrece-mas-espacio-y-comodidad-al-pasajero","status":"publish","type":"post","link":"https:\/\/nitu.mx\/index.php\/2025\/09\/03\/volaris-lanza-premium-nuevo-servicio-que-ofrece-mas-espacio-y-comodidad-al-pasajero\/","title":{"rendered":"Volaris lanza Premium +, nuevo servicio que ofrece m\u00e1s espacio y comodidad al pasajero"},"content":{"rendered":"\n<p>Volaris anunci\u00f3 el lanzamiento de\u00a0<em>Premium +.<\/em> servicio dise\u00f1ado para brindar a los clientes una experiencia de viaje m\u00e1s espaciosa y c\u00f3moda en el aire, adem\u00e1s de un proceso de embarque m\u00e1s \u00e1gil en tierra. Este nuevo producto estar\u00e1 disponible a partir de octubre en todos los vuelos.<\/p>\n\n\n\n<p><em>Premium +<\/em>\u00a0est\u00e1 dirigido a viajeros que buscan una experiencia de vuelo m\u00e1s espaciosa, c\u00f3moda y personalizada. Los pasajeros de Volaris pueden seleccionar asientos en las dos primeras filas del avi\u00f3n, que ofrecen m\u00e1s espacio con el asiento central bloqueado. <\/p>\n\n\n\n<p>Para mayor espacio y comodidad, disfrutar\u00e1n de una serie de beneficios exclusivos que mejoran significativamente la experiencia a bordo, de puerta a puerta.<\/p>\n\n\n\n<p>Los beneficios del nuevo servicio&nbsp;<em>Premium +<\/em>&nbsp;incluyen: embarque prioritario en el Grupo 1, asiento central libre para mayor comodidad y espacio personal; acceso prioritario a los compartimentos superiores sobre las filas 1 y 2, asegurando espacio para equipaje de mano; as\u00ed como un snack y una bebida no alcoh\u00f3lica como detalle extra durante el vuelo.<\/p>\n\n\n\n<p>\u201cEn Volaris, escuchamos constantemente a nuestros clientes y evolucionamos para ofrecerles lo que m\u00e1s valoran. Con\u00a0<em>Premium +,<\/em>\u00a0damos un paso adelante al brindar una opci\u00f3n que combina mayor comodidad, conveniencia y personalizaci\u00f3n, reconociendo a quienes eligen invertir un poco m\u00e1s en su experiencia de viaje. Este lanzamiento refuerza nuestro compromiso de ofrecer alternativas flexibles que se adapten a cada necesidad y hagan de cada vuelo una experiencia m\u00e1s placentera y sin complicaciones\u201d, afirm\u00f3 Holger Blankenstein, vicepresidente Ejecutivo de Volaris.<\/p>\n\n\n\n<p>El servicio\u00a0<em>Premium +<\/em>\u00a0estar\u00e1 disponible a partir de hoy a trav\u00e9s de todos los canales de atenci\u00f3n al cliente de la aerol\u00ednea. Est\u00e1 disponible al seleccionar un asiento al comprar un vuelo a trav\u00e9s de la app y el sitio web de Volaris, el centro de atenci\u00f3n telef\u00f3nica y en los mostradores del aeropuerto. (<a href=\"https:\/\/nitu.mx\/index.php\/2025\/08\/26\/ixtapa-zihuatanejo-tendra-nuevo-vuelo-de-guadalajara-con-volaris\/\">Ixtapa Zihuatanejo tendr\u00e1 nuevo vuelo de Guadalajara con Volaris<\/a>).<\/p>\n","protected":false},"excerpt":{"rendered":"<p>Volaris anunci\u00f3 el lanzamiento de\u00a0Premium +. servicio dise\u00f1ado para brindar a los clientes una experiencia de viaje m\u00e1s espaciosa y c\u00f3moda en el aire, adem\u00e1s de un proceso de embarque m\u00e1s \u00e1gil en tierra. Este nuevo producto estar\u00e1 disponible a partir de octubre en todos los vuelos. Premium +\u00a0est\u00e1 dirigido a viajeros que buscan una [&hellip;]<\/p>\n","protected":false},"author":17,"featured_media":83289,"comment_status":"closed","ping_status":"closed","sticky":false,"template":"","format":"standard","meta":{"footnotes":""},"categories":[29],"tags":[807,27661,131],"yoast_head":"<!-- This site is optimized with the Yoast SEO plugin v22.2 - https:\/\/yoast.com\/wordpress\/plugins\/seo\/ -->\n<title>Volaris lanza Premium +, nuevo servicio que ofrece m\u00e1s espacio y comodidad al pasajero - Nitu - Noticias de la Industria Turistica<\/title>\n<meta name=\"robots\" content=\"index, follow, max-snippet:-1, max-image-preview:large, max-video-preview:-1\" \/>\n<link rel=\"canonical\" href=\"https:\/\/nitu.mx\/index.php\/2025\/09\/03\/volaris-lanza-premium-nuevo-servicio-que-ofrece-mas-espacio-y-comodidad-al-pasajero\/\" \/>\n<meta name=\"twitter:card\" content=\"summary_large_image\" \/>\n<meta name=\"twitter:title\" content=\"Volaris lanza Premium +, nuevo servicio que ofrece m\u00e1s espacio y comodidad al pasajero - Nitu - Noticias de la Industria Turistica\" \/>\n<meta name=\"twitter:description\" content=\"Volaris anunci\u00f3 el lanzamiento de\u00a0Premium +. servicio dise\u00f1ado para brindar a los clientes una experiencia de viaje m\u00e1s espaciosa y c\u00f3moda en el aire, adem\u00e1s de un proceso de embarque m\u00e1s \u00e1gil en tierra. Este nuevo producto estar\u00e1 disponible a partir de octubre en todos los vuelos. Premium +\u00a0est\u00e1 dirigido a viajeros que buscan una [&hellip;]\" \/>\n<meta name=\"twitter:image\" content=\"https:\/\/nitu.mx\/wp-content\/uploads\/2025\/09\/Volaris-Premium-.jpg\" \/>\n<meta name=\"twitter:creator\" content=\"@NITUmx\" \/>\n<meta name=\"twitter:site\" content=\"@Arturo_Medina_G\" \/>\n<meta name=\"twitter:label1\" content=\"Escrito por\" \/>\n\t<meta name=\"twitter:data1\" content=\"Redacci\u00f3n\" \/>\n\t<meta name=\"twitter:label2\" content=\"Tiempo de lectura\" \/>\n\t<meta name=\"twitter:data2\" content=\"2 minutos\" \/>\n<script type=\"application\/ld+json\" class=\"yoast-schema-graph\">{\"@context\":\"https:\/\/schema.org\",\"@graph\":[{\"@type\":\"Article\",\"@id\":\"https:\/\/nitu.mx\/index.php\/2025\/09\/03\/volaris-lanza-premium-nuevo-servicio-que-ofrece-mas-espacio-y-comodidad-al-pasajero\/#article\",\"isPartOf\":{\"@id\":\"https:\/\/nitu.mx\/index.php\/2025\/09\/03\/volaris-lanza-premium-nuevo-servicio-que-ofrece-mas-espacio-y-comodidad-al-pasajero\/\"},\"author\":{\"name\":\"Redacci\u00f3n\",\"@id\":\"https:\/\/nitu.mx\/#\/schema\/person\/4a28fe9bd65924f7c90623773daf1b0b\"},\"headline\":\"Volaris lanza Premium +, nuevo servicio que ofrece m\u00e1s espacio y comodidad al pasajero\",\"datePublished\":\"2025-09-04T01:30:00+00:00\",\"dateModified\":\"2025-09-03T23:16:38+00:00\",\"mainEntityOfPage\":{\"@id\":\"https:\/\/nitu.mx\/index.php\/2025\/09\/03\/volaris-lanza-premium-nuevo-servicio-que-ofrece-mas-espacio-y-comodidad-al-pasajero\/\"},\"wordCount\":341,\"publisher\":{\"@id\":\"https:\/\/nitu.mx\/#\/schema\/person\/ae7a53426417292d3dd07b45a33e01bc\"},\"image\":{\"@id\":\"https:\/\/nitu.mx\/index.php\/2025\/09\/03\/volaris-lanza-premium-nuevo-servicio-que-ofrece-mas-espacio-y-comodidad-al-pasajero\/#primaryimage\"},\"thumbnailUrl\":\"https:\/\/nitu.mx\/wp-content\/uploads\/2025\/09\/Volaris-Premium-.jpg\",\"keywords\":[\"Holger Blankenstein\",\"Premium +\",\"Volaris\"],\"articleSection\":[\"Aerol\u00edneas\"],\"inLanguage\":\"es-MX\"},{\"@type\":\"WebPage\",\"@id\":\"https:\/\/nitu.mx\/index.php\/2025\/09\/03\/volaris-lanza-premium-nuevo-servicio-que-ofrece-mas-espacio-y-comodidad-al-pasajero\/\",\"url\":\"https:\/\/nitu.mx\/index.php\/2025\/09\/03\/volaris-lanza-premium-nuevo-servicio-que-ofrece-mas-espacio-y-comodidad-al-pasajero\/\",\"name\":\"Volaris lanza Premium +, nuevo servicio que ofrece m\u00e1s espacio y comodidad al pasajero - Nitu - Noticias de la Industria Turistica\",\"isPartOf\":{\"@id\":\"https:\/\/nitu.mx\/#website\"},\"primaryImageOfPage\":{\"@id\":\"https:\/\/nitu.mx\/index.php\/2025\/09\/03\/volaris-lanza-premium-nuevo-servicio-que-ofrece-mas-espacio-y-comodidad-al-pasajero\/#primaryimage\"},\"image\":{\"@id\":\"https:\/\/nitu.mx\/index.php\/2025\/09\/03\/volaris-lanza-premium-nuevo-servicio-que-ofrece-mas-espacio-y-comodidad-al-pasajero\/#primaryimage\"},\"thumbnailUrl\":\"https:\/\/nitu.mx\/wp-content\/uploads\/2025\/09\/Volaris-Premium-.jpg\",\"datePublished\":\"2025-09-04T01:30:00+00:00\",\"dateModified\":\"2025-09-03T23:16:38+00:00\",\"breadcrumb\":{\"@id\":\"https:\/\/nitu.mx\/index.php\/2025\/09\/03\/volaris-lanza-premium-nuevo-servicio-que-ofrece-mas-espacio-y-comodidad-al-pasajero\/#breadcrumb\"},\"inLanguage\":\"es-MX\",\"potentialAction\":[{\"@type\":\"ReadAction\",\"target\":[\"https:\/\/nitu.mx\/index.php\/2025\/09\/03\/volaris-lanza-premium-nuevo-servicio-que-ofrece-mas-espacio-y-comodidad-al-pasajero\/\"]}]},{\"@type\":\"ImageObject\",\"inLanguage\":\"es-MX\",\"@id\":\"https:\/\/nitu.mx\/index.php\/2025\/09\/03\/volaris-lanza-premium-nuevo-servicio-que-ofrece-mas-espacio-y-comodidad-al-pasajero\/#primaryimage\",\"url\":\"https:\/\/nitu.mx\/wp-content\/uploads\/2025\/09\/Volaris-Premium-.jpg\",\"contentUrl\":\"https:\/\/nitu.mx\/wp-content\/uploads\/2025\/09\/Volaris-Premium-.jpg\",\"width\":1200,\"height\":675,\"caption\":\"Volaris Premium +\"},{\"@type\":\"BreadcrumbList\",\"@id\":\"https:\/\/nitu.mx\/index.php\/2025\/09\/03\/volaris-lanza-premium-nuevo-servicio-que-ofrece-mas-espacio-y-comodidad-al-pasajero\/#breadcrumb\",\"itemListElement\":[{\"@type\":\"ListItem\",\"position\":1,\"name\":\"Inicio\",\"item\":\"https:\/\/nitu.mx\/\"},{\"@type\":\"ListItem\",\"position\":2,\"name\":\"Volaris lanza Premium +, nuevo servicio que ofrece m\u00e1s espacio y comodidad al pasajero\"}]},{\"@type\":\"WebSite\",\"@id\":\"https:\/\/nitu.mx\/#website\",\"url\":\"https:\/\/nitu.mx\/\",\"name\":\"Nitu - Noticias de la Industria Turistica\",\"description\":\"Noticias de la Industria Turistica\",\"publisher\":{\"@id\":\"https:\/\/nitu.mx\/#\/schema\/person\/ae7a53426417292d3dd07b45a33e01bc\"},\"alternateName\":\"Noticias de la Industria Turistica\",\"potentialAction\":[{\"@type\":\"SearchAction\",\"target\":{\"@type\":\"EntryPoint\",\"urlTemplate\":\"https:\/\/nitu.mx\/?s={search_term_string}\"},\"query-input\":\"required name=search_term_string\"}],\"inLanguage\":\"es-MX\"},{\"@type\":[\"Person\",\"Organization\"],\"@id\":\"https:\/\/nitu.mx\/#\/schema\/person\/ae7a53426417292d3dd07b45a33e01bc\",\"name\":\"Arturo Medina\",\"image\":{\"@type\":\"ImageObject\",\"inLanguage\":\"es-MX\",\"@id\":\"https:\/\/nitu.mx\/#\/schema\/person\/image\/\",\"url\":\"https:\/\/nitu.mx\/wp-content\/uploads\/2024\/04\/4A315622-1904-4D5C-B022-878CDC840E04-90x90-1.jpeg\",\"contentUrl\":\"https:\/\/nitu.mx\/wp-content\/uploads\/2024\/04\/4A315622-1904-4D5C-B022-878CDC840E04-90x90-1.jpeg\",\"width\":90,\"height\":90,\"caption\":\"Arturo Medina\"},\"logo\":{\"@id\":\"https:\/\/nitu.mx\/#\/schema\/person\/image\/\"},\"description\":\"Director NITU.mx, Egresado de la Escuela de Periodismo Carlos Septi\u00e9n Garc\u00eda. Periodista y analista especializado en turismo desde hace 35 a\u00f1os, radicado en Canc\u00fan Q.Roo. arturo@nitu.mx\",\"sameAs\":[\"https:\/\/nitu.mx\",\"https:\/\/www.facebook.com\/NITUmx\/\",\"medinacancun\",\"https:\/\/twitter.com\/@Arturo_Medina_G\"]},{\"@type\":\"Person\",\"@id\":\"https:\/\/nitu.mx\/#\/schema\/person\/4a28fe9bd65924f7c90623773daf1b0b\",\"name\":\"Redacci\u00f3n\",\"image\":{\"@type\":\"ImageObject\",\"inLanguage\":\"es-MX\",\"@id\":\"https:\/\/nitu.mx\/#\/schema\/person\/image\/\",\"url\":\"https:\/\/secure.gravatar.com\/avatar\/5dd011c8ccfc5cd7e4c81e42252aab38?s=96&d=mm&r=g\",\"contentUrl\":\"https:\/\/secure.gravatar.com\/avatar\/5dd011c8ccfc5cd7e4c81e42252aab38?s=96&d=mm&r=g\",\"caption\":\"Redacci\u00f3n\"},\"url\":\"https:\/\/nitu.mx\/index.php\/author\/redaccion\/\"}]}<\/script>\n<!-- \/ Yoast SEO plugin. -->","yoast_head_json":{"title":"Volaris lanza Premium +, nuevo servicio que ofrece m\u00e1s espacio y comodidad al pasajero - Nitu - Noticias de la Industria Turistica","robots":{"index":"index","follow":"follow","max-snippet":"max-snippet:-1","max-image-preview":"max-image-preview:large","max-video-preview":"max-video-preview:-1"},"canonical":"https:\/\/nitu.mx\/index.php\/2025\/09\/03\/volaris-lanza-premium-nuevo-servicio-que-ofrece-mas-espacio-y-comodidad-al-pasajero\/","twitter_card":"summary_large_image","twitter_title":"Volaris lanza Premium +, nuevo servicio que ofrece m\u00e1s espacio y comodidad al pasajero - Nitu - Noticias de la Industria Turistica","twitter_description":"Volaris anunci\u00f3 el lanzamiento de\u00a0Premium +. servicio dise\u00f1ado para brindar a los clientes una experiencia de viaje m\u00e1s espaciosa y c\u00f3moda en el aire, adem\u00e1s de un proceso de embarque m\u00e1s \u00e1gil en tierra. Este nuevo producto estar\u00e1 disponible a partir de octubre en todos los vuelos. Premium +\u00a0est\u00e1 dirigido a viajeros que buscan una [&hellip;]","twitter_image":"https:\/\/nitu.mx\/wp-content\/uploads\/2025\/09\/Volaris-Premium-.jpg","twitter_creator":"@NITUmx","twitter_site":"@Arturo_Medina_G","twitter_misc":{"Escrito por":"Redacci\u00f3n","Tiempo de lectura":"2 minutos"},"schema":{"@context":"https:\/\/schema.org","@graph":[{"@type":"Article","@id":"https:\/\/nitu.mx\/index.php\/2025\/09\/03\/volaris-lanza-premium-nuevo-servicio-que-ofrece-mas-espacio-y-comodidad-al-pasajero\/#article","isPartOf":{"@id":"https:\/\/nitu.mx\/index.php\/2025\/09\/03\/volaris-lanza-premium-nuevo-servicio-que-ofrece-mas-espacio-y-comodidad-al-pasajero\/"},"author":{"name":"Redacci\u00f3n","@id":"https:\/\/nitu.mx\/#\/schema\/person\/4a28fe9bd65924f7c90623773daf1b0b"},"headline":"Volaris lanza Premium +, nuevo servicio que ofrece m\u00e1s espacio y comodidad al pasajero","datePublished":"2025-09-04T01:30:00+00:00","dateModified":"2025-09-03T23:16:38+00:00","mainEntityOfPage":{"@id":"https:\/\/nitu.mx\/index.php\/2025\/09\/03\/volaris-lanza-premium-nuevo-servicio-que-ofrece-mas-espacio-y-comodidad-al-pasajero\/"},"wordCount":341,"publisher":{"@id":"https:\/\/nitu.mx\/#\/schema\/person\/ae7a53426417292d3dd07b45a33e01bc"},"image":{"@id":"https:\/\/nitu.mx\/index.php\/2025\/09\/03\/volaris-lanza-premium-nuevo-servicio-que-ofrece-mas-espacio-y-comodidad-al-pasajero\/#primaryimage"},"thumbnailUrl":"https:\/\/nitu.mx\/wp-content\/uploads\/2025\/09\/Volaris-Premium-.jpg","keywords":["Holger Blankenstein","Premium +","Volaris"],"articleSection":["Aerol\u00edneas"],"inLanguage":"es-MX"},{"@type":"WebPage","@id":"https:\/\/nitu.mx\/index.php\/2025\/09\/03\/volaris-lanza-premium-nuevo-servicio-que-ofrece-mas-espacio-y-comodidad-al-pasajero\/","url":"https:\/\/nitu.mx\/index.php\/2025\/09\/03\/volaris-lanza-premium-nuevo-servicio-que-ofrece-mas-espacio-y-comodidad-al-pasajero\/","name":"Volaris lanza Premium +, nuevo servicio que ofrece m\u00e1s espacio y comodidad al pasajero - Nitu - Noticias de la Industria Turistica","isPartOf":{"@id":"https:\/\/nitu.mx\/#website"},"primaryImageOfPage":{"@id":"https:\/\/nitu.mx\/index.php\/2025\/09\/03\/volaris-lanza-premium-nuevo-servicio-que-ofrece-mas-espacio-y-comodidad-al-pasajero\/#primaryimage"},"image":{"@id":"https:\/\/nitu.mx\/index.php\/2025\/09\/03\/volaris-lanza-premium-nuevo-servicio-que-ofrece-mas-espacio-y-comodidad-al-pasajero\/#primaryimage"},"thumbnailUrl":"https:\/\/nitu.mx\/wp-content\/uploads\/2025\/09\/Volaris-Premium-.jpg","datePublished":"2025-09-04T01:30:00+00:00","dateModified":"2025-09-03T23:16:38+00:00","breadcrumb":{"@id":"https:\/\/nitu.mx\/index.php\/2025\/09\/03\/volaris-lanza-premium-nuevo-servicio-que-ofrece-mas-espacio-y-comodidad-al-pasajero\/#breadcrumb"},"inLanguage":"es-MX","potentialAction":[{"@type":"ReadAction","target":["https:\/\/nitu.mx\/index.php\/2025\/09\/03\/volaris-lanza-premium-nuevo-servicio-que-ofrece-mas-espacio-y-comodidad-al-pasajero\/"]}]},{"@type":"ImageObject","inLanguage":"es-MX","@id":"https:\/\/nitu.mx\/index.php\/2025\/09\/03\/volaris-lanza-premium-nuevo-servicio-que-ofrece-mas-espacio-y-comodidad-al-pasajero\/#primaryimage","url":"https:\/\/nitu.mx\/wp-content\/uploads\/2025\/09\/Volaris-Premium-.jpg","contentUrl":"https:\/\/nitu.mx\/wp-content\/uploads\/2025\/09\/Volaris-Premium-.jpg","width":1200,"height":675,"caption":"Volaris Premium +"},{"@type":"BreadcrumbList","@id":"https:\/\/nitu.mx\/index.php\/2025\/09\/03\/volaris-lanza-premium-nuevo-servicio-que-ofrece-mas-espacio-y-comodidad-al-pasajero\/#breadcrumb","itemListElement":[{"@type":"ListItem","position":1,"name":"Inicio","item":"https:\/\/nitu.mx\/"},{"@type":"ListItem","position":2,"name":"Volaris lanza Premium +, nuevo servicio que ofrece m\u00e1s espacio y comodidad al pasajero"}]},{"@type":"WebSite","@id":"https:\/\/nitu.mx\/#website","url":"https:\/\/nitu.mx\/","name":"Nitu - Noticias de la Industria Turistica","description":"Noticias de la Industria Turistica","publisher":{"@id":"https:\/\/nitu.mx\/#\/schema\/person\/ae7a53426417292d3dd07b45a33e01bc"},"alternateName":"Noticias de la Industria Turistica","potentialAction":[{"@type":"SearchAction","target":{"@type":"EntryPoint","urlTemplate":"https:\/\/nitu.mx\/?s={search_term_string}"},"query-input":"required name=search_term_string"}],"inLanguage":"es-MX"},{"@type":["Person","Organization"],"@id":"https:\/\/nitu.mx\/#\/schema\/person\/ae7a53426417292d3dd07b45a33e01bc","name":"Arturo Medina","image":{"@type":"ImageObject","inLanguage":"es-MX","@id":"https:\/\/nitu.mx\/#\/schema\/person\/image\/","url":"https:\/\/nitu.mx\/wp-content\/uploads\/2024\/04\/4A315622-1904-4D5C-B022-878CDC840E04-90x90-1.jpeg","contentUrl":"https:\/\/nitu.mx\/wp-content\/uploads\/2024\/04\/4A315622-1904-4D5C-B022-878CDC840E04-90x90-1.jpeg","width":90,"height":90,"caption":"Arturo Medina"},"logo":{"@id":"https:\/\/nitu.mx\/#\/schema\/person\/image\/"},"description":"Director NITU.mx, Egresado de la Escuela de Periodismo Carlos Septi\u00e9n Garc\u00eda. Periodista y analista especializado en turismo desde hace 35 a\u00f1os, radicado en Canc\u00fan Q.Roo. arturo@nitu.mx","sameAs":["https:\/\/nitu.mx","https:\/\/www.facebook.com\/NITUmx\/","medinacancun","https:\/\/twitter.com\/@Arturo_Medina_G"]},{"@type":"Person","@id":"https:\/\/nitu.mx\/#\/schema\/person\/4a28fe9bd65924f7c90623773daf1b0b","name":"Redacci\u00f3n","image":{"@type":"ImageObject","inLanguage":"es-MX","@id":"https:\/\/nitu.mx\/#\/schema\/person\/image\/","url":"https:\/\/secure.gravatar.com\/avatar\/5dd011c8ccfc5cd7e4c81e42252aab38?s=96&d=mm&r=g","contentUrl":"https:\/\/secure.gravatar.com\/avatar\/5dd011c8ccfc5cd7e4c81e42252aab38?s=96&d=mm&r=g","caption":"Redacci\u00f3n"},"url":"https:\/\/nitu.mx\/index.php\/author\/redaccion\/"}]}},"views":4852,"_links":{"self":[{"href":"https:\/\/nitu.mx\/index.php\/wp-json\/wp\/v2\/posts\/83286"}],"collection":[{"href":"https:\/\/nitu.mx\/index.php\/wp-json\/wp\/v2\/posts"}],"about":[{"href":"https:\/\/nitu.mx\/index.php\/wp-json\/wp\/v2\/types\/post"}],"author":[{"embeddable":true,"href":"https:\/\/nitu.mx\/index.php\/wp-json\/wp\/v2\/users\/17"}],"replies":[{"embeddable":true,"href":"https:\/\/nitu.mx\/index.php\/wp-json\/wp\/v2\/comments?post=83286"}],"version-history":[{"count":1,"href":"https:\/\/nitu.mx\/index.php\/wp-json\/wp\/v2\/posts\/83286\/revisions"}],"predecessor-version":[{"id":83288,"href":"https:\/\/nitu.mx\/index.php\/wp-json\/wp\/v2\/posts\/83286\/revisions\/83288"}],"wp:featuredmedia":[{"embeddable":true,"href":"https:\/\/nitu.mx\/index.php\/wp-json\/wp\/v2\/media\/83289"}],"wp:attachment":[{"href":"https:\/\/nitu.mx\/index.php\/wp-json\/wp\/v2\/media?parent=83286"}],"wp:term":[{"taxonomy":"category","embeddable":true,"href":"https:\/\/nitu.mx\/index.php\/wp-json\/wp\/v2\/categories?post=83286"},{"taxonomy":"post_tag","embeddable":true,"href":"https:\/\/nitu.mx\/index.php\/wp-json\/wp\/v2\/tags?post=83286"}],"curies":[{"name":"wp","href":"https:\/\/api.w.org\/{rel}","templated":true}]}}