{"id":83271,"date":"2025-09-02T21:30:00","date_gmt":"2025-09-03T03:30:00","guid":{"rendered":"https:\/\/nitu.mx\/?p=83271"},"modified":"2025-09-02T19:47:43","modified_gmt":"2025-09-03T01:47:43","slug":"presume-gobierno-inversion-de-301-mil-mdp-en-carreteras-aeropuertos-y-trenes","status":"publish","type":"post","link":"https:\/\/nitu.mx\/index.php\/2025\/09\/02\/presume-gobierno-inversion-de-301-mil-mdp-en-carreteras-aeropuertos-y-trenes\/","title":{"rendered":"Presume gobierno inversi\u00f3n de 301 mil MDP en carreteras, aeropuertos y trenes"},"content":{"rendered":"\n<p>El Gobierno de M\u00e9xico tiene una inversi\u00f3n comprometida de 301 mil 540 millones de pesos para el desarrollo de la infraestructura carretera y aeroportuaria, as\u00ed como trenes de carga y de pasajeros; as\u00ed lo destac\u00f3 la presidenta Claudia Sheinbaum Pardo durante su Primer Informe de Gobierno.<\/p>\n\n\n\n<p>Afirm\u00f3 que la inversi\u00f3n p\u00fablica no sustituye, sino que complementa y potencia a la privada; pero jam\u00e1s renuncia a su responsabilidad central: garantizar que la prosperidad sea compartida, que el desarrollo sustentable llegue a todas y a todos, sin exclusiones.<\/p>\n\n\n\n<p>En este marco, este a\u00f1o se concluyen obras iniciadas en la pasada administraci\u00f3n, por ejemplo:<\/p>\n\n\n\n<p>El tramo Esc\u00e1rcega-Chetumal del Tren Maya.<\/p>\n\n\n\n<p>Cuatro Centros de Atenci\u00f3n a Visitantes en Zonas Arqueol\u00f3gicas, as\u00ed como todos los hoteles del Tren Maya.<\/p>\n\n\n\n<p>Y tambi\u00e9n las carreteras Real del Monte\u2013Huasca, Mitla\u2013Tehuantepec y Las Varas\u2013Puerto Vallarta. Para diciembre estar\u00e1n terminados el puente Nichupt\u00e9, en Canc\u00fan, Quintana Roo; el puente Rizo de Oro, en Chiapas; la carretera San Ignacio\u2013Tayoltita, en la frontera Sinaloa\u2013Durango, y el viaducto elevado de Tijuana.<\/p>\n\n\n\n<p>Se inici\u00f3 tambi\u00e9n la ampliaci\u00f3n y modernizaci\u00f3n de seis proyectos carreteros estrat\u00e9gicos y se da continuidad a tres del sexenio anterior:<\/p>\n\n\n\n<p>Cuautla\u2013Tlapa.<\/p>\n\n\n\n<p>Tamazunchale\u2013Huejutla.<\/p>\n\n\n\n<p>Bavispe\u2013Nuevo Casas Grandes.<\/p>\n\n\n\n<p>Toluca\u2013Zihuatanejo.<\/p>\n\n\n\n<p>Macuspana\u2013Esc\u00e1rcega.<\/p>\n\n\n\n<p>Circuito Tierra y Libertad, en Morelos.<\/p>\n\n\n\n<p>Salina Cruz\u2013Zihuatanejo.<\/p>\n\n\n\n<p>Guaymas\u2013Chihuahua.<\/p>\n\n\n\n<p>Y Tepic\u2013Compostela.<\/p>\n\n\n\n<p>Ya se construyen 11 de 21 distribuidores viales y puentes para mejorar la movilidad en las principales ciudades de Baja California Sur, Colima, Nayarit, Morelos, Estado de M\u00e9xico, Veracruz, Tlaxcala y Sinaloa.<\/p>\n\n\n\n<p>Adem\u00e1s, \u201cpr\u00e1cticamente estamos rehaciendo nuevamente 68 puentes vehiculares en Guerrero da\u00f1ados durante el hurac\u00e1n&nbsp;<em>John\u201d,&nbsp;<\/em>afirm\u00f3 la mandataria<em>.<\/em><\/p>\n\n\n\n<p>Como parte del Plan L\u00e1zaro C\u00e1rdenas del R\u00edo se rehabilitan y ampl\u00edan 820 kil\u00f3metros de caminos en la zona mixteca, amuzga, nahua y tlapaneca de las monta\u00f1as de Oaxaca y de Guerrero. Asimismo, se otorgan recursos para 500 kil\u00f3metros de caminos artesanales en el marco de los Planes de Justicia de comunidades y pueblos ind\u00edgenas en 11 estados del pa\u00eds.<\/p>\n\n\n\n<p>Por otro lado, detall\u00f3, se da mantenimiento a 30 mil 476 kil\u00f3metros de carreteras federales, para lo cual se adquirieron 20 trenes de pavimentaci\u00f3n.<\/p>\n\n\n\n<p>Tambi\u00e9n se impulsa, bajo esquemas de inversi\u00f3n mixta, siete proyectos carreteros estrat\u00e9gicos: C\u00f3rdoba\u2013Orizaba, Puente Internacional Laredo, Nueva Italia\u2013L\u00e1zaro C\u00e1rdenas, Ensenada\u2013Tijuana, Las Varas\u2013San Blas, Tepic\u2013Compostela y el Corredor del Golfo de M\u00e9xico, en Tamaulipas, as\u00ed como la terminaci\u00f3n de los aeropuertos de Tepic y Puerto Escondido.<\/p>\n\n\n\n<p>Adem\u00e1s, se desarrollan ocho proyectos carreteros con inversi\u00f3n privada, y obras de ampliaci\u00f3n en 36 aeropuertos concesionados. Dio inicio la remodelaci\u00f3n integral del Aeropuerto Internacional de la Ciudad de M\u00e9xico (AICM), a cargo de la Secretar\u00eda de Marina. <a href=\"https:\/\/nitu.mx\/index.php\/2025\/09\/01\/aicm-taxis-permisionarios-piden-regreso-de-guardia-nacional-acusan-favoritismo-a-uber-y-didi\/\">AICM: (Taxis permisionarios piden regreso de Guardia Nacional, acusan favoritismo a Uber y Didi<\/a>).<\/p>\n\n\n\n<p>La inversi\u00f3n comprometida en estas obras alcanza 121 mil 540 millones de pesos. Dio avances de los proyectos ferroviarios, de los que este a\u00f1o inici\u00f3 la construcci\u00f3n del Tren Maya de carga, con su derivaci\u00f3n a Puerto Progreso, a cargo de los ingenieros militares.<\/p>\n\n\n\n<p>Tambi\u00e9n se mantiene la obra del Tren Interoce\u00e1nico, en los tramos Oaxaca\u2013Chiapas y Roberto Ayala\u2013Para\u00edso, Tabasco, bajo la responsabilidad de los ingenieros de la Secretar\u00eda de Marina.<\/p>\n\n\n\n<p>Asimismo, se termina el libramiento de la ciudad de Nogales, en Sonora y el Tren Insurgente de Santa Fe a Observatorio. Adem\u00e1s, en diciembre, concluye el tramo Lecher\u00eda\u2013Aeropuerto Internacional \u201cFelipe \u00c1ngeles\u201d.<\/p>\n\n\n\n<p>Por otro lado, arranc\u00f3 la construcci\u00f3n de la ruta Ciudad de M\u00e9xico\u2013Pachuca y Ciudad de M\u00e9xico\u2013Quer\u00e9taro, ambas a cargo del Agrupamiento de Ingenieros \u201cFelipe \u00c1ngeles\u201d.<\/p>\n\n\n\n<p>Asimismo, se licitaron los tramos Saltillo\u2013Nuevo Laredo y Quer\u00e9taro\u2013Irapuato, cuyas obras comienzan este mismo mes de septiembre. <\/p>\n","protected":false},"excerpt":{"rendered":"<p>El Gobierno de M\u00e9xico tiene una inversi\u00f3n comprometida de 301 mil 540 millones de pesos para el desarrollo de la infraestructura carretera y aeroportuaria, as\u00ed como trenes de carga y de pasajeros; as\u00ed lo destac\u00f3 la presidenta Claudia Sheinbaum Pardo durante su Primer Informe de Gobierno. Afirm\u00f3 que la inversi\u00f3n p\u00fablica no sustituye, sino que [&hellip;]<\/p>\n","protected":false},"author":17,"featured_media":83275,"comment_status":"closed","ping_status":"closed","sticky":false,"template":"","format":"standard","meta":{"footnotes":""},"categories":[19462,24505],"tags":[2625,5466,13802,26775,4894,11427],"yoast_head":"<!-- This site is optimized with the Yoast SEO plugin v22.2 - https:\/\/yoast.com\/wordpress\/plugins\/seo\/ -->\n<title>Presume gobierno inversi\u00f3n de 301 mil MDP en carreteras, aeropuertos y trenes - Nitu - Noticias de la Industria Turistica<\/title>\n<meta name=\"robots\" content=\"index, follow, max-snippet:-1, max-image-preview:large, max-video-preview:-1\" \/>\n<link rel=\"canonical\" href=\"https:\/\/nitu.mx\/index.php\/2025\/09\/02\/presume-gobierno-inversion-de-301-mil-mdp-en-carreteras-aeropuertos-y-trenes\/\" \/>\n<meta name=\"twitter:card\" content=\"summary_large_image\" \/>\n<meta name=\"twitter:title\" content=\"Presume gobierno inversi\u00f3n de 301 mil MDP en carreteras, aeropuertos y trenes - Nitu - Noticias de la Industria Turistica\" \/>\n<meta name=\"twitter:description\" content=\"El Gobierno de M\u00e9xico tiene una inversi\u00f3n comprometida de 301 mil 540 millones de pesos para el desarrollo de la infraestructura carretera y aeroportuaria, as\u00ed como trenes de carga y de pasajeros; as\u00ed lo destac\u00f3 la presidenta Claudia Sheinbaum Pardo durante su Primer Informe de Gobierno. Afirm\u00f3 que la inversi\u00f3n p\u00fablica no sustituye, sino que [&hellip;]\" \/>\n<meta name=\"twitter:image\" content=\"https:\/\/nitu.mx\/wp-content\/uploads\/2025\/09\/AIFA-inversion-publica.jpg\" \/>\n<meta name=\"twitter:creator\" content=\"@NITUmx\" \/>\n<meta name=\"twitter:site\" content=\"@Arturo_Medina_G\" \/>\n<meta name=\"twitter:label1\" content=\"Escrito por\" \/>\n\t<meta name=\"twitter:data1\" content=\"Redacci\u00f3n\" \/>\n\t<meta name=\"twitter:label2\" content=\"Tiempo de lectura\" \/>\n\t<meta name=\"twitter:data2\" content=\"3 minutos\" \/>\n<script type=\"application\/ld+json\" class=\"yoast-schema-graph\">{\"@context\":\"https:\/\/schema.org\",\"@graph\":[{\"@type\":\"Article\",\"@id\":\"https:\/\/nitu.mx\/index.php\/2025\/09\/02\/presume-gobierno-inversion-de-301-mil-mdp-en-carreteras-aeropuertos-y-trenes\/#article\",\"isPartOf\":{\"@id\":\"https:\/\/nitu.mx\/index.php\/2025\/09\/02\/presume-gobierno-inversion-de-301-mil-mdp-en-carreteras-aeropuertos-y-trenes\/\"},\"author\":{\"name\":\"Redacci\u00f3n\",\"@id\":\"https:\/\/nitu.mx\/#\/schema\/person\/4a28fe9bd65924f7c90623773daf1b0b\"},\"headline\":\"Presume gobierno inversi\u00f3n de 301 mil MDP en carreteras, aeropuertos y trenes\",\"datePublished\":\"2025-09-03T03:30:00+00:00\",\"dateModified\":\"2025-09-03T01:47:43+00:00\",\"mainEntityOfPage\":{\"@id\":\"https:\/\/nitu.mx\/index.php\/2025\/09\/02\/presume-gobierno-inversion-de-301-mil-mdp-en-carreteras-aeropuertos-y-trenes\/\"},\"wordCount\":670,\"publisher\":{\"@id\":\"https:\/\/nitu.mx\/#\/schema\/person\/ae7a53426417292d3dd07b45a33e01bc\"},\"image\":{\"@id\":\"https:\/\/nitu.mx\/index.php\/2025\/09\/02\/presume-gobierno-inversion-de-301-mil-mdp-en-carreteras-aeropuertos-y-trenes\/#primaryimage\"},\"thumbnailUrl\":\"https:\/\/nitu.mx\/wp-content\/uploads\/2025\/09\/AIFA-inversion-publica.jpg\",\"keywords\":[\"aeropuertos\",\"carreteras\",\"Claudia Sheinbaum\",\"Informe de Gobierno\",\"inversiones\",\"Tren Maya\"],\"articleSection\":[\"Aeropuertos\",\"Destacados\"],\"inLanguage\":\"es-MX\"},{\"@type\":\"WebPage\",\"@id\":\"https:\/\/nitu.mx\/index.php\/2025\/09\/02\/presume-gobierno-inversion-de-301-mil-mdp-en-carreteras-aeropuertos-y-trenes\/\",\"url\":\"https:\/\/nitu.mx\/index.php\/2025\/09\/02\/presume-gobierno-inversion-de-301-mil-mdp-en-carreteras-aeropuertos-y-trenes\/\",\"name\":\"Presume gobierno inversi\u00f3n de 301 mil MDP en carreteras, aeropuertos y trenes - Nitu - Noticias de la Industria Turistica\",\"isPartOf\":{\"@id\":\"https:\/\/nitu.mx\/#website\"},\"primaryImageOfPage\":{\"@id\":\"https:\/\/nitu.mx\/index.php\/2025\/09\/02\/presume-gobierno-inversion-de-301-mil-mdp-en-carreteras-aeropuertos-y-trenes\/#primaryimage\"},\"image\":{\"@id\":\"https:\/\/nitu.mx\/index.php\/2025\/09\/02\/presume-gobierno-inversion-de-301-mil-mdp-en-carreteras-aeropuertos-y-trenes\/#primaryimage\"},\"thumbnailUrl\":\"https:\/\/nitu.mx\/wp-content\/uploads\/2025\/09\/AIFA-inversion-publica.jpg\",\"datePublished\":\"2025-09-03T03:30:00+00:00\",\"dateModified\":\"2025-09-03T01:47:43+00:00\",\"breadcrumb\":{\"@id\":\"https:\/\/nitu.mx\/index.php\/2025\/09\/02\/presume-gobierno-inversion-de-301-mil-mdp-en-carreteras-aeropuertos-y-trenes\/#breadcrumb\"},\"inLanguage\":\"es-MX\",\"potentialAction\":[{\"@type\":\"ReadAction\",\"target\":[\"https:\/\/nitu.mx\/index.php\/2025\/09\/02\/presume-gobierno-inversion-de-301-mil-mdp-en-carreteras-aeropuertos-y-trenes\/\"]}]},{\"@type\":\"ImageObject\",\"inLanguage\":\"es-MX\",\"@id\":\"https:\/\/nitu.mx\/index.php\/2025\/09\/02\/presume-gobierno-inversion-de-301-mil-mdp-en-carreteras-aeropuertos-y-trenes\/#primaryimage\",\"url\":\"https:\/\/nitu.mx\/wp-content\/uploads\/2025\/09\/AIFA-inversion-publica.jpg\",\"contentUrl\":\"https:\/\/nitu.mx\/wp-content\/uploads\/2025\/09\/AIFA-inversion-publica.jpg\",\"width\":1200,\"height\":675,\"caption\":\"AIFA inversi\u00f3n p\u00fablica\"},{\"@type\":\"BreadcrumbList\",\"@id\":\"https:\/\/nitu.mx\/index.php\/2025\/09\/02\/presume-gobierno-inversion-de-301-mil-mdp-en-carreteras-aeropuertos-y-trenes\/#breadcrumb\",\"itemListElement\":[{\"@type\":\"ListItem\",\"position\":1,\"name\":\"Inicio\",\"item\":\"https:\/\/nitu.mx\/\"},{\"@type\":\"ListItem\",\"position\":2,\"name\":\"Presume gobierno inversi\u00f3n de 301 mil MDP en carreteras, aeropuertos y trenes\"}]},{\"@type\":\"WebSite\",\"@id\":\"https:\/\/nitu.mx\/#website\",\"url\":\"https:\/\/nitu.mx\/\",\"name\":\"Nitu - Noticias de la Industria Turistica\",\"description\":\"Noticias de la Industria Turistica\",\"publisher\":{\"@id\":\"https:\/\/nitu.mx\/#\/schema\/person\/ae7a53426417292d3dd07b45a33e01bc\"},\"alternateName\":\"Noticias de la Industria Turistica\",\"potentialAction\":[{\"@type\":\"SearchAction\",\"target\":{\"@type\":\"EntryPoint\",\"urlTemplate\":\"https:\/\/nitu.mx\/?s={search_term_string}\"},\"query-input\":\"required name=search_term_string\"}],\"inLanguage\":\"es-MX\"},{\"@type\":[\"Person\",\"Organization\"],\"@id\":\"https:\/\/nitu.mx\/#\/schema\/person\/ae7a53426417292d3dd07b45a33e01bc\",\"name\":\"Arturo Medina\",\"image\":{\"@type\":\"ImageObject\",\"inLanguage\":\"es-MX\",\"@id\":\"https:\/\/nitu.mx\/#\/schema\/person\/image\/\",\"url\":\"https:\/\/nitu.mx\/wp-content\/uploads\/2024\/04\/4A315622-1904-4D5C-B022-878CDC840E04-90x90-1.jpeg\",\"contentUrl\":\"https:\/\/nitu.mx\/wp-content\/uploads\/2024\/04\/4A315622-1904-4D5C-B022-878CDC840E04-90x90-1.jpeg\",\"width\":90,\"height\":90,\"caption\":\"Arturo Medina\"},\"logo\":{\"@id\":\"https:\/\/nitu.mx\/#\/schema\/person\/image\/\"},\"description\":\"Director NITU.mx, Egresado de la Escuela de Periodismo Carlos Septi\u00e9n Garc\u00eda. Periodista y analista especializado en turismo desde hace 35 a\u00f1os, radicado en Canc\u00fan Q.Roo. arturo@nitu.mx\",\"sameAs\":[\"https:\/\/nitu.mx\",\"https:\/\/www.facebook.com\/NITUmx\/\",\"medinacancun\",\"https:\/\/twitter.com\/@Arturo_Medina_G\"]},{\"@type\":\"Person\",\"@id\":\"https:\/\/nitu.mx\/#\/schema\/person\/4a28fe9bd65924f7c90623773daf1b0b\",\"name\":\"Redacci\u00f3n\",\"image\":{\"@type\":\"ImageObject\",\"inLanguage\":\"es-MX\",\"@id\":\"https:\/\/nitu.mx\/#\/schema\/person\/image\/\",\"url\":\"https:\/\/secure.gravatar.com\/avatar\/5dd011c8ccfc5cd7e4c81e42252aab38?s=96&d=mm&r=g\",\"contentUrl\":\"https:\/\/secure.gravatar.com\/avatar\/5dd011c8ccfc5cd7e4c81e42252aab38?s=96&d=mm&r=g\",\"caption\":\"Redacci\u00f3n\"},\"url\":\"https:\/\/nitu.mx\/index.php\/author\/redaccion\/\"}]}<\/script>\n<!-- \/ Yoast SEO plugin. -->","yoast_head_json":{"title":"Presume gobierno inversi\u00f3n de 301 mil MDP en carreteras, aeropuertos y trenes - Nitu - Noticias de la Industria Turistica","robots":{"index":"index","follow":"follow","max-snippet":"max-snippet:-1","max-image-preview":"max-image-preview:large","max-video-preview":"max-video-preview:-1"},"canonical":"https:\/\/nitu.mx\/index.php\/2025\/09\/02\/presume-gobierno-inversion-de-301-mil-mdp-en-carreteras-aeropuertos-y-trenes\/","twitter_card":"summary_large_image","twitter_title":"Presume gobierno inversi\u00f3n de 301 mil MDP en carreteras, aeropuertos y trenes - Nitu - Noticias de la Industria Turistica","twitter_description":"El Gobierno de M\u00e9xico tiene una inversi\u00f3n comprometida de 301 mil 540 millones de pesos para el desarrollo de la infraestructura carretera y aeroportuaria, as\u00ed como trenes de carga y de pasajeros; as\u00ed lo destac\u00f3 la presidenta Claudia Sheinbaum Pardo durante su Primer Informe de Gobierno. Afirm\u00f3 que la inversi\u00f3n p\u00fablica no sustituye, sino que [&hellip;]","twitter_image":"https:\/\/nitu.mx\/wp-content\/uploads\/2025\/09\/AIFA-inversion-publica.jpg","twitter_creator":"@NITUmx","twitter_site":"@Arturo_Medina_G","twitter_misc":{"Escrito por":"Redacci\u00f3n","Tiempo de lectura":"3 minutos"},"schema":{"@context":"https:\/\/schema.org","@graph":[{"@type":"Article","@id":"https:\/\/nitu.mx\/index.php\/2025\/09\/02\/presume-gobierno-inversion-de-301-mil-mdp-en-carreteras-aeropuertos-y-trenes\/#article","isPartOf":{"@id":"https:\/\/nitu.mx\/index.php\/2025\/09\/02\/presume-gobierno-inversion-de-301-mil-mdp-en-carreteras-aeropuertos-y-trenes\/"},"author":{"name":"Redacci\u00f3n","@id":"https:\/\/nitu.mx\/#\/schema\/person\/4a28fe9bd65924f7c90623773daf1b0b"},"headline":"Presume gobierno inversi\u00f3n de 301 mil MDP en carreteras, aeropuertos y trenes","datePublished":"2025-09-03T03:30:00+00:00","dateModified":"2025-09-03T01:47:43+00:00","mainEntityOfPage":{"@id":"https:\/\/nitu.mx\/index.php\/2025\/09\/02\/presume-gobierno-inversion-de-301-mil-mdp-en-carreteras-aeropuertos-y-trenes\/"},"wordCount":670,"publisher":{"@id":"https:\/\/nitu.mx\/#\/schema\/person\/ae7a53426417292d3dd07b45a33e01bc"},"image":{"@id":"https:\/\/nitu.mx\/index.php\/2025\/09\/02\/presume-gobierno-inversion-de-301-mil-mdp-en-carreteras-aeropuertos-y-trenes\/#primaryimage"},"thumbnailUrl":"https:\/\/nitu.mx\/wp-content\/uploads\/2025\/09\/AIFA-inversion-publica.jpg","keywords":["aeropuertos","carreteras","Claudia Sheinbaum","Informe de Gobierno","inversiones","Tren Maya"],"articleSection":["Aeropuertos","Destacados"],"inLanguage":"es-MX"},{"@type":"WebPage","@id":"https:\/\/nitu.mx\/index.php\/2025\/09\/02\/presume-gobierno-inversion-de-301-mil-mdp-en-carreteras-aeropuertos-y-trenes\/","url":"https:\/\/nitu.mx\/index.php\/2025\/09\/02\/presume-gobierno-inversion-de-301-mil-mdp-en-carreteras-aeropuertos-y-trenes\/","name":"Presume gobierno inversi\u00f3n de 301 mil MDP en carreteras, aeropuertos y trenes - Nitu - Noticias de la Industria Turistica","isPartOf":{"@id":"https:\/\/nitu.mx\/#website"},"primaryImageOfPage":{"@id":"https:\/\/nitu.mx\/index.php\/2025\/09\/02\/presume-gobierno-inversion-de-301-mil-mdp-en-carreteras-aeropuertos-y-trenes\/#primaryimage"},"image":{"@id":"https:\/\/nitu.mx\/index.php\/2025\/09\/02\/presume-gobierno-inversion-de-301-mil-mdp-en-carreteras-aeropuertos-y-trenes\/#primaryimage"},"thumbnailUrl":"https:\/\/nitu.mx\/wp-content\/uploads\/2025\/09\/AIFA-inversion-publica.jpg","datePublished":"2025-09-03T03:30:00+00:00","dateModified":"2025-09-03T01:47:43+00:00","breadcrumb":{"@id":"https:\/\/nitu.mx\/index.php\/2025\/09\/02\/presume-gobierno-inversion-de-301-mil-mdp-en-carreteras-aeropuertos-y-trenes\/#breadcrumb"},"inLanguage":"es-MX","potentialAction":[{"@type":"ReadAction","target":["https:\/\/nitu.mx\/index.php\/2025\/09\/02\/presume-gobierno-inversion-de-301-mil-mdp-en-carreteras-aeropuertos-y-trenes\/"]}]},{"@type":"ImageObject","inLanguage":"es-MX","@id":"https:\/\/nitu.mx\/index.php\/2025\/09\/02\/presume-gobierno-inversion-de-301-mil-mdp-en-carreteras-aeropuertos-y-trenes\/#primaryimage","url":"https:\/\/nitu.mx\/wp-content\/uploads\/2025\/09\/AIFA-inversion-publica.jpg","contentUrl":"https:\/\/nitu.mx\/wp-content\/uploads\/2025\/09\/AIFA-inversion-publica.jpg","width":1200,"height":675,"caption":"AIFA inversi\u00f3n p\u00fablica"},{"@type":"BreadcrumbList","@id":"https:\/\/nitu.mx\/index.php\/2025\/09\/02\/presume-gobierno-inversion-de-301-mil-mdp-en-carreteras-aeropuertos-y-trenes\/#breadcrumb","itemListElement":[{"@type":"ListItem","position":1,"name":"Inicio","item":"https:\/\/nitu.mx\/"},{"@type":"ListItem","position":2,"name":"Presume gobierno inversi\u00f3n de 301 mil MDP en carreteras, aeropuertos y trenes"}]},{"@type":"WebSite","@id":"https:\/\/nitu.mx\/#website","url":"https:\/\/nitu.mx\/","name":"Nitu - Noticias de la Industria Turistica","description":"Noticias de la Industria Turistica","publisher":{"@id":"https:\/\/nitu.mx\/#\/schema\/person\/ae7a53426417292d3dd07b45a33e01bc"},"alternateName":"Noticias de la Industria Turistica","potentialAction":[{"@type":"SearchAction","target":{"@type":"EntryPoint","urlTemplate":"https:\/\/nitu.mx\/?s={search_term_string}"},"query-input":"required name=search_term_string"}],"inLanguage":"es-MX"},{"@type":["Person","Organization"],"@id":"https:\/\/nitu.mx\/#\/schema\/person\/ae7a53426417292d3dd07b45a33e01bc","name":"Arturo Medina","image":{"@type":"ImageObject","inLanguage":"es-MX","@id":"https:\/\/nitu.mx\/#\/schema\/person\/image\/","url":"https:\/\/nitu.mx\/wp-content\/uploads\/2024\/04\/4A315622-1904-4D5C-B022-878CDC840E04-90x90-1.jpeg","contentUrl":"https:\/\/nitu.mx\/wp-content\/uploads\/2024\/04\/4A315622-1904-4D5C-B022-878CDC840E04-90x90-1.jpeg","width":90,"height":90,"caption":"Arturo Medina"},"logo":{"@id":"https:\/\/nitu.mx\/#\/schema\/person\/image\/"},"description":"Director NITU.mx, Egresado de la Escuela de Periodismo Carlos Septi\u00e9n Garc\u00eda. Periodista y analista especializado en turismo desde hace 35 a\u00f1os, radicado en Canc\u00fan Q.Roo. arturo@nitu.mx","sameAs":["https:\/\/nitu.mx","https:\/\/www.facebook.com\/NITUmx\/","medinacancun","https:\/\/twitter.com\/@Arturo_Medina_G"]},{"@type":"Person","@id":"https:\/\/nitu.mx\/#\/schema\/person\/4a28fe9bd65924f7c90623773daf1b0b","name":"Redacci\u00f3n","image":{"@type":"ImageObject","inLanguage":"es-MX","@id":"https:\/\/nitu.mx\/#\/schema\/person\/image\/","url":"https:\/\/secure.gravatar.com\/avatar\/5dd011c8ccfc5cd7e4c81e42252aab38?s=96&d=mm&r=g","contentUrl":"https:\/\/secure.gravatar.com\/avatar\/5dd011c8ccfc5cd7e4c81e42252aab38?s=96&d=mm&r=g","caption":"Redacci\u00f3n"},"url":"https:\/\/nitu.mx\/index.php\/author\/redaccion\/"}]}},"views":551,"_links":{"self":[{"href":"https:\/\/nitu.mx\/index.php\/wp-json\/wp\/v2\/posts\/83271"}],"collection":[{"href":"https:\/\/nitu.mx\/index.php\/wp-json\/wp\/v2\/posts"}],"about":[{"href":"https:\/\/nitu.mx\/index.php\/wp-json\/wp\/v2\/types\/post"}],"author":[{"embeddable":true,"href":"https:\/\/nitu.mx\/index.php\/wp-json\/wp\/v2\/users\/17"}],"replies":[{"embeddable":true,"href":"https:\/\/nitu.mx\/index.php\/wp-json\/wp\/v2\/comments?post=83271"}],"version-history":[{"count":2,"href":"https:\/\/nitu.mx\/index.php\/wp-json\/wp\/v2\/posts\/83271\/revisions"}],"predecessor-version":[{"id":83276,"href":"https:\/\/nitu.mx\/index.php\/wp-json\/wp\/v2\/posts\/83271\/revisions\/83276"}],"wp:featuredmedia":[{"embeddable":true,"href":"https:\/\/nitu.mx\/index.php\/wp-json\/wp\/v2\/media\/83275"}],"wp:attachment":[{"href":"https:\/\/nitu.mx\/index.php\/wp-json\/wp\/v2\/media?parent=83271"}],"wp:term":[{"taxonomy":"category","embeddable":true,"href":"https:\/\/nitu.mx\/index.php\/wp-json\/wp\/v2\/categories?post=83271"},{"taxonomy":"post_tag","embeddable":true,"href":"https:\/\/nitu.mx\/index.php\/wp-json\/wp\/v2\/tags?post=83271"}],"curies":[{"name":"wp","href":"https:\/\/api.w.org\/{rel}","templated":true}]}}