{"id":83258,"date":"2025-09-02T16:33:42","date_gmt":"2025-09-02T22:33:42","guid":{"rendered":"https:\/\/nitu.mx\/?p=83258"},"modified":"2025-09-02T16:33:43","modified_gmt":"2025-09-02T22:33:43","slug":"fiturca-impulsa-el-turismo-europeo-con-la-segunda-temporada-del-vuelo-francfort-los-cabos","status":"publish","type":"post","link":"https:\/\/nitu.mx\/index.php\/2025\/09\/02\/fiturca-impulsa-el-turismo-europeo-con-la-segunda-temporada-del-vuelo-francfort-los-cabos\/","title":{"rendered":"FITURCA impulsa el turismo europeo con la segunda temporada del vuelo Fr\u00e1ncfort \u2013 Los Cabos"},"content":{"rendered":"\n<p>El vuelo directo Fr\u00e1ncfort \u2013 Los Cabos, a cargo de Condor Airlines, ha significado una oportunidad para diversificar y fortalecer el turismo internacional en Baja California Sur. Gracias a los resultados de su primera temporada, esta ruta ha demostrado su capacidad para atraer a un visitante de alto impacto econ\u00f3mico, lo que ha llevado a la confirmaci\u00f3n de una segunda temporada. <\/p>\n\n\n\n<p>A partir del 3 de noviembre de 2025 y hasta el 6 de abril de 2026, el vuelo continuar\u00e1 conectando de manera directa a Europa con Los Cabos, ofreciendo dos frecuencias semanales, los lunes y viernes, y consolidando as\u00ed la posici\u00f3n del destino como un referente para el turismo europeo.<\/p>\n\n\n\n<p>De acuerdo con los resultados de la primera temporada de operaci\u00f3n, que abarc\u00f3 de noviembre de 2024 a abril de 2025, el perfil del turista alem\u00e1n que visita Baja California Sur destaca por su alto nivel educativo y poder adquisitivo. Son viajeros que planifican sus viajes con m\u00e1s de tres meses de anticipaci\u00f3n y en su mayor\u00eda reservan a trav\u00e9s de internet o agencias especializadas.<\/p>\n\n\n\n<p>\u201cLa conectividad directa con Alemania a trav\u00e9s de Condor Airlines no solo nos posiciona como un destino de clase mundial, sino que tambi\u00e9n nos permite atraer a un visitante sofisticado, de larga estancia y alto impacto econ\u00f3mico. Los resultados de esta primera temporada confirman el potencial de Los Cabos para seguir creciendo en el mercado europeo, especialmente en segmentos que valoran la naturaleza, la hospitalidad y las experiencias aut\u00e9nticas que ofrece Baja California Sur\u201d, se\u00f1al\u00f3 Rodrigo Esponda, director general del Fideicomiso de Turismo de Los Cabos.<\/p>\n\n\n\n<p>El 38% de los visitantes alemanes que visitan el destino perciben ingresos anuales que oscilan entre $45,000 y $100,000 d\u00f3lares. La estancia promedio de estos turistas es de 10.5 d\u00edas, lo que representa un impacto positivo en el consumo local, ya que el gasto total promedio por persona asciende a $58,448 pesos mexicanos.<\/p>\n\n\n\n<p>El 69% de los visitantes alemanes se hospeda en hoteles, principalmente de 4 o 5 estrellas, mientras que el resto prefiere villas, departamentos o estad\u00edas con conocidos. Durante su visita, el 56% opta por rentar un autom\u00f3vil para explorar la regi\u00f3n, lo que refleja su inter\u00e9s en conocer diversos destinos y su preferencia por la movilidad independiente.<\/p>\n\n\n\n<p>Entre los principales atractivos que motivan a los turistas alemanes a visitar Los Cabos y Baja California Sur se encuentran la naturaleza y el mar. Buscan experiencias relacionadas con la fauna marina, playas v\u00edrgenes, buceo, senderismo y snorkeling. <\/p>\n\n\n\n<p>Los paisajes, el clima y la tranquilidad son las razones m\u00e1s mencionadas para elegir este destino. Los lugares m\u00e1s visitados por este segmento incluyen Cabo San Lucas, San Jos\u00e9 del Cabo, La Paz, Loreto, Todos Santos, Cabo Pulmo, San Antonio, El Triunfo y La Ventana, as\u00ed como diversas \u00e1reas naturales protegidas.<\/p>\n\n\n\n<p>El 90% de los turistas alemanes reporta una alta satisfacci\u00f3n con su experiencia, destacando la seguridad, el servicio y la hospitalidad recibidos. Adem\u00e1s, existe un inter\u00e9s significativo en la adquisici\u00f3n de una segunda residencia, ya que el 31% de los visitantes manifest\u00f3 esta intenci\u00f3n. Tambi\u00e9n participan en esquemas de tiempo compartido y muestran potencial para inversiones inmobiliarias, lo que abre nuevas oportunidades para el sector de lujo y experiencias aut\u00e9nticas en la regi\u00f3n.<\/p>\n\n\n\n<p>La importancia de esta ruta se refleja en la diversificaci\u00f3n de mercados, pues el 60% de los pasajeros son alemanes, el 31% proviene de otros pa\u00edses europeos y el 9% de otros mercados internacionales. Esta diversidad no solo fortalece la presencia europea en la regi\u00f3n, sino que tambi\u00e9n posiciona a Los Cabos como un destino global, abriendo nuevas oportunidades para el desarrollo econ\u00f3mico y tur\u00edstico de Baja California Sur y consolidando su liderazgo en la atracci\u00f3n de visitantes internacionales. (<a href=\"https:\/\/nitu.mx\/index.php\/2025\/08\/21\/fiturca-impulsa-a-los-cabos-en-ibtm-americas-2025-con-mas-de-600-reuniones\/\">FITURCA impulsa a Los Cabos en IBTM Americas 2025 con m\u00e1s de 600 reuniones<\/a>).<\/p>\n","protected":false},"excerpt":{"rendered":"<p>El vuelo directo Fr\u00e1ncfort \u2013 Los Cabos, a cargo de Condor Airlines, ha significado una oportunidad para diversificar y fortalecer el turismo internacional en Baja California Sur. Gracias a los resultados de su primera temporada, esta ruta ha demostrado su capacidad para atraer a un visitante de alto impacto econ\u00f3mico, lo que ha llevado a [&hellip;]<\/p>\n","protected":false},"author":17,"featured_media":81771,"comment_status":"closed","ping_status":"closed","sticky":false,"template":"","format":"standard","meta":{"footnotes":""},"categories":[29,5],"tags":[3445,1443,1702,130,1028],"yoast_head":"<!-- This site is optimized with the Yoast SEO plugin v22.2 - https:\/\/yoast.com\/wordpress\/plugins\/seo\/ -->\n<title>FITURCA impulsa el turismo europeo con la segunda temporada del vuelo Fr\u00e1ncfort \u2013 Los Cabos - Nitu - Noticias de la Industria Turistica<\/title>\n<meta name=\"robots\" content=\"index, follow, max-snippet:-1, max-image-preview:large, max-video-preview:-1\" \/>\n<link rel=\"canonical\" href=\"https:\/\/nitu.mx\/index.php\/2025\/09\/02\/fiturca-impulsa-el-turismo-europeo-con-la-segunda-temporada-del-vuelo-francfort-los-cabos\/\" \/>\n<meta name=\"twitter:card\" content=\"summary_large_image\" \/>\n<meta name=\"twitter:title\" content=\"FITURCA impulsa el turismo europeo con la segunda temporada del vuelo Fr\u00e1ncfort \u2013 Los Cabos - Nitu - Noticias de la Industria Turistica\" \/>\n<meta name=\"twitter:description\" content=\"El vuelo directo Fr\u00e1ncfort \u2013 Los Cabos, a cargo de Condor Airlines, ha significado una oportunidad para diversificar y fortalecer el turismo internacional en Baja California Sur. Gracias a los resultados de su primera temporada, esta ruta ha demostrado su capacidad para atraer a un visitante de alto impacto econ\u00f3mico, lo que ha llevado a [&hellip;]\" \/>\n<meta name=\"twitter:image\" content=\"https:\/\/nitu.mx\/wp-content\/uploads\/2025\/06\/Los-Cabos-FITURCA-Wellness-5.jpg\" \/>\n<meta name=\"twitter:creator\" content=\"@NITUmx\" \/>\n<meta name=\"twitter:site\" content=\"@Arturo_Medina_G\" \/>\n<meta name=\"twitter:label1\" content=\"Escrito por\" \/>\n\t<meta name=\"twitter:data1\" content=\"Redacci\u00f3n\" \/>\n\t<meta name=\"twitter:label2\" content=\"Tiempo de lectura\" \/>\n\t<meta name=\"twitter:data2\" content=\"3 minutos\" \/>\n<script type=\"application\/ld+json\" class=\"yoast-schema-graph\">{\"@context\":\"https:\/\/schema.org\",\"@graph\":[{\"@type\":\"Article\",\"@id\":\"https:\/\/nitu.mx\/index.php\/2025\/09\/02\/fiturca-impulsa-el-turismo-europeo-con-la-segunda-temporada-del-vuelo-francfort-los-cabos\/#article\",\"isPartOf\":{\"@id\":\"https:\/\/nitu.mx\/index.php\/2025\/09\/02\/fiturca-impulsa-el-turismo-europeo-con-la-segunda-temporada-del-vuelo-francfort-los-cabos\/\"},\"author\":{\"name\":\"Redacci\u00f3n\",\"@id\":\"https:\/\/nitu.mx\/#\/schema\/person\/4a28fe9bd65924f7c90623773daf1b0b\"},\"headline\":\"FITURCA impulsa el turismo europeo con la segunda temporada del vuelo Fr\u00e1ncfort \u2013 Los Cabos\",\"datePublished\":\"2025-09-02T22:33:42+00:00\",\"dateModified\":\"2025-09-02T22:33:43+00:00\",\"mainEntityOfPage\":{\"@id\":\"https:\/\/nitu.mx\/index.php\/2025\/09\/02\/fiturca-impulsa-el-turismo-europeo-con-la-segunda-temporada-del-vuelo-francfort-los-cabos\/\"},\"wordCount\":659,\"publisher\":{\"@id\":\"https:\/\/nitu.mx\/#\/schema\/person\/ae7a53426417292d3dd07b45a33e01bc\"},\"image\":{\"@id\":\"https:\/\/nitu.mx\/index.php\/2025\/09\/02\/fiturca-impulsa-el-turismo-europeo-con-la-segunda-temporada-del-vuelo-francfort-los-cabos\/#primaryimage\"},\"thumbnailUrl\":\"https:\/\/nitu.mx\/wp-content\/uploads\/2025\/06\/Los-Cabos-FITURCA-Wellness-5.jpg\",\"keywords\":[\"Condor\",\"Fiturca\",\"Frankfurt\",\"Los Cabos\",\"Rodrigo Esponda\"],\"articleSection\":[\"Aerol\u00edneas\",\"Destinos\"],\"inLanguage\":\"es-MX\"},{\"@type\":\"WebPage\",\"@id\":\"https:\/\/nitu.mx\/index.php\/2025\/09\/02\/fiturca-impulsa-el-turismo-europeo-con-la-segunda-temporada-del-vuelo-francfort-los-cabos\/\",\"url\":\"https:\/\/nitu.mx\/index.php\/2025\/09\/02\/fiturca-impulsa-el-turismo-europeo-con-la-segunda-temporada-del-vuelo-francfort-los-cabos\/\",\"name\":\"FITURCA impulsa el turismo europeo con la segunda temporada del vuelo Fr\u00e1ncfort \u2013 Los Cabos - Nitu - Noticias de la Industria Turistica\",\"isPartOf\":{\"@id\":\"https:\/\/nitu.mx\/#website\"},\"primaryImageOfPage\":{\"@id\":\"https:\/\/nitu.mx\/index.php\/2025\/09\/02\/fiturca-impulsa-el-turismo-europeo-con-la-segunda-temporada-del-vuelo-francfort-los-cabos\/#primaryimage\"},\"image\":{\"@id\":\"https:\/\/nitu.mx\/index.php\/2025\/09\/02\/fiturca-impulsa-el-turismo-europeo-con-la-segunda-temporada-del-vuelo-francfort-los-cabos\/#primaryimage\"},\"thumbnailUrl\":\"https:\/\/nitu.mx\/wp-content\/uploads\/2025\/06\/Los-Cabos-FITURCA-Wellness-5.jpg\",\"datePublished\":\"2025-09-02T22:33:42+00:00\",\"dateModified\":\"2025-09-02T22:33:43+00:00\",\"breadcrumb\":{\"@id\":\"https:\/\/nitu.mx\/index.php\/2025\/09\/02\/fiturca-impulsa-el-turismo-europeo-con-la-segunda-temporada-del-vuelo-francfort-los-cabos\/#breadcrumb\"},\"inLanguage\":\"es-MX\",\"potentialAction\":[{\"@type\":\"ReadAction\",\"target\":[\"https:\/\/nitu.mx\/index.php\/2025\/09\/02\/fiturca-impulsa-el-turismo-europeo-con-la-segunda-temporada-del-vuelo-francfort-los-cabos\/\"]}]},{\"@type\":\"ImageObject\",\"inLanguage\":\"es-MX\",\"@id\":\"https:\/\/nitu.mx\/index.php\/2025\/09\/02\/fiturca-impulsa-el-turismo-europeo-con-la-segunda-temporada-del-vuelo-francfort-los-cabos\/#primaryimage\",\"url\":\"https:\/\/nitu.mx\/wp-content\/uploads\/2025\/06\/Los-Cabos-FITURCA-Wellness-5.jpg\",\"contentUrl\":\"https:\/\/nitu.mx\/wp-content\/uploads\/2025\/06\/Los-Cabos-FITURCA-Wellness-5.jpg\",\"width\":1200,\"height\":675,\"caption\":\"Los Cabos FITURCA Wellness 5\"},{\"@type\":\"BreadcrumbList\",\"@id\":\"https:\/\/nitu.mx\/index.php\/2025\/09\/02\/fiturca-impulsa-el-turismo-europeo-con-la-segunda-temporada-del-vuelo-francfort-los-cabos\/#breadcrumb\",\"itemListElement\":[{\"@type\":\"ListItem\",\"position\":1,\"name\":\"Inicio\",\"item\":\"https:\/\/nitu.mx\/\"},{\"@type\":\"ListItem\",\"position\":2,\"name\":\"FITURCA impulsa el turismo europeo con la segunda temporada del vuelo Fr\u00e1ncfort \u2013 Los Cabos\"}]},{\"@type\":\"WebSite\",\"@id\":\"https:\/\/nitu.mx\/#website\",\"url\":\"https:\/\/nitu.mx\/\",\"name\":\"Nitu - Noticias de la Industria Turistica\",\"description\":\"Noticias de la Industria Turistica\",\"publisher\":{\"@id\":\"https:\/\/nitu.mx\/#\/schema\/person\/ae7a53426417292d3dd07b45a33e01bc\"},\"alternateName\":\"Noticias de la Industria Turistica\",\"potentialAction\":[{\"@type\":\"SearchAction\",\"target\":{\"@type\":\"EntryPoint\",\"urlTemplate\":\"https:\/\/nitu.mx\/?s={search_term_string}\"},\"query-input\":\"required name=search_term_string\"}],\"inLanguage\":\"es-MX\"},{\"@type\":[\"Person\",\"Organization\"],\"@id\":\"https:\/\/nitu.mx\/#\/schema\/person\/ae7a53426417292d3dd07b45a33e01bc\",\"name\":\"Arturo Medina\",\"image\":{\"@type\":\"ImageObject\",\"inLanguage\":\"es-MX\",\"@id\":\"https:\/\/nitu.mx\/#\/schema\/person\/image\/\",\"url\":\"https:\/\/nitu.mx\/wp-content\/uploads\/2024\/04\/4A315622-1904-4D5C-B022-878CDC840E04-90x90-1.jpeg\",\"contentUrl\":\"https:\/\/nitu.mx\/wp-content\/uploads\/2024\/04\/4A315622-1904-4D5C-B022-878CDC840E04-90x90-1.jpeg\",\"width\":90,\"height\":90,\"caption\":\"Arturo Medina\"},\"logo\":{\"@id\":\"https:\/\/nitu.mx\/#\/schema\/person\/image\/\"},\"description\":\"Director NITU.mx, Egresado de la Escuela de Periodismo Carlos Septi\u00e9n Garc\u00eda. Periodista y analista especializado en turismo desde hace 35 a\u00f1os, radicado en Canc\u00fan Q.Roo. arturo@nitu.mx\",\"sameAs\":[\"https:\/\/nitu.mx\",\"https:\/\/www.facebook.com\/NITUmx\/\",\"medinacancun\",\"https:\/\/twitter.com\/@Arturo_Medina_G\"]},{\"@type\":\"Person\",\"@id\":\"https:\/\/nitu.mx\/#\/schema\/person\/4a28fe9bd65924f7c90623773daf1b0b\",\"name\":\"Redacci\u00f3n\",\"image\":{\"@type\":\"ImageObject\",\"inLanguage\":\"es-MX\",\"@id\":\"https:\/\/nitu.mx\/#\/schema\/person\/image\/\",\"url\":\"https:\/\/secure.gravatar.com\/avatar\/5dd011c8ccfc5cd7e4c81e42252aab38?s=96&d=mm&r=g\",\"contentUrl\":\"https:\/\/secure.gravatar.com\/avatar\/5dd011c8ccfc5cd7e4c81e42252aab38?s=96&d=mm&r=g\",\"caption\":\"Redacci\u00f3n\"},\"url\":\"https:\/\/nitu.mx\/index.php\/author\/redaccion\/\"}]}<\/script>\n<!-- \/ Yoast SEO plugin. -->","yoast_head_json":{"title":"FITURCA impulsa el turismo europeo con la segunda temporada del vuelo Fr\u00e1ncfort \u2013 Los Cabos - Nitu - Noticias de la Industria Turistica","robots":{"index":"index","follow":"follow","max-snippet":"max-snippet:-1","max-image-preview":"max-image-preview:large","max-video-preview":"max-video-preview:-1"},"canonical":"https:\/\/nitu.mx\/index.php\/2025\/09\/02\/fiturca-impulsa-el-turismo-europeo-con-la-segunda-temporada-del-vuelo-francfort-los-cabos\/","twitter_card":"summary_large_image","twitter_title":"FITURCA impulsa el turismo europeo con la segunda temporada del vuelo Fr\u00e1ncfort \u2013 Los Cabos - Nitu - Noticias de la Industria Turistica","twitter_description":"El vuelo directo Fr\u00e1ncfort \u2013 Los Cabos, a cargo de Condor Airlines, ha significado una oportunidad para diversificar y fortalecer el turismo internacional en Baja California Sur. Gracias a los resultados de su primera temporada, esta ruta ha demostrado su capacidad para atraer a un visitante de alto impacto econ\u00f3mico, lo que ha llevado a [&hellip;]","twitter_image":"https:\/\/nitu.mx\/wp-content\/uploads\/2025\/06\/Los-Cabos-FITURCA-Wellness-5.jpg","twitter_creator":"@NITUmx","twitter_site":"@Arturo_Medina_G","twitter_misc":{"Escrito por":"Redacci\u00f3n","Tiempo de lectura":"3 minutos"},"schema":{"@context":"https:\/\/schema.org","@graph":[{"@type":"Article","@id":"https:\/\/nitu.mx\/index.php\/2025\/09\/02\/fiturca-impulsa-el-turismo-europeo-con-la-segunda-temporada-del-vuelo-francfort-los-cabos\/#article","isPartOf":{"@id":"https:\/\/nitu.mx\/index.php\/2025\/09\/02\/fiturca-impulsa-el-turismo-europeo-con-la-segunda-temporada-del-vuelo-francfort-los-cabos\/"},"author":{"name":"Redacci\u00f3n","@id":"https:\/\/nitu.mx\/#\/schema\/person\/4a28fe9bd65924f7c90623773daf1b0b"},"headline":"FITURCA impulsa el turismo europeo con la segunda temporada del vuelo Fr\u00e1ncfort \u2013 Los Cabos","datePublished":"2025-09-02T22:33:42+00:00","dateModified":"2025-09-02T22:33:43+00:00","mainEntityOfPage":{"@id":"https:\/\/nitu.mx\/index.php\/2025\/09\/02\/fiturca-impulsa-el-turismo-europeo-con-la-segunda-temporada-del-vuelo-francfort-los-cabos\/"},"wordCount":659,"publisher":{"@id":"https:\/\/nitu.mx\/#\/schema\/person\/ae7a53426417292d3dd07b45a33e01bc"},"image":{"@id":"https:\/\/nitu.mx\/index.php\/2025\/09\/02\/fiturca-impulsa-el-turismo-europeo-con-la-segunda-temporada-del-vuelo-francfort-los-cabos\/#primaryimage"},"thumbnailUrl":"https:\/\/nitu.mx\/wp-content\/uploads\/2025\/06\/Los-Cabos-FITURCA-Wellness-5.jpg","keywords":["Condor","Fiturca","Frankfurt","Los Cabos","Rodrigo Esponda"],"articleSection":["Aerol\u00edneas","Destinos"],"inLanguage":"es-MX"},{"@type":"WebPage","@id":"https:\/\/nitu.mx\/index.php\/2025\/09\/02\/fiturca-impulsa-el-turismo-europeo-con-la-segunda-temporada-del-vuelo-francfort-los-cabos\/","url":"https:\/\/nitu.mx\/index.php\/2025\/09\/02\/fiturca-impulsa-el-turismo-europeo-con-la-segunda-temporada-del-vuelo-francfort-los-cabos\/","name":"FITURCA impulsa el turismo europeo con la segunda temporada del vuelo Fr\u00e1ncfort \u2013 Los Cabos - Nitu - Noticias de la Industria Turistica","isPartOf":{"@id":"https:\/\/nitu.mx\/#website"},"primaryImageOfPage":{"@id":"https:\/\/nitu.mx\/index.php\/2025\/09\/02\/fiturca-impulsa-el-turismo-europeo-con-la-segunda-temporada-del-vuelo-francfort-los-cabos\/#primaryimage"},"image":{"@id":"https:\/\/nitu.mx\/index.php\/2025\/09\/02\/fiturca-impulsa-el-turismo-europeo-con-la-segunda-temporada-del-vuelo-francfort-los-cabos\/#primaryimage"},"thumbnailUrl":"https:\/\/nitu.mx\/wp-content\/uploads\/2025\/06\/Los-Cabos-FITURCA-Wellness-5.jpg","datePublished":"2025-09-02T22:33:42+00:00","dateModified":"2025-09-02T22:33:43+00:00","breadcrumb":{"@id":"https:\/\/nitu.mx\/index.php\/2025\/09\/02\/fiturca-impulsa-el-turismo-europeo-con-la-segunda-temporada-del-vuelo-francfort-los-cabos\/#breadcrumb"},"inLanguage":"es-MX","potentialAction":[{"@type":"ReadAction","target":["https:\/\/nitu.mx\/index.php\/2025\/09\/02\/fiturca-impulsa-el-turismo-europeo-con-la-segunda-temporada-del-vuelo-francfort-los-cabos\/"]}]},{"@type":"ImageObject","inLanguage":"es-MX","@id":"https:\/\/nitu.mx\/index.php\/2025\/09\/02\/fiturca-impulsa-el-turismo-europeo-con-la-segunda-temporada-del-vuelo-francfort-los-cabos\/#primaryimage","url":"https:\/\/nitu.mx\/wp-content\/uploads\/2025\/06\/Los-Cabos-FITURCA-Wellness-5.jpg","contentUrl":"https:\/\/nitu.mx\/wp-content\/uploads\/2025\/06\/Los-Cabos-FITURCA-Wellness-5.jpg","width":1200,"height":675,"caption":"Los Cabos FITURCA Wellness 5"},{"@type":"BreadcrumbList","@id":"https:\/\/nitu.mx\/index.php\/2025\/09\/02\/fiturca-impulsa-el-turismo-europeo-con-la-segunda-temporada-del-vuelo-francfort-los-cabos\/#breadcrumb","itemListElement":[{"@type":"ListItem","position":1,"name":"Inicio","item":"https:\/\/nitu.mx\/"},{"@type":"ListItem","position":2,"name":"FITURCA impulsa el turismo europeo con la segunda temporada del vuelo Fr\u00e1ncfort \u2013 Los Cabos"}]},{"@type":"WebSite","@id":"https:\/\/nitu.mx\/#website","url":"https:\/\/nitu.mx\/","name":"Nitu - Noticias de la Industria Turistica","description":"Noticias de la Industria Turistica","publisher":{"@id":"https:\/\/nitu.mx\/#\/schema\/person\/ae7a53426417292d3dd07b45a33e01bc"},"alternateName":"Noticias de la Industria Turistica","potentialAction":[{"@type":"SearchAction","target":{"@type":"EntryPoint","urlTemplate":"https:\/\/nitu.mx\/?s={search_term_string}"},"query-input":"required name=search_term_string"}],"inLanguage":"es-MX"},{"@type":["Person","Organization"],"@id":"https:\/\/nitu.mx\/#\/schema\/person\/ae7a53426417292d3dd07b45a33e01bc","name":"Arturo Medina","image":{"@type":"ImageObject","inLanguage":"es-MX","@id":"https:\/\/nitu.mx\/#\/schema\/person\/image\/","url":"https:\/\/nitu.mx\/wp-content\/uploads\/2024\/04\/4A315622-1904-4D5C-B022-878CDC840E04-90x90-1.jpeg","contentUrl":"https:\/\/nitu.mx\/wp-content\/uploads\/2024\/04\/4A315622-1904-4D5C-B022-878CDC840E04-90x90-1.jpeg","width":90,"height":90,"caption":"Arturo Medina"},"logo":{"@id":"https:\/\/nitu.mx\/#\/schema\/person\/image\/"},"description":"Director NITU.mx, Egresado de la Escuela de Periodismo Carlos Septi\u00e9n Garc\u00eda. Periodista y analista especializado en turismo desde hace 35 a\u00f1os, radicado en Canc\u00fan Q.Roo. arturo@nitu.mx","sameAs":["https:\/\/nitu.mx","https:\/\/www.facebook.com\/NITUmx\/","medinacancun","https:\/\/twitter.com\/@Arturo_Medina_G"]},{"@type":"Person","@id":"https:\/\/nitu.mx\/#\/schema\/person\/4a28fe9bd65924f7c90623773daf1b0b","name":"Redacci\u00f3n","image":{"@type":"ImageObject","inLanguage":"es-MX","@id":"https:\/\/nitu.mx\/#\/schema\/person\/image\/","url":"https:\/\/secure.gravatar.com\/avatar\/5dd011c8ccfc5cd7e4c81e42252aab38?s=96&d=mm&r=g","contentUrl":"https:\/\/secure.gravatar.com\/avatar\/5dd011c8ccfc5cd7e4c81e42252aab38?s=96&d=mm&r=g","caption":"Redacci\u00f3n"},"url":"https:\/\/nitu.mx\/index.php\/author\/redaccion\/"}]}},"views":737,"_links":{"self":[{"href":"https:\/\/nitu.mx\/index.php\/wp-json\/wp\/v2\/posts\/83258"}],"collection":[{"href":"https:\/\/nitu.mx\/index.php\/wp-json\/wp\/v2\/posts"}],"about":[{"href":"https:\/\/nitu.mx\/index.php\/wp-json\/wp\/v2\/types\/post"}],"author":[{"embeddable":true,"href":"https:\/\/nitu.mx\/index.php\/wp-json\/wp\/v2\/users\/17"}],"replies":[{"embeddable":true,"href":"https:\/\/nitu.mx\/index.php\/wp-json\/wp\/v2\/comments?post=83258"}],"version-history":[{"count":1,"href":"https:\/\/nitu.mx\/index.php\/wp-json\/wp\/v2\/posts\/83258\/revisions"}],"predecessor-version":[{"id":83260,"href":"https:\/\/nitu.mx\/index.php\/wp-json\/wp\/v2\/posts\/83258\/revisions\/83260"}],"wp:featuredmedia":[{"embeddable":true,"href":"https:\/\/nitu.mx\/index.php\/wp-json\/wp\/v2\/media\/81771"}],"wp:attachment":[{"href":"https:\/\/nitu.mx\/index.php\/wp-json\/wp\/v2\/media?parent=83258"}],"wp:term":[{"taxonomy":"category","embeddable":true,"href":"https:\/\/nitu.mx\/index.php\/wp-json\/wp\/v2\/categories?post=83258"},{"taxonomy":"post_tag","embeddable":true,"href":"https:\/\/nitu.mx\/index.php\/wp-json\/wp\/v2\/tags?post=83258"}],"curies":[{"name":"wp","href":"https:\/\/api.w.org\/{rel}","templated":true}]}}