{"id":83231,"date":"2025-09-01T17:30:00","date_gmt":"2025-09-01T23:30:00","guid":{"rendered":"https:\/\/nitu.mx\/?p=83231"},"modified":"2025-09-01T15:20:02","modified_gmt":"2025-09-01T21:20:02","slug":"ruta-tajin-nuevo-producto-turistico-que-impulsara-la-region-totonaca-en-veracruz","status":"publish","type":"post","link":"https:\/\/nitu.mx\/index.php\/2025\/09\/01\/ruta-tajin-nuevo-producto-turistico-que-impulsara-la-region-totonaca-en-veracruz\/","title":{"rendered":"Ruta Taj\u00edn, nuevo producto tur\u00edstico que impulsar\u00e1 la regi\u00f3n Totonaca en Veracruz"},"content":{"rendered":"\n<p>Con una ceremonia llena de simbolismo y tradici\u00f3n, la Asociaci\u00f3n de Hoteles y Moteles del Norte de Veracruz present\u00f3 oficialmente el producto tur\u00edstico \u201cRuta Taj\u00edn\u201d en la Ciudad de M\u00e9xico, ante representantes del sector tur\u00edstico, medios de comunicaci\u00f3n, tour operadores y aliados estrat\u00e9gicos, con el objetivo de dar a conocer una propuesta que combina lo mejor del turismo cultural, comunitario y de naturaleza, con la riqueza ancestral de la regi\u00f3n Totonaca.<\/p>\n\n\n\n<p>La jornada inici\u00f3 con una bienvenida tradicional en la que los asistentes fueron recibidos con limpias energ\u00e9ticas realizadas por una sanadora totonaca, marcando el inicio de una experiencia simb\u00f3lica y espiritual.<\/p>\n\n\n\n<p>Posteriormente, se llev\u00f3 a cabo la ceremonia de apertura con la participaci\u00f3n de los Voladores de Papantla, quienes ofrecieron una presentaci\u00f3n ritual acompa\u00f1ada por un mensaje de bienvenida en lengua totonaca.<\/p>\n\n\n\n<p>Durante el acto protocolario, Igor Roj\u00ed L\u00f3pez, secretario de Turismo de Veracruz, destac\u00f3 la importancia de impulsar productos tur\u00edsticos sostenibles que generen desarrollo econ\u00f3mico y fortalezcan el orgullo identitario de las comunidades.<\/p>\n\n\n\n<p>Roj\u00ed reafirm\u00f3 su respaldo a esta iniciativa y reconoci\u00f3 a Ruta Taj\u00edn como un proyecto ejemplar de colaboraci\u00f3n entre gobierno, sector privado y comunidades originarias para impulsar un turismo con identidad, respeto y visi\u00f3n de futuro. (<a href=\"https:\/\/nitu.mx\/index.php\/2025\/08\/05\/festival-internacional-cervantino-veracruz-y-reino-unido-invitados-en-la-edicion-53\/\">Festival Internacional Cervantino: Veracruz y Reino Unido invitados en la edici\u00f3n 53<\/a>).<\/p>\n\n\n\n<p>Por su parte, Guillermo Salinas Cedillo, presidente de la Asociaci\u00f3n de Hoteles y Moteles del Norte de Veracruz, present\u00f3 oficialmente \u201cRuta Taj\u00edn\u201d como un modelo de turismo integrador, donde las comunidades ind\u00edgenas son protagonistas y beneficiarias directas del crecimiento tur\u00edstico.<\/p>\n\n\n\n<p>Tambi\u00e9n expuso los subproductos y experiencias complementarias de la Ruta Taj\u00edn, integrando elementos gastron\u00f3micos, culturales y ecotur\u00edsticos del norte de Veracruz.<\/p>\n\n\n<div id='gallery-1' class='gallery galleryid-83231 gallery-columns-3 gallery-size-herald-lay-c1'><figure class='gallery-item'>\n\t\t\t<div class='gallery-icon landscape'>\n\t\t\t\t<a class=\"herald-popup\" href='https:\/\/nitu.mx\/wp-content\/uploads\/2025\/09\/Ruta-Tajin-2.jpg'><img width=\"470\" height=\"313\" src=\"https:\/\/nitu.mx\/wp-content\/uploads\/2025\/09\/Ruta-Tajin-2-470x313.jpg\" class=\"attachment-herald-lay-c1 size-herald-lay-c1\" alt=\"\" decoding=\"async\" loading=\"lazy\" srcset=\"https:\/\/nitu.mx\/wp-content\/uploads\/2025\/09\/Ruta-Tajin-2-470x313.jpg 470w, https:\/\/nitu.mx\/wp-content\/uploads\/2025\/09\/Ruta-Tajin-2-300x200.jpg 300w, https:\/\/nitu.mx\/wp-content\/uploads\/2025\/09\/Ruta-Tajin-2-414x276.jpg 414w, https:\/\/nitu.mx\/wp-content\/uploads\/2025\/09\/Ruta-Tajin-2-640x426.jpg 640w, https:\/\/nitu.mx\/wp-content\/uploads\/2025\/09\/Ruta-Tajin-2-130x86.jpg 130w, https:\/\/nitu.mx\/wp-content\/uploads\/2025\/09\/Ruta-Tajin-2-187x124.jpg 187w\" sizes=\"(max-width: 470px) 100vw, 470px\" \/><\/a>\n\t\t\t<\/div><\/figure><figure class='gallery-item'>\n\t\t\t<div class='gallery-icon landscape'>\n\t\t\t\t<a class=\"herald-popup\" href='https:\/\/nitu.mx\/wp-content\/uploads\/2025\/09\/Ruta-Tajin-3.jpg'><img width=\"470\" height=\"313\" src=\"https:\/\/nitu.mx\/wp-content\/uploads\/2025\/09\/Ruta-Tajin-3-470x313.jpg\" class=\"attachment-herald-lay-c1 size-herald-lay-c1\" alt=\"\" decoding=\"async\" loading=\"lazy\" srcset=\"https:\/\/nitu.mx\/wp-content\/uploads\/2025\/09\/Ruta-Tajin-3-470x313.jpg 470w, https:\/\/nitu.mx\/wp-content\/uploads\/2025\/09\/Ruta-Tajin-3-300x200.jpg 300w, https:\/\/nitu.mx\/wp-content\/uploads\/2025\/09\/Ruta-Tajin-3-414x276.jpg 414w, https:\/\/nitu.mx\/wp-content\/uploads\/2025\/09\/Ruta-Tajin-3-640x426.jpg 640w, https:\/\/nitu.mx\/wp-content\/uploads\/2025\/09\/Ruta-Tajin-3-130x86.jpg 130w, https:\/\/nitu.mx\/wp-content\/uploads\/2025\/09\/Ruta-Tajin-3-187x124.jpg 187w\" sizes=\"(max-width: 470px) 100vw, 470px\" \/><\/a>\n\t\t\t<\/div><\/figure><figure class='gallery-item'>\n\t\t\t<div class='gallery-icon landscape'>\n\t\t\t\t<a class=\"herald-popup\" href='https:\/\/nitu.mx\/wp-content\/uploads\/2025\/09\/Ruta-Tajin-4.jpg'><img width=\"470\" height=\"313\" src=\"https:\/\/nitu.mx\/wp-content\/uploads\/2025\/09\/Ruta-Tajin-4-470x313.jpg\" class=\"attachment-herald-lay-c1 size-herald-lay-c1\" alt=\"\" decoding=\"async\" loading=\"lazy\" srcset=\"https:\/\/nitu.mx\/wp-content\/uploads\/2025\/09\/Ruta-Tajin-4-470x313.jpg 470w, https:\/\/nitu.mx\/wp-content\/uploads\/2025\/09\/Ruta-Tajin-4-300x200.jpg 300w, https:\/\/nitu.mx\/wp-content\/uploads\/2025\/09\/Ruta-Tajin-4-414x276.jpg 414w, https:\/\/nitu.mx\/wp-content\/uploads\/2025\/09\/Ruta-Tajin-4-640x426.jpg 640w, https:\/\/nitu.mx\/wp-content\/uploads\/2025\/09\/Ruta-Tajin-4-130x86.jpg 130w, https:\/\/nitu.mx\/wp-content\/uploads\/2025\/09\/Ruta-Tajin-4-187x124.jpg 187w\" sizes=\"(max-width: 470px) 100vw, 470px\" \/><\/a>\n\t\t\t<\/div><\/figure>\n\t\t<\/div>\n\n\n\n<p>En tanto, Yazm\u00edn Jacobed M\u00e1rquez, directora de la operadora tur\u00edstica Papantours, comparti\u00f3 las estrategias de operaci\u00f3n y comercializaci\u00f3n, adem\u00e1s del dise\u00f1o de experiencias vivenciales que conectan al visitante con la cultura Totonaca.<\/p>\n\n\n\n<p>A su vez, Lizbeth In\u00e9s Jim\u00e9nez Garc\u00eda, representante de la empresa comunitaria ind\u00edgena Cosecha Totonaca, present\u00f3 la visi\u00f3n de las comunidades sobre su rol activo en la conservaci\u00f3n del patrimonio cultural y su participaci\u00f3n en el turismo vivencial de forma digna y sostenible.<\/p>\n\n\n\n<p>En la presentaci\u00f3n de la Ruta Taj\u00edn, los asistentes participaron en talleres interactivos de alfarer\u00eda y pintura, donde se reconocieron a los mejores trabajos realizados por los propios invitados.<\/p>\n","protected":false},"excerpt":{"rendered":"<p>Con una ceremonia llena de simbolismo y tradici\u00f3n, la Asociaci\u00f3n de Hoteles y Moteles del Norte de Veracruz present\u00f3 oficialmente el producto tur\u00edstico \u201cRuta Taj\u00edn\u201d en la Ciudad de M\u00e9xico, ante representantes del sector tur\u00edstico, medios de comunicaci\u00f3n, tour operadores y aliados estrat\u00e9gicos, con el objetivo de dar a conocer una propuesta que combina lo [&hellip;]<\/p>\n","protected":false},"author":17,"featured_media":83235,"comment_status":"closed","ping_status":"closed","sticky":false,"template":"","format":"standard","meta":{"footnotes":""},"categories":[5],"tags":[27656,27655,475,27657],"yoast_head":"<!-- This site is optimized with the Yoast SEO plugin v22.2 - https:\/\/yoast.com\/wordpress\/plugins\/seo\/ -->\n<title>Ruta Taj\u00edn, nuevo producto tur\u00edstico que impulsar\u00e1 la regi\u00f3n Totonaca en Veracruz - Nitu - Noticias de la Industria Turistica<\/title>\n<meta name=\"robots\" content=\"index, follow, max-snippet:-1, max-image-preview:large, max-video-preview:-1\" \/>\n<link rel=\"canonical\" href=\"https:\/\/nitu.mx\/index.php\/2025\/09\/01\/ruta-tajin-nuevo-producto-turistico-que-impulsara-la-region-totonaca-en-veracruz\/\" \/>\n<meta name=\"twitter:card\" content=\"summary_large_image\" \/>\n<meta name=\"twitter:title\" content=\"Ruta Taj\u00edn, nuevo producto tur\u00edstico que impulsar\u00e1 la regi\u00f3n Totonaca en Veracruz - Nitu - Noticias de la Industria Turistica\" \/>\n<meta name=\"twitter:description\" content=\"Con una ceremonia llena de simbolismo y tradici\u00f3n, la Asociaci\u00f3n de Hoteles y Moteles del Norte de Veracruz present\u00f3 oficialmente el producto tur\u00edstico \u201cRuta Taj\u00edn\u201d en la Ciudad de M\u00e9xico, ante representantes del sector tur\u00edstico, medios de comunicaci\u00f3n, tour operadores y aliados estrat\u00e9gicos, con el objetivo de dar a conocer una propuesta que combina lo [&hellip;]\" \/>\n<meta name=\"twitter:image\" content=\"https:\/\/nitu.mx\/wp-content\/uploads\/2025\/09\/Ruta-Tajin-1.jpg\" \/>\n<meta name=\"twitter:creator\" content=\"@NITUmx\" \/>\n<meta name=\"twitter:site\" content=\"@Arturo_Medina_G\" \/>\n<meta name=\"twitter:label1\" content=\"Escrito por\" \/>\n\t<meta name=\"twitter:data1\" content=\"Redacci\u00f3n\" \/>\n\t<meta name=\"twitter:label2\" content=\"Tiempo de lectura\" \/>\n\t<meta name=\"twitter:data2\" content=\"2 minutos\" \/>\n<script type=\"application\/ld+json\" class=\"yoast-schema-graph\">{\"@context\":\"https:\/\/schema.org\",\"@graph\":[{\"@type\":\"Article\",\"@id\":\"https:\/\/nitu.mx\/index.php\/2025\/09\/01\/ruta-tajin-nuevo-producto-turistico-que-impulsara-la-region-totonaca-en-veracruz\/#article\",\"isPartOf\":{\"@id\":\"https:\/\/nitu.mx\/index.php\/2025\/09\/01\/ruta-tajin-nuevo-producto-turistico-que-impulsara-la-region-totonaca-en-veracruz\/\"},\"author\":{\"name\":\"Redacci\u00f3n\",\"@id\":\"https:\/\/nitu.mx\/#\/schema\/person\/4a28fe9bd65924f7c90623773daf1b0b\"},\"headline\":\"Ruta Taj\u00edn, nuevo producto tur\u00edstico que impulsar\u00e1 la regi\u00f3n Totonaca en Veracruz\",\"datePublished\":\"2025-09-01T23:30:00+00:00\",\"dateModified\":\"2025-09-01T21:20:02+00:00\",\"mainEntityOfPage\":{\"@id\":\"https:\/\/nitu.mx\/index.php\/2025\/09\/01\/ruta-tajin-nuevo-producto-turistico-que-impulsara-la-region-totonaca-en-veracruz\/\"},\"wordCount\":438,\"publisher\":{\"@id\":\"https:\/\/nitu.mx\/#\/schema\/person\/ae7a53426417292d3dd07b45a33e01bc\"},\"image\":{\"@id\":\"https:\/\/nitu.mx\/index.php\/2025\/09\/01\/ruta-tajin-nuevo-producto-turistico-que-impulsara-la-region-totonaca-en-veracruz\/#primaryimage\"},\"thumbnailUrl\":\"https:\/\/nitu.mx\/wp-content\/uploads\/2025\/09\/Ruta-Tajin-1.jpg\",\"keywords\":[\"Igor Roj\u00ed\",\"Ruta Taj\u00edn\",\"Veracruz\",\"Voladores de Papantla\"],\"articleSection\":[\"Destinos\"],\"inLanguage\":\"es-MX\"},{\"@type\":\"WebPage\",\"@id\":\"https:\/\/nitu.mx\/index.php\/2025\/09\/01\/ruta-tajin-nuevo-producto-turistico-que-impulsara-la-region-totonaca-en-veracruz\/\",\"url\":\"https:\/\/nitu.mx\/index.php\/2025\/09\/01\/ruta-tajin-nuevo-producto-turistico-que-impulsara-la-region-totonaca-en-veracruz\/\",\"name\":\"Ruta Taj\u00edn, nuevo producto tur\u00edstico que impulsar\u00e1 la regi\u00f3n Totonaca en Veracruz - Nitu - Noticias de la Industria Turistica\",\"isPartOf\":{\"@id\":\"https:\/\/nitu.mx\/#website\"},\"primaryImageOfPage\":{\"@id\":\"https:\/\/nitu.mx\/index.php\/2025\/09\/01\/ruta-tajin-nuevo-producto-turistico-que-impulsara-la-region-totonaca-en-veracruz\/#primaryimage\"},\"image\":{\"@id\":\"https:\/\/nitu.mx\/index.php\/2025\/09\/01\/ruta-tajin-nuevo-producto-turistico-que-impulsara-la-region-totonaca-en-veracruz\/#primaryimage\"},\"thumbnailUrl\":\"https:\/\/nitu.mx\/wp-content\/uploads\/2025\/09\/Ruta-Tajin-1.jpg\",\"datePublished\":\"2025-09-01T23:30:00+00:00\",\"dateModified\":\"2025-09-01T21:20:02+00:00\",\"breadcrumb\":{\"@id\":\"https:\/\/nitu.mx\/index.php\/2025\/09\/01\/ruta-tajin-nuevo-producto-turistico-que-impulsara-la-region-totonaca-en-veracruz\/#breadcrumb\"},\"inLanguage\":\"es-MX\",\"potentialAction\":[{\"@type\":\"ReadAction\",\"target\":[\"https:\/\/nitu.mx\/index.php\/2025\/09\/01\/ruta-tajin-nuevo-producto-turistico-que-impulsara-la-region-totonaca-en-veracruz\/\"]}]},{\"@type\":\"ImageObject\",\"inLanguage\":\"es-MX\",\"@id\":\"https:\/\/nitu.mx\/index.php\/2025\/09\/01\/ruta-tajin-nuevo-producto-turistico-que-impulsara-la-region-totonaca-en-veracruz\/#primaryimage\",\"url\":\"https:\/\/nitu.mx\/wp-content\/uploads\/2025\/09\/Ruta-Tajin-1.jpg\",\"contentUrl\":\"https:\/\/nitu.mx\/wp-content\/uploads\/2025\/09\/Ruta-Tajin-1.jpg\",\"width\":1200,\"height\":675,\"caption\":\"Ruta Taj\u00edn 1\"},{\"@type\":\"BreadcrumbList\",\"@id\":\"https:\/\/nitu.mx\/index.php\/2025\/09\/01\/ruta-tajin-nuevo-producto-turistico-que-impulsara-la-region-totonaca-en-veracruz\/#breadcrumb\",\"itemListElement\":[{\"@type\":\"ListItem\",\"position\":1,\"name\":\"Inicio\",\"item\":\"https:\/\/nitu.mx\/\"},{\"@type\":\"ListItem\",\"position\":2,\"name\":\"Ruta Taj\u00edn, nuevo producto tur\u00edstico que impulsar\u00e1 la regi\u00f3n Totonaca en Veracruz\"}]},{\"@type\":\"WebSite\",\"@id\":\"https:\/\/nitu.mx\/#website\",\"url\":\"https:\/\/nitu.mx\/\",\"name\":\"Nitu - Noticias de la Industria Turistica\",\"description\":\"Noticias de la Industria Turistica\",\"publisher\":{\"@id\":\"https:\/\/nitu.mx\/#\/schema\/person\/ae7a53426417292d3dd07b45a33e01bc\"},\"alternateName\":\"Noticias de la Industria Turistica\",\"potentialAction\":[{\"@type\":\"SearchAction\",\"target\":{\"@type\":\"EntryPoint\",\"urlTemplate\":\"https:\/\/nitu.mx\/?s={search_term_string}\"},\"query-input\":\"required name=search_term_string\"}],\"inLanguage\":\"es-MX\"},{\"@type\":[\"Person\",\"Organization\"],\"@id\":\"https:\/\/nitu.mx\/#\/schema\/person\/ae7a53426417292d3dd07b45a33e01bc\",\"name\":\"Arturo Medina\",\"image\":{\"@type\":\"ImageObject\",\"inLanguage\":\"es-MX\",\"@id\":\"https:\/\/nitu.mx\/#\/schema\/person\/image\/\",\"url\":\"https:\/\/nitu.mx\/wp-content\/uploads\/2024\/04\/4A315622-1904-4D5C-B022-878CDC840E04-90x90-1.jpeg\",\"contentUrl\":\"https:\/\/nitu.mx\/wp-content\/uploads\/2024\/04\/4A315622-1904-4D5C-B022-878CDC840E04-90x90-1.jpeg\",\"width\":90,\"height\":90,\"caption\":\"Arturo Medina\"},\"logo\":{\"@id\":\"https:\/\/nitu.mx\/#\/schema\/person\/image\/\"},\"description\":\"Director NITU.mx, Egresado de la Escuela de Periodismo Carlos Septi\u00e9n Garc\u00eda. Periodista y analista especializado en turismo desde hace 35 a\u00f1os, radicado en Canc\u00fan Q.Roo. arturo@nitu.mx\",\"sameAs\":[\"https:\/\/nitu.mx\",\"https:\/\/www.facebook.com\/NITUmx\/\",\"medinacancun\",\"https:\/\/twitter.com\/@Arturo_Medina_G\"]},{\"@type\":\"Person\",\"@id\":\"https:\/\/nitu.mx\/#\/schema\/person\/4a28fe9bd65924f7c90623773daf1b0b\",\"name\":\"Redacci\u00f3n\",\"image\":{\"@type\":\"ImageObject\",\"inLanguage\":\"es-MX\",\"@id\":\"https:\/\/nitu.mx\/#\/schema\/person\/image\/\",\"url\":\"https:\/\/secure.gravatar.com\/avatar\/5dd011c8ccfc5cd7e4c81e42252aab38?s=96&d=mm&r=g\",\"contentUrl\":\"https:\/\/secure.gravatar.com\/avatar\/5dd011c8ccfc5cd7e4c81e42252aab38?s=96&d=mm&r=g\",\"caption\":\"Redacci\u00f3n\"},\"url\":\"https:\/\/nitu.mx\/index.php\/author\/redaccion\/\"}]}<\/script>\n<!-- \/ Yoast SEO plugin. -->","yoast_head_json":{"title":"Ruta Taj\u00edn, nuevo producto tur\u00edstico que impulsar\u00e1 la regi\u00f3n Totonaca en Veracruz - Nitu - Noticias de la Industria Turistica","robots":{"index":"index","follow":"follow","max-snippet":"max-snippet:-1","max-image-preview":"max-image-preview:large","max-video-preview":"max-video-preview:-1"},"canonical":"https:\/\/nitu.mx\/index.php\/2025\/09\/01\/ruta-tajin-nuevo-producto-turistico-que-impulsara-la-region-totonaca-en-veracruz\/","twitter_card":"summary_large_image","twitter_title":"Ruta Taj\u00edn, nuevo producto tur\u00edstico que impulsar\u00e1 la regi\u00f3n Totonaca en Veracruz - Nitu - Noticias de la Industria Turistica","twitter_description":"Con una ceremonia llena de simbolismo y tradici\u00f3n, la Asociaci\u00f3n de Hoteles y Moteles del Norte de Veracruz present\u00f3 oficialmente el producto tur\u00edstico \u201cRuta Taj\u00edn\u201d en la Ciudad de M\u00e9xico, ante representantes del sector tur\u00edstico, medios de comunicaci\u00f3n, tour operadores y aliados estrat\u00e9gicos, con el objetivo de dar a conocer una propuesta que combina lo [&hellip;]","twitter_image":"https:\/\/nitu.mx\/wp-content\/uploads\/2025\/09\/Ruta-Tajin-1.jpg","twitter_creator":"@NITUmx","twitter_site":"@Arturo_Medina_G","twitter_misc":{"Escrito por":"Redacci\u00f3n","Tiempo de lectura":"2 minutos"},"schema":{"@context":"https:\/\/schema.org","@graph":[{"@type":"Article","@id":"https:\/\/nitu.mx\/index.php\/2025\/09\/01\/ruta-tajin-nuevo-producto-turistico-que-impulsara-la-region-totonaca-en-veracruz\/#article","isPartOf":{"@id":"https:\/\/nitu.mx\/index.php\/2025\/09\/01\/ruta-tajin-nuevo-producto-turistico-que-impulsara-la-region-totonaca-en-veracruz\/"},"author":{"name":"Redacci\u00f3n","@id":"https:\/\/nitu.mx\/#\/schema\/person\/4a28fe9bd65924f7c90623773daf1b0b"},"headline":"Ruta Taj\u00edn, nuevo producto tur\u00edstico que impulsar\u00e1 la regi\u00f3n Totonaca en Veracruz","datePublished":"2025-09-01T23:30:00+00:00","dateModified":"2025-09-01T21:20:02+00:00","mainEntityOfPage":{"@id":"https:\/\/nitu.mx\/index.php\/2025\/09\/01\/ruta-tajin-nuevo-producto-turistico-que-impulsara-la-region-totonaca-en-veracruz\/"},"wordCount":438,"publisher":{"@id":"https:\/\/nitu.mx\/#\/schema\/person\/ae7a53426417292d3dd07b45a33e01bc"},"image":{"@id":"https:\/\/nitu.mx\/index.php\/2025\/09\/01\/ruta-tajin-nuevo-producto-turistico-que-impulsara-la-region-totonaca-en-veracruz\/#primaryimage"},"thumbnailUrl":"https:\/\/nitu.mx\/wp-content\/uploads\/2025\/09\/Ruta-Tajin-1.jpg","keywords":["Igor Roj\u00ed","Ruta Taj\u00edn","Veracruz","Voladores de Papantla"],"articleSection":["Destinos"],"inLanguage":"es-MX"},{"@type":"WebPage","@id":"https:\/\/nitu.mx\/index.php\/2025\/09\/01\/ruta-tajin-nuevo-producto-turistico-que-impulsara-la-region-totonaca-en-veracruz\/","url":"https:\/\/nitu.mx\/index.php\/2025\/09\/01\/ruta-tajin-nuevo-producto-turistico-que-impulsara-la-region-totonaca-en-veracruz\/","name":"Ruta Taj\u00edn, nuevo producto tur\u00edstico que impulsar\u00e1 la regi\u00f3n Totonaca en Veracruz - Nitu - Noticias de la Industria Turistica","isPartOf":{"@id":"https:\/\/nitu.mx\/#website"},"primaryImageOfPage":{"@id":"https:\/\/nitu.mx\/index.php\/2025\/09\/01\/ruta-tajin-nuevo-producto-turistico-que-impulsara-la-region-totonaca-en-veracruz\/#primaryimage"},"image":{"@id":"https:\/\/nitu.mx\/index.php\/2025\/09\/01\/ruta-tajin-nuevo-producto-turistico-que-impulsara-la-region-totonaca-en-veracruz\/#primaryimage"},"thumbnailUrl":"https:\/\/nitu.mx\/wp-content\/uploads\/2025\/09\/Ruta-Tajin-1.jpg","datePublished":"2025-09-01T23:30:00+00:00","dateModified":"2025-09-01T21:20:02+00:00","breadcrumb":{"@id":"https:\/\/nitu.mx\/index.php\/2025\/09\/01\/ruta-tajin-nuevo-producto-turistico-que-impulsara-la-region-totonaca-en-veracruz\/#breadcrumb"},"inLanguage":"es-MX","potentialAction":[{"@type":"ReadAction","target":["https:\/\/nitu.mx\/index.php\/2025\/09\/01\/ruta-tajin-nuevo-producto-turistico-que-impulsara-la-region-totonaca-en-veracruz\/"]}]},{"@type":"ImageObject","inLanguage":"es-MX","@id":"https:\/\/nitu.mx\/index.php\/2025\/09\/01\/ruta-tajin-nuevo-producto-turistico-que-impulsara-la-region-totonaca-en-veracruz\/#primaryimage","url":"https:\/\/nitu.mx\/wp-content\/uploads\/2025\/09\/Ruta-Tajin-1.jpg","contentUrl":"https:\/\/nitu.mx\/wp-content\/uploads\/2025\/09\/Ruta-Tajin-1.jpg","width":1200,"height":675,"caption":"Ruta Taj\u00edn 1"},{"@type":"BreadcrumbList","@id":"https:\/\/nitu.mx\/index.php\/2025\/09\/01\/ruta-tajin-nuevo-producto-turistico-que-impulsara-la-region-totonaca-en-veracruz\/#breadcrumb","itemListElement":[{"@type":"ListItem","position":1,"name":"Inicio","item":"https:\/\/nitu.mx\/"},{"@type":"ListItem","position":2,"name":"Ruta Taj\u00edn, nuevo producto tur\u00edstico que impulsar\u00e1 la regi\u00f3n Totonaca en Veracruz"}]},{"@type":"WebSite","@id":"https:\/\/nitu.mx\/#website","url":"https:\/\/nitu.mx\/","name":"Nitu - Noticias de la Industria Turistica","description":"Noticias de la Industria Turistica","publisher":{"@id":"https:\/\/nitu.mx\/#\/schema\/person\/ae7a53426417292d3dd07b45a33e01bc"},"alternateName":"Noticias de la Industria Turistica","potentialAction":[{"@type":"SearchAction","target":{"@type":"EntryPoint","urlTemplate":"https:\/\/nitu.mx\/?s={search_term_string}"},"query-input":"required name=search_term_string"}],"inLanguage":"es-MX"},{"@type":["Person","Organization"],"@id":"https:\/\/nitu.mx\/#\/schema\/person\/ae7a53426417292d3dd07b45a33e01bc","name":"Arturo Medina","image":{"@type":"ImageObject","inLanguage":"es-MX","@id":"https:\/\/nitu.mx\/#\/schema\/person\/image\/","url":"https:\/\/nitu.mx\/wp-content\/uploads\/2024\/04\/4A315622-1904-4D5C-B022-878CDC840E04-90x90-1.jpeg","contentUrl":"https:\/\/nitu.mx\/wp-content\/uploads\/2024\/04\/4A315622-1904-4D5C-B022-878CDC840E04-90x90-1.jpeg","width":90,"height":90,"caption":"Arturo Medina"},"logo":{"@id":"https:\/\/nitu.mx\/#\/schema\/person\/image\/"},"description":"Director NITU.mx, Egresado de la Escuela de Periodismo Carlos Septi\u00e9n Garc\u00eda. Periodista y analista especializado en turismo desde hace 35 a\u00f1os, radicado en Canc\u00fan Q.Roo. arturo@nitu.mx","sameAs":["https:\/\/nitu.mx","https:\/\/www.facebook.com\/NITUmx\/","medinacancun","https:\/\/twitter.com\/@Arturo_Medina_G"]},{"@type":"Person","@id":"https:\/\/nitu.mx\/#\/schema\/person\/4a28fe9bd65924f7c90623773daf1b0b","name":"Redacci\u00f3n","image":{"@type":"ImageObject","inLanguage":"es-MX","@id":"https:\/\/nitu.mx\/#\/schema\/person\/image\/","url":"https:\/\/secure.gravatar.com\/avatar\/5dd011c8ccfc5cd7e4c81e42252aab38?s=96&d=mm&r=g","contentUrl":"https:\/\/secure.gravatar.com\/avatar\/5dd011c8ccfc5cd7e4c81e42252aab38?s=96&d=mm&r=g","caption":"Redacci\u00f3n"},"url":"https:\/\/nitu.mx\/index.php\/author\/redaccion\/"}]}},"views":754,"_links":{"self":[{"href":"https:\/\/nitu.mx\/index.php\/wp-json\/wp\/v2\/posts\/83231"}],"collection":[{"href":"https:\/\/nitu.mx\/index.php\/wp-json\/wp\/v2\/posts"}],"about":[{"href":"https:\/\/nitu.mx\/index.php\/wp-json\/wp\/v2\/types\/post"}],"author":[{"embeddable":true,"href":"https:\/\/nitu.mx\/index.php\/wp-json\/wp\/v2\/users\/17"}],"replies":[{"embeddable":true,"href":"https:\/\/nitu.mx\/index.php\/wp-json\/wp\/v2\/comments?post=83231"}],"version-history":[{"count":3,"href":"https:\/\/nitu.mx\/index.php\/wp-json\/wp\/v2\/posts\/83231\/revisions"}],"predecessor-version":[{"id":83243,"href":"https:\/\/nitu.mx\/index.php\/wp-json\/wp\/v2\/posts\/83231\/revisions\/83243"}],"wp:featuredmedia":[{"embeddable":true,"href":"https:\/\/nitu.mx\/index.php\/wp-json\/wp\/v2\/media\/83235"}],"wp:attachment":[{"href":"https:\/\/nitu.mx\/index.php\/wp-json\/wp\/v2\/media?parent=83231"}],"wp:term":[{"taxonomy":"category","embeddable":true,"href":"https:\/\/nitu.mx\/index.php\/wp-json\/wp\/v2\/categories?post=83231"},{"taxonomy":"post_tag","embeddable":true,"href":"https:\/\/nitu.mx\/index.php\/wp-json\/wp\/v2\/tags?post=83231"}],"curies":[{"name":"wp","href":"https:\/\/api.w.org\/{rel}","templated":true}]}}