{"id":83219,"date":"2025-09-01T14:25:42","date_gmt":"2025-09-01T20:25:42","guid":{"rendered":"https:\/\/nitu.mx\/?p=83219"},"modified":"2025-09-01T14:25:43","modified_gmt":"2025-09-01T20:25:43","slug":"aicm-taxis-permisionarios-piden-regreso-de-guardia-nacional-acusan-favoritismo-a-uber-y-didi","status":"publish","type":"post","link":"https:\/\/nitu.mx\/index.php\/2025\/09\/01\/aicm-taxis-permisionarios-piden-regreso-de-guardia-nacional-acusan-favoritismo-a-uber-y-didi\/","title":{"rendered":"AICM: Taxis permisionarios piden regreso de Guardia Nacional, acusan favoritismo a Uber y Didi"},"content":{"rendered":"\n<p>De cara al Mundial de Futbol 2026, permisionarios de taxis del Aeropuerto Internacional de la Ciudad de M\u00e9xico (AICM) piden a la presidenta de M\u00e9xico, Claudia Sheinbaum Pardo, que regrese a la Guardia Nacional a la terminal a\u00e9rea, misma que fue desplazada por la Secretar\u00eda de Marina, para que cumpla con sus funciones de ordenar el servicio de taxis y evitar as\u00ed que se siga violando la ley, como apuntan, se est\u00e1 haciendo actualmente.<\/p>\n\n\n\n<p>Los permisionarios informan que autoridades del AICM, controlados por la Marina, desplazaron a la Guardia Nacional y pusieron a agentes de tr\u00e1nsito cuyo objetivo ha sido obstruir abiertamente el trabajo de los permisionarios autorizados, al grado de quitarles su tarjet\u00f3n y llevar sus unidades a confinamiento de forma permanente.<\/p>\n\n\n\n<p>Tal parece, advierten, que existen \u00f3rdenes de autoridades aeroportuarias de que los taxis de aplicaci\u00f3n sean los beneficiados con estas decisiones, ya que incluso han dado paso a un proceso constante de inmovilizaci\u00f3n de las unidades de los permisionarios.<\/p>\n\n\n\n<p>Dicho saqueo, aseguran que permitido por las autoridades, ha venido mermando la actividad de m\u00e1s de la mitad de los permisionarios del servicio de taxis del aeropuerto capitalino.<\/p>\n\n\n\n<p>Explican que incluso en el aeropuerto se han puesto algunos cartelones de ascenso y descenso que abiertamente dejan \u201ccargar\u201d a los taxis de aplicaci\u00f3n, quienes incluso han admitido que dicha concesi\u00f3n ha sido propiciada por Mois\u00e9s Alfonso Magallanes, subdirector de Terminal y de Supervisi\u00f3n de Transportaci\u00f3n Terrestre en el AICM.<\/p>\n\n\n\n<p>Los permisionarios acusan que el funcionario recibe de manera informal a representantes de empresas de taxis de aplicaci\u00f3n como Uber y Didi, entre otras, a diferencia de lo que hace con los permisionarios autorizados.<\/p>\n\n\n\n<p>\u201cCada vez que los permisionarios van a pedir una explicaci\u00f3n, Magallanes se reh\u00fasa, ni siquiera a recibir oficios, ni informaci\u00f3n, y siempre se niega a tener una conversaci\u00f3n sana, ya que incluso manda a su secretaria particular a que sea grosera con cualquiera de nuestros representantes\u201d, advierten los representantes de los taxistas permisionarios.<\/p>\n\n\n\n<p>Debido a lo anterior, solicitan que se haga una revisi\u00f3n de todos los expedientes que han sido firmados por el subdirector, ya que hasta ahora no contesta ning\u00fan oficio y quien lo hace es la apoderada legal del aeropuerto, Roc\u00edo Gabriela Sotelo, quien evidentemente no tiene facultades para hacerlo y con ello est\u00e1 usurpando una funci\u00f3n que le corresponde s\u00f3lo a Mois\u00e9s Alfonso Magallanes.<\/p>\n\n\n\n<p>De igual forma, denuncian que la llamada <em>Revista<\/em> que aplicar\u00e1 este funcionario para supuestamente mejorar el servicio a los pasajeros con unidades est\u00e9ticamente mejor presentadas y mejores condiciones mec\u00e1nicas, tiene en el fondo el objetivo de que por lo menos mil unidades autorizadas no cumplan con diversas exigencias administrativas y de papeleo \u201cfuera de lugar\u201d, y queden por ello inmediatamente sin posibilidad de trabajar, lo que implicar\u00eda un fuerte golpe a estos empresarios mexicanos.<\/p>\n\n\n\n<p>Asimismo, aclararon que la postura del subdirector de Terminal y de Supervisi\u00f3n de Transportaci\u00f3n Terrestre de este aeropuerto, dista mucho de la que ha tenido su jefe, Juan Jos\u00e9 Padilla Olmos, director general de AICM.<\/p>\n\n\n\n<p>El director Padilla Olmos, concluyen, ha mostrado una actitud abierta e inclusiva, por lo que ello indica que son los llamados mandos medios del aeropuerto son lo que realizan el trabajo corrupto y violatorio de la Ley de Caminos, Puentes y Autotransporte Federal y su Reglamento. (<a href=\"https:\/\/nitu.mx\/index.php\/2025\/08\/12\/cnet-y-aeromexico-urgen-resolver-contingencia-en-el-aicm-que-afecta-a-mas-de-19-mil-pasajeros\/\">CNET y Aerom\u00e9xico urgen resolver contingencia en el AICM que afecta a m\u00e1s de 19 mil pasajeros<\/a>).<\/p>\n","protected":false},"excerpt":{"rendered":"<p>De cara al Mundial de Futbol 2026, permisionarios de taxis del Aeropuerto Internacional de la Ciudad de M\u00e9xico (AICM) piden a la presidenta de M\u00e9xico, Claudia Sheinbaum Pardo, que regrese a la Guardia Nacional a la terminal a\u00e9rea, misma que fue desplazada por la Secretar\u00eda de Marina, para que cumpla con sus funciones de ordenar [&hellip;]<\/p>\n","protected":false},"author":17,"featured_media":23555,"comment_status":"closed","ping_status":"closed","sticky":false,"template":"","format":"standard","meta":{"footnotes":""},"categories":[19462],"tags":[294,18085,5577,15983],"yoast_head":"<!-- This site is optimized with the Yoast SEO plugin v22.2 - https:\/\/yoast.com\/wordpress\/plugins\/seo\/ -->\n<title>AICM: Taxis permisionarios piden regreso de Guardia Nacional, acusan favoritismo a Uber y Didi - Nitu - Noticias de la Industria Turistica<\/title>\n<meta name=\"robots\" content=\"index, follow, max-snippet:-1, max-image-preview:large, max-video-preview:-1\" \/>\n<link rel=\"canonical\" href=\"https:\/\/nitu.mx\/index.php\/2025\/09\/01\/aicm-taxis-permisionarios-piden-regreso-de-guardia-nacional-acusan-favoritismo-a-uber-y-didi\/\" \/>\n<meta name=\"twitter:card\" content=\"summary_large_image\" \/>\n<meta name=\"twitter:title\" content=\"AICM: Taxis permisionarios piden regreso de Guardia Nacional, acusan favoritismo a Uber y Didi - Nitu - Noticias de la Industria Turistica\" \/>\n<meta name=\"twitter:description\" content=\"De cara al Mundial de Futbol 2026, permisionarios de taxis del Aeropuerto Internacional de la Ciudad de M\u00e9xico (AICM) piden a la presidenta de M\u00e9xico, Claudia Sheinbaum Pardo, que regrese a la Guardia Nacional a la terminal a\u00e9rea, misma que fue desplazada por la Secretar\u00eda de Marina, para que cumpla con sus funciones de ordenar [&hellip;]\" \/>\n<meta name=\"twitter:image\" content=\"https:\/\/nitu.mx\/wp-content\/uploads\/2018\/08\/AICM.jpg\" \/>\n<meta name=\"twitter:creator\" content=\"@NITUmx\" \/>\n<meta name=\"twitter:site\" content=\"@Arturo_Medina_G\" \/>\n<meta name=\"twitter:label1\" content=\"Escrito por\" \/>\n\t<meta name=\"twitter:data1\" content=\"Redacci\u00f3n\" \/>\n\t<meta name=\"twitter:label2\" content=\"Tiempo de lectura\" \/>\n\t<meta name=\"twitter:data2\" content=\"3 minutos\" \/>\n<script type=\"application\/ld+json\" class=\"yoast-schema-graph\">{\"@context\":\"https:\/\/schema.org\",\"@graph\":[{\"@type\":\"Article\",\"@id\":\"https:\/\/nitu.mx\/index.php\/2025\/09\/01\/aicm-taxis-permisionarios-piden-regreso-de-guardia-nacional-acusan-favoritismo-a-uber-y-didi\/#article\",\"isPartOf\":{\"@id\":\"https:\/\/nitu.mx\/index.php\/2025\/09\/01\/aicm-taxis-permisionarios-piden-regreso-de-guardia-nacional-acusan-favoritismo-a-uber-y-didi\/\"},\"author\":{\"name\":\"Redacci\u00f3n\",\"@id\":\"https:\/\/nitu.mx\/#\/schema\/person\/4a28fe9bd65924f7c90623773daf1b0b\"},\"headline\":\"AICM: Taxis permisionarios piden regreso de Guardia Nacional, acusan favoritismo a Uber y Didi\",\"datePublished\":\"2025-09-01T20:25:42+00:00\",\"dateModified\":\"2025-09-01T20:25:43+00:00\",\"mainEntityOfPage\":{\"@id\":\"https:\/\/nitu.mx\/index.php\/2025\/09\/01\/aicm-taxis-permisionarios-piden-regreso-de-guardia-nacional-acusan-favoritismo-a-uber-y-didi\/\"},\"wordCount\":607,\"publisher\":{\"@id\":\"https:\/\/nitu.mx\/#\/schema\/person\/ae7a53426417292d3dd07b45a33e01bc\"},\"image\":{\"@id\":\"https:\/\/nitu.mx\/index.php\/2025\/09\/01\/aicm-taxis-permisionarios-piden-regreso-de-guardia-nacional-acusan-favoritismo-a-uber-y-didi\/#primaryimage\"},\"thumbnailUrl\":\"https:\/\/nitu.mx\/wp-content\/uploads\/2018\/08\/AICM.jpg\",\"keywords\":[\"AICM\",\"Guardia Nacional\",\"SEMAR\",\"taxis\"],\"articleSection\":[\"Aeropuertos\"],\"inLanguage\":\"es-MX\"},{\"@type\":\"WebPage\",\"@id\":\"https:\/\/nitu.mx\/index.php\/2025\/09\/01\/aicm-taxis-permisionarios-piden-regreso-de-guardia-nacional-acusan-favoritismo-a-uber-y-didi\/\",\"url\":\"https:\/\/nitu.mx\/index.php\/2025\/09\/01\/aicm-taxis-permisionarios-piden-regreso-de-guardia-nacional-acusan-favoritismo-a-uber-y-didi\/\",\"name\":\"AICM: Taxis permisionarios piden regreso de Guardia Nacional, acusan favoritismo a Uber y Didi - Nitu - Noticias de la Industria Turistica\",\"isPartOf\":{\"@id\":\"https:\/\/nitu.mx\/#website\"},\"primaryImageOfPage\":{\"@id\":\"https:\/\/nitu.mx\/index.php\/2025\/09\/01\/aicm-taxis-permisionarios-piden-regreso-de-guardia-nacional-acusan-favoritismo-a-uber-y-didi\/#primaryimage\"},\"image\":{\"@id\":\"https:\/\/nitu.mx\/index.php\/2025\/09\/01\/aicm-taxis-permisionarios-piden-regreso-de-guardia-nacional-acusan-favoritismo-a-uber-y-didi\/#primaryimage\"},\"thumbnailUrl\":\"https:\/\/nitu.mx\/wp-content\/uploads\/2018\/08\/AICM.jpg\",\"datePublished\":\"2025-09-01T20:25:42+00:00\",\"dateModified\":\"2025-09-01T20:25:43+00:00\",\"breadcrumb\":{\"@id\":\"https:\/\/nitu.mx\/index.php\/2025\/09\/01\/aicm-taxis-permisionarios-piden-regreso-de-guardia-nacional-acusan-favoritismo-a-uber-y-didi\/#breadcrumb\"},\"inLanguage\":\"es-MX\",\"potentialAction\":[{\"@type\":\"ReadAction\",\"target\":[\"https:\/\/nitu.mx\/index.php\/2025\/09\/01\/aicm-taxis-permisionarios-piden-regreso-de-guardia-nacional-acusan-favoritismo-a-uber-y-didi\/\"]}]},{\"@type\":\"ImageObject\",\"inLanguage\":\"es-MX\",\"@id\":\"https:\/\/nitu.mx\/index.php\/2025\/09\/01\/aicm-taxis-permisionarios-piden-regreso-de-guardia-nacional-acusan-favoritismo-a-uber-y-didi\/#primaryimage\",\"url\":\"https:\/\/nitu.mx\/wp-content\/uploads\/2018\/08\/AICM.jpg\",\"contentUrl\":\"https:\/\/nitu.mx\/wp-content\/uploads\/2018\/08\/AICM.jpg\",\"width\":850,\"height\":480,\"caption\":\"AICM\"},{\"@type\":\"BreadcrumbList\",\"@id\":\"https:\/\/nitu.mx\/index.php\/2025\/09\/01\/aicm-taxis-permisionarios-piden-regreso-de-guardia-nacional-acusan-favoritismo-a-uber-y-didi\/#breadcrumb\",\"itemListElement\":[{\"@type\":\"ListItem\",\"position\":1,\"name\":\"Inicio\",\"item\":\"https:\/\/nitu.mx\/\"},{\"@type\":\"ListItem\",\"position\":2,\"name\":\"AICM: Taxis permisionarios piden regreso de Guardia Nacional, acusan favoritismo a Uber y Didi\"}]},{\"@type\":\"WebSite\",\"@id\":\"https:\/\/nitu.mx\/#website\",\"url\":\"https:\/\/nitu.mx\/\",\"name\":\"Nitu - Noticias de la Industria Turistica\",\"description\":\"Noticias de la Industria Turistica\",\"publisher\":{\"@id\":\"https:\/\/nitu.mx\/#\/schema\/person\/ae7a53426417292d3dd07b45a33e01bc\"},\"alternateName\":\"Noticias de la Industria Turistica\",\"potentialAction\":[{\"@type\":\"SearchAction\",\"target\":{\"@type\":\"EntryPoint\",\"urlTemplate\":\"https:\/\/nitu.mx\/?s={search_term_string}\"},\"query-input\":\"required name=search_term_string\"}],\"inLanguage\":\"es-MX\"},{\"@type\":[\"Person\",\"Organization\"],\"@id\":\"https:\/\/nitu.mx\/#\/schema\/person\/ae7a53426417292d3dd07b45a33e01bc\",\"name\":\"Arturo Medina\",\"image\":{\"@type\":\"ImageObject\",\"inLanguage\":\"es-MX\",\"@id\":\"https:\/\/nitu.mx\/#\/schema\/person\/image\/\",\"url\":\"https:\/\/nitu.mx\/wp-content\/uploads\/2024\/04\/4A315622-1904-4D5C-B022-878CDC840E04-90x90-1.jpeg\",\"contentUrl\":\"https:\/\/nitu.mx\/wp-content\/uploads\/2024\/04\/4A315622-1904-4D5C-B022-878CDC840E04-90x90-1.jpeg\",\"width\":90,\"height\":90,\"caption\":\"Arturo Medina\"},\"logo\":{\"@id\":\"https:\/\/nitu.mx\/#\/schema\/person\/image\/\"},\"description\":\"Director NITU.mx, Egresado de la Escuela de Periodismo Carlos Septi\u00e9n Garc\u00eda. Periodista y analista especializado en turismo desde hace 35 a\u00f1os, radicado en Canc\u00fan Q.Roo. arturo@nitu.mx\",\"sameAs\":[\"https:\/\/nitu.mx\",\"https:\/\/www.facebook.com\/NITUmx\/\",\"medinacancun\",\"https:\/\/twitter.com\/@Arturo_Medina_G\"]},{\"@type\":\"Person\",\"@id\":\"https:\/\/nitu.mx\/#\/schema\/person\/4a28fe9bd65924f7c90623773daf1b0b\",\"name\":\"Redacci\u00f3n\",\"image\":{\"@type\":\"ImageObject\",\"inLanguage\":\"es-MX\",\"@id\":\"https:\/\/nitu.mx\/#\/schema\/person\/image\/\",\"url\":\"https:\/\/secure.gravatar.com\/avatar\/5dd011c8ccfc5cd7e4c81e42252aab38?s=96&d=mm&r=g\",\"contentUrl\":\"https:\/\/secure.gravatar.com\/avatar\/5dd011c8ccfc5cd7e4c81e42252aab38?s=96&d=mm&r=g\",\"caption\":\"Redacci\u00f3n\"},\"url\":\"https:\/\/nitu.mx\/index.php\/author\/redaccion\/\"}]}<\/script>\n<!-- \/ Yoast SEO plugin. -->","yoast_head_json":{"title":"AICM: Taxis permisionarios piden regreso de Guardia Nacional, acusan favoritismo a Uber y Didi - Nitu - Noticias de la Industria Turistica","robots":{"index":"index","follow":"follow","max-snippet":"max-snippet:-1","max-image-preview":"max-image-preview:large","max-video-preview":"max-video-preview:-1"},"canonical":"https:\/\/nitu.mx\/index.php\/2025\/09\/01\/aicm-taxis-permisionarios-piden-regreso-de-guardia-nacional-acusan-favoritismo-a-uber-y-didi\/","twitter_card":"summary_large_image","twitter_title":"AICM: Taxis permisionarios piden regreso de Guardia Nacional, acusan favoritismo a Uber y Didi - Nitu - Noticias de la Industria Turistica","twitter_description":"De cara al Mundial de Futbol 2026, permisionarios de taxis del Aeropuerto Internacional de la Ciudad de M\u00e9xico (AICM) piden a la presidenta de M\u00e9xico, Claudia Sheinbaum Pardo, que regrese a la Guardia Nacional a la terminal a\u00e9rea, misma que fue desplazada por la Secretar\u00eda de Marina, para que cumpla con sus funciones de ordenar [&hellip;]","twitter_image":"https:\/\/nitu.mx\/wp-content\/uploads\/2018\/08\/AICM.jpg","twitter_creator":"@NITUmx","twitter_site":"@Arturo_Medina_G","twitter_misc":{"Escrito por":"Redacci\u00f3n","Tiempo de lectura":"3 minutos"},"schema":{"@context":"https:\/\/schema.org","@graph":[{"@type":"Article","@id":"https:\/\/nitu.mx\/index.php\/2025\/09\/01\/aicm-taxis-permisionarios-piden-regreso-de-guardia-nacional-acusan-favoritismo-a-uber-y-didi\/#article","isPartOf":{"@id":"https:\/\/nitu.mx\/index.php\/2025\/09\/01\/aicm-taxis-permisionarios-piden-regreso-de-guardia-nacional-acusan-favoritismo-a-uber-y-didi\/"},"author":{"name":"Redacci\u00f3n","@id":"https:\/\/nitu.mx\/#\/schema\/person\/4a28fe9bd65924f7c90623773daf1b0b"},"headline":"AICM: Taxis permisionarios piden regreso de Guardia Nacional, acusan favoritismo a Uber y Didi","datePublished":"2025-09-01T20:25:42+00:00","dateModified":"2025-09-01T20:25:43+00:00","mainEntityOfPage":{"@id":"https:\/\/nitu.mx\/index.php\/2025\/09\/01\/aicm-taxis-permisionarios-piden-regreso-de-guardia-nacional-acusan-favoritismo-a-uber-y-didi\/"},"wordCount":607,"publisher":{"@id":"https:\/\/nitu.mx\/#\/schema\/person\/ae7a53426417292d3dd07b45a33e01bc"},"image":{"@id":"https:\/\/nitu.mx\/index.php\/2025\/09\/01\/aicm-taxis-permisionarios-piden-regreso-de-guardia-nacional-acusan-favoritismo-a-uber-y-didi\/#primaryimage"},"thumbnailUrl":"https:\/\/nitu.mx\/wp-content\/uploads\/2018\/08\/AICM.jpg","keywords":["AICM","Guardia Nacional","SEMAR","taxis"],"articleSection":["Aeropuertos"],"inLanguage":"es-MX"},{"@type":"WebPage","@id":"https:\/\/nitu.mx\/index.php\/2025\/09\/01\/aicm-taxis-permisionarios-piden-regreso-de-guardia-nacional-acusan-favoritismo-a-uber-y-didi\/","url":"https:\/\/nitu.mx\/index.php\/2025\/09\/01\/aicm-taxis-permisionarios-piden-regreso-de-guardia-nacional-acusan-favoritismo-a-uber-y-didi\/","name":"AICM: Taxis permisionarios piden regreso de Guardia Nacional, acusan favoritismo a Uber y Didi - Nitu - Noticias de la Industria Turistica","isPartOf":{"@id":"https:\/\/nitu.mx\/#website"},"primaryImageOfPage":{"@id":"https:\/\/nitu.mx\/index.php\/2025\/09\/01\/aicm-taxis-permisionarios-piden-regreso-de-guardia-nacional-acusan-favoritismo-a-uber-y-didi\/#primaryimage"},"image":{"@id":"https:\/\/nitu.mx\/index.php\/2025\/09\/01\/aicm-taxis-permisionarios-piden-regreso-de-guardia-nacional-acusan-favoritismo-a-uber-y-didi\/#primaryimage"},"thumbnailUrl":"https:\/\/nitu.mx\/wp-content\/uploads\/2018\/08\/AICM.jpg","datePublished":"2025-09-01T20:25:42+00:00","dateModified":"2025-09-01T20:25:43+00:00","breadcrumb":{"@id":"https:\/\/nitu.mx\/index.php\/2025\/09\/01\/aicm-taxis-permisionarios-piden-regreso-de-guardia-nacional-acusan-favoritismo-a-uber-y-didi\/#breadcrumb"},"inLanguage":"es-MX","potentialAction":[{"@type":"ReadAction","target":["https:\/\/nitu.mx\/index.php\/2025\/09\/01\/aicm-taxis-permisionarios-piden-regreso-de-guardia-nacional-acusan-favoritismo-a-uber-y-didi\/"]}]},{"@type":"ImageObject","inLanguage":"es-MX","@id":"https:\/\/nitu.mx\/index.php\/2025\/09\/01\/aicm-taxis-permisionarios-piden-regreso-de-guardia-nacional-acusan-favoritismo-a-uber-y-didi\/#primaryimage","url":"https:\/\/nitu.mx\/wp-content\/uploads\/2018\/08\/AICM.jpg","contentUrl":"https:\/\/nitu.mx\/wp-content\/uploads\/2018\/08\/AICM.jpg","width":850,"height":480,"caption":"AICM"},{"@type":"BreadcrumbList","@id":"https:\/\/nitu.mx\/index.php\/2025\/09\/01\/aicm-taxis-permisionarios-piden-regreso-de-guardia-nacional-acusan-favoritismo-a-uber-y-didi\/#breadcrumb","itemListElement":[{"@type":"ListItem","position":1,"name":"Inicio","item":"https:\/\/nitu.mx\/"},{"@type":"ListItem","position":2,"name":"AICM: Taxis permisionarios piden regreso de Guardia Nacional, acusan favoritismo a Uber y Didi"}]},{"@type":"WebSite","@id":"https:\/\/nitu.mx\/#website","url":"https:\/\/nitu.mx\/","name":"Nitu - Noticias de la Industria Turistica","description":"Noticias de la Industria Turistica","publisher":{"@id":"https:\/\/nitu.mx\/#\/schema\/person\/ae7a53426417292d3dd07b45a33e01bc"},"alternateName":"Noticias de la Industria Turistica","potentialAction":[{"@type":"SearchAction","target":{"@type":"EntryPoint","urlTemplate":"https:\/\/nitu.mx\/?s={search_term_string}"},"query-input":"required name=search_term_string"}],"inLanguage":"es-MX"},{"@type":["Person","Organization"],"@id":"https:\/\/nitu.mx\/#\/schema\/person\/ae7a53426417292d3dd07b45a33e01bc","name":"Arturo Medina","image":{"@type":"ImageObject","inLanguage":"es-MX","@id":"https:\/\/nitu.mx\/#\/schema\/person\/image\/","url":"https:\/\/nitu.mx\/wp-content\/uploads\/2024\/04\/4A315622-1904-4D5C-B022-878CDC840E04-90x90-1.jpeg","contentUrl":"https:\/\/nitu.mx\/wp-content\/uploads\/2024\/04\/4A315622-1904-4D5C-B022-878CDC840E04-90x90-1.jpeg","width":90,"height":90,"caption":"Arturo Medina"},"logo":{"@id":"https:\/\/nitu.mx\/#\/schema\/person\/image\/"},"description":"Director NITU.mx, Egresado de la Escuela de Periodismo Carlos Septi\u00e9n Garc\u00eda. Periodista y analista especializado en turismo desde hace 35 a\u00f1os, radicado en Canc\u00fan Q.Roo. arturo@nitu.mx","sameAs":["https:\/\/nitu.mx","https:\/\/www.facebook.com\/NITUmx\/","medinacancun","https:\/\/twitter.com\/@Arturo_Medina_G"]},{"@type":"Person","@id":"https:\/\/nitu.mx\/#\/schema\/person\/4a28fe9bd65924f7c90623773daf1b0b","name":"Redacci\u00f3n","image":{"@type":"ImageObject","inLanguage":"es-MX","@id":"https:\/\/nitu.mx\/#\/schema\/person\/image\/","url":"https:\/\/secure.gravatar.com\/avatar\/5dd011c8ccfc5cd7e4c81e42252aab38?s=96&d=mm&r=g","contentUrl":"https:\/\/secure.gravatar.com\/avatar\/5dd011c8ccfc5cd7e4c81e42252aab38?s=96&d=mm&r=g","caption":"Redacci\u00f3n"},"url":"https:\/\/nitu.mx\/index.php\/author\/redaccion\/"}]}},"views":644,"_links":{"self":[{"href":"https:\/\/nitu.mx\/index.php\/wp-json\/wp\/v2\/posts\/83219"}],"collection":[{"href":"https:\/\/nitu.mx\/index.php\/wp-json\/wp\/v2\/posts"}],"about":[{"href":"https:\/\/nitu.mx\/index.php\/wp-json\/wp\/v2\/types\/post"}],"author":[{"embeddable":true,"href":"https:\/\/nitu.mx\/index.php\/wp-json\/wp\/v2\/users\/17"}],"replies":[{"embeddable":true,"href":"https:\/\/nitu.mx\/index.php\/wp-json\/wp\/v2\/comments?post=83219"}],"version-history":[{"count":2,"href":"https:\/\/nitu.mx\/index.php\/wp-json\/wp\/v2\/posts\/83219\/revisions"}],"predecessor-version":[{"id":83223,"href":"https:\/\/nitu.mx\/index.php\/wp-json\/wp\/v2\/posts\/83219\/revisions\/83223"}],"wp:featuredmedia":[{"embeddable":true,"href":"https:\/\/nitu.mx\/index.php\/wp-json\/wp\/v2\/media\/23555"}],"wp:attachment":[{"href":"https:\/\/nitu.mx\/index.php\/wp-json\/wp\/v2\/media?parent=83219"}],"wp:term":[{"taxonomy":"category","embeddable":true,"href":"https:\/\/nitu.mx\/index.php\/wp-json\/wp\/v2\/categories?post=83219"},{"taxonomy":"post_tag","embeddable":true,"href":"https:\/\/nitu.mx\/index.php\/wp-json\/wp\/v2\/tags?post=83219"}],"curies":[{"name":"wp","href":"https:\/\/api.w.org\/{rel}","templated":true}]}}