{"id":83210,"date":"2025-08-31T20:30:00","date_gmt":"2025-09-01T02:30:00","guid":{"rendered":"https:\/\/nitu.mx\/?p=83210"},"modified":"2025-08-31T17:53:26","modified_gmt":"2025-08-31T23:53:26","slug":"profeco-recupera-mas-de-3-7-millones-de-pesos-en-favor-de-los-turistas-estas-vacaciones","status":"publish","type":"post","link":"https:\/\/nitu.mx\/index.php\/2025\/08\/31\/profeco-recupera-mas-de-3-7-millones-de-pesos-en-favor-de-los-turistas-estas-vacaciones\/","title":{"rendered":"Profeco recupera m\u00e1s de 3.7 millones de pesos en favor de los turistas estas vacaciones"},"content":{"rendered":"\n<p>En el marco del Operativo Vacaciones de Verano 2025 que inici\u00f3 el pasado 11 de julio, la Procuradur\u00eda Federal del Consumidor (Profeco) ha brindado 17 mil 627 asesor\u00edas y recuperado, mediante mil 182 conciliaciones, un monto total de 3 millones 736 mil 530.87 pesos en favor de las personas consumidoras.<\/p>\n\n\n\n<p>Hasta el 27 de agosto, de las m\u00e1s de 17 mil asesor\u00edas brindadas en m\u00f3dulos del Aeropuerto Internacional de la Ciudad de M\u00e9xico (AICM), del Felipe \u00c1ngeles (AIFA) y a trav\u00e9s del Tel\u00e9fono del Consumidor, la mayor\u00eda (3 mil 851) han sido en materia de derechos de las y los consumidores.<\/p>\n\n\n\n<p>A estas le siguen las asesor\u00edas sobre derechos para viajar en avi\u00f3n (3 mil 353), derechos al viajar en autob\u00fas (3 mil 252), tr\u00e1mites y servicios Profeco (2 mil 596), tr\u00e1mites relacionados con otras dependencias (mil 621), Qui\u00e9n es Qui\u00e9n en los Precios (mil 260), cancelaci\u00f3n de viaje en autob\u00fas (373), p\u00e9rdida de vuelo (372), cancelaci\u00f3n de vuelo (301), comparativo de precios (271), cambio de itinerario (244), sobreventa de vuelos (185), demora de vuelo (182) cobro indebido (152), aver\u00eda de equipaje (82) y negativa a permitir el abordaje por check-in (75).<\/p>\n\n\n\n<p>Tambi\u00e9n se brindaron asesor\u00edas por falta de informaci\u00f3n (67), peso de equipaje (63), por cargos adicionales a los contratados (58), cancelaci\u00f3n de servicio sin previo aviso (46), tratos discriminatorios (39), negativa a la entrega por arrendamiento de veh\u00edculo (39), demora en salida de autob\u00fas (36), p\u00e9rdida de equipaje (34), no respetar precios exhibidos (28), negativa a devoluciones de dinero (24), cobro de equipaje de mano (24).<\/p>\n\n\n\n<p>Respecto de las mil 182 conciliaciones que derivaron en la recuperaci\u00f3n de 3 millones 736 mil 530.87 pesos, la mayor\u00eda se efectuaron con aerol\u00edneas: 592 con Volaris, 281 con VivaAerobus, 282 con Aerom\u00e9xico, cuatro con Iberia, dos con Avianca y una con Air France.<\/p>\n\n\n\n<p>Los principales motivos de conciliaci\u00f3n fueron por demora de vuelo (611) p\u00e9rdida de vuelo (266) y cancelaci\u00f3n de vuelo (85).<\/p>\n\n\n\n<p>En centrales de autobuses las conciliaciones se realizaron con ADO (13), Primera Plus (cuatro), y con Futura y Omnibus (una cada una). Adem\u00e1s se efectu\u00f3 una con la arrendadora de autos Am\u00e9rica Car Rental. El Operativo Vacaciones 2025 concluy\u00f3 este 31 de agosto. (<a href=\"https:\/\/nitu.mx\/index.php\/2025\/08\/11\/sectur-profeco-y-hoteleros-acuerdan-acciones-para-garantizar-derechos-de-turistas\/\">Sectur, Profeco y hoteleros acuerdan acciones para garantizar derechos de turistas<\/a>).<\/p>\n","protected":false},"excerpt":{"rendered":"<p>En el marco del Operativo Vacaciones de Verano 2025 que inici\u00f3 el pasado 11 de julio, la Procuradur\u00eda Federal del Consumidor (Profeco) ha brindado 17 mil 627 asesor\u00edas y recuperado, mediante mil 182 conciliaciones, un monto total de 3 millones 736 mil 530.87 pesos en favor de las personas consumidoras. Hasta el 27 de agosto, [&hellip;]<\/p>\n","protected":false},"author":17,"featured_media":83212,"comment_status":"closed","ping_status":"closed","sticky":false,"template":"","format":"standard","meta":{"footnotes":""},"categories":[12],"tags":[30,7032,31,2628,131],"yoast_head":"<!-- This site is optimized with the Yoast SEO plugin v22.2 - https:\/\/yoast.com\/wordpress\/plugins\/seo\/ -->\n<title>Profeco recupera m\u00e1s de 3.7 millones de pesos en favor de los turistas estas vacaciones - Nitu - Noticias de la Industria Turistica<\/title>\n<meta name=\"robots\" content=\"index, follow, max-snippet:-1, max-image-preview:large, max-video-preview:-1\" \/>\n<link rel=\"canonical\" href=\"https:\/\/nitu.mx\/index.php\/2025\/08\/31\/profeco-recupera-mas-de-3-7-millones-de-pesos-en-favor-de-los-turistas-estas-vacaciones\/\" \/>\n<meta name=\"twitter:card\" content=\"summary_large_image\" \/>\n<meta name=\"twitter:title\" content=\"Profeco recupera m\u00e1s de 3.7 millones de pesos en favor de los turistas estas vacaciones - Nitu - Noticias de la Industria Turistica\" \/>\n<meta name=\"twitter:description\" content=\"En el marco del Operativo Vacaciones de Verano 2025 que inici\u00f3 el pasado 11 de julio, la Procuradur\u00eda Federal del Consumidor (Profeco) ha brindado 17 mil 627 asesor\u00edas y recuperado, mediante mil 182 conciliaciones, un monto total de 3 millones 736 mil 530.87 pesos en favor de las personas consumidoras. Hasta el 27 de agosto, [&hellip;]\" \/>\n<meta name=\"twitter:image\" content=\"https:\/\/nitu.mx\/wp-content\/uploads\/2025\/08\/Profeco-operativo-verano-en-aeropuerto.jpg\" \/>\n<meta name=\"twitter:creator\" content=\"@NITUmx\" \/>\n<meta name=\"twitter:site\" content=\"@Arturo_Medina_G\" \/>\n<meta name=\"twitter:label1\" content=\"Escrito por\" \/>\n\t<meta name=\"twitter:data1\" content=\"Redacci\u00f3n\" \/>\n\t<meta name=\"twitter:label2\" content=\"Tiempo de lectura\" \/>\n\t<meta name=\"twitter:data2\" content=\"2 minutos\" \/>\n<script type=\"application\/ld+json\" class=\"yoast-schema-graph\">{\"@context\":\"https:\/\/schema.org\",\"@graph\":[{\"@type\":\"Article\",\"@id\":\"https:\/\/nitu.mx\/index.php\/2025\/08\/31\/profeco-recupera-mas-de-3-7-millones-de-pesos-en-favor-de-los-turistas-estas-vacaciones\/#article\",\"isPartOf\":{\"@id\":\"https:\/\/nitu.mx\/index.php\/2025\/08\/31\/profeco-recupera-mas-de-3-7-millones-de-pesos-en-favor-de-los-turistas-estas-vacaciones\/\"},\"author\":{\"name\":\"Redacci\u00f3n\",\"@id\":\"https:\/\/nitu.mx\/#\/schema\/person\/4a28fe9bd65924f7c90623773daf1b0b\"},\"headline\":\"Profeco recupera m\u00e1s de 3.7 millones de pesos en favor de los turistas estas vacaciones\",\"datePublished\":\"2025-09-01T02:30:00+00:00\",\"dateModified\":\"2025-08-31T23:53:26+00:00\",\"mainEntityOfPage\":{\"@id\":\"https:\/\/nitu.mx\/index.php\/2025\/08\/31\/profeco-recupera-mas-de-3-7-millones-de-pesos-en-favor-de-los-turistas-estas-vacaciones\/\"},\"wordCount\":374,\"publisher\":{\"@id\":\"https:\/\/nitu.mx\/#\/schema\/person\/ae7a53426417292d3dd07b45a33e01bc\"},\"image\":{\"@id\":\"https:\/\/nitu.mx\/index.php\/2025\/08\/31\/profeco-recupera-mas-de-3-7-millones-de-pesos-en-favor-de-los-turistas-estas-vacaciones\/#primaryimage\"},\"thumbnailUrl\":\"https:\/\/nitu.mx\/wp-content\/uploads\/2025\/08\/Profeco-operativo-verano-en-aeropuerto.jpg\",\"keywords\":[\"Aerom\u00e9xico\",\"conciliaciones\",\"Profeco\",\"Viva\",\"Volaris\"],\"articleSection\":[\"Marketing\"],\"inLanguage\":\"es-MX\"},{\"@type\":\"WebPage\",\"@id\":\"https:\/\/nitu.mx\/index.php\/2025\/08\/31\/profeco-recupera-mas-de-3-7-millones-de-pesos-en-favor-de-los-turistas-estas-vacaciones\/\",\"url\":\"https:\/\/nitu.mx\/index.php\/2025\/08\/31\/profeco-recupera-mas-de-3-7-millones-de-pesos-en-favor-de-los-turistas-estas-vacaciones\/\",\"name\":\"Profeco recupera m\u00e1s de 3.7 millones de pesos en favor de los turistas estas vacaciones - Nitu - Noticias de la Industria Turistica\",\"isPartOf\":{\"@id\":\"https:\/\/nitu.mx\/#website\"},\"primaryImageOfPage\":{\"@id\":\"https:\/\/nitu.mx\/index.php\/2025\/08\/31\/profeco-recupera-mas-de-3-7-millones-de-pesos-en-favor-de-los-turistas-estas-vacaciones\/#primaryimage\"},\"image\":{\"@id\":\"https:\/\/nitu.mx\/index.php\/2025\/08\/31\/profeco-recupera-mas-de-3-7-millones-de-pesos-en-favor-de-los-turistas-estas-vacaciones\/#primaryimage\"},\"thumbnailUrl\":\"https:\/\/nitu.mx\/wp-content\/uploads\/2025\/08\/Profeco-operativo-verano-en-aeropuerto.jpg\",\"datePublished\":\"2025-09-01T02:30:00+00:00\",\"dateModified\":\"2025-08-31T23:53:26+00:00\",\"breadcrumb\":{\"@id\":\"https:\/\/nitu.mx\/index.php\/2025\/08\/31\/profeco-recupera-mas-de-3-7-millones-de-pesos-en-favor-de-los-turistas-estas-vacaciones\/#breadcrumb\"},\"inLanguage\":\"es-MX\",\"potentialAction\":[{\"@type\":\"ReadAction\",\"target\":[\"https:\/\/nitu.mx\/index.php\/2025\/08\/31\/profeco-recupera-mas-de-3-7-millones-de-pesos-en-favor-de-los-turistas-estas-vacaciones\/\"]}]},{\"@type\":\"ImageObject\",\"inLanguage\":\"es-MX\",\"@id\":\"https:\/\/nitu.mx\/index.php\/2025\/08\/31\/profeco-recupera-mas-de-3-7-millones-de-pesos-en-favor-de-los-turistas-estas-vacaciones\/#primaryimage\",\"url\":\"https:\/\/nitu.mx\/wp-content\/uploads\/2025\/08\/Profeco-operativo-verano-en-aeropuerto.jpg\",\"contentUrl\":\"https:\/\/nitu.mx\/wp-content\/uploads\/2025\/08\/Profeco-operativo-verano-en-aeropuerto.jpg\",\"width\":1200,\"height\":675,\"caption\":\"Profeco operativo verano en aeropuerto\"},{\"@type\":\"BreadcrumbList\",\"@id\":\"https:\/\/nitu.mx\/index.php\/2025\/08\/31\/profeco-recupera-mas-de-3-7-millones-de-pesos-en-favor-de-los-turistas-estas-vacaciones\/#breadcrumb\",\"itemListElement\":[{\"@type\":\"ListItem\",\"position\":1,\"name\":\"Inicio\",\"item\":\"https:\/\/nitu.mx\/\"},{\"@type\":\"ListItem\",\"position\":2,\"name\":\"Profeco recupera m\u00e1s de 3.7 millones de pesos en favor de los turistas estas vacaciones\"}]},{\"@type\":\"WebSite\",\"@id\":\"https:\/\/nitu.mx\/#website\",\"url\":\"https:\/\/nitu.mx\/\",\"name\":\"Nitu - Noticias de la Industria Turistica\",\"description\":\"Noticias de la Industria Turistica\",\"publisher\":{\"@id\":\"https:\/\/nitu.mx\/#\/schema\/person\/ae7a53426417292d3dd07b45a33e01bc\"},\"alternateName\":\"Noticias de la Industria Turistica\",\"potentialAction\":[{\"@type\":\"SearchAction\",\"target\":{\"@type\":\"EntryPoint\",\"urlTemplate\":\"https:\/\/nitu.mx\/?s={search_term_string}\"},\"query-input\":\"required name=search_term_string\"}],\"inLanguage\":\"es-MX\"},{\"@type\":[\"Person\",\"Organization\"],\"@id\":\"https:\/\/nitu.mx\/#\/schema\/person\/ae7a53426417292d3dd07b45a33e01bc\",\"name\":\"Arturo Medina\",\"image\":{\"@type\":\"ImageObject\",\"inLanguage\":\"es-MX\",\"@id\":\"https:\/\/nitu.mx\/#\/schema\/person\/image\/\",\"url\":\"https:\/\/nitu.mx\/wp-content\/uploads\/2024\/04\/4A315622-1904-4D5C-B022-878CDC840E04-90x90-1.jpeg\",\"contentUrl\":\"https:\/\/nitu.mx\/wp-content\/uploads\/2024\/04\/4A315622-1904-4D5C-B022-878CDC840E04-90x90-1.jpeg\",\"width\":90,\"height\":90,\"caption\":\"Arturo Medina\"},\"logo\":{\"@id\":\"https:\/\/nitu.mx\/#\/schema\/person\/image\/\"},\"description\":\"Director NITU.mx, Egresado de la Escuela de Periodismo Carlos Septi\u00e9n Garc\u00eda. Periodista y analista especializado en turismo desde hace 35 a\u00f1os, radicado en Canc\u00fan Q.Roo. arturo@nitu.mx\",\"sameAs\":[\"https:\/\/nitu.mx\",\"https:\/\/www.facebook.com\/NITUmx\/\",\"medinacancun\",\"https:\/\/twitter.com\/@Arturo_Medina_G\"]},{\"@type\":\"Person\",\"@id\":\"https:\/\/nitu.mx\/#\/schema\/person\/4a28fe9bd65924f7c90623773daf1b0b\",\"name\":\"Redacci\u00f3n\",\"image\":{\"@type\":\"ImageObject\",\"inLanguage\":\"es-MX\",\"@id\":\"https:\/\/nitu.mx\/#\/schema\/person\/image\/\",\"url\":\"https:\/\/secure.gravatar.com\/avatar\/5dd011c8ccfc5cd7e4c81e42252aab38?s=96&d=mm&r=g\",\"contentUrl\":\"https:\/\/secure.gravatar.com\/avatar\/5dd011c8ccfc5cd7e4c81e42252aab38?s=96&d=mm&r=g\",\"caption\":\"Redacci\u00f3n\"},\"url\":\"https:\/\/nitu.mx\/index.php\/author\/redaccion\/\"}]}<\/script>\n<!-- \/ Yoast SEO plugin. -->","yoast_head_json":{"title":"Profeco recupera m\u00e1s de 3.7 millones de pesos en favor de los turistas estas vacaciones - Nitu - Noticias de la Industria Turistica","robots":{"index":"index","follow":"follow","max-snippet":"max-snippet:-1","max-image-preview":"max-image-preview:large","max-video-preview":"max-video-preview:-1"},"canonical":"https:\/\/nitu.mx\/index.php\/2025\/08\/31\/profeco-recupera-mas-de-3-7-millones-de-pesos-en-favor-de-los-turistas-estas-vacaciones\/","twitter_card":"summary_large_image","twitter_title":"Profeco recupera m\u00e1s de 3.7 millones de pesos en favor de los turistas estas vacaciones - Nitu - Noticias de la Industria Turistica","twitter_description":"En el marco del Operativo Vacaciones de Verano 2025 que inici\u00f3 el pasado 11 de julio, la Procuradur\u00eda Federal del Consumidor (Profeco) ha brindado 17 mil 627 asesor\u00edas y recuperado, mediante mil 182 conciliaciones, un monto total de 3 millones 736 mil 530.87 pesos en favor de las personas consumidoras. Hasta el 27 de agosto, [&hellip;]","twitter_image":"https:\/\/nitu.mx\/wp-content\/uploads\/2025\/08\/Profeco-operativo-verano-en-aeropuerto.jpg","twitter_creator":"@NITUmx","twitter_site":"@Arturo_Medina_G","twitter_misc":{"Escrito por":"Redacci\u00f3n","Tiempo de lectura":"2 minutos"},"schema":{"@context":"https:\/\/schema.org","@graph":[{"@type":"Article","@id":"https:\/\/nitu.mx\/index.php\/2025\/08\/31\/profeco-recupera-mas-de-3-7-millones-de-pesos-en-favor-de-los-turistas-estas-vacaciones\/#article","isPartOf":{"@id":"https:\/\/nitu.mx\/index.php\/2025\/08\/31\/profeco-recupera-mas-de-3-7-millones-de-pesos-en-favor-de-los-turistas-estas-vacaciones\/"},"author":{"name":"Redacci\u00f3n","@id":"https:\/\/nitu.mx\/#\/schema\/person\/4a28fe9bd65924f7c90623773daf1b0b"},"headline":"Profeco recupera m\u00e1s de 3.7 millones de pesos en favor de los turistas estas vacaciones","datePublished":"2025-09-01T02:30:00+00:00","dateModified":"2025-08-31T23:53:26+00:00","mainEntityOfPage":{"@id":"https:\/\/nitu.mx\/index.php\/2025\/08\/31\/profeco-recupera-mas-de-3-7-millones-de-pesos-en-favor-de-los-turistas-estas-vacaciones\/"},"wordCount":374,"publisher":{"@id":"https:\/\/nitu.mx\/#\/schema\/person\/ae7a53426417292d3dd07b45a33e01bc"},"image":{"@id":"https:\/\/nitu.mx\/index.php\/2025\/08\/31\/profeco-recupera-mas-de-3-7-millones-de-pesos-en-favor-de-los-turistas-estas-vacaciones\/#primaryimage"},"thumbnailUrl":"https:\/\/nitu.mx\/wp-content\/uploads\/2025\/08\/Profeco-operativo-verano-en-aeropuerto.jpg","keywords":["Aerom\u00e9xico","conciliaciones","Profeco","Viva","Volaris"],"articleSection":["Marketing"],"inLanguage":"es-MX"},{"@type":"WebPage","@id":"https:\/\/nitu.mx\/index.php\/2025\/08\/31\/profeco-recupera-mas-de-3-7-millones-de-pesos-en-favor-de-los-turistas-estas-vacaciones\/","url":"https:\/\/nitu.mx\/index.php\/2025\/08\/31\/profeco-recupera-mas-de-3-7-millones-de-pesos-en-favor-de-los-turistas-estas-vacaciones\/","name":"Profeco recupera m\u00e1s de 3.7 millones de pesos en favor de los turistas estas vacaciones - Nitu - Noticias de la Industria Turistica","isPartOf":{"@id":"https:\/\/nitu.mx\/#website"},"primaryImageOfPage":{"@id":"https:\/\/nitu.mx\/index.php\/2025\/08\/31\/profeco-recupera-mas-de-3-7-millones-de-pesos-en-favor-de-los-turistas-estas-vacaciones\/#primaryimage"},"image":{"@id":"https:\/\/nitu.mx\/index.php\/2025\/08\/31\/profeco-recupera-mas-de-3-7-millones-de-pesos-en-favor-de-los-turistas-estas-vacaciones\/#primaryimage"},"thumbnailUrl":"https:\/\/nitu.mx\/wp-content\/uploads\/2025\/08\/Profeco-operativo-verano-en-aeropuerto.jpg","datePublished":"2025-09-01T02:30:00+00:00","dateModified":"2025-08-31T23:53:26+00:00","breadcrumb":{"@id":"https:\/\/nitu.mx\/index.php\/2025\/08\/31\/profeco-recupera-mas-de-3-7-millones-de-pesos-en-favor-de-los-turistas-estas-vacaciones\/#breadcrumb"},"inLanguage":"es-MX","potentialAction":[{"@type":"ReadAction","target":["https:\/\/nitu.mx\/index.php\/2025\/08\/31\/profeco-recupera-mas-de-3-7-millones-de-pesos-en-favor-de-los-turistas-estas-vacaciones\/"]}]},{"@type":"ImageObject","inLanguage":"es-MX","@id":"https:\/\/nitu.mx\/index.php\/2025\/08\/31\/profeco-recupera-mas-de-3-7-millones-de-pesos-en-favor-de-los-turistas-estas-vacaciones\/#primaryimage","url":"https:\/\/nitu.mx\/wp-content\/uploads\/2025\/08\/Profeco-operativo-verano-en-aeropuerto.jpg","contentUrl":"https:\/\/nitu.mx\/wp-content\/uploads\/2025\/08\/Profeco-operativo-verano-en-aeropuerto.jpg","width":1200,"height":675,"caption":"Profeco operativo verano en aeropuerto"},{"@type":"BreadcrumbList","@id":"https:\/\/nitu.mx\/index.php\/2025\/08\/31\/profeco-recupera-mas-de-3-7-millones-de-pesos-en-favor-de-los-turistas-estas-vacaciones\/#breadcrumb","itemListElement":[{"@type":"ListItem","position":1,"name":"Inicio","item":"https:\/\/nitu.mx\/"},{"@type":"ListItem","position":2,"name":"Profeco recupera m\u00e1s de 3.7 millones de pesos en favor de los turistas estas vacaciones"}]},{"@type":"WebSite","@id":"https:\/\/nitu.mx\/#website","url":"https:\/\/nitu.mx\/","name":"Nitu - Noticias de la Industria Turistica","description":"Noticias de la Industria Turistica","publisher":{"@id":"https:\/\/nitu.mx\/#\/schema\/person\/ae7a53426417292d3dd07b45a33e01bc"},"alternateName":"Noticias de la Industria Turistica","potentialAction":[{"@type":"SearchAction","target":{"@type":"EntryPoint","urlTemplate":"https:\/\/nitu.mx\/?s={search_term_string}"},"query-input":"required name=search_term_string"}],"inLanguage":"es-MX"},{"@type":["Person","Organization"],"@id":"https:\/\/nitu.mx\/#\/schema\/person\/ae7a53426417292d3dd07b45a33e01bc","name":"Arturo Medina","image":{"@type":"ImageObject","inLanguage":"es-MX","@id":"https:\/\/nitu.mx\/#\/schema\/person\/image\/","url":"https:\/\/nitu.mx\/wp-content\/uploads\/2024\/04\/4A315622-1904-4D5C-B022-878CDC840E04-90x90-1.jpeg","contentUrl":"https:\/\/nitu.mx\/wp-content\/uploads\/2024\/04\/4A315622-1904-4D5C-B022-878CDC840E04-90x90-1.jpeg","width":90,"height":90,"caption":"Arturo Medina"},"logo":{"@id":"https:\/\/nitu.mx\/#\/schema\/person\/image\/"},"description":"Director NITU.mx, Egresado de la Escuela de Periodismo Carlos Septi\u00e9n Garc\u00eda. Periodista y analista especializado en turismo desde hace 35 a\u00f1os, radicado en Canc\u00fan Q.Roo. arturo@nitu.mx","sameAs":["https:\/\/nitu.mx","https:\/\/www.facebook.com\/NITUmx\/","medinacancun","https:\/\/twitter.com\/@Arturo_Medina_G"]},{"@type":"Person","@id":"https:\/\/nitu.mx\/#\/schema\/person\/4a28fe9bd65924f7c90623773daf1b0b","name":"Redacci\u00f3n","image":{"@type":"ImageObject","inLanguage":"es-MX","@id":"https:\/\/nitu.mx\/#\/schema\/person\/image\/","url":"https:\/\/secure.gravatar.com\/avatar\/5dd011c8ccfc5cd7e4c81e42252aab38?s=96&d=mm&r=g","contentUrl":"https:\/\/secure.gravatar.com\/avatar\/5dd011c8ccfc5cd7e4c81e42252aab38?s=96&d=mm&r=g","caption":"Redacci\u00f3n"},"url":"https:\/\/nitu.mx\/index.php\/author\/redaccion\/"}]}},"views":486,"_links":{"self":[{"href":"https:\/\/nitu.mx\/index.php\/wp-json\/wp\/v2\/posts\/83210"}],"collection":[{"href":"https:\/\/nitu.mx\/index.php\/wp-json\/wp\/v2\/posts"}],"about":[{"href":"https:\/\/nitu.mx\/index.php\/wp-json\/wp\/v2\/types\/post"}],"author":[{"embeddable":true,"href":"https:\/\/nitu.mx\/index.php\/wp-json\/wp\/v2\/users\/17"}],"replies":[{"embeddable":true,"href":"https:\/\/nitu.mx\/index.php\/wp-json\/wp\/v2\/comments?post=83210"}],"version-history":[{"count":1,"href":"https:\/\/nitu.mx\/index.php\/wp-json\/wp\/v2\/posts\/83210\/revisions"}],"predecessor-version":[{"id":83213,"href":"https:\/\/nitu.mx\/index.php\/wp-json\/wp\/v2\/posts\/83210\/revisions\/83213"}],"wp:featuredmedia":[{"embeddable":true,"href":"https:\/\/nitu.mx\/index.php\/wp-json\/wp\/v2\/media\/83212"}],"wp:attachment":[{"href":"https:\/\/nitu.mx\/index.php\/wp-json\/wp\/v2\/media?parent=83210"}],"wp:term":[{"taxonomy":"category","embeddable":true,"href":"https:\/\/nitu.mx\/index.php\/wp-json\/wp\/v2\/categories?post=83210"},{"taxonomy":"post_tag","embeddable":true,"href":"https:\/\/nitu.mx\/index.php\/wp-json\/wp\/v2\/tags?post=83210"}],"curies":[{"name":"wp","href":"https:\/\/api.w.org\/{rel}","templated":true}]}}