{"id":83199,"date":"2025-08-31T19:00:00","date_gmt":"2025-09-01T01:00:00","guid":{"rendered":"https:\/\/nitu.mx\/?p=83199"},"modified":"2025-08-31T17:39:02","modified_gmt":"2025-08-31T23:39:02","slug":"vive-leon-2025-cierra-con-mas-de-970-mil-visitantes-se-ubica-como-el-festival-mas-grande-de-mexico","status":"publish","type":"post","link":"https:\/\/nitu.mx\/index.php\/2025\/08\/31\/vive-leon-2025-cierra-con-mas-de-970-mil-visitantes-se-ubica-como-el-festival-mas-grande-de-mexico\/","title":{"rendered":"Vive Le\u00f3n 2025 cierra con m\u00e1s de 970 mil visitantes, se ubica como el festival m\u00e1s grande de M\u00e9xico"},"content":{"rendered":"\n<p>Con una asistencia de m\u00e1s de 970 mil personas y una derrama econ\u00f3mica de 557 millones de pesos, el Festival de Verano Vive Le\u00f3n 2025, se posiciona como el festival m\u00e1s grande y gratuito de todo M\u00e9xico para las familias.&nbsp;<\/p>\n\n\n\n<p>As\u00ed lo dio a conocer la presidenta municipal, Alejandra&nbsp; Guti\u00e9rrez, quien subray\u00f3 que cada edici\u00f3n ha superado las expectativas en visitantes, impacto econ\u00f3mico y, sobre todo, en la alegr\u00eda que genera en las familias leonesas y visitantes.<\/p>\n\n\n\n<p>\u201cYa vimos que superamos el 21.2% tanto en derrama como tambi\u00e9n en visitantes, que eso es importante, que cada a\u00f1o estamos superando las metas, y lo que s\u00ed superamos es la sonrisa y la alegr\u00eda en la gente. Es el festival en M\u00e9xico, pr\u00e1cticamente m\u00e1s grande y gratuito que existe\u201d, afirm\u00f3 la presidenta municipal.<\/p>\n\n\n\n<p>Durante los 16 d\u00edas de actividades, este espacio gratuito y familiar registr\u00f3 la visita de m\u00e1s de 970 mil personas, cifra que convierte a esta edici\u00f3n en la m\u00e1s exitosa de su historia, de ello el 80% pertenece al municipio de Le\u00f3n, mientras que el 20% fueron for\u00e1neos.<\/p>\n\n\n\n<p>En materia econ\u00f3mica, se gener\u00f3 una derrama hist\u00f3rica de 557 millones de pesos, cifra que se ubica por encima de la proyecci\u00f3n inicial de 459 millones de pesos estimada por la Secretar\u00eda de Turismo e Identidad de Guanajuato.<\/p>\n\n\n\n<p>\u201cNuestra proyecci\u00f3n era de 800 mil personas, es decir, un 20% m\u00e1s de lo proyectado. En promedio tuvimos m\u00e1s de 60 mil personas diarias. Tuvimos una derrama econ\u00f3mica hist\u00f3rica para este festival de 557 millones de pesos, y tuvimos m\u00e1s del 20% del incremento de las expectativas\u201d, comparti\u00f3 H\u00e9ctor Rodr\u00edguez Vel\u00e1zquez, presidente del Patronato de la Feria Estatal de Le\u00f3n.<\/p>\n\n\n\n<p>Con acceso gratuito para todo el p\u00fablico, y con un 85% de actividades sin costo, el Festival refrend\u00f3 su car\u00e1cter social y familiar, garantizando que miles de ni\u00f1as, ni\u00f1os, j\u00f3venes y adultos vivieran experiencias \u00fanicas.<\/p>\n\n\n\n<p>El recinto ferial se convirti\u00f3 en un verdadero parque tem\u00e1tico lleno de sorpresas, con una programaci\u00f3n que hizo vibrar a Le\u00f3n y sus visitantes.<\/p>\n\n\n\n<h2 class=\"wp-block-heading\"><strong>Resultados Festival de Verano Vive Le\u00f3n 2025<\/strong><\/h2>\n\n\n\n<p>Entre las atracciones que ofreci\u00f3 de forma gratuita el Festival se encuentran: el parque inflable m\u00e1s grande del mundo, Kool City, que se convirti\u00f3 en el favorito de ni\u00f1as y ni\u00f1os con m\u00e1s de 18 mil asistencias diarias; la Carpa de las Sirenas, un espacio m\u00e1gico que ofreci\u00f3 espect\u00e1culos musicales y art\u00edsticos con un ambiente lleno de fantas\u00eda.<\/p>\n\n\n\n<p>La alberca de pelotas gigantes y arenero tem\u00e1tico, atracciones que reunieron a m\u00e1s de 25 mil infancias; la Experiencia Marina Inmersiva, que llev\u00f3 a m\u00e1s de 28 mil visitantes a descubrir el mundo submarino de una manera \u00fanica.<\/p>\n\n\n\n<p>Por otra parte, la Terraza de las Naciones realiz\u00f3 87 presentaciones culturales y gastron\u00f3micas de diversas regiones del mundo; el Pabell\u00f3n de la Gente con productos Marca Guanajuato, y el Pabell\u00f3n de Emprendedores de Le\u00f3n y Compro en Le\u00f3n, iniciativas que fortalecieron el comercio local con la participaci\u00f3n de decenas de comerciantes y artesanos.<\/p>\n\n\n\n<p>Adem\u00e1s, hubo una amplia oferta de entretenimiento para todas las edades, como Go Karts, juegos mec\u00e1nicos, presentaciones art\u00edsticas, danza folkl\u00f3rica y conciertos.<\/p>\n\n\n\n<p>Ante los resultados de satisfacci\u00f3n, donde el 78% de los expositores lo catalogaron como positivo y m\u00e1s del 94% de satisfacci\u00f3n fue de los asistentes; David Ayala Saucedo, director general de Desarrollo Tur\u00edstico dijo:<\/p>\n\n\n\n<p>\u201cEsto es el reflejo del impulso de la econom\u00eda local, vino a dar una evoluci\u00f3n importante en una etapa del a\u00f1o donde el turismo estaba en pausa. El verano hoy en d\u00eda en Le\u00f3n tiene cosas que ofrecer al turista y al visitante. Los eventos, adem\u00e1s de exitosos en Le\u00f3n y en Guanajuato, son seguros\u201d, concluy\u00f3.<\/p>\n\n\n\n<p>El Festival de Verano Vive Le\u00f3n 2025 tambi\u00e9n marc\u00f3 un precedente en materia de inclusi\u00f3n y atenci\u00f3n a grupos prioritarios, a trav\u00e9s de un Pabell\u00f3n DIF, espacio donde se ofrecieron servicios y actividades, sala de lactancia y estaci\u00f3n Encu\u00e9ntrame, iniciativa municipal que permiti\u00f3 resguardar a ni\u00f1as, ni\u00f1os y adolescentes en caso de extrav\u00edo; este \u00faltimo atendi\u00f3 exitosamente cinco casos durante el festival.<\/p>\n\n\n\n<p>El deporte tambi\u00e9n fue protagonista en esta edici\u00f3n. El Domo de la Feria alberg\u00f3 la Copa Panamericana de Voleibol Femenil U23, que reuni\u00f3 a ocho equipos internacionales y atrajo a m\u00e1s de 18 mil espectadores.<\/p>\n\n\n\n<p>De manera paralela, se organizaron torneos locales en los que participaron m\u00e1s de 11 mil 800 deportistas distribuidos en mil 170 equipos, consolidando al Festival como un espacio de convivencia, integraci\u00f3n y vida saludable.<\/p>\n\n\n\n<p>El \u00e9xito del Festival se reflej\u00f3 tambi\u00e9n en la amplia cobertura medi\u00e1tica. Se registraron m\u00e1s de 514 notas en medios de comunicaci\u00f3n locales y regionales, adem\u00e1s de 213 acreditaciones de prensa otorgadas, garantizando una difusi\u00f3n masiva de las actividades y logros del evento.<\/p>\n\n\n\n<p>Gracias a la coordinaci\u00f3n con autoridades de seguridad p\u00fablica y cuerpos de emergencia, el Festival de Verano Vive Le\u00f3n 2025 concluy\u00f3 con saldo blanco, lo que refuerza la confianza de las familias en este espacio como un lugar seguro y ordenado.<\/p>\n\n\n\n<p>El Festival de Verano Vive Le\u00f3n 2025 super\u00f3 todas las metas y se consolida como un evento gratuito e incluyente, que gener\u00f3 beneficios econ\u00f3micos, sociales y culturales para Le\u00f3n y Guanajuato. (<a href=\"https:\/\/nitu.mx\/index.php\/2025\/07\/23\/leon-se-consolida-como-la-capital-mundial-de-la-piel-y-el-calzado-con-las-innovaciones-de-sapica-93\/\">Le\u00f3n se consolida como la Capital Mundial de la Piel y el Calzado con las innovaciones de Sapica 93<\/a>).<\/p>\n","protected":false},"excerpt":{"rendered":"<p>Con una asistencia de m\u00e1s de 970 mil personas y una derrama econ\u00f3mica de 557 millones de pesos, el Festival de Verano Vive Le\u00f3n 2025, se posiciona como el festival m\u00e1s grande y gratuito de todo M\u00e9xico para las familias.&nbsp; As\u00ed lo dio a conocer la presidenta municipal, Alejandra&nbsp; Guti\u00e9rrez, quien subray\u00f3 que cada edici\u00f3n [&hellip;]<\/p>\n","protected":false},"author":17,"featured_media":83202,"comment_status":"closed","ping_status":"closed","sticky":false,"template":"","format":"standard","meta":{"footnotes":""},"categories":[5],"tags":[26311,25712,511,60,27651],"yoast_head":"<!-- This site is optimized with the Yoast SEO plugin v22.2 - https:\/\/yoast.com\/wordpress\/plugins\/seo\/ -->\n<title>Vive Le\u00f3n 2025 cierra con m\u00e1s de 970 mil visitantes, se ubica como el festival m\u00e1s grande de M\u00e9xico - Nitu - Noticias de la Industria Turistica<\/title>\n<meta name=\"robots\" content=\"index, follow, max-snippet:-1, max-image-preview:large, max-video-preview:-1\" \/>\n<link rel=\"canonical\" href=\"https:\/\/nitu.mx\/index.php\/2025\/08\/31\/vive-leon-2025-cierra-con-mas-de-970-mil-visitantes-se-ubica-como-el-festival-mas-grande-de-mexico\/\" \/>\n<meta name=\"twitter:card\" content=\"summary_large_image\" \/>\n<meta name=\"twitter:title\" content=\"Vive Le\u00f3n 2025 cierra con m\u00e1s de 970 mil visitantes, se ubica como el festival m\u00e1s grande de M\u00e9xico - Nitu - Noticias de la Industria Turistica\" \/>\n<meta name=\"twitter:description\" content=\"Con una asistencia de m\u00e1s de 970 mil personas y una derrama econ\u00f3mica de 557 millones de pesos, el Festival de Verano Vive Le\u00f3n 2025, se posiciona como el festival m\u00e1s grande y gratuito de todo M\u00e9xico para las familias.&nbsp; As\u00ed lo dio a conocer la presidenta municipal, Alejandra&nbsp; Guti\u00e9rrez, quien subray\u00f3 que cada edici\u00f3n [&hellip;]\" \/>\n<meta name=\"twitter:image\" content=\"https:\/\/nitu.mx\/wp-content\/uploads\/2025\/08\/Festival-de-Verano-Vive-Leon-2025.jpg\" \/>\n<meta name=\"twitter:creator\" content=\"@NITUmx\" \/>\n<meta name=\"twitter:site\" content=\"@Arturo_Medina_G\" \/>\n<meta name=\"twitter:label1\" content=\"Escrito por\" \/>\n\t<meta name=\"twitter:data1\" content=\"Redacci\u00f3n\" \/>\n\t<meta name=\"twitter:label2\" content=\"Tiempo de lectura\" \/>\n\t<meta name=\"twitter:data2\" content=\"5 minutos\" \/>\n<script type=\"application\/ld+json\" class=\"yoast-schema-graph\">{\"@context\":\"https:\/\/schema.org\",\"@graph\":[{\"@type\":\"Article\",\"@id\":\"https:\/\/nitu.mx\/index.php\/2025\/08\/31\/vive-leon-2025-cierra-con-mas-de-970-mil-visitantes-se-ubica-como-el-festival-mas-grande-de-mexico\/#article\",\"isPartOf\":{\"@id\":\"https:\/\/nitu.mx\/index.php\/2025\/08\/31\/vive-leon-2025-cierra-con-mas-de-970-mil-visitantes-se-ubica-como-el-festival-mas-grande-de-mexico\/\"},\"author\":{\"name\":\"Redacci\u00f3n\",\"@id\":\"https:\/\/nitu.mx\/#\/schema\/person\/4a28fe9bd65924f7c90623773daf1b0b\"},\"headline\":\"Vive Le\u00f3n 2025 cierra con m\u00e1s de 970 mil visitantes, se ubica como el festival m\u00e1s grande de M\u00e9xico\",\"datePublished\":\"2025-09-01T01:00:00+00:00\",\"dateModified\":\"2025-08-31T23:39:02+00:00\",\"mainEntityOfPage\":{\"@id\":\"https:\/\/nitu.mx\/index.php\/2025\/08\/31\/vive-leon-2025-cierra-con-mas-de-970-mil-visitantes-se-ubica-como-el-festival-mas-grande-de-mexico\/\"},\"wordCount\":965,\"publisher\":{\"@id\":\"https:\/\/nitu.mx\/#\/schema\/person\/ae7a53426417292d3dd07b45a33e01bc\"},\"image\":{\"@id\":\"https:\/\/nitu.mx\/index.php\/2025\/08\/31\/vive-leon-2025-cierra-con-mas-de-970-mil-visitantes-se-ubica-como-el-festival-mas-grande-de-mexico\/#primaryimage\"},\"thumbnailUrl\":\"https:\/\/nitu.mx\/wp-content\/uploads\/2025\/08\/Festival-de-Verano-Vive-Leon-2025.jpg\",\"keywords\":[\"Alejandra Guti\u00e9rrez\",\"Festival de Verano\",\"Guanajuato\",\"Le\u00f3n\",\"Vive Le\u00f3n\"],\"articleSection\":[\"Destinos\"],\"inLanguage\":\"es-MX\"},{\"@type\":\"WebPage\",\"@id\":\"https:\/\/nitu.mx\/index.php\/2025\/08\/31\/vive-leon-2025-cierra-con-mas-de-970-mil-visitantes-se-ubica-como-el-festival-mas-grande-de-mexico\/\",\"url\":\"https:\/\/nitu.mx\/index.php\/2025\/08\/31\/vive-leon-2025-cierra-con-mas-de-970-mil-visitantes-se-ubica-como-el-festival-mas-grande-de-mexico\/\",\"name\":\"Vive Le\u00f3n 2025 cierra con m\u00e1s de 970 mil visitantes, se ubica como el festival m\u00e1s grande de M\u00e9xico - Nitu - Noticias de la Industria Turistica\",\"isPartOf\":{\"@id\":\"https:\/\/nitu.mx\/#website\"},\"primaryImageOfPage\":{\"@id\":\"https:\/\/nitu.mx\/index.php\/2025\/08\/31\/vive-leon-2025-cierra-con-mas-de-970-mil-visitantes-se-ubica-como-el-festival-mas-grande-de-mexico\/#primaryimage\"},\"image\":{\"@id\":\"https:\/\/nitu.mx\/index.php\/2025\/08\/31\/vive-leon-2025-cierra-con-mas-de-970-mil-visitantes-se-ubica-como-el-festival-mas-grande-de-mexico\/#primaryimage\"},\"thumbnailUrl\":\"https:\/\/nitu.mx\/wp-content\/uploads\/2025\/08\/Festival-de-Verano-Vive-Leon-2025.jpg\",\"datePublished\":\"2025-09-01T01:00:00+00:00\",\"dateModified\":\"2025-08-31T23:39:02+00:00\",\"breadcrumb\":{\"@id\":\"https:\/\/nitu.mx\/index.php\/2025\/08\/31\/vive-leon-2025-cierra-con-mas-de-970-mil-visitantes-se-ubica-como-el-festival-mas-grande-de-mexico\/#breadcrumb\"},\"inLanguage\":\"es-MX\",\"potentialAction\":[{\"@type\":\"ReadAction\",\"target\":[\"https:\/\/nitu.mx\/index.php\/2025\/08\/31\/vive-leon-2025-cierra-con-mas-de-970-mil-visitantes-se-ubica-como-el-festival-mas-grande-de-mexico\/\"]}]},{\"@type\":\"ImageObject\",\"inLanguage\":\"es-MX\",\"@id\":\"https:\/\/nitu.mx\/index.php\/2025\/08\/31\/vive-leon-2025-cierra-con-mas-de-970-mil-visitantes-se-ubica-como-el-festival-mas-grande-de-mexico\/#primaryimage\",\"url\":\"https:\/\/nitu.mx\/wp-content\/uploads\/2025\/08\/Festival-de-Verano-Vive-Leon-2025.jpg\",\"contentUrl\":\"https:\/\/nitu.mx\/wp-content\/uploads\/2025\/08\/Festival-de-Verano-Vive-Leon-2025.jpg\",\"width\":1200,\"height\":675,\"caption\":\"Festival de Verano Vive Le\u00f3n 2025\"},{\"@type\":\"BreadcrumbList\",\"@id\":\"https:\/\/nitu.mx\/index.php\/2025\/08\/31\/vive-leon-2025-cierra-con-mas-de-970-mil-visitantes-se-ubica-como-el-festival-mas-grande-de-mexico\/#breadcrumb\",\"itemListElement\":[{\"@type\":\"ListItem\",\"position\":1,\"name\":\"Inicio\",\"item\":\"https:\/\/nitu.mx\/\"},{\"@type\":\"ListItem\",\"position\":2,\"name\":\"Vive Le\u00f3n 2025 cierra con m\u00e1s de 970 mil visitantes, se ubica como el festival m\u00e1s grande de M\u00e9xico\"}]},{\"@type\":\"WebSite\",\"@id\":\"https:\/\/nitu.mx\/#website\",\"url\":\"https:\/\/nitu.mx\/\",\"name\":\"Nitu - Noticias de la Industria Turistica\",\"description\":\"Noticias de la Industria Turistica\",\"publisher\":{\"@id\":\"https:\/\/nitu.mx\/#\/schema\/person\/ae7a53426417292d3dd07b45a33e01bc\"},\"alternateName\":\"Noticias de la Industria Turistica\",\"potentialAction\":[{\"@type\":\"SearchAction\",\"target\":{\"@type\":\"EntryPoint\",\"urlTemplate\":\"https:\/\/nitu.mx\/?s={search_term_string}\"},\"query-input\":\"required name=search_term_string\"}],\"inLanguage\":\"es-MX\"},{\"@type\":[\"Person\",\"Organization\"],\"@id\":\"https:\/\/nitu.mx\/#\/schema\/person\/ae7a53426417292d3dd07b45a33e01bc\",\"name\":\"Arturo Medina\",\"image\":{\"@type\":\"ImageObject\",\"inLanguage\":\"es-MX\",\"@id\":\"https:\/\/nitu.mx\/#\/schema\/person\/image\/\",\"url\":\"https:\/\/nitu.mx\/wp-content\/uploads\/2024\/04\/4A315622-1904-4D5C-B022-878CDC840E04-90x90-1.jpeg\",\"contentUrl\":\"https:\/\/nitu.mx\/wp-content\/uploads\/2024\/04\/4A315622-1904-4D5C-B022-878CDC840E04-90x90-1.jpeg\",\"width\":90,\"height\":90,\"caption\":\"Arturo Medina\"},\"logo\":{\"@id\":\"https:\/\/nitu.mx\/#\/schema\/person\/image\/\"},\"description\":\"Director NITU.mx, Egresado de la Escuela de Periodismo Carlos Septi\u00e9n Garc\u00eda. Periodista y analista especializado en turismo desde hace 35 a\u00f1os, radicado en Canc\u00fan Q.Roo. arturo@nitu.mx\",\"sameAs\":[\"https:\/\/nitu.mx\",\"https:\/\/www.facebook.com\/NITUmx\/\",\"medinacancun\",\"https:\/\/twitter.com\/@Arturo_Medina_G\"]},{\"@type\":\"Person\",\"@id\":\"https:\/\/nitu.mx\/#\/schema\/person\/4a28fe9bd65924f7c90623773daf1b0b\",\"name\":\"Redacci\u00f3n\",\"image\":{\"@type\":\"ImageObject\",\"inLanguage\":\"es-MX\",\"@id\":\"https:\/\/nitu.mx\/#\/schema\/person\/image\/\",\"url\":\"https:\/\/secure.gravatar.com\/avatar\/5dd011c8ccfc5cd7e4c81e42252aab38?s=96&d=mm&r=g\",\"contentUrl\":\"https:\/\/secure.gravatar.com\/avatar\/5dd011c8ccfc5cd7e4c81e42252aab38?s=96&d=mm&r=g\",\"caption\":\"Redacci\u00f3n\"},\"url\":\"https:\/\/nitu.mx\/index.php\/author\/redaccion\/\"}]}<\/script>\n<!-- \/ Yoast SEO plugin. -->","yoast_head_json":{"title":"Vive Le\u00f3n 2025 cierra con m\u00e1s de 970 mil visitantes, se ubica como el festival m\u00e1s grande de M\u00e9xico - Nitu - Noticias de la Industria Turistica","robots":{"index":"index","follow":"follow","max-snippet":"max-snippet:-1","max-image-preview":"max-image-preview:large","max-video-preview":"max-video-preview:-1"},"canonical":"https:\/\/nitu.mx\/index.php\/2025\/08\/31\/vive-leon-2025-cierra-con-mas-de-970-mil-visitantes-se-ubica-como-el-festival-mas-grande-de-mexico\/","twitter_card":"summary_large_image","twitter_title":"Vive Le\u00f3n 2025 cierra con m\u00e1s de 970 mil visitantes, se ubica como el festival m\u00e1s grande de M\u00e9xico - Nitu - Noticias de la Industria Turistica","twitter_description":"Con una asistencia de m\u00e1s de 970 mil personas y una derrama econ\u00f3mica de 557 millones de pesos, el Festival de Verano Vive Le\u00f3n 2025, se posiciona como el festival m\u00e1s grande y gratuito de todo M\u00e9xico para las familias.&nbsp; As\u00ed lo dio a conocer la presidenta municipal, Alejandra&nbsp; Guti\u00e9rrez, quien subray\u00f3 que cada edici\u00f3n [&hellip;]","twitter_image":"https:\/\/nitu.mx\/wp-content\/uploads\/2025\/08\/Festival-de-Verano-Vive-Leon-2025.jpg","twitter_creator":"@NITUmx","twitter_site":"@Arturo_Medina_G","twitter_misc":{"Escrito por":"Redacci\u00f3n","Tiempo de lectura":"5 minutos"},"schema":{"@context":"https:\/\/schema.org","@graph":[{"@type":"Article","@id":"https:\/\/nitu.mx\/index.php\/2025\/08\/31\/vive-leon-2025-cierra-con-mas-de-970-mil-visitantes-se-ubica-como-el-festival-mas-grande-de-mexico\/#article","isPartOf":{"@id":"https:\/\/nitu.mx\/index.php\/2025\/08\/31\/vive-leon-2025-cierra-con-mas-de-970-mil-visitantes-se-ubica-como-el-festival-mas-grande-de-mexico\/"},"author":{"name":"Redacci\u00f3n","@id":"https:\/\/nitu.mx\/#\/schema\/person\/4a28fe9bd65924f7c90623773daf1b0b"},"headline":"Vive Le\u00f3n 2025 cierra con m\u00e1s de 970 mil visitantes, se ubica como el festival m\u00e1s grande de M\u00e9xico","datePublished":"2025-09-01T01:00:00+00:00","dateModified":"2025-08-31T23:39:02+00:00","mainEntityOfPage":{"@id":"https:\/\/nitu.mx\/index.php\/2025\/08\/31\/vive-leon-2025-cierra-con-mas-de-970-mil-visitantes-se-ubica-como-el-festival-mas-grande-de-mexico\/"},"wordCount":965,"publisher":{"@id":"https:\/\/nitu.mx\/#\/schema\/person\/ae7a53426417292d3dd07b45a33e01bc"},"image":{"@id":"https:\/\/nitu.mx\/index.php\/2025\/08\/31\/vive-leon-2025-cierra-con-mas-de-970-mil-visitantes-se-ubica-como-el-festival-mas-grande-de-mexico\/#primaryimage"},"thumbnailUrl":"https:\/\/nitu.mx\/wp-content\/uploads\/2025\/08\/Festival-de-Verano-Vive-Leon-2025.jpg","keywords":["Alejandra Guti\u00e9rrez","Festival de Verano","Guanajuato","Le\u00f3n","Vive Le\u00f3n"],"articleSection":["Destinos"],"inLanguage":"es-MX"},{"@type":"WebPage","@id":"https:\/\/nitu.mx\/index.php\/2025\/08\/31\/vive-leon-2025-cierra-con-mas-de-970-mil-visitantes-se-ubica-como-el-festival-mas-grande-de-mexico\/","url":"https:\/\/nitu.mx\/index.php\/2025\/08\/31\/vive-leon-2025-cierra-con-mas-de-970-mil-visitantes-se-ubica-como-el-festival-mas-grande-de-mexico\/","name":"Vive Le\u00f3n 2025 cierra con m\u00e1s de 970 mil visitantes, se ubica como el festival m\u00e1s grande de M\u00e9xico - Nitu - Noticias de la Industria Turistica","isPartOf":{"@id":"https:\/\/nitu.mx\/#website"},"primaryImageOfPage":{"@id":"https:\/\/nitu.mx\/index.php\/2025\/08\/31\/vive-leon-2025-cierra-con-mas-de-970-mil-visitantes-se-ubica-como-el-festival-mas-grande-de-mexico\/#primaryimage"},"image":{"@id":"https:\/\/nitu.mx\/index.php\/2025\/08\/31\/vive-leon-2025-cierra-con-mas-de-970-mil-visitantes-se-ubica-como-el-festival-mas-grande-de-mexico\/#primaryimage"},"thumbnailUrl":"https:\/\/nitu.mx\/wp-content\/uploads\/2025\/08\/Festival-de-Verano-Vive-Leon-2025.jpg","datePublished":"2025-09-01T01:00:00+00:00","dateModified":"2025-08-31T23:39:02+00:00","breadcrumb":{"@id":"https:\/\/nitu.mx\/index.php\/2025\/08\/31\/vive-leon-2025-cierra-con-mas-de-970-mil-visitantes-se-ubica-como-el-festival-mas-grande-de-mexico\/#breadcrumb"},"inLanguage":"es-MX","potentialAction":[{"@type":"ReadAction","target":["https:\/\/nitu.mx\/index.php\/2025\/08\/31\/vive-leon-2025-cierra-con-mas-de-970-mil-visitantes-se-ubica-como-el-festival-mas-grande-de-mexico\/"]}]},{"@type":"ImageObject","inLanguage":"es-MX","@id":"https:\/\/nitu.mx\/index.php\/2025\/08\/31\/vive-leon-2025-cierra-con-mas-de-970-mil-visitantes-se-ubica-como-el-festival-mas-grande-de-mexico\/#primaryimage","url":"https:\/\/nitu.mx\/wp-content\/uploads\/2025\/08\/Festival-de-Verano-Vive-Leon-2025.jpg","contentUrl":"https:\/\/nitu.mx\/wp-content\/uploads\/2025\/08\/Festival-de-Verano-Vive-Leon-2025.jpg","width":1200,"height":675,"caption":"Festival de Verano Vive Le\u00f3n 2025"},{"@type":"BreadcrumbList","@id":"https:\/\/nitu.mx\/index.php\/2025\/08\/31\/vive-leon-2025-cierra-con-mas-de-970-mil-visitantes-se-ubica-como-el-festival-mas-grande-de-mexico\/#breadcrumb","itemListElement":[{"@type":"ListItem","position":1,"name":"Inicio","item":"https:\/\/nitu.mx\/"},{"@type":"ListItem","position":2,"name":"Vive Le\u00f3n 2025 cierra con m\u00e1s de 970 mil visitantes, se ubica como el festival m\u00e1s grande de M\u00e9xico"}]},{"@type":"WebSite","@id":"https:\/\/nitu.mx\/#website","url":"https:\/\/nitu.mx\/","name":"Nitu - Noticias de la Industria Turistica","description":"Noticias de la Industria Turistica","publisher":{"@id":"https:\/\/nitu.mx\/#\/schema\/person\/ae7a53426417292d3dd07b45a33e01bc"},"alternateName":"Noticias de la Industria Turistica","potentialAction":[{"@type":"SearchAction","target":{"@type":"EntryPoint","urlTemplate":"https:\/\/nitu.mx\/?s={search_term_string}"},"query-input":"required name=search_term_string"}],"inLanguage":"es-MX"},{"@type":["Person","Organization"],"@id":"https:\/\/nitu.mx\/#\/schema\/person\/ae7a53426417292d3dd07b45a33e01bc","name":"Arturo Medina","image":{"@type":"ImageObject","inLanguage":"es-MX","@id":"https:\/\/nitu.mx\/#\/schema\/person\/image\/","url":"https:\/\/nitu.mx\/wp-content\/uploads\/2024\/04\/4A315622-1904-4D5C-B022-878CDC840E04-90x90-1.jpeg","contentUrl":"https:\/\/nitu.mx\/wp-content\/uploads\/2024\/04\/4A315622-1904-4D5C-B022-878CDC840E04-90x90-1.jpeg","width":90,"height":90,"caption":"Arturo Medina"},"logo":{"@id":"https:\/\/nitu.mx\/#\/schema\/person\/image\/"},"description":"Director NITU.mx, Egresado de la Escuela de Periodismo Carlos Septi\u00e9n Garc\u00eda. Periodista y analista especializado en turismo desde hace 35 a\u00f1os, radicado en Canc\u00fan Q.Roo. arturo@nitu.mx","sameAs":["https:\/\/nitu.mx","https:\/\/www.facebook.com\/NITUmx\/","medinacancun","https:\/\/twitter.com\/@Arturo_Medina_G"]},{"@type":"Person","@id":"https:\/\/nitu.mx\/#\/schema\/person\/4a28fe9bd65924f7c90623773daf1b0b","name":"Redacci\u00f3n","image":{"@type":"ImageObject","inLanguage":"es-MX","@id":"https:\/\/nitu.mx\/#\/schema\/person\/image\/","url":"https:\/\/secure.gravatar.com\/avatar\/5dd011c8ccfc5cd7e4c81e42252aab38?s=96&d=mm&r=g","contentUrl":"https:\/\/secure.gravatar.com\/avatar\/5dd011c8ccfc5cd7e4c81e42252aab38?s=96&d=mm&r=g","caption":"Redacci\u00f3n"},"url":"https:\/\/nitu.mx\/index.php\/author\/redaccion\/"}]}},"views":464,"_links":{"self":[{"href":"https:\/\/nitu.mx\/index.php\/wp-json\/wp\/v2\/posts\/83199"}],"collection":[{"href":"https:\/\/nitu.mx\/index.php\/wp-json\/wp\/v2\/posts"}],"about":[{"href":"https:\/\/nitu.mx\/index.php\/wp-json\/wp\/v2\/types\/post"}],"author":[{"embeddable":true,"href":"https:\/\/nitu.mx\/index.php\/wp-json\/wp\/v2\/users\/17"}],"replies":[{"embeddable":true,"href":"https:\/\/nitu.mx\/index.php\/wp-json\/wp\/v2\/comments?post=83199"}],"version-history":[{"count":1,"href":"https:\/\/nitu.mx\/index.php\/wp-json\/wp\/v2\/posts\/83199\/revisions"}],"predecessor-version":[{"id":83201,"href":"https:\/\/nitu.mx\/index.php\/wp-json\/wp\/v2\/posts\/83199\/revisions\/83201"}],"wp:featuredmedia":[{"embeddable":true,"href":"https:\/\/nitu.mx\/index.php\/wp-json\/wp\/v2\/media\/83202"}],"wp:attachment":[{"href":"https:\/\/nitu.mx\/index.php\/wp-json\/wp\/v2\/media?parent=83199"}],"wp:term":[{"taxonomy":"category","embeddable":true,"href":"https:\/\/nitu.mx\/index.php\/wp-json\/wp\/v2\/categories?post=83199"},{"taxonomy":"post_tag","embeddable":true,"href":"https:\/\/nitu.mx\/index.php\/wp-json\/wp\/v2\/tags?post=83199"}],"curies":[{"name":"wp","href":"https:\/\/api.w.org\/{rel}","templated":true}]}}