{"id":83186,"date":"2025-08-28T22:56:10","date_gmt":"2025-08-29T04:56:10","guid":{"rendered":"https:\/\/nitu.mx\/?p=83186"},"modified":"2025-08-28T22:56:11","modified_gmt":"2025-08-29T04:56:11","slug":"anuncian-el-7o-foro-si-hay-turismo-y-el-1er-outlet-de-viajes-y-vacaciones-mexico","status":"publish","type":"post","link":"https:\/\/nitu.mx\/index.php\/2025\/08\/28\/anuncian-el-7o-foro-si-hay-turismo-y-el-1er-outlet-de-viajes-y-vacaciones-mexico\/","title":{"rendered":"Anuncian el 7o Foro S\u00ed Hay Turismo y el 1er Outlet de Viajes y Vacaciones M\u00e9xico"},"content":{"rendered":"\n<p>En representaci\u00f3n de la secretaria de Turismo federal, Josefina Rodr\u00edguez Zamora, el director general de Promoci\u00f3n y Asuntos Internacionales, Emmanuel Rey, y el director general del foro, Isaac Vel\u00e1zquez M\u00e9ndez, anunciaron la 7a edici\u00f3n del  Foro de Desarrollo de Competencias Tur\u00edsticas &#8220;S\u00ed Hay Turismo&#8221; y el 1er. Outlet de Viajes y Vacaciones M\u00e9xico. Estas iniciativas buscan fortalecer la competitividad del sector, profesionalizar a los prestadores de servicios tur\u00edsticos y ofrecer a las familias mexicanas opciones de viaje accesibles.<\/p>\n\n\n\n<p>La s\u00e9ptima edici\u00f3n del Foro S\u00ed Hay Turismo se llevar\u00e1 a cabo el pr\u00f3ximo 3 de diciembre, con la participaci\u00f3n de 14 ponentes especializados en temas de innovaci\u00f3n, inteligencia artificial, finanzas, marketing digital y gesti\u00f3n tur\u00edstica. (<a href=\"https:\/\/nitu.mx\/index.php\/2024\/11\/20\/potenciaran-turismo-alrededor-del-aifa-con-foro-de-especialistas\/\">Potenciar\u00e1n turismo alrededor del AIFA con Foro de especialistas<\/a>).<\/p>\n\n\n\n<p>Por otra parte, el Outlet de Viajes y Vacaciones M\u00e9xico se celebrar\u00e1 del 13 al 17 de noviembre, en el marco del Buen Fin. Ambos eventos tendr\u00e1n lugar en Toreo Parque Central, donde m\u00e1s de 100 agencias de viajes ofrecer\u00e1n paquetes tur\u00edsticos con promociones y precios especiales.<\/p>\n\n\n\n<p>Emmanuel Rey destac\u00f3 que para la Secretar\u00eda de Turismo (Sectur) este encuentro es prioritario, ya que impulsa el desarrollo del sector en un contexto en el que M\u00e9xico se prepara para mostrar al mundo sus nuevos productos tur\u00edsticos rumbo a un calendario de actividades del a\u00f1o 2026.<\/p>\n\n\n\n<p>\u201cTodas las actividades que fomenten el desarrollo del sector tur\u00edstico son prioritarias y este evento se suma a los esfuerzos de promoci\u00f3n y visibilidad, tanto a nivel nacional como internacional\u201d, se\u00f1al\u00f3.<\/p>\n\n\n\n<p>Con estas iniciativas, el sector p\u00fablico y privado reafirman su colaboraci\u00f3n para hacer del turismo un motor de\u00a0Prosperidad Compartida, como lo ha instruido la\u00a0presidenta de M\u00e9xico, Claudia Sheinbaum Pardo, al tiempo que se acercan m\u00e1s oportunidades de viaje para las y los mexicanos.<\/p>\n\n\n\n<p>En su intervenci\u00f3n, Isaac Vel\u00e1zquez M\u00e9ndez, director del Foro S\u00ed hay Turismo, subray\u00f3 que en sus seis ediciones anteriores este espacio ha logrado reunir a m\u00e1s de 3 mil 60 participantes, generando 102 reuniones de trabajo y detonando 10 nuevas rutas tur\u00edsticas en la regi\u00f3n.<\/p>\n\n\n\n<p>Agreg\u00f3 que el Foro se ha convertido en un espacio propicio para la profesionalizaci\u00f3n y capacitaci\u00f3n que impulse la competitividad tur\u00edstica de la Cuenca de M\u00e9xico, en los alrededores del Aeropuerto Internacional Felipe \u00c1ngeles (AIFA), y contar\u00e1 con la participaci\u00f3n de Mexicana de Aviaci\u00f3n, Tren Maya y Mundo Maya, entre otros aliados estrat\u00e9gicos. (<a href=\"https:\/\/nitu.mx\/index.php\/2025\/08\/25\/mexicana-de-aviacion-estrena-el-embraer-e195-e2-con-vuelo-aifa-tulum\/\">Mexicana de Aviaci\u00f3n estrena el Embraer E195-E2 con vuelo AIFA-Tulum<\/a>).<\/p>\n\n\n\n<p>La directora general de Servicios al Turista \u00c1ngeles Verdes, Sandra D\u00edaz Guevara, inform\u00f3 que la instituci\u00f3n que encabeza tendr\u00e1 una participaci\u00f3n en el Foro S\u00ed Hay Turismo. En este sentido, destac\u00f3 que ser\u00e1 una excelente oportunidad para dar a conocer las atribuciones de \u00c1ngeles Verdes y garantizar que m\u00e1s turistas conozcan y accedan a estos servicios en caso de requerirlos.<\/p>\n\n\n\n<p>Durante la presentaci\u00f3n, se cont\u00f3 con la presencia del director Comercial y de Operaciones del Foro S\u00ed Hay Turismo, Germ\u00e1n Pineda Guti\u00e9rrez, as\u00ed como de la representante del Consejo Directivo de Grupo FIBRA DANHOS, Elvira Daniel Kabbaz Zaga.<\/p>\n","protected":false},"excerpt":{"rendered":"<p>En representaci\u00f3n de la secretaria de Turismo federal, Josefina Rodr\u00edguez Zamora, el director general de Promoci\u00f3n y Asuntos Internacionales, Emmanuel Rey, y el director general del foro, Isaac Vel\u00e1zquez M\u00e9ndez, anunciaron la 7a edici\u00f3n del Foro de Desarrollo de Competencias Tur\u00edsticas &#8220;S\u00ed Hay Turismo&#8221; y el 1er. Outlet de Viajes y Vacaciones M\u00e9xico. Estas iniciativas [&hellip;]<\/p>\n","protected":false},"author":18,"featured_media":83189,"comment_status":"closed","ping_status":"closed","sticky":false,"template":"","format":"standard","meta":{"footnotes":""},"categories":[12],"tags":[26507,27648,25920,27649,93],"yoast_head":"<!-- This site is optimized with the Yoast SEO plugin v22.2 - https:\/\/yoast.com\/wordpress\/plugins\/seo\/ -->\n<title>Anuncian el 7o Foro S\u00ed Hay Turismo y el 1er Outlet de Viajes y Vacaciones M\u00e9xico - Nitu - Noticias de la Industria Turistica<\/title>\n<meta name=\"robots\" content=\"index, follow, max-snippet:-1, max-image-preview:large, max-video-preview:-1\" \/>\n<link rel=\"canonical\" href=\"https:\/\/nitu.mx\/index.php\/2025\/08\/28\/anuncian-el-7o-foro-si-hay-turismo-y-el-1er-outlet-de-viajes-y-vacaciones-mexico\/\" \/>\n<meta name=\"twitter:card\" content=\"summary_large_image\" \/>\n<meta name=\"twitter:title\" content=\"Anuncian el 7o Foro S\u00ed Hay Turismo y el 1er Outlet de Viajes y Vacaciones M\u00e9xico - Nitu - Noticias de la Industria Turistica\" \/>\n<meta name=\"twitter:description\" content=\"En representaci\u00f3n de la secretaria de Turismo federal, Josefina Rodr\u00edguez Zamora, el director general de Promoci\u00f3n y Asuntos Internacionales, Emmanuel Rey, y el director general del foro, Isaac Vel\u00e1zquez M\u00e9ndez, anunciaron la 7a edici\u00f3n del Foro de Desarrollo de Competencias Tur\u00edsticas &#8220;S\u00ed Hay Turismo&#8221; y el 1er. Outlet de Viajes y Vacaciones M\u00e9xico. Estas iniciativas [&hellip;]\" \/>\n<meta name=\"twitter:image\" content=\"https:\/\/nitu.mx\/wp-content\/uploads\/2025\/08\/FORO-SI-HAY-TURISMO-anuncio-7a-edicion.jpg\" \/>\n<meta name=\"twitter:creator\" content=\"@NITUmx\" \/>\n<meta name=\"twitter:site\" content=\"@Arturo_Medina_G\" \/>\n<meta name=\"twitter:label1\" content=\"Escrito por\" \/>\n\t<meta name=\"twitter:data1\" content=\"Guadalupe Sixto\" \/>\n\t<meta name=\"twitter:label2\" content=\"Tiempo de lectura\" \/>\n\t<meta name=\"twitter:data2\" content=\"3 minutos\" \/>\n<script type=\"application\/ld+json\" class=\"yoast-schema-graph\">{\"@context\":\"https:\/\/schema.org\",\"@graph\":[{\"@type\":\"Article\",\"@id\":\"https:\/\/nitu.mx\/index.php\/2025\/08\/28\/anuncian-el-7o-foro-si-hay-turismo-y-el-1er-outlet-de-viajes-y-vacaciones-mexico\/#article\",\"isPartOf\":{\"@id\":\"https:\/\/nitu.mx\/index.php\/2025\/08\/28\/anuncian-el-7o-foro-si-hay-turismo-y-el-1er-outlet-de-viajes-y-vacaciones-mexico\/\"},\"author\":{\"name\":\"Guadalupe Sixto\",\"@id\":\"https:\/\/nitu.mx\/#\/schema\/person\/3df3082b5e46037e3f13614d28ee0b77\"},\"headline\":\"Anuncian el 7o Foro S\u00ed Hay Turismo y el 1er Outlet de Viajes y Vacaciones M\u00e9xico\",\"datePublished\":\"2025-08-29T04:56:10+00:00\",\"dateModified\":\"2025-08-29T04:56:11+00:00\",\"mainEntityOfPage\":{\"@id\":\"https:\/\/nitu.mx\/index.php\/2025\/08\/28\/anuncian-el-7o-foro-si-hay-turismo-y-el-1er-outlet-de-viajes-y-vacaciones-mexico\/\"},\"wordCount\":561,\"publisher\":{\"@id\":\"https:\/\/nitu.mx\/#\/schema\/person\/ae7a53426417292d3dd07b45a33e01bc\"},\"image\":{\"@id\":\"https:\/\/nitu.mx\/index.php\/2025\/08\/28\/anuncian-el-7o-foro-si-hay-turismo-y-el-1er-outlet-de-viajes-y-vacaciones-mexico\/#primaryimage\"},\"thumbnailUrl\":\"https:\/\/nitu.mx\/wp-content\/uploads\/2025\/08\/FORO-SI-HAY-TURISMO-anuncio-7a-edicion.jpg\",\"keywords\":[\"Foro S\u00ed hay turismo\",\"Isaac Vel\u00e1zquez\",\"Josefina Rodriguez\",\"Outlet de Viajes y Vacaciones M\u00e9xico\",\"Sectur\"],\"articleSection\":[\"Marketing\"],\"inLanguage\":\"es-MX\"},{\"@type\":\"WebPage\",\"@id\":\"https:\/\/nitu.mx\/index.php\/2025\/08\/28\/anuncian-el-7o-foro-si-hay-turismo-y-el-1er-outlet-de-viajes-y-vacaciones-mexico\/\",\"url\":\"https:\/\/nitu.mx\/index.php\/2025\/08\/28\/anuncian-el-7o-foro-si-hay-turismo-y-el-1er-outlet-de-viajes-y-vacaciones-mexico\/\",\"name\":\"Anuncian el 7o Foro S\u00ed Hay Turismo y el 1er Outlet de Viajes y Vacaciones M\u00e9xico - Nitu - Noticias de la Industria Turistica\",\"isPartOf\":{\"@id\":\"https:\/\/nitu.mx\/#website\"},\"primaryImageOfPage\":{\"@id\":\"https:\/\/nitu.mx\/index.php\/2025\/08\/28\/anuncian-el-7o-foro-si-hay-turismo-y-el-1er-outlet-de-viajes-y-vacaciones-mexico\/#primaryimage\"},\"image\":{\"@id\":\"https:\/\/nitu.mx\/index.php\/2025\/08\/28\/anuncian-el-7o-foro-si-hay-turismo-y-el-1er-outlet-de-viajes-y-vacaciones-mexico\/#primaryimage\"},\"thumbnailUrl\":\"https:\/\/nitu.mx\/wp-content\/uploads\/2025\/08\/FORO-SI-HAY-TURISMO-anuncio-7a-edicion.jpg\",\"datePublished\":\"2025-08-29T04:56:10+00:00\",\"dateModified\":\"2025-08-29T04:56:11+00:00\",\"breadcrumb\":{\"@id\":\"https:\/\/nitu.mx\/index.php\/2025\/08\/28\/anuncian-el-7o-foro-si-hay-turismo-y-el-1er-outlet-de-viajes-y-vacaciones-mexico\/#breadcrumb\"},\"inLanguage\":\"es-MX\",\"potentialAction\":[{\"@type\":\"ReadAction\",\"target\":[\"https:\/\/nitu.mx\/index.php\/2025\/08\/28\/anuncian-el-7o-foro-si-hay-turismo-y-el-1er-outlet-de-viajes-y-vacaciones-mexico\/\"]}]},{\"@type\":\"ImageObject\",\"inLanguage\":\"es-MX\",\"@id\":\"https:\/\/nitu.mx\/index.php\/2025\/08\/28\/anuncian-el-7o-foro-si-hay-turismo-y-el-1er-outlet-de-viajes-y-vacaciones-mexico\/#primaryimage\",\"url\":\"https:\/\/nitu.mx\/wp-content\/uploads\/2025\/08\/FORO-SI-HAY-TURISMO-anuncio-7a-edicion.jpg\",\"contentUrl\":\"https:\/\/nitu.mx\/wp-content\/uploads\/2025\/08\/FORO-SI-HAY-TURISMO-anuncio-7a-edicion.jpg\",\"width\":1200,\"height\":675,\"caption\":\"FORO S\u00cd HAY TURISMO anuncio 7a edici\u00f3n\"},{\"@type\":\"BreadcrumbList\",\"@id\":\"https:\/\/nitu.mx\/index.php\/2025\/08\/28\/anuncian-el-7o-foro-si-hay-turismo-y-el-1er-outlet-de-viajes-y-vacaciones-mexico\/#breadcrumb\",\"itemListElement\":[{\"@type\":\"ListItem\",\"position\":1,\"name\":\"Inicio\",\"item\":\"https:\/\/nitu.mx\/\"},{\"@type\":\"ListItem\",\"position\":2,\"name\":\"Anuncian el 7o Foro S\u00ed Hay Turismo y el 1er Outlet de Viajes y Vacaciones M\u00e9xico\"}]},{\"@type\":\"WebSite\",\"@id\":\"https:\/\/nitu.mx\/#website\",\"url\":\"https:\/\/nitu.mx\/\",\"name\":\"Nitu - Noticias de la Industria Turistica\",\"description\":\"Noticias de la Industria Turistica\",\"publisher\":{\"@id\":\"https:\/\/nitu.mx\/#\/schema\/person\/ae7a53426417292d3dd07b45a33e01bc\"},\"alternateName\":\"Noticias de la Industria Turistica\",\"potentialAction\":[{\"@type\":\"SearchAction\",\"target\":{\"@type\":\"EntryPoint\",\"urlTemplate\":\"https:\/\/nitu.mx\/?s={search_term_string}\"},\"query-input\":\"required name=search_term_string\"}],\"inLanguage\":\"es-MX\"},{\"@type\":[\"Person\",\"Organization\"],\"@id\":\"https:\/\/nitu.mx\/#\/schema\/person\/ae7a53426417292d3dd07b45a33e01bc\",\"name\":\"Arturo Medina\",\"image\":{\"@type\":\"ImageObject\",\"inLanguage\":\"es-MX\",\"@id\":\"https:\/\/nitu.mx\/#\/schema\/person\/image\/\",\"url\":\"https:\/\/nitu.mx\/wp-content\/uploads\/2024\/04\/4A315622-1904-4D5C-B022-878CDC840E04-90x90-1.jpeg\",\"contentUrl\":\"https:\/\/nitu.mx\/wp-content\/uploads\/2024\/04\/4A315622-1904-4D5C-B022-878CDC840E04-90x90-1.jpeg\",\"width\":90,\"height\":90,\"caption\":\"Arturo Medina\"},\"logo\":{\"@id\":\"https:\/\/nitu.mx\/#\/schema\/person\/image\/\"},\"description\":\"Director NITU.mx, Egresado de la Escuela de Periodismo Carlos Septi\u00e9n Garc\u00eda. Periodista y analista especializado en turismo desde hace 35 a\u00f1os, radicado en Canc\u00fan Q.Roo. arturo@nitu.mx\",\"sameAs\":[\"https:\/\/nitu.mx\",\"https:\/\/www.facebook.com\/NITUmx\/\",\"medinacancun\",\"https:\/\/twitter.com\/@Arturo_Medina_G\"]},{\"@type\":\"Person\",\"@id\":\"https:\/\/nitu.mx\/#\/schema\/person\/3df3082b5e46037e3f13614d28ee0b77\",\"name\":\"Guadalupe Sixto\",\"image\":{\"@type\":\"ImageObject\",\"inLanguage\":\"es-MX\",\"@id\":\"https:\/\/nitu.mx\/#\/schema\/person\/image\/\",\"url\":\"https:\/\/secure.gravatar.com\/avatar\/13914e1b0e1919e91f9539de4dc584c4?s=96&d=mm&r=g\",\"contentUrl\":\"https:\/\/secure.gravatar.com\/avatar\/13914e1b0e1919e91f9539de4dc584c4?s=96&d=mm&r=g\",\"caption\":\"Guadalupe Sixto\"},\"url\":\"https:\/\/nitu.mx\/index.php\/author\/gsixto\/\"}]}<\/script>\n<!-- \/ Yoast SEO plugin. -->","yoast_head_json":{"title":"Anuncian el 7o Foro S\u00ed Hay Turismo y el 1er Outlet de Viajes y Vacaciones M\u00e9xico - Nitu - Noticias de la Industria Turistica","robots":{"index":"index","follow":"follow","max-snippet":"max-snippet:-1","max-image-preview":"max-image-preview:large","max-video-preview":"max-video-preview:-1"},"canonical":"https:\/\/nitu.mx\/index.php\/2025\/08\/28\/anuncian-el-7o-foro-si-hay-turismo-y-el-1er-outlet-de-viajes-y-vacaciones-mexico\/","twitter_card":"summary_large_image","twitter_title":"Anuncian el 7o Foro S\u00ed Hay Turismo y el 1er Outlet de Viajes y Vacaciones M\u00e9xico - Nitu - Noticias de la Industria Turistica","twitter_description":"En representaci\u00f3n de la secretaria de Turismo federal, Josefina Rodr\u00edguez Zamora, el director general de Promoci\u00f3n y Asuntos Internacionales, Emmanuel Rey, y el director general del foro, Isaac Vel\u00e1zquez M\u00e9ndez, anunciaron la 7a edici\u00f3n del Foro de Desarrollo de Competencias Tur\u00edsticas &#8220;S\u00ed Hay Turismo&#8221; y el 1er. Outlet de Viajes y Vacaciones M\u00e9xico. Estas iniciativas [&hellip;]","twitter_image":"https:\/\/nitu.mx\/wp-content\/uploads\/2025\/08\/FORO-SI-HAY-TURISMO-anuncio-7a-edicion.jpg","twitter_creator":"@NITUmx","twitter_site":"@Arturo_Medina_G","twitter_misc":{"Escrito por":"Guadalupe Sixto","Tiempo de lectura":"3 minutos"},"schema":{"@context":"https:\/\/schema.org","@graph":[{"@type":"Article","@id":"https:\/\/nitu.mx\/index.php\/2025\/08\/28\/anuncian-el-7o-foro-si-hay-turismo-y-el-1er-outlet-de-viajes-y-vacaciones-mexico\/#article","isPartOf":{"@id":"https:\/\/nitu.mx\/index.php\/2025\/08\/28\/anuncian-el-7o-foro-si-hay-turismo-y-el-1er-outlet-de-viajes-y-vacaciones-mexico\/"},"author":{"name":"Guadalupe Sixto","@id":"https:\/\/nitu.mx\/#\/schema\/person\/3df3082b5e46037e3f13614d28ee0b77"},"headline":"Anuncian el 7o Foro S\u00ed Hay Turismo y el 1er Outlet de Viajes y Vacaciones M\u00e9xico","datePublished":"2025-08-29T04:56:10+00:00","dateModified":"2025-08-29T04:56:11+00:00","mainEntityOfPage":{"@id":"https:\/\/nitu.mx\/index.php\/2025\/08\/28\/anuncian-el-7o-foro-si-hay-turismo-y-el-1er-outlet-de-viajes-y-vacaciones-mexico\/"},"wordCount":561,"publisher":{"@id":"https:\/\/nitu.mx\/#\/schema\/person\/ae7a53426417292d3dd07b45a33e01bc"},"image":{"@id":"https:\/\/nitu.mx\/index.php\/2025\/08\/28\/anuncian-el-7o-foro-si-hay-turismo-y-el-1er-outlet-de-viajes-y-vacaciones-mexico\/#primaryimage"},"thumbnailUrl":"https:\/\/nitu.mx\/wp-content\/uploads\/2025\/08\/FORO-SI-HAY-TURISMO-anuncio-7a-edicion.jpg","keywords":["Foro S\u00ed hay turismo","Isaac Vel\u00e1zquez","Josefina Rodriguez","Outlet de Viajes y Vacaciones M\u00e9xico","Sectur"],"articleSection":["Marketing"],"inLanguage":"es-MX"},{"@type":"WebPage","@id":"https:\/\/nitu.mx\/index.php\/2025\/08\/28\/anuncian-el-7o-foro-si-hay-turismo-y-el-1er-outlet-de-viajes-y-vacaciones-mexico\/","url":"https:\/\/nitu.mx\/index.php\/2025\/08\/28\/anuncian-el-7o-foro-si-hay-turismo-y-el-1er-outlet-de-viajes-y-vacaciones-mexico\/","name":"Anuncian el 7o Foro S\u00ed Hay Turismo y el 1er Outlet de Viajes y Vacaciones M\u00e9xico - Nitu - Noticias de la Industria Turistica","isPartOf":{"@id":"https:\/\/nitu.mx\/#website"},"primaryImageOfPage":{"@id":"https:\/\/nitu.mx\/index.php\/2025\/08\/28\/anuncian-el-7o-foro-si-hay-turismo-y-el-1er-outlet-de-viajes-y-vacaciones-mexico\/#primaryimage"},"image":{"@id":"https:\/\/nitu.mx\/index.php\/2025\/08\/28\/anuncian-el-7o-foro-si-hay-turismo-y-el-1er-outlet-de-viajes-y-vacaciones-mexico\/#primaryimage"},"thumbnailUrl":"https:\/\/nitu.mx\/wp-content\/uploads\/2025\/08\/FORO-SI-HAY-TURISMO-anuncio-7a-edicion.jpg","datePublished":"2025-08-29T04:56:10+00:00","dateModified":"2025-08-29T04:56:11+00:00","breadcrumb":{"@id":"https:\/\/nitu.mx\/index.php\/2025\/08\/28\/anuncian-el-7o-foro-si-hay-turismo-y-el-1er-outlet-de-viajes-y-vacaciones-mexico\/#breadcrumb"},"inLanguage":"es-MX","potentialAction":[{"@type":"ReadAction","target":["https:\/\/nitu.mx\/index.php\/2025\/08\/28\/anuncian-el-7o-foro-si-hay-turismo-y-el-1er-outlet-de-viajes-y-vacaciones-mexico\/"]}]},{"@type":"ImageObject","inLanguage":"es-MX","@id":"https:\/\/nitu.mx\/index.php\/2025\/08\/28\/anuncian-el-7o-foro-si-hay-turismo-y-el-1er-outlet-de-viajes-y-vacaciones-mexico\/#primaryimage","url":"https:\/\/nitu.mx\/wp-content\/uploads\/2025\/08\/FORO-SI-HAY-TURISMO-anuncio-7a-edicion.jpg","contentUrl":"https:\/\/nitu.mx\/wp-content\/uploads\/2025\/08\/FORO-SI-HAY-TURISMO-anuncio-7a-edicion.jpg","width":1200,"height":675,"caption":"FORO S\u00cd HAY TURISMO anuncio 7a edici\u00f3n"},{"@type":"BreadcrumbList","@id":"https:\/\/nitu.mx\/index.php\/2025\/08\/28\/anuncian-el-7o-foro-si-hay-turismo-y-el-1er-outlet-de-viajes-y-vacaciones-mexico\/#breadcrumb","itemListElement":[{"@type":"ListItem","position":1,"name":"Inicio","item":"https:\/\/nitu.mx\/"},{"@type":"ListItem","position":2,"name":"Anuncian el 7o Foro S\u00ed Hay Turismo y el 1er Outlet de Viajes y Vacaciones M\u00e9xico"}]},{"@type":"WebSite","@id":"https:\/\/nitu.mx\/#website","url":"https:\/\/nitu.mx\/","name":"Nitu - Noticias de la Industria Turistica","description":"Noticias de la Industria Turistica","publisher":{"@id":"https:\/\/nitu.mx\/#\/schema\/person\/ae7a53426417292d3dd07b45a33e01bc"},"alternateName":"Noticias de la Industria Turistica","potentialAction":[{"@type":"SearchAction","target":{"@type":"EntryPoint","urlTemplate":"https:\/\/nitu.mx\/?s={search_term_string}"},"query-input":"required name=search_term_string"}],"inLanguage":"es-MX"},{"@type":["Person","Organization"],"@id":"https:\/\/nitu.mx\/#\/schema\/person\/ae7a53426417292d3dd07b45a33e01bc","name":"Arturo Medina","image":{"@type":"ImageObject","inLanguage":"es-MX","@id":"https:\/\/nitu.mx\/#\/schema\/person\/image\/","url":"https:\/\/nitu.mx\/wp-content\/uploads\/2024\/04\/4A315622-1904-4D5C-B022-878CDC840E04-90x90-1.jpeg","contentUrl":"https:\/\/nitu.mx\/wp-content\/uploads\/2024\/04\/4A315622-1904-4D5C-B022-878CDC840E04-90x90-1.jpeg","width":90,"height":90,"caption":"Arturo Medina"},"logo":{"@id":"https:\/\/nitu.mx\/#\/schema\/person\/image\/"},"description":"Director NITU.mx, Egresado de la Escuela de Periodismo Carlos Septi\u00e9n Garc\u00eda. Periodista y analista especializado en turismo desde hace 35 a\u00f1os, radicado en Canc\u00fan Q.Roo. arturo@nitu.mx","sameAs":["https:\/\/nitu.mx","https:\/\/www.facebook.com\/NITUmx\/","medinacancun","https:\/\/twitter.com\/@Arturo_Medina_G"]},{"@type":"Person","@id":"https:\/\/nitu.mx\/#\/schema\/person\/3df3082b5e46037e3f13614d28ee0b77","name":"Guadalupe Sixto","image":{"@type":"ImageObject","inLanguage":"es-MX","@id":"https:\/\/nitu.mx\/#\/schema\/person\/image\/","url":"https:\/\/secure.gravatar.com\/avatar\/13914e1b0e1919e91f9539de4dc584c4?s=96&d=mm&r=g","contentUrl":"https:\/\/secure.gravatar.com\/avatar\/13914e1b0e1919e91f9539de4dc584c4?s=96&d=mm&r=g","caption":"Guadalupe Sixto"},"url":"https:\/\/nitu.mx\/index.php\/author\/gsixto\/"}]}},"views":514,"_links":{"self":[{"href":"https:\/\/nitu.mx\/index.php\/wp-json\/wp\/v2\/posts\/83186"}],"collection":[{"href":"https:\/\/nitu.mx\/index.php\/wp-json\/wp\/v2\/posts"}],"about":[{"href":"https:\/\/nitu.mx\/index.php\/wp-json\/wp\/v2\/types\/post"}],"author":[{"embeddable":true,"href":"https:\/\/nitu.mx\/index.php\/wp-json\/wp\/v2\/users\/18"}],"replies":[{"embeddable":true,"href":"https:\/\/nitu.mx\/index.php\/wp-json\/wp\/v2\/comments?post=83186"}],"version-history":[{"count":1,"href":"https:\/\/nitu.mx\/index.php\/wp-json\/wp\/v2\/posts\/83186\/revisions"}],"predecessor-version":[{"id":83188,"href":"https:\/\/nitu.mx\/index.php\/wp-json\/wp\/v2\/posts\/83186\/revisions\/83188"}],"wp:featuredmedia":[{"embeddable":true,"href":"https:\/\/nitu.mx\/index.php\/wp-json\/wp\/v2\/media\/83189"}],"wp:attachment":[{"href":"https:\/\/nitu.mx\/index.php\/wp-json\/wp\/v2\/media?parent=83186"}],"wp:term":[{"taxonomy":"category","embeddable":true,"href":"https:\/\/nitu.mx\/index.php\/wp-json\/wp\/v2\/categories?post=83186"},{"taxonomy":"post_tag","embeddable":true,"href":"https:\/\/nitu.mx\/index.php\/wp-json\/wp\/v2\/tags?post=83186"}],"curies":[{"name":"wp","href":"https:\/\/api.w.org\/{rel}","templated":true}]}}