{"id":83161,"date":"2025-08-27T21:00:00","date_gmt":"2025-08-28T03:00:00","guid":{"rendered":"https:\/\/nitu.mx\/?p=83161"},"modified":"2025-08-27T20:18:52","modified_gmt":"2025-08-28T02:18:52","slug":"la-gran-carrera-del-desierto-tendra-su-4a-edicion-el-18-y-19-de-octubre-en-sonora","status":"publish","type":"post","link":"https:\/\/nitu.mx\/index.php\/2025\/08\/27\/la-gran-carrera-del-desierto-tendra-su-4a-edicion-el-18-y-19-de-octubre-en-sonora\/","title":{"rendered":"La Gran Carrera del Desierto tendr\u00e1 su 4a edici\u00f3n el 18 y 19 de octubre en Sonora"},"content":{"rendered":"\n<p>El Gobierno de Sonora y Sabino Producciones llevaron a cabo la presentaci\u00f3n oficial de la cuarta edici\u00f3n de \u201cLa Gran Carrera del Desierto\u201d(GCD), un evento que no s\u00f3lo desaf\u00eda la resistencia humana, sino que celebra la majestuosidad de uno de los ecosistemas m\u00e1s imponentes de M\u00e9xico. El anuncio, que tuvo lugar en la Ciudad de M\u00e9xico, se realiz\u00f3 con miras a la competencia que se celebrar\u00e1 los d\u00edas 18 y 19 de octubre de 2025 en el pintoresco Puerto Pe\u00f1asco.<\/p>\n\n\n\n<p>El pres\u00eddium cont\u00f3 con la participaci\u00f3n de Roberto Gradillas Pineda, secretario de Econom\u00eda y Turismo de Sonora; Brenda C\u00f3rdova Busani, subsecretaria de Turismo de Sonora; Fernando Del Olmo, director general de Sabino Producciones (empresa detr\u00e1s de la realizaci\u00f3n de la Gran Carrera del Desierto) y Pablo Gil, ultramaratonista y ganador de la GCD en 2022.<\/p>\n\n\n\n<p>\u201cLa Gran Carrera del Desierto no solo se ha convertido en un evento de trail running, sino en un producto tur\u00edstico de nivel internacional. A veces se buscan destinos fuera del pa\u00eds, cuando aqu\u00ed tenemos lugares extraordinarios de los que debemos sentirnos orgullosos. Con esta carrera esperamos una derrama econ\u00f3mica de al menos 5 millones de pesos, pero lo que realmente buscamos es que experimenten Sonora a trav\u00e9s de la cultura, la gastronom\u00eda y sus ecosistemas\u201d, se\u00f1al\u00f3 Roberto Gradillas Pineda.<\/p>\n\n\n\n<p>La Gran Carrera del Desierto, un evento de trail running que en sus tres ediciones anteriores atrajo a corredores de \u00e9lite de diversas nacionalidades, se ha consolidado como una de las competencias m\u00e1s desafiantes y espectaculares del pa\u00eds.<\/p>\n\n\n\n<p>Se estima que este 2025, m\u00e1s de 600 atletas nacionales e internacionales se dar\u00e1n cita para conquistar las etapas extremas que ofrece el Desierto de Sonora, un terreno que se caracteriza por sus dunas de arena, ca\u00f1ones imponentes y paisajes lunares. <\/p>\n\n\n\n<p>\u201cPara esta edici\u00f3n habr\u00e1 una bolsa acumulada de m\u00e1s de 120 mil pesos que se repetir\u00e1n en las competencias de 10, 25, 35, 50 y 75 k. De hecho, a partir de ma\u00f1ana se abrir\u00e1 una jornada especial de registros con precios preferenciales para que nadie se quede fuera\u201d, comparti\u00f3 Fernando del Olmo.<\/p>\n\n\n\n<p>Un elemento distintivo de esta cuarta edici\u00f3n ser\u00e1 la participaci\u00f3n especial de corredores rar\u00e1muri de la Sierra Tarahumara, corredores totonacas de Puebla y atletas Tohono de Arizona, etnias legendarias reconocidas por su resistencia y su profunda conexi\u00f3n cultural con el desierto. La inclusi\u00f3n de estas comunidades afirma el compromiso de la organizaci\u00f3n con la promoci\u00f3n de los valores culturales y la inclusi\u00f3n, al tiempo que ofrece a los competidores una oportunidad \u00fanica de compartir la pista con los maestros del trail running.<\/p>\n\n\n\n<p>La Secretar\u00eda de Turismo de Sonora y Sabino Producciones indicaron que la justa no es solo una carrera, sino una experiencia de inmersi\u00f3n total en la naturaleza, que pone a prueba la determinaci\u00f3n y el esp\u00edritu de aventura de cada participante.<\/p>\n\n\n\n<p>\u201cVisitar Sonora es vivirlo, porque desde el momento que las personas llegan, las experiencias inolvidables ocurren. Es una alegr\u00eda que en octubre recibiremos a corredores de 12 pa\u00edses dispuestos a desafiar sus propios l\u00edmites\u201d, coment\u00f3 Brenda C\u00f3rdova Busani.<\/p>\n\n\n\n<p>Durante la presentaci\u00f3n, se revelaron las rutas oficiales, dise\u00f1adas para poner a prueba la resistencia f\u00edsica y mental de los competidores. Asimismo, se detallaron las rigurosas medidas de seguridad y la compleja log\u00edstica que garantiza el bienestar de los participantes a lo largo del recorrido.<\/p>\n\n\n\n<p>\u201cCorr\u00ed la Gran Carrera del Desierto en dos ocasiones y haber ganado el primer lugar en 2022 fue un sue\u00f1o. Es indescriptible lo que se siente correr en la oscuridad durante los 75 kil\u00f3metros. Adem\u00e1s, se disfruta much\u00edsimo la competencia porque te sientes seguro, y la organizaci\u00f3n de Sabino Producciones es realmente excepcional. Invito a todas y todos a conocer y correr en el impactante escenario natural del Desierto de Altar\u201d, indic\u00f3 el corredor Pablo Gil.<\/p>\n\n\n\n<p>Adem\u00e1s de la competencia, se anunciaron una serie de actividades complementarias que enriquecieron la experiencia de los corredores y sus acompa\u00f1antes, promoviendo el turismo y la convivencia en un ambiente festivo y deportivo.<\/p>\n\n\n\n<p>La historia de la Gran Carrera del Desierto ya contaba con haza\u00f1as notables. En ediciones anteriores, atletas de talla internacional como Fernando Nazario de Brasil y Chloe Behrman de Canad\u00e1, se coronaron campeones, demostrando su capacidad para conquistar las etapas m\u00e1s duras bajo condiciones clim\u00e1ticas y geogr\u00e1ficas \u00fanicas. Sus triunfos dejaron una huella imborrable en el legado de la carrera, que ahora se prepara para escribir un nuevo cap\u00edtulo.<\/p>\n\n\n\n<p>Con las inscripciones abiertas y los detalles de las rutas, el mundo del trail running tiene la mirada puesta en Puerto Pe\u00f1asco, que ser\u00e1 testigo del hero\u00edsmo y la tenacidad de los corredores. (<a href=\"https:\/\/nitu.mx\/index.php\/2023\/03\/24\/segunda-gran-carrera-del-desierto-se-realizara-en-puerto-penasco-sonora\/\">Segunda Gran Carrera del Desierto se realizar\u00e1 en Puerto\u00a0Pe\u00f1asco,\u00a0Sonora<\/a>).<\/p>\n","protected":false},"excerpt":{"rendered":"<p>El Gobierno de Sonora y Sabino Producciones llevaron a cabo la presentaci\u00f3n oficial de la cuarta edici\u00f3n de \u201cLa Gran Carrera del Desierto\u201d(GCD), un evento que no s\u00f3lo desaf\u00eda la resistencia humana, sino que celebra la majestuosidad de uno de los ecosistemas m\u00e1s imponentes de M\u00e9xico. El anuncio, que tuvo lugar en la Ciudad de [&hellip;]<\/p>\n","protected":false},"author":17,"featured_media":83163,"comment_status":"closed","ping_status":"closed","sticky":false,"template":"","format":"standard","meta":{"footnotes":""},"categories":[5,24339],"tags":[23853,27643,27644,93,2179],"yoast_head":"<!-- This site is optimized with the Yoast SEO plugin v22.2 - https:\/\/yoast.com\/wordpress\/plugins\/seo\/ -->\n<title>La Gran Carrera del Desierto tendr\u00e1 su 4a edici\u00f3n el 18 y 19 de octubre en Sonora - Nitu - Noticias de la Industria Turistica<\/title>\n<meta name=\"robots\" content=\"index, follow, max-snippet:-1, max-image-preview:large, max-video-preview:-1\" \/>\n<link rel=\"canonical\" href=\"https:\/\/nitu.mx\/index.php\/2025\/08\/27\/la-gran-carrera-del-desierto-tendra-su-4a-edicion-el-18-y-19-de-octubre-en-sonora\/\" \/>\n<meta name=\"twitter:card\" content=\"summary_large_image\" \/>\n<meta name=\"twitter:title\" content=\"La Gran Carrera del Desierto tendr\u00e1 su 4a edici\u00f3n el 18 y 19 de octubre en Sonora - Nitu - Noticias de la Industria Turistica\" \/>\n<meta name=\"twitter:description\" content=\"El Gobierno de Sonora y Sabino Producciones llevaron a cabo la presentaci\u00f3n oficial de la cuarta edici\u00f3n de \u201cLa Gran Carrera del Desierto\u201d(GCD), un evento que no s\u00f3lo desaf\u00eda la resistencia humana, sino que celebra la majestuosidad de uno de los ecosistemas m\u00e1s imponentes de M\u00e9xico. El anuncio, que tuvo lugar en la Ciudad de [&hellip;]\" \/>\n<meta name=\"twitter:image\" content=\"https:\/\/nitu.mx\/wp-content\/uploads\/2025\/08\/Gran-Carrera-del-Desierto-Sonora.jpg\" \/>\n<meta name=\"twitter:creator\" content=\"@NITUmx\" \/>\n<meta name=\"twitter:site\" content=\"@Arturo_Medina_G\" \/>\n<meta name=\"twitter:label1\" content=\"Escrito por\" \/>\n\t<meta name=\"twitter:data1\" content=\"Redacci\u00f3n\" \/>\n\t<meta name=\"twitter:label2\" content=\"Tiempo de lectura\" \/>\n\t<meta name=\"twitter:data2\" content=\"4 minutos\" \/>\n<script type=\"application\/ld+json\" class=\"yoast-schema-graph\">{\"@context\":\"https:\/\/schema.org\",\"@graph\":[{\"@type\":\"Article\",\"@id\":\"https:\/\/nitu.mx\/index.php\/2025\/08\/27\/la-gran-carrera-del-desierto-tendra-su-4a-edicion-el-18-y-19-de-octubre-en-sonora\/#article\",\"isPartOf\":{\"@id\":\"https:\/\/nitu.mx\/index.php\/2025\/08\/27\/la-gran-carrera-del-desierto-tendra-su-4a-edicion-el-18-y-19-de-octubre-en-sonora\/\"},\"author\":{\"name\":\"Redacci\u00f3n\",\"@id\":\"https:\/\/nitu.mx\/#\/schema\/person\/4a28fe9bd65924f7c90623773daf1b0b\"},\"headline\":\"La Gran Carrera del Desierto tendr\u00e1 su 4a edici\u00f3n el 18 y 19 de octubre en Sonora\",\"datePublished\":\"2025-08-28T03:00:00+00:00\",\"dateModified\":\"2025-08-28T02:18:52+00:00\",\"mainEntityOfPage\":{\"@id\":\"https:\/\/nitu.mx\/index.php\/2025\/08\/27\/la-gran-carrera-del-desierto-tendra-su-4a-edicion-el-18-y-19-de-octubre-en-sonora\/\"},\"wordCount\":841,\"publisher\":{\"@id\":\"https:\/\/nitu.mx\/#\/schema\/person\/ae7a53426417292d3dd07b45a33e01bc\"},\"image\":{\"@id\":\"https:\/\/nitu.mx\/index.php\/2025\/08\/27\/la-gran-carrera-del-desierto-tendra-su-4a-edicion-el-18-y-19-de-octubre-en-sonora\/#primaryimage\"},\"thumbnailUrl\":\"https:\/\/nitu.mx\/wp-content\/uploads\/2025\/08\/Gran-Carrera-del-Desierto-Sonora.jpg\",\"keywords\":[\"Gran Carrera del Desierto\",\"Roberto Gradillas\",\"Sabino Producciones\",\"Sectur\",\"Sonora\"],\"articleSection\":[\"Destinos\",\"Sports\"],\"inLanguage\":\"es-MX\"},{\"@type\":\"WebPage\",\"@id\":\"https:\/\/nitu.mx\/index.php\/2025\/08\/27\/la-gran-carrera-del-desierto-tendra-su-4a-edicion-el-18-y-19-de-octubre-en-sonora\/\",\"url\":\"https:\/\/nitu.mx\/index.php\/2025\/08\/27\/la-gran-carrera-del-desierto-tendra-su-4a-edicion-el-18-y-19-de-octubre-en-sonora\/\",\"name\":\"La Gran Carrera del Desierto tendr\u00e1 su 4a edici\u00f3n el 18 y 19 de octubre en Sonora - Nitu - Noticias de la Industria Turistica\",\"isPartOf\":{\"@id\":\"https:\/\/nitu.mx\/#website\"},\"primaryImageOfPage\":{\"@id\":\"https:\/\/nitu.mx\/index.php\/2025\/08\/27\/la-gran-carrera-del-desierto-tendra-su-4a-edicion-el-18-y-19-de-octubre-en-sonora\/#primaryimage\"},\"image\":{\"@id\":\"https:\/\/nitu.mx\/index.php\/2025\/08\/27\/la-gran-carrera-del-desierto-tendra-su-4a-edicion-el-18-y-19-de-octubre-en-sonora\/#primaryimage\"},\"thumbnailUrl\":\"https:\/\/nitu.mx\/wp-content\/uploads\/2025\/08\/Gran-Carrera-del-Desierto-Sonora.jpg\",\"datePublished\":\"2025-08-28T03:00:00+00:00\",\"dateModified\":\"2025-08-28T02:18:52+00:00\",\"breadcrumb\":{\"@id\":\"https:\/\/nitu.mx\/index.php\/2025\/08\/27\/la-gran-carrera-del-desierto-tendra-su-4a-edicion-el-18-y-19-de-octubre-en-sonora\/#breadcrumb\"},\"inLanguage\":\"es-MX\",\"potentialAction\":[{\"@type\":\"ReadAction\",\"target\":[\"https:\/\/nitu.mx\/index.php\/2025\/08\/27\/la-gran-carrera-del-desierto-tendra-su-4a-edicion-el-18-y-19-de-octubre-en-sonora\/\"]}]},{\"@type\":\"ImageObject\",\"inLanguage\":\"es-MX\",\"@id\":\"https:\/\/nitu.mx\/index.php\/2025\/08\/27\/la-gran-carrera-del-desierto-tendra-su-4a-edicion-el-18-y-19-de-octubre-en-sonora\/#primaryimage\",\"url\":\"https:\/\/nitu.mx\/wp-content\/uploads\/2025\/08\/Gran-Carrera-del-Desierto-Sonora.jpg\",\"contentUrl\":\"https:\/\/nitu.mx\/wp-content\/uploads\/2025\/08\/Gran-Carrera-del-Desierto-Sonora.jpg\",\"width\":1200,\"height\":675,\"caption\":\"Gran Carrera del Desierto Sonora\"},{\"@type\":\"BreadcrumbList\",\"@id\":\"https:\/\/nitu.mx\/index.php\/2025\/08\/27\/la-gran-carrera-del-desierto-tendra-su-4a-edicion-el-18-y-19-de-octubre-en-sonora\/#breadcrumb\",\"itemListElement\":[{\"@type\":\"ListItem\",\"position\":1,\"name\":\"Inicio\",\"item\":\"https:\/\/nitu.mx\/\"},{\"@type\":\"ListItem\",\"position\":2,\"name\":\"La Gran Carrera del Desierto tendr\u00e1 su 4a edici\u00f3n el 18 y 19 de octubre en Sonora\"}]},{\"@type\":\"WebSite\",\"@id\":\"https:\/\/nitu.mx\/#website\",\"url\":\"https:\/\/nitu.mx\/\",\"name\":\"Nitu - Noticias de la Industria Turistica\",\"description\":\"Noticias de la Industria Turistica\",\"publisher\":{\"@id\":\"https:\/\/nitu.mx\/#\/schema\/person\/ae7a53426417292d3dd07b45a33e01bc\"},\"alternateName\":\"Noticias de la Industria Turistica\",\"potentialAction\":[{\"@type\":\"SearchAction\",\"target\":{\"@type\":\"EntryPoint\",\"urlTemplate\":\"https:\/\/nitu.mx\/?s={search_term_string}\"},\"query-input\":\"required name=search_term_string\"}],\"inLanguage\":\"es-MX\"},{\"@type\":[\"Person\",\"Organization\"],\"@id\":\"https:\/\/nitu.mx\/#\/schema\/person\/ae7a53426417292d3dd07b45a33e01bc\",\"name\":\"Arturo Medina\",\"image\":{\"@type\":\"ImageObject\",\"inLanguage\":\"es-MX\",\"@id\":\"https:\/\/nitu.mx\/#\/schema\/person\/image\/\",\"url\":\"https:\/\/nitu.mx\/wp-content\/uploads\/2024\/04\/4A315622-1904-4D5C-B022-878CDC840E04-90x90-1.jpeg\",\"contentUrl\":\"https:\/\/nitu.mx\/wp-content\/uploads\/2024\/04\/4A315622-1904-4D5C-B022-878CDC840E04-90x90-1.jpeg\",\"width\":90,\"height\":90,\"caption\":\"Arturo Medina\"},\"logo\":{\"@id\":\"https:\/\/nitu.mx\/#\/schema\/person\/image\/\"},\"description\":\"Director NITU.mx, Egresado de la Escuela de Periodismo Carlos Septi\u00e9n Garc\u00eda. Periodista y analista especializado en turismo desde hace 35 a\u00f1os, radicado en Canc\u00fan Q.Roo. arturo@nitu.mx\",\"sameAs\":[\"https:\/\/nitu.mx\",\"https:\/\/www.facebook.com\/NITUmx\/\",\"medinacancun\",\"https:\/\/twitter.com\/@Arturo_Medina_G\"]},{\"@type\":\"Person\",\"@id\":\"https:\/\/nitu.mx\/#\/schema\/person\/4a28fe9bd65924f7c90623773daf1b0b\",\"name\":\"Redacci\u00f3n\",\"image\":{\"@type\":\"ImageObject\",\"inLanguage\":\"es-MX\",\"@id\":\"https:\/\/nitu.mx\/#\/schema\/person\/image\/\",\"url\":\"https:\/\/secure.gravatar.com\/avatar\/5dd011c8ccfc5cd7e4c81e42252aab38?s=96&d=mm&r=g\",\"contentUrl\":\"https:\/\/secure.gravatar.com\/avatar\/5dd011c8ccfc5cd7e4c81e42252aab38?s=96&d=mm&r=g\",\"caption\":\"Redacci\u00f3n\"},\"url\":\"https:\/\/nitu.mx\/index.php\/author\/redaccion\/\"}]}<\/script>\n<!-- \/ Yoast SEO plugin. -->","yoast_head_json":{"title":"La Gran Carrera del Desierto tendr\u00e1 su 4a edici\u00f3n el 18 y 19 de octubre en Sonora - Nitu - Noticias de la Industria Turistica","robots":{"index":"index","follow":"follow","max-snippet":"max-snippet:-1","max-image-preview":"max-image-preview:large","max-video-preview":"max-video-preview:-1"},"canonical":"https:\/\/nitu.mx\/index.php\/2025\/08\/27\/la-gran-carrera-del-desierto-tendra-su-4a-edicion-el-18-y-19-de-octubre-en-sonora\/","twitter_card":"summary_large_image","twitter_title":"La Gran Carrera del Desierto tendr\u00e1 su 4a edici\u00f3n el 18 y 19 de octubre en Sonora - Nitu - Noticias de la Industria Turistica","twitter_description":"El Gobierno de Sonora y Sabino Producciones llevaron a cabo la presentaci\u00f3n oficial de la cuarta edici\u00f3n de \u201cLa Gran Carrera del Desierto\u201d(GCD), un evento que no s\u00f3lo desaf\u00eda la resistencia humana, sino que celebra la majestuosidad de uno de los ecosistemas m\u00e1s imponentes de M\u00e9xico. El anuncio, que tuvo lugar en la Ciudad de [&hellip;]","twitter_image":"https:\/\/nitu.mx\/wp-content\/uploads\/2025\/08\/Gran-Carrera-del-Desierto-Sonora.jpg","twitter_creator":"@NITUmx","twitter_site":"@Arturo_Medina_G","twitter_misc":{"Escrito por":"Redacci\u00f3n","Tiempo de lectura":"4 minutos"},"schema":{"@context":"https:\/\/schema.org","@graph":[{"@type":"Article","@id":"https:\/\/nitu.mx\/index.php\/2025\/08\/27\/la-gran-carrera-del-desierto-tendra-su-4a-edicion-el-18-y-19-de-octubre-en-sonora\/#article","isPartOf":{"@id":"https:\/\/nitu.mx\/index.php\/2025\/08\/27\/la-gran-carrera-del-desierto-tendra-su-4a-edicion-el-18-y-19-de-octubre-en-sonora\/"},"author":{"name":"Redacci\u00f3n","@id":"https:\/\/nitu.mx\/#\/schema\/person\/4a28fe9bd65924f7c90623773daf1b0b"},"headline":"La Gran Carrera del Desierto tendr\u00e1 su 4a edici\u00f3n el 18 y 19 de octubre en Sonora","datePublished":"2025-08-28T03:00:00+00:00","dateModified":"2025-08-28T02:18:52+00:00","mainEntityOfPage":{"@id":"https:\/\/nitu.mx\/index.php\/2025\/08\/27\/la-gran-carrera-del-desierto-tendra-su-4a-edicion-el-18-y-19-de-octubre-en-sonora\/"},"wordCount":841,"publisher":{"@id":"https:\/\/nitu.mx\/#\/schema\/person\/ae7a53426417292d3dd07b45a33e01bc"},"image":{"@id":"https:\/\/nitu.mx\/index.php\/2025\/08\/27\/la-gran-carrera-del-desierto-tendra-su-4a-edicion-el-18-y-19-de-octubre-en-sonora\/#primaryimage"},"thumbnailUrl":"https:\/\/nitu.mx\/wp-content\/uploads\/2025\/08\/Gran-Carrera-del-Desierto-Sonora.jpg","keywords":["Gran Carrera del Desierto","Roberto Gradillas","Sabino Producciones","Sectur","Sonora"],"articleSection":["Destinos","Sports"],"inLanguage":"es-MX"},{"@type":"WebPage","@id":"https:\/\/nitu.mx\/index.php\/2025\/08\/27\/la-gran-carrera-del-desierto-tendra-su-4a-edicion-el-18-y-19-de-octubre-en-sonora\/","url":"https:\/\/nitu.mx\/index.php\/2025\/08\/27\/la-gran-carrera-del-desierto-tendra-su-4a-edicion-el-18-y-19-de-octubre-en-sonora\/","name":"La Gran Carrera del Desierto tendr\u00e1 su 4a edici\u00f3n el 18 y 19 de octubre en Sonora - Nitu - Noticias de la Industria Turistica","isPartOf":{"@id":"https:\/\/nitu.mx\/#website"},"primaryImageOfPage":{"@id":"https:\/\/nitu.mx\/index.php\/2025\/08\/27\/la-gran-carrera-del-desierto-tendra-su-4a-edicion-el-18-y-19-de-octubre-en-sonora\/#primaryimage"},"image":{"@id":"https:\/\/nitu.mx\/index.php\/2025\/08\/27\/la-gran-carrera-del-desierto-tendra-su-4a-edicion-el-18-y-19-de-octubre-en-sonora\/#primaryimage"},"thumbnailUrl":"https:\/\/nitu.mx\/wp-content\/uploads\/2025\/08\/Gran-Carrera-del-Desierto-Sonora.jpg","datePublished":"2025-08-28T03:00:00+00:00","dateModified":"2025-08-28T02:18:52+00:00","breadcrumb":{"@id":"https:\/\/nitu.mx\/index.php\/2025\/08\/27\/la-gran-carrera-del-desierto-tendra-su-4a-edicion-el-18-y-19-de-octubre-en-sonora\/#breadcrumb"},"inLanguage":"es-MX","potentialAction":[{"@type":"ReadAction","target":["https:\/\/nitu.mx\/index.php\/2025\/08\/27\/la-gran-carrera-del-desierto-tendra-su-4a-edicion-el-18-y-19-de-octubre-en-sonora\/"]}]},{"@type":"ImageObject","inLanguage":"es-MX","@id":"https:\/\/nitu.mx\/index.php\/2025\/08\/27\/la-gran-carrera-del-desierto-tendra-su-4a-edicion-el-18-y-19-de-octubre-en-sonora\/#primaryimage","url":"https:\/\/nitu.mx\/wp-content\/uploads\/2025\/08\/Gran-Carrera-del-Desierto-Sonora.jpg","contentUrl":"https:\/\/nitu.mx\/wp-content\/uploads\/2025\/08\/Gran-Carrera-del-Desierto-Sonora.jpg","width":1200,"height":675,"caption":"Gran Carrera del Desierto Sonora"},{"@type":"BreadcrumbList","@id":"https:\/\/nitu.mx\/index.php\/2025\/08\/27\/la-gran-carrera-del-desierto-tendra-su-4a-edicion-el-18-y-19-de-octubre-en-sonora\/#breadcrumb","itemListElement":[{"@type":"ListItem","position":1,"name":"Inicio","item":"https:\/\/nitu.mx\/"},{"@type":"ListItem","position":2,"name":"La Gran Carrera del Desierto tendr\u00e1 su 4a edici\u00f3n el 18 y 19 de octubre en Sonora"}]},{"@type":"WebSite","@id":"https:\/\/nitu.mx\/#website","url":"https:\/\/nitu.mx\/","name":"Nitu - Noticias de la Industria Turistica","description":"Noticias de la Industria Turistica","publisher":{"@id":"https:\/\/nitu.mx\/#\/schema\/person\/ae7a53426417292d3dd07b45a33e01bc"},"alternateName":"Noticias de la Industria Turistica","potentialAction":[{"@type":"SearchAction","target":{"@type":"EntryPoint","urlTemplate":"https:\/\/nitu.mx\/?s={search_term_string}"},"query-input":"required name=search_term_string"}],"inLanguage":"es-MX"},{"@type":["Person","Organization"],"@id":"https:\/\/nitu.mx\/#\/schema\/person\/ae7a53426417292d3dd07b45a33e01bc","name":"Arturo Medina","image":{"@type":"ImageObject","inLanguage":"es-MX","@id":"https:\/\/nitu.mx\/#\/schema\/person\/image\/","url":"https:\/\/nitu.mx\/wp-content\/uploads\/2024\/04\/4A315622-1904-4D5C-B022-878CDC840E04-90x90-1.jpeg","contentUrl":"https:\/\/nitu.mx\/wp-content\/uploads\/2024\/04\/4A315622-1904-4D5C-B022-878CDC840E04-90x90-1.jpeg","width":90,"height":90,"caption":"Arturo Medina"},"logo":{"@id":"https:\/\/nitu.mx\/#\/schema\/person\/image\/"},"description":"Director NITU.mx, Egresado de la Escuela de Periodismo Carlos Septi\u00e9n Garc\u00eda. Periodista y analista especializado en turismo desde hace 35 a\u00f1os, radicado en Canc\u00fan Q.Roo. arturo@nitu.mx","sameAs":["https:\/\/nitu.mx","https:\/\/www.facebook.com\/NITUmx\/","medinacancun","https:\/\/twitter.com\/@Arturo_Medina_G"]},{"@type":"Person","@id":"https:\/\/nitu.mx\/#\/schema\/person\/4a28fe9bd65924f7c90623773daf1b0b","name":"Redacci\u00f3n","image":{"@type":"ImageObject","inLanguage":"es-MX","@id":"https:\/\/nitu.mx\/#\/schema\/person\/image\/","url":"https:\/\/secure.gravatar.com\/avatar\/5dd011c8ccfc5cd7e4c81e42252aab38?s=96&d=mm&r=g","contentUrl":"https:\/\/secure.gravatar.com\/avatar\/5dd011c8ccfc5cd7e4c81e42252aab38?s=96&d=mm&r=g","caption":"Redacci\u00f3n"},"url":"https:\/\/nitu.mx\/index.php\/author\/redaccion\/"}]}},"views":612,"_links":{"self":[{"href":"https:\/\/nitu.mx\/index.php\/wp-json\/wp\/v2\/posts\/83161"}],"collection":[{"href":"https:\/\/nitu.mx\/index.php\/wp-json\/wp\/v2\/posts"}],"about":[{"href":"https:\/\/nitu.mx\/index.php\/wp-json\/wp\/v2\/types\/post"}],"author":[{"embeddable":true,"href":"https:\/\/nitu.mx\/index.php\/wp-json\/wp\/v2\/users\/17"}],"replies":[{"embeddable":true,"href":"https:\/\/nitu.mx\/index.php\/wp-json\/wp\/v2\/comments?post=83161"}],"version-history":[{"count":1,"href":"https:\/\/nitu.mx\/index.php\/wp-json\/wp\/v2\/posts\/83161\/revisions"}],"predecessor-version":[{"id":83164,"href":"https:\/\/nitu.mx\/index.php\/wp-json\/wp\/v2\/posts\/83161\/revisions\/83164"}],"wp:featuredmedia":[{"embeddable":true,"href":"https:\/\/nitu.mx\/index.php\/wp-json\/wp\/v2\/media\/83163"}],"wp:attachment":[{"href":"https:\/\/nitu.mx\/index.php\/wp-json\/wp\/v2\/media?parent=83161"}],"wp:term":[{"taxonomy":"category","embeddable":true,"href":"https:\/\/nitu.mx\/index.php\/wp-json\/wp\/v2\/categories?post=83161"},{"taxonomy":"post_tag","embeddable":true,"href":"https:\/\/nitu.mx\/index.php\/wp-json\/wp\/v2\/tags?post=83161"}],"curies":[{"name":"wp","href":"https:\/\/api.w.org\/{rel}","templated":true}]}}