{"id":83137,"date":"2025-08-26T21:00:00","date_gmt":"2025-08-27T03:00:00","guid":{"rendered":"https:\/\/nitu.mx\/?p=83137"},"modified":"2025-08-26T20:12:45","modified_gmt":"2025-08-27T02:12:45","slug":"ixtapa-zihuatanejo-tendra-nuevo-vuelo-de-guadalajara-con-volaris","status":"publish","type":"post","link":"https:\/\/nitu.mx\/index.php\/2025\/08\/26\/ixtapa-zihuatanejo-tendra-nuevo-vuelo-de-guadalajara-con-volaris\/","title":{"rendered":"Ixtapa Zihuatanejo tendr\u00e1 nuevo vuelo de Guadalajara con Volaris"},"content":{"rendered":"\n<p>El binomio tur\u00edstico de Ixtapa Zihuatanejo contin\u00faa fortaleciendo su conectividad a\u00e9rea, anunci\u00f3 su nueva ruta directa Guadalajara \u2013 Zihuatanejo, de la mano de la aerol\u00ednea Volaris, que iniciar\u00e1 operaciones el pr\u00f3ximo 2 de noviembre.<\/p>\n\n\n\n<p>Este nuevo vuelo, que ya se encuentra disponible para la venta, operar\u00e1 cuatro veces por semana: los lunes, mi\u00e9rcoles, viernes y domingos, en horarios estrat\u00e9gicos que permitir\u00e1n a los viajeros disfrutar al m\u00e1ximo su tiempo en ambos destinos.<\/p>\n\n\n\n<p>Adem\u00e1s, esta nueva conexi\u00f3n abre la puerta a un intercambio cultural \u00fanico entre Ixtapa Zihuatanejo y Guadalajara, dos ciudades que representan lo mejor de M\u00e9xico: la tradici\u00f3n del mariachi y el tequila, junto con la hospitalidad, la naturaleza y la autenticidad del Pac\u00edfico.<\/p>\n\n\n\n<p>En este marco, la Oficina de Convenciones y Visitantes de Ixtapa Zihuatanejo (OCV) impulsa esta nueva conexi\u00f3n a\u00e9rea con su campa\u00f1a creativa \u201cEl Mariachi Loco quiere\u2026\u201d, una campa\u00f1a que conecta dos s\u00edmbolos muy poderosos de M\u00e9xico: el mariachi, \u00edcono universal de Jalisco, y el mar de Ixtapa Zihuatanejo, destino tur\u00edstico por excelencia.<\/p>\n\n\n\n<p>La campa\u00f1a toma como inspiraci\u00f3n la famosa canci\u00f3n \u201cEl mariachi loco quiere bailar\u201d, conocida en todo el pa\u00eds. El mariachi, tradicionalmente asociado con la m\u00fasica de Jalisco, aparece disfrutando de actividades de playa que normalmente no hace, convirti\u00e9ndose en el hilo conductor de una comunicaci\u00f3n fresca, alegre y memorable.<\/p>\n\n\n\n<p>Pedro Castel\u00e1n Reyna, director ejecutivo de la OCV de Ixtapa Zihuatanejo coment\u00f3: \u201cLa llegada de esta nueva ruta desde Guadalajara representa una gran oportunidad para seguir acercando a nuestros visitantes a Ixtapa Zihuatanejo. Agradecemos a Volaris por la confianza en nuestro destino, juntos continuamos construyendo puentes que fortalecen la oferta tur\u00edstica del pa\u00eds, hemos trabajado en conjunto para lograr este vuelo y hoy m\u00e1s que nunca estamos logrando posicionar a nuestro doble para\u00edso como un lugar imperdible en M\u00e9xico. A todos nuestros viajeros, los invitamos a disfrutar de esta nueva ruta y estamos seguros que no solo conectar\u00e1 con Guadalajara, sino con toda la regi\u00f3n&#8221;.<\/p>\n\n\n\n<p>Con este lanzamiento, Volaris se consolida como la aerol\u00ednea con mayor n\u00famero de rutas nacionales hacia Ixtapa Zihuatanejo, desde CDMX, Tijuana, Quer\u00e9taro, Morelia y ahora Guadalajara; fortaleciendo as\u00ed el compromiso de los socios comerciales y reafirmando la importancia de la conectividad para impulsar el desarrollo tur\u00edstico y econ\u00f3mico de la regi\u00f3n.<\/p>\n\n\n\n<p>Ixtapa Zihuatanejo se distingue como uno de los destinos m\u00e1s cautivadores de M\u00e9xico, gracias a la combinaci\u00f3n perfecta de playas espectaculares, experiencias gastron\u00f3micas, actividades de aventura y un fuerte arraigo cultural. <\/p>\n\n\n\n<p>A ello se suma una infraestructura hotelera y tur\u00edstica de primer nivel, reconocida por su excelencia en el servicio, as\u00ed como la hospitalidad que caracteriza a su gente. Todo esto convierte a este doble para\u00edso en un lugar \u00fanico, capaz de ofrecer a cada visitante recuerdos inolvidables y experiencias que trascienden. (<a href=\"https:\/\/nitu.mx\/index.php\/2025\/08\/15\/playas-de-ixtapa-zihuatanejo-refrendan-su-distintivo-blue-flag-para-la-temporada-2025-2026\/\">Playas de Ixtapa Zihuatanejo refrendan su distintivo Blue Flag para la temporada 2025-2026<\/a>).<\/p>\n","protected":false},"excerpt":{"rendered":"<p>El binomio tur\u00edstico de Ixtapa Zihuatanejo contin\u00faa fortaleciendo su conectividad a\u00e9rea, anunci\u00f3 su nueva ruta directa Guadalajara \u2013 Zihuatanejo, de la mano de la aerol\u00ednea Volaris, que iniciar\u00e1 operaciones el pr\u00f3ximo 2 de noviembre. Este nuevo vuelo, que ya se encuentra disponible para la venta, operar\u00e1 cuatro veces por semana: los lunes, mi\u00e9rcoles, viernes y [&hellip;]<\/p>\n","protected":false},"author":17,"featured_media":83140,"comment_status":"closed","ping_status":"closed","sticky":false,"template":"","format":"standard","meta":{"footnotes":""},"categories":[5],"tags":[490,214,212,131],"yoast_head":"<!-- This site is optimized with the Yoast SEO plugin v22.2 - https:\/\/yoast.com\/wordpress\/plugins\/seo\/ -->\n<title>Ixtapa Zihuatanejo tendr\u00e1 nuevo vuelo de Guadalajara con Volaris - Nitu - Noticias de la Industria Turistica<\/title>\n<meta name=\"robots\" content=\"index, follow, max-snippet:-1, max-image-preview:large, max-video-preview:-1\" \/>\n<link rel=\"canonical\" href=\"https:\/\/nitu.mx\/index.php\/2025\/08\/26\/ixtapa-zihuatanejo-tendra-nuevo-vuelo-de-guadalajara-con-volaris\/\" \/>\n<meta name=\"twitter:card\" content=\"summary_large_image\" \/>\n<meta name=\"twitter:title\" content=\"Ixtapa Zihuatanejo tendr\u00e1 nuevo vuelo de Guadalajara con Volaris - Nitu - Noticias de la Industria Turistica\" \/>\n<meta name=\"twitter:description\" content=\"El binomio tur\u00edstico de Ixtapa Zihuatanejo contin\u00faa fortaleciendo su conectividad a\u00e9rea, anunci\u00f3 su nueva ruta directa Guadalajara \u2013 Zihuatanejo, de la mano de la aerol\u00ednea Volaris, que iniciar\u00e1 operaciones el pr\u00f3ximo 2 de noviembre. Este nuevo vuelo, que ya se encuentra disponible para la venta, operar\u00e1 cuatro veces por semana: los lunes, mi\u00e9rcoles, viernes y [&hellip;]\" \/>\n<meta name=\"twitter:image\" content=\"https:\/\/nitu.mx\/wp-content\/uploads\/2025\/08\/Ixtapa-Zihuatanejo-vuelo-Guadalajara.jpg\" \/>\n<meta name=\"twitter:creator\" content=\"@NITUmx\" \/>\n<meta name=\"twitter:site\" content=\"@Arturo_Medina_G\" \/>\n<meta name=\"twitter:label1\" content=\"Escrito por\" \/>\n\t<meta name=\"twitter:data1\" content=\"Redacci\u00f3n\" \/>\n\t<meta name=\"twitter:label2\" content=\"Tiempo de lectura\" \/>\n\t<meta name=\"twitter:data2\" content=\"3 minutos\" \/>\n<script type=\"application\/ld+json\" class=\"yoast-schema-graph\">{\"@context\":\"https:\/\/schema.org\",\"@graph\":[{\"@type\":\"Article\",\"@id\":\"https:\/\/nitu.mx\/index.php\/2025\/08\/26\/ixtapa-zihuatanejo-tendra-nuevo-vuelo-de-guadalajara-con-volaris\/#article\",\"isPartOf\":{\"@id\":\"https:\/\/nitu.mx\/index.php\/2025\/08\/26\/ixtapa-zihuatanejo-tendra-nuevo-vuelo-de-guadalajara-con-volaris\/\"},\"author\":{\"name\":\"Redacci\u00f3n\",\"@id\":\"https:\/\/nitu.mx\/#\/schema\/person\/4a28fe9bd65924f7c90623773daf1b0b\"},\"headline\":\"Ixtapa Zihuatanejo tendr\u00e1 nuevo vuelo de Guadalajara con Volaris\",\"datePublished\":\"2025-08-27T03:00:00+00:00\",\"dateModified\":\"2025-08-27T02:12:45+00:00\",\"mainEntityOfPage\":{\"@id\":\"https:\/\/nitu.mx\/index.php\/2025\/08\/26\/ixtapa-zihuatanejo-tendra-nuevo-vuelo-de-guadalajara-con-volaris\/\"},\"wordCount\":521,\"publisher\":{\"@id\":\"https:\/\/nitu.mx\/#\/schema\/person\/ae7a53426417292d3dd07b45a33e01bc\"},\"image\":{\"@id\":\"https:\/\/nitu.mx\/index.php\/2025\/08\/26\/ixtapa-zihuatanejo-tendra-nuevo-vuelo-de-guadalajara-con-volaris\/#primaryimage\"},\"thumbnailUrl\":\"https:\/\/nitu.mx\/wp-content\/uploads\/2025\/08\/Ixtapa-Zihuatanejo-vuelo-Guadalajara.jpg\",\"keywords\":[\"Guadalajara\",\"Ixtapa Zihuatanejo\",\"Pedro Castel\u00e1n\",\"Volaris\"],\"articleSection\":[\"Destinos\"],\"inLanguage\":\"es-MX\"},{\"@type\":\"WebPage\",\"@id\":\"https:\/\/nitu.mx\/index.php\/2025\/08\/26\/ixtapa-zihuatanejo-tendra-nuevo-vuelo-de-guadalajara-con-volaris\/\",\"url\":\"https:\/\/nitu.mx\/index.php\/2025\/08\/26\/ixtapa-zihuatanejo-tendra-nuevo-vuelo-de-guadalajara-con-volaris\/\",\"name\":\"Ixtapa Zihuatanejo tendr\u00e1 nuevo vuelo de Guadalajara con Volaris - Nitu - Noticias de la Industria Turistica\",\"isPartOf\":{\"@id\":\"https:\/\/nitu.mx\/#website\"},\"primaryImageOfPage\":{\"@id\":\"https:\/\/nitu.mx\/index.php\/2025\/08\/26\/ixtapa-zihuatanejo-tendra-nuevo-vuelo-de-guadalajara-con-volaris\/#primaryimage\"},\"image\":{\"@id\":\"https:\/\/nitu.mx\/index.php\/2025\/08\/26\/ixtapa-zihuatanejo-tendra-nuevo-vuelo-de-guadalajara-con-volaris\/#primaryimage\"},\"thumbnailUrl\":\"https:\/\/nitu.mx\/wp-content\/uploads\/2025\/08\/Ixtapa-Zihuatanejo-vuelo-Guadalajara.jpg\",\"datePublished\":\"2025-08-27T03:00:00+00:00\",\"dateModified\":\"2025-08-27T02:12:45+00:00\",\"breadcrumb\":{\"@id\":\"https:\/\/nitu.mx\/index.php\/2025\/08\/26\/ixtapa-zihuatanejo-tendra-nuevo-vuelo-de-guadalajara-con-volaris\/#breadcrumb\"},\"inLanguage\":\"es-MX\",\"potentialAction\":[{\"@type\":\"ReadAction\",\"target\":[\"https:\/\/nitu.mx\/index.php\/2025\/08\/26\/ixtapa-zihuatanejo-tendra-nuevo-vuelo-de-guadalajara-con-volaris\/\"]}]},{\"@type\":\"ImageObject\",\"inLanguage\":\"es-MX\",\"@id\":\"https:\/\/nitu.mx\/index.php\/2025\/08\/26\/ixtapa-zihuatanejo-tendra-nuevo-vuelo-de-guadalajara-con-volaris\/#primaryimage\",\"url\":\"https:\/\/nitu.mx\/wp-content\/uploads\/2025\/08\/Ixtapa-Zihuatanejo-vuelo-Guadalajara.jpg\",\"contentUrl\":\"https:\/\/nitu.mx\/wp-content\/uploads\/2025\/08\/Ixtapa-Zihuatanejo-vuelo-Guadalajara.jpg\",\"width\":868,\"height\":675,\"caption\":\"Ixtapa Zihuatanejo vuelo Guadalajara\"},{\"@type\":\"BreadcrumbList\",\"@id\":\"https:\/\/nitu.mx\/index.php\/2025\/08\/26\/ixtapa-zihuatanejo-tendra-nuevo-vuelo-de-guadalajara-con-volaris\/#breadcrumb\",\"itemListElement\":[{\"@type\":\"ListItem\",\"position\":1,\"name\":\"Inicio\",\"item\":\"https:\/\/nitu.mx\/\"},{\"@type\":\"ListItem\",\"position\":2,\"name\":\"Ixtapa Zihuatanejo tendr\u00e1 nuevo vuelo de Guadalajara con Volaris\"}]},{\"@type\":\"WebSite\",\"@id\":\"https:\/\/nitu.mx\/#website\",\"url\":\"https:\/\/nitu.mx\/\",\"name\":\"Nitu - Noticias de la Industria Turistica\",\"description\":\"Noticias de la Industria Turistica\",\"publisher\":{\"@id\":\"https:\/\/nitu.mx\/#\/schema\/person\/ae7a53426417292d3dd07b45a33e01bc\"},\"alternateName\":\"Noticias de la Industria Turistica\",\"potentialAction\":[{\"@type\":\"SearchAction\",\"target\":{\"@type\":\"EntryPoint\",\"urlTemplate\":\"https:\/\/nitu.mx\/?s={search_term_string}\"},\"query-input\":\"required name=search_term_string\"}],\"inLanguage\":\"es-MX\"},{\"@type\":[\"Person\",\"Organization\"],\"@id\":\"https:\/\/nitu.mx\/#\/schema\/person\/ae7a53426417292d3dd07b45a33e01bc\",\"name\":\"Arturo Medina\",\"image\":{\"@type\":\"ImageObject\",\"inLanguage\":\"es-MX\",\"@id\":\"https:\/\/nitu.mx\/#\/schema\/person\/image\/\",\"url\":\"https:\/\/nitu.mx\/wp-content\/uploads\/2024\/04\/4A315622-1904-4D5C-B022-878CDC840E04-90x90-1.jpeg\",\"contentUrl\":\"https:\/\/nitu.mx\/wp-content\/uploads\/2024\/04\/4A315622-1904-4D5C-B022-878CDC840E04-90x90-1.jpeg\",\"width\":90,\"height\":90,\"caption\":\"Arturo Medina\"},\"logo\":{\"@id\":\"https:\/\/nitu.mx\/#\/schema\/person\/image\/\"},\"description\":\"Director NITU.mx, Egresado de la Escuela de Periodismo Carlos Septi\u00e9n Garc\u00eda. Periodista y analista especializado en turismo desde hace 35 a\u00f1os, radicado en Canc\u00fan Q.Roo. arturo@nitu.mx\",\"sameAs\":[\"https:\/\/nitu.mx\",\"https:\/\/www.facebook.com\/NITUmx\/\",\"medinacancun\",\"https:\/\/twitter.com\/@Arturo_Medina_G\"]},{\"@type\":\"Person\",\"@id\":\"https:\/\/nitu.mx\/#\/schema\/person\/4a28fe9bd65924f7c90623773daf1b0b\",\"name\":\"Redacci\u00f3n\",\"image\":{\"@type\":\"ImageObject\",\"inLanguage\":\"es-MX\",\"@id\":\"https:\/\/nitu.mx\/#\/schema\/person\/image\/\",\"url\":\"https:\/\/secure.gravatar.com\/avatar\/5dd011c8ccfc5cd7e4c81e42252aab38?s=96&d=mm&r=g\",\"contentUrl\":\"https:\/\/secure.gravatar.com\/avatar\/5dd011c8ccfc5cd7e4c81e42252aab38?s=96&d=mm&r=g\",\"caption\":\"Redacci\u00f3n\"},\"url\":\"https:\/\/nitu.mx\/index.php\/author\/redaccion\/\"}]}<\/script>\n<!-- \/ Yoast SEO plugin. -->","yoast_head_json":{"title":"Ixtapa Zihuatanejo tendr\u00e1 nuevo vuelo de Guadalajara con Volaris - Nitu - Noticias de la Industria Turistica","robots":{"index":"index","follow":"follow","max-snippet":"max-snippet:-1","max-image-preview":"max-image-preview:large","max-video-preview":"max-video-preview:-1"},"canonical":"https:\/\/nitu.mx\/index.php\/2025\/08\/26\/ixtapa-zihuatanejo-tendra-nuevo-vuelo-de-guadalajara-con-volaris\/","twitter_card":"summary_large_image","twitter_title":"Ixtapa Zihuatanejo tendr\u00e1 nuevo vuelo de Guadalajara con Volaris - Nitu - Noticias de la Industria Turistica","twitter_description":"El binomio tur\u00edstico de Ixtapa Zihuatanejo contin\u00faa fortaleciendo su conectividad a\u00e9rea, anunci\u00f3 su nueva ruta directa Guadalajara \u2013 Zihuatanejo, de la mano de la aerol\u00ednea Volaris, que iniciar\u00e1 operaciones el pr\u00f3ximo 2 de noviembre. Este nuevo vuelo, que ya se encuentra disponible para la venta, operar\u00e1 cuatro veces por semana: los lunes, mi\u00e9rcoles, viernes y [&hellip;]","twitter_image":"https:\/\/nitu.mx\/wp-content\/uploads\/2025\/08\/Ixtapa-Zihuatanejo-vuelo-Guadalajara.jpg","twitter_creator":"@NITUmx","twitter_site":"@Arturo_Medina_G","twitter_misc":{"Escrito por":"Redacci\u00f3n","Tiempo de lectura":"3 minutos"},"schema":{"@context":"https:\/\/schema.org","@graph":[{"@type":"Article","@id":"https:\/\/nitu.mx\/index.php\/2025\/08\/26\/ixtapa-zihuatanejo-tendra-nuevo-vuelo-de-guadalajara-con-volaris\/#article","isPartOf":{"@id":"https:\/\/nitu.mx\/index.php\/2025\/08\/26\/ixtapa-zihuatanejo-tendra-nuevo-vuelo-de-guadalajara-con-volaris\/"},"author":{"name":"Redacci\u00f3n","@id":"https:\/\/nitu.mx\/#\/schema\/person\/4a28fe9bd65924f7c90623773daf1b0b"},"headline":"Ixtapa Zihuatanejo tendr\u00e1 nuevo vuelo de Guadalajara con Volaris","datePublished":"2025-08-27T03:00:00+00:00","dateModified":"2025-08-27T02:12:45+00:00","mainEntityOfPage":{"@id":"https:\/\/nitu.mx\/index.php\/2025\/08\/26\/ixtapa-zihuatanejo-tendra-nuevo-vuelo-de-guadalajara-con-volaris\/"},"wordCount":521,"publisher":{"@id":"https:\/\/nitu.mx\/#\/schema\/person\/ae7a53426417292d3dd07b45a33e01bc"},"image":{"@id":"https:\/\/nitu.mx\/index.php\/2025\/08\/26\/ixtapa-zihuatanejo-tendra-nuevo-vuelo-de-guadalajara-con-volaris\/#primaryimage"},"thumbnailUrl":"https:\/\/nitu.mx\/wp-content\/uploads\/2025\/08\/Ixtapa-Zihuatanejo-vuelo-Guadalajara.jpg","keywords":["Guadalajara","Ixtapa Zihuatanejo","Pedro Castel\u00e1n","Volaris"],"articleSection":["Destinos"],"inLanguage":"es-MX"},{"@type":"WebPage","@id":"https:\/\/nitu.mx\/index.php\/2025\/08\/26\/ixtapa-zihuatanejo-tendra-nuevo-vuelo-de-guadalajara-con-volaris\/","url":"https:\/\/nitu.mx\/index.php\/2025\/08\/26\/ixtapa-zihuatanejo-tendra-nuevo-vuelo-de-guadalajara-con-volaris\/","name":"Ixtapa Zihuatanejo tendr\u00e1 nuevo vuelo de Guadalajara con Volaris - Nitu - Noticias de la Industria Turistica","isPartOf":{"@id":"https:\/\/nitu.mx\/#website"},"primaryImageOfPage":{"@id":"https:\/\/nitu.mx\/index.php\/2025\/08\/26\/ixtapa-zihuatanejo-tendra-nuevo-vuelo-de-guadalajara-con-volaris\/#primaryimage"},"image":{"@id":"https:\/\/nitu.mx\/index.php\/2025\/08\/26\/ixtapa-zihuatanejo-tendra-nuevo-vuelo-de-guadalajara-con-volaris\/#primaryimage"},"thumbnailUrl":"https:\/\/nitu.mx\/wp-content\/uploads\/2025\/08\/Ixtapa-Zihuatanejo-vuelo-Guadalajara.jpg","datePublished":"2025-08-27T03:00:00+00:00","dateModified":"2025-08-27T02:12:45+00:00","breadcrumb":{"@id":"https:\/\/nitu.mx\/index.php\/2025\/08\/26\/ixtapa-zihuatanejo-tendra-nuevo-vuelo-de-guadalajara-con-volaris\/#breadcrumb"},"inLanguage":"es-MX","potentialAction":[{"@type":"ReadAction","target":["https:\/\/nitu.mx\/index.php\/2025\/08\/26\/ixtapa-zihuatanejo-tendra-nuevo-vuelo-de-guadalajara-con-volaris\/"]}]},{"@type":"ImageObject","inLanguage":"es-MX","@id":"https:\/\/nitu.mx\/index.php\/2025\/08\/26\/ixtapa-zihuatanejo-tendra-nuevo-vuelo-de-guadalajara-con-volaris\/#primaryimage","url":"https:\/\/nitu.mx\/wp-content\/uploads\/2025\/08\/Ixtapa-Zihuatanejo-vuelo-Guadalajara.jpg","contentUrl":"https:\/\/nitu.mx\/wp-content\/uploads\/2025\/08\/Ixtapa-Zihuatanejo-vuelo-Guadalajara.jpg","width":868,"height":675,"caption":"Ixtapa Zihuatanejo vuelo Guadalajara"},{"@type":"BreadcrumbList","@id":"https:\/\/nitu.mx\/index.php\/2025\/08\/26\/ixtapa-zihuatanejo-tendra-nuevo-vuelo-de-guadalajara-con-volaris\/#breadcrumb","itemListElement":[{"@type":"ListItem","position":1,"name":"Inicio","item":"https:\/\/nitu.mx\/"},{"@type":"ListItem","position":2,"name":"Ixtapa Zihuatanejo tendr\u00e1 nuevo vuelo de Guadalajara con Volaris"}]},{"@type":"WebSite","@id":"https:\/\/nitu.mx\/#website","url":"https:\/\/nitu.mx\/","name":"Nitu - Noticias de la Industria Turistica","description":"Noticias de la Industria Turistica","publisher":{"@id":"https:\/\/nitu.mx\/#\/schema\/person\/ae7a53426417292d3dd07b45a33e01bc"},"alternateName":"Noticias de la Industria Turistica","potentialAction":[{"@type":"SearchAction","target":{"@type":"EntryPoint","urlTemplate":"https:\/\/nitu.mx\/?s={search_term_string}"},"query-input":"required name=search_term_string"}],"inLanguage":"es-MX"},{"@type":["Person","Organization"],"@id":"https:\/\/nitu.mx\/#\/schema\/person\/ae7a53426417292d3dd07b45a33e01bc","name":"Arturo Medina","image":{"@type":"ImageObject","inLanguage":"es-MX","@id":"https:\/\/nitu.mx\/#\/schema\/person\/image\/","url":"https:\/\/nitu.mx\/wp-content\/uploads\/2024\/04\/4A315622-1904-4D5C-B022-878CDC840E04-90x90-1.jpeg","contentUrl":"https:\/\/nitu.mx\/wp-content\/uploads\/2024\/04\/4A315622-1904-4D5C-B022-878CDC840E04-90x90-1.jpeg","width":90,"height":90,"caption":"Arturo Medina"},"logo":{"@id":"https:\/\/nitu.mx\/#\/schema\/person\/image\/"},"description":"Director NITU.mx, Egresado de la Escuela de Periodismo Carlos Septi\u00e9n Garc\u00eda. Periodista y analista especializado en turismo desde hace 35 a\u00f1os, radicado en Canc\u00fan Q.Roo. arturo@nitu.mx","sameAs":["https:\/\/nitu.mx","https:\/\/www.facebook.com\/NITUmx\/","medinacancun","https:\/\/twitter.com\/@Arturo_Medina_G"]},{"@type":"Person","@id":"https:\/\/nitu.mx\/#\/schema\/person\/4a28fe9bd65924f7c90623773daf1b0b","name":"Redacci\u00f3n","image":{"@type":"ImageObject","inLanguage":"es-MX","@id":"https:\/\/nitu.mx\/#\/schema\/person\/image\/","url":"https:\/\/secure.gravatar.com\/avatar\/5dd011c8ccfc5cd7e4c81e42252aab38?s=96&d=mm&r=g","contentUrl":"https:\/\/secure.gravatar.com\/avatar\/5dd011c8ccfc5cd7e4c81e42252aab38?s=96&d=mm&r=g","caption":"Redacci\u00f3n"},"url":"https:\/\/nitu.mx\/index.php\/author\/redaccion\/"}]}},"views":719,"_links":{"self":[{"href":"https:\/\/nitu.mx\/index.php\/wp-json\/wp\/v2\/posts\/83137"}],"collection":[{"href":"https:\/\/nitu.mx\/index.php\/wp-json\/wp\/v2\/posts"}],"about":[{"href":"https:\/\/nitu.mx\/index.php\/wp-json\/wp\/v2\/types\/post"}],"author":[{"embeddable":true,"href":"https:\/\/nitu.mx\/index.php\/wp-json\/wp\/v2\/users\/17"}],"replies":[{"embeddable":true,"href":"https:\/\/nitu.mx\/index.php\/wp-json\/wp\/v2\/comments?post=83137"}],"version-history":[{"count":1,"href":"https:\/\/nitu.mx\/index.php\/wp-json\/wp\/v2\/posts\/83137\/revisions"}],"predecessor-version":[{"id":83139,"href":"https:\/\/nitu.mx\/index.php\/wp-json\/wp\/v2\/posts\/83137\/revisions\/83139"}],"wp:featuredmedia":[{"embeddable":true,"href":"https:\/\/nitu.mx\/index.php\/wp-json\/wp\/v2\/media\/83140"}],"wp:attachment":[{"href":"https:\/\/nitu.mx\/index.php\/wp-json\/wp\/v2\/media?parent=83137"}],"wp:term":[{"taxonomy":"category","embeddable":true,"href":"https:\/\/nitu.mx\/index.php\/wp-json\/wp\/v2\/categories?post=83137"},{"taxonomy":"post_tag","embeddable":true,"href":"https:\/\/nitu.mx\/index.php\/wp-json\/wp\/v2\/tags?post=83137"}],"curies":[{"name":"wp","href":"https:\/\/api.w.org\/{rel}","templated":true}]}}