{"id":83113,"date":"2025-08-25T22:30:00","date_gmt":"2025-08-26T04:30:00","guid":{"rendered":"https:\/\/nitu.mx\/?p=83113"},"modified":"2025-08-25T21:48:58","modified_gmt":"2025-08-26T03:48:58","slug":"ruta-de-la-fe-la-apuesta-de-monterrey-parras-y-torreon-por-el-turismo-religioso","status":"publish","type":"post","link":"https:\/\/nitu.mx\/index.php\/2025\/08\/25\/ruta-de-la-fe-la-apuesta-de-monterrey-parras-y-torreon-por-el-turismo-religioso\/","title":{"rendered":"Ruta de la fe, la apuesta de Monterrey, Parras y Torre\u00f3n por el turismo religioso"},"content":{"rendered":"\n<p>La suma de esfuerzos de tres destinos del noreste de M\u00e9xico dio como resultado un relevante producto tur\u00edstico: La ruta de la fe: Un camino de tradici\u00f3n y espiritualidad, que abarca importantes sitios religiosos, hist\u00f3ricos y culturales en Monterrey, Nuevo Le\u00f3n; y Parras de la Fuente y Torre\u00f3n, en Coahuila.<\/p>\n\n\n\n<p>La idea que surge en la Oficina de Visitantes y Convenciones (OVC) de Torre\u00f3n, que dirige Sujeyl Alvarado Flores, es respaldada por la Direcci\u00f3n de Turismo del municipio, a cargo de Natalia Hoyos Guerrero; y secundada por la OCV de Parras de la Fuente, dirigida por Olga Lara Rodr\u00edguez; y en Monterrey se integraron las Direcciones de Turismo y Cultura Municipal, encabezadas por Arturo Cant\u00fa Gonz\u00e1lez y Claudia Ibarra Carrera, respectivamente, as\u00ed como la Asociaci\u00f3n de Touroperadores de Nuevo Le\u00f3n, que preside Fabi\u00e1n Garza Massa.<\/p>\n\n\n\n<p>Al presentar este proyecto en la Ciudad de M\u00e9xico, los funcionarios y empresarios se\u00f1alaron que m\u00e1s que un recorrido tur\u00edstico, La Ruta de la Fe es un viaje que conecta con el alma del pueblo mexicano a trav\u00e9s de sus majestuosas catedrales, santuarios venerados y ermitas que guardan siglos de devoci\u00f3n.<\/p>\n\n\n\n<p>Cada espacio refleja la uni\u00f3n entre tradici\u00f3n, cultura y espiritualidad, ofreciendo a los visitantes la oportunidad de vivir una experiencia de introspecci\u00f3n y comunidad.<\/p>\n\n\n\n<p>Desde la grandeza de las iglesias coloniales hasta la sencillez y fervor de los templos m\u00e1s \u00edntimos, la ruta se convierte en un testimonio vivo de la fe que ha trascendido generaciones. Adem\u00e1s de su valor religioso, cada parada revela la riqueza arquitect\u00f3nica, cultural y festiva de las comunidades locales.<\/p>\n\n\n\n<p>\u201cLa Ruta de la Fe representa tambi\u00e9n una invitaci\u00f3n a redescubrir las ra\u00edces del noreste de M\u00e9xico, consolidando a la regi\u00f3n como un destino de turismo cultural y espiritual, que combina devoci\u00f3n, historia y hospitalidad\u201d, se\u00f1al\u00f3 la directora de la Oficina de Visitantes y Convenciones de Torre\u00f3n.<\/p>\n\n\n\n<h2 class=\"wp-block-heading\">Ruta de la fe, el paquete completo para turistas<\/h2>\n\n\n\n<p>La Ruta de la fe es un programa de viaje que consta de 5 d\u00edas: dos en Monterrey, uno en Parras de la Fuente y dos en Torre\u00f3n, en el que se visitan tres importantes atractivos tur\u00edsticos religiosos, y otros sitios de inter\u00e9s. Su costo es de 8 mil pesos por persona, y es operado por los tour operadores locales y gu\u00edas certificados; partiendo desde la capital de Nuevo Le\u00f3n y al finalizar existe la opci\u00f3n de regresar a esta ciudad o aprovechar la conectividad a\u00e9rea de Torre\u00f3n para regresar al punto de origen del turista.<\/p>\n\n\n\n<p>Adem\u00e1s, se destac\u00f3 que este producto tur\u00edstico est\u00e1 disponible para que cualquier agencia de viajes, tour operador pueda ofertarlo, o ser seguido por alg\u00fan viajero o grupo de viajeros. Para ello, la informaci\u00f3n est\u00e1 disponible en el sitio web <a href=\"https:\/\/larutadelafe.com\/\">https:\/\/larutadelafe.com\/<\/a> y los interesados pueden contactar a los operadores locales para apoyarse en su seguimiento.<\/p>\n\n\n\n<p>Monterrey es el punto de partida de la Ruta de la fe, \u00fanica ciudad del pa\u00eds que cuenta con tres bas\u00edlicas, las cuales est\u00e1n incluidas en el recorrido: La Bas\u00edlica de Guadalupe, la Bas\u00edlica del Roble y Bas\u00edlica de la Pur\u00edsima, adem\u00e1s de la Catedral Metropolitana, el Museo de la Arquidi\u00f3cesis de Monterrey y el Palacio Municipal que ahora es un importante centro cultural.<\/p>\n\n\n\n<p>Parras de la Fuente ofrece atractivos como la Capilla de San Lorenzo, en Casa Madero, la Capilla del Santo Madero y el Centro Cultural Nancy C\u00e1rdenas. En este tramo, los visitantes pueden ver un exvoto que data de 1876, y conocer la vitivin\u00edcola m\u00e1s antigua del continente. El primer Pueblo M\u00e1gico del norte de M\u00e9xico se encuentra estrat\u00e9gicamente ubicado a 2.5 horas de Monterrey y a 1.5 de Torre\u00f3n, lo que lo hace un destino pr\u00e1ctico para este paquete.<\/p>\n\n\n\n<p>Torre\u00f3n tiene uno de los atractivos de turismo religioso m\u00e1s relevantes de M\u00e9xico: el Cristo de las Noas, monumento dedicado a Cristo Rey, realizado por Vladimir Alvarado en 1973 en la cima del cerro de las noas. El telef\u00e9rico en Puerto Noas, \u00fanico sistema de este tipo en Coahuila recorre mil 437 metros desde el Centro Hist\u00f3rico y se eleva a 150 metros de altura. El Museo Arocena, de arte contempor\u00e1neo y su colecci\u00f3n de arte virreinal es otro de los sitios que complementan la visita. En la presentaci\u00f3n de la Ruta de la Fe, la directora general de Innovaci\u00f3n del Producto Tur\u00edstico, de Sectur federal, Marcela Camacho Lozano, reiter\u00f3 el respaldo de la dependencia a esta iniciativa para contribuir en la comercializaci\u00f3n y promoci\u00f3n en M\u00e9xico y el exterior.<\/p>\n","protected":false},"excerpt":{"rendered":"<p>La suma de esfuerzos de tres destinos del noreste de M\u00e9xico dio como resultado un relevante producto tur\u00edstico: La ruta de la fe: Un camino de tradici\u00f3n y espiritualidad, que abarca importantes sitios religiosos, hist\u00f3ricos y culturales en Monterrey, Nuevo Le\u00f3n; y Parras de la Fuente y Torre\u00f3n, en Coahuila. La idea que surge en [&hellip;]<\/p>\n","protected":false},"author":18,"featured_media":83120,"comment_status":"closed","ping_status":"closed","sticky":false,"template":"","format":"standard","meta":{"footnotes":""},"categories":[5],"tags":[491,27637,27636,1523,15467],"yoast_head":"<!-- This site is optimized with the Yoast SEO plugin v22.2 - https:\/\/yoast.com\/wordpress\/plugins\/seo\/ -->\n<title>Ruta de la fe, la apuesta de Monterrey, Parras y Torre\u00f3n por el turismo religioso - Nitu - Noticias de la Industria Turistica<\/title>\n<meta name=\"robots\" content=\"index, follow, max-snippet:-1, max-image-preview:large, max-video-preview:-1\" \/>\n<link rel=\"canonical\" href=\"https:\/\/nitu.mx\/index.php\/2025\/08\/25\/ruta-de-la-fe-la-apuesta-de-monterrey-parras-y-torreon-por-el-turismo-religioso\/\" \/>\n<meta name=\"twitter:card\" content=\"summary_large_image\" \/>\n<meta name=\"twitter:title\" content=\"Ruta de la fe, la apuesta de Monterrey, Parras y Torre\u00f3n por el turismo religioso - Nitu - Noticias de la Industria Turistica\" \/>\n<meta name=\"twitter:description\" content=\"La suma de esfuerzos de tres destinos del noreste de M\u00e9xico dio como resultado un relevante producto tur\u00edstico: La ruta de la fe: Un camino de tradici\u00f3n y espiritualidad, que abarca importantes sitios religiosos, hist\u00f3ricos y culturales en Monterrey, Nuevo Le\u00f3n; y Parras de la Fuente y Torre\u00f3n, en Coahuila. La idea que surge en [&hellip;]\" \/>\n<meta name=\"twitter:image\" content=\"https:\/\/nitu.mx\/wp-content\/uploads\/2025\/08\/Ruta-de-la-fe-Monterrey-Parras-Torreon.jpg\" \/>\n<meta name=\"twitter:creator\" content=\"@NITUmx\" \/>\n<meta name=\"twitter:site\" content=\"@Arturo_Medina_G\" \/>\n<meta name=\"twitter:label1\" content=\"Escrito por\" \/>\n\t<meta name=\"twitter:data1\" content=\"Guadalupe Sixto\" \/>\n\t<meta name=\"twitter:label2\" content=\"Tiempo de lectura\" \/>\n\t<meta name=\"twitter:data2\" content=\"4 minutos\" \/>\n<script type=\"application\/ld+json\" class=\"yoast-schema-graph\">{\"@context\":\"https:\/\/schema.org\",\"@graph\":[{\"@type\":\"Article\",\"@id\":\"https:\/\/nitu.mx\/index.php\/2025\/08\/25\/ruta-de-la-fe-la-apuesta-de-monterrey-parras-y-torreon-por-el-turismo-religioso\/#article\",\"isPartOf\":{\"@id\":\"https:\/\/nitu.mx\/index.php\/2025\/08\/25\/ruta-de-la-fe-la-apuesta-de-monterrey-parras-y-torreon-por-el-turismo-religioso\/\"},\"author\":{\"name\":\"Guadalupe Sixto\",\"@id\":\"https:\/\/nitu.mx\/#\/schema\/person\/3df3082b5e46037e3f13614d28ee0b77\"},\"headline\":\"Ruta de la fe, la apuesta de Monterrey, Parras y Torre\u00f3n por el turismo religioso\",\"datePublished\":\"2025-08-26T04:30:00+00:00\",\"dateModified\":\"2025-08-26T03:48:58+00:00\",\"mainEntityOfPage\":{\"@id\":\"https:\/\/nitu.mx\/index.php\/2025\/08\/25\/ruta-de-la-fe-la-apuesta-de-monterrey-parras-y-torreon-por-el-turismo-religioso\/\"},\"wordCount\":825,\"publisher\":{\"@id\":\"https:\/\/nitu.mx\/#\/schema\/person\/ae7a53426417292d3dd07b45a33e01bc\"},\"image\":{\"@id\":\"https:\/\/nitu.mx\/index.php\/2025\/08\/25\/ruta-de-la-fe-la-apuesta-de-monterrey-parras-y-torreon-por-el-turismo-religioso\/#primaryimage\"},\"thumbnailUrl\":\"https:\/\/nitu.mx\/wp-content\/uploads\/2025\/08\/Ruta-de-la-fe-Monterrey-Parras-Torreon.jpg\",\"keywords\":[\"Monterrey\",\"Parras de la Fuente\",\"Ruta de la fe\",\"Torre\u00f3n\",\"turismo religioso\"],\"articleSection\":[\"Destinos\"],\"inLanguage\":\"es-MX\"},{\"@type\":\"WebPage\",\"@id\":\"https:\/\/nitu.mx\/index.php\/2025\/08\/25\/ruta-de-la-fe-la-apuesta-de-monterrey-parras-y-torreon-por-el-turismo-religioso\/\",\"url\":\"https:\/\/nitu.mx\/index.php\/2025\/08\/25\/ruta-de-la-fe-la-apuesta-de-monterrey-parras-y-torreon-por-el-turismo-religioso\/\",\"name\":\"Ruta de la fe, la apuesta de Monterrey, Parras y Torre\u00f3n por el turismo religioso - Nitu - Noticias de la Industria Turistica\",\"isPartOf\":{\"@id\":\"https:\/\/nitu.mx\/#website\"},\"primaryImageOfPage\":{\"@id\":\"https:\/\/nitu.mx\/index.php\/2025\/08\/25\/ruta-de-la-fe-la-apuesta-de-monterrey-parras-y-torreon-por-el-turismo-religioso\/#primaryimage\"},\"image\":{\"@id\":\"https:\/\/nitu.mx\/index.php\/2025\/08\/25\/ruta-de-la-fe-la-apuesta-de-monterrey-parras-y-torreon-por-el-turismo-religioso\/#primaryimage\"},\"thumbnailUrl\":\"https:\/\/nitu.mx\/wp-content\/uploads\/2025\/08\/Ruta-de-la-fe-Monterrey-Parras-Torreon.jpg\",\"datePublished\":\"2025-08-26T04:30:00+00:00\",\"dateModified\":\"2025-08-26T03:48:58+00:00\",\"breadcrumb\":{\"@id\":\"https:\/\/nitu.mx\/index.php\/2025\/08\/25\/ruta-de-la-fe-la-apuesta-de-monterrey-parras-y-torreon-por-el-turismo-religioso\/#breadcrumb\"},\"inLanguage\":\"es-MX\",\"potentialAction\":[{\"@type\":\"ReadAction\",\"target\":[\"https:\/\/nitu.mx\/index.php\/2025\/08\/25\/ruta-de-la-fe-la-apuesta-de-monterrey-parras-y-torreon-por-el-turismo-religioso\/\"]}]},{\"@type\":\"ImageObject\",\"inLanguage\":\"es-MX\",\"@id\":\"https:\/\/nitu.mx\/index.php\/2025\/08\/25\/ruta-de-la-fe-la-apuesta-de-monterrey-parras-y-torreon-por-el-turismo-religioso\/#primaryimage\",\"url\":\"https:\/\/nitu.mx\/wp-content\/uploads\/2025\/08\/Ruta-de-la-fe-Monterrey-Parras-Torreon.jpg\",\"contentUrl\":\"https:\/\/nitu.mx\/wp-content\/uploads\/2025\/08\/Ruta-de-la-fe-Monterrey-Parras-Torreon.jpg\",\"width\":1200,\"height\":675,\"caption\":\"Ruta de la fe Monterrey Parras Torre\u00f3n\"},{\"@type\":\"BreadcrumbList\",\"@id\":\"https:\/\/nitu.mx\/index.php\/2025\/08\/25\/ruta-de-la-fe-la-apuesta-de-monterrey-parras-y-torreon-por-el-turismo-religioso\/#breadcrumb\",\"itemListElement\":[{\"@type\":\"ListItem\",\"position\":1,\"name\":\"Inicio\",\"item\":\"https:\/\/nitu.mx\/\"},{\"@type\":\"ListItem\",\"position\":2,\"name\":\"Ruta de la fe, la apuesta de Monterrey, Parras y Torre\u00f3n por el turismo religioso\"}]},{\"@type\":\"WebSite\",\"@id\":\"https:\/\/nitu.mx\/#website\",\"url\":\"https:\/\/nitu.mx\/\",\"name\":\"Nitu - Noticias de la Industria Turistica\",\"description\":\"Noticias de la Industria Turistica\",\"publisher\":{\"@id\":\"https:\/\/nitu.mx\/#\/schema\/person\/ae7a53426417292d3dd07b45a33e01bc\"},\"alternateName\":\"Noticias de la Industria Turistica\",\"potentialAction\":[{\"@type\":\"SearchAction\",\"target\":{\"@type\":\"EntryPoint\",\"urlTemplate\":\"https:\/\/nitu.mx\/?s={search_term_string}\"},\"query-input\":\"required name=search_term_string\"}],\"inLanguage\":\"es-MX\"},{\"@type\":[\"Person\",\"Organization\"],\"@id\":\"https:\/\/nitu.mx\/#\/schema\/person\/ae7a53426417292d3dd07b45a33e01bc\",\"name\":\"Arturo Medina\",\"image\":{\"@type\":\"ImageObject\",\"inLanguage\":\"es-MX\",\"@id\":\"https:\/\/nitu.mx\/#\/schema\/person\/image\/\",\"url\":\"https:\/\/nitu.mx\/wp-content\/uploads\/2024\/04\/4A315622-1904-4D5C-B022-878CDC840E04-90x90-1.jpeg\",\"contentUrl\":\"https:\/\/nitu.mx\/wp-content\/uploads\/2024\/04\/4A315622-1904-4D5C-B022-878CDC840E04-90x90-1.jpeg\",\"width\":90,\"height\":90,\"caption\":\"Arturo Medina\"},\"logo\":{\"@id\":\"https:\/\/nitu.mx\/#\/schema\/person\/image\/\"},\"description\":\"Director NITU.mx, Egresado de la Escuela de Periodismo Carlos Septi\u00e9n Garc\u00eda. Periodista y analista especializado en turismo desde hace 35 a\u00f1os, radicado en Canc\u00fan Q.Roo. arturo@nitu.mx\",\"sameAs\":[\"https:\/\/nitu.mx\",\"https:\/\/www.facebook.com\/NITUmx\/\",\"medinacancun\",\"https:\/\/twitter.com\/@Arturo_Medina_G\"]},{\"@type\":\"Person\",\"@id\":\"https:\/\/nitu.mx\/#\/schema\/person\/3df3082b5e46037e3f13614d28ee0b77\",\"name\":\"Guadalupe Sixto\",\"image\":{\"@type\":\"ImageObject\",\"inLanguage\":\"es-MX\",\"@id\":\"https:\/\/nitu.mx\/#\/schema\/person\/image\/\",\"url\":\"https:\/\/secure.gravatar.com\/avatar\/13914e1b0e1919e91f9539de4dc584c4?s=96&d=mm&r=g\",\"contentUrl\":\"https:\/\/secure.gravatar.com\/avatar\/13914e1b0e1919e91f9539de4dc584c4?s=96&d=mm&r=g\",\"caption\":\"Guadalupe Sixto\"},\"url\":\"https:\/\/nitu.mx\/index.php\/author\/gsixto\/\"}]}<\/script>\n<!-- \/ Yoast SEO plugin. -->","yoast_head_json":{"title":"Ruta de la fe, la apuesta de Monterrey, Parras y Torre\u00f3n por el turismo religioso - Nitu - Noticias de la Industria Turistica","robots":{"index":"index","follow":"follow","max-snippet":"max-snippet:-1","max-image-preview":"max-image-preview:large","max-video-preview":"max-video-preview:-1"},"canonical":"https:\/\/nitu.mx\/index.php\/2025\/08\/25\/ruta-de-la-fe-la-apuesta-de-monterrey-parras-y-torreon-por-el-turismo-religioso\/","twitter_card":"summary_large_image","twitter_title":"Ruta de la fe, la apuesta de Monterrey, Parras y Torre\u00f3n por el turismo religioso - Nitu - Noticias de la Industria Turistica","twitter_description":"La suma de esfuerzos de tres destinos del noreste de M\u00e9xico dio como resultado un relevante producto tur\u00edstico: La ruta de la fe: Un camino de tradici\u00f3n y espiritualidad, que abarca importantes sitios religiosos, hist\u00f3ricos y culturales en Monterrey, Nuevo Le\u00f3n; y Parras de la Fuente y Torre\u00f3n, en Coahuila. La idea que surge en [&hellip;]","twitter_image":"https:\/\/nitu.mx\/wp-content\/uploads\/2025\/08\/Ruta-de-la-fe-Monterrey-Parras-Torreon.jpg","twitter_creator":"@NITUmx","twitter_site":"@Arturo_Medina_G","twitter_misc":{"Escrito por":"Guadalupe Sixto","Tiempo de lectura":"4 minutos"},"schema":{"@context":"https:\/\/schema.org","@graph":[{"@type":"Article","@id":"https:\/\/nitu.mx\/index.php\/2025\/08\/25\/ruta-de-la-fe-la-apuesta-de-monterrey-parras-y-torreon-por-el-turismo-religioso\/#article","isPartOf":{"@id":"https:\/\/nitu.mx\/index.php\/2025\/08\/25\/ruta-de-la-fe-la-apuesta-de-monterrey-parras-y-torreon-por-el-turismo-religioso\/"},"author":{"name":"Guadalupe Sixto","@id":"https:\/\/nitu.mx\/#\/schema\/person\/3df3082b5e46037e3f13614d28ee0b77"},"headline":"Ruta de la fe, la apuesta de Monterrey, Parras y Torre\u00f3n por el turismo religioso","datePublished":"2025-08-26T04:30:00+00:00","dateModified":"2025-08-26T03:48:58+00:00","mainEntityOfPage":{"@id":"https:\/\/nitu.mx\/index.php\/2025\/08\/25\/ruta-de-la-fe-la-apuesta-de-monterrey-parras-y-torreon-por-el-turismo-religioso\/"},"wordCount":825,"publisher":{"@id":"https:\/\/nitu.mx\/#\/schema\/person\/ae7a53426417292d3dd07b45a33e01bc"},"image":{"@id":"https:\/\/nitu.mx\/index.php\/2025\/08\/25\/ruta-de-la-fe-la-apuesta-de-monterrey-parras-y-torreon-por-el-turismo-religioso\/#primaryimage"},"thumbnailUrl":"https:\/\/nitu.mx\/wp-content\/uploads\/2025\/08\/Ruta-de-la-fe-Monterrey-Parras-Torreon.jpg","keywords":["Monterrey","Parras de la Fuente","Ruta de la fe","Torre\u00f3n","turismo religioso"],"articleSection":["Destinos"],"inLanguage":"es-MX"},{"@type":"WebPage","@id":"https:\/\/nitu.mx\/index.php\/2025\/08\/25\/ruta-de-la-fe-la-apuesta-de-monterrey-parras-y-torreon-por-el-turismo-religioso\/","url":"https:\/\/nitu.mx\/index.php\/2025\/08\/25\/ruta-de-la-fe-la-apuesta-de-monterrey-parras-y-torreon-por-el-turismo-religioso\/","name":"Ruta de la fe, la apuesta de Monterrey, Parras y Torre\u00f3n por el turismo religioso - Nitu - Noticias de la Industria Turistica","isPartOf":{"@id":"https:\/\/nitu.mx\/#website"},"primaryImageOfPage":{"@id":"https:\/\/nitu.mx\/index.php\/2025\/08\/25\/ruta-de-la-fe-la-apuesta-de-monterrey-parras-y-torreon-por-el-turismo-religioso\/#primaryimage"},"image":{"@id":"https:\/\/nitu.mx\/index.php\/2025\/08\/25\/ruta-de-la-fe-la-apuesta-de-monterrey-parras-y-torreon-por-el-turismo-religioso\/#primaryimage"},"thumbnailUrl":"https:\/\/nitu.mx\/wp-content\/uploads\/2025\/08\/Ruta-de-la-fe-Monterrey-Parras-Torreon.jpg","datePublished":"2025-08-26T04:30:00+00:00","dateModified":"2025-08-26T03:48:58+00:00","breadcrumb":{"@id":"https:\/\/nitu.mx\/index.php\/2025\/08\/25\/ruta-de-la-fe-la-apuesta-de-monterrey-parras-y-torreon-por-el-turismo-religioso\/#breadcrumb"},"inLanguage":"es-MX","potentialAction":[{"@type":"ReadAction","target":["https:\/\/nitu.mx\/index.php\/2025\/08\/25\/ruta-de-la-fe-la-apuesta-de-monterrey-parras-y-torreon-por-el-turismo-religioso\/"]}]},{"@type":"ImageObject","inLanguage":"es-MX","@id":"https:\/\/nitu.mx\/index.php\/2025\/08\/25\/ruta-de-la-fe-la-apuesta-de-monterrey-parras-y-torreon-por-el-turismo-religioso\/#primaryimage","url":"https:\/\/nitu.mx\/wp-content\/uploads\/2025\/08\/Ruta-de-la-fe-Monterrey-Parras-Torreon.jpg","contentUrl":"https:\/\/nitu.mx\/wp-content\/uploads\/2025\/08\/Ruta-de-la-fe-Monterrey-Parras-Torreon.jpg","width":1200,"height":675,"caption":"Ruta de la fe Monterrey Parras Torre\u00f3n"},{"@type":"BreadcrumbList","@id":"https:\/\/nitu.mx\/index.php\/2025\/08\/25\/ruta-de-la-fe-la-apuesta-de-monterrey-parras-y-torreon-por-el-turismo-religioso\/#breadcrumb","itemListElement":[{"@type":"ListItem","position":1,"name":"Inicio","item":"https:\/\/nitu.mx\/"},{"@type":"ListItem","position":2,"name":"Ruta de la fe, la apuesta de Monterrey, Parras y Torre\u00f3n por el turismo religioso"}]},{"@type":"WebSite","@id":"https:\/\/nitu.mx\/#website","url":"https:\/\/nitu.mx\/","name":"Nitu - Noticias de la Industria Turistica","description":"Noticias de la Industria Turistica","publisher":{"@id":"https:\/\/nitu.mx\/#\/schema\/person\/ae7a53426417292d3dd07b45a33e01bc"},"alternateName":"Noticias de la Industria Turistica","potentialAction":[{"@type":"SearchAction","target":{"@type":"EntryPoint","urlTemplate":"https:\/\/nitu.mx\/?s={search_term_string}"},"query-input":"required name=search_term_string"}],"inLanguage":"es-MX"},{"@type":["Person","Organization"],"@id":"https:\/\/nitu.mx\/#\/schema\/person\/ae7a53426417292d3dd07b45a33e01bc","name":"Arturo Medina","image":{"@type":"ImageObject","inLanguage":"es-MX","@id":"https:\/\/nitu.mx\/#\/schema\/person\/image\/","url":"https:\/\/nitu.mx\/wp-content\/uploads\/2024\/04\/4A315622-1904-4D5C-B022-878CDC840E04-90x90-1.jpeg","contentUrl":"https:\/\/nitu.mx\/wp-content\/uploads\/2024\/04\/4A315622-1904-4D5C-B022-878CDC840E04-90x90-1.jpeg","width":90,"height":90,"caption":"Arturo Medina"},"logo":{"@id":"https:\/\/nitu.mx\/#\/schema\/person\/image\/"},"description":"Director NITU.mx, Egresado de la Escuela de Periodismo Carlos Septi\u00e9n Garc\u00eda. Periodista y analista especializado en turismo desde hace 35 a\u00f1os, radicado en Canc\u00fan Q.Roo. arturo@nitu.mx","sameAs":["https:\/\/nitu.mx","https:\/\/www.facebook.com\/NITUmx\/","medinacancun","https:\/\/twitter.com\/@Arturo_Medina_G"]},{"@type":"Person","@id":"https:\/\/nitu.mx\/#\/schema\/person\/3df3082b5e46037e3f13614d28ee0b77","name":"Guadalupe Sixto","image":{"@type":"ImageObject","inLanguage":"es-MX","@id":"https:\/\/nitu.mx\/#\/schema\/person\/image\/","url":"https:\/\/secure.gravatar.com\/avatar\/13914e1b0e1919e91f9539de4dc584c4?s=96&d=mm&r=g","contentUrl":"https:\/\/secure.gravatar.com\/avatar\/13914e1b0e1919e91f9539de4dc584c4?s=96&d=mm&r=g","caption":"Guadalupe Sixto"},"url":"https:\/\/nitu.mx\/index.php\/author\/gsixto\/"}]}},"views":764,"_links":{"self":[{"href":"https:\/\/nitu.mx\/index.php\/wp-json\/wp\/v2\/posts\/83113"}],"collection":[{"href":"https:\/\/nitu.mx\/index.php\/wp-json\/wp\/v2\/posts"}],"about":[{"href":"https:\/\/nitu.mx\/index.php\/wp-json\/wp\/v2\/types\/post"}],"author":[{"embeddable":true,"href":"https:\/\/nitu.mx\/index.php\/wp-json\/wp\/v2\/users\/18"}],"replies":[{"embeddable":true,"href":"https:\/\/nitu.mx\/index.php\/wp-json\/wp\/v2\/comments?post=83113"}],"version-history":[{"count":1,"href":"https:\/\/nitu.mx\/index.php\/wp-json\/wp\/v2\/posts\/83113\/revisions"}],"predecessor-version":[{"id":83121,"href":"https:\/\/nitu.mx\/index.php\/wp-json\/wp\/v2\/posts\/83113\/revisions\/83121"}],"wp:featuredmedia":[{"embeddable":true,"href":"https:\/\/nitu.mx\/index.php\/wp-json\/wp\/v2\/media\/83120"}],"wp:attachment":[{"href":"https:\/\/nitu.mx\/index.php\/wp-json\/wp\/v2\/media?parent=83113"}],"wp:term":[{"taxonomy":"category","embeddable":true,"href":"https:\/\/nitu.mx\/index.php\/wp-json\/wp\/v2\/categories?post=83113"},{"taxonomy":"post_tag","embeddable":true,"href":"https:\/\/nitu.mx\/index.php\/wp-json\/wp\/v2\/tags?post=83113"}],"curies":[{"name":"wp","href":"https:\/\/api.w.org\/{rel}","templated":true}]}}