{"id":83109,"date":"2025-08-25T22:00:00","date_gmt":"2025-08-26T04:00:00","guid":{"rendered":"https:\/\/nitu.mx\/?p=83109"},"modified":"2025-08-26T08:39:35","modified_gmt":"2025-08-26T14:39:35","slug":"cancun-celebra-crecimiento-de-70-en-turismo-canadiense-en-el-1er-semestre","status":"publish","type":"post","link":"https:\/\/nitu.mx\/index.php\/2025\/08\/25\/cancun-celebra-crecimiento-de-70-en-turismo-canadiense-en-el-1er-semestre\/","title":{"rendered":"Canc\u00fan celebra crecimiento de 70% en turismo canadiense en el 1er semestre"},"content":{"rendered":"\n<p>El titular de la Secretar\u00eda Municipal de Turismo de Benito Ju\u00e1rez (Canc\u00fan), Juan Pablo de Zulueta Razo, inform\u00f3 que en el primer semestre del a\u00f1o se recuper\u00f3 el mercado canadiense, el cual pas\u00f3 del 9% al 16%, con un crecimiento del 7%; mientras que en el caso de Estados Unidos, se registr\u00f3 un aumento del 2.5% en la frecuencia de vuelos hacia Canc\u00fan.<\/p>\n\n\n\n<p>Tambi\u00e9n, expres\u00f3 que el destino mantiene el nivel 2 en la alerta de viaje emitida por Estados Unidos, lo que significa que no existen restricciones para los visitantes, \u00fanicamente la recomendaci\u00f3n de tomar precauciones normales; adem\u00e1s, record\u00f3 que el municipio cuenta con una Casa Consular con enlaces directos a embajadas y consulados, el cual est\u00e1 ubicada en el kil\u00f3metro 13 de la Zona Hotelera y brinda apoyo en casos como p\u00e9rdida de pasaportes u otros incidentes los siete d\u00edas de la semana.<\/p>\n\n\n<div class=\"wp-block-image\">\n<figure class=\"alignright size-large is-resized\"><img decoding=\"async\" loading=\"lazy\" width=\"1024\" height=\"576\" src=\"https:\/\/nitu.mx\/wp-content\/uploads\/2025\/08\/Ruta-de-la-fe-Monterrey-Parras-Torreon-conferencia-1024x576.jpg\" alt=\"\" class=\"wp-image-83124\" style=\"aspect-ratio:1.7777777777777777;width:527px;height:auto\" srcset=\"https:\/\/nitu.mx\/wp-content\/uploads\/2025\/08\/Ruta-de-la-fe-Monterrey-Parras-Torreon-conferencia-1024x576.jpg 1024w, https:\/\/nitu.mx\/wp-content\/uploads\/2025\/08\/Ruta-de-la-fe-Monterrey-Parras-Torreon-conferencia-300x168.jpg 300w, https:\/\/nitu.mx\/wp-content\/uploads\/2025\/08\/Ruta-de-la-fe-Monterrey-Parras-Torreon-conferencia-768x432.jpg 768w, https:\/\/nitu.mx\/wp-content\/uploads\/2025\/08\/Ruta-de-la-fe-Monterrey-Parras-Torreon-conferencia-990x557.jpg 990w, https:\/\/nitu.mx\/wp-content\/uploads\/2025\/08\/Ruta-de-la-fe-Monterrey-Parras-Torreon-conferencia-470x264.jpg 470w, https:\/\/nitu.mx\/wp-content\/uploads\/2025\/08\/Ruta-de-la-fe-Monterrey-Parras-Torreon-conferencia-640x360.jpg 640w, https:\/\/nitu.mx\/wp-content\/uploads\/2025\/08\/Ruta-de-la-fe-Monterrey-Parras-Torreon-conferencia-215x120.jpg 215w, https:\/\/nitu.mx\/wp-content\/uploads\/2025\/08\/Ruta-de-la-fe-Monterrey-Parras-Torreon-conferencia-414x232.jpg 414w, https:\/\/nitu.mx\/wp-content\/uploads\/2025\/08\/Ruta-de-la-fe-Monterrey-Parras-Torreon-conferencia.jpg 1200w\" sizes=\"(max-width: 1024px) 100vw, 1024px\" \/><\/figure><\/div>\n\n\n<p>En ese mismo sentido, destac\u00f3 que para garantizar el bienestar de los cancunenses, as\u00ed como de los turistas nacionales e internacionales que visitan el destino, expres\u00f3 que las autoridades de los tres \u00f3rdenes de gobierno ponen en marcha el \u201cOperativo de Seguridad Vacacional\u201d, lo que ha permitido mantener hasta ahora un saldo blanco en los principales periodos de afluencia tur\u00edstica.<\/p>\n\n\n\n<p>El secretario subray\u00f3 que adem\u00e1s de la recuperaci\u00f3n de estos mercados, se trabaja de manera constante en la diversificaci\u00f3n de la oferta tur\u00edstica, que incluye eventos deportivos, salud, de romance, de convenciones, acad\u00e9mico, de negocios, entre otros, as\u00ed como las 6 rutas tur\u00edsticas donde se encuentra la ruta del Sabor, Zofu, Cultura Maya, Caribe, Parques y Luxury.<\/p>\n\n\n\n<p>\u201cGracias a su belleza natural, servicio de alta calidad y tr\u00e1mites matrimoniales seguros, del 100% de bodas que se hacen en M\u00e9xico, el 75% son en Canc\u00fan y en la Riviera Maya\u201d, puntualiz\u00f3. (<a href=\"https:\/\/nitu.mx\/index.php\/2025\/08\/05\/registra-cancun-aumento-de-trafico-en-julio-comparado-con-2024\/\">Registra Canc\u00fan aumento de tr\u00e1fico en julio comparado con 2024<\/a>).<\/p>\n","protected":false},"excerpt":{"rendered":"<p>El titular de la Secretar\u00eda Municipal de Turismo de Benito Ju\u00e1rez (Canc\u00fan), Juan Pablo de Zulueta Razo, inform\u00f3 que en el primer semestre del a\u00f1o se recuper\u00f3 el mercado canadiense, el cual pas\u00f3 del 9% al 16%, con un crecimiento del 7%; mientras que en el caso de Estados Unidos, se registr\u00f3 un aumento del [&hellip;]<\/p>\n","protected":false},"author":17,"featured_media":83111,"comment_status":"closed","ping_status":"closed","sticky":false,"template":"","format":"standard","meta":{"footnotes":""},"categories":[21403],"tags":[5613,43,23726,15202],"yoast_head":"<!-- This site is optimized with the Yoast SEO plugin v22.2 - https:\/\/yoast.com\/wordpress\/plugins\/seo\/ -->\n<title>Canc\u00fan celebra crecimiento de 70% en turismo canadiense en el 1er semestre - Nitu - Noticias de la Industria Turistica<\/title>\n<meta name=\"robots\" content=\"index, follow, max-snippet:-1, max-image-preview:large, max-video-preview:-1\" \/>\n<link rel=\"canonical\" href=\"https:\/\/nitu.mx\/index.php\/2025\/08\/25\/cancun-celebra-crecimiento-de-70-en-turismo-canadiense-en-el-1er-semestre\/\" \/>\n<meta name=\"twitter:card\" content=\"summary_large_image\" \/>\n<meta name=\"twitter:title\" content=\"Canc\u00fan celebra crecimiento de 70% en turismo canadiense en el 1er semestre - Nitu - Noticias de la Industria Turistica\" \/>\n<meta name=\"twitter:description\" content=\"El titular de la Secretar\u00eda Municipal de Turismo de Benito Ju\u00e1rez (Canc\u00fan), Juan Pablo de Zulueta Razo, inform\u00f3 que en el primer semestre del a\u00f1o se recuper\u00f3 el mercado canadiense, el cual pas\u00f3 del 9% al 16%, con un crecimiento del 7%; mientras que en el caso de Estados Unidos, se registr\u00f3 un aumento del [&hellip;]\" \/>\n<meta name=\"twitter:image\" content=\"https:\/\/nitu.mx\/wp-content\/uploads\/2025\/08\/Cancun-vista-aerea.jpg\" \/>\n<meta name=\"twitter:creator\" content=\"@NITUmx\" \/>\n<meta name=\"twitter:site\" content=\"@Arturo_Medina_G\" \/>\n<meta name=\"twitter:label1\" content=\"Escrito por\" \/>\n\t<meta name=\"twitter:data1\" content=\"Redacci\u00f3n\" \/>\n\t<meta name=\"twitter:label2\" content=\"Tiempo de lectura\" \/>\n\t<meta name=\"twitter:data2\" content=\"2 minutos\" \/>\n<script type=\"application\/ld+json\" class=\"yoast-schema-graph\">{\"@context\":\"https:\/\/schema.org\",\"@graph\":[{\"@type\":\"Article\",\"@id\":\"https:\/\/nitu.mx\/index.php\/2025\/08\/25\/cancun-celebra-crecimiento-de-70-en-turismo-canadiense-en-el-1er-semestre\/#article\",\"isPartOf\":{\"@id\":\"https:\/\/nitu.mx\/index.php\/2025\/08\/25\/cancun-celebra-crecimiento-de-70-en-turismo-canadiense-en-el-1er-semestre\/\"},\"author\":{\"name\":\"Redacci\u00f3n\",\"@id\":\"https:\/\/nitu.mx\/#\/schema\/person\/4a28fe9bd65924f7c90623773daf1b0b\"},\"headline\":\"Canc\u00fan celebra crecimiento de 70% en turismo canadiense en el 1er semestre\",\"datePublished\":\"2025-08-26T04:00:00+00:00\",\"dateModified\":\"2025-08-26T14:39:35+00:00\",\"mainEntityOfPage\":{\"@id\":\"https:\/\/nitu.mx\/index.php\/2025\/08\/25\/cancun-celebra-crecimiento-de-70-en-turismo-canadiense-en-el-1er-semestre\/\"},\"wordCount\":330,\"publisher\":{\"@id\":\"https:\/\/nitu.mx\/#\/schema\/person\/ae7a53426417292d3dd07b45a33e01bc\"},\"image\":{\"@id\":\"https:\/\/nitu.mx\/index.php\/2025\/08\/25\/cancun-celebra-crecimiento-de-70-en-turismo-canadiense-en-el-1er-semestre\/#primaryimage\"},\"thumbnailUrl\":\"https:\/\/nitu.mx\/wp-content\/uploads\/2025\/08\/Cancun-vista-aerea.jpg\",\"keywords\":[\"alerta de viaje\",\"Canc\u00fan\",\"Juan Pablo de Zulueta\",\"turismo canadiense\"],\"articleSection\":[\"Canc\u00fan\"],\"inLanguage\":\"es-MX\"},{\"@type\":\"WebPage\",\"@id\":\"https:\/\/nitu.mx\/index.php\/2025\/08\/25\/cancun-celebra-crecimiento-de-70-en-turismo-canadiense-en-el-1er-semestre\/\",\"url\":\"https:\/\/nitu.mx\/index.php\/2025\/08\/25\/cancun-celebra-crecimiento-de-70-en-turismo-canadiense-en-el-1er-semestre\/\",\"name\":\"Canc\u00fan celebra crecimiento de 70% en turismo canadiense en el 1er semestre - Nitu - Noticias de la Industria Turistica\",\"isPartOf\":{\"@id\":\"https:\/\/nitu.mx\/#website\"},\"primaryImageOfPage\":{\"@id\":\"https:\/\/nitu.mx\/index.php\/2025\/08\/25\/cancun-celebra-crecimiento-de-70-en-turismo-canadiense-en-el-1er-semestre\/#primaryimage\"},\"image\":{\"@id\":\"https:\/\/nitu.mx\/index.php\/2025\/08\/25\/cancun-celebra-crecimiento-de-70-en-turismo-canadiense-en-el-1er-semestre\/#primaryimage\"},\"thumbnailUrl\":\"https:\/\/nitu.mx\/wp-content\/uploads\/2025\/08\/Cancun-vista-aerea.jpg\",\"datePublished\":\"2025-08-26T04:00:00+00:00\",\"dateModified\":\"2025-08-26T14:39:35+00:00\",\"breadcrumb\":{\"@id\":\"https:\/\/nitu.mx\/index.php\/2025\/08\/25\/cancun-celebra-crecimiento-de-70-en-turismo-canadiense-en-el-1er-semestre\/#breadcrumb\"},\"inLanguage\":\"es-MX\",\"potentialAction\":[{\"@type\":\"ReadAction\",\"target\":[\"https:\/\/nitu.mx\/index.php\/2025\/08\/25\/cancun-celebra-crecimiento-de-70-en-turismo-canadiense-en-el-1er-semestre\/\"]}]},{\"@type\":\"ImageObject\",\"inLanguage\":\"es-MX\",\"@id\":\"https:\/\/nitu.mx\/index.php\/2025\/08\/25\/cancun-celebra-crecimiento-de-70-en-turismo-canadiense-en-el-1er-semestre\/#primaryimage\",\"url\":\"https:\/\/nitu.mx\/wp-content\/uploads\/2025\/08\/Cancun-vista-aerea.jpg\",\"contentUrl\":\"https:\/\/nitu.mx\/wp-content\/uploads\/2025\/08\/Cancun-vista-aerea.jpg\",\"width\":1200,\"height\":675,\"caption\":\"Canc\u00fan vista a\u00e9rea\"},{\"@type\":\"BreadcrumbList\",\"@id\":\"https:\/\/nitu.mx\/index.php\/2025\/08\/25\/cancun-celebra-crecimiento-de-70-en-turismo-canadiense-en-el-1er-semestre\/#breadcrumb\",\"itemListElement\":[{\"@type\":\"ListItem\",\"position\":1,\"name\":\"Inicio\",\"item\":\"https:\/\/nitu.mx\/\"},{\"@type\":\"ListItem\",\"position\":2,\"name\":\"Canc\u00fan celebra crecimiento de 70% en turismo canadiense en el 1er semestre\"}]},{\"@type\":\"WebSite\",\"@id\":\"https:\/\/nitu.mx\/#website\",\"url\":\"https:\/\/nitu.mx\/\",\"name\":\"Nitu - Noticias de la Industria Turistica\",\"description\":\"Noticias de la Industria Turistica\",\"publisher\":{\"@id\":\"https:\/\/nitu.mx\/#\/schema\/person\/ae7a53426417292d3dd07b45a33e01bc\"},\"alternateName\":\"Noticias de la Industria Turistica\",\"potentialAction\":[{\"@type\":\"SearchAction\",\"target\":{\"@type\":\"EntryPoint\",\"urlTemplate\":\"https:\/\/nitu.mx\/?s={search_term_string}\"},\"query-input\":\"required name=search_term_string\"}],\"inLanguage\":\"es-MX\"},{\"@type\":[\"Person\",\"Organization\"],\"@id\":\"https:\/\/nitu.mx\/#\/schema\/person\/ae7a53426417292d3dd07b45a33e01bc\",\"name\":\"Arturo Medina\",\"image\":{\"@type\":\"ImageObject\",\"inLanguage\":\"es-MX\",\"@id\":\"https:\/\/nitu.mx\/#\/schema\/person\/image\/\",\"url\":\"https:\/\/nitu.mx\/wp-content\/uploads\/2024\/04\/4A315622-1904-4D5C-B022-878CDC840E04-90x90-1.jpeg\",\"contentUrl\":\"https:\/\/nitu.mx\/wp-content\/uploads\/2024\/04\/4A315622-1904-4D5C-B022-878CDC840E04-90x90-1.jpeg\",\"width\":90,\"height\":90,\"caption\":\"Arturo Medina\"},\"logo\":{\"@id\":\"https:\/\/nitu.mx\/#\/schema\/person\/image\/\"},\"description\":\"Director NITU.mx, Egresado de la Escuela de Periodismo Carlos Septi\u00e9n Garc\u00eda. Periodista y analista especializado en turismo desde hace 35 a\u00f1os, radicado en Canc\u00fan Q.Roo. arturo@nitu.mx\",\"sameAs\":[\"https:\/\/nitu.mx\",\"https:\/\/www.facebook.com\/NITUmx\/\",\"medinacancun\",\"https:\/\/twitter.com\/@Arturo_Medina_G\"]},{\"@type\":\"Person\",\"@id\":\"https:\/\/nitu.mx\/#\/schema\/person\/4a28fe9bd65924f7c90623773daf1b0b\",\"name\":\"Redacci\u00f3n\",\"image\":{\"@type\":\"ImageObject\",\"inLanguage\":\"es-MX\",\"@id\":\"https:\/\/nitu.mx\/#\/schema\/person\/image\/\",\"url\":\"https:\/\/secure.gravatar.com\/avatar\/5dd011c8ccfc5cd7e4c81e42252aab38?s=96&d=mm&r=g\",\"contentUrl\":\"https:\/\/secure.gravatar.com\/avatar\/5dd011c8ccfc5cd7e4c81e42252aab38?s=96&d=mm&r=g\",\"caption\":\"Redacci\u00f3n\"},\"url\":\"https:\/\/nitu.mx\/index.php\/author\/redaccion\/\"}]}<\/script>\n<!-- \/ Yoast SEO plugin. -->","yoast_head_json":{"title":"Canc\u00fan celebra crecimiento de 70% en turismo canadiense en el 1er semestre - Nitu - Noticias de la Industria Turistica","robots":{"index":"index","follow":"follow","max-snippet":"max-snippet:-1","max-image-preview":"max-image-preview:large","max-video-preview":"max-video-preview:-1"},"canonical":"https:\/\/nitu.mx\/index.php\/2025\/08\/25\/cancun-celebra-crecimiento-de-70-en-turismo-canadiense-en-el-1er-semestre\/","twitter_card":"summary_large_image","twitter_title":"Canc\u00fan celebra crecimiento de 70% en turismo canadiense en el 1er semestre - Nitu - Noticias de la Industria Turistica","twitter_description":"El titular de la Secretar\u00eda Municipal de Turismo de Benito Ju\u00e1rez (Canc\u00fan), Juan Pablo de Zulueta Razo, inform\u00f3 que en el primer semestre del a\u00f1o se recuper\u00f3 el mercado canadiense, el cual pas\u00f3 del 9% al 16%, con un crecimiento del 7%; mientras que en el caso de Estados Unidos, se registr\u00f3 un aumento del [&hellip;]","twitter_image":"https:\/\/nitu.mx\/wp-content\/uploads\/2025\/08\/Cancun-vista-aerea.jpg","twitter_creator":"@NITUmx","twitter_site":"@Arturo_Medina_G","twitter_misc":{"Escrito por":"Redacci\u00f3n","Tiempo de lectura":"2 minutos"},"schema":{"@context":"https:\/\/schema.org","@graph":[{"@type":"Article","@id":"https:\/\/nitu.mx\/index.php\/2025\/08\/25\/cancun-celebra-crecimiento-de-70-en-turismo-canadiense-en-el-1er-semestre\/#article","isPartOf":{"@id":"https:\/\/nitu.mx\/index.php\/2025\/08\/25\/cancun-celebra-crecimiento-de-70-en-turismo-canadiense-en-el-1er-semestre\/"},"author":{"name":"Redacci\u00f3n","@id":"https:\/\/nitu.mx\/#\/schema\/person\/4a28fe9bd65924f7c90623773daf1b0b"},"headline":"Canc\u00fan celebra crecimiento de 70% en turismo canadiense en el 1er semestre","datePublished":"2025-08-26T04:00:00+00:00","dateModified":"2025-08-26T14:39:35+00:00","mainEntityOfPage":{"@id":"https:\/\/nitu.mx\/index.php\/2025\/08\/25\/cancun-celebra-crecimiento-de-70-en-turismo-canadiense-en-el-1er-semestre\/"},"wordCount":330,"publisher":{"@id":"https:\/\/nitu.mx\/#\/schema\/person\/ae7a53426417292d3dd07b45a33e01bc"},"image":{"@id":"https:\/\/nitu.mx\/index.php\/2025\/08\/25\/cancun-celebra-crecimiento-de-70-en-turismo-canadiense-en-el-1er-semestre\/#primaryimage"},"thumbnailUrl":"https:\/\/nitu.mx\/wp-content\/uploads\/2025\/08\/Cancun-vista-aerea.jpg","keywords":["alerta de viaje","Canc\u00fan","Juan Pablo de Zulueta","turismo canadiense"],"articleSection":["Canc\u00fan"],"inLanguage":"es-MX"},{"@type":"WebPage","@id":"https:\/\/nitu.mx\/index.php\/2025\/08\/25\/cancun-celebra-crecimiento-de-70-en-turismo-canadiense-en-el-1er-semestre\/","url":"https:\/\/nitu.mx\/index.php\/2025\/08\/25\/cancun-celebra-crecimiento-de-70-en-turismo-canadiense-en-el-1er-semestre\/","name":"Canc\u00fan celebra crecimiento de 70% en turismo canadiense en el 1er semestre - Nitu - Noticias de la Industria Turistica","isPartOf":{"@id":"https:\/\/nitu.mx\/#website"},"primaryImageOfPage":{"@id":"https:\/\/nitu.mx\/index.php\/2025\/08\/25\/cancun-celebra-crecimiento-de-70-en-turismo-canadiense-en-el-1er-semestre\/#primaryimage"},"image":{"@id":"https:\/\/nitu.mx\/index.php\/2025\/08\/25\/cancun-celebra-crecimiento-de-70-en-turismo-canadiense-en-el-1er-semestre\/#primaryimage"},"thumbnailUrl":"https:\/\/nitu.mx\/wp-content\/uploads\/2025\/08\/Cancun-vista-aerea.jpg","datePublished":"2025-08-26T04:00:00+00:00","dateModified":"2025-08-26T14:39:35+00:00","breadcrumb":{"@id":"https:\/\/nitu.mx\/index.php\/2025\/08\/25\/cancun-celebra-crecimiento-de-70-en-turismo-canadiense-en-el-1er-semestre\/#breadcrumb"},"inLanguage":"es-MX","potentialAction":[{"@type":"ReadAction","target":["https:\/\/nitu.mx\/index.php\/2025\/08\/25\/cancun-celebra-crecimiento-de-70-en-turismo-canadiense-en-el-1er-semestre\/"]}]},{"@type":"ImageObject","inLanguage":"es-MX","@id":"https:\/\/nitu.mx\/index.php\/2025\/08\/25\/cancun-celebra-crecimiento-de-70-en-turismo-canadiense-en-el-1er-semestre\/#primaryimage","url":"https:\/\/nitu.mx\/wp-content\/uploads\/2025\/08\/Cancun-vista-aerea.jpg","contentUrl":"https:\/\/nitu.mx\/wp-content\/uploads\/2025\/08\/Cancun-vista-aerea.jpg","width":1200,"height":675,"caption":"Canc\u00fan vista a\u00e9rea"},{"@type":"BreadcrumbList","@id":"https:\/\/nitu.mx\/index.php\/2025\/08\/25\/cancun-celebra-crecimiento-de-70-en-turismo-canadiense-en-el-1er-semestre\/#breadcrumb","itemListElement":[{"@type":"ListItem","position":1,"name":"Inicio","item":"https:\/\/nitu.mx\/"},{"@type":"ListItem","position":2,"name":"Canc\u00fan celebra crecimiento de 70% en turismo canadiense en el 1er semestre"}]},{"@type":"WebSite","@id":"https:\/\/nitu.mx\/#website","url":"https:\/\/nitu.mx\/","name":"Nitu - Noticias de la Industria Turistica","description":"Noticias de la Industria Turistica","publisher":{"@id":"https:\/\/nitu.mx\/#\/schema\/person\/ae7a53426417292d3dd07b45a33e01bc"},"alternateName":"Noticias de la Industria Turistica","potentialAction":[{"@type":"SearchAction","target":{"@type":"EntryPoint","urlTemplate":"https:\/\/nitu.mx\/?s={search_term_string}"},"query-input":"required name=search_term_string"}],"inLanguage":"es-MX"},{"@type":["Person","Organization"],"@id":"https:\/\/nitu.mx\/#\/schema\/person\/ae7a53426417292d3dd07b45a33e01bc","name":"Arturo Medina","image":{"@type":"ImageObject","inLanguage":"es-MX","@id":"https:\/\/nitu.mx\/#\/schema\/person\/image\/","url":"https:\/\/nitu.mx\/wp-content\/uploads\/2024\/04\/4A315622-1904-4D5C-B022-878CDC840E04-90x90-1.jpeg","contentUrl":"https:\/\/nitu.mx\/wp-content\/uploads\/2024\/04\/4A315622-1904-4D5C-B022-878CDC840E04-90x90-1.jpeg","width":90,"height":90,"caption":"Arturo Medina"},"logo":{"@id":"https:\/\/nitu.mx\/#\/schema\/person\/image\/"},"description":"Director NITU.mx, Egresado de la Escuela de Periodismo Carlos Septi\u00e9n Garc\u00eda. Periodista y analista especializado en turismo desde hace 35 a\u00f1os, radicado en Canc\u00fan Q.Roo. arturo@nitu.mx","sameAs":["https:\/\/nitu.mx","https:\/\/www.facebook.com\/NITUmx\/","medinacancun","https:\/\/twitter.com\/@Arturo_Medina_G"]},{"@type":"Person","@id":"https:\/\/nitu.mx\/#\/schema\/person\/4a28fe9bd65924f7c90623773daf1b0b","name":"Redacci\u00f3n","image":{"@type":"ImageObject","inLanguage":"es-MX","@id":"https:\/\/nitu.mx\/#\/schema\/person\/image\/","url":"https:\/\/secure.gravatar.com\/avatar\/5dd011c8ccfc5cd7e4c81e42252aab38?s=96&d=mm&r=g","contentUrl":"https:\/\/secure.gravatar.com\/avatar\/5dd011c8ccfc5cd7e4c81e42252aab38?s=96&d=mm&r=g","caption":"Redacci\u00f3n"},"url":"https:\/\/nitu.mx\/index.php\/author\/redaccion\/"}]}},"views":546,"_links":{"self":[{"href":"https:\/\/nitu.mx\/index.php\/wp-json\/wp\/v2\/posts\/83109"}],"collection":[{"href":"https:\/\/nitu.mx\/index.php\/wp-json\/wp\/v2\/posts"}],"about":[{"href":"https:\/\/nitu.mx\/index.php\/wp-json\/wp\/v2\/types\/post"}],"author":[{"embeddable":true,"href":"https:\/\/nitu.mx\/index.php\/wp-json\/wp\/v2\/users\/17"}],"replies":[{"embeddable":true,"href":"https:\/\/nitu.mx\/index.php\/wp-json\/wp\/v2\/comments?post=83109"}],"version-history":[{"count":2,"href":"https:\/\/nitu.mx\/index.php\/wp-json\/wp\/v2\/posts\/83109\/revisions"}],"predecessor-version":[{"id":83126,"href":"https:\/\/nitu.mx\/index.php\/wp-json\/wp\/v2\/posts\/83109\/revisions\/83126"}],"wp:featuredmedia":[{"embeddable":true,"href":"https:\/\/nitu.mx\/index.php\/wp-json\/wp\/v2\/media\/83111"}],"wp:attachment":[{"href":"https:\/\/nitu.mx\/index.php\/wp-json\/wp\/v2\/media?parent=83109"}],"wp:term":[{"taxonomy":"category","embeddable":true,"href":"https:\/\/nitu.mx\/index.php\/wp-json\/wp\/v2\/categories?post=83109"},{"taxonomy":"post_tag","embeddable":true,"href":"https:\/\/nitu.mx\/index.php\/wp-json\/wp\/v2\/tags?post=83109"}],"curies":[{"name":"wp","href":"https:\/\/api.w.org\/{rel}","templated":true}]}}