{"id":83088,"date":"2025-08-25T18:53:11","date_gmt":"2025-08-26T00:53:11","guid":{"rendered":"https:\/\/nitu.mx\/?p=83088"},"modified":"2025-08-25T18:55:41","modified_gmt":"2025-08-26T00:55:41","slug":"mexicana-de-aviacion-estrena-el-embraer-e195-e2-con-vuelo-aifa-tulum","status":"publish","type":"post","link":"https:\/\/nitu.mx\/index.php\/2025\/08\/25\/mexicana-de-aviacion-estrena-el-embraer-e195-e2-con-vuelo-aifa-tulum\/","title":{"rendered":"Mexicana de Aviaci\u00f3n estrena el Embraer E195-E2 con vuelo AIFA-Tulum"},"content":{"rendered":"\n<p>Mexicana de Aviaci\u00f3n celebr\u00f3 la inauguraci\u00f3n del primer vuelo del avi\u00f3n Embraer E195E-2, el cual despeg\u00f3 del Aeropuerto Internacional Felipe \u00c1ngeles (AIFA) a Tulum, Quintana Roo, en una ceremonia encabezada por el director general de la aerol\u00ednea, Leobardo \u00c1vila Boj\u00f3rquez, la secretaria de Turismo federal, Josefina Rodr\u00edguez Zamora, y la titular de Sectur Hidalgo, Elizabeth Quintanar G\u00f3mez. <\/p>\n\n\n\n<p>Este domingo 24 de agosto, la compa\u00f1\u00eda a\u00e9rea recibi\u00f3 en el AIFA el tercer avi\u00f3n de los 20 que se sumar\u00e1n a su nueva flota, este con matr\u00edcula XA-MXC, que se suma a los que tienen las matr\u00edculas: XA-MXA y XA-MXB, aeronaves de \u00faltima generaci\u00f3n con capacidad para 132 pasajeros. <\/p>\n\n\n\n<p>El Embraer E195-E2 esta provisto de tecnolog\u00eda avanzada, para brindar un servicio con los m\u00e1s altos est\u00e1ndares de seguridad y confort para los pasajeros. \u201cLa llegada de esta tercera aeronave, junto a la presencia de las dos recibidas recientemente, en este Aeropuerto Internacional Felipe \u00c1ngeles, refleja que la aerol\u00ednea est\u00e1 lista para conectar a M\u00e9xico a trav\u00e9s de un tri\u00e1ngulo virtuoso: accesibilidad, comodidad y puntualidad,\u201d expres\u00f3 \u00c1vila Boj\u00f3rquez.<\/p>\n\n\n<div class=\"wp-block-image\">\n<figure class=\"alignleft size-large is-resized\"><img decoding=\"async\" loading=\"lazy\" width=\"1024\" height=\"576\" src=\"https:\/\/nitu.mx\/wp-content\/uploads\/2025\/08\/Mexicana-de-Aviacion-Embraer-E195-E-2-estreno-2-1024x576.jpg\" alt=\"\" class=\"wp-image-83098\" style=\"aspect-ratio:1.7777777777777777;width:553px;height:auto\" srcset=\"https:\/\/nitu.mx\/wp-content\/uploads\/2025\/08\/Mexicana-de-Aviacion-Embraer-E195-E-2-estreno-2-1024x576.jpg 1024w, https:\/\/nitu.mx\/wp-content\/uploads\/2025\/08\/Mexicana-de-Aviacion-Embraer-E195-E-2-estreno-2-300x168.jpg 300w, https:\/\/nitu.mx\/wp-content\/uploads\/2025\/08\/Mexicana-de-Aviacion-Embraer-E195-E-2-estreno-2-768x432.jpg 768w, https:\/\/nitu.mx\/wp-content\/uploads\/2025\/08\/Mexicana-de-Aviacion-Embraer-E195-E-2-estreno-2-990x557.jpg 990w, https:\/\/nitu.mx\/wp-content\/uploads\/2025\/08\/Mexicana-de-Aviacion-Embraer-E195-E-2-estreno-2-470x264.jpg 470w, https:\/\/nitu.mx\/wp-content\/uploads\/2025\/08\/Mexicana-de-Aviacion-Embraer-E195-E-2-estreno-2-640x360.jpg 640w, https:\/\/nitu.mx\/wp-content\/uploads\/2025\/08\/Mexicana-de-Aviacion-Embraer-E195-E-2-estreno-2-215x120.jpg 215w, https:\/\/nitu.mx\/wp-content\/uploads\/2025\/08\/Mexicana-de-Aviacion-Embraer-E195-E-2-estreno-2-414x232.jpg 414w, https:\/\/nitu.mx\/wp-content\/uploads\/2025\/08\/Mexicana-de-Aviacion-Embraer-E195-E-2-estreno-2.jpg 1200w\" sizes=\"(max-width: 1024px) 100vw, 1024px\" \/><\/figure><\/div>\n\n\n<p>Mexicana de Aviaci\u00f3n continua con la transici\u00f3n de su flota; con la recepci\u00f3n de dos aeronaves m\u00e1s E195-E2 en los meses de noviembre y diciembre, estar\u00e1 en condiciones de realizar la entrega de los Boeing 737-800 NG a la Fuerza A\u00e9rea Mexicana, con la meta de estar a la vanguardia del sector aeron\u00e1utico. <\/p>\n\n\n\n<p>Por su parte, Rodr\u00edguez Zamora destac\u00f3 que Mexicana de Aviaci\u00f3n ya cuenta con 14 rutas activas y que su crecimiento es constante, al registrar un incremento del 17 por ciento en pasajeros en comparaci\u00f3n con el mismo periodo de 2024.<\/p>\n\n\n\n<p>Enfatiz\u00f3 que la aerol\u00ednea ofrece a los viajeros una experiencia que refleja el orgullo cultural del pa\u00eds, incluso en los uniformes de su tripulaci\u00f3n, confeccionados con textiles que representan las tradiciones mexicanas.<\/p>\n\n\n\n<p>Asimismo, reconoci\u00f3 el crecimiento sostenido del AIFA, que de enero a junio de este a\u00f1o transport\u00f3&nbsp;m\u00e1s de tres millones de pasajeros, consolid\u00e1ndose como un referente internacional en conectividad y turismo.<\/p>\n\n\n\n<p>La secretaria de Turismo federal invit\u00f3 a las y los viajeros a utilizar la aplicaci\u00f3n oficial de Mexicana y las plataformas asociadas, como Expedia, donde ya es posible adquirir boletos y consultar itinerarios de manera \u00e1gil y accesible.<\/p>\n\n\n\n<p>\u201cCon el estreno del EMBRAER E-195, Mexicana refrenda su compromiso con la innovaci\u00f3n, la conectividad y el impulso al turismo, proyectando a M\u00e9xico como un destino cada vez m\u00e1s competitivo en el escenario internacional\u201d, concluy\u00f3. (<a href=\"https:\/\/nitu.mx\/index.php\/2025\/07\/01\/mexicana-de-aviacion-sheinbaum-recibe-el-primero-de-20-embraer-e195-e2-en-el-aifa\/\">Mexicana de Aviaci\u00f3n: Sheinbaum recibe el primero de 20 Embraer E195-E2 en el AIFA<\/a>).<\/p>\n","protected":false},"excerpt":{"rendered":"<p>Mexicana de Aviaci\u00f3n celebr\u00f3 la inauguraci\u00f3n del primer vuelo del avi\u00f3n Embraer E195E-2, el cual despeg\u00f3 del Aeropuerto Internacional Felipe \u00c1ngeles (AIFA) a Tulum, Quintana Roo, en una ceremonia encabezada por el director general de la aerol\u00ednea, Leobardo \u00c1vila Boj\u00f3rquez, la secretaria de Turismo federal, Josefina Rodr\u00edguez Zamora, y la titular de Sectur Hidalgo, Elizabeth [&hellip;]<\/p>\n","protected":false},"author":17,"featured_media":83094,"comment_status":"closed","ping_status":"closed","sticky":false,"template":"","format":"standard","meta":{"footnotes":""},"categories":[29],"tags":[27525,25659,26179,568,93,390],"yoast_head":"<!-- This site is optimized with the Yoast SEO plugin v22.2 - https:\/\/yoast.com\/wordpress\/plugins\/seo\/ -->\n<title>Mexicana de Aviaci\u00f3n estrena el Embraer E195-E2 con vuelo AIFA-Tulum - Nitu - Noticias de la Industria Turistica<\/title>\n<meta name=\"robots\" content=\"index, follow, max-snippet:-1, max-image-preview:large, max-video-preview:-1\" \/>\n<link rel=\"canonical\" href=\"https:\/\/nitu.mx\/index.php\/2025\/08\/25\/mexicana-de-aviacion-estrena-el-embraer-e195-e2-con-vuelo-aifa-tulum\/\" \/>\n<meta name=\"twitter:card\" content=\"summary_large_image\" \/>\n<meta name=\"twitter:title\" content=\"Mexicana de Aviaci\u00f3n estrena el Embraer E195-E2 con vuelo AIFA-Tulum - Nitu - Noticias de la Industria Turistica\" \/>\n<meta name=\"twitter:description\" content=\"Mexicana de Aviaci\u00f3n celebr\u00f3 la inauguraci\u00f3n del primer vuelo del avi\u00f3n Embraer E195E-2, el cual despeg\u00f3 del Aeropuerto Internacional Felipe \u00c1ngeles (AIFA) a Tulum, Quintana Roo, en una ceremonia encabezada por el director general de la aerol\u00ednea, Leobardo \u00c1vila Boj\u00f3rquez, la secretaria de Turismo federal, Josefina Rodr\u00edguez Zamora, y la titular de Sectur Hidalgo, Elizabeth [&hellip;]\" \/>\n<meta name=\"twitter:image\" content=\"https:\/\/nitu.mx\/wp-content\/uploads\/2025\/08\/Mexicana-de-Aviacion-Embraer-E195-E-2-estreno.jpg\" \/>\n<meta name=\"twitter:creator\" content=\"@NITUmx\" \/>\n<meta name=\"twitter:site\" content=\"@Arturo_Medina_G\" \/>\n<meta name=\"twitter:label1\" content=\"Escrito por\" \/>\n\t<meta name=\"twitter:data1\" content=\"Redacci\u00f3n\" \/>\n\t<meta name=\"twitter:label2\" content=\"Tiempo de lectura\" \/>\n\t<meta name=\"twitter:data2\" content=\"2 minutos\" \/>\n<script type=\"application\/ld+json\" class=\"yoast-schema-graph\">{\"@context\":\"https:\/\/schema.org\",\"@graph\":[{\"@type\":\"Article\",\"@id\":\"https:\/\/nitu.mx\/index.php\/2025\/08\/25\/mexicana-de-aviacion-estrena-el-embraer-e195-e2-con-vuelo-aifa-tulum\/#article\",\"isPartOf\":{\"@id\":\"https:\/\/nitu.mx\/index.php\/2025\/08\/25\/mexicana-de-aviacion-estrena-el-embraer-e195-e2-con-vuelo-aifa-tulum\/\"},\"author\":{\"name\":\"Redacci\u00f3n\",\"@id\":\"https:\/\/nitu.mx\/#\/schema\/person\/4a28fe9bd65924f7c90623773daf1b0b\"},\"headline\":\"Mexicana de Aviaci\u00f3n estrena el Embraer E195-E2 con vuelo AIFA-Tulum\",\"datePublished\":\"2025-08-26T00:53:11+00:00\",\"dateModified\":\"2025-08-26T00:55:41+00:00\",\"mainEntityOfPage\":{\"@id\":\"https:\/\/nitu.mx\/index.php\/2025\/08\/25\/mexicana-de-aviacion-estrena-el-embraer-e195-e2-con-vuelo-aifa-tulum\/\"},\"wordCount\":470,\"publisher\":{\"@id\":\"https:\/\/nitu.mx\/#\/schema\/person\/ae7a53426417292d3dd07b45a33e01bc\"},\"image\":{\"@id\":\"https:\/\/nitu.mx\/index.php\/2025\/08\/25\/mexicana-de-aviacion-estrena-el-embraer-e195-e2-con-vuelo-aifa-tulum\/#primaryimage\"},\"thumbnailUrl\":\"https:\/\/nitu.mx\/wp-content\/uploads\/2025\/08\/Mexicana-de-Aviacion-Embraer-E195-E-2-estreno.jpg\",\"keywords\":[\"Embraer E195\",\"Josefina Rodr\u00edguez\",\"Leobardo \u00c1vila\",\"Mexicana de Aviaci\u00f3n\",\"Sectur\",\"Tulum\"],\"articleSection\":[\"Aerol\u00edneas\"],\"inLanguage\":\"es-MX\"},{\"@type\":\"WebPage\",\"@id\":\"https:\/\/nitu.mx\/index.php\/2025\/08\/25\/mexicana-de-aviacion-estrena-el-embraer-e195-e2-con-vuelo-aifa-tulum\/\",\"url\":\"https:\/\/nitu.mx\/index.php\/2025\/08\/25\/mexicana-de-aviacion-estrena-el-embraer-e195-e2-con-vuelo-aifa-tulum\/\",\"name\":\"Mexicana de Aviaci\u00f3n estrena el Embraer E195-E2 con vuelo AIFA-Tulum - Nitu - Noticias de la Industria Turistica\",\"isPartOf\":{\"@id\":\"https:\/\/nitu.mx\/#website\"},\"primaryImageOfPage\":{\"@id\":\"https:\/\/nitu.mx\/index.php\/2025\/08\/25\/mexicana-de-aviacion-estrena-el-embraer-e195-e2-con-vuelo-aifa-tulum\/#primaryimage\"},\"image\":{\"@id\":\"https:\/\/nitu.mx\/index.php\/2025\/08\/25\/mexicana-de-aviacion-estrena-el-embraer-e195-e2-con-vuelo-aifa-tulum\/#primaryimage\"},\"thumbnailUrl\":\"https:\/\/nitu.mx\/wp-content\/uploads\/2025\/08\/Mexicana-de-Aviacion-Embraer-E195-E-2-estreno.jpg\",\"datePublished\":\"2025-08-26T00:53:11+00:00\",\"dateModified\":\"2025-08-26T00:55:41+00:00\",\"breadcrumb\":{\"@id\":\"https:\/\/nitu.mx\/index.php\/2025\/08\/25\/mexicana-de-aviacion-estrena-el-embraer-e195-e2-con-vuelo-aifa-tulum\/#breadcrumb\"},\"inLanguage\":\"es-MX\",\"potentialAction\":[{\"@type\":\"ReadAction\",\"target\":[\"https:\/\/nitu.mx\/index.php\/2025\/08\/25\/mexicana-de-aviacion-estrena-el-embraer-e195-e2-con-vuelo-aifa-tulum\/\"]}]},{\"@type\":\"ImageObject\",\"inLanguage\":\"es-MX\",\"@id\":\"https:\/\/nitu.mx\/index.php\/2025\/08\/25\/mexicana-de-aviacion-estrena-el-embraer-e195-e2-con-vuelo-aifa-tulum\/#primaryimage\",\"url\":\"https:\/\/nitu.mx\/wp-content\/uploads\/2025\/08\/Mexicana-de-Aviacion-Embraer-E195-E-2-estreno.jpg\",\"contentUrl\":\"https:\/\/nitu.mx\/wp-content\/uploads\/2025\/08\/Mexicana-de-Aviacion-Embraer-E195-E-2-estreno.jpg\",\"width\":1200,\"height\":675,\"caption\":\"Mexicana de Aviaci\u00f3n Embraer E195 E-2 estreno\"},{\"@type\":\"BreadcrumbList\",\"@id\":\"https:\/\/nitu.mx\/index.php\/2025\/08\/25\/mexicana-de-aviacion-estrena-el-embraer-e195-e2-con-vuelo-aifa-tulum\/#breadcrumb\",\"itemListElement\":[{\"@type\":\"ListItem\",\"position\":1,\"name\":\"Inicio\",\"item\":\"https:\/\/nitu.mx\/\"},{\"@type\":\"ListItem\",\"position\":2,\"name\":\"Mexicana de Aviaci\u00f3n estrena el Embraer E195-E2 con vuelo AIFA-Tulum\"}]},{\"@type\":\"WebSite\",\"@id\":\"https:\/\/nitu.mx\/#website\",\"url\":\"https:\/\/nitu.mx\/\",\"name\":\"Nitu - Noticias de la Industria Turistica\",\"description\":\"Noticias de la Industria Turistica\",\"publisher\":{\"@id\":\"https:\/\/nitu.mx\/#\/schema\/person\/ae7a53426417292d3dd07b45a33e01bc\"},\"alternateName\":\"Noticias de la Industria Turistica\",\"potentialAction\":[{\"@type\":\"SearchAction\",\"target\":{\"@type\":\"EntryPoint\",\"urlTemplate\":\"https:\/\/nitu.mx\/?s={search_term_string}\"},\"query-input\":\"required name=search_term_string\"}],\"inLanguage\":\"es-MX\"},{\"@type\":[\"Person\",\"Organization\"],\"@id\":\"https:\/\/nitu.mx\/#\/schema\/person\/ae7a53426417292d3dd07b45a33e01bc\",\"name\":\"Arturo Medina\",\"image\":{\"@type\":\"ImageObject\",\"inLanguage\":\"es-MX\",\"@id\":\"https:\/\/nitu.mx\/#\/schema\/person\/image\/\",\"url\":\"https:\/\/nitu.mx\/wp-content\/uploads\/2024\/04\/4A315622-1904-4D5C-B022-878CDC840E04-90x90-1.jpeg\",\"contentUrl\":\"https:\/\/nitu.mx\/wp-content\/uploads\/2024\/04\/4A315622-1904-4D5C-B022-878CDC840E04-90x90-1.jpeg\",\"width\":90,\"height\":90,\"caption\":\"Arturo Medina\"},\"logo\":{\"@id\":\"https:\/\/nitu.mx\/#\/schema\/person\/image\/\"},\"description\":\"Director NITU.mx, Egresado de la Escuela de Periodismo Carlos Septi\u00e9n Garc\u00eda. Periodista y analista especializado en turismo desde hace 35 a\u00f1os, radicado en Canc\u00fan Q.Roo. arturo@nitu.mx\",\"sameAs\":[\"https:\/\/nitu.mx\",\"https:\/\/www.facebook.com\/NITUmx\/\",\"medinacancun\",\"https:\/\/twitter.com\/@Arturo_Medina_G\"]},{\"@type\":\"Person\",\"@id\":\"https:\/\/nitu.mx\/#\/schema\/person\/4a28fe9bd65924f7c90623773daf1b0b\",\"name\":\"Redacci\u00f3n\",\"image\":{\"@type\":\"ImageObject\",\"inLanguage\":\"es-MX\",\"@id\":\"https:\/\/nitu.mx\/#\/schema\/person\/image\/\",\"url\":\"https:\/\/secure.gravatar.com\/avatar\/5dd011c8ccfc5cd7e4c81e42252aab38?s=96&d=mm&r=g\",\"contentUrl\":\"https:\/\/secure.gravatar.com\/avatar\/5dd011c8ccfc5cd7e4c81e42252aab38?s=96&d=mm&r=g\",\"caption\":\"Redacci\u00f3n\"},\"url\":\"https:\/\/nitu.mx\/index.php\/author\/redaccion\/\"}]}<\/script>\n<!-- \/ Yoast SEO plugin. -->","yoast_head_json":{"title":"Mexicana de Aviaci\u00f3n estrena el Embraer E195-E2 con vuelo AIFA-Tulum - Nitu - Noticias de la Industria Turistica","robots":{"index":"index","follow":"follow","max-snippet":"max-snippet:-1","max-image-preview":"max-image-preview:large","max-video-preview":"max-video-preview:-1"},"canonical":"https:\/\/nitu.mx\/index.php\/2025\/08\/25\/mexicana-de-aviacion-estrena-el-embraer-e195-e2-con-vuelo-aifa-tulum\/","twitter_card":"summary_large_image","twitter_title":"Mexicana de Aviaci\u00f3n estrena el Embraer E195-E2 con vuelo AIFA-Tulum - Nitu - Noticias de la Industria Turistica","twitter_description":"Mexicana de Aviaci\u00f3n celebr\u00f3 la inauguraci\u00f3n del primer vuelo del avi\u00f3n Embraer E195E-2, el cual despeg\u00f3 del Aeropuerto Internacional Felipe \u00c1ngeles (AIFA) a Tulum, Quintana Roo, en una ceremonia encabezada por el director general de la aerol\u00ednea, Leobardo \u00c1vila Boj\u00f3rquez, la secretaria de Turismo federal, Josefina Rodr\u00edguez Zamora, y la titular de Sectur Hidalgo, Elizabeth [&hellip;]","twitter_image":"https:\/\/nitu.mx\/wp-content\/uploads\/2025\/08\/Mexicana-de-Aviacion-Embraer-E195-E-2-estreno.jpg","twitter_creator":"@NITUmx","twitter_site":"@Arturo_Medina_G","twitter_misc":{"Escrito por":"Redacci\u00f3n","Tiempo de lectura":"2 minutos"},"schema":{"@context":"https:\/\/schema.org","@graph":[{"@type":"Article","@id":"https:\/\/nitu.mx\/index.php\/2025\/08\/25\/mexicana-de-aviacion-estrena-el-embraer-e195-e2-con-vuelo-aifa-tulum\/#article","isPartOf":{"@id":"https:\/\/nitu.mx\/index.php\/2025\/08\/25\/mexicana-de-aviacion-estrena-el-embraer-e195-e2-con-vuelo-aifa-tulum\/"},"author":{"name":"Redacci\u00f3n","@id":"https:\/\/nitu.mx\/#\/schema\/person\/4a28fe9bd65924f7c90623773daf1b0b"},"headline":"Mexicana de Aviaci\u00f3n estrena el Embraer E195-E2 con vuelo AIFA-Tulum","datePublished":"2025-08-26T00:53:11+00:00","dateModified":"2025-08-26T00:55:41+00:00","mainEntityOfPage":{"@id":"https:\/\/nitu.mx\/index.php\/2025\/08\/25\/mexicana-de-aviacion-estrena-el-embraer-e195-e2-con-vuelo-aifa-tulum\/"},"wordCount":470,"publisher":{"@id":"https:\/\/nitu.mx\/#\/schema\/person\/ae7a53426417292d3dd07b45a33e01bc"},"image":{"@id":"https:\/\/nitu.mx\/index.php\/2025\/08\/25\/mexicana-de-aviacion-estrena-el-embraer-e195-e2-con-vuelo-aifa-tulum\/#primaryimage"},"thumbnailUrl":"https:\/\/nitu.mx\/wp-content\/uploads\/2025\/08\/Mexicana-de-Aviacion-Embraer-E195-E-2-estreno.jpg","keywords":["Embraer E195","Josefina Rodr\u00edguez","Leobardo \u00c1vila","Mexicana de Aviaci\u00f3n","Sectur","Tulum"],"articleSection":["Aerol\u00edneas"],"inLanguage":"es-MX"},{"@type":"WebPage","@id":"https:\/\/nitu.mx\/index.php\/2025\/08\/25\/mexicana-de-aviacion-estrena-el-embraer-e195-e2-con-vuelo-aifa-tulum\/","url":"https:\/\/nitu.mx\/index.php\/2025\/08\/25\/mexicana-de-aviacion-estrena-el-embraer-e195-e2-con-vuelo-aifa-tulum\/","name":"Mexicana de Aviaci\u00f3n estrena el Embraer E195-E2 con vuelo AIFA-Tulum - Nitu - Noticias de la Industria Turistica","isPartOf":{"@id":"https:\/\/nitu.mx\/#website"},"primaryImageOfPage":{"@id":"https:\/\/nitu.mx\/index.php\/2025\/08\/25\/mexicana-de-aviacion-estrena-el-embraer-e195-e2-con-vuelo-aifa-tulum\/#primaryimage"},"image":{"@id":"https:\/\/nitu.mx\/index.php\/2025\/08\/25\/mexicana-de-aviacion-estrena-el-embraer-e195-e2-con-vuelo-aifa-tulum\/#primaryimage"},"thumbnailUrl":"https:\/\/nitu.mx\/wp-content\/uploads\/2025\/08\/Mexicana-de-Aviacion-Embraer-E195-E-2-estreno.jpg","datePublished":"2025-08-26T00:53:11+00:00","dateModified":"2025-08-26T00:55:41+00:00","breadcrumb":{"@id":"https:\/\/nitu.mx\/index.php\/2025\/08\/25\/mexicana-de-aviacion-estrena-el-embraer-e195-e2-con-vuelo-aifa-tulum\/#breadcrumb"},"inLanguage":"es-MX","potentialAction":[{"@type":"ReadAction","target":["https:\/\/nitu.mx\/index.php\/2025\/08\/25\/mexicana-de-aviacion-estrena-el-embraer-e195-e2-con-vuelo-aifa-tulum\/"]}]},{"@type":"ImageObject","inLanguage":"es-MX","@id":"https:\/\/nitu.mx\/index.php\/2025\/08\/25\/mexicana-de-aviacion-estrena-el-embraer-e195-e2-con-vuelo-aifa-tulum\/#primaryimage","url":"https:\/\/nitu.mx\/wp-content\/uploads\/2025\/08\/Mexicana-de-Aviacion-Embraer-E195-E-2-estreno.jpg","contentUrl":"https:\/\/nitu.mx\/wp-content\/uploads\/2025\/08\/Mexicana-de-Aviacion-Embraer-E195-E-2-estreno.jpg","width":1200,"height":675,"caption":"Mexicana de Aviaci\u00f3n Embraer E195 E-2 estreno"},{"@type":"BreadcrumbList","@id":"https:\/\/nitu.mx\/index.php\/2025\/08\/25\/mexicana-de-aviacion-estrena-el-embraer-e195-e2-con-vuelo-aifa-tulum\/#breadcrumb","itemListElement":[{"@type":"ListItem","position":1,"name":"Inicio","item":"https:\/\/nitu.mx\/"},{"@type":"ListItem","position":2,"name":"Mexicana de Aviaci\u00f3n estrena el Embraer E195-E2 con vuelo AIFA-Tulum"}]},{"@type":"WebSite","@id":"https:\/\/nitu.mx\/#website","url":"https:\/\/nitu.mx\/","name":"Nitu - Noticias de la Industria Turistica","description":"Noticias de la Industria Turistica","publisher":{"@id":"https:\/\/nitu.mx\/#\/schema\/person\/ae7a53426417292d3dd07b45a33e01bc"},"alternateName":"Noticias de la Industria Turistica","potentialAction":[{"@type":"SearchAction","target":{"@type":"EntryPoint","urlTemplate":"https:\/\/nitu.mx\/?s={search_term_string}"},"query-input":"required name=search_term_string"}],"inLanguage":"es-MX"},{"@type":["Person","Organization"],"@id":"https:\/\/nitu.mx\/#\/schema\/person\/ae7a53426417292d3dd07b45a33e01bc","name":"Arturo Medina","image":{"@type":"ImageObject","inLanguage":"es-MX","@id":"https:\/\/nitu.mx\/#\/schema\/person\/image\/","url":"https:\/\/nitu.mx\/wp-content\/uploads\/2024\/04\/4A315622-1904-4D5C-B022-878CDC840E04-90x90-1.jpeg","contentUrl":"https:\/\/nitu.mx\/wp-content\/uploads\/2024\/04\/4A315622-1904-4D5C-B022-878CDC840E04-90x90-1.jpeg","width":90,"height":90,"caption":"Arturo Medina"},"logo":{"@id":"https:\/\/nitu.mx\/#\/schema\/person\/image\/"},"description":"Director NITU.mx, Egresado de la Escuela de Periodismo Carlos Septi\u00e9n Garc\u00eda. Periodista y analista especializado en turismo desde hace 35 a\u00f1os, radicado en Canc\u00fan Q.Roo. arturo@nitu.mx","sameAs":["https:\/\/nitu.mx","https:\/\/www.facebook.com\/NITUmx\/","medinacancun","https:\/\/twitter.com\/@Arturo_Medina_G"]},{"@type":"Person","@id":"https:\/\/nitu.mx\/#\/schema\/person\/4a28fe9bd65924f7c90623773daf1b0b","name":"Redacci\u00f3n","image":{"@type":"ImageObject","inLanguage":"es-MX","@id":"https:\/\/nitu.mx\/#\/schema\/person\/image\/","url":"https:\/\/secure.gravatar.com\/avatar\/5dd011c8ccfc5cd7e4c81e42252aab38?s=96&d=mm&r=g","contentUrl":"https:\/\/secure.gravatar.com\/avatar\/5dd011c8ccfc5cd7e4c81e42252aab38?s=96&d=mm&r=g","caption":"Redacci\u00f3n"},"url":"https:\/\/nitu.mx\/index.php\/author\/redaccion\/"}]}},"views":510,"_links":{"self":[{"href":"https:\/\/nitu.mx\/index.php\/wp-json\/wp\/v2\/posts\/83088"}],"collection":[{"href":"https:\/\/nitu.mx\/index.php\/wp-json\/wp\/v2\/posts"}],"about":[{"href":"https:\/\/nitu.mx\/index.php\/wp-json\/wp\/v2\/types\/post"}],"author":[{"embeddable":true,"href":"https:\/\/nitu.mx\/index.php\/wp-json\/wp\/v2\/users\/17"}],"replies":[{"embeddable":true,"href":"https:\/\/nitu.mx\/index.php\/wp-json\/wp\/v2\/comments?post=83088"}],"version-history":[{"count":4,"href":"https:\/\/nitu.mx\/index.php\/wp-json\/wp\/v2\/posts\/83088\/revisions"}],"predecessor-version":[{"id":83099,"href":"https:\/\/nitu.mx\/index.php\/wp-json\/wp\/v2\/posts\/83088\/revisions\/83099"}],"wp:featuredmedia":[{"embeddable":true,"href":"https:\/\/nitu.mx\/index.php\/wp-json\/wp\/v2\/media\/83094"}],"wp:attachment":[{"href":"https:\/\/nitu.mx\/index.php\/wp-json\/wp\/v2\/media?parent=83088"}],"wp:term":[{"taxonomy":"category","embeddable":true,"href":"https:\/\/nitu.mx\/index.php\/wp-json\/wp\/v2\/categories?post=83088"},{"taxonomy":"post_tag","embeddable":true,"href":"https:\/\/nitu.mx\/index.php\/wp-json\/wp\/v2\/tags?post=83088"}],"curies":[{"name":"wp","href":"https:\/\/api.w.org\/{rel}","templated":true}]}}