{"id":83030,"date":"2025-08-21T22:00:00","date_gmt":"2025-08-22T04:00:00","guid":{"rendered":"https:\/\/nitu.mx\/?p=83030"},"modified":"2025-08-21T21:49:38","modified_gmt":"2025-08-22T03:49:38","slug":"puebla-apuesta-por-la-industria-de-reuniones-y-el-turismo-mice-en-ibtm-americas","status":"publish","type":"post","link":"https:\/\/nitu.mx\/index.php\/2025\/08\/21\/puebla-apuesta-por-la-industria-de-reuniones-y-el-turismo-mice-en-ibtm-americas\/","title":{"rendered":"Puebla apuesta por la industria de reuniones y el turismo MICE en IBTM Americas"},"content":{"rendered":"\n<p>La titular de la Secretar\u00eda de Desarrollo Tur\u00edstico de Puebla, Carla L\u00f3pez-Malo Villal\u00f3n, particip\u00f3 en IBTM Americas 2025, uno de los encuentros m\u00e1s importantes de la industria de reuniones de Latinoam\u00e9rica, en donde encabez\u00f3 la comitiva estatal que sostuvo m\u00e1s de 40 citas de negocio y entrevistas con medios especializados.<\/p>\n\n\n\n<p>La participaci\u00f3n del estado de Puebla en IBTM Americas representa una oportunidad estrat\u00e9gica para consolidarse como un destino clave dentro de la industria global de reuniones, congresos, convenciones e incentivos.<\/p>\n\n\n\n<p>Acompa\u00f1aron a la comitiva de Puebla diversas asociaciones como: Vive Puebla, Conexa, Tur\u00edsticos Poblanos y Tip Tours. Adem\u00e1s, se realizar\u00e1 un viaje de familiarizaci\u00f3n con diferentes PCOs a nivel nacional e internacional, esto con el objetivo de traer m\u00e1s eventos hacia Puebla.<\/p>\n\n\n\n<p>La derrama que genera el turismo de reuniones en Puebla es muy significativa. Los datos para 2024 indican una salud econ\u00f3mica robusta para este segmento, consolidando su recuperaci\u00f3n y mostrando un crecimiento en valor.<\/p>\n\n\n\n<p>En este a\u00f1o, Puebla ser\u00e1 sede del Congreso Nacional de la Industria de Reuniones (CNIR) 2025, que se llevar\u00e1 a cabo del 24 al 27 de septiembre.<\/p>\n\n\n\n<p>Eventos como el CNIR no solo promueven la industria de reuniones, sino que generan beneficios directos e indirectos en la cadena productiva: hoteler\u00eda, restaurantes, transportistas, gu\u00edas, producci\u00f3n audiovisual, log\u00edstica y muchos m\u00e1s.<\/p>\n\n\n\n<p>Tan solo con esta edici\u00f3n del congreso se estima una derrama econ\u00f3mica de m\u00e1s de 20 millones de pesos, lo cual representa un impacto significativo para la econom\u00eda local y la comunidad. <a href=\"https:\/\/nitu.mx\/index.php\/2025\/07\/30\/puebla-lanza-su-nueva-marca-turistica-puebla-el-latido-de-mexico\/\">(Puebla lanza su nueva marca tur\u00edstica \u201cPuebla, el Latido de M\u00e9xico\u201d<\/a>).<\/p>\n\n\n\n<p>Entre los recintos de primer nivel con que cuenta Puebla para recibir importantes eventos, se encuentran: <\/p>\n\n\n\n<p><strong>Centro Expositor<\/strong><\/p>\n\n\n\n<p>Ubicado en la zona hist\u00f3rica de Los Fuertes, tiene una capacidad total de 59 mil 198 personas y est\u00e1 a solo 10 minutos del Z\u00f3calo. El Centro Expositor cuenta con el sal\u00f3n de exposiciones -sin columnas- m\u00e1s grande de todo M\u00e9xico con 40 mil metros cuadrados. Es sede de m\u00faltiples eventos, congresos, convenciones y exposiciones nacionales e internacionales. Adem\u00e1s, este espacio se encuentra equipado con la m\u00e1s alta tecnolog\u00eda lo que lo coloca a la vanguardia y opci\u00f3n extraordinaria para m\u00faltiples eventos.<\/p>\n\n\n\n<p><strong>Centro de Convenciones<\/strong><\/p>\n\n\n\n<p>Con capacidad total de 6 mil 279 personas, el Centro de Convenciones es un espacio que apoya el desarrollo cultural, tur\u00edstico y comercial de Puebla y sus alrededores. Fue instalado sobre edificios de antiguas f\u00e1bricas textiles, respetando su esencia y abarcando un espacio de una hect\u00e1rea, con una construcci\u00f3n de 33 mil metros cuadrados. Se ubica en el Centro Hist\u00f3rico de la ciudad, siendo un desarrollo que logra el balance entre lo cultural y antiguo con lo moderno y comercial.<\/p>\n\n\n\n<p><strong>Ex Hacienda de Chautla<\/strong><\/p>\n\n\n\n<p>Este bello lugar de una capacidad total de mil 950 personas sirve como destino de visita, pero tambi\u00e9n para la realizaci\u00f3n de eventos y convenciones. Tiene capacidad para albergar a mil 950 personas, as\u00ed como para recibir grupos de 20 hasta 180 personas en su \u00e1rea de campamento.<\/p>\n\n\n\n<p><strong>Auditorio Metropolitano<\/strong><\/p>\n\n\n\n<p>Cuenta con 6 mil asientos y 10 mil metros cuadrados de explanada. La fachada de cristal templado y herrajes de acero dan una imagen de total modernidad al escenario m\u00e1s importante del estado, en este recinto se presentan todo tipo de espect\u00e1culos y eventos de gran magnitud. <\/p>\n","protected":false},"excerpt":{"rendered":"<p>La titular de la Secretar\u00eda de Desarrollo Tur\u00edstico de Puebla, Carla L\u00f3pez-Malo Villal\u00f3n, particip\u00f3 en IBTM Americas 2025, uno de los encuentros m\u00e1s importantes de la industria de reuniones de Latinoam\u00e9rica, en donde encabez\u00f3 la comitiva estatal que sostuvo m\u00e1s de 40 citas de negocio y entrevistas con medios especializados. La participaci\u00f3n del estado de [&hellip;]<\/p>\n","protected":false},"author":17,"featured_media":83034,"comment_status":"closed","ping_status":"closed","sticky":false,"template":"","format":"standard","meta":{"footnotes":""},"categories":[5],"tags":[27545,10650,4526,970,62],"yoast_head":"<!-- This site is optimized with the Yoast SEO plugin v22.2 - https:\/\/yoast.com\/wordpress\/plugins\/seo\/ -->\n<title>Puebla apuesta por la industria de reuniones y el turismo MICE en IBTM Americas - Nitu - Noticias de la Industria Turistica<\/title>\n<meta name=\"robots\" content=\"index, follow, max-snippet:-1, max-image-preview:large, max-video-preview:-1\" \/>\n<link rel=\"canonical\" href=\"https:\/\/nitu.mx\/index.php\/2025\/08\/21\/puebla-apuesta-por-la-industria-de-reuniones-y-el-turismo-mice-en-ibtm-americas\/\" \/>\n<meta name=\"twitter:card\" content=\"summary_large_image\" \/>\n<meta name=\"twitter:title\" content=\"Puebla apuesta por la industria de reuniones y el turismo MICE en IBTM Americas - Nitu - Noticias de la Industria Turistica\" \/>\n<meta name=\"twitter:description\" content=\"La titular de la Secretar\u00eda de Desarrollo Tur\u00edstico de Puebla, Carla L\u00f3pez-Malo Villal\u00f3n, particip\u00f3 en IBTM Americas 2025, uno de los encuentros m\u00e1s importantes de la industria de reuniones de Latinoam\u00e9rica, en donde encabez\u00f3 la comitiva estatal que sostuvo m\u00e1s de 40 citas de negocio y entrevistas con medios especializados. La participaci\u00f3n del estado de [&hellip;]\" \/>\n<meta name=\"twitter:image\" content=\"https:\/\/nitu.mx\/wp-content\/uploads\/2025\/08\/Puebla-IBTM-Americas-2025.jpg\" \/>\n<meta name=\"twitter:creator\" content=\"@NITUmx\" \/>\n<meta name=\"twitter:site\" content=\"@Arturo_Medina_G\" \/>\n<meta name=\"twitter:label1\" content=\"Escrito por\" \/>\n\t<meta name=\"twitter:data1\" content=\"Redacci\u00f3n\" \/>\n\t<meta name=\"twitter:label2\" content=\"Tiempo de lectura\" \/>\n\t<meta name=\"twitter:data2\" content=\"3 minutos\" \/>\n<script type=\"application\/ld+json\" class=\"yoast-schema-graph\">{\"@context\":\"https:\/\/schema.org\",\"@graph\":[{\"@type\":\"Article\",\"@id\":\"https:\/\/nitu.mx\/index.php\/2025\/08\/21\/puebla-apuesta-por-la-industria-de-reuniones-y-el-turismo-mice-en-ibtm-americas\/#article\",\"isPartOf\":{\"@id\":\"https:\/\/nitu.mx\/index.php\/2025\/08\/21\/puebla-apuesta-por-la-industria-de-reuniones-y-el-turismo-mice-en-ibtm-americas\/\"},\"author\":{\"name\":\"Redacci\u00f3n\",\"@id\":\"https:\/\/nitu.mx\/#\/schema\/person\/4a28fe9bd65924f7c90623773daf1b0b\"},\"headline\":\"Puebla apuesta por la industria de reuniones y el turismo MICE en IBTM Americas\",\"datePublished\":\"2025-08-22T04:00:00+00:00\",\"dateModified\":\"2025-08-22T03:49:38+00:00\",\"mainEntityOfPage\":{\"@id\":\"https:\/\/nitu.mx\/index.php\/2025\/08\/21\/puebla-apuesta-por-la-industria-de-reuniones-y-el-turismo-mice-en-ibtm-americas\/\"},\"wordCount\":584,\"publisher\":{\"@id\":\"https:\/\/nitu.mx\/#\/schema\/person\/ae7a53426417292d3dd07b45a33e01bc\"},\"image\":{\"@id\":\"https:\/\/nitu.mx\/index.php\/2025\/08\/21\/puebla-apuesta-por-la-industria-de-reuniones-y-el-turismo-mice-en-ibtm-americas\/#primaryimage\"},\"thumbnailUrl\":\"https:\/\/nitu.mx\/wp-content\/uploads\/2025\/08\/Puebla-IBTM-Americas-2025.jpg\",\"keywords\":[\"Carla L\u00f3pez-Malo\",\"IBTM Americas\",\"Industria de Reuniones\",\"MICE\",\"Puebla\"],\"articleSection\":[\"Destinos\"],\"inLanguage\":\"es-MX\"},{\"@type\":\"WebPage\",\"@id\":\"https:\/\/nitu.mx\/index.php\/2025\/08\/21\/puebla-apuesta-por-la-industria-de-reuniones-y-el-turismo-mice-en-ibtm-americas\/\",\"url\":\"https:\/\/nitu.mx\/index.php\/2025\/08\/21\/puebla-apuesta-por-la-industria-de-reuniones-y-el-turismo-mice-en-ibtm-americas\/\",\"name\":\"Puebla apuesta por la industria de reuniones y el turismo MICE en IBTM Americas - Nitu - Noticias de la Industria Turistica\",\"isPartOf\":{\"@id\":\"https:\/\/nitu.mx\/#website\"},\"primaryImageOfPage\":{\"@id\":\"https:\/\/nitu.mx\/index.php\/2025\/08\/21\/puebla-apuesta-por-la-industria-de-reuniones-y-el-turismo-mice-en-ibtm-americas\/#primaryimage\"},\"image\":{\"@id\":\"https:\/\/nitu.mx\/index.php\/2025\/08\/21\/puebla-apuesta-por-la-industria-de-reuniones-y-el-turismo-mice-en-ibtm-americas\/#primaryimage\"},\"thumbnailUrl\":\"https:\/\/nitu.mx\/wp-content\/uploads\/2025\/08\/Puebla-IBTM-Americas-2025.jpg\",\"datePublished\":\"2025-08-22T04:00:00+00:00\",\"dateModified\":\"2025-08-22T03:49:38+00:00\",\"breadcrumb\":{\"@id\":\"https:\/\/nitu.mx\/index.php\/2025\/08\/21\/puebla-apuesta-por-la-industria-de-reuniones-y-el-turismo-mice-en-ibtm-americas\/#breadcrumb\"},\"inLanguage\":\"es-MX\",\"potentialAction\":[{\"@type\":\"ReadAction\",\"target\":[\"https:\/\/nitu.mx\/index.php\/2025\/08\/21\/puebla-apuesta-por-la-industria-de-reuniones-y-el-turismo-mice-en-ibtm-americas\/\"]}]},{\"@type\":\"ImageObject\",\"inLanguage\":\"es-MX\",\"@id\":\"https:\/\/nitu.mx\/index.php\/2025\/08\/21\/puebla-apuesta-por-la-industria-de-reuniones-y-el-turismo-mice-en-ibtm-americas\/#primaryimage\",\"url\":\"https:\/\/nitu.mx\/wp-content\/uploads\/2025\/08\/Puebla-IBTM-Americas-2025.jpg\",\"contentUrl\":\"https:\/\/nitu.mx\/wp-content\/uploads\/2025\/08\/Puebla-IBTM-Americas-2025.jpg\",\"width\":1200,\"height\":675,\"caption\":\"Puebla IBTM Americas 2025\"},{\"@type\":\"BreadcrumbList\",\"@id\":\"https:\/\/nitu.mx\/index.php\/2025\/08\/21\/puebla-apuesta-por-la-industria-de-reuniones-y-el-turismo-mice-en-ibtm-americas\/#breadcrumb\",\"itemListElement\":[{\"@type\":\"ListItem\",\"position\":1,\"name\":\"Inicio\",\"item\":\"https:\/\/nitu.mx\/\"},{\"@type\":\"ListItem\",\"position\":2,\"name\":\"Puebla apuesta por la industria de reuniones y el turismo MICE en IBTM Americas\"}]},{\"@type\":\"WebSite\",\"@id\":\"https:\/\/nitu.mx\/#website\",\"url\":\"https:\/\/nitu.mx\/\",\"name\":\"Nitu - Noticias de la Industria Turistica\",\"description\":\"Noticias de la Industria Turistica\",\"publisher\":{\"@id\":\"https:\/\/nitu.mx\/#\/schema\/person\/ae7a53426417292d3dd07b45a33e01bc\"},\"alternateName\":\"Noticias de la Industria Turistica\",\"potentialAction\":[{\"@type\":\"SearchAction\",\"target\":{\"@type\":\"EntryPoint\",\"urlTemplate\":\"https:\/\/nitu.mx\/?s={search_term_string}\"},\"query-input\":\"required name=search_term_string\"}],\"inLanguage\":\"es-MX\"},{\"@type\":[\"Person\",\"Organization\"],\"@id\":\"https:\/\/nitu.mx\/#\/schema\/person\/ae7a53426417292d3dd07b45a33e01bc\",\"name\":\"Arturo Medina\",\"image\":{\"@type\":\"ImageObject\",\"inLanguage\":\"es-MX\",\"@id\":\"https:\/\/nitu.mx\/#\/schema\/person\/image\/\",\"url\":\"https:\/\/nitu.mx\/wp-content\/uploads\/2024\/04\/4A315622-1904-4D5C-B022-878CDC840E04-90x90-1.jpeg\",\"contentUrl\":\"https:\/\/nitu.mx\/wp-content\/uploads\/2024\/04\/4A315622-1904-4D5C-B022-878CDC840E04-90x90-1.jpeg\",\"width\":90,\"height\":90,\"caption\":\"Arturo Medina\"},\"logo\":{\"@id\":\"https:\/\/nitu.mx\/#\/schema\/person\/image\/\"},\"description\":\"Director NITU.mx, Egresado de la Escuela de Periodismo Carlos Septi\u00e9n Garc\u00eda. Periodista y analista especializado en turismo desde hace 35 a\u00f1os, radicado en Canc\u00fan Q.Roo. arturo@nitu.mx\",\"sameAs\":[\"https:\/\/nitu.mx\",\"https:\/\/www.facebook.com\/NITUmx\/\",\"medinacancun\",\"https:\/\/twitter.com\/@Arturo_Medina_G\"]},{\"@type\":\"Person\",\"@id\":\"https:\/\/nitu.mx\/#\/schema\/person\/4a28fe9bd65924f7c90623773daf1b0b\",\"name\":\"Redacci\u00f3n\",\"image\":{\"@type\":\"ImageObject\",\"inLanguage\":\"es-MX\",\"@id\":\"https:\/\/nitu.mx\/#\/schema\/person\/image\/\",\"url\":\"https:\/\/secure.gravatar.com\/avatar\/5dd011c8ccfc5cd7e4c81e42252aab38?s=96&d=mm&r=g\",\"contentUrl\":\"https:\/\/secure.gravatar.com\/avatar\/5dd011c8ccfc5cd7e4c81e42252aab38?s=96&d=mm&r=g\",\"caption\":\"Redacci\u00f3n\"},\"url\":\"https:\/\/nitu.mx\/index.php\/author\/redaccion\/\"}]}<\/script>\n<!-- \/ Yoast SEO plugin. -->","yoast_head_json":{"title":"Puebla apuesta por la industria de reuniones y el turismo MICE en IBTM Americas - Nitu - Noticias de la Industria Turistica","robots":{"index":"index","follow":"follow","max-snippet":"max-snippet:-1","max-image-preview":"max-image-preview:large","max-video-preview":"max-video-preview:-1"},"canonical":"https:\/\/nitu.mx\/index.php\/2025\/08\/21\/puebla-apuesta-por-la-industria-de-reuniones-y-el-turismo-mice-en-ibtm-americas\/","twitter_card":"summary_large_image","twitter_title":"Puebla apuesta por la industria de reuniones y el turismo MICE en IBTM Americas - Nitu - Noticias de la Industria Turistica","twitter_description":"La titular de la Secretar\u00eda de Desarrollo Tur\u00edstico de Puebla, Carla L\u00f3pez-Malo Villal\u00f3n, particip\u00f3 en IBTM Americas 2025, uno de los encuentros m\u00e1s importantes de la industria de reuniones de Latinoam\u00e9rica, en donde encabez\u00f3 la comitiva estatal que sostuvo m\u00e1s de 40 citas de negocio y entrevistas con medios especializados. La participaci\u00f3n del estado de [&hellip;]","twitter_image":"https:\/\/nitu.mx\/wp-content\/uploads\/2025\/08\/Puebla-IBTM-Americas-2025.jpg","twitter_creator":"@NITUmx","twitter_site":"@Arturo_Medina_G","twitter_misc":{"Escrito por":"Redacci\u00f3n","Tiempo de lectura":"3 minutos"},"schema":{"@context":"https:\/\/schema.org","@graph":[{"@type":"Article","@id":"https:\/\/nitu.mx\/index.php\/2025\/08\/21\/puebla-apuesta-por-la-industria-de-reuniones-y-el-turismo-mice-en-ibtm-americas\/#article","isPartOf":{"@id":"https:\/\/nitu.mx\/index.php\/2025\/08\/21\/puebla-apuesta-por-la-industria-de-reuniones-y-el-turismo-mice-en-ibtm-americas\/"},"author":{"name":"Redacci\u00f3n","@id":"https:\/\/nitu.mx\/#\/schema\/person\/4a28fe9bd65924f7c90623773daf1b0b"},"headline":"Puebla apuesta por la industria de reuniones y el turismo MICE en IBTM Americas","datePublished":"2025-08-22T04:00:00+00:00","dateModified":"2025-08-22T03:49:38+00:00","mainEntityOfPage":{"@id":"https:\/\/nitu.mx\/index.php\/2025\/08\/21\/puebla-apuesta-por-la-industria-de-reuniones-y-el-turismo-mice-en-ibtm-americas\/"},"wordCount":584,"publisher":{"@id":"https:\/\/nitu.mx\/#\/schema\/person\/ae7a53426417292d3dd07b45a33e01bc"},"image":{"@id":"https:\/\/nitu.mx\/index.php\/2025\/08\/21\/puebla-apuesta-por-la-industria-de-reuniones-y-el-turismo-mice-en-ibtm-americas\/#primaryimage"},"thumbnailUrl":"https:\/\/nitu.mx\/wp-content\/uploads\/2025\/08\/Puebla-IBTM-Americas-2025.jpg","keywords":["Carla L\u00f3pez-Malo","IBTM Americas","Industria de Reuniones","MICE","Puebla"],"articleSection":["Destinos"],"inLanguage":"es-MX"},{"@type":"WebPage","@id":"https:\/\/nitu.mx\/index.php\/2025\/08\/21\/puebla-apuesta-por-la-industria-de-reuniones-y-el-turismo-mice-en-ibtm-americas\/","url":"https:\/\/nitu.mx\/index.php\/2025\/08\/21\/puebla-apuesta-por-la-industria-de-reuniones-y-el-turismo-mice-en-ibtm-americas\/","name":"Puebla apuesta por la industria de reuniones y el turismo MICE en IBTM Americas - Nitu - Noticias de la Industria Turistica","isPartOf":{"@id":"https:\/\/nitu.mx\/#website"},"primaryImageOfPage":{"@id":"https:\/\/nitu.mx\/index.php\/2025\/08\/21\/puebla-apuesta-por-la-industria-de-reuniones-y-el-turismo-mice-en-ibtm-americas\/#primaryimage"},"image":{"@id":"https:\/\/nitu.mx\/index.php\/2025\/08\/21\/puebla-apuesta-por-la-industria-de-reuniones-y-el-turismo-mice-en-ibtm-americas\/#primaryimage"},"thumbnailUrl":"https:\/\/nitu.mx\/wp-content\/uploads\/2025\/08\/Puebla-IBTM-Americas-2025.jpg","datePublished":"2025-08-22T04:00:00+00:00","dateModified":"2025-08-22T03:49:38+00:00","breadcrumb":{"@id":"https:\/\/nitu.mx\/index.php\/2025\/08\/21\/puebla-apuesta-por-la-industria-de-reuniones-y-el-turismo-mice-en-ibtm-americas\/#breadcrumb"},"inLanguage":"es-MX","potentialAction":[{"@type":"ReadAction","target":["https:\/\/nitu.mx\/index.php\/2025\/08\/21\/puebla-apuesta-por-la-industria-de-reuniones-y-el-turismo-mice-en-ibtm-americas\/"]}]},{"@type":"ImageObject","inLanguage":"es-MX","@id":"https:\/\/nitu.mx\/index.php\/2025\/08\/21\/puebla-apuesta-por-la-industria-de-reuniones-y-el-turismo-mice-en-ibtm-americas\/#primaryimage","url":"https:\/\/nitu.mx\/wp-content\/uploads\/2025\/08\/Puebla-IBTM-Americas-2025.jpg","contentUrl":"https:\/\/nitu.mx\/wp-content\/uploads\/2025\/08\/Puebla-IBTM-Americas-2025.jpg","width":1200,"height":675,"caption":"Puebla IBTM Americas 2025"},{"@type":"BreadcrumbList","@id":"https:\/\/nitu.mx\/index.php\/2025\/08\/21\/puebla-apuesta-por-la-industria-de-reuniones-y-el-turismo-mice-en-ibtm-americas\/#breadcrumb","itemListElement":[{"@type":"ListItem","position":1,"name":"Inicio","item":"https:\/\/nitu.mx\/"},{"@type":"ListItem","position":2,"name":"Puebla apuesta por la industria de reuniones y el turismo MICE en IBTM Americas"}]},{"@type":"WebSite","@id":"https:\/\/nitu.mx\/#website","url":"https:\/\/nitu.mx\/","name":"Nitu - Noticias de la Industria Turistica","description":"Noticias de la Industria Turistica","publisher":{"@id":"https:\/\/nitu.mx\/#\/schema\/person\/ae7a53426417292d3dd07b45a33e01bc"},"alternateName":"Noticias de la Industria Turistica","potentialAction":[{"@type":"SearchAction","target":{"@type":"EntryPoint","urlTemplate":"https:\/\/nitu.mx\/?s={search_term_string}"},"query-input":"required name=search_term_string"}],"inLanguage":"es-MX"},{"@type":["Person","Organization"],"@id":"https:\/\/nitu.mx\/#\/schema\/person\/ae7a53426417292d3dd07b45a33e01bc","name":"Arturo Medina","image":{"@type":"ImageObject","inLanguage":"es-MX","@id":"https:\/\/nitu.mx\/#\/schema\/person\/image\/","url":"https:\/\/nitu.mx\/wp-content\/uploads\/2024\/04\/4A315622-1904-4D5C-B022-878CDC840E04-90x90-1.jpeg","contentUrl":"https:\/\/nitu.mx\/wp-content\/uploads\/2024\/04\/4A315622-1904-4D5C-B022-878CDC840E04-90x90-1.jpeg","width":90,"height":90,"caption":"Arturo Medina"},"logo":{"@id":"https:\/\/nitu.mx\/#\/schema\/person\/image\/"},"description":"Director NITU.mx, Egresado de la Escuela de Periodismo Carlos Septi\u00e9n Garc\u00eda. Periodista y analista especializado en turismo desde hace 35 a\u00f1os, radicado en Canc\u00fan Q.Roo. arturo@nitu.mx","sameAs":["https:\/\/nitu.mx","https:\/\/www.facebook.com\/NITUmx\/","medinacancun","https:\/\/twitter.com\/@Arturo_Medina_G"]},{"@type":"Person","@id":"https:\/\/nitu.mx\/#\/schema\/person\/4a28fe9bd65924f7c90623773daf1b0b","name":"Redacci\u00f3n","image":{"@type":"ImageObject","inLanguage":"es-MX","@id":"https:\/\/nitu.mx\/#\/schema\/person\/image\/","url":"https:\/\/secure.gravatar.com\/avatar\/5dd011c8ccfc5cd7e4c81e42252aab38?s=96&d=mm&r=g","contentUrl":"https:\/\/secure.gravatar.com\/avatar\/5dd011c8ccfc5cd7e4c81e42252aab38?s=96&d=mm&r=g","caption":"Redacci\u00f3n"},"url":"https:\/\/nitu.mx\/index.php\/author\/redaccion\/"}]}},"views":748,"_links":{"self":[{"href":"https:\/\/nitu.mx\/index.php\/wp-json\/wp\/v2\/posts\/83030"}],"collection":[{"href":"https:\/\/nitu.mx\/index.php\/wp-json\/wp\/v2\/posts"}],"about":[{"href":"https:\/\/nitu.mx\/index.php\/wp-json\/wp\/v2\/types\/post"}],"author":[{"embeddable":true,"href":"https:\/\/nitu.mx\/index.php\/wp-json\/wp\/v2\/users\/17"}],"replies":[{"embeddable":true,"href":"https:\/\/nitu.mx\/index.php\/wp-json\/wp\/v2\/comments?post=83030"}],"version-history":[{"count":2,"href":"https:\/\/nitu.mx\/index.php\/wp-json\/wp\/v2\/posts\/83030\/revisions"}],"predecessor-version":[{"id":83035,"href":"https:\/\/nitu.mx\/index.php\/wp-json\/wp\/v2\/posts\/83030\/revisions\/83035"}],"wp:featuredmedia":[{"embeddable":true,"href":"https:\/\/nitu.mx\/index.php\/wp-json\/wp\/v2\/media\/83034"}],"wp:attachment":[{"href":"https:\/\/nitu.mx\/index.php\/wp-json\/wp\/v2\/media?parent=83030"}],"wp:term":[{"taxonomy":"category","embeddable":true,"href":"https:\/\/nitu.mx\/index.php\/wp-json\/wp\/v2\/categories?post=83030"},{"taxonomy":"post_tag","embeddable":true,"href":"https:\/\/nitu.mx\/index.php\/wp-json\/wp\/v2\/tags?post=83030"}],"curies":[{"name":"wp","href":"https:\/\/api.w.org\/{rel}","templated":true}]}}