{"id":83026,"date":"2025-08-21T21:29:00","date_gmt":"2025-08-22T03:29:00","guid":{"rendered":"https:\/\/nitu.mx\/?p=83026"},"modified":"2025-08-21T21:29:00","modified_gmt":"2025-08-22T03:29:00","slug":"fiturca-impulsa-a-los-cabos-en-ibtm-americas-2025-con-mas-de-600-reuniones","status":"publish","type":"post","link":"https:\/\/nitu.mx\/index.php\/2025\/08\/21\/fiturca-impulsa-a-los-cabos-en-ibtm-americas-2025-con-mas-de-600-reuniones\/","title":{"rendered":"FITURCA impulsa a Los Cabos en IBTM Americas 2025 con m\u00e1s de 600 reuniones"},"content":{"rendered":"\n<p>Como parte de su estrategia para fortalecer la Industria de Reuniones, el Fideicomiso de Turismo de Los Cabos (FITURCA) particip\u00f3 en la edici\u00f3n 2025 de IBTM Americas, una de las ferias m\u00e1s relevantes del sector MICE en Latinoam\u00e9rica. Este evento re\u00fane a compradores y planificadores de reuniones internacionales.<\/p>\n\n\n\n<p>La delegaci\u00f3n de Los Cabos estuvo conformada por 20 socios del destino, entre 13 hoteles y 7 proveedores de servicios especializados, incluyendo DMC\u2019s, operadores tur\u00edsticos y empresas de montaje y decoraci\u00f3n de eventos. Entre los participantes destacan compa\u00f1\u00edas como Amstar DMC, Bahia Hotel &amp; Beach House, Fiesta Americana, Grupo EPIC DMC Los Cabos, Hyatt Place Los Cabos, Solmar Hotels &amp; Resorts y Viceroy Los Cabos. Durante el evento, que tuvo lugar del 20 al 21 de agosto, la delegaci\u00f3n atendi\u00f3 m\u00e1s de 600 reuniones de negocios.<\/p>\n\n\n\n<p>En IBTM Americas, el equipo de FITURCA present\u00f3 la oferta tur\u00edstica integral y la infraestructura especializada que posicionan a Los Cabos como un destino para congresos, convenciones y viajes de incentivo a nivel internacional. La participaci\u00f3n estuvo orientada a generar oportunidades comerciales enfocadas en atraer eventos de alto impacto, conforme a la estrategia del destino para potenciar el segmento MICE y atraer grandes eventos.<\/p>\n\n\n\n<p>&#8220;Nuestra participaci\u00f3n en IBTM Americas 2025 fortalece el posicionamiento de Los Cabos como un destino l\u00edder en la Industria de Reuniones. Con el apoyo de nuestros socios, mostramos la variedad de experiencias, servicios y capacidades que hacen de Los Cabos una opci\u00f3n preferida para eventos internacionales. Continuaremos trabajando en la conectividad a\u00e9rea y la promoci\u00f3n de la oferta de experiencias para seguir consolidando al destino en el \u00e1mbito global&#8221;, se\u00f1al\u00f3 Rodrigo Esponda, director general de FITURCA.<\/p>\n\n\n\n<p>La Industria de Reuniones en Baja California Sur genera un impacto econ\u00f3mico significativo, con m\u00e1s de 13,000 empleos vinculados, de los cuales cerca de 7,400 son directos, y contribuye con alrededor de 38 millones de d\u00f3lares en ingresos por empleo. El sector representa una producci\u00f3n econ\u00f3mica de 530 millones de d\u00f3lares, equivalente a aproximadamente el 4.6% del PIB estatal.<\/p>\n\n\n\n<p>Los Cabos cuenta con infraestructura que incluye m\u00e1s de 20,000 habitaciones y espacios modernos para eventos. Adem\u00e1s, ofrece una combinaci\u00f3n de servicios que abarca opciones de lujo, experiencias exclusivas como el avistamiento de ballenas y aventuras en el desierto, as\u00ed como un enfoque en sostenibilidad, bienestar y responsabilidad social, factores que influyen en la decisi\u00f3n de los organizadores de eventos. (<a href=\"https:\/\/nitu.mx\/index.php\/2025\/08\/12\/los-cabos-brilla-como-epicentro-del-lujo-aventura-y-naturaleza-en-virtuoso-travel-week-las-vegas-2025\/\">Los Cabos brilla como epicentro del lujo, aventura y naturaleza en Virtuoso Travel Week Las Vegas 2025<\/a>).<\/p>\n","protected":false},"excerpt":{"rendered":"<p>Como parte de su estrategia para fortalecer la Industria de Reuniones, el Fideicomiso de Turismo de Los Cabos (FITURCA) particip\u00f3 en la edici\u00f3n 2025 de IBTM Americas, una de las ferias m\u00e1s relevantes del sector MICE en Latinoam\u00e9rica. Este evento re\u00fane a compradores y planificadores de reuniones internacionales. La delegaci\u00f3n de Los Cabos estuvo conformada [&hellip;]<\/p>\n","protected":false},"author":17,"featured_media":83029,"comment_status":"closed","ping_status":"closed","sticky":false,"template":"","format":"standard","meta":{"footnotes":""},"categories":[5],"tags":[1443,10650,130,970,1028],"yoast_head":"<!-- This site is optimized with the Yoast SEO plugin v22.2 - https:\/\/yoast.com\/wordpress\/plugins\/seo\/ -->\n<title>FITURCA impulsa a Los Cabos en IBTM Americas 2025 con m\u00e1s de 600 reuniones - Nitu - Noticias de la Industria Turistica<\/title>\n<meta name=\"robots\" content=\"index, follow, max-snippet:-1, max-image-preview:large, max-video-preview:-1\" \/>\n<link rel=\"canonical\" href=\"https:\/\/nitu.mx\/index.php\/2025\/08\/21\/fiturca-impulsa-a-los-cabos-en-ibtm-americas-2025-con-mas-de-600-reuniones\/\" \/>\n<meta name=\"twitter:card\" content=\"summary_large_image\" \/>\n<meta name=\"twitter:title\" content=\"FITURCA impulsa a Los Cabos en IBTM Americas 2025 con m\u00e1s de 600 reuniones - Nitu - Noticias de la Industria Turistica\" \/>\n<meta name=\"twitter:description\" content=\"Como parte de su estrategia para fortalecer la Industria de Reuniones, el Fideicomiso de Turismo de Los Cabos (FITURCA) particip\u00f3 en la edici\u00f3n 2025 de IBTM Americas, una de las ferias m\u00e1s relevantes del sector MICE en Latinoam\u00e9rica. Este evento re\u00fane a compradores y planificadores de reuniones internacionales. La delegaci\u00f3n de Los Cabos estuvo conformada [&hellip;]\" \/>\n<meta name=\"twitter:image\" content=\"https:\/\/nitu.mx\/wp-content\/uploads\/2025\/08\/Los-Cabos-IBTM-Americas-2025.jpg\" \/>\n<meta name=\"twitter:creator\" content=\"@NITUmx\" \/>\n<meta name=\"twitter:site\" content=\"@Arturo_Medina_G\" \/>\n<meta name=\"twitter:label1\" content=\"Escrito por\" \/>\n\t<meta name=\"twitter:data1\" content=\"Redacci\u00f3n\" \/>\n\t<meta name=\"twitter:label2\" content=\"Tiempo de lectura\" \/>\n\t<meta name=\"twitter:data2\" content=\"2 minutos\" \/>\n<script type=\"application\/ld+json\" class=\"yoast-schema-graph\">{\"@context\":\"https:\/\/schema.org\",\"@graph\":[{\"@type\":\"Article\",\"@id\":\"https:\/\/nitu.mx\/index.php\/2025\/08\/21\/fiturca-impulsa-a-los-cabos-en-ibtm-americas-2025-con-mas-de-600-reuniones\/#article\",\"isPartOf\":{\"@id\":\"https:\/\/nitu.mx\/index.php\/2025\/08\/21\/fiturca-impulsa-a-los-cabos-en-ibtm-americas-2025-con-mas-de-600-reuniones\/\"},\"author\":{\"name\":\"Redacci\u00f3n\",\"@id\":\"https:\/\/nitu.mx\/#\/schema\/person\/4a28fe9bd65924f7c90623773daf1b0b\"},\"headline\":\"FITURCA impulsa a Los Cabos en IBTM Americas 2025 con m\u00e1s de 600 reuniones\",\"datePublished\":\"2025-08-22T03:29:00+00:00\",\"dateModified\":\"2025-08-22T03:29:00+00:00\",\"mainEntityOfPage\":{\"@id\":\"https:\/\/nitu.mx\/index.php\/2025\/08\/21\/fiturca-impulsa-a-los-cabos-en-ibtm-americas-2025-con-mas-de-600-reuniones\/\"},\"wordCount\":437,\"publisher\":{\"@id\":\"https:\/\/nitu.mx\/#\/schema\/person\/ae7a53426417292d3dd07b45a33e01bc\"},\"image\":{\"@id\":\"https:\/\/nitu.mx\/index.php\/2025\/08\/21\/fiturca-impulsa-a-los-cabos-en-ibtm-americas-2025-con-mas-de-600-reuniones\/#primaryimage\"},\"thumbnailUrl\":\"https:\/\/nitu.mx\/wp-content\/uploads\/2025\/08\/Los-Cabos-IBTM-Americas-2025.jpg\",\"keywords\":[\"Fiturca\",\"IBTM Americas\",\"Los Cabos\",\"MICE\",\"Rodrigo Esponda\"],\"articleSection\":[\"Destinos\"],\"inLanguage\":\"es-MX\"},{\"@type\":\"WebPage\",\"@id\":\"https:\/\/nitu.mx\/index.php\/2025\/08\/21\/fiturca-impulsa-a-los-cabos-en-ibtm-americas-2025-con-mas-de-600-reuniones\/\",\"url\":\"https:\/\/nitu.mx\/index.php\/2025\/08\/21\/fiturca-impulsa-a-los-cabos-en-ibtm-americas-2025-con-mas-de-600-reuniones\/\",\"name\":\"FITURCA impulsa a Los Cabos en IBTM Americas 2025 con m\u00e1s de 600 reuniones - Nitu - Noticias de la Industria Turistica\",\"isPartOf\":{\"@id\":\"https:\/\/nitu.mx\/#website\"},\"primaryImageOfPage\":{\"@id\":\"https:\/\/nitu.mx\/index.php\/2025\/08\/21\/fiturca-impulsa-a-los-cabos-en-ibtm-americas-2025-con-mas-de-600-reuniones\/#primaryimage\"},\"image\":{\"@id\":\"https:\/\/nitu.mx\/index.php\/2025\/08\/21\/fiturca-impulsa-a-los-cabos-en-ibtm-americas-2025-con-mas-de-600-reuniones\/#primaryimage\"},\"thumbnailUrl\":\"https:\/\/nitu.mx\/wp-content\/uploads\/2025\/08\/Los-Cabos-IBTM-Americas-2025.jpg\",\"datePublished\":\"2025-08-22T03:29:00+00:00\",\"dateModified\":\"2025-08-22T03:29:00+00:00\",\"breadcrumb\":{\"@id\":\"https:\/\/nitu.mx\/index.php\/2025\/08\/21\/fiturca-impulsa-a-los-cabos-en-ibtm-americas-2025-con-mas-de-600-reuniones\/#breadcrumb\"},\"inLanguage\":\"es-MX\",\"potentialAction\":[{\"@type\":\"ReadAction\",\"target\":[\"https:\/\/nitu.mx\/index.php\/2025\/08\/21\/fiturca-impulsa-a-los-cabos-en-ibtm-americas-2025-con-mas-de-600-reuniones\/\"]}]},{\"@type\":\"ImageObject\",\"inLanguage\":\"es-MX\",\"@id\":\"https:\/\/nitu.mx\/index.php\/2025\/08\/21\/fiturca-impulsa-a-los-cabos-en-ibtm-americas-2025-con-mas-de-600-reuniones\/#primaryimage\",\"url\":\"https:\/\/nitu.mx\/wp-content\/uploads\/2025\/08\/Los-Cabos-IBTM-Americas-2025.jpg\",\"contentUrl\":\"https:\/\/nitu.mx\/wp-content\/uploads\/2025\/08\/Los-Cabos-IBTM-Americas-2025.jpg\",\"width\":1200,\"height\":675,\"caption\":\"Los Cabos IBTM Americas 2025\"},{\"@type\":\"BreadcrumbList\",\"@id\":\"https:\/\/nitu.mx\/index.php\/2025\/08\/21\/fiturca-impulsa-a-los-cabos-en-ibtm-americas-2025-con-mas-de-600-reuniones\/#breadcrumb\",\"itemListElement\":[{\"@type\":\"ListItem\",\"position\":1,\"name\":\"Inicio\",\"item\":\"https:\/\/nitu.mx\/\"},{\"@type\":\"ListItem\",\"position\":2,\"name\":\"FITURCA impulsa a Los Cabos en IBTM Americas 2025 con m\u00e1s de 600 reuniones\"}]},{\"@type\":\"WebSite\",\"@id\":\"https:\/\/nitu.mx\/#website\",\"url\":\"https:\/\/nitu.mx\/\",\"name\":\"Nitu - Noticias de la Industria Turistica\",\"description\":\"Noticias de la Industria Turistica\",\"publisher\":{\"@id\":\"https:\/\/nitu.mx\/#\/schema\/person\/ae7a53426417292d3dd07b45a33e01bc\"},\"alternateName\":\"Noticias de la Industria Turistica\",\"potentialAction\":[{\"@type\":\"SearchAction\",\"target\":{\"@type\":\"EntryPoint\",\"urlTemplate\":\"https:\/\/nitu.mx\/?s={search_term_string}\"},\"query-input\":\"required name=search_term_string\"}],\"inLanguage\":\"es-MX\"},{\"@type\":[\"Person\",\"Organization\"],\"@id\":\"https:\/\/nitu.mx\/#\/schema\/person\/ae7a53426417292d3dd07b45a33e01bc\",\"name\":\"Arturo Medina\",\"image\":{\"@type\":\"ImageObject\",\"inLanguage\":\"es-MX\",\"@id\":\"https:\/\/nitu.mx\/#\/schema\/person\/image\/\",\"url\":\"https:\/\/nitu.mx\/wp-content\/uploads\/2024\/04\/4A315622-1904-4D5C-B022-878CDC840E04-90x90-1.jpeg\",\"contentUrl\":\"https:\/\/nitu.mx\/wp-content\/uploads\/2024\/04\/4A315622-1904-4D5C-B022-878CDC840E04-90x90-1.jpeg\",\"width\":90,\"height\":90,\"caption\":\"Arturo Medina\"},\"logo\":{\"@id\":\"https:\/\/nitu.mx\/#\/schema\/person\/image\/\"},\"description\":\"Director NITU.mx, Egresado de la Escuela de Periodismo Carlos Septi\u00e9n Garc\u00eda. Periodista y analista especializado en turismo desde hace 35 a\u00f1os, radicado en Canc\u00fan Q.Roo. arturo@nitu.mx\",\"sameAs\":[\"https:\/\/nitu.mx\",\"https:\/\/www.facebook.com\/NITUmx\/\",\"medinacancun\",\"https:\/\/twitter.com\/@Arturo_Medina_G\"]},{\"@type\":\"Person\",\"@id\":\"https:\/\/nitu.mx\/#\/schema\/person\/4a28fe9bd65924f7c90623773daf1b0b\",\"name\":\"Redacci\u00f3n\",\"image\":{\"@type\":\"ImageObject\",\"inLanguage\":\"es-MX\",\"@id\":\"https:\/\/nitu.mx\/#\/schema\/person\/image\/\",\"url\":\"https:\/\/secure.gravatar.com\/avatar\/5dd011c8ccfc5cd7e4c81e42252aab38?s=96&d=mm&r=g\",\"contentUrl\":\"https:\/\/secure.gravatar.com\/avatar\/5dd011c8ccfc5cd7e4c81e42252aab38?s=96&d=mm&r=g\",\"caption\":\"Redacci\u00f3n\"},\"url\":\"https:\/\/nitu.mx\/index.php\/author\/redaccion\/\"}]}<\/script>\n<!-- \/ Yoast SEO plugin. -->","yoast_head_json":{"title":"FITURCA impulsa a Los Cabos en IBTM Americas 2025 con m\u00e1s de 600 reuniones - Nitu - Noticias de la Industria Turistica","robots":{"index":"index","follow":"follow","max-snippet":"max-snippet:-1","max-image-preview":"max-image-preview:large","max-video-preview":"max-video-preview:-1"},"canonical":"https:\/\/nitu.mx\/index.php\/2025\/08\/21\/fiturca-impulsa-a-los-cabos-en-ibtm-americas-2025-con-mas-de-600-reuniones\/","twitter_card":"summary_large_image","twitter_title":"FITURCA impulsa a Los Cabos en IBTM Americas 2025 con m\u00e1s de 600 reuniones - Nitu - Noticias de la Industria Turistica","twitter_description":"Como parte de su estrategia para fortalecer la Industria de Reuniones, el Fideicomiso de Turismo de Los Cabos (FITURCA) particip\u00f3 en la edici\u00f3n 2025 de IBTM Americas, una de las ferias m\u00e1s relevantes del sector MICE en Latinoam\u00e9rica. Este evento re\u00fane a compradores y planificadores de reuniones internacionales. La delegaci\u00f3n de Los Cabos estuvo conformada [&hellip;]","twitter_image":"https:\/\/nitu.mx\/wp-content\/uploads\/2025\/08\/Los-Cabos-IBTM-Americas-2025.jpg","twitter_creator":"@NITUmx","twitter_site":"@Arturo_Medina_G","twitter_misc":{"Escrito por":"Redacci\u00f3n","Tiempo de lectura":"2 minutos"},"schema":{"@context":"https:\/\/schema.org","@graph":[{"@type":"Article","@id":"https:\/\/nitu.mx\/index.php\/2025\/08\/21\/fiturca-impulsa-a-los-cabos-en-ibtm-americas-2025-con-mas-de-600-reuniones\/#article","isPartOf":{"@id":"https:\/\/nitu.mx\/index.php\/2025\/08\/21\/fiturca-impulsa-a-los-cabos-en-ibtm-americas-2025-con-mas-de-600-reuniones\/"},"author":{"name":"Redacci\u00f3n","@id":"https:\/\/nitu.mx\/#\/schema\/person\/4a28fe9bd65924f7c90623773daf1b0b"},"headline":"FITURCA impulsa a Los Cabos en IBTM Americas 2025 con m\u00e1s de 600 reuniones","datePublished":"2025-08-22T03:29:00+00:00","dateModified":"2025-08-22T03:29:00+00:00","mainEntityOfPage":{"@id":"https:\/\/nitu.mx\/index.php\/2025\/08\/21\/fiturca-impulsa-a-los-cabos-en-ibtm-americas-2025-con-mas-de-600-reuniones\/"},"wordCount":437,"publisher":{"@id":"https:\/\/nitu.mx\/#\/schema\/person\/ae7a53426417292d3dd07b45a33e01bc"},"image":{"@id":"https:\/\/nitu.mx\/index.php\/2025\/08\/21\/fiturca-impulsa-a-los-cabos-en-ibtm-americas-2025-con-mas-de-600-reuniones\/#primaryimage"},"thumbnailUrl":"https:\/\/nitu.mx\/wp-content\/uploads\/2025\/08\/Los-Cabos-IBTM-Americas-2025.jpg","keywords":["Fiturca","IBTM Americas","Los Cabos","MICE","Rodrigo Esponda"],"articleSection":["Destinos"],"inLanguage":"es-MX"},{"@type":"WebPage","@id":"https:\/\/nitu.mx\/index.php\/2025\/08\/21\/fiturca-impulsa-a-los-cabos-en-ibtm-americas-2025-con-mas-de-600-reuniones\/","url":"https:\/\/nitu.mx\/index.php\/2025\/08\/21\/fiturca-impulsa-a-los-cabos-en-ibtm-americas-2025-con-mas-de-600-reuniones\/","name":"FITURCA impulsa a Los Cabos en IBTM Americas 2025 con m\u00e1s de 600 reuniones - Nitu - Noticias de la Industria Turistica","isPartOf":{"@id":"https:\/\/nitu.mx\/#website"},"primaryImageOfPage":{"@id":"https:\/\/nitu.mx\/index.php\/2025\/08\/21\/fiturca-impulsa-a-los-cabos-en-ibtm-americas-2025-con-mas-de-600-reuniones\/#primaryimage"},"image":{"@id":"https:\/\/nitu.mx\/index.php\/2025\/08\/21\/fiturca-impulsa-a-los-cabos-en-ibtm-americas-2025-con-mas-de-600-reuniones\/#primaryimage"},"thumbnailUrl":"https:\/\/nitu.mx\/wp-content\/uploads\/2025\/08\/Los-Cabos-IBTM-Americas-2025.jpg","datePublished":"2025-08-22T03:29:00+00:00","dateModified":"2025-08-22T03:29:00+00:00","breadcrumb":{"@id":"https:\/\/nitu.mx\/index.php\/2025\/08\/21\/fiturca-impulsa-a-los-cabos-en-ibtm-americas-2025-con-mas-de-600-reuniones\/#breadcrumb"},"inLanguage":"es-MX","potentialAction":[{"@type":"ReadAction","target":["https:\/\/nitu.mx\/index.php\/2025\/08\/21\/fiturca-impulsa-a-los-cabos-en-ibtm-americas-2025-con-mas-de-600-reuniones\/"]}]},{"@type":"ImageObject","inLanguage":"es-MX","@id":"https:\/\/nitu.mx\/index.php\/2025\/08\/21\/fiturca-impulsa-a-los-cabos-en-ibtm-americas-2025-con-mas-de-600-reuniones\/#primaryimage","url":"https:\/\/nitu.mx\/wp-content\/uploads\/2025\/08\/Los-Cabos-IBTM-Americas-2025.jpg","contentUrl":"https:\/\/nitu.mx\/wp-content\/uploads\/2025\/08\/Los-Cabos-IBTM-Americas-2025.jpg","width":1200,"height":675,"caption":"Los Cabos IBTM Americas 2025"},{"@type":"BreadcrumbList","@id":"https:\/\/nitu.mx\/index.php\/2025\/08\/21\/fiturca-impulsa-a-los-cabos-en-ibtm-americas-2025-con-mas-de-600-reuniones\/#breadcrumb","itemListElement":[{"@type":"ListItem","position":1,"name":"Inicio","item":"https:\/\/nitu.mx\/"},{"@type":"ListItem","position":2,"name":"FITURCA impulsa a Los Cabos en IBTM Americas 2025 con m\u00e1s de 600 reuniones"}]},{"@type":"WebSite","@id":"https:\/\/nitu.mx\/#website","url":"https:\/\/nitu.mx\/","name":"Nitu - Noticias de la Industria Turistica","description":"Noticias de la Industria Turistica","publisher":{"@id":"https:\/\/nitu.mx\/#\/schema\/person\/ae7a53426417292d3dd07b45a33e01bc"},"alternateName":"Noticias de la Industria Turistica","potentialAction":[{"@type":"SearchAction","target":{"@type":"EntryPoint","urlTemplate":"https:\/\/nitu.mx\/?s={search_term_string}"},"query-input":"required name=search_term_string"}],"inLanguage":"es-MX"},{"@type":["Person","Organization"],"@id":"https:\/\/nitu.mx\/#\/schema\/person\/ae7a53426417292d3dd07b45a33e01bc","name":"Arturo Medina","image":{"@type":"ImageObject","inLanguage":"es-MX","@id":"https:\/\/nitu.mx\/#\/schema\/person\/image\/","url":"https:\/\/nitu.mx\/wp-content\/uploads\/2024\/04\/4A315622-1904-4D5C-B022-878CDC840E04-90x90-1.jpeg","contentUrl":"https:\/\/nitu.mx\/wp-content\/uploads\/2024\/04\/4A315622-1904-4D5C-B022-878CDC840E04-90x90-1.jpeg","width":90,"height":90,"caption":"Arturo Medina"},"logo":{"@id":"https:\/\/nitu.mx\/#\/schema\/person\/image\/"},"description":"Director NITU.mx, Egresado de la Escuela de Periodismo Carlos Septi\u00e9n Garc\u00eda. Periodista y analista especializado en turismo desde hace 35 a\u00f1os, radicado en Canc\u00fan Q.Roo. arturo@nitu.mx","sameAs":["https:\/\/nitu.mx","https:\/\/www.facebook.com\/NITUmx\/","medinacancun","https:\/\/twitter.com\/@Arturo_Medina_G"]},{"@type":"Person","@id":"https:\/\/nitu.mx\/#\/schema\/person\/4a28fe9bd65924f7c90623773daf1b0b","name":"Redacci\u00f3n","image":{"@type":"ImageObject","inLanguage":"es-MX","@id":"https:\/\/nitu.mx\/#\/schema\/person\/image\/","url":"https:\/\/secure.gravatar.com\/avatar\/5dd011c8ccfc5cd7e4c81e42252aab38?s=96&d=mm&r=g","contentUrl":"https:\/\/secure.gravatar.com\/avatar\/5dd011c8ccfc5cd7e4c81e42252aab38?s=96&d=mm&r=g","caption":"Redacci\u00f3n"},"url":"https:\/\/nitu.mx\/index.php\/author\/redaccion\/"}]}},"views":574,"_links":{"self":[{"href":"https:\/\/nitu.mx\/index.php\/wp-json\/wp\/v2\/posts\/83026"}],"collection":[{"href":"https:\/\/nitu.mx\/index.php\/wp-json\/wp\/v2\/posts"}],"about":[{"href":"https:\/\/nitu.mx\/index.php\/wp-json\/wp\/v2\/types\/post"}],"author":[{"embeddable":true,"href":"https:\/\/nitu.mx\/index.php\/wp-json\/wp\/v2\/users\/17"}],"replies":[{"embeddable":true,"href":"https:\/\/nitu.mx\/index.php\/wp-json\/wp\/v2\/comments?post=83026"}],"version-history":[{"count":1,"href":"https:\/\/nitu.mx\/index.php\/wp-json\/wp\/v2\/posts\/83026\/revisions"}],"predecessor-version":[{"id":83028,"href":"https:\/\/nitu.mx\/index.php\/wp-json\/wp\/v2\/posts\/83026\/revisions\/83028"}],"wp:featuredmedia":[{"embeddable":true,"href":"https:\/\/nitu.mx\/index.php\/wp-json\/wp\/v2\/media\/83029"}],"wp:attachment":[{"href":"https:\/\/nitu.mx\/index.php\/wp-json\/wp\/v2\/media?parent=83026"}],"wp:term":[{"taxonomy":"category","embeddable":true,"href":"https:\/\/nitu.mx\/index.php\/wp-json\/wp\/v2\/categories?post=83026"},{"taxonomy":"post_tag","embeddable":true,"href":"https:\/\/nitu.mx\/index.php\/wp-json\/wp\/v2\/tags?post=83026"}],"curies":[{"name":"wp","href":"https:\/\/api.w.org\/{rel}","templated":true}]}}