{"id":83007,"date":"2025-08-20T17:50:09","date_gmt":"2025-08-20T23:50:09","guid":{"rendered":"https:\/\/nitu.mx\/?p=83007"},"modified":"2025-08-20T17:58:06","modified_gmt":"2025-08-20T23:58:06","slug":"ibtm-americas-2025-se-reafirma-como-feria-lider-para-la-industria-de-reuniones-en-el-continente","status":"publish","type":"post","link":"https:\/\/nitu.mx\/index.php\/2025\/08\/20\/ibtm-americas-2025-se-reafirma-como-feria-lider-para-la-industria-de-reuniones-en-el-continente\/","title":{"rendered":"IBTM Americas 2025 se reafirma como feria l\u00edder para la industria de reuniones en el continente"},"content":{"rendered":"\n<p>Este 20 de agosto dio inicio IBTM Americas 2025, el principal evento del segmento MICE a nivel continental, que re\u00fane a los profesionales de la industria de reuniones de la regi\u00f3n, por lo que se reafirma como la feria l\u00edder de este importante sector que, ya representa el 1.8% del PIB Nacional, y que, como cada a\u00f1o, evoluciona para estar a la altura de las necesidades de un nicho en constante transformaci\u00f3n.<\/p>\n\n\n\n<p>Con 427 expositores, 520 hosted buyers de 15 pa\u00edses y la presencia de alrededor de 5 mil asistentes, IBTM Americas no solo se convierte en un gran piso de exposici\u00f3n, sino que tambi\u00e9n agrega un fuerte programa acad\u00e9mico con m\u00e1s de 80 sesiones, conferencias y paneles en donde se analizan los retos y oportunidades, adem\u00e1s de las tendencias del MICE.<\/p>\n\n\n\n<p>Los pabellones con la presencia de estados del pa\u00eds como Michoac\u00e1n, Sinaloa, Zacatecas, Morelos, Jalisco, Yucat\u00e1n, Baja California, Baja California Sur, Campeche, Colima, Chihuahua; adem\u00e1s de Quintana Roo como Caribe Mexicano; destinos como Puerto Rico, Rep\u00fablica Dominicana, Colombia, Guatemala; y cadenas hoteleras de renombre como Marriott International y Hilton, por mencionar algunas, cubrieron el \u00e1rea en donde se entablar\u00e1n m\u00e1s de 10 mil citas de negocio uno a uno. (<a href=\"https:\/\/nitu.mx\/index.php\/2025\/08\/20\/caribe-mexicano-llega-a-ibtm-americas-con-mas-de-170-mil-m2-de-espacios-para-reuniones\/\">Caribe Mexicano llega a IBTM Americas con m\u00e1s de 170 mil m2 de espacios para reuniones<\/a>).<\/p>\n\n\n\n<p>Luiz Bellini, director general de RX M\u00e9xico, precis\u00f3 que el turismo MICE pasa por una evoluci\u00f3n en donde la tecnolog\u00eda con la Inteligencia Artificial, entre otras innovaciones, por ello IBTM Americas es \u201cel evento de eventos\u201d que no se limita a negociaciones, sino tambi\u00e9n al conocimiento del sector.<\/p>\n\n\n\n<p>Al inaugurar el evento, la secretaria de Turismo de la Ciudad de M\u00e9xico, destac\u00f3 que para la capital del pa\u00eds el segmento MICE es muy relevante, con un turista que califica de <em>curioso<\/em> porque, afirma, se da la oportunidad de conocer la amplia oferta tur\u00edstica de la ciudad.<\/p>\n\n\n\n<p>Frausto Guerrero asever\u00f3 que ya se posicion\u00f3 como el 1er destino cultural del mundo, incluso por encima de Londres o Par\u00eds; es el 3er lugar como destino gastron\u00f3mico, con 81 establecimientos con Estrella Michelin; as\u00ed como un aeropuerto que realiza 1,251 operaciones a\u00e9reas y un aporte del turismo al 18% del PIB de la capital.<\/p>\n\n\n\n<p>Adem\u00e1s, subray\u00f3 la movilidad, infraestructura y la oportunidad que brida de poder hacer turismo en los estados aleda\u00f1os como Tlaxcala, Morelos, Puebla o el Estado de M\u00e9xico; por lo que dio la bienvenida a todos los asistentes a IBTM Americas 2025.<\/p>\n\n\n\n<p>En el mismo tenor, Tony G\u00e1mez, directora del Centro Citibanamex, puntualiz\u00f3 que este recinto es sede de la toma de decisiones al recibir eventos de talla internacional. Indic\u00f3 que la visi\u00f3n compartida entre iniciativa privada y gobierno ha sido clave en el crecimiento de la industria de reuniones; por lo que IBTM Americas 2025 es la oportunidad de demostrarle a los profesionales del MICE, que este espacio es moderno, vers\u00e1til y estrat\u00e9gico.<\/p>\n\n\n\n<p>Durante la inauguraci\u00f3n, Michel Wohlmuth, presidente del Consejo Mexicano de la Industria de Reuniones (COMIR), enfatiz\u00f3 que pese a los obst\u00e1culos por lo que atraviesa la industria tur\u00edstica, el segmento MICE de M\u00e9xico brinda confianza. &#8220;Hay reputaci\u00f3n, prestigio y futuro&#8221;, coment\u00f3. Respecto a la creaci\u00f3n del Bur\u00f3 de Congresos y Convenciones, se\u00f1al\u00f3 que ya se han instalado 5 mesas de trabajo que dan seguimiento al tema.<\/p>\n\n\n\n<p>De esta manera, inicia IBTM Americas 2025, como el punto de encuentro m\u00e1s relevante de los profesionales de la industria de reuniones de todo un continente en un solo lugar.<\/p>\n","protected":false},"excerpt":{"rendered":"<p>Este 20 de agosto dio inicio IBTM Americas 2025, el principal evento del segmento MICE a nivel continental, que re\u00fane a los profesionales de la industria de reuniones de la regi\u00f3n, por lo que se reafirma como la feria l\u00edder de este importante sector que, ya representa el 1.8% del PIB Nacional, y que, como [&hellip;]<\/p>\n","protected":false},"author":18,"featured_media":83010,"comment_status":"closed","ping_status":"closed","sticky":false,"template":"","format":"standard","meta":{"footnotes":""},"categories":[12],"tags":[16198,22147,11724,10650,27631,14436,27630],"yoast_head":"<!-- This site is optimized with the Yoast SEO plugin v22.2 - https:\/\/yoast.com\/wordpress\/plugins\/seo\/ -->\n<title>IBTM Americas 2025 se reafirma como feria l\u00edder para la industria de reuniones en el continente - Nitu - Noticias de la Industria Turistica<\/title>\n<meta name=\"robots\" content=\"index, follow, max-snippet:-1, max-image-preview:large, max-video-preview:-1\" \/>\n<link rel=\"canonical\" href=\"https:\/\/nitu.mx\/index.php\/2025\/08\/20\/ibtm-americas-2025-se-reafirma-como-feria-lider-para-la-industria-de-reuniones-en-el-continente\/\" \/>\n<meta name=\"twitter:card\" content=\"summary_large_image\" \/>\n<meta name=\"twitter:title\" content=\"IBTM Americas 2025 se reafirma como feria l\u00edder para la industria de reuniones en el continente - Nitu - Noticias de la Industria Turistica\" \/>\n<meta name=\"twitter:description\" content=\"Este 20 de agosto dio inicio IBTM Americas 2025, el principal evento del segmento MICE a nivel continental, que re\u00fane a los profesionales de la industria de reuniones de la regi\u00f3n, por lo que se reafirma como la feria l\u00edder de este importante sector que, ya representa el 1.8% del PIB Nacional, y que, como [&hellip;]\" \/>\n<meta name=\"twitter:image\" content=\"https:\/\/nitu.mx\/wp-content\/uploads\/2025\/08\/IBTM-Americas-2025-inauguracion.jpg\" \/>\n<meta name=\"twitter:creator\" content=\"@NITUmx\" \/>\n<meta name=\"twitter:site\" content=\"@Arturo_Medina_G\" \/>\n<meta name=\"twitter:label1\" content=\"Escrito por\" \/>\n\t<meta name=\"twitter:data1\" content=\"Guadalupe Sixto\" \/>\n\t<meta name=\"twitter:label2\" content=\"Tiempo de lectura\" \/>\n\t<meta name=\"twitter:data2\" content=\"3 minutos\" \/>\n<script type=\"application\/ld+json\" class=\"yoast-schema-graph\">{\"@context\":\"https:\/\/schema.org\",\"@graph\":[{\"@type\":\"Article\",\"@id\":\"https:\/\/nitu.mx\/index.php\/2025\/08\/20\/ibtm-americas-2025-se-reafirma-como-feria-lider-para-la-industria-de-reuniones-en-el-continente\/#article\",\"isPartOf\":{\"@id\":\"https:\/\/nitu.mx\/index.php\/2025\/08\/20\/ibtm-americas-2025-se-reafirma-como-feria-lider-para-la-industria-de-reuniones-en-el-continente\/\"},\"author\":{\"name\":\"Guadalupe Sixto\",\"@id\":\"https:\/\/nitu.mx\/#\/schema\/person\/3df3082b5e46037e3f13614d28ee0b77\"},\"headline\":\"IBTM Americas 2025 se reafirma como feria l\u00edder para la industria de reuniones en el continente\",\"datePublished\":\"2025-08-20T23:50:09+00:00\",\"dateModified\":\"2025-08-20T23:58:06+00:00\",\"mainEntityOfPage\":{\"@id\":\"https:\/\/nitu.mx\/index.php\/2025\/08\/20\/ibtm-americas-2025-se-reafirma-como-feria-lider-para-la-industria-de-reuniones-en-el-continente\/\"},\"wordCount\":620,\"publisher\":{\"@id\":\"https:\/\/nitu.mx\/#\/schema\/person\/ae7a53426417292d3dd07b45a33e01bc\"},\"image\":{\"@id\":\"https:\/\/nitu.mx\/index.php\/2025\/08\/20\/ibtm-americas-2025-se-reafirma-como-feria-lider-para-la-industria-de-reuniones-en-el-continente\/#primaryimage\"},\"thumbnailUrl\":\"https:\/\/nitu.mx\/wp-content\/uploads\/2025\/08\/IBTM-Americas-2025-inauguracion.jpg\",\"keywords\":[\"Alejandra Frausto\",\"Centro Citibanamex\",\"Comir\",\"IBTM Americas\",\"Luiz Bellini\",\"Michel Wohlmuth\",\"RX M\u00e9xico\"],\"articleSection\":[\"Marketing\"],\"inLanguage\":\"es-MX\"},{\"@type\":\"WebPage\",\"@id\":\"https:\/\/nitu.mx\/index.php\/2025\/08\/20\/ibtm-americas-2025-se-reafirma-como-feria-lider-para-la-industria-de-reuniones-en-el-continente\/\",\"url\":\"https:\/\/nitu.mx\/index.php\/2025\/08\/20\/ibtm-americas-2025-se-reafirma-como-feria-lider-para-la-industria-de-reuniones-en-el-continente\/\",\"name\":\"IBTM Americas 2025 se reafirma como feria l\u00edder para la industria de reuniones en el continente - Nitu - Noticias de la Industria Turistica\",\"isPartOf\":{\"@id\":\"https:\/\/nitu.mx\/#website\"},\"primaryImageOfPage\":{\"@id\":\"https:\/\/nitu.mx\/index.php\/2025\/08\/20\/ibtm-americas-2025-se-reafirma-como-feria-lider-para-la-industria-de-reuniones-en-el-continente\/#primaryimage\"},\"image\":{\"@id\":\"https:\/\/nitu.mx\/index.php\/2025\/08\/20\/ibtm-americas-2025-se-reafirma-como-feria-lider-para-la-industria-de-reuniones-en-el-continente\/#primaryimage\"},\"thumbnailUrl\":\"https:\/\/nitu.mx\/wp-content\/uploads\/2025\/08\/IBTM-Americas-2025-inauguracion.jpg\",\"datePublished\":\"2025-08-20T23:50:09+00:00\",\"dateModified\":\"2025-08-20T23:58:06+00:00\",\"breadcrumb\":{\"@id\":\"https:\/\/nitu.mx\/index.php\/2025\/08\/20\/ibtm-americas-2025-se-reafirma-como-feria-lider-para-la-industria-de-reuniones-en-el-continente\/#breadcrumb\"},\"inLanguage\":\"es-MX\",\"potentialAction\":[{\"@type\":\"ReadAction\",\"target\":[\"https:\/\/nitu.mx\/index.php\/2025\/08\/20\/ibtm-americas-2025-se-reafirma-como-feria-lider-para-la-industria-de-reuniones-en-el-continente\/\"]}]},{\"@type\":\"ImageObject\",\"inLanguage\":\"es-MX\",\"@id\":\"https:\/\/nitu.mx\/index.php\/2025\/08\/20\/ibtm-americas-2025-se-reafirma-como-feria-lider-para-la-industria-de-reuniones-en-el-continente\/#primaryimage\",\"url\":\"https:\/\/nitu.mx\/wp-content\/uploads\/2025\/08\/IBTM-Americas-2025-inauguracion.jpg\",\"contentUrl\":\"https:\/\/nitu.mx\/wp-content\/uploads\/2025\/08\/IBTM-Americas-2025-inauguracion.jpg\",\"width\":1200,\"height\":675,\"caption\":\"IBTM Americas 2025 inauguraci\u00f3n\"},{\"@type\":\"BreadcrumbList\",\"@id\":\"https:\/\/nitu.mx\/index.php\/2025\/08\/20\/ibtm-americas-2025-se-reafirma-como-feria-lider-para-la-industria-de-reuniones-en-el-continente\/#breadcrumb\",\"itemListElement\":[{\"@type\":\"ListItem\",\"position\":1,\"name\":\"Inicio\",\"item\":\"https:\/\/nitu.mx\/\"},{\"@type\":\"ListItem\",\"position\":2,\"name\":\"IBTM Americas 2025 se reafirma como feria l\u00edder para la industria de reuniones en el continente\"}]},{\"@type\":\"WebSite\",\"@id\":\"https:\/\/nitu.mx\/#website\",\"url\":\"https:\/\/nitu.mx\/\",\"name\":\"Nitu - Noticias de la Industria Turistica\",\"description\":\"Noticias de la Industria Turistica\",\"publisher\":{\"@id\":\"https:\/\/nitu.mx\/#\/schema\/person\/ae7a53426417292d3dd07b45a33e01bc\"},\"alternateName\":\"Noticias de la Industria Turistica\",\"potentialAction\":[{\"@type\":\"SearchAction\",\"target\":{\"@type\":\"EntryPoint\",\"urlTemplate\":\"https:\/\/nitu.mx\/?s={search_term_string}\"},\"query-input\":\"required name=search_term_string\"}],\"inLanguage\":\"es-MX\"},{\"@type\":[\"Person\",\"Organization\"],\"@id\":\"https:\/\/nitu.mx\/#\/schema\/person\/ae7a53426417292d3dd07b45a33e01bc\",\"name\":\"Arturo Medina\",\"image\":{\"@type\":\"ImageObject\",\"inLanguage\":\"es-MX\",\"@id\":\"https:\/\/nitu.mx\/#\/schema\/person\/image\/\",\"url\":\"https:\/\/nitu.mx\/wp-content\/uploads\/2024\/04\/4A315622-1904-4D5C-B022-878CDC840E04-90x90-1.jpeg\",\"contentUrl\":\"https:\/\/nitu.mx\/wp-content\/uploads\/2024\/04\/4A315622-1904-4D5C-B022-878CDC840E04-90x90-1.jpeg\",\"width\":90,\"height\":90,\"caption\":\"Arturo Medina\"},\"logo\":{\"@id\":\"https:\/\/nitu.mx\/#\/schema\/person\/image\/\"},\"description\":\"Director NITU.mx, Egresado de la Escuela de Periodismo Carlos Septi\u00e9n Garc\u00eda. Periodista y analista especializado en turismo desde hace 35 a\u00f1os, radicado en Canc\u00fan Q.Roo. arturo@nitu.mx\",\"sameAs\":[\"https:\/\/nitu.mx\",\"https:\/\/www.facebook.com\/NITUmx\/\",\"medinacancun\",\"https:\/\/twitter.com\/@Arturo_Medina_G\"]},{\"@type\":\"Person\",\"@id\":\"https:\/\/nitu.mx\/#\/schema\/person\/3df3082b5e46037e3f13614d28ee0b77\",\"name\":\"Guadalupe Sixto\",\"image\":{\"@type\":\"ImageObject\",\"inLanguage\":\"es-MX\",\"@id\":\"https:\/\/nitu.mx\/#\/schema\/person\/image\/\",\"url\":\"https:\/\/secure.gravatar.com\/avatar\/13914e1b0e1919e91f9539de4dc584c4?s=96&d=mm&r=g\",\"contentUrl\":\"https:\/\/secure.gravatar.com\/avatar\/13914e1b0e1919e91f9539de4dc584c4?s=96&d=mm&r=g\",\"caption\":\"Guadalupe Sixto\"},\"url\":\"https:\/\/nitu.mx\/index.php\/author\/gsixto\/\"}]}<\/script>\n<!-- \/ Yoast SEO plugin. -->","yoast_head_json":{"title":"IBTM Americas 2025 se reafirma como feria l\u00edder para la industria de reuniones en el continente - Nitu - Noticias de la Industria Turistica","robots":{"index":"index","follow":"follow","max-snippet":"max-snippet:-1","max-image-preview":"max-image-preview:large","max-video-preview":"max-video-preview:-1"},"canonical":"https:\/\/nitu.mx\/index.php\/2025\/08\/20\/ibtm-americas-2025-se-reafirma-como-feria-lider-para-la-industria-de-reuniones-en-el-continente\/","twitter_card":"summary_large_image","twitter_title":"IBTM Americas 2025 se reafirma como feria l\u00edder para la industria de reuniones en el continente - Nitu - Noticias de la Industria Turistica","twitter_description":"Este 20 de agosto dio inicio IBTM Americas 2025, el principal evento del segmento MICE a nivel continental, que re\u00fane a los profesionales de la industria de reuniones de la regi\u00f3n, por lo que se reafirma como la feria l\u00edder de este importante sector que, ya representa el 1.8% del PIB Nacional, y que, como [&hellip;]","twitter_image":"https:\/\/nitu.mx\/wp-content\/uploads\/2025\/08\/IBTM-Americas-2025-inauguracion.jpg","twitter_creator":"@NITUmx","twitter_site":"@Arturo_Medina_G","twitter_misc":{"Escrito por":"Guadalupe Sixto","Tiempo de lectura":"3 minutos"},"schema":{"@context":"https:\/\/schema.org","@graph":[{"@type":"Article","@id":"https:\/\/nitu.mx\/index.php\/2025\/08\/20\/ibtm-americas-2025-se-reafirma-como-feria-lider-para-la-industria-de-reuniones-en-el-continente\/#article","isPartOf":{"@id":"https:\/\/nitu.mx\/index.php\/2025\/08\/20\/ibtm-americas-2025-se-reafirma-como-feria-lider-para-la-industria-de-reuniones-en-el-continente\/"},"author":{"name":"Guadalupe Sixto","@id":"https:\/\/nitu.mx\/#\/schema\/person\/3df3082b5e46037e3f13614d28ee0b77"},"headline":"IBTM Americas 2025 se reafirma como feria l\u00edder para la industria de reuniones en el continente","datePublished":"2025-08-20T23:50:09+00:00","dateModified":"2025-08-20T23:58:06+00:00","mainEntityOfPage":{"@id":"https:\/\/nitu.mx\/index.php\/2025\/08\/20\/ibtm-americas-2025-se-reafirma-como-feria-lider-para-la-industria-de-reuniones-en-el-continente\/"},"wordCount":620,"publisher":{"@id":"https:\/\/nitu.mx\/#\/schema\/person\/ae7a53426417292d3dd07b45a33e01bc"},"image":{"@id":"https:\/\/nitu.mx\/index.php\/2025\/08\/20\/ibtm-americas-2025-se-reafirma-como-feria-lider-para-la-industria-de-reuniones-en-el-continente\/#primaryimage"},"thumbnailUrl":"https:\/\/nitu.mx\/wp-content\/uploads\/2025\/08\/IBTM-Americas-2025-inauguracion.jpg","keywords":["Alejandra Frausto","Centro Citibanamex","Comir","IBTM Americas","Luiz Bellini","Michel Wohlmuth","RX M\u00e9xico"],"articleSection":["Marketing"],"inLanguage":"es-MX"},{"@type":"WebPage","@id":"https:\/\/nitu.mx\/index.php\/2025\/08\/20\/ibtm-americas-2025-se-reafirma-como-feria-lider-para-la-industria-de-reuniones-en-el-continente\/","url":"https:\/\/nitu.mx\/index.php\/2025\/08\/20\/ibtm-americas-2025-se-reafirma-como-feria-lider-para-la-industria-de-reuniones-en-el-continente\/","name":"IBTM Americas 2025 se reafirma como feria l\u00edder para la industria de reuniones en el continente - Nitu - Noticias de la Industria Turistica","isPartOf":{"@id":"https:\/\/nitu.mx\/#website"},"primaryImageOfPage":{"@id":"https:\/\/nitu.mx\/index.php\/2025\/08\/20\/ibtm-americas-2025-se-reafirma-como-feria-lider-para-la-industria-de-reuniones-en-el-continente\/#primaryimage"},"image":{"@id":"https:\/\/nitu.mx\/index.php\/2025\/08\/20\/ibtm-americas-2025-se-reafirma-como-feria-lider-para-la-industria-de-reuniones-en-el-continente\/#primaryimage"},"thumbnailUrl":"https:\/\/nitu.mx\/wp-content\/uploads\/2025\/08\/IBTM-Americas-2025-inauguracion.jpg","datePublished":"2025-08-20T23:50:09+00:00","dateModified":"2025-08-20T23:58:06+00:00","breadcrumb":{"@id":"https:\/\/nitu.mx\/index.php\/2025\/08\/20\/ibtm-americas-2025-se-reafirma-como-feria-lider-para-la-industria-de-reuniones-en-el-continente\/#breadcrumb"},"inLanguage":"es-MX","potentialAction":[{"@type":"ReadAction","target":["https:\/\/nitu.mx\/index.php\/2025\/08\/20\/ibtm-americas-2025-se-reafirma-como-feria-lider-para-la-industria-de-reuniones-en-el-continente\/"]}]},{"@type":"ImageObject","inLanguage":"es-MX","@id":"https:\/\/nitu.mx\/index.php\/2025\/08\/20\/ibtm-americas-2025-se-reafirma-como-feria-lider-para-la-industria-de-reuniones-en-el-continente\/#primaryimage","url":"https:\/\/nitu.mx\/wp-content\/uploads\/2025\/08\/IBTM-Americas-2025-inauguracion.jpg","contentUrl":"https:\/\/nitu.mx\/wp-content\/uploads\/2025\/08\/IBTM-Americas-2025-inauguracion.jpg","width":1200,"height":675,"caption":"IBTM Americas 2025 inauguraci\u00f3n"},{"@type":"BreadcrumbList","@id":"https:\/\/nitu.mx\/index.php\/2025\/08\/20\/ibtm-americas-2025-se-reafirma-como-feria-lider-para-la-industria-de-reuniones-en-el-continente\/#breadcrumb","itemListElement":[{"@type":"ListItem","position":1,"name":"Inicio","item":"https:\/\/nitu.mx\/"},{"@type":"ListItem","position":2,"name":"IBTM Americas 2025 se reafirma como feria l\u00edder para la industria de reuniones en el continente"}]},{"@type":"WebSite","@id":"https:\/\/nitu.mx\/#website","url":"https:\/\/nitu.mx\/","name":"Nitu - Noticias de la Industria Turistica","description":"Noticias de la Industria Turistica","publisher":{"@id":"https:\/\/nitu.mx\/#\/schema\/person\/ae7a53426417292d3dd07b45a33e01bc"},"alternateName":"Noticias de la Industria Turistica","potentialAction":[{"@type":"SearchAction","target":{"@type":"EntryPoint","urlTemplate":"https:\/\/nitu.mx\/?s={search_term_string}"},"query-input":"required name=search_term_string"}],"inLanguage":"es-MX"},{"@type":["Person","Organization"],"@id":"https:\/\/nitu.mx\/#\/schema\/person\/ae7a53426417292d3dd07b45a33e01bc","name":"Arturo Medina","image":{"@type":"ImageObject","inLanguage":"es-MX","@id":"https:\/\/nitu.mx\/#\/schema\/person\/image\/","url":"https:\/\/nitu.mx\/wp-content\/uploads\/2024\/04\/4A315622-1904-4D5C-B022-878CDC840E04-90x90-1.jpeg","contentUrl":"https:\/\/nitu.mx\/wp-content\/uploads\/2024\/04\/4A315622-1904-4D5C-B022-878CDC840E04-90x90-1.jpeg","width":90,"height":90,"caption":"Arturo Medina"},"logo":{"@id":"https:\/\/nitu.mx\/#\/schema\/person\/image\/"},"description":"Director NITU.mx, Egresado de la Escuela de Periodismo Carlos Septi\u00e9n Garc\u00eda. Periodista y analista especializado en turismo desde hace 35 a\u00f1os, radicado en Canc\u00fan Q.Roo. arturo@nitu.mx","sameAs":["https:\/\/nitu.mx","https:\/\/www.facebook.com\/NITUmx\/","medinacancun","https:\/\/twitter.com\/@Arturo_Medina_G"]},{"@type":"Person","@id":"https:\/\/nitu.mx\/#\/schema\/person\/3df3082b5e46037e3f13614d28ee0b77","name":"Guadalupe Sixto","image":{"@type":"ImageObject","inLanguage":"es-MX","@id":"https:\/\/nitu.mx\/#\/schema\/person\/image\/","url":"https:\/\/secure.gravatar.com\/avatar\/13914e1b0e1919e91f9539de4dc584c4?s=96&d=mm&r=g","contentUrl":"https:\/\/secure.gravatar.com\/avatar\/13914e1b0e1919e91f9539de4dc584c4?s=96&d=mm&r=g","caption":"Guadalupe Sixto"},"url":"https:\/\/nitu.mx\/index.php\/author\/gsixto\/"}]}},"views":523,"_links":{"self":[{"href":"https:\/\/nitu.mx\/index.php\/wp-json\/wp\/v2\/posts\/83007"}],"collection":[{"href":"https:\/\/nitu.mx\/index.php\/wp-json\/wp\/v2\/posts"}],"about":[{"href":"https:\/\/nitu.mx\/index.php\/wp-json\/wp\/v2\/types\/post"}],"author":[{"embeddable":true,"href":"https:\/\/nitu.mx\/index.php\/wp-json\/wp\/v2\/users\/18"}],"replies":[{"embeddable":true,"href":"https:\/\/nitu.mx\/index.php\/wp-json\/wp\/v2\/comments?post=83007"}],"version-history":[{"count":2,"href":"https:\/\/nitu.mx\/index.php\/wp-json\/wp\/v2\/posts\/83007\/revisions"}],"predecessor-version":[{"id":83012,"href":"https:\/\/nitu.mx\/index.php\/wp-json\/wp\/v2\/posts\/83007\/revisions\/83012"}],"wp:featuredmedia":[{"embeddable":true,"href":"https:\/\/nitu.mx\/index.php\/wp-json\/wp\/v2\/media\/83010"}],"wp:attachment":[{"href":"https:\/\/nitu.mx\/index.php\/wp-json\/wp\/v2\/media?parent=83007"}],"wp:term":[{"taxonomy":"category","embeddable":true,"href":"https:\/\/nitu.mx\/index.php\/wp-json\/wp\/v2\/categories?post=83007"},{"taxonomy":"post_tag","embeddable":true,"href":"https:\/\/nitu.mx\/index.php\/wp-json\/wp\/v2\/tags?post=83007"}],"curies":[{"name":"wp","href":"https:\/\/api.w.org\/{rel}","templated":true}]}}