{"id":83002,"date":"2025-08-20T09:00:00","date_gmt":"2025-08-20T15:00:00","guid":{"rendered":"https:\/\/nitu.mx\/?p=83002"},"modified":"2025-08-20T00:11:58","modified_gmt":"2025-08-20T06:11:58","slug":"caribe-mexicano-llega-a-ibtm-americas-con-mas-de-170-mil-m2-de-espacios-para-reuniones","status":"publish","type":"post","link":"https:\/\/nitu.mx\/index.php\/2025\/08\/20\/caribe-mexicano-llega-a-ibtm-americas-con-mas-de-170-mil-m2-de-espacios-para-reuniones\/","title":{"rendered":"Caribe Mexicano llega a IBTM Americas con m\u00e1s de 170 mil m2 de espacios para reuniones"},"content":{"rendered":"\n<p>En el marco de IBTM Americas, el principal encuentro para la industria de reuniones del continente que se realiza en el Centro Citibanamex de la Ciudad de M\u00e9xico este 20 y 21 de agosto, el Caribe Mexicano tendr\u00e1 una importante presencia con una s\u00f3lida oferta de 170 mil 506 metros cuadrados de espacio para este relevante segmento tur\u00edstico.<\/p>\n\n\n\n<p>Previo al inicio del evento, el director general del Consejo de Promoci\u00f3n Tur\u00edstica de Quintana Roo (CPTQ), Andr\u00e9s Mart\u00ednez, acompa\u00f1ado de Danae Makrygiannis, directora de Marketing y Relaciones P\u00fablicas; Roc\u00edo Gonz\u00e1lez, directora de Operaciones CCO; y Carolina Santill\u00e1n, gerente MICE, del organismo, presentaron parte de la amplia infraestructura que ofrece la entidad distribuida en sus 12 destinos tur\u00edsticos.<\/p>\n\n\n\n<p>Destacaron que, de los espacios para reuniones, 151 mil 195 metros cuadrados corresponden a salones en los hoteles, y el resto se distribuye en sus tres centros de convenciones: 14 mil 200 metros cuadrados en Canc\u00fan Center; mil 700 en el Centro de Convenciones de Cozumel y 3 mil 411 en el Centro de Convenciones Chetumal; a lo cual se deben considerar 13 campos de golf, que complementan una oferta atractiva para el nicho de reuniones.<\/p>\n\n\n\n<p>Al ser el principal destino de Am\u00e9rica Latina, el \u00e9xito de Canc\u00fan se ha replicado en destinos ya muy ubicados como la Riviera Maya y Tulum; tambi\u00e9n ha fortalecido a otros como Isla Mujeres y Cozumel; y poco a poco impacta en el desarrollo de Bacalar, Mahahual y Chetumal en el sur, as\u00ed como Holbox en el norte.<\/p>\n\n\n\n<p>Esto ha derivado en que m\u00e1s all\u00e1 del segmento de sol y playa visiten el estado, pues en los \u00faltimos a\u00f1os, el tema gastron\u00f3mico, de romance, musical, deportivo y el segmento MICE (la industria de reuniones por sus siglas en ingl\u00e9s) han tomado gran relevancia.<\/p>\n\n\n\n<p>A esto se suma la robusta infraestructura tur\u00edstica, que en 2024 alcanz\u00f3 los 135 mil cuartos de hotel, los 6 mil 328 que se incorporaron o remodelaron entre el a\u00f1o pasado y lo que va de este y los 8 mil 617 que est\u00e1n por abrirse en los siguientes a\u00f1os; de ah\u00ed que mantener una ocupaci\u00f3n promedio superior al 70% resulta satisfactorio, ante una creciente oferta hotelera.<\/p>\n\n\n\n<p>El director del CPTQ tambi\u00e9n refiere a Quintana Roo como un destino hiperconectado, pues cuenta con 4 aeropuertos, todos internacionales (Canc\u00fan, Tulum, Cozumel y Chetumal), v\u00eda terrestre no solo cuenta con carreteras y autopistas, sino tambi\u00e9n ya se suma el Tren Maya que, sin tintes pol\u00edticos, afirma que es un medio de transporte pr\u00e1ctico para desplazarse entre los destinos, y v\u00eda mar\u00edtima, los ferris que conectan las zonas insulares con el continente, cierran este ciclo de medios de transporte.<\/p>\n\n\n\n<p>Los visitantes que asisten a reuniones en el Caribe Mexicano bien pueden complementar su estancia con actividades previas o posteriores a sus eventos, en alguna de las 407 cuevas, 2 mil 500 cenotes y los 900 kil\u00f3metros de costa, tan solo por mencionar parte de la riqueza natural de la entidad.<\/p>\n\n\n\n<p>Con estas credenciales, este mi\u00e9rcoles y jueves, el Caribe Mexicano cautivar\u00e1 a los m\u00e1s de 10 mil expertos en MICE que se estima asistan a IBTM Americas 2025. (<a href=\"https:\/\/nitu.mx\/index.php\/2025\/01\/12\/cancun-y-cdmx-lideran-las-preferencias-del-mice-en-latam-para-2025-amex-gbt\/\">Canc\u00fan y CDMX lideran las preferencias del MICE en Latam para 2025: Amex GBT<\/a>).<\/p>\n","protected":false},"excerpt":{"rendered":"<p>En el marco de IBTM Americas, el principal encuentro para la industria de reuniones del continente que se realiza en el Centro Citibanamex de la Ciudad de M\u00e9xico este 20 y 21 de agosto, el Caribe Mexicano tendr\u00e1 una importante presencia con una s\u00f3lida oferta de 170 mil 506 metros cuadrados de espacio para este [&hellip;]<\/p>\n","protected":false},"author":18,"featured_media":83005,"comment_status":"closed","ping_status":"closed","sticky":false,"template":"","format":"standard","meta":{"footnotes":""},"categories":[18475],"tags":[5731,83,8145,10650,970],"yoast_head":"<!-- This site is optimized with the Yoast SEO plugin v22.2 - https:\/\/yoast.com\/wordpress\/plugins\/seo\/ -->\n<title>Caribe Mexicano llega a IBTM Americas con m\u00e1s de 170 mil m2 de espacios para reuniones - Nitu - Noticias de la Industria Turistica<\/title>\n<meta name=\"robots\" content=\"index, follow, max-snippet:-1, max-image-preview:large, max-video-preview:-1\" \/>\n<link rel=\"canonical\" href=\"https:\/\/nitu.mx\/index.php\/2025\/08\/20\/caribe-mexicano-llega-a-ibtm-americas-con-mas-de-170-mil-m2-de-espacios-para-reuniones\/\" \/>\n<meta name=\"twitter:card\" content=\"summary_large_image\" \/>\n<meta name=\"twitter:title\" content=\"Caribe Mexicano llega a IBTM Americas con m\u00e1s de 170 mil m2 de espacios para reuniones - Nitu - Noticias de la Industria Turistica\" \/>\n<meta name=\"twitter:description\" content=\"En el marco de IBTM Americas, el principal encuentro para la industria de reuniones del continente que se realiza en el Centro Citibanamex de la Ciudad de M\u00e9xico este 20 y 21 de agosto, el Caribe Mexicano tendr\u00e1 una importante presencia con una s\u00f3lida oferta de 170 mil 506 metros cuadrados de espacio para este [&hellip;]\" \/>\n<meta name=\"twitter:image\" content=\"https:\/\/nitu.mx\/wp-content\/uploads\/2025\/08\/Caribe-Mexicano-CPTQ-MICE.jpg\" \/>\n<meta name=\"twitter:creator\" content=\"@NITUmx\" \/>\n<meta name=\"twitter:site\" content=\"@Arturo_Medina_G\" \/>\n<meta name=\"twitter:label1\" content=\"Escrito por\" \/>\n\t<meta name=\"twitter:data1\" content=\"Guadalupe Sixto\" \/>\n\t<meta name=\"twitter:label2\" content=\"Tiempo de lectura\" \/>\n\t<meta name=\"twitter:data2\" content=\"3 minutos\" \/>\n<script type=\"application\/ld+json\" class=\"yoast-schema-graph\">{\"@context\":\"https:\/\/schema.org\",\"@graph\":[{\"@type\":\"Article\",\"@id\":\"https:\/\/nitu.mx\/index.php\/2025\/08\/20\/caribe-mexicano-llega-a-ibtm-americas-con-mas-de-170-mil-m2-de-espacios-para-reuniones\/#article\",\"isPartOf\":{\"@id\":\"https:\/\/nitu.mx\/index.php\/2025\/08\/20\/caribe-mexicano-llega-a-ibtm-americas-con-mas-de-170-mil-m2-de-espacios-para-reuniones\/\"},\"author\":{\"name\":\"Guadalupe Sixto\",\"@id\":\"https:\/\/nitu.mx\/#\/schema\/person\/3df3082b5e46037e3f13614d28ee0b77\"},\"headline\":\"Caribe Mexicano llega a IBTM Americas con m\u00e1s de 170 mil m2 de espacios para reuniones\",\"datePublished\":\"2025-08-20T15:00:00+00:00\",\"dateModified\":\"2025-08-20T06:11:58+00:00\",\"mainEntityOfPage\":{\"@id\":\"https:\/\/nitu.mx\/index.php\/2025\/08\/20\/caribe-mexicano-llega-a-ibtm-americas-con-mas-de-170-mil-m2-de-espacios-para-reuniones\/\"},\"wordCount\":560,\"publisher\":{\"@id\":\"https:\/\/nitu.mx\/#\/schema\/person\/ae7a53426417292d3dd07b45a33e01bc\"},\"image\":{\"@id\":\"https:\/\/nitu.mx\/index.php\/2025\/08\/20\/caribe-mexicano-llega-a-ibtm-americas-con-mas-de-170-mil-m2-de-espacios-para-reuniones\/#primaryimage\"},\"thumbnailUrl\":\"https:\/\/nitu.mx\/wp-content\/uploads\/2025\/08\/Caribe-Mexicano-CPTQ-MICE.jpg\",\"keywords\":[\"Andr\u00e9s Mart\u00ednez\",\"Caribe mexicano\",\"CPTQ\",\"IBTM Americas\",\"MICE\"],\"articleSection\":[\"Caribe Mexicano\"],\"inLanguage\":\"es-MX\"},{\"@type\":\"WebPage\",\"@id\":\"https:\/\/nitu.mx\/index.php\/2025\/08\/20\/caribe-mexicano-llega-a-ibtm-americas-con-mas-de-170-mil-m2-de-espacios-para-reuniones\/\",\"url\":\"https:\/\/nitu.mx\/index.php\/2025\/08\/20\/caribe-mexicano-llega-a-ibtm-americas-con-mas-de-170-mil-m2-de-espacios-para-reuniones\/\",\"name\":\"Caribe Mexicano llega a IBTM Americas con m\u00e1s de 170 mil m2 de espacios para reuniones - Nitu - Noticias de la Industria Turistica\",\"isPartOf\":{\"@id\":\"https:\/\/nitu.mx\/#website\"},\"primaryImageOfPage\":{\"@id\":\"https:\/\/nitu.mx\/index.php\/2025\/08\/20\/caribe-mexicano-llega-a-ibtm-americas-con-mas-de-170-mil-m2-de-espacios-para-reuniones\/#primaryimage\"},\"image\":{\"@id\":\"https:\/\/nitu.mx\/index.php\/2025\/08\/20\/caribe-mexicano-llega-a-ibtm-americas-con-mas-de-170-mil-m2-de-espacios-para-reuniones\/#primaryimage\"},\"thumbnailUrl\":\"https:\/\/nitu.mx\/wp-content\/uploads\/2025\/08\/Caribe-Mexicano-CPTQ-MICE.jpg\",\"datePublished\":\"2025-08-20T15:00:00+00:00\",\"dateModified\":\"2025-08-20T06:11:58+00:00\",\"breadcrumb\":{\"@id\":\"https:\/\/nitu.mx\/index.php\/2025\/08\/20\/caribe-mexicano-llega-a-ibtm-americas-con-mas-de-170-mil-m2-de-espacios-para-reuniones\/#breadcrumb\"},\"inLanguage\":\"es-MX\",\"potentialAction\":[{\"@type\":\"ReadAction\",\"target\":[\"https:\/\/nitu.mx\/index.php\/2025\/08\/20\/caribe-mexicano-llega-a-ibtm-americas-con-mas-de-170-mil-m2-de-espacios-para-reuniones\/\"]}]},{\"@type\":\"ImageObject\",\"inLanguage\":\"es-MX\",\"@id\":\"https:\/\/nitu.mx\/index.php\/2025\/08\/20\/caribe-mexicano-llega-a-ibtm-americas-con-mas-de-170-mil-m2-de-espacios-para-reuniones\/#primaryimage\",\"url\":\"https:\/\/nitu.mx\/wp-content\/uploads\/2025\/08\/Caribe-Mexicano-CPTQ-MICE.jpg\",\"contentUrl\":\"https:\/\/nitu.mx\/wp-content\/uploads\/2025\/08\/Caribe-Mexicano-CPTQ-MICE.jpg\",\"width\":1200,\"height\":675},{\"@type\":\"BreadcrumbList\",\"@id\":\"https:\/\/nitu.mx\/index.php\/2025\/08\/20\/caribe-mexicano-llega-a-ibtm-americas-con-mas-de-170-mil-m2-de-espacios-para-reuniones\/#breadcrumb\",\"itemListElement\":[{\"@type\":\"ListItem\",\"position\":1,\"name\":\"Inicio\",\"item\":\"https:\/\/nitu.mx\/\"},{\"@type\":\"ListItem\",\"position\":2,\"name\":\"Caribe Mexicano llega a IBTM Americas con m\u00e1s de 170 mil m2 de espacios para reuniones\"}]},{\"@type\":\"WebSite\",\"@id\":\"https:\/\/nitu.mx\/#website\",\"url\":\"https:\/\/nitu.mx\/\",\"name\":\"Nitu - Noticias de la Industria Turistica\",\"description\":\"Noticias de la Industria Turistica\",\"publisher\":{\"@id\":\"https:\/\/nitu.mx\/#\/schema\/person\/ae7a53426417292d3dd07b45a33e01bc\"},\"alternateName\":\"Noticias de la Industria Turistica\",\"potentialAction\":[{\"@type\":\"SearchAction\",\"target\":{\"@type\":\"EntryPoint\",\"urlTemplate\":\"https:\/\/nitu.mx\/?s={search_term_string}\"},\"query-input\":\"required name=search_term_string\"}],\"inLanguage\":\"es-MX\"},{\"@type\":[\"Person\",\"Organization\"],\"@id\":\"https:\/\/nitu.mx\/#\/schema\/person\/ae7a53426417292d3dd07b45a33e01bc\",\"name\":\"Arturo Medina\",\"image\":{\"@type\":\"ImageObject\",\"inLanguage\":\"es-MX\",\"@id\":\"https:\/\/nitu.mx\/#\/schema\/person\/image\/\",\"url\":\"https:\/\/nitu.mx\/wp-content\/uploads\/2024\/04\/4A315622-1904-4D5C-B022-878CDC840E04-90x90-1.jpeg\",\"contentUrl\":\"https:\/\/nitu.mx\/wp-content\/uploads\/2024\/04\/4A315622-1904-4D5C-B022-878CDC840E04-90x90-1.jpeg\",\"width\":90,\"height\":90,\"caption\":\"Arturo Medina\"},\"logo\":{\"@id\":\"https:\/\/nitu.mx\/#\/schema\/person\/image\/\"},\"description\":\"Director NITU.mx, Egresado de la Escuela de Periodismo Carlos Septi\u00e9n Garc\u00eda. Periodista y analista especializado en turismo desde hace 35 a\u00f1os, radicado en Canc\u00fan Q.Roo. arturo@nitu.mx\",\"sameAs\":[\"https:\/\/nitu.mx\",\"https:\/\/www.facebook.com\/NITUmx\/\",\"medinacancun\",\"https:\/\/twitter.com\/@Arturo_Medina_G\"]},{\"@type\":\"Person\",\"@id\":\"https:\/\/nitu.mx\/#\/schema\/person\/3df3082b5e46037e3f13614d28ee0b77\",\"name\":\"Guadalupe Sixto\",\"image\":{\"@type\":\"ImageObject\",\"inLanguage\":\"es-MX\",\"@id\":\"https:\/\/nitu.mx\/#\/schema\/person\/image\/\",\"url\":\"https:\/\/secure.gravatar.com\/avatar\/13914e1b0e1919e91f9539de4dc584c4?s=96&d=mm&r=g\",\"contentUrl\":\"https:\/\/secure.gravatar.com\/avatar\/13914e1b0e1919e91f9539de4dc584c4?s=96&d=mm&r=g\",\"caption\":\"Guadalupe Sixto\"},\"url\":\"https:\/\/nitu.mx\/index.php\/author\/gsixto\/\"}]}<\/script>\n<!-- \/ Yoast SEO plugin. -->","yoast_head_json":{"title":"Caribe Mexicano llega a IBTM Americas con m\u00e1s de 170 mil m2 de espacios para reuniones - Nitu - Noticias de la Industria Turistica","robots":{"index":"index","follow":"follow","max-snippet":"max-snippet:-1","max-image-preview":"max-image-preview:large","max-video-preview":"max-video-preview:-1"},"canonical":"https:\/\/nitu.mx\/index.php\/2025\/08\/20\/caribe-mexicano-llega-a-ibtm-americas-con-mas-de-170-mil-m2-de-espacios-para-reuniones\/","twitter_card":"summary_large_image","twitter_title":"Caribe Mexicano llega a IBTM Americas con m\u00e1s de 170 mil m2 de espacios para reuniones - Nitu - Noticias de la Industria Turistica","twitter_description":"En el marco de IBTM Americas, el principal encuentro para la industria de reuniones del continente que se realiza en el Centro Citibanamex de la Ciudad de M\u00e9xico este 20 y 21 de agosto, el Caribe Mexicano tendr\u00e1 una importante presencia con una s\u00f3lida oferta de 170 mil 506 metros cuadrados de espacio para este [&hellip;]","twitter_image":"https:\/\/nitu.mx\/wp-content\/uploads\/2025\/08\/Caribe-Mexicano-CPTQ-MICE.jpg","twitter_creator":"@NITUmx","twitter_site":"@Arturo_Medina_G","twitter_misc":{"Escrito por":"Guadalupe Sixto","Tiempo de lectura":"3 minutos"},"schema":{"@context":"https:\/\/schema.org","@graph":[{"@type":"Article","@id":"https:\/\/nitu.mx\/index.php\/2025\/08\/20\/caribe-mexicano-llega-a-ibtm-americas-con-mas-de-170-mil-m2-de-espacios-para-reuniones\/#article","isPartOf":{"@id":"https:\/\/nitu.mx\/index.php\/2025\/08\/20\/caribe-mexicano-llega-a-ibtm-americas-con-mas-de-170-mil-m2-de-espacios-para-reuniones\/"},"author":{"name":"Guadalupe Sixto","@id":"https:\/\/nitu.mx\/#\/schema\/person\/3df3082b5e46037e3f13614d28ee0b77"},"headline":"Caribe Mexicano llega a IBTM Americas con m\u00e1s de 170 mil m2 de espacios para reuniones","datePublished":"2025-08-20T15:00:00+00:00","dateModified":"2025-08-20T06:11:58+00:00","mainEntityOfPage":{"@id":"https:\/\/nitu.mx\/index.php\/2025\/08\/20\/caribe-mexicano-llega-a-ibtm-americas-con-mas-de-170-mil-m2-de-espacios-para-reuniones\/"},"wordCount":560,"publisher":{"@id":"https:\/\/nitu.mx\/#\/schema\/person\/ae7a53426417292d3dd07b45a33e01bc"},"image":{"@id":"https:\/\/nitu.mx\/index.php\/2025\/08\/20\/caribe-mexicano-llega-a-ibtm-americas-con-mas-de-170-mil-m2-de-espacios-para-reuniones\/#primaryimage"},"thumbnailUrl":"https:\/\/nitu.mx\/wp-content\/uploads\/2025\/08\/Caribe-Mexicano-CPTQ-MICE.jpg","keywords":["Andr\u00e9s Mart\u00ednez","Caribe mexicano","CPTQ","IBTM Americas","MICE"],"articleSection":["Caribe Mexicano"],"inLanguage":"es-MX"},{"@type":"WebPage","@id":"https:\/\/nitu.mx\/index.php\/2025\/08\/20\/caribe-mexicano-llega-a-ibtm-americas-con-mas-de-170-mil-m2-de-espacios-para-reuniones\/","url":"https:\/\/nitu.mx\/index.php\/2025\/08\/20\/caribe-mexicano-llega-a-ibtm-americas-con-mas-de-170-mil-m2-de-espacios-para-reuniones\/","name":"Caribe Mexicano llega a IBTM Americas con m\u00e1s de 170 mil m2 de espacios para reuniones - Nitu - Noticias de la Industria Turistica","isPartOf":{"@id":"https:\/\/nitu.mx\/#website"},"primaryImageOfPage":{"@id":"https:\/\/nitu.mx\/index.php\/2025\/08\/20\/caribe-mexicano-llega-a-ibtm-americas-con-mas-de-170-mil-m2-de-espacios-para-reuniones\/#primaryimage"},"image":{"@id":"https:\/\/nitu.mx\/index.php\/2025\/08\/20\/caribe-mexicano-llega-a-ibtm-americas-con-mas-de-170-mil-m2-de-espacios-para-reuniones\/#primaryimage"},"thumbnailUrl":"https:\/\/nitu.mx\/wp-content\/uploads\/2025\/08\/Caribe-Mexicano-CPTQ-MICE.jpg","datePublished":"2025-08-20T15:00:00+00:00","dateModified":"2025-08-20T06:11:58+00:00","breadcrumb":{"@id":"https:\/\/nitu.mx\/index.php\/2025\/08\/20\/caribe-mexicano-llega-a-ibtm-americas-con-mas-de-170-mil-m2-de-espacios-para-reuniones\/#breadcrumb"},"inLanguage":"es-MX","potentialAction":[{"@type":"ReadAction","target":["https:\/\/nitu.mx\/index.php\/2025\/08\/20\/caribe-mexicano-llega-a-ibtm-americas-con-mas-de-170-mil-m2-de-espacios-para-reuniones\/"]}]},{"@type":"ImageObject","inLanguage":"es-MX","@id":"https:\/\/nitu.mx\/index.php\/2025\/08\/20\/caribe-mexicano-llega-a-ibtm-americas-con-mas-de-170-mil-m2-de-espacios-para-reuniones\/#primaryimage","url":"https:\/\/nitu.mx\/wp-content\/uploads\/2025\/08\/Caribe-Mexicano-CPTQ-MICE.jpg","contentUrl":"https:\/\/nitu.mx\/wp-content\/uploads\/2025\/08\/Caribe-Mexicano-CPTQ-MICE.jpg","width":1200,"height":675},{"@type":"BreadcrumbList","@id":"https:\/\/nitu.mx\/index.php\/2025\/08\/20\/caribe-mexicano-llega-a-ibtm-americas-con-mas-de-170-mil-m2-de-espacios-para-reuniones\/#breadcrumb","itemListElement":[{"@type":"ListItem","position":1,"name":"Inicio","item":"https:\/\/nitu.mx\/"},{"@type":"ListItem","position":2,"name":"Caribe Mexicano llega a IBTM Americas con m\u00e1s de 170 mil m2 de espacios para reuniones"}]},{"@type":"WebSite","@id":"https:\/\/nitu.mx\/#website","url":"https:\/\/nitu.mx\/","name":"Nitu - Noticias de la Industria Turistica","description":"Noticias de la Industria Turistica","publisher":{"@id":"https:\/\/nitu.mx\/#\/schema\/person\/ae7a53426417292d3dd07b45a33e01bc"},"alternateName":"Noticias de la Industria Turistica","potentialAction":[{"@type":"SearchAction","target":{"@type":"EntryPoint","urlTemplate":"https:\/\/nitu.mx\/?s={search_term_string}"},"query-input":"required name=search_term_string"}],"inLanguage":"es-MX"},{"@type":["Person","Organization"],"@id":"https:\/\/nitu.mx\/#\/schema\/person\/ae7a53426417292d3dd07b45a33e01bc","name":"Arturo Medina","image":{"@type":"ImageObject","inLanguage":"es-MX","@id":"https:\/\/nitu.mx\/#\/schema\/person\/image\/","url":"https:\/\/nitu.mx\/wp-content\/uploads\/2024\/04\/4A315622-1904-4D5C-B022-878CDC840E04-90x90-1.jpeg","contentUrl":"https:\/\/nitu.mx\/wp-content\/uploads\/2024\/04\/4A315622-1904-4D5C-B022-878CDC840E04-90x90-1.jpeg","width":90,"height":90,"caption":"Arturo Medina"},"logo":{"@id":"https:\/\/nitu.mx\/#\/schema\/person\/image\/"},"description":"Director NITU.mx, Egresado de la Escuela de Periodismo Carlos Septi\u00e9n Garc\u00eda. Periodista y analista especializado en turismo desde hace 35 a\u00f1os, radicado en Canc\u00fan Q.Roo. arturo@nitu.mx","sameAs":["https:\/\/nitu.mx","https:\/\/www.facebook.com\/NITUmx\/","medinacancun","https:\/\/twitter.com\/@Arturo_Medina_G"]},{"@type":"Person","@id":"https:\/\/nitu.mx\/#\/schema\/person\/3df3082b5e46037e3f13614d28ee0b77","name":"Guadalupe Sixto","image":{"@type":"ImageObject","inLanguage":"es-MX","@id":"https:\/\/nitu.mx\/#\/schema\/person\/image\/","url":"https:\/\/secure.gravatar.com\/avatar\/13914e1b0e1919e91f9539de4dc584c4?s=96&d=mm&r=g","contentUrl":"https:\/\/secure.gravatar.com\/avatar\/13914e1b0e1919e91f9539de4dc584c4?s=96&d=mm&r=g","caption":"Guadalupe Sixto"},"url":"https:\/\/nitu.mx\/index.php\/author\/gsixto\/"}]}},"views":653,"_links":{"self":[{"href":"https:\/\/nitu.mx\/index.php\/wp-json\/wp\/v2\/posts\/83002"}],"collection":[{"href":"https:\/\/nitu.mx\/index.php\/wp-json\/wp\/v2\/posts"}],"about":[{"href":"https:\/\/nitu.mx\/index.php\/wp-json\/wp\/v2\/types\/post"}],"author":[{"embeddable":true,"href":"https:\/\/nitu.mx\/index.php\/wp-json\/wp\/v2\/users\/18"}],"replies":[{"embeddable":true,"href":"https:\/\/nitu.mx\/index.php\/wp-json\/wp\/v2\/comments?post=83002"}],"version-history":[{"count":1,"href":"https:\/\/nitu.mx\/index.php\/wp-json\/wp\/v2\/posts\/83002\/revisions"}],"predecessor-version":[{"id":83004,"href":"https:\/\/nitu.mx\/index.php\/wp-json\/wp\/v2\/posts\/83002\/revisions\/83004"}],"wp:featuredmedia":[{"embeddable":true,"href":"https:\/\/nitu.mx\/index.php\/wp-json\/wp\/v2\/media\/83005"}],"wp:attachment":[{"href":"https:\/\/nitu.mx\/index.php\/wp-json\/wp\/v2\/media?parent=83002"}],"wp:term":[{"taxonomy":"category","embeddable":true,"href":"https:\/\/nitu.mx\/index.php\/wp-json\/wp\/v2\/categories?post=83002"},{"taxonomy":"post_tag","embeddable":true,"href":"https:\/\/nitu.mx\/index.php\/wp-json\/wp\/v2\/tags?post=83002"}],"curies":[{"name":"wp","href":"https:\/\/api.w.org\/{rel}","templated":true}]}}