{"id":82989,"date":"2025-08-20T12:04:00","date_gmt":"2025-08-20T18:04:00","guid":{"rendered":"https:\/\/nitu.mx\/?p=82989"},"modified":"2025-08-20T00:13:41","modified_gmt":"2025-08-20T06:13:41","slug":"sectur-y-concanaco-refuerzan-acciones-conjuntas-para-impulsar-el-turismo-de-mexico","status":"publish","type":"post","link":"https:\/\/nitu.mx\/index.php\/2025\/08\/20\/sectur-y-concanaco-refuerzan-acciones-conjuntas-para-impulsar-el-turismo-de-mexico\/","title":{"rendered":"Sectur y Concanaco refuerzan acciones conjuntas para impulsar el turismo de M\u00e9xico"},"content":{"rendered":"\n<p>La secretaria de Turismo federal, Josefina Rodr\u00edguez Zamora, particip\u00f3 en la reuni\u00f3n del Comit\u00e9 Ejecutivo de la Confederaci\u00f3n de C\u00e1maras Nacionales de Comercio, Servicios y Turismo de los Estados Unidos Mexicanos (Concanaco Servytur), donde expuso las estrategias impulsadas, desde el Gobierno de M\u00e9xico, para posicionar al pa\u00eds el quinto m\u00e1s visitado del mundo.<\/p>\n\n\n\n<p>\u201cYo les quiero pedir que seamos embajadores de nuestro propio pa\u00eds. S\u00e9 que, como en todos los pa\u00edses, hay retos, pero si somos una red de voces que digan: Ven a M\u00e9xico, porque somos el sexto pa\u00eds m\u00e1s visitado, con recursos naturales, cultura y una gente \u00fanica, entonces tendremos dos millones de embajadores tur\u00edsticos. Eso es lo que tenemos que lograr\u201d, declar\u00f3.<\/p>\n\n\n\n<p>Refrend\u00f3 la importancia de este encuentro como una oportunidad para consolidar la confianza entre autoridades e industria, y expuso las acciones que se desarrollan en materia de promoci\u00f3n, capacitaci\u00f3n y fortalecimiento del sector.<\/p>\n\n\n\n<p>Agradeci\u00f3 la invitaci\u00f3n del presidente de Concanaco Servytur, Octavio de la Torre de St\u00e9ffano, y enalteci\u00f3 la presencia de mujeres l\u00edderes en el pres\u00eddium, lo cual \u2014a\u00f1adi\u00f3\u2014 refleja la creciente participaci\u00f3n femenina en el sector tur\u00edstico y empresarial del pa\u00eds.<\/p>\n\n\n\n<p>La titular de Sectur record\u00f3 que en julio se lanz\u00f3 la primera Campa\u00f1a Nacional de Autoverificaci\u00f3n Tur\u00edstica 2025, que permanecer\u00e1 abierta hasta el pr\u00f3ximo 30 de agosto, con el prop\u00f3sito de impulsar buenas pr\u00e1cticas entre las y los prestadores de servicios.<\/p>\n\n\n\n<p>Precis\u00f3 que, hasta la fecha, m\u00e1s de 3 mil prestadores de servicios tur\u00edsticos se han sumado a este ejercicio de autoverificaci\u00f3n voluntario, digital y proactivo, que les permite evaluar y demostrar su cumplimiento de manera aut\u00f3noma y transparente.<\/p>\n\n\n\n<p>Rodr\u00edguez Zamora destac\u00f3 que, como parte de la promoci\u00f3n en el exterior, M\u00e9xico tendr\u00e1 participaci\u00f3n en ocho roadshows en Estados Unidos y Canad\u00e1. Adem\u00e1s, durante 2026 \u2014a\u00f1o hist\u00f3rico para el turismo en M\u00e9xico\u2014, la marca M\u00e9xico estar\u00e1 presente en 15 ferias internacionales.<\/p>\n\n\n\n<p>Como parte de la pol\u00edtica de esta administraci\u00f3n para hacer del turismo un generador de Prosperidad Compartida, asegur\u00f3 que desde la Secretar\u00eda de Turismo se han puesto en marcha el Distintivo Comunitario y la Gu\u00eda de Experiencias Comunitarias.<\/p>\n\n\n\n<p>\u201cM\u00e9xico es la sexta potencia tur\u00edstica del mundo y, trabajando de la mano con el sector privado, lograremos consolidar un turismo m\u00e1s diverso, sustentable y de calidad, generando bienestar econ\u00f3mico y social para todas las comunidades\u201d, concluy\u00f3 la secretaria. (<a href=\"https:\/\/nitu.mx\/index.php\/2025\/08\/18\/sectur-lanza-convocatoria-para-sede-del-tianguis-turistico-2027\/\">Sectur lanza convocatoria para la sede del Tianguis Tur\u00edstico 2027<\/a>).<\/p>\n","protected":false},"excerpt":{"rendered":"<p>La secretaria de Turismo federal, Josefina Rodr\u00edguez Zamora, particip\u00f3 en la reuni\u00f3n del Comit\u00e9 Ejecutivo de la Confederaci\u00f3n de C\u00e1maras Nacionales de Comercio, Servicios y Turismo de los Estados Unidos Mexicanos (Concanaco Servytur), donde expuso las estrategias impulsadas, desde el Gobierno de M\u00e9xico, para posicionar al pa\u00eds el quinto m\u00e1s visitado del mundo. \u201cYo les [&hellip;]<\/p>\n","protected":false},"author":17,"featured_media":82993,"comment_status":"closed","ping_status":"closed","sticky":false,"template":"","format":"standard","meta":{"footnotes":""},"categories":[12],"tags":[1607,25659,24780,93],"yoast_head":"<!-- This site is optimized with the Yoast SEO plugin v22.2 - https:\/\/yoast.com\/wordpress\/plugins\/seo\/ -->\n<title>Sectur y Concanaco refuerzan acciones conjuntas para impulsar el turismo de M\u00e9xico - Nitu - Noticias de la Industria Turistica<\/title>\n<meta name=\"robots\" content=\"index, follow, max-snippet:-1, max-image-preview:large, max-video-preview:-1\" \/>\n<link rel=\"canonical\" href=\"https:\/\/nitu.mx\/index.php\/2025\/08\/20\/sectur-y-concanaco-refuerzan-acciones-conjuntas-para-impulsar-el-turismo-de-mexico\/\" \/>\n<meta name=\"twitter:card\" content=\"summary_large_image\" \/>\n<meta name=\"twitter:title\" content=\"Sectur y Concanaco refuerzan acciones conjuntas para impulsar el turismo de M\u00e9xico - Nitu - Noticias de la Industria Turistica\" \/>\n<meta name=\"twitter:description\" content=\"La secretaria de Turismo federal, Josefina Rodr\u00edguez Zamora, particip\u00f3 en la reuni\u00f3n del Comit\u00e9 Ejecutivo de la Confederaci\u00f3n de C\u00e1maras Nacionales de Comercio, Servicios y Turismo de los Estados Unidos Mexicanos (Concanaco Servytur), donde expuso las estrategias impulsadas, desde el Gobierno de M\u00e9xico, para posicionar al pa\u00eds el quinto m\u00e1s visitado del mundo. \u201cYo les [&hellip;]\" \/>\n<meta name=\"twitter:image\" content=\"https:\/\/nitu.mx\/wp-content\/uploads\/2025\/08\/Sectur-y-Concanaco-Servytur.jpg\" \/>\n<meta name=\"twitter:creator\" content=\"@NITUmx\" \/>\n<meta name=\"twitter:site\" content=\"@Arturo_Medina_G\" \/>\n<meta name=\"twitter:label1\" content=\"Escrito por\" \/>\n\t<meta name=\"twitter:data1\" content=\"Redacci\u00f3n\" \/>\n\t<meta name=\"twitter:label2\" content=\"Tiempo de lectura\" \/>\n\t<meta name=\"twitter:data2\" content=\"2 minutos\" \/>\n<script type=\"application\/ld+json\" class=\"yoast-schema-graph\">{\"@context\":\"https:\/\/schema.org\",\"@graph\":[{\"@type\":\"Article\",\"@id\":\"https:\/\/nitu.mx\/index.php\/2025\/08\/20\/sectur-y-concanaco-refuerzan-acciones-conjuntas-para-impulsar-el-turismo-de-mexico\/#article\",\"isPartOf\":{\"@id\":\"https:\/\/nitu.mx\/index.php\/2025\/08\/20\/sectur-y-concanaco-refuerzan-acciones-conjuntas-para-impulsar-el-turismo-de-mexico\/\"},\"author\":{\"name\":\"Redacci\u00f3n\",\"@id\":\"https:\/\/nitu.mx\/#\/schema\/person\/4a28fe9bd65924f7c90623773daf1b0b\"},\"headline\":\"Sectur y Concanaco refuerzan acciones conjuntas para impulsar el turismo de M\u00e9xico\",\"datePublished\":\"2025-08-20T18:04:00+00:00\",\"dateModified\":\"2025-08-20T06:13:41+00:00\",\"mainEntityOfPage\":{\"@id\":\"https:\/\/nitu.mx\/index.php\/2025\/08\/20\/sectur-y-concanaco-refuerzan-acciones-conjuntas-para-impulsar-el-turismo-de-mexico\/\"},\"wordCount\":454,\"publisher\":{\"@id\":\"https:\/\/nitu.mx\/#\/schema\/person\/ae7a53426417292d3dd07b45a33e01bc\"},\"image\":{\"@id\":\"https:\/\/nitu.mx\/index.php\/2025\/08\/20\/sectur-y-concanaco-refuerzan-acciones-conjuntas-para-impulsar-el-turismo-de-mexico\/#primaryimage\"},\"thumbnailUrl\":\"https:\/\/nitu.mx\/wp-content\/uploads\/2025\/08\/Sectur-y-Concanaco-Servytur.jpg\",\"keywords\":[\"Concanaco Servytur\",\"Josefina Rodr\u00edguez\",\"Octavio de la Torre\",\"Sectur\"],\"articleSection\":[\"Marketing\"],\"inLanguage\":\"es-MX\"},{\"@type\":\"WebPage\",\"@id\":\"https:\/\/nitu.mx\/index.php\/2025\/08\/20\/sectur-y-concanaco-refuerzan-acciones-conjuntas-para-impulsar-el-turismo-de-mexico\/\",\"url\":\"https:\/\/nitu.mx\/index.php\/2025\/08\/20\/sectur-y-concanaco-refuerzan-acciones-conjuntas-para-impulsar-el-turismo-de-mexico\/\",\"name\":\"Sectur y Concanaco refuerzan acciones conjuntas para impulsar el turismo de M\u00e9xico - Nitu - Noticias de la Industria Turistica\",\"isPartOf\":{\"@id\":\"https:\/\/nitu.mx\/#website\"},\"primaryImageOfPage\":{\"@id\":\"https:\/\/nitu.mx\/index.php\/2025\/08\/20\/sectur-y-concanaco-refuerzan-acciones-conjuntas-para-impulsar-el-turismo-de-mexico\/#primaryimage\"},\"image\":{\"@id\":\"https:\/\/nitu.mx\/index.php\/2025\/08\/20\/sectur-y-concanaco-refuerzan-acciones-conjuntas-para-impulsar-el-turismo-de-mexico\/#primaryimage\"},\"thumbnailUrl\":\"https:\/\/nitu.mx\/wp-content\/uploads\/2025\/08\/Sectur-y-Concanaco-Servytur.jpg\",\"datePublished\":\"2025-08-20T18:04:00+00:00\",\"dateModified\":\"2025-08-20T06:13:41+00:00\",\"breadcrumb\":{\"@id\":\"https:\/\/nitu.mx\/index.php\/2025\/08\/20\/sectur-y-concanaco-refuerzan-acciones-conjuntas-para-impulsar-el-turismo-de-mexico\/#breadcrumb\"},\"inLanguage\":\"es-MX\",\"potentialAction\":[{\"@type\":\"ReadAction\",\"target\":[\"https:\/\/nitu.mx\/index.php\/2025\/08\/20\/sectur-y-concanaco-refuerzan-acciones-conjuntas-para-impulsar-el-turismo-de-mexico\/\"]}]},{\"@type\":\"ImageObject\",\"inLanguage\":\"es-MX\",\"@id\":\"https:\/\/nitu.mx\/index.php\/2025\/08\/20\/sectur-y-concanaco-refuerzan-acciones-conjuntas-para-impulsar-el-turismo-de-mexico\/#primaryimage\",\"url\":\"https:\/\/nitu.mx\/wp-content\/uploads\/2025\/08\/Sectur-y-Concanaco-Servytur.jpg\",\"contentUrl\":\"https:\/\/nitu.mx\/wp-content\/uploads\/2025\/08\/Sectur-y-Concanaco-Servytur.jpg\",\"width\":1200,\"height\":675,\"caption\":\"Sectur y Concanaco Servytur\"},{\"@type\":\"BreadcrumbList\",\"@id\":\"https:\/\/nitu.mx\/index.php\/2025\/08\/20\/sectur-y-concanaco-refuerzan-acciones-conjuntas-para-impulsar-el-turismo-de-mexico\/#breadcrumb\",\"itemListElement\":[{\"@type\":\"ListItem\",\"position\":1,\"name\":\"Inicio\",\"item\":\"https:\/\/nitu.mx\/\"},{\"@type\":\"ListItem\",\"position\":2,\"name\":\"Sectur y Concanaco refuerzan acciones conjuntas para impulsar el turismo de M\u00e9xico\"}]},{\"@type\":\"WebSite\",\"@id\":\"https:\/\/nitu.mx\/#website\",\"url\":\"https:\/\/nitu.mx\/\",\"name\":\"Nitu - Noticias de la Industria Turistica\",\"description\":\"Noticias de la Industria Turistica\",\"publisher\":{\"@id\":\"https:\/\/nitu.mx\/#\/schema\/person\/ae7a53426417292d3dd07b45a33e01bc\"},\"alternateName\":\"Noticias de la Industria Turistica\",\"potentialAction\":[{\"@type\":\"SearchAction\",\"target\":{\"@type\":\"EntryPoint\",\"urlTemplate\":\"https:\/\/nitu.mx\/?s={search_term_string}\"},\"query-input\":\"required name=search_term_string\"}],\"inLanguage\":\"es-MX\"},{\"@type\":[\"Person\",\"Organization\"],\"@id\":\"https:\/\/nitu.mx\/#\/schema\/person\/ae7a53426417292d3dd07b45a33e01bc\",\"name\":\"Arturo Medina\",\"image\":{\"@type\":\"ImageObject\",\"inLanguage\":\"es-MX\",\"@id\":\"https:\/\/nitu.mx\/#\/schema\/person\/image\/\",\"url\":\"https:\/\/nitu.mx\/wp-content\/uploads\/2024\/04\/4A315622-1904-4D5C-B022-878CDC840E04-90x90-1.jpeg\",\"contentUrl\":\"https:\/\/nitu.mx\/wp-content\/uploads\/2024\/04\/4A315622-1904-4D5C-B022-878CDC840E04-90x90-1.jpeg\",\"width\":90,\"height\":90,\"caption\":\"Arturo Medina\"},\"logo\":{\"@id\":\"https:\/\/nitu.mx\/#\/schema\/person\/image\/\"},\"description\":\"Director NITU.mx, Egresado de la Escuela de Periodismo Carlos Septi\u00e9n Garc\u00eda. Periodista y analista especializado en turismo desde hace 35 a\u00f1os, radicado en Canc\u00fan Q.Roo. arturo@nitu.mx\",\"sameAs\":[\"https:\/\/nitu.mx\",\"https:\/\/www.facebook.com\/NITUmx\/\",\"medinacancun\",\"https:\/\/twitter.com\/@Arturo_Medina_G\"]},{\"@type\":\"Person\",\"@id\":\"https:\/\/nitu.mx\/#\/schema\/person\/4a28fe9bd65924f7c90623773daf1b0b\",\"name\":\"Redacci\u00f3n\",\"image\":{\"@type\":\"ImageObject\",\"inLanguage\":\"es-MX\",\"@id\":\"https:\/\/nitu.mx\/#\/schema\/person\/image\/\",\"url\":\"https:\/\/secure.gravatar.com\/avatar\/5dd011c8ccfc5cd7e4c81e42252aab38?s=96&d=mm&r=g\",\"contentUrl\":\"https:\/\/secure.gravatar.com\/avatar\/5dd011c8ccfc5cd7e4c81e42252aab38?s=96&d=mm&r=g\",\"caption\":\"Redacci\u00f3n\"},\"url\":\"https:\/\/nitu.mx\/index.php\/author\/redaccion\/\"}]}<\/script>\n<!-- \/ Yoast SEO plugin. -->","yoast_head_json":{"title":"Sectur y Concanaco refuerzan acciones conjuntas para impulsar el turismo de M\u00e9xico - Nitu - Noticias de la Industria Turistica","robots":{"index":"index","follow":"follow","max-snippet":"max-snippet:-1","max-image-preview":"max-image-preview:large","max-video-preview":"max-video-preview:-1"},"canonical":"https:\/\/nitu.mx\/index.php\/2025\/08\/20\/sectur-y-concanaco-refuerzan-acciones-conjuntas-para-impulsar-el-turismo-de-mexico\/","twitter_card":"summary_large_image","twitter_title":"Sectur y Concanaco refuerzan acciones conjuntas para impulsar el turismo de M\u00e9xico - Nitu - Noticias de la Industria Turistica","twitter_description":"La secretaria de Turismo federal, Josefina Rodr\u00edguez Zamora, particip\u00f3 en la reuni\u00f3n del Comit\u00e9 Ejecutivo de la Confederaci\u00f3n de C\u00e1maras Nacionales de Comercio, Servicios y Turismo de los Estados Unidos Mexicanos (Concanaco Servytur), donde expuso las estrategias impulsadas, desde el Gobierno de M\u00e9xico, para posicionar al pa\u00eds el quinto m\u00e1s visitado del mundo. \u201cYo les [&hellip;]","twitter_image":"https:\/\/nitu.mx\/wp-content\/uploads\/2025\/08\/Sectur-y-Concanaco-Servytur.jpg","twitter_creator":"@NITUmx","twitter_site":"@Arturo_Medina_G","twitter_misc":{"Escrito por":"Redacci\u00f3n","Tiempo de lectura":"2 minutos"},"schema":{"@context":"https:\/\/schema.org","@graph":[{"@type":"Article","@id":"https:\/\/nitu.mx\/index.php\/2025\/08\/20\/sectur-y-concanaco-refuerzan-acciones-conjuntas-para-impulsar-el-turismo-de-mexico\/#article","isPartOf":{"@id":"https:\/\/nitu.mx\/index.php\/2025\/08\/20\/sectur-y-concanaco-refuerzan-acciones-conjuntas-para-impulsar-el-turismo-de-mexico\/"},"author":{"name":"Redacci\u00f3n","@id":"https:\/\/nitu.mx\/#\/schema\/person\/4a28fe9bd65924f7c90623773daf1b0b"},"headline":"Sectur y Concanaco refuerzan acciones conjuntas para impulsar el turismo de M\u00e9xico","datePublished":"2025-08-20T18:04:00+00:00","dateModified":"2025-08-20T06:13:41+00:00","mainEntityOfPage":{"@id":"https:\/\/nitu.mx\/index.php\/2025\/08\/20\/sectur-y-concanaco-refuerzan-acciones-conjuntas-para-impulsar-el-turismo-de-mexico\/"},"wordCount":454,"publisher":{"@id":"https:\/\/nitu.mx\/#\/schema\/person\/ae7a53426417292d3dd07b45a33e01bc"},"image":{"@id":"https:\/\/nitu.mx\/index.php\/2025\/08\/20\/sectur-y-concanaco-refuerzan-acciones-conjuntas-para-impulsar-el-turismo-de-mexico\/#primaryimage"},"thumbnailUrl":"https:\/\/nitu.mx\/wp-content\/uploads\/2025\/08\/Sectur-y-Concanaco-Servytur.jpg","keywords":["Concanaco Servytur","Josefina Rodr\u00edguez","Octavio de la Torre","Sectur"],"articleSection":["Marketing"],"inLanguage":"es-MX"},{"@type":"WebPage","@id":"https:\/\/nitu.mx\/index.php\/2025\/08\/20\/sectur-y-concanaco-refuerzan-acciones-conjuntas-para-impulsar-el-turismo-de-mexico\/","url":"https:\/\/nitu.mx\/index.php\/2025\/08\/20\/sectur-y-concanaco-refuerzan-acciones-conjuntas-para-impulsar-el-turismo-de-mexico\/","name":"Sectur y Concanaco refuerzan acciones conjuntas para impulsar el turismo de M\u00e9xico - Nitu - Noticias de la Industria Turistica","isPartOf":{"@id":"https:\/\/nitu.mx\/#website"},"primaryImageOfPage":{"@id":"https:\/\/nitu.mx\/index.php\/2025\/08\/20\/sectur-y-concanaco-refuerzan-acciones-conjuntas-para-impulsar-el-turismo-de-mexico\/#primaryimage"},"image":{"@id":"https:\/\/nitu.mx\/index.php\/2025\/08\/20\/sectur-y-concanaco-refuerzan-acciones-conjuntas-para-impulsar-el-turismo-de-mexico\/#primaryimage"},"thumbnailUrl":"https:\/\/nitu.mx\/wp-content\/uploads\/2025\/08\/Sectur-y-Concanaco-Servytur.jpg","datePublished":"2025-08-20T18:04:00+00:00","dateModified":"2025-08-20T06:13:41+00:00","breadcrumb":{"@id":"https:\/\/nitu.mx\/index.php\/2025\/08\/20\/sectur-y-concanaco-refuerzan-acciones-conjuntas-para-impulsar-el-turismo-de-mexico\/#breadcrumb"},"inLanguage":"es-MX","potentialAction":[{"@type":"ReadAction","target":["https:\/\/nitu.mx\/index.php\/2025\/08\/20\/sectur-y-concanaco-refuerzan-acciones-conjuntas-para-impulsar-el-turismo-de-mexico\/"]}]},{"@type":"ImageObject","inLanguage":"es-MX","@id":"https:\/\/nitu.mx\/index.php\/2025\/08\/20\/sectur-y-concanaco-refuerzan-acciones-conjuntas-para-impulsar-el-turismo-de-mexico\/#primaryimage","url":"https:\/\/nitu.mx\/wp-content\/uploads\/2025\/08\/Sectur-y-Concanaco-Servytur.jpg","contentUrl":"https:\/\/nitu.mx\/wp-content\/uploads\/2025\/08\/Sectur-y-Concanaco-Servytur.jpg","width":1200,"height":675,"caption":"Sectur y Concanaco Servytur"},{"@type":"BreadcrumbList","@id":"https:\/\/nitu.mx\/index.php\/2025\/08\/20\/sectur-y-concanaco-refuerzan-acciones-conjuntas-para-impulsar-el-turismo-de-mexico\/#breadcrumb","itemListElement":[{"@type":"ListItem","position":1,"name":"Inicio","item":"https:\/\/nitu.mx\/"},{"@type":"ListItem","position":2,"name":"Sectur y Concanaco refuerzan acciones conjuntas para impulsar el turismo de M\u00e9xico"}]},{"@type":"WebSite","@id":"https:\/\/nitu.mx\/#website","url":"https:\/\/nitu.mx\/","name":"Nitu - Noticias de la Industria Turistica","description":"Noticias de la Industria Turistica","publisher":{"@id":"https:\/\/nitu.mx\/#\/schema\/person\/ae7a53426417292d3dd07b45a33e01bc"},"alternateName":"Noticias de la Industria Turistica","potentialAction":[{"@type":"SearchAction","target":{"@type":"EntryPoint","urlTemplate":"https:\/\/nitu.mx\/?s={search_term_string}"},"query-input":"required name=search_term_string"}],"inLanguage":"es-MX"},{"@type":["Person","Organization"],"@id":"https:\/\/nitu.mx\/#\/schema\/person\/ae7a53426417292d3dd07b45a33e01bc","name":"Arturo Medina","image":{"@type":"ImageObject","inLanguage":"es-MX","@id":"https:\/\/nitu.mx\/#\/schema\/person\/image\/","url":"https:\/\/nitu.mx\/wp-content\/uploads\/2024\/04\/4A315622-1904-4D5C-B022-878CDC840E04-90x90-1.jpeg","contentUrl":"https:\/\/nitu.mx\/wp-content\/uploads\/2024\/04\/4A315622-1904-4D5C-B022-878CDC840E04-90x90-1.jpeg","width":90,"height":90,"caption":"Arturo Medina"},"logo":{"@id":"https:\/\/nitu.mx\/#\/schema\/person\/image\/"},"description":"Director NITU.mx, Egresado de la Escuela de Periodismo Carlos Septi\u00e9n Garc\u00eda. Periodista y analista especializado en turismo desde hace 35 a\u00f1os, radicado en Canc\u00fan Q.Roo. arturo@nitu.mx","sameAs":["https:\/\/nitu.mx","https:\/\/www.facebook.com\/NITUmx\/","medinacancun","https:\/\/twitter.com\/@Arturo_Medina_G"]},{"@type":"Person","@id":"https:\/\/nitu.mx\/#\/schema\/person\/4a28fe9bd65924f7c90623773daf1b0b","name":"Redacci\u00f3n","image":{"@type":"ImageObject","inLanguage":"es-MX","@id":"https:\/\/nitu.mx\/#\/schema\/person\/image\/","url":"https:\/\/secure.gravatar.com\/avatar\/5dd011c8ccfc5cd7e4c81e42252aab38?s=96&d=mm&r=g","contentUrl":"https:\/\/secure.gravatar.com\/avatar\/5dd011c8ccfc5cd7e4c81e42252aab38?s=96&d=mm&r=g","caption":"Redacci\u00f3n"},"url":"https:\/\/nitu.mx\/index.php\/author\/redaccion\/"}]}},"views":438,"_links":{"self":[{"href":"https:\/\/nitu.mx\/index.php\/wp-json\/wp\/v2\/posts\/82989"}],"collection":[{"href":"https:\/\/nitu.mx\/index.php\/wp-json\/wp\/v2\/posts"}],"about":[{"href":"https:\/\/nitu.mx\/index.php\/wp-json\/wp\/v2\/types\/post"}],"author":[{"embeddable":true,"href":"https:\/\/nitu.mx\/index.php\/wp-json\/wp\/v2\/users\/17"}],"replies":[{"embeddable":true,"href":"https:\/\/nitu.mx\/index.php\/wp-json\/wp\/v2\/comments?post=82989"}],"version-history":[{"count":2,"href":"https:\/\/nitu.mx\/index.php\/wp-json\/wp\/v2\/posts\/82989\/revisions"}],"predecessor-version":[{"id":82994,"href":"https:\/\/nitu.mx\/index.php\/wp-json\/wp\/v2\/posts\/82989\/revisions\/82994"}],"wp:featuredmedia":[{"embeddable":true,"href":"https:\/\/nitu.mx\/index.php\/wp-json\/wp\/v2\/media\/82993"}],"wp:attachment":[{"href":"https:\/\/nitu.mx\/index.php\/wp-json\/wp\/v2\/media?parent=82989"}],"wp:term":[{"taxonomy":"category","embeddable":true,"href":"https:\/\/nitu.mx\/index.php\/wp-json\/wp\/v2\/categories?post=82989"},{"taxonomy":"post_tag","embeddable":true,"href":"https:\/\/nitu.mx\/index.php\/wp-json\/wp\/v2\/tags?post=82989"}],"curies":[{"name":"wp","href":"https:\/\/api.w.org\/{rel}","templated":true}]}}