{"id":82980,"date":"2025-08-20T00:15:38","date_gmt":"2025-08-20T06:15:38","guid":{"rendered":"https:\/\/nitu.mx\/?p=82980"},"modified":"2025-08-21T13:14:41","modified_gmt":"2025-08-21T19:14:41","slug":"queretaro-presenta-su-oferta-de-turismo-de-reuniones-y-convenciones-en-ibtm-americas-2025","status":"publish","type":"post","link":"https:\/\/nitu.mx\/index.php\/2025\/08\/20\/queretaro-presenta-su-oferta-de-turismo-de-reuniones-y-convenciones-en-ibtm-americas-2025\/","title":{"rendered":"Quer\u00e9taro presenta su oferta de turismo de reuniones y convenciones en IBTM Americas 2025"},"content":{"rendered":"\n<p>Como parte de la estrategia de promoci\u00f3n de Quer\u00e9taro como destino para el turismo de congresos y convenciones, la Secretar\u00eda de Turismo del estado anunci\u00f3 su participaci\u00f3n en IBTM Am\u00e9ricas 2025, que se realiza los d\u00edas 20 y 21 de agosto en el Centro Citibanamex de la Ciudad de M\u00e9xico.<\/p>\n\n\n\n<p>IBTM es el principal encuentro de especialistas en el segmento de reuniones, incentivos e industria de viajes de negocios. Se espera la presencia de m\u00e1s de 450 expositores y 10,000 citas de negocios entre profesionales de la industria.<\/p>\n\n\n\n<p>La Secretar\u00eda de Turismo de la entidad, que encabeza Adriana Vega V\u00e1zquez Mellado, tendr\u00e1 reuniones de trabajo con tour operadores y mayoristas especializados en este segmento, as\u00ed como autoridades del sector turismo.<\/p>\n\n\n\n<p>Quer\u00e9taro es el destino ideal para la realizaci\u00f3n de eventos de gran nivel, por su ubicaci\u00f3n privilegiada y sus instalaciones de primer nivel, que incluyen el Quer\u00e9taro Centro de Congresos y el Teatro Metropolitano, con m\u00e1s de 20,000 metros cuadrados de superficie.<\/p>\n\n\n\n<p>Adem\u00e1s, se cuenta con acceso privilegiado tanto en conexi\u00f3n carretera como con el aeropuerto, equipamiento e infraestructura de primer nivel, dos helipuertos y m\u00e1s de 16,600 habitaciones en el \u00e1rea conurbada al recinto.<\/p>\n\n\n\n<p>Quer\u00e9taro ofrece a los visitantes una amplia gama de atractivos que incluyen el Centro Hist\u00f3rico de la ciudad de Quer\u00e9taro, catalogado como patrimonio de la humanidad por la UNESCO; siete Pueblos M\u00e1gicos (Amealco, Bernal, Tequisquiapan, Pinal de Amoles, Cadereyta, Jalpan de Serra y San Joaqu\u00edn); as\u00ed como la Ruta del Arte, Queso y Vino, que es el principal producto tur\u00edstico del estado, que recibe anualmente a m\u00e1s de un mill\u00f3n de visitantes y representa una derrama superior a cuatro mil millones de pesos. (<a href=\"https:\/\/nitu.mx\/index.php\/2025\/07\/10\/american-airlines-conectara-chicago-con-cdmx-y-queretaro\/\">American Airlines conectar\u00e1 Chicago con CDMX y Quer\u00e9taro<\/a>).<\/p>\n","protected":false},"excerpt":{"rendered":"<p>Como parte de la estrategia de promoci\u00f3n de Quer\u00e9taro como destino para el turismo de congresos y convenciones, la Secretar\u00eda de Turismo del estado anunci\u00f3 su participaci\u00f3n en IBTM Am\u00e9ricas 2025, que se realiza los d\u00edas 20 y 21 de agosto en el Centro Citibanamex de la Ciudad de M\u00e9xico. IBTM es el principal encuentro [&hellip;]<\/p>\n","protected":false},"author":17,"featured_media":82982,"comment_status":"closed","ping_status":"closed","sticky":false,"template":"","format":"standard","meta":{"footnotes":""},"categories":[12],"tags":[10650,970,61,24296],"yoast_head":"<!-- This site is optimized with the Yoast SEO plugin v22.2 - https:\/\/yoast.com\/wordpress\/plugins\/seo\/ -->\n<title>Quer\u00e9taro presenta su oferta de turismo de reuniones y convenciones en IBTM Americas 2025 - Nitu - Noticias de la Industria Turistica<\/title>\n<meta name=\"robots\" content=\"index, follow, max-snippet:-1, max-image-preview:large, max-video-preview:-1\" \/>\n<link rel=\"canonical\" href=\"https:\/\/nitu.mx\/index.php\/2025\/08\/20\/queretaro-presenta-su-oferta-de-turismo-de-reuniones-y-convenciones-en-ibtm-americas-2025\/\" \/>\n<meta name=\"twitter:card\" content=\"summary_large_image\" \/>\n<meta name=\"twitter:title\" content=\"Quer\u00e9taro presenta su oferta de turismo de reuniones y convenciones en IBTM Americas 2025 - Nitu - Noticias de la Industria Turistica\" \/>\n<meta name=\"twitter:description\" content=\"Como parte de la estrategia de promoci\u00f3n de Quer\u00e9taro como destino para el turismo de congresos y convenciones, la Secretar\u00eda de Turismo del estado anunci\u00f3 su participaci\u00f3n en IBTM Am\u00e9ricas 2025, que se realiza los d\u00edas 20 y 21 de agosto en el Centro Citibanamex de la Ciudad de M\u00e9xico. IBTM es el principal encuentro [&hellip;]\" \/>\n<meta name=\"twitter:image\" content=\"https:\/\/nitu.mx\/wp-content\/uploads\/2025\/08\/Queretaro-Centro-de-Congresos.jpg\" \/>\n<meta name=\"twitter:creator\" content=\"@NITUmx\" \/>\n<meta name=\"twitter:site\" content=\"@Arturo_Medina_G\" \/>\n<meta name=\"twitter:label1\" content=\"Escrito por\" \/>\n\t<meta name=\"twitter:data1\" content=\"Redacci\u00f3n\" \/>\n\t<meta name=\"twitter:label2\" content=\"Tiempo de lectura\" \/>\n\t<meta name=\"twitter:data2\" content=\"2 minutos\" \/>\n<script type=\"application\/ld+json\" class=\"yoast-schema-graph\">{\"@context\":\"https:\/\/schema.org\",\"@graph\":[{\"@type\":\"Article\",\"@id\":\"https:\/\/nitu.mx\/index.php\/2025\/08\/20\/queretaro-presenta-su-oferta-de-turismo-de-reuniones-y-convenciones-en-ibtm-americas-2025\/#article\",\"isPartOf\":{\"@id\":\"https:\/\/nitu.mx\/index.php\/2025\/08\/20\/queretaro-presenta-su-oferta-de-turismo-de-reuniones-y-convenciones-en-ibtm-americas-2025\/\"},\"author\":{\"name\":\"Redacci\u00f3n\",\"@id\":\"https:\/\/nitu.mx\/#\/schema\/person\/4a28fe9bd65924f7c90623773daf1b0b\"},\"headline\":\"Quer\u00e9taro presenta su oferta de turismo de reuniones y convenciones en IBTM Americas 2025\",\"datePublished\":\"2025-08-20T06:15:38+00:00\",\"dateModified\":\"2025-08-21T19:14:41+00:00\",\"mainEntityOfPage\":{\"@id\":\"https:\/\/nitu.mx\/index.php\/2025\/08\/20\/queretaro-presenta-su-oferta-de-turismo-de-reuniones-y-convenciones-en-ibtm-americas-2025\/\"},\"wordCount\":320,\"publisher\":{\"@id\":\"https:\/\/nitu.mx\/#\/schema\/person\/ae7a53426417292d3dd07b45a33e01bc\"},\"image\":{\"@id\":\"https:\/\/nitu.mx\/index.php\/2025\/08\/20\/queretaro-presenta-su-oferta-de-turismo-de-reuniones-y-convenciones-en-ibtm-americas-2025\/#primaryimage\"},\"thumbnailUrl\":\"https:\/\/nitu.mx\/wp-content\/uploads\/2025\/08\/Queretaro-Centro-de-Congresos.jpg\",\"keywords\":[\"IBTM Americas\",\"MICE\",\"Quer\u00e9taro\",\"turismo de reunionees\"],\"articleSection\":[\"Marketing\"],\"inLanguage\":\"es-MX\"},{\"@type\":\"WebPage\",\"@id\":\"https:\/\/nitu.mx\/index.php\/2025\/08\/20\/queretaro-presenta-su-oferta-de-turismo-de-reuniones-y-convenciones-en-ibtm-americas-2025\/\",\"url\":\"https:\/\/nitu.mx\/index.php\/2025\/08\/20\/queretaro-presenta-su-oferta-de-turismo-de-reuniones-y-convenciones-en-ibtm-americas-2025\/\",\"name\":\"Quer\u00e9taro presenta su oferta de turismo de reuniones y convenciones en IBTM Americas 2025 - Nitu - Noticias de la Industria Turistica\",\"isPartOf\":{\"@id\":\"https:\/\/nitu.mx\/#website\"},\"primaryImageOfPage\":{\"@id\":\"https:\/\/nitu.mx\/index.php\/2025\/08\/20\/queretaro-presenta-su-oferta-de-turismo-de-reuniones-y-convenciones-en-ibtm-americas-2025\/#primaryimage\"},\"image\":{\"@id\":\"https:\/\/nitu.mx\/index.php\/2025\/08\/20\/queretaro-presenta-su-oferta-de-turismo-de-reuniones-y-convenciones-en-ibtm-americas-2025\/#primaryimage\"},\"thumbnailUrl\":\"https:\/\/nitu.mx\/wp-content\/uploads\/2025\/08\/Queretaro-Centro-de-Congresos.jpg\",\"datePublished\":\"2025-08-20T06:15:38+00:00\",\"dateModified\":\"2025-08-21T19:14:41+00:00\",\"breadcrumb\":{\"@id\":\"https:\/\/nitu.mx\/index.php\/2025\/08\/20\/queretaro-presenta-su-oferta-de-turismo-de-reuniones-y-convenciones-en-ibtm-americas-2025\/#breadcrumb\"},\"inLanguage\":\"es-MX\",\"potentialAction\":[{\"@type\":\"ReadAction\",\"target\":[\"https:\/\/nitu.mx\/index.php\/2025\/08\/20\/queretaro-presenta-su-oferta-de-turismo-de-reuniones-y-convenciones-en-ibtm-americas-2025\/\"]}]},{\"@type\":\"ImageObject\",\"inLanguage\":\"es-MX\",\"@id\":\"https:\/\/nitu.mx\/index.php\/2025\/08\/20\/queretaro-presenta-su-oferta-de-turismo-de-reuniones-y-convenciones-en-ibtm-americas-2025\/#primaryimage\",\"url\":\"https:\/\/nitu.mx\/wp-content\/uploads\/2025\/08\/Queretaro-Centro-de-Congresos.jpg\",\"contentUrl\":\"https:\/\/nitu.mx\/wp-content\/uploads\/2025\/08\/Queretaro-Centro-de-Congresos.jpg\",\"width\":1200,\"height\":675,\"caption\":\"Quer\u00e9taro Centro de Congresos\"},{\"@type\":\"BreadcrumbList\",\"@id\":\"https:\/\/nitu.mx\/index.php\/2025\/08\/20\/queretaro-presenta-su-oferta-de-turismo-de-reuniones-y-convenciones-en-ibtm-americas-2025\/#breadcrumb\",\"itemListElement\":[{\"@type\":\"ListItem\",\"position\":1,\"name\":\"Inicio\",\"item\":\"https:\/\/nitu.mx\/\"},{\"@type\":\"ListItem\",\"position\":2,\"name\":\"Quer\u00e9taro presenta su oferta de turismo de reuniones y convenciones en IBTM Americas 2025\"}]},{\"@type\":\"WebSite\",\"@id\":\"https:\/\/nitu.mx\/#website\",\"url\":\"https:\/\/nitu.mx\/\",\"name\":\"Nitu - Noticias de la Industria Turistica\",\"description\":\"Noticias de la Industria Turistica\",\"publisher\":{\"@id\":\"https:\/\/nitu.mx\/#\/schema\/person\/ae7a53426417292d3dd07b45a33e01bc\"},\"alternateName\":\"Noticias de la Industria Turistica\",\"potentialAction\":[{\"@type\":\"SearchAction\",\"target\":{\"@type\":\"EntryPoint\",\"urlTemplate\":\"https:\/\/nitu.mx\/?s={search_term_string}\"},\"query-input\":\"required name=search_term_string\"}],\"inLanguage\":\"es-MX\"},{\"@type\":[\"Person\",\"Organization\"],\"@id\":\"https:\/\/nitu.mx\/#\/schema\/person\/ae7a53426417292d3dd07b45a33e01bc\",\"name\":\"Arturo Medina\",\"image\":{\"@type\":\"ImageObject\",\"inLanguage\":\"es-MX\",\"@id\":\"https:\/\/nitu.mx\/#\/schema\/person\/image\/\",\"url\":\"https:\/\/nitu.mx\/wp-content\/uploads\/2024\/04\/4A315622-1904-4D5C-B022-878CDC840E04-90x90-1.jpeg\",\"contentUrl\":\"https:\/\/nitu.mx\/wp-content\/uploads\/2024\/04\/4A315622-1904-4D5C-B022-878CDC840E04-90x90-1.jpeg\",\"width\":90,\"height\":90,\"caption\":\"Arturo Medina\"},\"logo\":{\"@id\":\"https:\/\/nitu.mx\/#\/schema\/person\/image\/\"},\"description\":\"Director NITU.mx, Egresado de la Escuela de Periodismo Carlos Septi\u00e9n Garc\u00eda. Periodista y analista especializado en turismo desde hace 35 a\u00f1os, radicado en Canc\u00fan Q.Roo. arturo@nitu.mx\",\"sameAs\":[\"https:\/\/nitu.mx\",\"https:\/\/www.facebook.com\/NITUmx\/\",\"medinacancun\",\"https:\/\/twitter.com\/@Arturo_Medina_G\"]},{\"@type\":\"Person\",\"@id\":\"https:\/\/nitu.mx\/#\/schema\/person\/4a28fe9bd65924f7c90623773daf1b0b\",\"name\":\"Redacci\u00f3n\",\"image\":{\"@type\":\"ImageObject\",\"inLanguage\":\"es-MX\",\"@id\":\"https:\/\/nitu.mx\/#\/schema\/person\/image\/\",\"url\":\"https:\/\/secure.gravatar.com\/avatar\/5dd011c8ccfc5cd7e4c81e42252aab38?s=96&d=mm&r=g\",\"contentUrl\":\"https:\/\/secure.gravatar.com\/avatar\/5dd011c8ccfc5cd7e4c81e42252aab38?s=96&d=mm&r=g\",\"caption\":\"Redacci\u00f3n\"},\"url\":\"https:\/\/nitu.mx\/index.php\/author\/redaccion\/\"}]}<\/script>\n<!-- \/ Yoast SEO plugin. -->","yoast_head_json":{"title":"Quer\u00e9taro presenta su oferta de turismo de reuniones y convenciones en IBTM Americas 2025 - Nitu - Noticias de la Industria Turistica","robots":{"index":"index","follow":"follow","max-snippet":"max-snippet:-1","max-image-preview":"max-image-preview:large","max-video-preview":"max-video-preview:-1"},"canonical":"https:\/\/nitu.mx\/index.php\/2025\/08\/20\/queretaro-presenta-su-oferta-de-turismo-de-reuniones-y-convenciones-en-ibtm-americas-2025\/","twitter_card":"summary_large_image","twitter_title":"Quer\u00e9taro presenta su oferta de turismo de reuniones y convenciones en IBTM Americas 2025 - Nitu - Noticias de la Industria Turistica","twitter_description":"Como parte de la estrategia de promoci\u00f3n de Quer\u00e9taro como destino para el turismo de congresos y convenciones, la Secretar\u00eda de Turismo del estado anunci\u00f3 su participaci\u00f3n en IBTM Am\u00e9ricas 2025, que se realiza los d\u00edas 20 y 21 de agosto en el Centro Citibanamex de la Ciudad de M\u00e9xico. IBTM es el principal encuentro [&hellip;]","twitter_image":"https:\/\/nitu.mx\/wp-content\/uploads\/2025\/08\/Queretaro-Centro-de-Congresos.jpg","twitter_creator":"@NITUmx","twitter_site":"@Arturo_Medina_G","twitter_misc":{"Escrito por":"Redacci\u00f3n","Tiempo de lectura":"2 minutos"},"schema":{"@context":"https:\/\/schema.org","@graph":[{"@type":"Article","@id":"https:\/\/nitu.mx\/index.php\/2025\/08\/20\/queretaro-presenta-su-oferta-de-turismo-de-reuniones-y-convenciones-en-ibtm-americas-2025\/#article","isPartOf":{"@id":"https:\/\/nitu.mx\/index.php\/2025\/08\/20\/queretaro-presenta-su-oferta-de-turismo-de-reuniones-y-convenciones-en-ibtm-americas-2025\/"},"author":{"name":"Redacci\u00f3n","@id":"https:\/\/nitu.mx\/#\/schema\/person\/4a28fe9bd65924f7c90623773daf1b0b"},"headline":"Quer\u00e9taro presenta su oferta de turismo de reuniones y convenciones en IBTM Americas 2025","datePublished":"2025-08-20T06:15:38+00:00","dateModified":"2025-08-21T19:14:41+00:00","mainEntityOfPage":{"@id":"https:\/\/nitu.mx\/index.php\/2025\/08\/20\/queretaro-presenta-su-oferta-de-turismo-de-reuniones-y-convenciones-en-ibtm-americas-2025\/"},"wordCount":320,"publisher":{"@id":"https:\/\/nitu.mx\/#\/schema\/person\/ae7a53426417292d3dd07b45a33e01bc"},"image":{"@id":"https:\/\/nitu.mx\/index.php\/2025\/08\/20\/queretaro-presenta-su-oferta-de-turismo-de-reuniones-y-convenciones-en-ibtm-americas-2025\/#primaryimage"},"thumbnailUrl":"https:\/\/nitu.mx\/wp-content\/uploads\/2025\/08\/Queretaro-Centro-de-Congresos.jpg","keywords":["IBTM Americas","MICE","Quer\u00e9taro","turismo de reunionees"],"articleSection":["Marketing"],"inLanguage":"es-MX"},{"@type":"WebPage","@id":"https:\/\/nitu.mx\/index.php\/2025\/08\/20\/queretaro-presenta-su-oferta-de-turismo-de-reuniones-y-convenciones-en-ibtm-americas-2025\/","url":"https:\/\/nitu.mx\/index.php\/2025\/08\/20\/queretaro-presenta-su-oferta-de-turismo-de-reuniones-y-convenciones-en-ibtm-americas-2025\/","name":"Quer\u00e9taro presenta su oferta de turismo de reuniones y convenciones en IBTM Americas 2025 - Nitu - Noticias de la Industria Turistica","isPartOf":{"@id":"https:\/\/nitu.mx\/#website"},"primaryImageOfPage":{"@id":"https:\/\/nitu.mx\/index.php\/2025\/08\/20\/queretaro-presenta-su-oferta-de-turismo-de-reuniones-y-convenciones-en-ibtm-americas-2025\/#primaryimage"},"image":{"@id":"https:\/\/nitu.mx\/index.php\/2025\/08\/20\/queretaro-presenta-su-oferta-de-turismo-de-reuniones-y-convenciones-en-ibtm-americas-2025\/#primaryimage"},"thumbnailUrl":"https:\/\/nitu.mx\/wp-content\/uploads\/2025\/08\/Queretaro-Centro-de-Congresos.jpg","datePublished":"2025-08-20T06:15:38+00:00","dateModified":"2025-08-21T19:14:41+00:00","breadcrumb":{"@id":"https:\/\/nitu.mx\/index.php\/2025\/08\/20\/queretaro-presenta-su-oferta-de-turismo-de-reuniones-y-convenciones-en-ibtm-americas-2025\/#breadcrumb"},"inLanguage":"es-MX","potentialAction":[{"@type":"ReadAction","target":["https:\/\/nitu.mx\/index.php\/2025\/08\/20\/queretaro-presenta-su-oferta-de-turismo-de-reuniones-y-convenciones-en-ibtm-americas-2025\/"]}]},{"@type":"ImageObject","inLanguage":"es-MX","@id":"https:\/\/nitu.mx\/index.php\/2025\/08\/20\/queretaro-presenta-su-oferta-de-turismo-de-reuniones-y-convenciones-en-ibtm-americas-2025\/#primaryimage","url":"https:\/\/nitu.mx\/wp-content\/uploads\/2025\/08\/Queretaro-Centro-de-Congresos.jpg","contentUrl":"https:\/\/nitu.mx\/wp-content\/uploads\/2025\/08\/Queretaro-Centro-de-Congresos.jpg","width":1200,"height":675,"caption":"Quer\u00e9taro Centro de Congresos"},{"@type":"BreadcrumbList","@id":"https:\/\/nitu.mx\/index.php\/2025\/08\/20\/queretaro-presenta-su-oferta-de-turismo-de-reuniones-y-convenciones-en-ibtm-americas-2025\/#breadcrumb","itemListElement":[{"@type":"ListItem","position":1,"name":"Inicio","item":"https:\/\/nitu.mx\/"},{"@type":"ListItem","position":2,"name":"Quer\u00e9taro presenta su oferta de turismo de reuniones y convenciones en IBTM Americas 2025"}]},{"@type":"WebSite","@id":"https:\/\/nitu.mx\/#website","url":"https:\/\/nitu.mx\/","name":"Nitu - Noticias de la Industria Turistica","description":"Noticias de la Industria Turistica","publisher":{"@id":"https:\/\/nitu.mx\/#\/schema\/person\/ae7a53426417292d3dd07b45a33e01bc"},"alternateName":"Noticias de la Industria Turistica","potentialAction":[{"@type":"SearchAction","target":{"@type":"EntryPoint","urlTemplate":"https:\/\/nitu.mx\/?s={search_term_string}"},"query-input":"required name=search_term_string"}],"inLanguage":"es-MX"},{"@type":["Person","Organization"],"@id":"https:\/\/nitu.mx\/#\/schema\/person\/ae7a53426417292d3dd07b45a33e01bc","name":"Arturo Medina","image":{"@type":"ImageObject","inLanguage":"es-MX","@id":"https:\/\/nitu.mx\/#\/schema\/person\/image\/","url":"https:\/\/nitu.mx\/wp-content\/uploads\/2024\/04\/4A315622-1904-4D5C-B022-878CDC840E04-90x90-1.jpeg","contentUrl":"https:\/\/nitu.mx\/wp-content\/uploads\/2024\/04\/4A315622-1904-4D5C-B022-878CDC840E04-90x90-1.jpeg","width":90,"height":90,"caption":"Arturo Medina"},"logo":{"@id":"https:\/\/nitu.mx\/#\/schema\/person\/image\/"},"description":"Director NITU.mx, Egresado de la Escuela de Periodismo Carlos Septi\u00e9n Garc\u00eda. Periodista y analista especializado en turismo desde hace 35 a\u00f1os, radicado en Canc\u00fan Q.Roo. arturo@nitu.mx","sameAs":["https:\/\/nitu.mx","https:\/\/www.facebook.com\/NITUmx\/","medinacancun","https:\/\/twitter.com\/@Arturo_Medina_G"]},{"@type":"Person","@id":"https:\/\/nitu.mx\/#\/schema\/person\/4a28fe9bd65924f7c90623773daf1b0b","name":"Redacci\u00f3n","image":{"@type":"ImageObject","inLanguage":"es-MX","@id":"https:\/\/nitu.mx\/#\/schema\/person\/image\/","url":"https:\/\/secure.gravatar.com\/avatar\/5dd011c8ccfc5cd7e4c81e42252aab38?s=96&d=mm&r=g","contentUrl":"https:\/\/secure.gravatar.com\/avatar\/5dd011c8ccfc5cd7e4c81e42252aab38?s=96&d=mm&r=g","caption":"Redacci\u00f3n"},"url":"https:\/\/nitu.mx\/index.php\/author\/redaccion\/"}]}},"views":619,"_links":{"self":[{"href":"https:\/\/nitu.mx\/index.php\/wp-json\/wp\/v2\/posts\/82980"}],"collection":[{"href":"https:\/\/nitu.mx\/index.php\/wp-json\/wp\/v2\/posts"}],"about":[{"href":"https:\/\/nitu.mx\/index.php\/wp-json\/wp\/v2\/types\/post"}],"author":[{"embeddable":true,"href":"https:\/\/nitu.mx\/index.php\/wp-json\/wp\/v2\/users\/17"}],"replies":[{"embeddable":true,"href":"https:\/\/nitu.mx\/index.php\/wp-json\/wp\/v2\/comments?post=82980"}],"version-history":[{"count":2,"href":"https:\/\/nitu.mx\/index.php\/wp-json\/wp\/v2\/posts\/82980\/revisions"}],"predecessor-version":[{"id":82997,"href":"https:\/\/nitu.mx\/index.php\/wp-json\/wp\/v2\/posts\/82980\/revisions\/82997"}],"wp:featuredmedia":[{"embeddable":true,"href":"https:\/\/nitu.mx\/index.php\/wp-json\/wp\/v2\/media\/82982"}],"wp:attachment":[{"href":"https:\/\/nitu.mx\/index.php\/wp-json\/wp\/v2\/media?parent=82980"}],"wp:term":[{"taxonomy":"category","embeddable":true,"href":"https:\/\/nitu.mx\/index.php\/wp-json\/wp\/v2\/categories?post=82980"},{"taxonomy":"post_tag","embeddable":true,"href":"https:\/\/nitu.mx\/index.php\/wp-json\/wp\/v2\/tags?post=82980"}],"curies":[{"name":"wp","href":"https:\/\/api.w.org\/{rel}","templated":true}]}}