{"id":82963,"date":"2025-08-19T19:30:00","date_gmt":"2025-08-20T01:30:00","guid":{"rendered":"https:\/\/nitu.mx\/?p=82963"},"modified":"2025-08-19T17:13:27","modified_gmt":"2025-08-19T23:13:27","slug":"nayarit-vallarta-gastronomica-2025-reunira-a-grandes-estrellas-de-la-cocina-mundial","status":"publish","type":"post","link":"https:\/\/nitu.mx\/index.php\/2025\/08\/19\/nayarit-vallarta-gastronomica-2025-reunira-a-grandes-estrellas-de-la-cocina-mundial\/","title":{"rendered":"Nayarit &#8211; Vallarta Gastron\u00f3mica 2025 reunir\u00e1 a grandes estrellas de la cocina mundial"},"content":{"rendered":"\n<p>Con la edici\u00f3n n\u00famero 17 de Nayarit &#8211; Vallarta Gastron\u00f3mica, Jalisco fortalecer\u00e1 su posicionamiento como l\u00edder culinario a escala mundial, con la participaci\u00f3n de figuras de la industria, presencia de talentos locales y propuestas de excelencia, lo que permitir\u00e1 al estado proyectar su riqueza gastron\u00f3mica y reafirmar su papel como referente internacional en innovaci\u00f3n, tradici\u00f3n y hospitalidad.<\/p>\n\n\n\n<p>Se ofrecer\u00e1n cenas exclusivas y catas de vino dirigidas por sommeliers de renombre, as\u00ed como degustaciones y talleres gourmet abiertos tanto a profesionales como al p\u00fablico general.<\/p>\n\n\n\n<p>Michelle Fridman Hirsch, secretaria de Turismo de Jalisco, afirm\u00f3 que el estado tendr\u00e1 un papel protag\u00f3nico en uno de los encuentros m\u00e1s importantes del continente, que reunir\u00e1 del 12 al 19 de octubre en Nuevo Nayarit a chefs y mix\u00f3logos de M\u00e9xico, Latinoam\u00e9rica y Europa.<\/p>\n\n\n\n<p>\u201cTenemos todo para ser un destino gastron\u00f3mico, un gran inventario de chefs preparados, talentosos que han recibido premios, platillos emblem\u00e1ticos que narran la historia de Jalisco, de la mexicanidad de este estado\u201d, afirm\u00f3 el titular.<\/p>\n\n\n\n<p>Fridman Hirsch enfatiz\u00f3 que este evento, con 17 a\u00f1os de historia, merece un reconocimiento profundo, porque no existe en M\u00e9xico otro encuentro culinario con semejante trayectoria que convoque a talentos de talla internacional y que, adem\u00e1s, genere un espacio acad\u00e9mico de tal nivel.<\/p>\n\n\n\n<p>Tambi\u00e9n dijo que a nivel mundial, cerca del 30 por ciento del gasto total de un turista se destina al consumo de alimentos, lo que revela una oportunidad estrat\u00e9gica, que es promover el turismo gastron\u00f3mico porque enriquece la experiencia del visitante y dinamiza toda la cadena productiva del sector.<\/p>\n\n\n\n<p>\u201cLa gastronom\u00eda activa una red que va mucho m\u00e1s all\u00e1 de los restaurantes: beneficia a hoteles, gu\u00edas, chefs, artesanos, agricultores, pescadores, ya un sinf\u00edn de actores que conforman el ecosistema tur\u00edstico\u201d, explic\u00f3 la secretaria de Turismo de Jalisco.<\/p>\n\n\n\n<p>A la presentaci\u00f3n de la considerada cita clave del calendario gastron\u00f3mico, asistieron Carlos Elizondo, Director de Vallarta &#8211; Nayarit Gastron\u00f3mica; Consuelo Elipe, Directora de Vallarta &#8211; Nayarit Gastron\u00f3mica y Lorena Seraf\u00edn Gonz\u00e1lez, Directora General del Fideicomiso de Promoci\u00f3n Tur\u00edstica del Estado de Nayarit.<\/p>\n\n\n\n<p>Tambi\u00e9n acudieron Rosalba Alejandra Cornejo Cornejo, Directora de Turismo Municipal de Puerto Vallarta; Oscar Garza, chef copropietario del Restaurante Octo y Homero Villanueva, Director de Ventas y Marketing de Paradise Village Group.<\/p>\n\n\n\n<p>Paco Ruano asegur\u00f3 que Nayarit- Vallarta Gastron\u00f3mica ha sido, desde sus inicios, una plataforma para impulsar la cocina mexicana.<\/p>\n\n\n\n<p>&#8220;Es un ejemplo claro del potencial que tiene M\u00e9xico para apoyar, proyectar y movilizar al mundo a trav\u00e9s de su gastronom\u00eda. Cada edici\u00f3n convoca a profesionales apasionados, verdaderos artesanos del sabor, que con su talento y compromiso hacen vibrar a quienes aman la cocina mexicana, dijo.<\/p>\n\n\n\n<p>Con sede en el Hotel Paradise Village y bajo el lema \u201cConectando mentes, conectando almas\u201d, el encuentro incluye conferencias con voces expertas que est\u00e1n marcando la pausa en la industria culinaria mundial, como Daniela Mijares, Enlace de Michelin M\u00e9xico, y Valentina Ortiz Monasterio, Presidenta de 50 Best Latinoam\u00e9rica.<\/p>\n\n\n\n<p>Figuras galardonadas con Estrellas Michelin, reconocimientos de The World&#8217;s 50 Best Restaurants y participantes de Top Chef compartir\u00e1n escenario en este evento internacional.<\/p>\n\n\n\n<p>Entre los invitados internacionales destacan el chef Nacho Manzano, \u00fanico en obtener tres Estrellas Michelin en Espa\u00f1a por su restaurante Casa Marcial; Janaina Torres, de Brasil, reconocida como la mejor chef femenina en 2024 por The World&#8217;s 50 Best Restaurants; y Heinz Wuth, de Chile, con su proyecto Ciencia y Cocina, que ha revolucionado las redes sociales.<\/p>\n\n\n\n<p>Por parte de M\u00e9xico se contar\u00e1 con una constelaci\u00f3n de talentos encabezada por el chef Carlos Gayt\u00e1n, s\u00edmbolo de la gastronom\u00eda mexicana, con una Estrella Michelin en sus restaurantes Tzuco (Chicago) y H\u00e1 (Xcaret); y Mario Hern\u00e1ndez, reconocido por segundo a\u00f1o consecutivo con una Estrella Michelin por su taquer\u00eda El Califa de Le\u00f3n, en la Ciudad de M\u00e9xico. (<a href=\"https:\/\/nitu.mx\/index.php\/2024\/08\/28\/vallarta-nayarit-gastronomica-2024-promete-fusionar-innovacion-y-tradicion\/\">Vallarta Nayarit Gastron\u00f3mica 2024 promete fusionar innovaci\u00f3n y tradici\u00f3n<\/a>). <\/p>\n","protected":false},"excerpt":{"rendered":"<p>Con la edici\u00f3n n\u00famero 17 de Nayarit &#8211; Vallarta Gastron\u00f3mica, Jalisco fortalecer\u00e1 su posicionamiento como l\u00edder culinario a escala mundial, con la participaci\u00f3n de figuras de la industria, presencia de talentos locales y propuestas de excelencia, lo que permitir\u00e1 al estado proyectar su riqueza gastron\u00f3mica y reafirmar su papel como referente internacional en innovaci\u00f3n, tradici\u00f3n [&hellip;]<\/p>\n","protected":false},"author":17,"featured_media":82968,"comment_status":"closed","ping_status":"closed","sticky":false,"template":"","format":"standard","meta":{"footnotes":""},"categories":[5],"tags":[1754,12599,1431,27628,471],"yoast_head":"<!-- This site is optimized with the Yoast SEO plugin v22.2 - https:\/\/yoast.com\/wordpress\/plugins\/seo\/ -->\n<title>Nayarit - Vallarta Gastron\u00f3mica 2025 reunir\u00e1 a grandes estrellas de la cocina mundial - Nitu - Noticias de la Industria Turistica<\/title>\n<meta name=\"robots\" content=\"index, follow, max-snippet:-1, max-image-preview:large, max-video-preview:-1\" \/>\n<link rel=\"canonical\" href=\"https:\/\/nitu.mx\/index.php\/2025\/08\/19\/nayarit-vallarta-gastronomica-2025-reunira-a-grandes-estrellas-de-la-cocina-mundial\/\" \/>\n<meta name=\"twitter:card\" content=\"summary_large_image\" \/>\n<meta name=\"twitter:title\" content=\"Nayarit - Vallarta Gastron\u00f3mica 2025 reunir\u00e1 a grandes estrellas de la cocina mundial - Nitu - Noticias de la Industria Turistica\" \/>\n<meta name=\"twitter:description\" content=\"Con la edici\u00f3n n\u00famero 17 de Nayarit &#8211; Vallarta Gastron\u00f3mica, Jalisco fortalecer\u00e1 su posicionamiento como l\u00edder culinario a escala mundial, con la participaci\u00f3n de figuras de la industria, presencia de talentos locales y propuestas de excelencia, lo que permitir\u00e1 al estado proyectar su riqueza gastron\u00f3mica y reafirmar su papel como referente internacional en innovaci\u00f3n, tradici\u00f3n [&hellip;]\" \/>\n<meta name=\"twitter:image\" content=\"https:\/\/nitu.mx\/wp-content\/uploads\/2025\/08\/Nayarit-Vallarta-Gastronomica-2025-anuncio.jpg\" \/>\n<meta name=\"twitter:creator\" content=\"@NITUmx\" \/>\n<meta name=\"twitter:site\" content=\"@Arturo_Medina_G\" \/>\n<meta name=\"twitter:label1\" content=\"Escrito por\" \/>\n\t<meta name=\"twitter:data1\" content=\"Redacci\u00f3n\" \/>\n\t<meta name=\"twitter:label2\" content=\"Tiempo de lectura\" \/>\n\t<meta name=\"twitter:data2\" content=\"3 minutos\" \/>\n<script type=\"application\/ld+json\" class=\"yoast-schema-graph\">{\"@context\":\"https:\/\/schema.org\",\"@graph\":[{\"@type\":\"Article\",\"@id\":\"https:\/\/nitu.mx\/index.php\/2025\/08\/19\/nayarit-vallarta-gastronomica-2025-reunira-a-grandes-estrellas-de-la-cocina-mundial\/#article\",\"isPartOf\":{\"@id\":\"https:\/\/nitu.mx\/index.php\/2025\/08\/19\/nayarit-vallarta-gastronomica-2025-reunira-a-grandes-estrellas-de-la-cocina-mundial\/\"},\"author\":{\"name\":\"Redacci\u00f3n\",\"@id\":\"https:\/\/nitu.mx\/#\/schema\/person\/4a28fe9bd65924f7c90623773daf1b0b\"},\"headline\":\"Nayarit &#8211; Vallarta Gastron\u00f3mica 2025 reunir\u00e1 a grandes estrellas de la cocina mundial\",\"datePublished\":\"2025-08-20T01:30:00+00:00\",\"dateModified\":\"2025-08-19T23:13:27+00:00\",\"mainEntityOfPage\":{\"@id\":\"https:\/\/nitu.mx\/index.php\/2025\/08\/19\/nayarit-vallarta-gastronomica-2025-reunira-a-grandes-estrellas-de-la-cocina-mundial\/\"},\"wordCount\":695,\"publisher\":{\"@id\":\"https:\/\/nitu.mx\/#\/schema\/person\/ae7a53426417292d3dd07b45a33e01bc\"},\"image\":{\"@id\":\"https:\/\/nitu.mx\/index.php\/2025\/08\/19\/nayarit-vallarta-gastronomica-2025-reunira-a-grandes-estrellas-de-la-cocina-mundial\/#primaryimage\"},\"thumbnailUrl\":\"https:\/\/nitu.mx\/wp-content\/uploads\/2025\/08\/Nayarit-Vallarta-Gastronomica-2025-anuncio.jpg\",\"keywords\":[\"Jalisco\",\"Michelle Fridman\",\"Nayarit\",\"Nayarit-Vallarta Gastron\u00f3mica\",\"Puerto Vallarta\"],\"articleSection\":[\"Destinos\"],\"inLanguage\":\"es-MX\"},{\"@type\":\"WebPage\",\"@id\":\"https:\/\/nitu.mx\/index.php\/2025\/08\/19\/nayarit-vallarta-gastronomica-2025-reunira-a-grandes-estrellas-de-la-cocina-mundial\/\",\"url\":\"https:\/\/nitu.mx\/index.php\/2025\/08\/19\/nayarit-vallarta-gastronomica-2025-reunira-a-grandes-estrellas-de-la-cocina-mundial\/\",\"name\":\"Nayarit - Vallarta Gastron\u00f3mica 2025 reunir\u00e1 a grandes estrellas de la cocina mundial - Nitu - Noticias de la Industria Turistica\",\"isPartOf\":{\"@id\":\"https:\/\/nitu.mx\/#website\"},\"primaryImageOfPage\":{\"@id\":\"https:\/\/nitu.mx\/index.php\/2025\/08\/19\/nayarit-vallarta-gastronomica-2025-reunira-a-grandes-estrellas-de-la-cocina-mundial\/#primaryimage\"},\"image\":{\"@id\":\"https:\/\/nitu.mx\/index.php\/2025\/08\/19\/nayarit-vallarta-gastronomica-2025-reunira-a-grandes-estrellas-de-la-cocina-mundial\/#primaryimage\"},\"thumbnailUrl\":\"https:\/\/nitu.mx\/wp-content\/uploads\/2025\/08\/Nayarit-Vallarta-Gastronomica-2025-anuncio.jpg\",\"datePublished\":\"2025-08-20T01:30:00+00:00\",\"dateModified\":\"2025-08-19T23:13:27+00:00\",\"breadcrumb\":{\"@id\":\"https:\/\/nitu.mx\/index.php\/2025\/08\/19\/nayarit-vallarta-gastronomica-2025-reunira-a-grandes-estrellas-de-la-cocina-mundial\/#breadcrumb\"},\"inLanguage\":\"es-MX\",\"potentialAction\":[{\"@type\":\"ReadAction\",\"target\":[\"https:\/\/nitu.mx\/index.php\/2025\/08\/19\/nayarit-vallarta-gastronomica-2025-reunira-a-grandes-estrellas-de-la-cocina-mundial\/\"]}]},{\"@type\":\"ImageObject\",\"inLanguage\":\"es-MX\",\"@id\":\"https:\/\/nitu.mx\/index.php\/2025\/08\/19\/nayarit-vallarta-gastronomica-2025-reunira-a-grandes-estrellas-de-la-cocina-mundial\/#primaryimage\",\"url\":\"https:\/\/nitu.mx\/wp-content\/uploads\/2025\/08\/Nayarit-Vallarta-Gastronomica-2025-anuncio.jpg\",\"contentUrl\":\"https:\/\/nitu.mx\/wp-content\/uploads\/2025\/08\/Nayarit-Vallarta-Gastronomica-2025-anuncio.jpg\",\"width\":1200,\"height\":675,\"caption\":\"Nayarit - Vallarta Gastron\u00f3mica 2025 anuncio\"},{\"@type\":\"BreadcrumbList\",\"@id\":\"https:\/\/nitu.mx\/index.php\/2025\/08\/19\/nayarit-vallarta-gastronomica-2025-reunira-a-grandes-estrellas-de-la-cocina-mundial\/#breadcrumb\",\"itemListElement\":[{\"@type\":\"ListItem\",\"position\":1,\"name\":\"Inicio\",\"item\":\"https:\/\/nitu.mx\/\"},{\"@type\":\"ListItem\",\"position\":2,\"name\":\"Nayarit &#8211; Vallarta Gastron\u00f3mica 2025 reunir\u00e1 a grandes estrellas de la cocina mundial\"}]},{\"@type\":\"WebSite\",\"@id\":\"https:\/\/nitu.mx\/#website\",\"url\":\"https:\/\/nitu.mx\/\",\"name\":\"Nitu - Noticias de la Industria Turistica\",\"description\":\"Noticias de la Industria Turistica\",\"publisher\":{\"@id\":\"https:\/\/nitu.mx\/#\/schema\/person\/ae7a53426417292d3dd07b45a33e01bc\"},\"alternateName\":\"Noticias de la Industria Turistica\",\"potentialAction\":[{\"@type\":\"SearchAction\",\"target\":{\"@type\":\"EntryPoint\",\"urlTemplate\":\"https:\/\/nitu.mx\/?s={search_term_string}\"},\"query-input\":\"required name=search_term_string\"}],\"inLanguage\":\"es-MX\"},{\"@type\":[\"Person\",\"Organization\"],\"@id\":\"https:\/\/nitu.mx\/#\/schema\/person\/ae7a53426417292d3dd07b45a33e01bc\",\"name\":\"Arturo Medina\",\"image\":{\"@type\":\"ImageObject\",\"inLanguage\":\"es-MX\",\"@id\":\"https:\/\/nitu.mx\/#\/schema\/person\/image\/\",\"url\":\"https:\/\/nitu.mx\/wp-content\/uploads\/2024\/04\/4A315622-1904-4D5C-B022-878CDC840E04-90x90-1.jpeg\",\"contentUrl\":\"https:\/\/nitu.mx\/wp-content\/uploads\/2024\/04\/4A315622-1904-4D5C-B022-878CDC840E04-90x90-1.jpeg\",\"width\":90,\"height\":90,\"caption\":\"Arturo Medina\"},\"logo\":{\"@id\":\"https:\/\/nitu.mx\/#\/schema\/person\/image\/\"},\"description\":\"Director NITU.mx, Egresado de la Escuela de Periodismo Carlos Septi\u00e9n Garc\u00eda. Periodista y analista especializado en turismo desde hace 35 a\u00f1os, radicado en Canc\u00fan Q.Roo. arturo@nitu.mx\",\"sameAs\":[\"https:\/\/nitu.mx\",\"https:\/\/www.facebook.com\/NITUmx\/\",\"medinacancun\",\"https:\/\/twitter.com\/@Arturo_Medina_G\"]},{\"@type\":\"Person\",\"@id\":\"https:\/\/nitu.mx\/#\/schema\/person\/4a28fe9bd65924f7c90623773daf1b0b\",\"name\":\"Redacci\u00f3n\",\"image\":{\"@type\":\"ImageObject\",\"inLanguage\":\"es-MX\",\"@id\":\"https:\/\/nitu.mx\/#\/schema\/person\/image\/\",\"url\":\"https:\/\/secure.gravatar.com\/avatar\/5dd011c8ccfc5cd7e4c81e42252aab38?s=96&d=mm&r=g\",\"contentUrl\":\"https:\/\/secure.gravatar.com\/avatar\/5dd011c8ccfc5cd7e4c81e42252aab38?s=96&d=mm&r=g\",\"caption\":\"Redacci\u00f3n\"},\"url\":\"https:\/\/nitu.mx\/index.php\/author\/redaccion\/\"}]}<\/script>\n<!-- \/ Yoast SEO plugin. -->","yoast_head_json":{"title":"Nayarit - Vallarta Gastron\u00f3mica 2025 reunir\u00e1 a grandes estrellas de la cocina mundial - Nitu - Noticias de la Industria Turistica","robots":{"index":"index","follow":"follow","max-snippet":"max-snippet:-1","max-image-preview":"max-image-preview:large","max-video-preview":"max-video-preview:-1"},"canonical":"https:\/\/nitu.mx\/index.php\/2025\/08\/19\/nayarit-vallarta-gastronomica-2025-reunira-a-grandes-estrellas-de-la-cocina-mundial\/","twitter_card":"summary_large_image","twitter_title":"Nayarit - Vallarta Gastron\u00f3mica 2025 reunir\u00e1 a grandes estrellas de la cocina mundial - Nitu - Noticias de la Industria Turistica","twitter_description":"Con la edici\u00f3n n\u00famero 17 de Nayarit &#8211; Vallarta Gastron\u00f3mica, Jalisco fortalecer\u00e1 su posicionamiento como l\u00edder culinario a escala mundial, con la participaci\u00f3n de figuras de la industria, presencia de talentos locales y propuestas de excelencia, lo que permitir\u00e1 al estado proyectar su riqueza gastron\u00f3mica y reafirmar su papel como referente internacional en innovaci\u00f3n, tradici\u00f3n [&hellip;]","twitter_image":"https:\/\/nitu.mx\/wp-content\/uploads\/2025\/08\/Nayarit-Vallarta-Gastronomica-2025-anuncio.jpg","twitter_creator":"@NITUmx","twitter_site":"@Arturo_Medina_G","twitter_misc":{"Escrito por":"Redacci\u00f3n","Tiempo de lectura":"3 minutos"},"schema":{"@context":"https:\/\/schema.org","@graph":[{"@type":"Article","@id":"https:\/\/nitu.mx\/index.php\/2025\/08\/19\/nayarit-vallarta-gastronomica-2025-reunira-a-grandes-estrellas-de-la-cocina-mundial\/#article","isPartOf":{"@id":"https:\/\/nitu.mx\/index.php\/2025\/08\/19\/nayarit-vallarta-gastronomica-2025-reunira-a-grandes-estrellas-de-la-cocina-mundial\/"},"author":{"name":"Redacci\u00f3n","@id":"https:\/\/nitu.mx\/#\/schema\/person\/4a28fe9bd65924f7c90623773daf1b0b"},"headline":"Nayarit &#8211; Vallarta Gastron\u00f3mica 2025 reunir\u00e1 a grandes estrellas de la cocina mundial","datePublished":"2025-08-20T01:30:00+00:00","dateModified":"2025-08-19T23:13:27+00:00","mainEntityOfPage":{"@id":"https:\/\/nitu.mx\/index.php\/2025\/08\/19\/nayarit-vallarta-gastronomica-2025-reunira-a-grandes-estrellas-de-la-cocina-mundial\/"},"wordCount":695,"publisher":{"@id":"https:\/\/nitu.mx\/#\/schema\/person\/ae7a53426417292d3dd07b45a33e01bc"},"image":{"@id":"https:\/\/nitu.mx\/index.php\/2025\/08\/19\/nayarit-vallarta-gastronomica-2025-reunira-a-grandes-estrellas-de-la-cocina-mundial\/#primaryimage"},"thumbnailUrl":"https:\/\/nitu.mx\/wp-content\/uploads\/2025\/08\/Nayarit-Vallarta-Gastronomica-2025-anuncio.jpg","keywords":["Jalisco","Michelle Fridman","Nayarit","Nayarit-Vallarta Gastron\u00f3mica","Puerto Vallarta"],"articleSection":["Destinos"],"inLanguage":"es-MX"},{"@type":"WebPage","@id":"https:\/\/nitu.mx\/index.php\/2025\/08\/19\/nayarit-vallarta-gastronomica-2025-reunira-a-grandes-estrellas-de-la-cocina-mundial\/","url":"https:\/\/nitu.mx\/index.php\/2025\/08\/19\/nayarit-vallarta-gastronomica-2025-reunira-a-grandes-estrellas-de-la-cocina-mundial\/","name":"Nayarit - Vallarta Gastron\u00f3mica 2025 reunir\u00e1 a grandes estrellas de la cocina mundial - Nitu - Noticias de la Industria Turistica","isPartOf":{"@id":"https:\/\/nitu.mx\/#website"},"primaryImageOfPage":{"@id":"https:\/\/nitu.mx\/index.php\/2025\/08\/19\/nayarit-vallarta-gastronomica-2025-reunira-a-grandes-estrellas-de-la-cocina-mundial\/#primaryimage"},"image":{"@id":"https:\/\/nitu.mx\/index.php\/2025\/08\/19\/nayarit-vallarta-gastronomica-2025-reunira-a-grandes-estrellas-de-la-cocina-mundial\/#primaryimage"},"thumbnailUrl":"https:\/\/nitu.mx\/wp-content\/uploads\/2025\/08\/Nayarit-Vallarta-Gastronomica-2025-anuncio.jpg","datePublished":"2025-08-20T01:30:00+00:00","dateModified":"2025-08-19T23:13:27+00:00","breadcrumb":{"@id":"https:\/\/nitu.mx\/index.php\/2025\/08\/19\/nayarit-vallarta-gastronomica-2025-reunira-a-grandes-estrellas-de-la-cocina-mundial\/#breadcrumb"},"inLanguage":"es-MX","potentialAction":[{"@type":"ReadAction","target":["https:\/\/nitu.mx\/index.php\/2025\/08\/19\/nayarit-vallarta-gastronomica-2025-reunira-a-grandes-estrellas-de-la-cocina-mundial\/"]}]},{"@type":"ImageObject","inLanguage":"es-MX","@id":"https:\/\/nitu.mx\/index.php\/2025\/08\/19\/nayarit-vallarta-gastronomica-2025-reunira-a-grandes-estrellas-de-la-cocina-mundial\/#primaryimage","url":"https:\/\/nitu.mx\/wp-content\/uploads\/2025\/08\/Nayarit-Vallarta-Gastronomica-2025-anuncio.jpg","contentUrl":"https:\/\/nitu.mx\/wp-content\/uploads\/2025\/08\/Nayarit-Vallarta-Gastronomica-2025-anuncio.jpg","width":1200,"height":675,"caption":"Nayarit - Vallarta Gastron\u00f3mica 2025 anuncio"},{"@type":"BreadcrumbList","@id":"https:\/\/nitu.mx\/index.php\/2025\/08\/19\/nayarit-vallarta-gastronomica-2025-reunira-a-grandes-estrellas-de-la-cocina-mundial\/#breadcrumb","itemListElement":[{"@type":"ListItem","position":1,"name":"Inicio","item":"https:\/\/nitu.mx\/"},{"@type":"ListItem","position":2,"name":"Nayarit &#8211; Vallarta Gastron\u00f3mica 2025 reunir\u00e1 a grandes estrellas de la cocina mundial"}]},{"@type":"WebSite","@id":"https:\/\/nitu.mx\/#website","url":"https:\/\/nitu.mx\/","name":"Nitu - Noticias de la Industria Turistica","description":"Noticias de la Industria Turistica","publisher":{"@id":"https:\/\/nitu.mx\/#\/schema\/person\/ae7a53426417292d3dd07b45a33e01bc"},"alternateName":"Noticias de la Industria Turistica","potentialAction":[{"@type":"SearchAction","target":{"@type":"EntryPoint","urlTemplate":"https:\/\/nitu.mx\/?s={search_term_string}"},"query-input":"required name=search_term_string"}],"inLanguage":"es-MX"},{"@type":["Person","Organization"],"@id":"https:\/\/nitu.mx\/#\/schema\/person\/ae7a53426417292d3dd07b45a33e01bc","name":"Arturo Medina","image":{"@type":"ImageObject","inLanguage":"es-MX","@id":"https:\/\/nitu.mx\/#\/schema\/person\/image\/","url":"https:\/\/nitu.mx\/wp-content\/uploads\/2024\/04\/4A315622-1904-4D5C-B022-878CDC840E04-90x90-1.jpeg","contentUrl":"https:\/\/nitu.mx\/wp-content\/uploads\/2024\/04\/4A315622-1904-4D5C-B022-878CDC840E04-90x90-1.jpeg","width":90,"height":90,"caption":"Arturo Medina"},"logo":{"@id":"https:\/\/nitu.mx\/#\/schema\/person\/image\/"},"description":"Director NITU.mx, Egresado de la Escuela de Periodismo Carlos Septi\u00e9n Garc\u00eda. Periodista y analista especializado en turismo desde hace 35 a\u00f1os, radicado en Canc\u00fan Q.Roo. arturo@nitu.mx","sameAs":["https:\/\/nitu.mx","https:\/\/www.facebook.com\/NITUmx\/","medinacancun","https:\/\/twitter.com\/@Arturo_Medina_G"]},{"@type":"Person","@id":"https:\/\/nitu.mx\/#\/schema\/person\/4a28fe9bd65924f7c90623773daf1b0b","name":"Redacci\u00f3n","image":{"@type":"ImageObject","inLanguage":"es-MX","@id":"https:\/\/nitu.mx\/#\/schema\/person\/image\/","url":"https:\/\/secure.gravatar.com\/avatar\/5dd011c8ccfc5cd7e4c81e42252aab38?s=96&d=mm&r=g","contentUrl":"https:\/\/secure.gravatar.com\/avatar\/5dd011c8ccfc5cd7e4c81e42252aab38?s=96&d=mm&r=g","caption":"Redacci\u00f3n"},"url":"https:\/\/nitu.mx\/index.php\/author\/redaccion\/"}]}},"views":698,"_links":{"self":[{"href":"https:\/\/nitu.mx\/index.php\/wp-json\/wp\/v2\/posts\/82963"}],"collection":[{"href":"https:\/\/nitu.mx\/index.php\/wp-json\/wp\/v2\/posts"}],"about":[{"href":"https:\/\/nitu.mx\/index.php\/wp-json\/wp\/v2\/types\/post"}],"author":[{"embeddable":true,"href":"https:\/\/nitu.mx\/index.php\/wp-json\/wp\/v2\/users\/17"}],"replies":[{"embeddable":true,"href":"https:\/\/nitu.mx\/index.php\/wp-json\/wp\/v2\/comments?post=82963"}],"version-history":[{"count":2,"href":"https:\/\/nitu.mx\/index.php\/wp-json\/wp\/v2\/posts\/82963\/revisions"}],"predecessor-version":[{"id":82967,"href":"https:\/\/nitu.mx\/index.php\/wp-json\/wp\/v2\/posts\/82963\/revisions\/82967"}],"wp:featuredmedia":[{"embeddable":true,"href":"https:\/\/nitu.mx\/index.php\/wp-json\/wp\/v2\/media\/82968"}],"wp:attachment":[{"href":"https:\/\/nitu.mx\/index.php\/wp-json\/wp\/v2\/media?parent=82963"}],"wp:term":[{"taxonomy":"category","embeddable":true,"href":"https:\/\/nitu.mx\/index.php\/wp-json\/wp\/v2\/categories?post=82963"},{"taxonomy":"post_tag","embeddable":true,"href":"https:\/\/nitu.mx\/index.php\/wp-json\/wp\/v2\/tags?post=82963"}],"curies":[{"name":"wp","href":"https:\/\/api.w.org\/{rel}","templated":true}]}}