{"id":82892,"date":"2025-08-18T15:11:53","date_gmt":"2025-08-18T21:11:53","guid":{"rendered":"https:\/\/nitu.mx\/?p=82892"},"modified":"2025-08-18T15:36:27","modified_gmt":"2025-08-18T21:36:27","slug":"sectur-lanza-convocatoria-para-sede-del-tianguis-turistico-2027","status":"publish","type":"post","link":"https:\/\/nitu.mx\/index.php\/2025\/08\/18\/sectur-lanza-convocatoria-para-sede-del-tianguis-turistico-2027\/","title":{"rendered":"Sectur lanza convocatoria para la sede del Tianguis Tur\u00edstico 2027"},"content":{"rendered":"\n<p>La Secretar\u00eda de Turismo federal (Sectur) public\u00f3 en el <a href=\"https:\/\/www.dof.gob.mx\/nota_detalle.php?codigo=5765793&amp;fecha=18\/08\/2025#gsc.tab=0\">Diario Oficial de la Federaci\u00f3n (DOF)<\/a> el Acuerdo por el que se emite la Convocatoria para definir la sede del Tianguis Tur\u00edstico M\u00e9xico 2027, signado por la titular de la dependencia, Josefina Rodr\u00edguez Zamora. <\/p>\n\n\n\n<p>El&nbsp;Acuerdo&nbsp;tiene&nbsp;por&nbsp;objeto&nbsp;emitir&nbsp;la&nbsp;Convocatoria,&nbsp;as\u00ed&nbsp;como&nbsp;establecer&nbsp;los&nbsp;criterios&nbsp;y&nbsp;requisitos&nbsp;para&nbsp;que&nbsp;los&nbsp;Gobiernos&nbsp;de&nbsp;las&nbsp;Entidades&nbsp;Federativas&nbsp;del&nbsp;pa\u00eds&nbsp;presenten&nbsp;sus&nbsp;propuestas&nbsp;para&nbsp;ser&nbsp;la&nbsp;sede&nbsp;del&nbsp;&#8220;Tianguis&nbsp;Tur\u00edstico&nbsp;M\u00e9xico&nbsp;2027&#8221;. Est\u00e1n convocadas todos los estados del pa\u00eds, excepto al que fue sede de la edici\u00f3n itinerante inmediata anterior, es decir, Baja California, que fue sede este a\u00f1o. Adem\u00e1s, Guerrero queda descartado por ser la sede bienal, que recibir\u00e1 la edici\u00f3n 50 en 2026.<\/p>\n\n\n\n<p>Las propuestas deber\u00e1n ser emitidas dentro de los 30 d\u00edas naturales siguientes a la entrada en vigor de este acuerdo, y el resultado deber\u00e1 publicarse 30 d\u00edas naturales posteriores a vencimiento&nbsp;del&nbsp;plazo&nbsp;establecido&nbsp;para&nbsp;la&nbsp;recepci\u00f3n&nbsp;de&nbsp;propuestas. El titular de Sectur de la entidad elegida acordar\u00e1 con la dependencia federal, cu\u00e1ndo se dar\u00e1 a conocer la sede. (<a href=\"https:\/\/nitu.mx\/index.php\/2025\/07\/03\/tianguis-turistico-sectur-y-guerrero-instalan-comite-organizador-para-la-edicion-50-en-acapulco\/\">Tianguis Tur\u00edstico: Sectur y Guerrero instalan Comit\u00e9 Organizador para la edici\u00f3n 50 en Acapulco<\/a>).<\/p>\n\n\n\n<h2 class=\"wp-block-heading\">Tianguis Tur\u00edstico 2027: Requisitos para ser sede<\/h2>\n\n\n\n<p>Las\u00a0propuestas\u00a0presentadas\u00a0por\u00a0las\u00a0entidades\u00a0federativas\u00a0deben\u00a0cumplir,\u00a0como\u00a0m\u00ednimo,\u00a0con\u00a0los\u00a0siguientes requisitos:<\/p>\n\n\n\n<p><strong>I.&nbsp;<\/strong>&nbsp;&nbsp;&nbsp;&nbsp;&nbsp;Capacidad&nbsp;de&nbsp;Instalaciones.&nbsp;Descripci\u00f3n&nbsp;de&nbsp;las&nbsp;caracter\u00edsticas&nbsp;y&nbsp;funcionalidad&nbsp;del&nbsp;\u00e1rea&nbsp;de&nbsp;exposici\u00f3n&nbsp;en&nbsp;la&nbsp;que&nbsp;se&nbsp;propone&nbsp;llevar&nbsp;a&nbsp;  cabo el&nbsp;&#8220;Tianguis&nbsp;Tur\u00edstico&nbsp;M\u00e9xico&nbsp;2027&#8221;. A este respecto solicita: <\/p>\n\n\n\n<p>\u00c1reas\u00a0de\u00a0exposici\u00f3n\u00a0de\u00a0m\u00ednimo\u00a025,000\u00a0m2\u00a0sin\u00a0columnas\u00a0o\u00a028,000\u00a0m2\u00a0con\u00a0columnas,\u00a0especificando\u00a0si\u00a0es\u00a0en\u00a0una o varias sedes; m\u00ednimo 10,000 m2 adicionales para \u00e1reas de operaci\u00f3n. La Entidad Federativa debe cubrir el costo del Centro de Exposiciones por los d\u00edas en que se lleve a cabo el &#8220;Tianguis Tur\u00edstico M\u00e9xico 2027&#8221;, as\u00ed como los d\u00edas previos y posteriores para montaje y desmontaje. <\/p>\n\n\n\n<p>Tambi\u00e9n, \u00e1rea para la ceremonia inaugural con capacidad m\u00ednima para 2,000 participantes; 3 (tres) salones para conferencias y seminarios: 1 (uno) con capacidad para 350 (trescientos\u00a0cincuenta) participantes y 2 (dos) con capacidad para 120 (ciento\u00a0veinte) participantes; \u00e1reas para instalaci\u00f3n de oficinas, espacios operativos y de\u00a0servicios; entre otras. <\/p>\n\n\n\n<p>Para organizar el Tianguis Tur\u00edstico M\u00e9xico 2027, el gobierno estatal que resulte electo deber\u00e1 absorber estas responsabilidades y gastos:<\/p>\n\n\n\n<p>Ceremonia\u00a0de\u00a0Inauguraci\u00f3n.\u00a0La\u00a0Secretar\u00eda\u00a0de\u00a0Turismo\u00a0del\u00a0Gobierno\u00a0del\u00a0Estado\u00a0seleccionado\u00a0deber\u00e1\u00a0cubrir\u00a0el costo de la renta del recinto en donde se celebrar\u00e1 la Ceremonia de Inauguraci\u00f3n del evento. Considerar que este espacio deber\u00e1 ser para 2,000 (dos mil) personas.<\/p>\n\n\n\n<p>Di\u00e1logo\u00a0de\u00a0Capitanes.\u00a0La\u00a0Secretar\u00eda\u00a0de\u00a0Turismo\u00a0del\u00a0Gobierno\u00a0del\u00a0Estado\u00a0seleccionado,\u00a0deber\u00e1\u00a0cubrir\u00a0el\u00a0costo\u00a0de\u00a0la\u00a0renta\u00a0del recinto en donde\u00a0se\u00a0celebrar\u00e1\u00a0el\u00a0Di\u00e1logo\u00a0de\u00a0Capitanes\u00a0de\u00a0la\u00a0Industria\u00a0Tur\u00edstica.\u00a0Considerar que este espacio deber\u00e1 ser m\u00ednimo para 350 (trescientas cincuenta) personas.<\/p>\n\n\n\n<p>Evento de Bienvenida. La Secretar\u00eda de Turismo del Gobierno del Estado seleccionado, deber\u00e1 organizar y cubrir el costo del evento como m\u00ednimo para 2,000 (dos mil) personas el\u00a0primer\u00a0d\u00eda\u00a0del\u00a0evento.<\/p>\n\n\n\n<p>Servicios\u00a0de\u00a0Bomberos,\u00a0Cruz\u00a0Roja,\u00a0Hospital\u00a024\u00a0horas,\u00a0Protecci\u00f3n\u00a0Civil,\u00a0Protecci\u00f3n\u00a0y\u00a0Vialidad,\u00a0Seguridad\u00a0con Polic\u00eda Estatal y Municipal, as\u00ed como accesibilidad en aeropuertos.<\/p>\n\n\n\n<p>Hospedaje\u00a0para\u00a0m\u00ednimo\u00a0200\u00a0(doscientos)\u00a0invitados\u00a0por\u00a05\u00a0noches\u00a0en\u00a0hotel\u00a05\u00a0estrellas\u00a0con\u00a0desayuno\u00a0incluido, y 35 (treinta\u00a0y\u00a0cinco) camionetas tipo sprinter para 20 (veinte) pasajeros m\u00ednimo por 7 d\u00edas hasta 16 horas m\u00ednimo y cubrir el pago de los uniformes de los operadores.<\/p>\n\n\n\n<p><strong>II.&nbsp;<\/strong>&nbsp;&nbsp;&nbsp;&nbsp;Conectividad.&nbsp;Descripci\u00f3n&nbsp;de&nbsp;las&nbsp;caracter\u00edsticas&nbsp;de&nbsp;conectividad&nbsp;a\u00e9rea&nbsp;y&nbsp;terrestre&nbsp;de&nbsp;la&nbsp;sede&nbsp;propuesta. Es necesario que la entidad federativa cuente con un Aeropuerto Internacional en el destino sede o a menos de 90 km, por lo que debe describir las caracter\u00edsticas y servicios que&nbsp;ofrece&nbsp;el&nbsp;Aeropuerto&nbsp;correspondiente.<\/p>\n\n\n\n<p><strong>III.\u00a0<\/strong>\u00a0\u00a0\u00a0Oferta\u00a0de\u00a0Servicios\u00a0Tur\u00edsticos.\u00a0Documentaci\u00f3n\u00a0sustentada\u00a0en\u00a0datos\u00a0estad\u00edsticos,\u00a0encuestas\u00a0e\u00a0informaci\u00f3n\u00a0institucional\u00a0que\u00a0garantice\u00a0la\u00a0capacidad\u00a0de\u00a0recepci\u00f3n\u00a0y\u00a0servicios\u00a0complementarios,\u00a0que\u00a0se\u00a0ofrecer\u00e1n\u00a0a\u00a0todos\u00a0los\u00a0participantes\u00a0y\u00a0asistentes\u00a0al\u00a0&#8220;Tianguis Tur\u00edstico M\u00e9xico 2027&#8221; (capacidad hotelera, \u00e1reas alternas para eventos y servicios\u00a0complementarios).<\/p>\n\n\n\n<p>En este tenor, requiere al menos 6 mil cuartos de hotel de 4 y 5 estrellas, en un radio de 50 kil\u00f3metros; as\u00ed como servicios complementarios como transporte terrestre, taxis, restaurantes con horarios hasta las 23:00 horas, arrendadoras de autos, casas de cambio, gu\u00edas de turistas, as\u00ed como actividades recreativas y tours. <\/p>\n\n\n\n<p><strong>IV.<\/strong><strong>\u00a0<\/strong>\u00a0\u00a0\u00a0Compromisos\u00a0de\u00a0la\u00a0Entidad\u00a0Federativa.\u00a0Apoyos\u00a0locales\u00a0y\u00a0especiales,\u00a0desglose\u00a0del\u00a0costo\u00a0estimado\u00a0de\u00a0los\u00a0recursos\u00a0humanos,\u00a0financieros,\u00a0materiales\u00a0y\u00a0tecnol\u00f3gicos,\u00a0que\u00a0la\u00a0entidad\u00a0federativa\u00a0interesada\u00a0aportar\u00e1 para la celebraci\u00f3n del &#8220;Tianguis Tur\u00edstico M\u00e9xico 2027&#8221;.<\/p>\n\n\n\n<p><strong>V.&nbsp;<\/strong>&nbsp;&nbsp;&nbsp;Apoyos&nbsp;complementarios.&nbsp;La&nbsp;Entidad&nbsp;Federativa&nbsp;podr\u00e1&nbsp;ofrecer&nbsp;adicionalmente&nbsp;los&nbsp;apoyos&nbsp;complementarios&nbsp;que&nbsp;considere&nbsp;pertinentes&nbsp;para&nbsp;lograr&nbsp;un&nbsp;mejor&nbsp;desempe\u00f1o&nbsp;y&nbsp;resultados&nbsp;del&nbsp;evento.<\/p>\n\n\n\n<p><strong>&nbsp;<\/strong>El&nbsp;Comit\u00e9&nbsp;de&nbsp;Selecci\u00f3n&nbsp;de la sede del Tianguis Tur\u00edstico 2027 se&nbsp;integrar\u00e1&nbsp;de&nbsp;la&nbsp;siguiente&nbsp;forma:<\/p>\n\n\n\n<p><strong>I.<\/strong>&nbsp;&nbsp;&nbsp;&nbsp;&nbsp;La&nbsp;persona&nbsp;titular&nbsp;de&nbsp;la&nbsp;Secretar\u00eda&nbsp;de&nbsp;Turismo,&nbsp;quien&nbsp;lo&nbsp;presidir\u00e1;<\/p>\n\n\n\n<p><strong>II.<\/strong>&nbsp;&nbsp;&nbsp;&nbsp;&nbsp;La&nbsp;persona&nbsp;titular&nbsp;de&nbsp;la&nbsp;Subsecretar\u00eda&nbsp;de&nbsp;Turismo;<\/p>\n\n\n\n<p><strong>III.<\/strong>&nbsp;&nbsp;&nbsp;&nbsp;Un&nbsp;representante&nbsp;del&nbsp;Fondo&nbsp;Nacional&nbsp;de&nbsp;Fomento&nbsp;Tur\u00edstico;<\/p>\n\n\n\n<p><strong>IV.<\/strong>&nbsp;&nbsp;&nbsp;Un&nbsp;representante&nbsp;de&nbsp;la&nbsp;Confederaci\u00f3n&nbsp;de&nbsp;C\u00e1maras&nbsp;Nacionales&nbsp;de&nbsp;Comercio,&nbsp;Servicios&nbsp;y&nbsp;Turismo;<\/p>\n\n\n\n<p><strong>V.<\/strong>&nbsp;&nbsp;&nbsp;&nbsp;Un&nbsp;representante&nbsp;del&nbsp;Consejo&nbsp;Nacional&nbsp;Empresarial&nbsp;Tur\u00edstico;<\/p>\n\n\n\n<p><strong>VI.<\/strong>&nbsp;&nbsp;&nbsp;Un&nbsp;representante&nbsp;de&nbsp;la&nbsp;Asociaci\u00f3n&nbsp;Mexicana&nbsp;de&nbsp;Hoteles&nbsp;y&nbsp;Moteles;<\/p>\n\n\n\n<p><strong>VII.<\/strong>&nbsp;&nbsp;&nbsp;Un&nbsp;representante&nbsp;de&nbsp;la&nbsp;C\u00e1mara&nbsp;Nacional&nbsp;de&nbsp;Aerotransportes;<\/p>\n\n\n\n<p><strong>VIII.<\/strong>&nbsp;&nbsp;Un&nbsp;representante&nbsp;de&nbsp;la&nbsp;C\u00e1mara&nbsp;Nacional&nbsp;de&nbsp;Autotransporte&nbsp;de&nbsp;Pasaje&nbsp;y&nbsp;Turismo;<\/p>\n\n\n\n<p><strong>IX.<\/strong>&nbsp;&nbsp;&nbsp;Un&nbsp;representante&nbsp;de&nbsp;la&nbsp;C\u00e1mara&nbsp;Nacional&nbsp;de&nbsp;la&nbsp;Industria&nbsp;de&nbsp;Restaurantes&nbsp;y&nbsp;Alimentos&nbsp;Condimentados;<\/p>\n\n\n\n<p><strong>X.<\/strong>&nbsp;&nbsp;&nbsp;&nbsp;Un&nbsp;representante&nbsp;de&nbsp;la&nbsp;Asociaci\u00f3n&nbsp;Mexicana&nbsp;de&nbsp;Agentes&nbsp;de&nbsp;Viajes,&nbsp;y<\/p>\n\n\n\n<p><strong>XI.<\/strong>&nbsp;&nbsp;&nbsp;Un&nbsp;representante&nbsp;de&nbsp;la&nbsp;Asociaci\u00f3n&nbsp;Nacional&nbsp;de&nbsp;Cadenas&nbsp;de&nbsp;Hoteles.<\/p>\n","protected":false},"excerpt":{"rendered":"<p>La Secretar\u00eda de Turismo federal (Sectur) public\u00f3 en el Diario Oficial de la Federaci\u00f3n (DOF) el Acuerdo por el que se emite la Convocatoria para definir la sede del Tianguis Tur\u00edstico M\u00e9xico 2027, signado por la titular de la dependencia, Josefina Rodr\u00edguez Zamora. El&nbsp;Acuerdo&nbsp;tiene&nbsp;por&nbsp;objeto&nbsp;emitir&nbsp;la&nbsp;Convocatoria,&nbsp;as\u00ed&nbsp;como&nbsp;establecer&nbsp;los&nbsp;criterios&nbsp;y&nbsp;requisitos&nbsp;para&nbsp;que&nbsp;los&nbsp;Gobiernos&nbsp;de&nbsp;las&nbsp;Entidades&nbsp;Federativas&nbsp;del&nbsp;pa\u00eds&nbsp;presenten&nbsp;sus&nbsp;propuestas&nbsp;para&nbsp;ser&nbsp;la&nbsp;sede&nbsp;del&nbsp;&#8220;Tianguis&nbsp;Tur\u00edstico&nbsp;M\u00e9xico&nbsp;2027&#8221;. Est\u00e1n convocadas todos los estados del pa\u00eds, excepto al que fue [&hellip;]<\/p>\n","protected":false},"author":17,"featured_media":80855,"comment_status":"closed","ping_status":"closed","sticky":false,"template":"","format":"standard","meta":{"footnotes":""},"categories":[23336],"tags":[7842,7077,25659,93,1064],"yoast_head":"<!-- This site is optimized with the Yoast SEO plugin v22.2 - https:\/\/yoast.com\/wordpress\/plugins\/seo\/ -->\n<title>Sectur lanza convocatoria para la sede del Tianguis Tur\u00edstico 2027 - Nitu - Noticias de la Industria Turistica<\/title>\n<meta name=\"robots\" content=\"index, follow, max-snippet:-1, max-image-preview:large, max-video-preview:-1\" \/>\n<link rel=\"canonical\" href=\"https:\/\/nitu.mx\/index.php\/2025\/08\/18\/sectur-lanza-convocatoria-para-sede-del-tianguis-turistico-2027\/\" \/>\n<meta name=\"twitter:card\" content=\"summary_large_image\" \/>\n<meta name=\"twitter:title\" content=\"Sectur lanza convocatoria para la sede del Tianguis Tur\u00edstico 2027 - Nitu - Noticias de la Industria Turistica\" \/>\n<meta name=\"twitter:description\" content=\"La Secretar\u00eda de Turismo federal (Sectur) public\u00f3 en el Diario Oficial de la Federaci\u00f3n (DOF) el Acuerdo por el que se emite la Convocatoria para definir la sede del Tianguis Tur\u00edstico M\u00e9xico 2027, signado por la titular de la dependencia, Josefina Rodr\u00edguez Zamora. El&nbsp;Acuerdo&nbsp;tiene&nbsp;por&nbsp;objeto&nbsp;emitir&nbsp;la&nbsp;Convocatoria,&nbsp;as\u00ed&nbsp;como&nbsp;establecer&nbsp;los&nbsp;criterios&nbsp;y&nbsp;requisitos&nbsp;para&nbsp;que&nbsp;los&nbsp;Gobiernos&nbsp;de&nbsp;las&nbsp;Entidades&nbsp;Federativas&nbsp;del&nbsp;pa\u00eds&nbsp;presenten&nbsp;sus&nbsp;propuestas&nbsp;para&nbsp;ser&nbsp;la&nbsp;sede&nbsp;del&nbsp;&#8220;Tianguis&nbsp;Tur\u00edstico&nbsp;M\u00e9xico&nbsp;2027&#8221;. Est\u00e1n convocadas todos los estados del pa\u00eds, excepto al que fue [&hellip;]\" \/>\n<meta name=\"twitter:image\" content=\"https:\/\/nitu.mx\/wp-content\/uploads\/2025\/04\/Tianguis-Turistico-2025-corte-de-liston.jpeg\" \/>\n<meta name=\"twitter:creator\" content=\"@NITUmx\" \/>\n<meta name=\"twitter:site\" content=\"@Arturo_Medina_G\" \/>\n<meta name=\"twitter:label1\" content=\"Escrito por\" \/>\n\t<meta name=\"twitter:data1\" content=\"Redacci\u00f3n\" \/>\n\t<meta name=\"twitter:label2\" content=\"Tiempo de lectura\" \/>\n\t<meta name=\"twitter:data2\" content=\"6 minutos\" \/>\n<script type=\"application\/ld+json\" class=\"yoast-schema-graph\">{\"@context\":\"https:\/\/schema.org\",\"@graph\":[{\"@type\":\"Article\",\"@id\":\"https:\/\/nitu.mx\/index.php\/2025\/08\/18\/sectur-lanza-convocatoria-para-sede-del-tianguis-turistico-2027\/#article\",\"isPartOf\":{\"@id\":\"https:\/\/nitu.mx\/index.php\/2025\/08\/18\/sectur-lanza-convocatoria-para-sede-del-tianguis-turistico-2027\/\"},\"author\":{\"name\":\"Redacci\u00f3n\",\"@id\":\"https:\/\/nitu.mx\/#\/schema\/person\/4a28fe9bd65924f7c90623773daf1b0b\"},\"headline\":\"Sectur lanza convocatoria para la sede del Tianguis Tur\u00edstico 2027\",\"datePublished\":\"2025-08-18T21:11:53+00:00\",\"dateModified\":\"2025-08-18T21:36:27+00:00\",\"mainEntityOfPage\":{\"@id\":\"https:\/\/nitu.mx\/index.php\/2025\/08\/18\/sectur-lanza-convocatoria-para-sede-del-tianguis-turistico-2027\/\"},\"wordCount\":1255,\"publisher\":{\"@id\":\"https:\/\/nitu.mx\/#\/schema\/person\/ae7a53426417292d3dd07b45a33e01bc\"},\"image\":{\"@id\":\"https:\/\/nitu.mx\/index.php\/2025\/08\/18\/sectur-lanza-convocatoria-para-sede-del-tianguis-turistico-2027\/#primaryimage\"},\"thumbnailUrl\":\"https:\/\/nitu.mx\/wp-content\/uploads\/2025\/04\/Tianguis-Turistico-2025-corte-de-liston.jpeg\",\"keywords\":[\"convocatoria\",\"DOF\",\"Josefina Rodr\u00edguez\",\"Sectur\",\"Tianguis Tur\u00edstico\"],\"articleSection\":[\"Tianguis Tur\u00edstico\"],\"inLanguage\":\"es-MX\"},{\"@type\":\"WebPage\",\"@id\":\"https:\/\/nitu.mx\/index.php\/2025\/08\/18\/sectur-lanza-convocatoria-para-sede-del-tianguis-turistico-2027\/\",\"url\":\"https:\/\/nitu.mx\/index.php\/2025\/08\/18\/sectur-lanza-convocatoria-para-sede-del-tianguis-turistico-2027\/\",\"name\":\"Sectur lanza convocatoria para la sede del Tianguis Tur\u00edstico 2027 - Nitu - Noticias de la Industria Turistica\",\"isPartOf\":{\"@id\":\"https:\/\/nitu.mx\/#website\"},\"primaryImageOfPage\":{\"@id\":\"https:\/\/nitu.mx\/index.php\/2025\/08\/18\/sectur-lanza-convocatoria-para-sede-del-tianguis-turistico-2027\/#primaryimage\"},\"image\":{\"@id\":\"https:\/\/nitu.mx\/index.php\/2025\/08\/18\/sectur-lanza-convocatoria-para-sede-del-tianguis-turistico-2027\/#primaryimage\"},\"thumbnailUrl\":\"https:\/\/nitu.mx\/wp-content\/uploads\/2025\/04\/Tianguis-Turistico-2025-corte-de-liston.jpeg\",\"datePublished\":\"2025-08-18T21:11:53+00:00\",\"dateModified\":\"2025-08-18T21:36:27+00:00\",\"breadcrumb\":{\"@id\":\"https:\/\/nitu.mx\/index.php\/2025\/08\/18\/sectur-lanza-convocatoria-para-sede-del-tianguis-turistico-2027\/#breadcrumb\"},\"inLanguage\":\"es-MX\",\"potentialAction\":[{\"@type\":\"ReadAction\",\"target\":[\"https:\/\/nitu.mx\/index.php\/2025\/08\/18\/sectur-lanza-convocatoria-para-sede-del-tianguis-turistico-2027\/\"]}]},{\"@type\":\"ImageObject\",\"inLanguage\":\"es-MX\",\"@id\":\"https:\/\/nitu.mx\/index.php\/2025\/08\/18\/sectur-lanza-convocatoria-para-sede-del-tianguis-turistico-2027\/#primaryimage\",\"url\":\"https:\/\/nitu.mx\/wp-content\/uploads\/2025\/04\/Tianguis-Turistico-2025-corte-de-liston.jpeg\",\"contentUrl\":\"https:\/\/nitu.mx\/wp-content\/uploads\/2025\/04\/Tianguis-Turistico-2025-corte-de-liston.jpeg\",\"width\":1600,\"height\":739,\"caption\":\"Tianguis Turi\u0301stico 2025 corte de liston\"},{\"@type\":\"BreadcrumbList\",\"@id\":\"https:\/\/nitu.mx\/index.php\/2025\/08\/18\/sectur-lanza-convocatoria-para-sede-del-tianguis-turistico-2027\/#breadcrumb\",\"itemListElement\":[{\"@type\":\"ListItem\",\"position\":1,\"name\":\"Inicio\",\"item\":\"https:\/\/nitu.mx\/\"},{\"@type\":\"ListItem\",\"position\":2,\"name\":\"Sectur lanza convocatoria para la sede del Tianguis Tur\u00edstico 2027\"}]},{\"@type\":\"WebSite\",\"@id\":\"https:\/\/nitu.mx\/#website\",\"url\":\"https:\/\/nitu.mx\/\",\"name\":\"Nitu - Noticias de la Industria Turistica\",\"description\":\"Noticias de la Industria Turistica\",\"publisher\":{\"@id\":\"https:\/\/nitu.mx\/#\/schema\/person\/ae7a53426417292d3dd07b45a33e01bc\"},\"alternateName\":\"Noticias de la Industria Turistica\",\"potentialAction\":[{\"@type\":\"SearchAction\",\"target\":{\"@type\":\"EntryPoint\",\"urlTemplate\":\"https:\/\/nitu.mx\/?s={search_term_string}\"},\"query-input\":\"required name=search_term_string\"}],\"inLanguage\":\"es-MX\"},{\"@type\":[\"Person\",\"Organization\"],\"@id\":\"https:\/\/nitu.mx\/#\/schema\/person\/ae7a53426417292d3dd07b45a33e01bc\",\"name\":\"Arturo Medina\",\"image\":{\"@type\":\"ImageObject\",\"inLanguage\":\"es-MX\",\"@id\":\"https:\/\/nitu.mx\/#\/schema\/person\/image\/\",\"url\":\"https:\/\/nitu.mx\/wp-content\/uploads\/2024\/04\/4A315622-1904-4D5C-B022-878CDC840E04-90x90-1.jpeg\",\"contentUrl\":\"https:\/\/nitu.mx\/wp-content\/uploads\/2024\/04\/4A315622-1904-4D5C-B022-878CDC840E04-90x90-1.jpeg\",\"width\":90,\"height\":90,\"caption\":\"Arturo Medina\"},\"logo\":{\"@id\":\"https:\/\/nitu.mx\/#\/schema\/person\/image\/\"},\"description\":\"Director NITU.mx, Egresado de la Escuela de Periodismo Carlos Septi\u00e9n Garc\u00eda. Periodista y analista especializado en turismo desde hace 35 a\u00f1os, radicado en Canc\u00fan Q.Roo. arturo@nitu.mx\",\"sameAs\":[\"https:\/\/nitu.mx\",\"https:\/\/www.facebook.com\/NITUmx\/\",\"medinacancun\",\"https:\/\/twitter.com\/@Arturo_Medina_G\"]},{\"@type\":\"Person\",\"@id\":\"https:\/\/nitu.mx\/#\/schema\/person\/4a28fe9bd65924f7c90623773daf1b0b\",\"name\":\"Redacci\u00f3n\",\"image\":{\"@type\":\"ImageObject\",\"inLanguage\":\"es-MX\",\"@id\":\"https:\/\/nitu.mx\/#\/schema\/person\/image\/\",\"url\":\"https:\/\/secure.gravatar.com\/avatar\/5dd011c8ccfc5cd7e4c81e42252aab38?s=96&d=mm&r=g\",\"contentUrl\":\"https:\/\/secure.gravatar.com\/avatar\/5dd011c8ccfc5cd7e4c81e42252aab38?s=96&d=mm&r=g\",\"caption\":\"Redacci\u00f3n\"},\"url\":\"https:\/\/nitu.mx\/index.php\/author\/redaccion\/\"}]}<\/script>\n<!-- \/ Yoast SEO plugin. -->","yoast_head_json":{"title":"Sectur lanza convocatoria para la sede del Tianguis Tur\u00edstico 2027 - Nitu - Noticias de la Industria Turistica","robots":{"index":"index","follow":"follow","max-snippet":"max-snippet:-1","max-image-preview":"max-image-preview:large","max-video-preview":"max-video-preview:-1"},"canonical":"https:\/\/nitu.mx\/index.php\/2025\/08\/18\/sectur-lanza-convocatoria-para-sede-del-tianguis-turistico-2027\/","twitter_card":"summary_large_image","twitter_title":"Sectur lanza convocatoria para la sede del Tianguis Tur\u00edstico 2027 - Nitu - Noticias de la Industria Turistica","twitter_description":"La Secretar\u00eda de Turismo federal (Sectur) public\u00f3 en el Diario Oficial de la Federaci\u00f3n (DOF) el Acuerdo por el que se emite la Convocatoria para definir la sede del Tianguis Tur\u00edstico M\u00e9xico 2027, signado por la titular de la dependencia, Josefina Rodr\u00edguez Zamora. El&nbsp;Acuerdo&nbsp;tiene&nbsp;por&nbsp;objeto&nbsp;emitir&nbsp;la&nbsp;Convocatoria,&nbsp;as\u00ed&nbsp;como&nbsp;establecer&nbsp;los&nbsp;criterios&nbsp;y&nbsp;requisitos&nbsp;para&nbsp;que&nbsp;los&nbsp;Gobiernos&nbsp;de&nbsp;las&nbsp;Entidades&nbsp;Federativas&nbsp;del&nbsp;pa\u00eds&nbsp;presenten&nbsp;sus&nbsp;propuestas&nbsp;para&nbsp;ser&nbsp;la&nbsp;sede&nbsp;del&nbsp;&#8220;Tianguis&nbsp;Tur\u00edstico&nbsp;M\u00e9xico&nbsp;2027&#8221;. Est\u00e1n convocadas todos los estados del pa\u00eds, excepto al que fue [&hellip;]","twitter_image":"https:\/\/nitu.mx\/wp-content\/uploads\/2025\/04\/Tianguis-Turistico-2025-corte-de-liston.jpeg","twitter_creator":"@NITUmx","twitter_site":"@Arturo_Medina_G","twitter_misc":{"Escrito por":"Redacci\u00f3n","Tiempo de lectura":"6 minutos"},"schema":{"@context":"https:\/\/schema.org","@graph":[{"@type":"Article","@id":"https:\/\/nitu.mx\/index.php\/2025\/08\/18\/sectur-lanza-convocatoria-para-sede-del-tianguis-turistico-2027\/#article","isPartOf":{"@id":"https:\/\/nitu.mx\/index.php\/2025\/08\/18\/sectur-lanza-convocatoria-para-sede-del-tianguis-turistico-2027\/"},"author":{"name":"Redacci\u00f3n","@id":"https:\/\/nitu.mx\/#\/schema\/person\/4a28fe9bd65924f7c90623773daf1b0b"},"headline":"Sectur lanza convocatoria para la sede del Tianguis Tur\u00edstico 2027","datePublished":"2025-08-18T21:11:53+00:00","dateModified":"2025-08-18T21:36:27+00:00","mainEntityOfPage":{"@id":"https:\/\/nitu.mx\/index.php\/2025\/08\/18\/sectur-lanza-convocatoria-para-sede-del-tianguis-turistico-2027\/"},"wordCount":1255,"publisher":{"@id":"https:\/\/nitu.mx\/#\/schema\/person\/ae7a53426417292d3dd07b45a33e01bc"},"image":{"@id":"https:\/\/nitu.mx\/index.php\/2025\/08\/18\/sectur-lanza-convocatoria-para-sede-del-tianguis-turistico-2027\/#primaryimage"},"thumbnailUrl":"https:\/\/nitu.mx\/wp-content\/uploads\/2025\/04\/Tianguis-Turistico-2025-corte-de-liston.jpeg","keywords":["convocatoria","DOF","Josefina Rodr\u00edguez","Sectur","Tianguis Tur\u00edstico"],"articleSection":["Tianguis Tur\u00edstico"],"inLanguage":"es-MX"},{"@type":"WebPage","@id":"https:\/\/nitu.mx\/index.php\/2025\/08\/18\/sectur-lanza-convocatoria-para-sede-del-tianguis-turistico-2027\/","url":"https:\/\/nitu.mx\/index.php\/2025\/08\/18\/sectur-lanza-convocatoria-para-sede-del-tianguis-turistico-2027\/","name":"Sectur lanza convocatoria para la sede del Tianguis Tur\u00edstico 2027 - Nitu - Noticias de la Industria Turistica","isPartOf":{"@id":"https:\/\/nitu.mx\/#website"},"primaryImageOfPage":{"@id":"https:\/\/nitu.mx\/index.php\/2025\/08\/18\/sectur-lanza-convocatoria-para-sede-del-tianguis-turistico-2027\/#primaryimage"},"image":{"@id":"https:\/\/nitu.mx\/index.php\/2025\/08\/18\/sectur-lanza-convocatoria-para-sede-del-tianguis-turistico-2027\/#primaryimage"},"thumbnailUrl":"https:\/\/nitu.mx\/wp-content\/uploads\/2025\/04\/Tianguis-Turistico-2025-corte-de-liston.jpeg","datePublished":"2025-08-18T21:11:53+00:00","dateModified":"2025-08-18T21:36:27+00:00","breadcrumb":{"@id":"https:\/\/nitu.mx\/index.php\/2025\/08\/18\/sectur-lanza-convocatoria-para-sede-del-tianguis-turistico-2027\/#breadcrumb"},"inLanguage":"es-MX","potentialAction":[{"@type":"ReadAction","target":["https:\/\/nitu.mx\/index.php\/2025\/08\/18\/sectur-lanza-convocatoria-para-sede-del-tianguis-turistico-2027\/"]}]},{"@type":"ImageObject","inLanguage":"es-MX","@id":"https:\/\/nitu.mx\/index.php\/2025\/08\/18\/sectur-lanza-convocatoria-para-sede-del-tianguis-turistico-2027\/#primaryimage","url":"https:\/\/nitu.mx\/wp-content\/uploads\/2025\/04\/Tianguis-Turistico-2025-corte-de-liston.jpeg","contentUrl":"https:\/\/nitu.mx\/wp-content\/uploads\/2025\/04\/Tianguis-Turistico-2025-corte-de-liston.jpeg","width":1600,"height":739,"caption":"Tianguis Turi\u0301stico 2025 corte de liston"},{"@type":"BreadcrumbList","@id":"https:\/\/nitu.mx\/index.php\/2025\/08\/18\/sectur-lanza-convocatoria-para-sede-del-tianguis-turistico-2027\/#breadcrumb","itemListElement":[{"@type":"ListItem","position":1,"name":"Inicio","item":"https:\/\/nitu.mx\/"},{"@type":"ListItem","position":2,"name":"Sectur lanza convocatoria para la sede del Tianguis Tur\u00edstico 2027"}]},{"@type":"WebSite","@id":"https:\/\/nitu.mx\/#website","url":"https:\/\/nitu.mx\/","name":"Nitu - Noticias de la Industria Turistica","description":"Noticias de la Industria Turistica","publisher":{"@id":"https:\/\/nitu.mx\/#\/schema\/person\/ae7a53426417292d3dd07b45a33e01bc"},"alternateName":"Noticias de la Industria Turistica","potentialAction":[{"@type":"SearchAction","target":{"@type":"EntryPoint","urlTemplate":"https:\/\/nitu.mx\/?s={search_term_string}"},"query-input":"required name=search_term_string"}],"inLanguage":"es-MX"},{"@type":["Person","Organization"],"@id":"https:\/\/nitu.mx\/#\/schema\/person\/ae7a53426417292d3dd07b45a33e01bc","name":"Arturo Medina","image":{"@type":"ImageObject","inLanguage":"es-MX","@id":"https:\/\/nitu.mx\/#\/schema\/person\/image\/","url":"https:\/\/nitu.mx\/wp-content\/uploads\/2024\/04\/4A315622-1904-4D5C-B022-878CDC840E04-90x90-1.jpeg","contentUrl":"https:\/\/nitu.mx\/wp-content\/uploads\/2024\/04\/4A315622-1904-4D5C-B022-878CDC840E04-90x90-1.jpeg","width":90,"height":90,"caption":"Arturo Medina"},"logo":{"@id":"https:\/\/nitu.mx\/#\/schema\/person\/image\/"},"description":"Director NITU.mx, Egresado de la Escuela de Periodismo Carlos Septi\u00e9n Garc\u00eda. Periodista y analista especializado en turismo desde hace 35 a\u00f1os, radicado en Canc\u00fan Q.Roo. arturo@nitu.mx","sameAs":["https:\/\/nitu.mx","https:\/\/www.facebook.com\/NITUmx\/","medinacancun","https:\/\/twitter.com\/@Arturo_Medina_G"]},{"@type":"Person","@id":"https:\/\/nitu.mx\/#\/schema\/person\/4a28fe9bd65924f7c90623773daf1b0b","name":"Redacci\u00f3n","image":{"@type":"ImageObject","inLanguage":"es-MX","@id":"https:\/\/nitu.mx\/#\/schema\/person\/image\/","url":"https:\/\/secure.gravatar.com\/avatar\/5dd011c8ccfc5cd7e4c81e42252aab38?s=96&d=mm&r=g","contentUrl":"https:\/\/secure.gravatar.com\/avatar\/5dd011c8ccfc5cd7e4c81e42252aab38?s=96&d=mm&r=g","caption":"Redacci\u00f3n"},"url":"https:\/\/nitu.mx\/index.php\/author\/redaccion\/"}]}},"views":420,"_links":{"self":[{"href":"https:\/\/nitu.mx\/index.php\/wp-json\/wp\/v2\/posts\/82892"}],"collection":[{"href":"https:\/\/nitu.mx\/index.php\/wp-json\/wp\/v2\/posts"}],"about":[{"href":"https:\/\/nitu.mx\/index.php\/wp-json\/wp\/v2\/types\/post"}],"author":[{"embeddable":true,"href":"https:\/\/nitu.mx\/index.php\/wp-json\/wp\/v2\/users\/17"}],"replies":[{"embeddable":true,"href":"https:\/\/nitu.mx\/index.php\/wp-json\/wp\/v2\/comments?post=82892"}],"version-history":[{"count":19,"href":"https:\/\/nitu.mx\/index.php\/wp-json\/wp\/v2\/posts\/82892\/revisions"}],"predecessor-version":[{"id":82924,"href":"https:\/\/nitu.mx\/index.php\/wp-json\/wp\/v2\/posts\/82892\/revisions\/82924"}],"wp:featuredmedia":[{"embeddable":true,"href":"https:\/\/nitu.mx\/index.php\/wp-json\/wp\/v2\/media\/80855"}],"wp:attachment":[{"href":"https:\/\/nitu.mx\/index.php\/wp-json\/wp\/v2\/media?parent=82892"}],"wp:term":[{"taxonomy":"category","embeddable":true,"href":"https:\/\/nitu.mx\/index.php\/wp-json\/wp\/v2\/categories?post=82892"},{"taxonomy":"post_tag","embeddable":true,"href":"https:\/\/nitu.mx\/index.php\/wp-json\/wp\/v2\/tags?post=82892"}],"curies":[{"name":"wp","href":"https:\/\/api.w.org\/{rel}","templated":true}]}}