{"id":82881,"date":"2025-08-17T21:30:20","date_gmt":"2025-08-18T03:30:20","guid":{"rendered":"https:\/\/nitu.mx\/?p=82881"},"modified":"2025-08-17T15:56:40","modified_gmt":"2025-08-17T21:56:40","slug":"afeet-prepara-una-historica-celebracion-rumbo-a-su-55-aniversario","status":"publish","type":"post","link":"https:\/\/nitu.mx\/index.php\/2025\/08\/17\/afeet-prepara-una-historica-celebracion-rumbo-a-su-55-aniversario\/","title":{"rendered":"AFEET prepara una hist\u00f3rica celebraci\u00f3n rumbo a su 55 aniversario"},"content":{"rendered":"\n<p>La Asociaci\u00f3n Femenil de Ejecutivas de Empresas Tur\u00edsticas (AFEET) prepara una celebraci\u00f3n que marcar\u00e1 un antes y un despu\u00e9s, como parte de la celebraci\u00f3n de su 55 aniversario, a conmemorarse el pr\u00f3ximo 19 de noviembre.<\/p>\n\n\n\n<p>El anunci\u00f3 lo dio la presidenta de la Asociaci\u00f3n, Magdalena Sald\u00edvar, en el marco de su VI Junta Reglamentaria del a\u00f1o, que se llev\u00f3 a cabo en la Hacienda de los Morales, en la Ciudad de M\u00e9xico, en donde asegur\u00f3 que AFEET seguir\u00e1 escribiendo historia, como una de las organizaciones tur\u00edsticas l\u00edder en el reconocimiento y fortalecimiento de la mujer en esta importante industria.<\/p>\n\n\n<div class=\"wp-block-image\">\n<figure class=\"alignright size-large is-resized\"><img decoding=\"async\" loading=\"lazy\" width=\"1024\" height=\"576\" src=\"https:\/\/nitu.mx\/wp-content\/uploads\/2025\/08\/AFEET-VI-Junta-Reglamentaria-2-1024x576.jpg\" alt=\"\" class=\"wp-image-82886\" style=\"aspect-ratio:1.7777777777777777;width:505px;height:auto\" srcset=\"https:\/\/nitu.mx\/wp-content\/uploads\/2025\/08\/AFEET-VI-Junta-Reglamentaria-2-1024x576.jpg 1024w, https:\/\/nitu.mx\/wp-content\/uploads\/2025\/08\/AFEET-VI-Junta-Reglamentaria-2-300x168.jpg 300w, https:\/\/nitu.mx\/wp-content\/uploads\/2025\/08\/AFEET-VI-Junta-Reglamentaria-2-768x432.jpg 768w, https:\/\/nitu.mx\/wp-content\/uploads\/2025\/08\/AFEET-VI-Junta-Reglamentaria-2-990x557.jpg 990w, https:\/\/nitu.mx\/wp-content\/uploads\/2025\/08\/AFEET-VI-Junta-Reglamentaria-2-470x264.jpg 470w, https:\/\/nitu.mx\/wp-content\/uploads\/2025\/08\/AFEET-VI-Junta-Reglamentaria-2-640x360.jpg 640w, https:\/\/nitu.mx\/wp-content\/uploads\/2025\/08\/AFEET-VI-Junta-Reglamentaria-2-215x120.jpg 215w, https:\/\/nitu.mx\/wp-content\/uploads\/2025\/08\/AFEET-VI-Junta-Reglamentaria-2-414x232.jpg 414w, https:\/\/nitu.mx\/wp-content\/uploads\/2025\/08\/AFEET-VI-Junta-Reglamentaria-2.jpg 1200w\" sizes=\"(max-width: 1024px) 100vw, 1024px\" \/><\/figure><\/div>\n\n\n<p>&#8220;AFEET es la primera asociaci\u00f3n de turismo fundada por mujeres en M\u00e9xico y la m\u00e1s importante del pa\u00eds. Vivir\u00e1 la gran fiesta del turismo femenino en M\u00e9xico, donde honraremos nuestro pasado, celebraremos nuestro presente y proyectaremos un futuro m\u00e1s fuerte que nunca&#8221;, afirm\u00f3 Sald\u00edvar.<\/p>\n\n\n\n<p>Como parte de las acciones a realizarse pr\u00f3ximamente, destaca su Convenci\u00f3n Internacional &#8220;Normand\u00eda &amp; Breta\u00f1a&#8221;, la cual se llevar\u00e1 a cabo del 11 al 18 de septiembre de 2025, el cual promete ser un viaje inspirador para las asociadas de todas las filiales para seguir tejiendo redes globales.<\/p>\n\n\n\n<p>Durante la Junta Reglamentaria de AFEET, Diana Olivares anunci\u00f3 su salida de LATAM Airlines, compa\u00f1\u00eda en la que se desempe\u00f1aba como directora general para M\u00e9xico, Centroam\u00e9rica y el Caribe; adem\u00e1s ocup\u00f3 la presidencia de la C\u00e1mara Nacional de Aerotransportes (Canaero). La ahora ex directiva agradeci\u00f3 el apoyo de la Asociaci\u00f3n y confirm\u00f3 que por ahora se ausentar\u00e1 del sector tur\u00edstico. <\/p>\n\n\n\n<p>En el evento, tambi\u00e9n se present\u00f3 la conferencia La Riqueza del Ser\u201d por parte de Mayra Guill\u00e9n, experta en salud mental y bienestar emocional, quien nos dej\u00f3 herramientas para sanar v\u00ednculos desde la ra\u00edz, transformar miedos en fuerza y reprogramar la mente para el \u00e9xito. <\/p>\n\n\n\n<p>As\u00ed mismo, se dio la bienvenida a las nuevas socias de AFEET: Adriana G\u00f3mez Barrera, directora de Operaciones y Est\u00e1ndares de Servicios, Empresa de Asesor\u00edas a Hoteles Independientes; Linda Angeli Mendoza Valencia, assistant Contracting Manager de Intrepid Travel; y a Mariana Segura Camacho, CEO y directora general de Marfe Servicios Tur\u00edsticos.<a href=\"https:\/\/nitu.mx\/index.php\/2025\/06\/19\/summit-afeet-trends-reune-a-generaciones-para-hablar-de-innovacion-en-turismo-digital\/\"> (Summit AFEET Trends re\u00fane a generaciones para hablar de innovaci\u00f3n en turismo digital<\/a>).<\/p>\n","protected":false},"excerpt":{"rendered":"<p>La Asociaci\u00f3n Femenil de Ejecutivas de Empresas Tur\u00edsticas (AFEET) prepara una celebraci\u00f3n que marcar\u00e1 un antes y un despu\u00e9s, como parte de la celebraci\u00f3n de su 55 aniversario, a conmemorarse el pr\u00f3ximo 19 de noviembre. El anunci\u00f3 lo dio la presidenta de la Asociaci\u00f3n, Magdalena Sald\u00edvar, en el marco de su VI Junta Reglamentaria del [&hellip;]<\/p>\n","protected":false},"author":18,"featured_media":82887,"comment_status":"closed","ping_status":"closed","sticky":false,"template":"","format":"standard","meta":{"footnotes":""},"categories":[3],"tags":[2078,22805,11849,1307,26806],"yoast_head":"<!-- This site is optimized with the Yoast SEO plugin v22.2 - https:\/\/yoast.com\/wordpress\/plugins\/seo\/ -->\n<title>AFEET prepara una hist\u00f3rica celebraci\u00f3n rumbo a su 55 aniversario - Nitu - Noticias de la Industria Turistica<\/title>\n<meta name=\"robots\" content=\"index, follow, max-snippet:-1, max-image-preview:large, max-video-preview:-1\" \/>\n<link rel=\"canonical\" href=\"https:\/\/nitu.mx\/index.php\/2025\/08\/17\/afeet-prepara-una-historica-celebracion-rumbo-a-su-55-aniversario\/\" \/>\n<meta name=\"twitter:card\" content=\"summary_large_image\" \/>\n<meta name=\"twitter:title\" content=\"AFEET prepara una hist\u00f3rica celebraci\u00f3n rumbo a su 55 aniversario - Nitu - Noticias de la Industria Turistica\" \/>\n<meta name=\"twitter:description\" content=\"La Asociaci\u00f3n Femenil de Ejecutivas de Empresas Tur\u00edsticas (AFEET) prepara una celebraci\u00f3n que marcar\u00e1 un antes y un despu\u00e9s, como parte de la celebraci\u00f3n de su 55 aniversario, a conmemorarse el pr\u00f3ximo 19 de noviembre. El anunci\u00f3 lo dio la presidenta de la Asociaci\u00f3n, Magdalena Sald\u00edvar, en el marco de su VI Junta Reglamentaria del [&hellip;]\" \/>\n<meta name=\"twitter:image\" content=\"https:\/\/nitu.mx\/wp-content\/uploads\/2025\/08\/AFEET-VI-Junta-Reglamentaria.jpg\" \/>\n<meta name=\"twitter:creator\" content=\"@NITUmx\" \/>\n<meta name=\"twitter:site\" content=\"@Arturo_Medina_G\" \/>\n<meta name=\"twitter:label1\" content=\"Escrito por\" \/>\n\t<meta name=\"twitter:data1\" content=\"Guadalupe Sixto\" \/>\n\t<meta name=\"twitter:label2\" content=\"Tiempo de lectura\" \/>\n\t<meta name=\"twitter:data2\" content=\"2 minutos\" \/>\n<script type=\"application\/ld+json\" class=\"yoast-schema-graph\">{\"@context\":\"https:\/\/schema.org\",\"@graph\":[{\"@type\":\"Article\",\"@id\":\"https:\/\/nitu.mx\/index.php\/2025\/08\/17\/afeet-prepara-una-historica-celebracion-rumbo-a-su-55-aniversario\/#article\",\"isPartOf\":{\"@id\":\"https:\/\/nitu.mx\/index.php\/2025\/08\/17\/afeet-prepara-una-historica-celebracion-rumbo-a-su-55-aniversario\/\"},\"author\":{\"name\":\"Guadalupe Sixto\",\"@id\":\"https:\/\/nitu.mx\/#\/schema\/person\/3df3082b5e46037e3f13614d28ee0b77\"},\"headline\":\"AFEET prepara una hist\u00f3rica celebraci\u00f3n rumbo a su 55 aniversario\",\"datePublished\":\"2025-08-18T03:30:20+00:00\",\"dateModified\":\"2025-08-17T21:56:40+00:00\",\"mainEntityOfPage\":{\"@id\":\"https:\/\/nitu.mx\/index.php\/2025\/08\/17\/afeet-prepara-una-historica-celebracion-rumbo-a-su-55-aniversario\/\"},\"wordCount\":407,\"publisher\":{\"@id\":\"https:\/\/nitu.mx\/#\/schema\/person\/ae7a53426417292d3dd07b45a33e01bc\"},\"image\":{\"@id\":\"https:\/\/nitu.mx\/index.php\/2025\/08\/17\/afeet-prepara-una-historica-celebracion-rumbo-a-su-55-aniversario\/#primaryimage\"},\"thumbnailUrl\":\"https:\/\/nitu.mx\/wp-content\/uploads\/2025\/08\/AFEET-VI-Junta-Reglamentaria.jpg\",\"keywords\":[\"AFEET\",\"convenci\u00f3n\",\"Diana Olivares\",\"Latam\",\"Magdalena Sald\u00edvar\"],\"articleSection\":[\"Agencias de Viajes\"],\"inLanguage\":\"es-MX\"},{\"@type\":\"WebPage\",\"@id\":\"https:\/\/nitu.mx\/index.php\/2025\/08\/17\/afeet-prepara-una-historica-celebracion-rumbo-a-su-55-aniversario\/\",\"url\":\"https:\/\/nitu.mx\/index.php\/2025\/08\/17\/afeet-prepara-una-historica-celebracion-rumbo-a-su-55-aniversario\/\",\"name\":\"AFEET prepara una hist\u00f3rica celebraci\u00f3n rumbo a su 55 aniversario - Nitu - Noticias de la Industria Turistica\",\"isPartOf\":{\"@id\":\"https:\/\/nitu.mx\/#website\"},\"primaryImageOfPage\":{\"@id\":\"https:\/\/nitu.mx\/index.php\/2025\/08\/17\/afeet-prepara-una-historica-celebracion-rumbo-a-su-55-aniversario\/#primaryimage\"},\"image\":{\"@id\":\"https:\/\/nitu.mx\/index.php\/2025\/08\/17\/afeet-prepara-una-historica-celebracion-rumbo-a-su-55-aniversario\/#primaryimage\"},\"thumbnailUrl\":\"https:\/\/nitu.mx\/wp-content\/uploads\/2025\/08\/AFEET-VI-Junta-Reglamentaria.jpg\",\"datePublished\":\"2025-08-18T03:30:20+00:00\",\"dateModified\":\"2025-08-17T21:56:40+00:00\",\"breadcrumb\":{\"@id\":\"https:\/\/nitu.mx\/index.php\/2025\/08\/17\/afeet-prepara-una-historica-celebracion-rumbo-a-su-55-aniversario\/#breadcrumb\"},\"inLanguage\":\"es-MX\",\"potentialAction\":[{\"@type\":\"ReadAction\",\"target\":[\"https:\/\/nitu.mx\/index.php\/2025\/08\/17\/afeet-prepara-una-historica-celebracion-rumbo-a-su-55-aniversario\/\"]}]},{\"@type\":\"ImageObject\",\"inLanguage\":\"es-MX\",\"@id\":\"https:\/\/nitu.mx\/index.php\/2025\/08\/17\/afeet-prepara-una-historica-celebracion-rumbo-a-su-55-aniversario\/#primaryimage\",\"url\":\"https:\/\/nitu.mx\/wp-content\/uploads\/2025\/08\/AFEET-VI-Junta-Reglamentaria.jpg\",\"contentUrl\":\"https:\/\/nitu.mx\/wp-content\/uploads\/2025\/08\/AFEET-VI-Junta-Reglamentaria.jpg\",\"width\":1200,\"height\":675,\"caption\":\"AFEET VI Junta Reglamentaria\"},{\"@type\":\"BreadcrumbList\",\"@id\":\"https:\/\/nitu.mx\/index.php\/2025\/08\/17\/afeet-prepara-una-historica-celebracion-rumbo-a-su-55-aniversario\/#breadcrumb\",\"itemListElement\":[{\"@type\":\"ListItem\",\"position\":1,\"name\":\"Inicio\",\"item\":\"https:\/\/nitu.mx\/\"},{\"@type\":\"ListItem\",\"position\":2,\"name\":\"AFEET prepara una hist\u00f3rica celebraci\u00f3n rumbo a su 55 aniversario\"}]},{\"@type\":\"WebSite\",\"@id\":\"https:\/\/nitu.mx\/#website\",\"url\":\"https:\/\/nitu.mx\/\",\"name\":\"Nitu - Noticias de la Industria Turistica\",\"description\":\"Noticias de la Industria Turistica\",\"publisher\":{\"@id\":\"https:\/\/nitu.mx\/#\/schema\/person\/ae7a53426417292d3dd07b45a33e01bc\"},\"alternateName\":\"Noticias de la Industria Turistica\",\"potentialAction\":[{\"@type\":\"SearchAction\",\"target\":{\"@type\":\"EntryPoint\",\"urlTemplate\":\"https:\/\/nitu.mx\/?s={search_term_string}\"},\"query-input\":\"required name=search_term_string\"}],\"inLanguage\":\"es-MX\"},{\"@type\":[\"Person\",\"Organization\"],\"@id\":\"https:\/\/nitu.mx\/#\/schema\/person\/ae7a53426417292d3dd07b45a33e01bc\",\"name\":\"Arturo Medina\",\"image\":{\"@type\":\"ImageObject\",\"inLanguage\":\"es-MX\",\"@id\":\"https:\/\/nitu.mx\/#\/schema\/person\/image\/\",\"url\":\"https:\/\/nitu.mx\/wp-content\/uploads\/2024\/04\/4A315622-1904-4D5C-B022-878CDC840E04-90x90-1.jpeg\",\"contentUrl\":\"https:\/\/nitu.mx\/wp-content\/uploads\/2024\/04\/4A315622-1904-4D5C-B022-878CDC840E04-90x90-1.jpeg\",\"width\":90,\"height\":90,\"caption\":\"Arturo Medina\"},\"logo\":{\"@id\":\"https:\/\/nitu.mx\/#\/schema\/person\/image\/\"},\"description\":\"Director NITU.mx, Egresado de la Escuela de Periodismo Carlos Septi\u00e9n Garc\u00eda. Periodista y analista especializado en turismo desde hace 35 a\u00f1os, radicado en Canc\u00fan Q.Roo. arturo@nitu.mx\",\"sameAs\":[\"https:\/\/nitu.mx\",\"https:\/\/www.facebook.com\/NITUmx\/\",\"medinacancun\",\"https:\/\/twitter.com\/@Arturo_Medina_G\"]},{\"@type\":\"Person\",\"@id\":\"https:\/\/nitu.mx\/#\/schema\/person\/3df3082b5e46037e3f13614d28ee0b77\",\"name\":\"Guadalupe Sixto\",\"image\":{\"@type\":\"ImageObject\",\"inLanguage\":\"es-MX\",\"@id\":\"https:\/\/nitu.mx\/#\/schema\/person\/image\/\",\"url\":\"https:\/\/secure.gravatar.com\/avatar\/13914e1b0e1919e91f9539de4dc584c4?s=96&d=mm&r=g\",\"contentUrl\":\"https:\/\/secure.gravatar.com\/avatar\/13914e1b0e1919e91f9539de4dc584c4?s=96&d=mm&r=g\",\"caption\":\"Guadalupe Sixto\"},\"url\":\"https:\/\/nitu.mx\/index.php\/author\/gsixto\/\"}]}<\/script>\n<!-- \/ Yoast SEO plugin. -->","yoast_head_json":{"title":"AFEET prepara una hist\u00f3rica celebraci\u00f3n rumbo a su 55 aniversario - Nitu - Noticias de la Industria Turistica","robots":{"index":"index","follow":"follow","max-snippet":"max-snippet:-1","max-image-preview":"max-image-preview:large","max-video-preview":"max-video-preview:-1"},"canonical":"https:\/\/nitu.mx\/index.php\/2025\/08\/17\/afeet-prepara-una-historica-celebracion-rumbo-a-su-55-aniversario\/","twitter_card":"summary_large_image","twitter_title":"AFEET prepara una hist\u00f3rica celebraci\u00f3n rumbo a su 55 aniversario - Nitu - Noticias de la Industria Turistica","twitter_description":"La Asociaci\u00f3n Femenil de Ejecutivas de Empresas Tur\u00edsticas (AFEET) prepara una celebraci\u00f3n que marcar\u00e1 un antes y un despu\u00e9s, como parte de la celebraci\u00f3n de su 55 aniversario, a conmemorarse el pr\u00f3ximo 19 de noviembre. El anunci\u00f3 lo dio la presidenta de la Asociaci\u00f3n, Magdalena Sald\u00edvar, en el marco de su VI Junta Reglamentaria del [&hellip;]","twitter_image":"https:\/\/nitu.mx\/wp-content\/uploads\/2025\/08\/AFEET-VI-Junta-Reglamentaria.jpg","twitter_creator":"@NITUmx","twitter_site":"@Arturo_Medina_G","twitter_misc":{"Escrito por":"Guadalupe Sixto","Tiempo de lectura":"2 minutos"},"schema":{"@context":"https:\/\/schema.org","@graph":[{"@type":"Article","@id":"https:\/\/nitu.mx\/index.php\/2025\/08\/17\/afeet-prepara-una-historica-celebracion-rumbo-a-su-55-aniversario\/#article","isPartOf":{"@id":"https:\/\/nitu.mx\/index.php\/2025\/08\/17\/afeet-prepara-una-historica-celebracion-rumbo-a-su-55-aniversario\/"},"author":{"name":"Guadalupe Sixto","@id":"https:\/\/nitu.mx\/#\/schema\/person\/3df3082b5e46037e3f13614d28ee0b77"},"headline":"AFEET prepara una hist\u00f3rica celebraci\u00f3n rumbo a su 55 aniversario","datePublished":"2025-08-18T03:30:20+00:00","dateModified":"2025-08-17T21:56:40+00:00","mainEntityOfPage":{"@id":"https:\/\/nitu.mx\/index.php\/2025\/08\/17\/afeet-prepara-una-historica-celebracion-rumbo-a-su-55-aniversario\/"},"wordCount":407,"publisher":{"@id":"https:\/\/nitu.mx\/#\/schema\/person\/ae7a53426417292d3dd07b45a33e01bc"},"image":{"@id":"https:\/\/nitu.mx\/index.php\/2025\/08\/17\/afeet-prepara-una-historica-celebracion-rumbo-a-su-55-aniversario\/#primaryimage"},"thumbnailUrl":"https:\/\/nitu.mx\/wp-content\/uploads\/2025\/08\/AFEET-VI-Junta-Reglamentaria.jpg","keywords":["AFEET","convenci\u00f3n","Diana Olivares","Latam","Magdalena Sald\u00edvar"],"articleSection":["Agencias de Viajes"],"inLanguage":"es-MX"},{"@type":"WebPage","@id":"https:\/\/nitu.mx\/index.php\/2025\/08\/17\/afeet-prepara-una-historica-celebracion-rumbo-a-su-55-aniversario\/","url":"https:\/\/nitu.mx\/index.php\/2025\/08\/17\/afeet-prepara-una-historica-celebracion-rumbo-a-su-55-aniversario\/","name":"AFEET prepara una hist\u00f3rica celebraci\u00f3n rumbo a su 55 aniversario - Nitu - Noticias de la Industria Turistica","isPartOf":{"@id":"https:\/\/nitu.mx\/#website"},"primaryImageOfPage":{"@id":"https:\/\/nitu.mx\/index.php\/2025\/08\/17\/afeet-prepara-una-historica-celebracion-rumbo-a-su-55-aniversario\/#primaryimage"},"image":{"@id":"https:\/\/nitu.mx\/index.php\/2025\/08\/17\/afeet-prepara-una-historica-celebracion-rumbo-a-su-55-aniversario\/#primaryimage"},"thumbnailUrl":"https:\/\/nitu.mx\/wp-content\/uploads\/2025\/08\/AFEET-VI-Junta-Reglamentaria.jpg","datePublished":"2025-08-18T03:30:20+00:00","dateModified":"2025-08-17T21:56:40+00:00","breadcrumb":{"@id":"https:\/\/nitu.mx\/index.php\/2025\/08\/17\/afeet-prepara-una-historica-celebracion-rumbo-a-su-55-aniversario\/#breadcrumb"},"inLanguage":"es-MX","potentialAction":[{"@type":"ReadAction","target":["https:\/\/nitu.mx\/index.php\/2025\/08\/17\/afeet-prepara-una-historica-celebracion-rumbo-a-su-55-aniversario\/"]}]},{"@type":"ImageObject","inLanguage":"es-MX","@id":"https:\/\/nitu.mx\/index.php\/2025\/08\/17\/afeet-prepara-una-historica-celebracion-rumbo-a-su-55-aniversario\/#primaryimage","url":"https:\/\/nitu.mx\/wp-content\/uploads\/2025\/08\/AFEET-VI-Junta-Reglamentaria.jpg","contentUrl":"https:\/\/nitu.mx\/wp-content\/uploads\/2025\/08\/AFEET-VI-Junta-Reglamentaria.jpg","width":1200,"height":675,"caption":"AFEET VI Junta Reglamentaria"},{"@type":"BreadcrumbList","@id":"https:\/\/nitu.mx\/index.php\/2025\/08\/17\/afeet-prepara-una-historica-celebracion-rumbo-a-su-55-aniversario\/#breadcrumb","itemListElement":[{"@type":"ListItem","position":1,"name":"Inicio","item":"https:\/\/nitu.mx\/"},{"@type":"ListItem","position":2,"name":"AFEET prepara una hist\u00f3rica celebraci\u00f3n rumbo a su 55 aniversario"}]},{"@type":"WebSite","@id":"https:\/\/nitu.mx\/#website","url":"https:\/\/nitu.mx\/","name":"Nitu - Noticias de la Industria Turistica","description":"Noticias de la Industria Turistica","publisher":{"@id":"https:\/\/nitu.mx\/#\/schema\/person\/ae7a53426417292d3dd07b45a33e01bc"},"alternateName":"Noticias de la Industria Turistica","potentialAction":[{"@type":"SearchAction","target":{"@type":"EntryPoint","urlTemplate":"https:\/\/nitu.mx\/?s={search_term_string}"},"query-input":"required name=search_term_string"}],"inLanguage":"es-MX"},{"@type":["Person","Organization"],"@id":"https:\/\/nitu.mx\/#\/schema\/person\/ae7a53426417292d3dd07b45a33e01bc","name":"Arturo Medina","image":{"@type":"ImageObject","inLanguage":"es-MX","@id":"https:\/\/nitu.mx\/#\/schema\/person\/image\/","url":"https:\/\/nitu.mx\/wp-content\/uploads\/2024\/04\/4A315622-1904-4D5C-B022-878CDC840E04-90x90-1.jpeg","contentUrl":"https:\/\/nitu.mx\/wp-content\/uploads\/2024\/04\/4A315622-1904-4D5C-B022-878CDC840E04-90x90-1.jpeg","width":90,"height":90,"caption":"Arturo Medina"},"logo":{"@id":"https:\/\/nitu.mx\/#\/schema\/person\/image\/"},"description":"Director NITU.mx, Egresado de la Escuela de Periodismo Carlos Septi\u00e9n Garc\u00eda. Periodista y analista especializado en turismo desde hace 35 a\u00f1os, radicado en Canc\u00fan Q.Roo. arturo@nitu.mx","sameAs":["https:\/\/nitu.mx","https:\/\/www.facebook.com\/NITUmx\/","medinacancun","https:\/\/twitter.com\/@Arturo_Medina_G"]},{"@type":"Person","@id":"https:\/\/nitu.mx\/#\/schema\/person\/3df3082b5e46037e3f13614d28ee0b77","name":"Guadalupe Sixto","image":{"@type":"ImageObject","inLanguage":"es-MX","@id":"https:\/\/nitu.mx\/#\/schema\/person\/image\/","url":"https:\/\/secure.gravatar.com\/avatar\/13914e1b0e1919e91f9539de4dc584c4?s=96&d=mm&r=g","contentUrl":"https:\/\/secure.gravatar.com\/avatar\/13914e1b0e1919e91f9539de4dc584c4?s=96&d=mm&r=g","caption":"Guadalupe Sixto"},"url":"https:\/\/nitu.mx\/index.php\/author\/gsixto\/"}]}},"views":844,"_links":{"self":[{"href":"https:\/\/nitu.mx\/index.php\/wp-json\/wp\/v2\/posts\/82881"}],"collection":[{"href":"https:\/\/nitu.mx\/index.php\/wp-json\/wp\/v2\/posts"}],"about":[{"href":"https:\/\/nitu.mx\/index.php\/wp-json\/wp\/v2\/types\/post"}],"author":[{"embeddable":true,"href":"https:\/\/nitu.mx\/index.php\/wp-json\/wp\/v2\/users\/18"}],"replies":[{"embeddable":true,"href":"https:\/\/nitu.mx\/index.php\/wp-json\/wp\/v2\/comments?post=82881"}],"version-history":[{"count":4,"href":"https:\/\/nitu.mx\/index.php\/wp-json\/wp\/v2\/posts\/82881\/revisions"}],"predecessor-version":[{"id":82888,"href":"https:\/\/nitu.mx\/index.php\/wp-json\/wp\/v2\/posts\/82881\/revisions\/82888"}],"wp:featuredmedia":[{"embeddable":true,"href":"https:\/\/nitu.mx\/index.php\/wp-json\/wp\/v2\/media\/82887"}],"wp:attachment":[{"href":"https:\/\/nitu.mx\/index.php\/wp-json\/wp\/v2\/media?parent=82881"}],"wp:term":[{"taxonomy":"category","embeddable":true,"href":"https:\/\/nitu.mx\/index.php\/wp-json\/wp\/v2\/categories?post=82881"},{"taxonomy":"post_tag","embeddable":true,"href":"https:\/\/nitu.mx\/index.php\/wp-json\/wp\/v2\/tags?post=82881"}],"curies":[{"name":"wp","href":"https:\/\/api.w.org\/{rel}","templated":true}]}}