{"id":82844,"date":"2025-08-15T00:25:30","date_gmt":"2025-08-15T06:25:30","guid":{"rendered":"https:\/\/nitu.mx\/?p=82844"},"modified":"2025-08-15T00:25:31","modified_gmt":"2025-08-15T06:25:31","slug":"playas-de-ixtapa-zihuatanejo-refrendan-su-distintivo-blue-flag-para-la-temporada-2025-2026","status":"publish","type":"post","link":"https:\/\/nitu.mx\/index.php\/2025\/08\/15\/playas-de-ixtapa-zihuatanejo-refrendan-su-distintivo-blue-flag-para-la-temporada-2025-2026\/","title":{"rendered":"Playas de Ixtapa Zihuatanejo refrendan su distintivo Blue Flag para la temporada 2025-2026"},"content":{"rendered":"\n<p>Las playas El Palmar I, II y III de Ixtapa; La Madera; y La Ropa I y II de Zihuatanejo recibieron, una vez m\u00e1s, el distintivo internacional Blue Flag, reconocimiento que certifica la excelencia en gesti\u00f3n y manejo ambiental, as\u00ed como la calidad y seguridad de estos espacios tur\u00edsticos para la temporada 2025-2026.<\/p>\n\n\n\n<p>En total, son 3,800 metros lineales de arena los que ahora lucen la bandera azul, gracias al trabajo conjunto del gobierno municipal, el sector privado y la comunidad. La entrega oficial se llev\u00f3 a cabo en playa La Ropa, contando con la presencia de autoridades de los tres \u00f3rdenes de gobierno y representantes de la iniciativa privada.<\/p>\n\n\n\n<p>Durante el acto, Gustavo Alan\u00eds Ortega, presidente del Centro Mexicano de Derecho Ambiental y miembro del Jurado Nacional Blue Flag, destac\u00f3 que \u201cIxtapa Zihuatanejo se ha convertido cada vez m\u00e1s en un referente en cuanto a limpieza de playas, conservaci\u00f3n y cuidado\u201d, reconociendo el esfuerzo diario que se realiza en el destino en pro del medio ambiente.<\/p>\n\n\n\n<p>La presidenta municipal, Lizette Tapia Castro, subray\u00f3 que desde 2013, cuando se desempe\u00f1aba en el \u00e1rea de Ecolog\u00eda del Ayuntamiento, visualiz\u00f3 la oportunidad de ordenar y elevar el est\u00e1ndar de las playas bajo criterios internacionales, lo que hoy permite ondear con orgullo la bandera Blue Flag en seis playas certificadas. <\/p>\n\n\n\n<p>Adem\u00e1s afirm\u00f3: &#8220;hoy estamos logrando tener en Zihuatanejo un turismo con una visi\u00f3n m\u00e1s ambiental y responsable. Gracias a todos quienes hacen esto posible un a\u00f1o m\u00e1s, por su constancia y esfuerzo. Hemos logrado un destino \u00fanico&#8221;.<\/p>\n\n\n\n<p>Por su parte, Pedro Castel\u00e1n Reyna, director ejecutivo de la Oficina de Convenciones y Visitantes de Ixtapa Zihuatanejo coment\u00f3: \u201cEste reconocimiento Blue Flag es un reflejo del compromiso que como destino hemos asumido para ofrecer playas limpias, seguras y ambientalmente responsables. Ixtapa Zihuatanejo sigue consolid\u00e1ndose como un referente nacional e internacional en turismo sustentable, y esto es posible gracias al trabajo coordinado entre autoridades, sector privado y nuestra comunidad. Cada bandera azul que ondea en nuestras playas es una invitaci\u00f3n a vivir la experiencia de un para\u00edso que se cuida y preserva para las futuras generaciones.&#8221; <\/p>\n\n\n\n<p>Al finalizar, se realiz\u00f3 el izado oficial de las banderas Blue Flag en las seis playas que mantienen su certificaci\u00f3n para la temporada 2025-2026, reforzando el compromiso del destino con el turismo sustentable y la conservaci\u00f3n de su entorno natural. (<a href=\"https:\/\/nitu.mx\/index.php\/2025\/07\/02\/ixtapa-zihuatanejo-realiza-caravana-de-promocion-ante-mas-de-200-agentes-en-cdmx\/\">Ixtapa Zihuatanejo realiza caravana de promoci\u00f3n ante m\u00e1s de 200 agentes en CDMX<\/a>).<\/p>\n","protected":false},"excerpt":{"rendered":"<p>Las playas El Palmar I, II y III de Ixtapa; La Madera; y La Ropa I y II de Zihuatanejo recibieron, una vez m\u00e1s, el distintivo internacional Blue Flag, reconocimiento que certifica la excelencia en gesti\u00f3n y manejo ambiental, as\u00ed como la calidad y seguridad de estos espacios tur\u00edsticos para la temporada 2025-2026. En total, [&hellip;]<\/p>\n","protected":false},"author":17,"featured_media":82849,"comment_status":"closed","ping_status":"closed","sticky":false,"template":"","format":"standard","meta":{"footnotes":""},"categories":[5],"tags":[5491,233,214,212,3555],"yoast_head":"<!-- This site is optimized with the Yoast SEO plugin v22.2 - https:\/\/yoast.com\/wordpress\/plugins\/seo\/ -->\n<title>Playas de Ixtapa Zihuatanejo refrendan su distintivo Blue Flag para la temporada 2025-2026 - Nitu - Noticias de la Industria Turistica<\/title>\n<meta name=\"robots\" content=\"index, follow, max-snippet:-1, max-image-preview:large, max-video-preview:-1\" \/>\n<link rel=\"canonical\" href=\"https:\/\/nitu.mx\/index.php\/2025\/08\/15\/playas-de-ixtapa-zihuatanejo-refrendan-su-distintivo-blue-flag-para-la-temporada-2025-2026\/\" \/>\n<meta name=\"twitter:card\" content=\"summary_large_image\" \/>\n<meta name=\"twitter:title\" content=\"Playas de Ixtapa Zihuatanejo refrendan su distintivo Blue Flag para la temporada 2025-2026 - Nitu - Noticias de la Industria Turistica\" \/>\n<meta name=\"twitter:description\" content=\"Las playas El Palmar I, II y III de Ixtapa; La Madera; y La Ropa I y II de Zihuatanejo recibieron, una vez m\u00e1s, el distintivo internacional Blue Flag, reconocimiento que certifica la excelencia en gesti\u00f3n y manejo ambiental, as\u00ed como la calidad y seguridad de estos espacios tur\u00edsticos para la temporada 2025-2026. En total, [&hellip;]\" \/>\n<meta name=\"twitter:image\" content=\"https:\/\/nitu.mx\/wp-content\/uploads\/2025\/08\/Ixtapa-Zihuatanejo-Blue-Flag-2025-2026.jpg\" \/>\n<meta name=\"twitter:creator\" content=\"@NITUmx\" \/>\n<meta name=\"twitter:site\" content=\"@Arturo_Medina_G\" \/>\n<meta name=\"twitter:label1\" content=\"Escrito por\" \/>\n\t<meta name=\"twitter:data1\" content=\"Redacci\u00f3n\" \/>\n\t<meta name=\"twitter:label2\" content=\"Tiempo de lectura\" \/>\n\t<meta name=\"twitter:data2\" content=\"2 minutos\" \/>\n<script type=\"application\/ld+json\" class=\"yoast-schema-graph\">{\"@context\":\"https:\/\/schema.org\",\"@graph\":[{\"@type\":\"Article\",\"@id\":\"https:\/\/nitu.mx\/index.php\/2025\/08\/15\/playas-de-ixtapa-zihuatanejo-refrendan-su-distintivo-blue-flag-para-la-temporada-2025-2026\/#article\",\"isPartOf\":{\"@id\":\"https:\/\/nitu.mx\/index.php\/2025\/08\/15\/playas-de-ixtapa-zihuatanejo-refrendan-su-distintivo-blue-flag-para-la-temporada-2025-2026\/\"},\"author\":{\"name\":\"Redacci\u00f3n\",\"@id\":\"https:\/\/nitu.mx\/#\/schema\/person\/4a28fe9bd65924f7c90623773daf1b0b\"},\"headline\":\"Playas de Ixtapa Zihuatanejo refrendan su distintivo Blue Flag para la temporada 2025-2026\",\"datePublished\":\"2025-08-15T06:25:30+00:00\",\"dateModified\":\"2025-08-15T06:25:31+00:00\",\"mainEntityOfPage\":{\"@id\":\"https:\/\/nitu.mx\/index.php\/2025\/08\/15\/playas-de-ixtapa-zihuatanejo-refrendan-su-distintivo-blue-flag-para-la-temporada-2025-2026\/\"},\"wordCount\":435,\"publisher\":{\"@id\":\"https:\/\/nitu.mx\/#\/schema\/person\/ae7a53426417292d3dd07b45a33e01bc\"},\"image\":{\"@id\":\"https:\/\/nitu.mx\/index.php\/2025\/08\/15\/playas-de-ixtapa-zihuatanejo-refrendan-su-distintivo-blue-flag-para-la-temporada-2025-2026\/#primaryimage\"},\"thumbnailUrl\":\"https:\/\/nitu.mx\/wp-content\/uploads\/2025\/08\/Ixtapa-Zihuatanejo-Blue-Flag-2025-2026.jpg\",\"keywords\":[\"Blue Flag\",\"Guerrero\",\"Ixtapa Zihuatanejo\",\"Pedro Castel\u00e1n\",\"playas\"],\"articleSection\":[\"Destinos\"],\"inLanguage\":\"es-MX\"},{\"@type\":\"WebPage\",\"@id\":\"https:\/\/nitu.mx\/index.php\/2025\/08\/15\/playas-de-ixtapa-zihuatanejo-refrendan-su-distintivo-blue-flag-para-la-temporada-2025-2026\/\",\"url\":\"https:\/\/nitu.mx\/index.php\/2025\/08\/15\/playas-de-ixtapa-zihuatanejo-refrendan-su-distintivo-blue-flag-para-la-temporada-2025-2026\/\",\"name\":\"Playas de Ixtapa Zihuatanejo refrendan su distintivo Blue Flag para la temporada 2025-2026 - Nitu - Noticias de la Industria Turistica\",\"isPartOf\":{\"@id\":\"https:\/\/nitu.mx\/#website\"},\"primaryImageOfPage\":{\"@id\":\"https:\/\/nitu.mx\/index.php\/2025\/08\/15\/playas-de-ixtapa-zihuatanejo-refrendan-su-distintivo-blue-flag-para-la-temporada-2025-2026\/#primaryimage\"},\"image\":{\"@id\":\"https:\/\/nitu.mx\/index.php\/2025\/08\/15\/playas-de-ixtapa-zihuatanejo-refrendan-su-distintivo-blue-flag-para-la-temporada-2025-2026\/#primaryimage\"},\"thumbnailUrl\":\"https:\/\/nitu.mx\/wp-content\/uploads\/2025\/08\/Ixtapa-Zihuatanejo-Blue-Flag-2025-2026.jpg\",\"datePublished\":\"2025-08-15T06:25:30+00:00\",\"dateModified\":\"2025-08-15T06:25:31+00:00\",\"breadcrumb\":{\"@id\":\"https:\/\/nitu.mx\/index.php\/2025\/08\/15\/playas-de-ixtapa-zihuatanejo-refrendan-su-distintivo-blue-flag-para-la-temporada-2025-2026\/#breadcrumb\"},\"inLanguage\":\"es-MX\",\"potentialAction\":[{\"@type\":\"ReadAction\",\"target\":[\"https:\/\/nitu.mx\/index.php\/2025\/08\/15\/playas-de-ixtapa-zihuatanejo-refrendan-su-distintivo-blue-flag-para-la-temporada-2025-2026\/\"]}]},{\"@type\":\"ImageObject\",\"inLanguage\":\"es-MX\",\"@id\":\"https:\/\/nitu.mx\/index.php\/2025\/08\/15\/playas-de-ixtapa-zihuatanejo-refrendan-su-distintivo-blue-flag-para-la-temporada-2025-2026\/#primaryimage\",\"url\":\"https:\/\/nitu.mx\/wp-content\/uploads\/2025\/08\/Ixtapa-Zihuatanejo-Blue-Flag-2025-2026.jpg\",\"contentUrl\":\"https:\/\/nitu.mx\/wp-content\/uploads\/2025\/08\/Ixtapa-Zihuatanejo-Blue-Flag-2025-2026.jpg\",\"width\":1200,\"height\":675,\"caption\":\"Ixtapa Zihuatanejo Blue Flag 2025-2026\"},{\"@type\":\"BreadcrumbList\",\"@id\":\"https:\/\/nitu.mx\/index.php\/2025\/08\/15\/playas-de-ixtapa-zihuatanejo-refrendan-su-distintivo-blue-flag-para-la-temporada-2025-2026\/#breadcrumb\",\"itemListElement\":[{\"@type\":\"ListItem\",\"position\":1,\"name\":\"Inicio\",\"item\":\"https:\/\/nitu.mx\/\"},{\"@type\":\"ListItem\",\"position\":2,\"name\":\"Playas de Ixtapa Zihuatanejo refrendan su distintivo Blue Flag para la temporada 2025-2026\"}]},{\"@type\":\"WebSite\",\"@id\":\"https:\/\/nitu.mx\/#website\",\"url\":\"https:\/\/nitu.mx\/\",\"name\":\"Nitu - Noticias de la Industria Turistica\",\"description\":\"Noticias de la Industria Turistica\",\"publisher\":{\"@id\":\"https:\/\/nitu.mx\/#\/schema\/person\/ae7a53426417292d3dd07b45a33e01bc\"},\"alternateName\":\"Noticias de la Industria Turistica\",\"potentialAction\":[{\"@type\":\"SearchAction\",\"target\":{\"@type\":\"EntryPoint\",\"urlTemplate\":\"https:\/\/nitu.mx\/?s={search_term_string}\"},\"query-input\":\"required name=search_term_string\"}],\"inLanguage\":\"es-MX\"},{\"@type\":[\"Person\",\"Organization\"],\"@id\":\"https:\/\/nitu.mx\/#\/schema\/person\/ae7a53426417292d3dd07b45a33e01bc\",\"name\":\"Arturo Medina\",\"image\":{\"@type\":\"ImageObject\",\"inLanguage\":\"es-MX\",\"@id\":\"https:\/\/nitu.mx\/#\/schema\/person\/image\/\",\"url\":\"https:\/\/nitu.mx\/wp-content\/uploads\/2024\/04\/4A315622-1904-4D5C-B022-878CDC840E04-90x90-1.jpeg\",\"contentUrl\":\"https:\/\/nitu.mx\/wp-content\/uploads\/2024\/04\/4A315622-1904-4D5C-B022-878CDC840E04-90x90-1.jpeg\",\"width\":90,\"height\":90,\"caption\":\"Arturo Medina\"},\"logo\":{\"@id\":\"https:\/\/nitu.mx\/#\/schema\/person\/image\/\"},\"description\":\"Director NITU.mx, Egresado de la Escuela de Periodismo Carlos Septi\u00e9n Garc\u00eda. Periodista y analista especializado en turismo desde hace 35 a\u00f1os, radicado en Canc\u00fan Q.Roo. arturo@nitu.mx\",\"sameAs\":[\"https:\/\/nitu.mx\",\"https:\/\/www.facebook.com\/NITUmx\/\",\"medinacancun\",\"https:\/\/twitter.com\/@Arturo_Medina_G\"]},{\"@type\":\"Person\",\"@id\":\"https:\/\/nitu.mx\/#\/schema\/person\/4a28fe9bd65924f7c90623773daf1b0b\",\"name\":\"Redacci\u00f3n\",\"image\":{\"@type\":\"ImageObject\",\"inLanguage\":\"es-MX\",\"@id\":\"https:\/\/nitu.mx\/#\/schema\/person\/image\/\",\"url\":\"https:\/\/secure.gravatar.com\/avatar\/5dd011c8ccfc5cd7e4c81e42252aab38?s=96&d=mm&r=g\",\"contentUrl\":\"https:\/\/secure.gravatar.com\/avatar\/5dd011c8ccfc5cd7e4c81e42252aab38?s=96&d=mm&r=g\",\"caption\":\"Redacci\u00f3n\"},\"url\":\"https:\/\/nitu.mx\/index.php\/author\/redaccion\/\"}]}<\/script>\n<!-- \/ Yoast SEO plugin. -->","yoast_head_json":{"title":"Playas de Ixtapa Zihuatanejo refrendan su distintivo Blue Flag para la temporada 2025-2026 - Nitu - Noticias de la Industria Turistica","robots":{"index":"index","follow":"follow","max-snippet":"max-snippet:-1","max-image-preview":"max-image-preview:large","max-video-preview":"max-video-preview:-1"},"canonical":"https:\/\/nitu.mx\/index.php\/2025\/08\/15\/playas-de-ixtapa-zihuatanejo-refrendan-su-distintivo-blue-flag-para-la-temporada-2025-2026\/","twitter_card":"summary_large_image","twitter_title":"Playas de Ixtapa Zihuatanejo refrendan su distintivo Blue Flag para la temporada 2025-2026 - Nitu - Noticias de la Industria Turistica","twitter_description":"Las playas El Palmar I, II y III de Ixtapa; La Madera; y La Ropa I y II de Zihuatanejo recibieron, una vez m\u00e1s, el distintivo internacional Blue Flag, reconocimiento que certifica la excelencia en gesti\u00f3n y manejo ambiental, as\u00ed como la calidad y seguridad de estos espacios tur\u00edsticos para la temporada 2025-2026. En total, [&hellip;]","twitter_image":"https:\/\/nitu.mx\/wp-content\/uploads\/2025\/08\/Ixtapa-Zihuatanejo-Blue-Flag-2025-2026.jpg","twitter_creator":"@NITUmx","twitter_site":"@Arturo_Medina_G","twitter_misc":{"Escrito por":"Redacci\u00f3n","Tiempo de lectura":"2 minutos"},"schema":{"@context":"https:\/\/schema.org","@graph":[{"@type":"Article","@id":"https:\/\/nitu.mx\/index.php\/2025\/08\/15\/playas-de-ixtapa-zihuatanejo-refrendan-su-distintivo-blue-flag-para-la-temporada-2025-2026\/#article","isPartOf":{"@id":"https:\/\/nitu.mx\/index.php\/2025\/08\/15\/playas-de-ixtapa-zihuatanejo-refrendan-su-distintivo-blue-flag-para-la-temporada-2025-2026\/"},"author":{"name":"Redacci\u00f3n","@id":"https:\/\/nitu.mx\/#\/schema\/person\/4a28fe9bd65924f7c90623773daf1b0b"},"headline":"Playas de Ixtapa Zihuatanejo refrendan su distintivo Blue Flag para la temporada 2025-2026","datePublished":"2025-08-15T06:25:30+00:00","dateModified":"2025-08-15T06:25:31+00:00","mainEntityOfPage":{"@id":"https:\/\/nitu.mx\/index.php\/2025\/08\/15\/playas-de-ixtapa-zihuatanejo-refrendan-su-distintivo-blue-flag-para-la-temporada-2025-2026\/"},"wordCount":435,"publisher":{"@id":"https:\/\/nitu.mx\/#\/schema\/person\/ae7a53426417292d3dd07b45a33e01bc"},"image":{"@id":"https:\/\/nitu.mx\/index.php\/2025\/08\/15\/playas-de-ixtapa-zihuatanejo-refrendan-su-distintivo-blue-flag-para-la-temporada-2025-2026\/#primaryimage"},"thumbnailUrl":"https:\/\/nitu.mx\/wp-content\/uploads\/2025\/08\/Ixtapa-Zihuatanejo-Blue-Flag-2025-2026.jpg","keywords":["Blue Flag","Guerrero","Ixtapa Zihuatanejo","Pedro Castel\u00e1n","playas"],"articleSection":["Destinos"],"inLanguage":"es-MX"},{"@type":"WebPage","@id":"https:\/\/nitu.mx\/index.php\/2025\/08\/15\/playas-de-ixtapa-zihuatanejo-refrendan-su-distintivo-blue-flag-para-la-temporada-2025-2026\/","url":"https:\/\/nitu.mx\/index.php\/2025\/08\/15\/playas-de-ixtapa-zihuatanejo-refrendan-su-distintivo-blue-flag-para-la-temporada-2025-2026\/","name":"Playas de Ixtapa Zihuatanejo refrendan su distintivo Blue Flag para la temporada 2025-2026 - Nitu - Noticias de la Industria Turistica","isPartOf":{"@id":"https:\/\/nitu.mx\/#website"},"primaryImageOfPage":{"@id":"https:\/\/nitu.mx\/index.php\/2025\/08\/15\/playas-de-ixtapa-zihuatanejo-refrendan-su-distintivo-blue-flag-para-la-temporada-2025-2026\/#primaryimage"},"image":{"@id":"https:\/\/nitu.mx\/index.php\/2025\/08\/15\/playas-de-ixtapa-zihuatanejo-refrendan-su-distintivo-blue-flag-para-la-temporada-2025-2026\/#primaryimage"},"thumbnailUrl":"https:\/\/nitu.mx\/wp-content\/uploads\/2025\/08\/Ixtapa-Zihuatanejo-Blue-Flag-2025-2026.jpg","datePublished":"2025-08-15T06:25:30+00:00","dateModified":"2025-08-15T06:25:31+00:00","breadcrumb":{"@id":"https:\/\/nitu.mx\/index.php\/2025\/08\/15\/playas-de-ixtapa-zihuatanejo-refrendan-su-distintivo-blue-flag-para-la-temporada-2025-2026\/#breadcrumb"},"inLanguage":"es-MX","potentialAction":[{"@type":"ReadAction","target":["https:\/\/nitu.mx\/index.php\/2025\/08\/15\/playas-de-ixtapa-zihuatanejo-refrendan-su-distintivo-blue-flag-para-la-temporada-2025-2026\/"]}]},{"@type":"ImageObject","inLanguage":"es-MX","@id":"https:\/\/nitu.mx\/index.php\/2025\/08\/15\/playas-de-ixtapa-zihuatanejo-refrendan-su-distintivo-blue-flag-para-la-temporada-2025-2026\/#primaryimage","url":"https:\/\/nitu.mx\/wp-content\/uploads\/2025\/08\/Ixtapa-Zihuatanejo-Blue-Flag-2025-2026.jpg","contentUrl":"https:\/\/nitu.mx\/wp-content\/uploads\/2025\/08\/Ixtapa-Zihuatanejo-Blue-Flag-2025-2026.jpg","width":1200,"height":675,"caption":"Ixtapa Zihuatanejo Blue Flag 2025-2026"},{"@type":"BreadcrumbList","@id":"https:\/\/nitu.mx\/index.php\/2025\/08\/15\/playas-de-ixtapa-zihuatanejo-refrendan-su-distintivo-blue-flag-para-la-temporada-2025-2026\/#breadcrumb","itemListElement":[{"@type":"ListItem","position":1,"name":"Inicio","item":"https:\/\/nitu.mx\/"},{"@type":"ListItem","position":2,"name":"Playas de Ixtapa Zihuatanejo refrendan su distintivo Blue Flag para la temporada 2025-2026"}]},{"@type":"WebSite","@id":"https:\/\/nitu.mx\/#website","url":"https:\/\/nitu.mx\/","name":"Nitu - Noticias de la Industria Turistica","description":"Noticias de la Industria Turistica","publisher":{"@id":"https:\/\/nitu.mx\/#\/schema\/person\/ae7a53426417292d3dd07b45a33e01bc"},"alternateName":"Noticias de la Industria Turistica","potentialAction":[{"@type":"SearchAction","target":{"@type":"EntryPoint","urlTemplate":"https:\/\/nitu.mx\/?s={search_term_string}"},"query-input":"required name=search_term_string"}],"inLanguage":"es-MX"},{"@type":["Person","Organization"],"@id":"https:\/\/nitu.mx\/#\/schema\/person\/ae7a53426417292d3dd07b45a33e01bc","name":"Arturo Medina","image":{"@type":"ImageObject","inLanguage":"es-MX","@id":"https:\/\/nitu.mx\/#\/schema\/person\/image\/","url":"https:\/\/nitu.mx\/wp-content\/uploads\/2024\/04\/4A315622-1904-4D5C-B022-878CDC840E04-90x90-1.jpeg","contentUrl":"https:\/\/nitu.mx\/wp-content\/uploads\/2024\/04\/4A315622-1904-4D5C-B022-878CDC840E04-90x90-1.jpeg","width":90,"height":90,"caption":"Arturo Medina"},"logo":{"@id":"https:\/\/nitu.mx\/#\/schema\/person\/image\/"},"description":"Director NITU.mx, Egresado de la Escuela de Periodismo Carlos Septi\u00e9n Garc\u00eda. Periodista y analista especializado en turismo desde hace 35 a\u00f1os, radicado en Canc\u00fan Q.Roo. arturo@nitu.mx","sameAs":["https:\/\/nitu.mx","https:\/\/www.facebook.com\/NITUmx\/","medinacancun","https:\/\/twitter.com\/@Arturo_Medina_G"]},{"@type":"Person","@id":"https:\/\/nitu.mx\/#\/schema\/person\/4a28fe9bd65924f7c90623773daf1b0b","name":"Redacci\u00f3n","image":{"@type":"ImageObject","inLanguage":"es-MX","@id":"https:\/\/nitu.mx\/#\/schema\/person\/image\/","url":"https:\/\/secure.gravatar.com\/avatar\/5dd011c8ccfc5cd7e4c81e42252aab38?s=96&d=mm&r=g","contentUrl":"https:\/\/secure.gravatar.com\/avatar\/5dd011c8ccfc5cd7e4c81e42252aab38?s=96&d=mm&r=g","caption":"Redacci\u00f3n"},"url":"https:\/\/nitu.mx\/index.php\/author\/redaccion\/"}]}},"views":750,"_links":{"self":[{"href":"https:\/\/nitu.mx\/index.php\/wp-json\/wp\/v2\/posts\/82844"}],"collection":[{"href":"https:\/\/nitu.mx\/index.php\/wp-json\/wp\/v2\/posts"}],"about":[{"href":"https:\/\/nitu.mx\/index.php\/wp-json\/wp\/v2\/types\/post"}],"author":[{"embeddable":true,"href":"https:\/\/nitu.mx\/index.php\/wp-json\/wp\/v2\/users\/17"}],"replies":[{"embeddable":true,"href":"https:\/\/nitu.mx\/index.php\/wp-json\/wp\/v2\/comments?post=82844"}],"version-history":[{"count":2,"href":"https:\/\/nitu.mx\/index.php\/wp-json\/wp\/v2\/posts\/82844\/revisions"}],"predecessor-version":[{"id":82848,"href":"https:\/\/nitu.mx\/index.php\/wp-json\/wp\/v2\/posts\/82844\/revisions\/82848"}],"wp:featuredmedia":[{"embeddable":true,"href":"https:\/\/nitu.mx\/index.php\/wp-json\/wp\/v2\/media\/82849"}],"wp:attachment":[{"href":"https:\/\/nitu.mx\/index.php\/wp-json\/wp\/v2\/media?parent=82844"}],"wp:term":[{"taxonomy":"category","embeddable":true,"href":"https:\/\/nitu.mx\/index.php\/wp-json\/wp\/v2\/categories?post=82844"},{"taxonomy":"post_tag","embeddable":true,"href":"https:\/\/nitu.mx\/index.php\/wp-json\/wp\/v2\/tags?post=82844"}],"curies":[{"name":"wp","href":"https:\/\/api.w.org\/{rel}","templated":true}]}}