{"id":82834,"date":"2025-08-15T00:14:06","date_gmt":"2025-08-15T06:14:06","guid":{"rendered":"https:\/\/nitu.mx\/?p=82834"},"modified":"2025-08-15T00:14:08","modified_gmt":"2025-08-15T06:14:08","slug":"colibri-viajero-de-sectur-cdmx-inicia-su-modalidad-para-adultos-mayores","status":"publish","type":"post","link":"https:\/\/nitu.mx\/index.php\/2025\/08\/15\/colibri-viajero-de-sectur-cdmx-inicia-su-modalidad-para-adultos-mayores\/","title":{"rendered":"Colibr\u00ed Viajero de Sectur CDMX inicia su modalidad para adultos mayores"},"content":{"rendered":"\n<p>La secretaria de Turismo de la Ciudad de M\u00e9xico, Alejandra Frausto Guerrero, dio el simb\u00f3lico banderazo de salida a los autobuses que llevar\u00e1n a mil 200 los adultos mayores inscritos -280 en esta primera etapa-, quienes van a disfrutar de los atractivos tur\u00edsticos de seis estados de la Rep\u00fablica, aleda\u00f1os a la capital del pa\u00eds, en la continuaci\u00f3n de Colibr\u00ed Viajero, en su modalidad Colibr\u00ed de Plata, a fin de fortalecer el derecho a la inclusi\u00f3n de los capitalinos, con prioridad hacia personas en situaci\u00f3n vulnerable.<\/p>\n\n\n\n<p>De esta manera, expres\u00f3 la secretaria Frausto Guerrero, se da seguimiento a la firma de la Alianza Metropolitana de Turismo Social, que permite que los usuarios conozcan el patrimonio cultural y natural del que son poseedores, a trav\u00e9s de recorridos tur\u00edsticos gratuitos, hacia estados como Hidalgo, Morelos, Puebla, Guerrero, Estado de M\u00e9xico y Tlaxcala, en el ejercicio de un turismo equitativo con servicios dignos de calidad, accesibles y sin discriminaci\u00f3n.<\/p>\n\n\n\n<p>Reunidos frente al Auditorio Nacional, la funcionaria explic\u00f3 que durante los recorridos, los adultos mayores estar\u00e1n acompa\u00f1ados por gu\u00edas de turismo especializados y certificados, quienes resaltar\u00e1n la historia, la cultura, las tradiciones de los lugares que visiten y har\u00e1n realidad la socializaci\u00f3n del turismo en cada una de las entidades mencionadas, como un derecho para los habitantes de la CDMX. Al respecto hizo notar que son, en total, para esta temporada del Colibr\u00ed de Plata, mil 200 adultos mayores.<\/p>\n\n\n\n<p>Frausto Guerrero entreg\u00f3 tambi\u00e9n reconocimientos a los Amigos Colibr\u00ed, entre otros, a M\u00f3nica Rojas, del Acuario Inbursa; a Jos\u00e9 Arturo Hern\u00e1ndez y Rodrigo \u00c1lvarez Cordero, del Acuario Michin Ciudad de M\u00e9xico; del Ballet Folkl\u00f3rico M\u00e9xico M\u00e1gico, Javier Aguilar Flores; a la empresa de transportaci\u00f3n tur\u00edstica Capital Bus, a Jos\u00e9 Luis de Alba; al Club Campestre Teotihuac\u00e1n, a Sandra Oviedo y Ana Luisa Hidalgo y a Granja Las Am\u00e9ricas, Graciela Dom\u00ednguez.<\/p>\n\n\n\n<p>La secretar\u00eda de Turismo denomina Amigos Colibr\u00ed a los empresarios que de manera generosa y altruista colaboran con el Programa Colibr\u00ed para ofrecer servicios de acceso y transportaci\u00f3n gratis a los usuarios del mencionado programa, de manera que se haga realidad el derecho a la inclusi\u00f3n y la pr\u00e1ctica del turismo sin discriminaci\u00f3n, a aquellos capitalinos en condici\u00f3n socioecon\u00f3mica precaria o vulnerable.<\/p>\n\n\n\n<p>Este d\u00eda, 80 de los adultos mayores disfrutar\u00e1n la zona arqueol\u00f3gica de Teotihuac\u00e1n, en el Estado de M\u00e9xico. Los que visitar\u00e1n a Taxco, Guerrero, conocer\u00e1n las tiendas de plata de Santa Prisca; en Hidalgo, pasear\u00e1n por Pachuca y la antigua zona minera de Real del Monte; aquellos que vayan a Morelos, ir\u00e1n a Tepoztl\u00e1n y a la zona arqueol\u00f3gica de Xochicalco. En Tlaxcala, conocer\u00e1n Huamantla y en Puebla, visitar\u00e1n Cholula.<\/p>\n\n\n\n<p>El arranque del programa Colibr\u00ed Viajero, en su modalidad Colibr\u00ed de Plata, estuvo encabezado por la secretaria, Alejandra Frausto, en representaci\u00f3n de la Jefa de Gobierno de la CDMX, Clara Brugada Molina. En el acto estuvieron tambi\u00e9n los responsables estatales de turismo en los estados mencionados: Fabricio Mena Rodr\u00edguez, secretario de Turismo de Tlaxcala; Daniel Altafi Valladares, secretario de Turismo de Morelos y Catalina Funes Cervantes, directora general de Turismo Social en representaci\u00f3n de Alejandro Villarejo, secretario de Turismo de Taxco, Guerrero, quienes dieron el simb\u00f3lico banderazo de salida a los autobuses tur\u00edsticos, entre otras autoridades, empresarios e invitados. (<a href=\"https:\/\/nitu.mx\/index.php\/2024\/12\/02\/clara-brugada-llevara-de-viaje-a-500-adultos-mayores-a-acapulco\/\">Clara Brugada llevar\u00e1 de viaje a 500 adultos mayores a Acapulco<\/a>).<\/p>\n","protected":false},"excerpt":{"rendered":"<p>La secretaria de Turismo de la Ciudad de M\u00e9xico, Alejandra Frausto Guerrero, dio el simb\u00f3lico banderazo de salida a los autobuses que llevar\u00e1n a mil 200 los adultos mayores inscritos -280 en esta primera etapa-, quienes van a disfrutar de los atractivos tur\u00edsticos de seis estados de la Rep\u00fablica, aleda\u00f1os a la capital del pa\u00eds, [&hellip;]<\/p>\n","protected":false},"author":17,"featured_media":82836,"comment_status":"closed","ping_status":"closed","sticky":false,"template":"","format":"standard","meta":{"footnotes":""},"categories":[5],"tags":[16198,587,27613,23722,93],"yoast_head":"<!-- This site is optimized with the Yoast SEO plugin v22.2 - https:\/\/yoast.com\/wordpress\/plugins\/seo\/ -->\n<title>Colibr\u00ed Viajero de Sectur CDMX inicia su modalidad para adultos mayores - Nitu - Noticias de la Industria Turistica<\/title>\n<meta name=\"robots\" content=\"index, follow, max-snippet:-1, max-image-preview:large, max-video-preview:-1\" \/>\n<link rel=\"canonical\" href=\"https:\/\/nitu.mx\/index.php\/2025\/08\/15\/colibri-viajero-de-sectur-cdmx-inicia-su-modalidad-para-adultos-mayores\/\" \/>\n<meta name=\"twitter:card\" content=\"summary_large_image\" \/>\n<meta name=\"twitter:title\" content=\"Colibr\u00ed Viajero de Sectur CDMX inicia su modalidad para adultos mayores - Nitu - Noticias de la Industria Turistica\" \/>\n<meta name=\"twitter:description\" content=\"La secretaria de Turismo de la Ciudad de M\u00e9xico, Alejandra Frausto Guerrero, dio el simb\u00f3lico banderazo de salida a los autobuses que llevar\u00e1n a mil 200 los adultos mayores inscritos -280 en esta primera etapa-, quienes van a disfrutar de los atractivos tur\u00edsticos de seis estados de la Rep\u00fablica, aleda\u00f1os a la capital del pa\u00eds, [&hellip;]\" \/>\n<meta name=\"twitter:image\" content=\"https:\/\/nitu.mx\/wp-content\/uploads\/2025\/08\/Sectur-CDMX-colibri-de-Plata-arranque.jpg\" \/>\n<meta name=\"twitter:creator\" content=\"@NITUmx\" \/>\n<meta name=\"twitter:site\" content=\"@Arturo_Medina_G\" \/>\n<meta name=\"twitter:label1\" content=\"Escrito por\" \/>\n\t<meta name=\"twitter:data1\" content=\"Redacci\u00f3n\" \/>\n\t<meta name=\"twitter:label2\" content=\"Tiempo de lectura\" \/>\n\t<meta name=\"twitter:data2\" content=\"3 minutos\" \/>\n<script type=\"application\/ld+json\" class=\"yoast-schema-graph\">{\"@context\":\"https:\/\/schema.org\",\"@graph\":[{\"@type\":\"Article\",\"@id\":\"https:\/\/nitu.mx\/index.php\/2025\/08\/15\/colibri-viajero-de-sectur-cdmx-inicia-su-modalidad-para-adultos-mayores\/#article\",\"isPartOf\":{\"@id\":\"https:\/\/nitu.mx\/index.php\/2025\/08\/15\/colibri-viajero-de-sectur-cdmx-inicia-su-modalidad-para-adultos-mayores\/\"},\"author\":{\"name\":\"Redacci\u00f3n\",\"@id\":\"https:\/\/nitu.mx\/#\/schema\/person\/4a28fe9bd65924f7c90623773daf1b0b\"},\"headline\":\"Colibr\u00ed Viajero de Sectur CDMX inicia su modalidad para adultos mayores\",\"datePublished\":\"2025-08-15T06:14:06+00:00\",\"dateModified\":\"2025-08-15T06:14:08+00:00\",\"mainEntityOfPage\":{\"@id\":\"https:\/\/nitu.mx\/index.php\/2025\/08\/15\/colibri-viajero-de-sectur-cdmx-inicia-su-modalidad-para-adultos-mayores\/\"},\"wordCount\":612,\"publisher\":{\"@id\":\"https:\/\/nitu.mx\/#\/schema\/person\/ae7a53426417292d3dd07b45a33e01bc\"},\"image\":{\"@id\":\"https:\/\/nitu.mx\/index.php\/2025\/08\/15\/colibri-viajero-de-sectur-cdmx-inicia-su-modalidad-para-adultos-mayores\/#primaryimage\"},\"thumbnailUrl\":\"https:\/\/nitu.mx\/wp-content\/uploads\/2025\/08\/Sectur-CDMX-colibri-de-Plata-arranque.jpg\",\"keywords\":[\"Alejandra Frausto\",\"CDMX\",\"Colibr\u00ed de plata\",\"Colibr\u00ed Viajero\",\"Sectur\"],\"articleSection\":[\"Destinos\"],\"inLanguage\":\"es-MX\"},{\"@type\":\"WebPage\",\"@id\":\"https:\/\/nitu.mx\/index.php\/2025\/08\/15\/colibri-viajero-de-sectur-cdmx-inicia-su-modalidad-para-adultos-mayores\/\",\"url\":\"https:\/\/nitu.mx\/index.php\/2025\/08\/15\/colibri-viajero-de-sectur-cdmx-inicia-su-modalidad-para-adultos-mayores\/\",\"name\":\"Colibr\u00ed Viajero de Sectur CDMX inicia su modalidad para adultos mayores - Nitu - Noticias de la Industria Turistica\",\"isPartOf\":{\"@id\":\"https:\/\/nitu.mx\/#website\"},\"primaryImageOfPage\":{\"@id\":\"https:\/\/nitu.mx\/index.php\/2025\/08\/15\/colibri-viajero-de-sectur-cdmx-inicia-su-modalidad-para-adultos-mayores\/#primaryimage\"},\"image\":{\"@id\":\"https:\/\/nitu.mx\/index.php\/2025\/08\/15\/colibri-viajero-de-sectur-cdmx-inicia-su-modalidad-para-adultos-mayores\/#primaryimage\"},\"thumbnailUrl\":\"https:\/\/nitu.mx\/wp-content\/uploads\/2025\/08\/Sectur-CDMX-colibri-de-Plata-arranque.jpg\",\"datePublished\":\"2025-08-15T06:14:06+00:00\",\"dateModified\":\"2025-08-15T06:14:08+00:00\",\"breadcrumb\":{\"@id\":\"https:\/\/nitu.mx\/index.php\/2025\/08\/15\/colibri-viajero-de-sectur-cdmx-inicia-su-modalidad-para-adultos-mayores\/#breadcrumb\"},\"inLanguage\":\"es-MX\",\"potentialAction\":[{\"@type\":\"ReadAction\",\"target\":[\"https:\/\/nitu.mx\/index.php\/2025\/08\/15\/colibri-viajero-de-sectur-cdmx-inicia-su-modalidad-para-adultos-mayores\/\"]}]},{\"@type\":\"ImageObject\",\"inLanguage\":\"es-MX\",\"@id\":\"https:\/\/nitu.mx\/index.php\/2025\/08\/15\/colibri-viajero-de-sectur-cdmx-inicia-su-modalidad-para-adultos-mayores\/#primaryimage\",\"url\":\"https:\/\/nitu.mx\/wp-content\/uploads\/2025\/08\/Sectur-CDMX-colibri-de-Plata-arranque.jpg\",\"contentUrl\":\"https:\/\/nitu.mx\/wp-content\/uploads\/2025\/08\/Sectur-CDMX-colibri-de-Plata-arranque.jpg\",\"width\":1200,\"height\":675,\"caption\":\"Sectur CDMX colibr\u00ed de Plata arranque\"},{\"@type\":\"BreadcrumbList\",\"@id\":\"https:\/\/nitu.mx\/index.php\/2025\/08\/15\/colibri-viajero-de-sectur-cdmx-inicia-su-modalidad-para-adultos-mayores\/#breadcrumb\",\"itemListElement\":[{\"@type\":\"ListItem\",\"position\":1,\"name\":\"Inicio\",\"item\":\"https:\/\/nitu.mx\/\"},{\"@type\":\"ListItem\",\"position\":2,\"name\":\"Colibr\u00ed Viajero de Sectur CDMX inicia su modalidad para adultos mayores\"}]},{\"@type\":\"WebSite\",\"@id\":\"https:\/\/nitu.mx\/#website\",\"url\":\"https:\/\/nitu.mx\/\",\"name\":\"Nitu - Noticias de la Industria Turistica\",\"description\":\"Noticias de la Industria Turistica\",\"publisher\":{\"@id\":\"https:\/\/nitu.mx\/#\/schema\/person\/ae7a53426417292d3dd07b45a33e01bc\"},\"alternateName\":\"Noticias de la Industria Turistica\",\"potentialAction\":[{\"@type\":\"SearchAction\",\"target\":{\"@type\":\"EntryPoint\",\"urlTemplate\":\"https:\/\/nitu.mx\/?s={search_term_string}\"},\"query-input\":\"required name=search_term_string\"}],\"inLanguage\":\"es-MX\"},{\"@type\":[\"Person\",\"Organization\"],\"@id\":\"https:\/\/nitu.mx\/#\/schema\/person\/ae7a53426417292d3dd07b45a33e01bc\",\"name\":\"Arturo Medina\",\"image\":{\"@type\":\"ImageObject\",\"inLanguage\":\"es-MX\",\"@id\":\"https:\/\/nitu.mx\/#\/schema\/person\/image\/\",\"url\":\"https:\/\/nitu.mx\/wp-content\/uploads\/2024\/04\/4A315622-1904-4D5C-B022-878CDC840E04-90x90-1.jpeg\",\"contentUrl\":\"https:\/\/nitu.mx\/wp-content\/uploads\/2024\/04\/4A315622-1904-4D5C-B022-878CDC840E04-90x90-1.jpeg\",\"width\":90,\"height\":90,\"caption\":\"Arturo Medina\"},\"logo\":{\"@id\":\"https:\/\/nitu.mx\/#\/schema\/person\/image\/\"},\"description\":\"Director NITU.mx, Egresado de la Escuela de Periodismo Carlos Septi\u00e9n Garc\u00eda. Periodista y analista especializado en turismo desde hace 35 a\u00f1os, radicado en Canc\u00fan Q.Roo. arturo@nitu.mx\",\"sameAs\":[\"https:\/\/nitu.mx\",\"https:\/\/www.facebook.com\/NITUmx\/\",\"medinacancun\",\"https:\/\/twitter.com\/@Arturo_Medina_G\"]},{\"@type\":\"Person\",\"@id\":\"https:\/\/nitu.mx\/#\/schema\/person\/4a28fe9bd65924f7c90623773daf1b0b\",\"name\":\"Redacci\u00f3n\",\"image\":{\"@type\":\"ImageObject\",\"inLanguage\":\"es-MX\",\"@id\":\"https:\/\/nitu.mx\/#\/schema\/person\/image\/\",\"url\":\"https:\/\/secure.gravatar.com\/avatar\/5dd011c8ccfc5cd7e4c81e42252aab38?s=96&d=mm&r=g\",\"contentUrl\":\"https:\/\/secure.gravatar.com\/avatar\/5dd011c8ccfc5cd7e4c81e42252aab38?s=96&d=mm&r=g\",\"caption\":\"Redacci\u00f3n\"},\"url\":\"https:\/\/nitu.mx\/index.php\/author\/redaccion\/\"}]}<\/script>\n<!-- \/ Yoast SEO plugin. -->","yoast_head_json":{"title":"Colibr\u00ed Viajero de Sectur CDMX inicia su modalidad para adultos mayores - Nitu - Noticias de la Industria Turistica","robots":{"index":"index","follow":"follow","max-snippet":"max-snippet:-1","max-image-preview":"max-image-preview:large","max-video-preview":"max-video-preview:-1"},"canonical":"https:\/\/nitu.mx\/index.php\/2025\/08\/15\/colibri-viajero-de-sectur-cdmx-inicia-su-modalidad-para-adultos-mayores\/","twitter_card":"summary_large_image","twitter_title":"Colibr\u00ed Viajero de Sectur CDMX inicia su modalidad para adultos mayores - Nitu - Noticias de la Industria Turistica","twitter_description":"La secretaria de Turismo de la Ciudad de M\u00e9xico, Alejandra Frausto Guerrero, dio el simb\u00f3lico banderazo de salida a los autobuses que llevar\u00e1n a mil 200 los adultos mayores inscritos -280 en esta primera etapa-, quienes van a disfrutar de los atractivos tur\u00edsticos de seis estados de la Rep\u00fablica, aleda\u00f1os a la capital del pa\u00eds, [&hellip;]","twitter_image":"https:\/\/nitu.mx\/wp-content\/uploads\/2025\/08\/Sectur-CDMX-colibri-de-Plata-arranque.jpg","twitter_creator":"@NITUmx","twitter_site":"@Arturo_Medina_G","twitter_misc":{"Escrito por":"Redacci\u00f3n","Tiempo de lectura":"3 minutos"},"schema":{"@context":"https:\/\/schema.org","@graph":[{"@type":"Article","@id":"https:\/\/nitu.mx\/index.php\/2025\/08\/15\/colibri-viajero-de-sectur-cdmx-inicia-su-modalidad-para-adultos-mayores\/#article","isPartOf":{"@id":"https:\/\/nitu.mx\/index.php\/2025\/08\/15\/colibri-viajero-de-sectur-cdmx-inicia-su-modalidad-para-adultos-mayores\/"},"author":{"name":"Redacci\u00f3n","@id":"https:\/\/nitu.mx\/#\/schema\/person\/4a28fe9bd65924f7c90623773daf1b0b"},"headline":"Colibr\u00ed Viajero de Sectur CDMX inicia su modalidad para adultos mayores","datePublished":"2025-08-15T06:14:06+00:00","dateModified":"2025-08-15T06:14:08+00:00","mainEntityOfPage":{"@id":"https:\/\/nitu.mx\/index.php\/2025\/08\/15\/colibri-viajero-de-sectur-cdmx-inicia-su-modalidad-para-adultos-mayores\/"},"wordCount":612,"publisher":{"@id":"https:\/\/nitu.mx\/#\/schema\/person\/ae7a53426417292d3dd07b45a33e01bc"},"image":{"@id":"https:\/\/nitu.mx\/index.php\/2025\/08\/15\/colibri-viajero-de-sectur-cdmx-inicia-su-modalidad-para-adultos-mayores\/#primaryimage"},"thumbnailUrl":"https:\/\/nitu.mx\/wp-content\/uploads\/2025\/08\/Sectur-CDMX-colibri-de-Plata-arranque.jpg","keywords":["Alejandra Frausto","CDMX","Colibr\u00ed de plata","Colibr\u00ed Viajero","Sectur"],"articleSection":["Destinos"],"inLanguage":"es-MX"},{"@type":"WebPage","@id":"https:\/\/nitu.mx\/index.php\/2025\/08\/15\/colibri-viajero-de-sectur-cdmx-inicia-su-modalidad-para-adultos-mayores\/","url":"https:\/\/nitu.mx\/index.php\/2025\/08\/15\/colibri-viajero-de-sectur-cdmx-inicia-su-modalidad-para-adultos-mayores\/","name":"Colibr\u00ed Viajero de Sectur CDMX inicia su modalidad para adultos mayores - Nitu - Noticias de la Industria Turistica","isPartOf":{"@id":"https:\/\/nitu.mx\/#website"},"primaryImageOfPage":{"@id":"https:\/\/nitu.mx\/index.php\/2025\/08\/15\/colibri-viajero-de-sectur-cdmx-inicia-su-modalidad-para-adultos-mayores\/#primaryimage"},"image":{"@id":"https:\/\/nitu.mx\/index.php\/2025\/08\/15\/colibri-viajero-de-sectur-cdmx-inicia-su-modalidad-para-adultos-mayores\/#primaryimage"},"thumbnailUrl":"https:\/\/nitu.mx\/wp-content\/uploads\/2025\/08\/Sectur-CDMX-colibri-de-Plata-arranque.jpg","datePublished":"2025-08-15T06:14:06+00:00","dateModified":"2025-08-15T06:14:08+00:00","breadcrumb":{"@id":"https:\/\/nitu.mx\/index.php\/2025\/08\/15\/colibri-viajero-de-sectur-cdmx-inicia-su-modalidad-para-adultos-mayores\/#breadcrumb"},"inLanguage":"es-MX","potentialAction":[{"@type":"ReadAction","target":["https:\/\/nitu.mx\/index.php\/2025\/08\/15\/colibri-viajero-de-sectur-cdmx-inicia-su-modalidad-para-adultos-mayores\/"]}]},{"@type":"ImageObject","inLanguage":"es-MX","@id":"https:\/\/nitu.mx\/index.php\/2025\/08\/15\/colibri-viajero-de-sectur-cdmx-inicia-su-modalidad-para-adultos-mayores\/#primaryimage","url":"https:\/\/nitu.mx\/wp-content\/uploads\/2025\/08\/Sectur-CDMX-colibri-de-Plata-arranque.jpg","contentUrl":"https:\/\/nitu.mx\/wp-content\/uploads\/2025\/08\/Sectur-CDMX-colibri-de-Plata-arranque.jpg","width":1200,"height":675,"caption":"Sectur CDMX colibr\u00ed de Plata arranque"},{"@type":"BreadcrumbList","@id":"https:\/\/nitu.mx\/index.php\/2025\/08\/15\/colibri-viajero-de-sectur-cdmx-inicia-su-modalidad-para-adultos-mayores\/#breadcrumb","itemListElement":[{"@type":"ListItem","position":1,"name":"Inicio","item":"https:\/\/nitu.mx\/"},{"@type":"ListItem","position":2,"name":"Colibr\u00ed Viajero de Sectur CDMX inicia su modalidad para adultos mayores"}]},{"@type":"WebSite","@id":"https:\/\/nitu.mx\/#website","url":"https:\/\/nitu.mx\/","name":"Nitu - Noticias de la Industria Turistica","description":"Noticias de la Industria Turistica","publisher":{"@id":"https:\/\/nitu.mx\/#\/schema\/person\/ae7a53426417292d3dd07b45a33e01bc"},"alternateName":"Noticias de la Industria Turistica","potentialAction":[{"@type":"SearchAction","target":{"@type":"EntryPoint","urlTemplate":"https:\/\/nitu.mx\/?s={search_term_string}"},"query-input":"required name=search_term_string"}],"inLanguage":"es-MX"},{"@type":["Person","Organization"],"@id":"https:\/\/nitu.mx\/#\/schema\/person\/ae7a53426417292d3dd07b45a33e01bc","name":"Arturo Medina","image":{"@type":"ImageObject","inLanguage":"es-MX","@id":"https:\/\/nitu.mx\/#\/schema\/person\/image\/","url":"https:\/\/nitu.mx\/wp-content\/uploads\/2024\/04\/4A315622-1904-4D5C-B022-878CDC840E04-90x90-1.jpeg","contentUrl":"https:\/\/nitu.mx\/wp-content\/uploads\/2024\/04\/4A315622-1904-4D5C-B022-878CDC840E04-90x90-1.jpeg","width":90,"height":90,"caption":"Arturo Medina"},"logo":{"@id":"https:\/\/nitu.mx\/#\/schema\/person\/image\/"},"description":"Director NITU.mx, Egresado de la Escuela de Periodismo Carlos Septi\u00e9n Garc\u00eda. Periodista y analista especializado en turismo desde hace 35 a\u00f1os, radicado en Canc\u00fan Q.Roo. arturo@nitu.mx","sameAs":["https:\/\/nitu.mx","https:\/\/www.facebook.com\/NITUmx\/","medinacancun","https:\/\/twitter.com\/@Arturo_Medina_G"]},{"@type":"Person","@id":"https:\/\/nitu.mx\/#\/schema\/person\/4a28fe9bd65924f7c90623773daf1b0b","name":"Redacci\u00f3n","image":{"@type":"ImageObject","inLanguage":"es-MX","@id":"https:\/\/nitu.mx\/#\/schema\/person\/image\/","url":"https:\/\/secure.gravatar.com\/avatar\/5dd011c8ccfc5cd7e4c81e42252aab38?s=96&d=mm&r=g","contentUrl":"https:\/\/secure.gravatar.com\/avatar\/5dd011c8ccfc5cd7e4c81e42252aab38?s=96&d=mm&r=g","caption":"Redacci\u00f3n"},"url":"https:\/\/nitu.mx\/index.php\/author\/redaccion\/"}]}},"views":684,"_links":{"self":[{"href":"https:\/\/nitu.mx\/index.php\/wp-json\/wp\/v2\/posts\/82834"}],"collection":[{"href":"https:\/\/nitu.mx\/index.php\/wp-json\/wp\/v2\/posts"}],"about":[{"href":"https:\/\/nitu.mx\/index.php\/wp-json\/wp\/v2\/types\/post"}],"author":[{"embeddable":true,"href":"https:\/\/nitu.mx\/index.php\/wp-json\/wp\/v2\/users\/17"}],"replies":[{"embeddable":true,"href":"https:\/\/nitu.mx\/index.php\/wp-json\/wp\/v2\/comments?post=82834"}],"version-history":[{"count":1,"href":"https:\/\/nitu.mx\/index.php\/wp-json\/wp\/v2\/posts\/82834\/revisions"}],"predecessor-version":[{"id":82837,"href":"https:\/\/nitu.mx\/index.php\/wp-json\/wp\/v2\/posts\/82834\/revisions\/82837"}],"wp:featuredmedia":[{"embeddable":true,"href":"https:\/\/nitu.mx\/index.php\/wp-json\/wp\/v2\/media\/82836"}],"wp:attachment":[{"href":"https:\/\/nitu.mx\/index.php\/wp-json\/wp\/v2\/media?parent=82834"}],"wp:term":[{"taxonomy":"category","embeddable":true,"href":"https:\/\/nitu.mx\/index.php\/wp-json\/wp\/v2\/categories?post=82834"},{"taxonomy":"post_tag","embeddable":true,"href":"https:\/\/nitu.mx\/index.php\/wp-json\/wp\/v2\/tags?post=82834"}],"curies":[{"name":"wp","href":"https:\/\/api.w.org\/{rel}","templated":true}]}}