{"id":82826,"date":"2025-08-14T23:49:16","date_gmt":"2025-08-15T05:49:16","guid":{"rendered":"https:\/\/nitu.mx\/?p=82826"},"modified":"2025-08-14T23:49:17","modified_gmt":"2025-08-15T05:49:17","slug":"aviareps-nombra-a-adriana-munozcano-como-nueva-gerente-general-en-mexico","status":"publish","type":"post","link":"https:\/\/nitu.mx\/index.php\/2025\/08\/14\/aviareps-nombra-a-adriana-munozcano-como-nueva-gerente-general-en-mexico\/","title":{"rendered":"AVIAREPS nombra a Adriana Mu\u00f1ozcano como nueva Gerente General en M\u00e9xico"},"content":{"rendered":"\n<p>AVIAREPS, l\u00edder global en representaci\u00f3n de aerol\u00edneas, destinos y servicios de turismo, anunci\u00f3 el nombramiento de Adriana Mu\u00f1ozcano como su nueva gerente general en M\u00e9xico, posici\u00f3n que asumi\u00f3 oficialmente el pasado lunes.<\/p>\n\n\n\n<p>Mu\u00f1ozcano form\u00f3 parte del equipo de AVIAREPS en M\u00e9xico durante m\u00e1s de cuatro a\u00f1os y medio, liderando con \u00e9xito proyectos estrat\u00e9gicos en el \u00e1rea de aerol\u00edneas, desarrollo de rutas y promoci\u00f3n internacional.<\/p>\n\n\n\n<p>Con m\u00e1s de 20 a\u00f1os de experiencia en las industrias de aviaci\u00f3n y turismo, ha desarrollado una s\u00f3lida trayectoria en ventas, marketing y desarrollo de rutas.<\/p>\n\n\n\n<p>Inici\u00f3 su carrera en Aerom\u00e9xico y posteriormente contribuy\u00f3 al crecimiento comercial de Turkish Airlines y LATAM Airlines. Durante su anterior etapa en AVIAREPS, encabez\u00f3 el lanzamiento de rutas en M\u00e9xico para Emirates, TAP Air Portugal y Viva Air, adem\u00e1s de gestionar cuentas clave para Visit Dubai y Dubai Exports.<\/p>\n\n\n\n<p>Su regreso a la compa\u00f1\u00eda marca una nueva etapa para AVIAREPS M\u00e9xico, donde liderar\u00e1 iniciativas innovadoras en marketing de destinos y representaci\u00f3n de aerol\u00edneas, reforzando la presencia de la empresa en el mercado.<\/p>\n\n\n\n<p>Adriana Mu\u00f1ozcano es licenciada en Gesti\u00f3n Tur\u00edstica y cuenta con una Maestr\u00eda en Comercio Internacional y Branding por la Universidad Panamericana.<\/p>\n\n\n\n<p>\u201cMe entusiasma volver a AVIAREPS y retomar este reto con un equipo tan talentoso. M\u00e9xico es un mercado clave y estoy convencida de que juntos impulsaremos nuevas oportunidades para nuestros clientes\u201d, afirm\u00f3 Adriana Mu\u00f1ozcano.<\/p>\n\n\n\n<p>Con esta incorporaci\u00f3n, AVIAREPS reafirma su compromiso de fortalecer su liderazgo en el sector tur\u00edstico y de aviaci\u00f3n, brindando soluciones estrat\u00e9gicas a sus socios alrededor del mundo. (<a href=\"https:\/\/nitu.mx\/index.php\/2024\/07\/15\/destino-aviareps-reune-a-mas-de-300-importantes-representantes-del-sector-turistico\/\">Destino Aviareps re\u00fane a m\u00e1s de 300 importantes representantes del sector tur\u00edstico<\/a>).<\/p>\n","protected":false},"excerpt":{"rendered":"<p>AVIAREPS, l\u00edder global en representaci\u00f3n de aerol\u00edneas, destinos y servicios de turismo, anunci\u00f3 el nombramiento de Adriana Mu\u00f1ozcano como su nueva gerente general en M\u00e9xico, posici\u00f3n que asumi\u00f3 oficialmente el pasado lunes. Mu\u00f1ozcano form\u00f3 parte del equipo de AVIAREPS en M\u00e9xico durante m\u00e1s de cuatro a\u00f1os y medio, liderando con \u00e9xito proyectos estrat\u00e9gicos en el [&hellip;]<\/p>\n","protected":false},"author":17,"featured_media":82828,"comment_status":"closed","ping_status":"closed","sticky":false,"template":"","format":"standard","meta":{"footnotes":""},"categories":[3],"tags":[27611,2448,27612],"yoast_head":"<!-- This site is optimized with the Yoast SEO plugin v22.2 - https:\/\/yoast.com\/wordpress\/plugins\/seo\/ -->\n<title>AVIAREPS nombra a Adriana Mu\u00f1ozcano como nueva Gerente General en M\u00e9xico - Nitu - Noticias de la Industria Turistica<\/title>\n<meta name=\"robots\" content=\"index, follow, max-snippet:-1, max-image-preview:large, max-video-preview:-1\" \/>\n<link rel=\"canonical\" href=\"https:\/\/nitu.mx\/index.php\/2025\/08\/14\/aviareps-nombra-a-adriana-munozcano-como-nueva-gerente-general-en-mexico\/\" \/>\n<meta name=\"twitter:card\" content=\"summary_large_image\" \/>\n<meta name=\"twitter:title\" content=\"AVIAREPS nombra a Adriana Mu\u00f1ozcano como nueva Gerente General en M\u00e9xico - Nitu - Noticias de la Industria Turistica\" \/>\n<meta name=\"twitter:description\" content=\"AVIAREPS, l\u00edder global en representaci\u00f3n de aerol\u00edneas, destinos y servicios de turismo, anunci\u00f3 el nombramiento de Adriana Mu\u00f1ozcano como su nueva gerente general en M\u00e9xico, posici\u00f3n que asumi\u00f3 oficialmente el pasado lunes. Mu\u00f1ozcano form\u00f3 parte del equipo de AVIAREPS en M\u00e9xico durante m\u00e1s de cuatro a\u00f1os y medio, liderando con \u00e9xito proyectos estrat\u00e9gicos en el [&hellip;]\" \/>\n<meta name=\"twitter:image\" content=\"https:\/\/nitu.mx\/wp-content\/uploads\/2025\/08\/AVIAREPS-Adriana-Munozcano.jpg\" \/>\n<meta name=\"twitter:creator\" content=\"@NITUmx\" \/>\n<meta name=\"twitter:site\" content=\"@Arturo_Medina_G\" \/>\n<meta name=\"twitter:label1\" content=\"Escrito por\" \/>\n\t<meta name=\"twitter:data1\" content=\"Redacci\u00f3n\" \/>\n\t<meta name=\"twitter:label2\" content=\"Tiempo de lectura\" \/>\n\t<meta name=\"twitter:data2\" content=\"2 minutos\" \/>\n<script type=\"application\/ld+json\" class=\"yoast-schema-graph\">{\"@context\":\"https:\/\/schema.org\",\"@graph\":[{\"@type\":\"Article\",\"@id\":\"https:\/\/nitu.mx\/index.php\/2025\/08\/14\/aviareps-nombra-a-adriana-munozcano-como-nueva-gerente-general-en-mexico\/#article\",\"isPartOf\":{\"@id\":\"https:\/\/nitu.mx\/index.php\/2025\/08\/14\/aviareps-nombra-a-adriana-munozcano-como-nueva-gerente-general-en-mexico\/\"},\"author\":{\"name\":\"Redacci\u00f3n\",\"@id\":\"https:\/\/nitu.mx\/#\/schema\/person\/4a28fe9bd65924f7c90623773daf1b0b\"},\"headline\":\"AVIAREPS nombra a Adriana Mu\u00f1ozcano como nueva Gerente General en M\u00e9xico\",\"datePublished\":\"2025-08-15T05:49:16+00:00\",\"dateModified\":\"2025-08-15T05:49:17+00:00\",\"mainEntityOfPage\":{\"@id\":\"https:\/\/nitu.mx\/index.php\/2025\/08\/14\/aviareps-nombra-a-adriana-munozcano-como-nueva-gerente-general-en-mexico\/\"},\"wordCount\":314,\"publisher\":{\"@id\":\"https:\/\/nitu.mx\/#\/schema\/person\/ae7a53426417292d3dd07b45a33e01bc\"},\"image\":{\"@id\":\"https:\/\/nitu.mx\/index.php\/2025\/08\/14\/aviareps-nombra-a-adriana-munozcano-como-nueva-gerente-general-en-mexico\/#primaryimage\"},\"thumbnailUrl\":\"https:\/\/nitu.mx\/wp-content\/uploads\/2025\/08\/AVIAREPS-Adriana-Munozcano.jpg\",\"keywords\":[\"Adriana Mu\u00f1ozcano\",\"Aviareps\",\"representaci\u00f3n\"],\"articleSection\":[\"Agencias de Viajes\"],\"inLanguage\":\"es-MX\"},{\"@type\":\"WebPage\",\"@id\":\"https:\/\/nitu.mx\/index.php\/2025\/08\/14\/aviareps-nombra-a-adriana-munozcano-como-nueva-gerente-general-en-mexico\/\",\"url\":\"https:\/\/nitu.mx\/index.php\/2025\/08\/14\/aviareps-nombra-a-adriana-munozcano-como-nueva-gerente-general-en-mexico\/\",\"name\":\"AVIAREPS nombra a Adriana Mu\u00f1ozcano como nueva Gerente General en M\u00e9xico - Nitu - Noticias de la Industria Turistica\",\"isPartOf\":{\"@id\":\"https:\/\/nitu.mx\/#website\"},\"primaryImageOfPage\":{\"@id\":\"https:\/\/nitu.mx\/index.php\/2025\/08\/14\/aviareps-nombra-a-adriana-munozcano-como-nueva-gerente-general-en-mexico\/#primaryimage\"},\"image\":{\"@id\":\"https:\/\/nitu.mx\/index.php\/2025\/08\/14\/aviareps-nombra-a-adriana-munozcano-como-nueva-gerente-general-en-mexico\/#primaryimage\"},\"thumbnailUrl\":\"https:\/\/nitu.mx\/wp-content\/uploads\/2025\/08\/AVIAREPS-Adriana-Munozcano.jpg\",\"datePublished\":\"2025-08-15T05:49:16+00:00\",\"dateModified\":\"2025-08-15T05:49:17+00:00\",\"breadcrumb\":{\"@id\":\"https:\/\/nitu.mx\/index.php\/2025\/08\/14\/aviareps-nombra-a-adriana-munozcano-como-nueva-gerente-general-en-mexico\/#breadcrumb\"},\"inLanguage\":\"es-MX\",\"potentialAction\":[{\"@type\":\"ReadAction\",\"target\":[\"https:\/\/nitu.mx\/index.php\/2025\/08\/14\/aviareps-nombra-a-adriana-munozcano-como-nueva-gerente-general-en-mexico\/\"]}]},{\"@type\":\"ImageObject\",\"inLanguage\":\"es-MX\",\"@id\":\"https:\/\/nitu.mx\/index.php\/2025\/08\/14\/aviareps-nombra-a-adriana-munozcano-como-nueva-gerente-general-en-mexico\/#primaryimage\",\"url\":\"https:\/\/nitu.mx\/wp-content\/uploads\/2025\/08\/AVIAREPS-Adriana-Munozcano.jpg\",\"contentUrl\":\"https:\/\/nitu.mx\/wp-content\/uploads\/2025\/08\/AVIAREPS-Adriana-Munozcano.jpg\",\"width\":1200,\"height\":675,\"caption\":\"AVIAREPS Adriana Mu\u00f1ozcano\"},{\"@type\":\"BreadcrumbList\",\"@id\":\"https:\/\/nitu.mx\/index.php\/2025\/08\/14\/aviareps-nombra-a-adriana-munozcano-como-nueva-gerente-general-en-mexico\/#breadcrumb\",\"itemListElement\":[{\"@type\":\"ListItem\",\"position\":1,\"name\":\"Inicio\",\"item\":\"https:\/\/nitu.mx\/\"},{\"@type\":\"ListItem\",\"position\":2,\"name\":\"AVIAREPS nombra a Adriana Mu\u00f1ozcano como nueva Gerente General en M\u00e9xico\"}]},{\"@type\":\"WebSite\",\"@id\":\"https:\/\/nitu.mx\/#website\",\"url\":\"https:\/\/nitu.mx\/\",\"name\":\"Nitu - Noticias de la Industria Turistica\",\"description\":\"Noticias de la Industria Turistica\",\"publisher\":{\"@id\":\"https:\/\/nitu.mx\/#\/schema\/person\/ae7a53426417292d3dd07b45a33e01bc\"},\"alternateName\":\"Noticias de la Industria Turistica\",\"potentialAction\":[{\"@type\":\"SearchAction\",\"target\":{\"@type\":\"EntryPoint\",\"urlTemplate\":\"https:\/\/nitu.mx\/?s={search_term_string}\"},\"query-input\":\"required name=search_term_string\"}],\"inLanguage\":\"es-MX\"},{\"@type\":[\"Person\",\"Organization\"],\"@id\":\"https:\/\/nitu.mx\/#\/schema\/person\/ae7a53426417292d3dd07b45a33e01bc\",\"name\":\"Arturo Medina\",\"image\":{\"@type\":\"ImageObject\",\"inLanguage\":\"es-MX\",\"@id\":\"https:\/\/nitu.mx\/#\/schema\/person\/image\/\",\"url\":\"https:\/\/nitu.mx\/wp-content\/uploads\/2024\/04\/4A315622-1904-4D5C-B022-878CDC840E04-90x90-1.jpeg\",\"contentUrl\":\"https:\/\/nitu.mx\/wp-content\/uploads\/2024\/04\/4A315622-1904-4D5C-B022-878CDC840E04-90x90-1.jpeg\",\"width\":90,\"height\":90,\"caption\":\"Arturo Medina\"},\"logo\":{\"@id\":\"https:\/\/nitu.mx\/#\/schema\/person\/image\/\"},\"description\":\"Director NITU.mx, Egresado de la Escuela de Periodismo Carlos Septi\u00e9n Garc\u00eda. Periodista y analista especializado en turismo desde hace 35 a\u00f1os, radicado en Canc\u00fan Q.Roo. arturo@nitu.mx\",\"sameAs\":[\"https:\/\/nitu.mx\",\"https:\/\/www.facebook.com\/NITUmx\/\",\"medinacancun\",\"https:\/\/twitter.com\/@Arturo_Medina_G\"]},{\"@type\":\"Person\",\"@id\":\"https:\/\/nitu.mx\/#\/schema\/person\/4a28fe9bd65924f7c90623773daf1b0b\",\"name\":\"Redacci\u00f3n\",\"image\":{\"@type\":\"ImageObject\",\"inLanguage\":\"es-MX\",\"@id\":\"https:\/\/nitu.mx\/#\/schema\/person\/image\/\",\"url\":\"https:\/\/secure.gravatar.com\/avatar\/5dd011c8ccfc5cd7e4c81e42252aab38?s=96&d=mm&r=g\",\"contentUrl\":\"https:\/\/secure.gravatar.com\/avatar\/5dd011c8ccfc5cd7e4c81e42252aab38?s=96&d=mm&r=g\",\"caption\":\"Redacci\u00f3n\"},\"url\":\"https:\/\/nitu.mx\/index.php\/author\/redaccion\/\"}]}<\/script>\n<!-- \/ Yoast SEO plugin. -->","yoast_head_json":{"title":"AVIAREPS nombra a Adriana Mu\u00f1ozcano como nueva Gerente General en M\u00e9xico - Nitu - Noticias de la Industria Turistica","robots":{"index":"index","follow":"follow","max-snippet":"max-snippet:-1","max-image-preview":"max-image-preview:large","max-video-preview":"max-video-preview:-1"},"canonical":"https:\/\/nitu.mx\/index.php\/2025\/08\/14\/aviareps-nombra-a-adriana-munozcano-como-nueva-gerente-general-en-mexico\/","twitter_card":"summary_large_image","twitter_title":"AVIAREPS nombra a Adriana Mu\u00f1ozcano como nueva Gerente General en M\u00e9xico - Nitu - Noticias de la Industria Turistica","twitter_description":"AVIAREPS, l\u00edder global en representaci\u00f3n de aerol\u00edneas, destinos y servicios de turismo, anunci\u00f3 el nombramiento de Adriana Mu\u00f1ozcano como su nueva gerente general en M\u00e9xico, posici\u00f3n que asumi\u00f3 oficialmente el pasado lunes. Mu\u00f1ozcano form\u00f3 parte del equipo de AVIAREPS en M\u00e9xico durante m\u00e1s de cuatro a\u00f1os y medio, liderando con \u00e9xito proyectos estrat\u00e9gicos en el [&hellip;]","twitter_image":"https:\/\/nitu.mx\/wp-content\/uploads\/2025\/08\/AVIAREPS-Adriana-Munozcano.jpg","twitter_creator":"@NITUmx","twitter_site":"@Arturo_Medina_G","twitter_misc":{"Escrito por":"Redacci\u00f3n","Tiempo de lectura":"2 minutos"},"schema":{"@context":"https:\/\/schema.org","@graph":[{"@type":"Article","@id":"https:\/\/nitu.mx\/index.php\/2025\/08\/14\/aviareps-nombra-a-adriana-munozcano-como-nueva-gerente-general-en-mexico\/#article","isPartOf":{"@id":"https:\/\/nitu.mx\/index.php\/2025\/08\/14\/aviareps-nombra-a-adriana-munozcano-como-nueva-gerente-general-en-mexico\/"},"author":{"name":"Redacci\u00f3n","@id":"https:\/\/nitu.mx\/#\/schema\/person\/4a28fe9bd65924f7c90623773daf1b0b"},"headline":"AVIAREPS nombra a Adriana Mu\u00f1ozcano como nueva Gerente General en M\u00e9xico","datePublished":"2025-08-15T05:49:16+00:00","dateModified":"2025-08-15T05:49:17+00:00","mainEntityOfPage":{"@id":"https:\/\/nitu.mx\/index.php\/2025\/08\/14\/aviareps-nombra-a-adriana-munozcano-como-nueva-gerente-general-en-mexico\/"},"wordCount":314,"publisher":{"@id":"https:\/\/nitu.mx\/#\/schema\/person\/ae7a53426417292d3dd07b45a33e01bc"},"image":{"@id":"https:\/\/nitu.mx\/index.php\/2025\/08\/14\/aviareps-nombra-a-adriana-munozcano-como-nueva-gerente-general-en-mexico\/#primaryimage"},"thumbnailUrl":"https:\/\/nitu.mx\/wp-content\/uploads\/2025\/08\/AVIAREPS-Adriana-Munozcano.jpg","keywords":["Adriana Mu\u00f1ozcano","Aviareps","representaci\u00f3n"],"articleSection":["Agencias de Viajes"],"inLanguage":"es-MX"},{"@type":"WebPage","@id":"https:\/\/nitu.mx\/index.php\/2025\/08\/14\/aviareps-nombra-a-adriana-munozcano-como-nueva-gerente-general-en-mexico\/","url":"https:\/\/nitu.mx\/index.php\/2025\/08\/14\/aviareps-nombra-a-adriana-munozcano-como-nueva-gerente-general-en-mexico\/","name":"AVIAREPS nombra a Adriana Mu\u00f1ozcano como nueva Gerente General en M\u00e9xico - Nitu - Noticias de la Industria Turistica","isPartOf":{"@id":"https:\/\/nitu.mx\/#website"},"primaryImageOfPage":{"@id":"https:\/\/nitu.mx\/index.php\/2025\/08\/14\/aviareps-nombra-a-adriana-munozcano-como-nueva-gerente-general-en-mexico\/#primaryimage"},"image":{"@id":"https:\/\/nitu.mx\/index.php\/2025\/08\/14\/aviareps-nombra-a-adriana-munozcano-como-nueva-gerente-general-en-mexico\/#primaryimage"},"thumbnailUrl":"https:\/\/nitu.mx\/wp-content\/uploads\/2025\/08\/AVIAREPS-Adriana-Munozcano.jpg","datePublished":"2025-08-15T05:49:16+00:00","dateModified":"2025-08-15T05:49:17+00:00","breadcrumb":{"@id":"https:\/\/nitu.mx\/index.php\/2025\/08\/14\/aviareps-nombra-a-adriana-munozcano-como-nueva-gerente-general-en-mexico\/#breadcrumb"},"inLanguage":"es-MX","potentialAction":[{"@type":"ReadAction","target":["https:\/\/nitu.mx\/index.php\/2025\/08\/14\/aviareps-nombra-a-adriana-munozcano-como-nueva-gerente-general-en-mexico\/"]}]},{"@type":"ImageObject","inLanguage":"es-MX","@id":"https:\/\/nitu.mx\/index.php\/2025\/08\/14\/aviareps-nombra-a-adriana-munozcano-como-nueva-gerente-general-en-mexico\/#primaryimage","url":"https:\/\/nitu.mx\/wp-content\/uploads\/2025\/08\/AVIAREPS-Adriana-Munozcano.jpg","contentUrl":"https:\/\/nitu.mx\/wp-content\/uploads\/2025\/08\/AVIAREPS-Adriana-Munozcano.jpg","width":1200,"height":675,"caption":"AVIAREPS Adriana Mu\u00f1ozcano"},{"@type":"BreadcrumbList","@id":"https:\/\/nitu.mx\/index.php\/2025\/08\/14\/aviareps-nombra-a-adriana-munozcano-como-nueva-gerente-general-en-mexico\/#breadcrumb","itemListElement":[{"@type":"ListItem","position":1,"name":"Inicio","item":"https:\/\/nitu.mx\/"},{"@type":"ListItem","position":2,"name":"AVIAREPS nombra a Adriana Mu\u00f1ozcano como nueva Gerente General en M\u00e9xico"}]},{"@type":"WebSite","@id":"https:\/\/nitu.mx\/#website","url":"https:\/\/nitu.mx\/","name":"Nitu - Noticias de la Industria Turistica","description":"Noticias de la Industria Turistica","publisher":{"@id":"https:\/\/nitu.mx\/#\/schema\/person\/ae7a53426417292d3dd07b45a33e01bc"},"alternateName":"Noticias de la Industria Turistica","potentialAction":[{"@type":"SearchAction","target":{"@type":"EntryPoint","urlTemplate":"https:\/\/nitu.mx\/?s={search_term_string}"},"query-input":"required name=search_term_string"}],"inLanguage":"es-MX"},{"@type":["Person","Organization"],"@id":"https:\/\/nitu.mx\/#\/schema\/person\/ae7a53426417292d3dd07b45a33e01bc","name":"Arturo Medina","image":{"@type":"ImageObject","inLanguage":"es-MX","@id":"https:\/\/nitu.mx\/#\/schema\/person\/image\/","url":"https:\/\/nitu.mx\/wp-content\/uploads\/2024\/04\/4A315622-1904-4D5C-B022-878CDC840E04-90x90-1.jpeg","contentUrl":"https:\/\/nitu.mx\/wp-content\/uploads\/2024\/04\/4A315622-1904-4D5C-B022-878CDC840E04-90x90-1.jpeg","width":90,"height":90,"caption":"Arturo Medina"},"logo":{"@id":"https:\/\/nitu.mx\/#\/schema\/person\/image\/"},"description":"Director NITU.mx, Egresado de la Escuela de Periodismo Carlos Septi\u00e9n Garc\u00eda. Periodista y analista especializado en turismo desde hace 35 a\u00f1os, radicado en Canc\u00fan Q.Roo. arturo@nitu.mx","sameAs":["https:\/\/nitu.mx","https:\/\/www.facebook.com\/NITUmx\/","medinacancun","https:\/\/twitter.com\/@Arturo_Medina_G"]},{"@type":"Person","@id":"https:\/\/nitu.mx\/#\/schema\/person\/4a28fe9bd65924f7c90623773daf1b0b","name":"Redacci\u00f3n","image":{"@type":"ImageObject","inLanguage":"es-MX","@id":"https:\/\/nitu.mx\/#\/schema\/person\/image\/","url":"https:\/\/secure.gravatar.com\/avatar\/5dd011c8ccfc5cd7e4c81e42252aab38?s=96&d=mm&r=g","contentUrl":"https:\/\/secure.gravatar.com\/avatar\/5dd011c8ccfc5cd7e4c81e42252aab38?s=96&d=mm&r=g","caption":"Redacci\u00f3n"},"url":"https:\/\/nitu.mx\/index.php\/author\/redaccion\/"}]}},"views":919,"_links":{"self":[{"href":"https:\/\/nitu.mx\/index.php\/wp-json\/wp\/v2\/posts\/82826"}],"collection":[{"href":"https:\/\/nitu.mx\/index.php\/wp-json\/wp\/v2\/posts"}],"about":[{"href":"https:\/\/nitu.mx\/index.php\/wp-json\/wp\/v2\/types\/post"}],"author":[{"embeddable":true,"href":"https:\/\/nitu.mx\/index.php\/wp-json\/wp\/v2\/users\/17"}],"replies":[{"embeddable":true,"href":"https:\/\/nitu.mx\/index.php\/wp-json\/wp\/v2\/comments?post=82826"}],"version-history":[{"count":1,"href":"https:\/\/nitu.mx\/index.php\/wp-json\/wp\/v2\/posts\/82826\/revisions"}],"predecessor-version":[{"id":82829,"href":"https:\/\/nitu.mx\/index.php\/wp-json\/wp\/v2\/posts\/82826\/revisions\/82829"}],"wp:featuredmedia":[{"embeddable":true,"href":"https:\/\/nitu.mx\/index.php\/wp-json\/wp\/v2\/media\/82828"}],"wp:attachment":[{"href":"https:\/\/nitu.mx\/index.php\/wp-json\/wp\/v2\/media?parent=82826"}],"wp:term":[{"taxonomy":"category","embeddable":true,"href":"https:\/\/nitu.mx\/index.php\/wp-json\/wp\/v2\/categories?post=82826"},{"taxonomy":"post_tag","embeddable":true,"href":"https:\/\/nitu.mx\/index.php\/wp-json\/wp\/v2\/tags?post=82826"}],"curies":[{"name":"wp","href":"https:\/\/api.w.org\/{rel}","templated":true}]}}