{"id":82815,"date":"2025-08-13T22:57:01","date_gmt":"2025-08-14T04:57:01","guid":{"rendered":"https:\/\/nitu.mx\/?p=82815"},"modified":"2025-08-13T22:57:01","modified_gmt":"2025-08-14T04:57:01","slug":"grupo-xcaret-confirma-el-regreso-de-xplor-bravest-race","status":"publish","type":"post","link":"https:\/\/nitu.mx\/index.php\/2025\/08\/13\/grupo-xcaret-confirma-el-regreso-de-xplor-bravest-race\/","title":{"rendered":"Grupo Xcaret confirma el regreso de Xplor Bravest Race"},"content":{"rendered":"\n<p>Xplor, el parque de tirolesas de Grupo Xcaret, llevar\u00e1 a cabo el pr\u00f3ximo 21 de septiembre la und\u00e9cima edici\u00f3n de Xplor Bravest Race, esta vez con una narrativa titulada \u201cEl Origen\u201d, la cual marca el inicio de una saga de cuatro a\u00f1os que busca transformar la experiencia de correr, en un viaje de exploraci\u00f3n f\u00edsica y emocional.<\/p>\n\n\n\n<p>Xplor Bravest Race El Origen no tiene como fin ganar, sino encontrarse; porque el obst\u00e1culo no est\u00e1 afuera, sino adentro. As\u00ed nace\u00a0<em>El Origen<\/em>. Ambientada en la selva de Xplor, en la Riviera Maya, esta carrera recreativa de 6 kil\u00f3metros y m\u00e1s de 50 obst\u00e1culos propone un recorrido simb\u00f3lico inspirado en antiguas tradiciones que reflexionan sobre el equilibrio entre opuestos: luz y oscuridad, inicio y fin, cuerpo y mente.<\/p>\n\n\n\n<p>Cada edici\u00f3n anual representar\u00e1 un cap\u00edtulo de esta traves\u00eda, dividida en cuatro libros:<\/p>\n\n\n\n<ul>\n<li><strong>La Creaci\u00f3n (Norte):<\/strong>&nbsp;el nacimiento de la luz y el comienzo del camino.<\/li>\n\n\n\n<li><strong>La Transformaci\u00f3n (Sur):<\/strong>&nbsp;el fuego como fuerza de cambio.<\/li>\n\n\n\n<li><strong>El Descenso (Este):<\/strong>&nbsp;la oscuridad como gu\u00eda para la introspecci\u00f3n.<\/li>\n\n\n\n<li><strong>La Renovaci\u00f3n (Oeste):<\/strong>&nbsp;la elevaci\u00f3n del esp\u00edritu hacia lo eterno.<\/li>\n<\/ul>\n\n\n\n<p>A diferencia de las competencias tradicionales, Xplor Bravest Race&nbsp;<em>El Origen<\/em>&nbsp;no premia la velocidad, sino la constancia y el trabajo en equipo. No hay cron\u00f3metro oficial ni ganadores. El enfoque est\u00e1 en que cada persona avance a su propio ritmo, reflejando los procesos personales que atraviesan quienes participan. La experiencia apela a una forma de resistencia m\u00e1s humana, menos competitiva y m\u00e1s introspectiva.<\/p>\n\n\n\n<p>Desde su creaci\u00f3n,\u00a0<em>Bravest Race<\/em>\u00a0ha reunido a miles de corredores nacionales e internacionales que ven en esta carrera algo m\u00e1s que un reto f\u00edsico. Personas de pa\u00edses como Argentina, Colombia, Cuba, Venezuela, Estados Unidos y el centro del pa\u00eds, \u200b han llegado a la Riviera Maya para ser parte de esta comunidad que, cada a\u00f1o, se fortalece no solo por la exigencia del recorrido, sino por el ambiente de apoyo, solidaridad y conexi\u00f3n que se genera entre participantes.<\/p>\n\n\n\n<p>El componente narrativo de esta nueva etapa tambi\u00e9n a\u00f1ade una dimensi\u00f3n simb\u00f3lica al evento. Cada corredor ser\u00e1 acompa\u00f1ado por uno de los cuatro guardianes designados por el Dios del Origen, quienes los guiar\u00e1n a trav\u00e9s de los cuatro puntos cardinales.<\/p>\n\n\n\n<p>Con esta propuesta, Xplor Bravest Race\u00a0<em>El Origen<\/em>\u00a0es una traves\u00eda de crecimiento personal y colectivo, donde amigos, familias y equipos enteros se acompa\u00f1an para superar obst\u00e1culos f\u00edsicos y emocionales, sin importar la edad. S\u00ed, Xplor Bravest Race tambi\u00e9n est\u00e1 dise\u00f1ada para los m\u00e1s valientes de la casa en Mini Bravest Race.<\/p>\n\n\n\n<p>Desde su apertura en 2009, Xplor ha recibido a m\u00e1s de 5 millones de visitantes y se ha consolidado como l\u00edder en aventura, innovaci\u00f3n y calidad en servicio. Con atracciones como el circuito de tirolesas m\u00e1s visitado del mundo, expediciones subterr\u00e1neas y su m\u00e1s reciente novedad: Toboganxote (el primer tobog\u00e1n 5 en 1 del mundo), el parque contin\u00faa superando expectativas y sumando experiencias extraordinarias.<\/p>\n\n\n\n<p>Adem\u00e1s, su compromiso con la seguridad y sostenibilidad ha sido respaldado por certificaciones como EarthCheck, Distintivo H, TripAdvisor, Petzl Technical Partner y la reciente certificaci\u00f3n internacional Safe Fun \u2013 Aquatic Leisure Certification.<\/p>\n\n\n\n<p>Los espacios son limitados para esta edici\u00f3n \u00fanica. Los corredores pueden elegir entre categor\u00eda Regular o VIP, cada una con su propio\u00a0<em>kit\u00a0<\/em>de aventura.<\/p>\n\n\n\n<p>Aquellos que completen los cuatro cap\u00edtulos de esta nueva era recibir\u00e1n un reconocimiento especial que conmemora su valent\u00eda y constancia. La venta regular estar\u00e1 activa hasta el 19 de septiembre, pero es importante apartar el lugar desde ahora. (<a href=\"https:\/\/nitu.mx\/index.php\/2025\/08\/07\/xcaret-festival-de-tradiciones-de-vida-y-muerte-2025-recibe-a-michoacan-como-estado-invitado\/\">Xcaret: Festival de Tradiciones de Vida y Muerte 2025 recibe a Michoac\u00e1n como estado invitado<\/a>).<\/p>\n","protected":false},"excerpt":{"rendered":"<p>Xplor, el parque de tirolesas de Grupo Xcaret, llevar\u00e1 a cabo el pr\u00f3ximo 21 de septiembre la und\u00e9cima edici\u00f3n de Xplor Bravest Race, esta vez con una narrativa titulada \u201cEl Origen\u201d, la cual marca el inicio de una saga de cuatro a\u00f1os que busca transformar la experiencia de correr, en un viaje de exploraci\u00f3n f\u00edsica [&hellip;]<\/p>\n","protected":false},"author":17,"featured_media":82817,"comment_status":"closed","ping_status":"closed","sticky":false,"template":"","format":"standard","meta":{"footnotes":""},"categories":[19193],"tags":[3047,80,2955,4171],"yoast_head":"<!-- This site is optimized with the Yoast SEO plugin v22.2 - https:\/\/yoast.com\/wordpress\/plugins\/seo\/ -->\n<title>Grupo Xcaret confirma el regreso de Xplor Bravest Race - Nitu - Noticias de la Industria Turistica<\/title>\n<meta name=\"robots\" content=\"index, follow, max-snippet:-1, max-image-preview:large, max-video-preview:-1\" \/>\n<link rel=\"canonical\" href=\"https:\/\/nitu.mx\/index.php\/2025\/08\/13\/grupo-xcaret-confirma-el-regreso-de-xplor-bravest-race\/\" \/>\n<meta name=\"twitter:card\" content=\"summary_large_image\" \/>\n<meta name=\"twitter:title\" content=\"Grupo Xcaret confirma el regreso de Xplor Bravest Race - Nitu - Noticias de la Industria Turistica\" \/>\n<meta name=\"twitter:description\" content=\"Xplor, el parque de tirolesas de Grupo Xcaret, llevar\u00e1 a cabo el pr\u00f3ximo 21 de septiembre la und\u00e9cima edici\u00f3n de Xplor Bravest Race, esta vez con una narrativa titulada \u201cEl Origen\u201d, la cual marca el inicio de una saga de cuatro a\u00f1os que busca transformar la experiencia de correr, en un viaje de exploraci\u00f3n f\u00edsica [&hellip;]\" \/>\n<meta name=\"twitter:image\" content=\"https:\/\/nitu.mx\/wp-content\/uploads\/2025\/08\/Xcaret-Xplor-Bravest-Race.jpg\" \/>\n<meta name=\"twitter:creator\" content=\"@NITUmx\" \/>\n<meta name=\"twitter:site\" content=\"@Arturo_Medina_G\" \/>\n<meta name=\"twitter:label1\" content=\"Escrito por\" \/>\n\t<meta name=\"twitter:data1\" content=\"Redacci\u00f3n\" \/>\n\t<meta name=\"twitter:label2\" content=\"Tiempo de lectura\" \/>\n\t<meta name=\"twitter:data2\" content=\"3 minutos\" \/>\n<script type=\"application\/ld+json\" class=\"yoast-schema-graph\">{\"@context\":\"https:\/\/schema.org\",\"@graph\":[{\"@type\":\"Article\",\"@id\":\"https:\/\/nitu.mx\/index.php\/2025\/08\/13\/grupo-xcaret-confirma-el-regreso-de-xplor-bravest-race\/#article\",\"isPartOf\":{\"@id\":\"https:\/\/nitu.mx\/index.php\/2025\/08\/13\/grupo-xcaret-confirma-el-regreso-de-xplor-bravest-race\/\"},\"author\":{\"name\":\"Redacci\u00f3n\",\"@id\":\"https:\/\/nitu.mx\/#\/schema\/person\/4a28fe9bd65924f7c90623773daf1b0b\"},\"headline\":\"Grupo Xcaret confirma el regreso de Xplor Bravest Race\",\"datePublished\":\"2025-08-14T04:57:01+00:00\",\"dateModified\":\"2025-08-14T04:57:01+00:00\",\"mainEntityOfPage\":{\"@id\":\"https:\/\/nitu.mx\/index.php\/2025\/08\/13\/grupo-xcaret-confirma-el-regreso-de-xplor-bravest-race\/\"},\"wordCount\":655,\"publisher\":{\"@id\":\"https:\/\/nitu.mx\/#\/schema\/person\/ae7a53426417292d3dd07b45a33e01bc\"},\"image\":{\"@id\":\"https:\/\/nitu.mx\/index.php\/2025\/08\/13\/grupo-xcaret-confirma-el-regreso-de-xplor-bravest-race\/#primaryimage\"},\"thumbnailUrl\":\"https:\/\/nitu.mx\/wp-content\/uploads\/2025\/08\/Xcaret-Xplor-Bravest-Race.jpg\",\"keywords\":[\"Grupo Xcaret\",\"Riviera Maya\",\"Xplor\",\"Xplor Bravest Race\"],\"articleSection\":[\"Riviera Maya\"],\"inLanguage\":\"es-MX\"},{\"@type\":\"WebPage\",\"@id\":\"https:\/\/nitu.mx\/index.php\/2025\/08\/13\/grupo-xcaret-confirma-el-regreso-de-xplor-bravest-race\/\",\"url\":\"https:\/\/nitu.mx\/index.php\/2025\/08\/13\/grupo-xcaret-confirma-el-regreso-de-xplor-bravest-race\/\",\"name\":\"Grupo Xcaret confirma el regreso de Xplor Bravest Race - Nitu - Noticias de la Industria Turistica\",\"isPartOf\":{\"@id\":\"https:\/\/nitu.mx\/#website\"},\"primaryImageOfPage\":{\"@id\":\"https:\/\/nitu.mx\/index.php\/2025\/08\/13\/grupo-xcaret-confirma-el-regreso-de-xplor-bravest-race\/#primaryimage\"},\"image\":{\"@id\":\"https:\/\/nitu.mx\/index.php\/2025\/08\/13\/grupo-xcaret-confirma-el-regreso-de-xplor-bravest-race\/#primaryimage\"},\"thumbnailUrl\":\"https:\/\/nitu.mx\/wp-content\/uploads\/2025\/08\/Xcaret-Xplor-Bravest-Race.jpg\",\"datePublished\":\"2025-08-14T04:57:01+00:00\",\"dateModified\":\"2025-08-14T04:57:01+00:00\",\"breadcrumb\":{\"@id\":\"https:\/\/nitu.mx\/index.php\/2025\/08\/13\/grupo-xcaret-confirma-el-regreso-de-xplor-bravest-race\/#breadcrumb\"},\"inLanguage\":\"es-MX\",\"potentialAction\":[{\"@type\":\"ReadAction\",\"target\":[\"https:\/\/nitu.mx\/index.php\/2025\/08\/13\/grupo-xcaret-confirma-el-regreso-de-xplor-bravest-race\/\"]}]},{\"@type\":\"ImageObject\",\"inLanguage\":\"es-MX\",\"@id\":\"https:\/\/nitu.mx\/index.php\/2025\/08\/13\/grupo-xcaret-confirma-el-regreso-de-xplor-bravest-race\/#primaryimage\",\"url\":\"https:\/\/nitu.mx\/wp-content\/uploads\/2025\/08\/Xcaret-Xplor-Bravest-Race.jpg\",\"contentUrl\":\"https:\/\/nitu.mx\/wp-content\/uploads\/2025\/08\/Xcaret-Xplor-Bravest-Race.jpg\",\"width\":1200,\"height\":675,\"caption\":\"Xcaret Xplor Bravest Race\"},{\"@type\":\"BreadcrumbList\",\"@id\":\"https:\/\/nitu.mx\/index.php\/2025\/08\/13\/grupo-xcaret-confirma-el-regreso-de-xplor-bravest-race\/#breadcrumb\",\"itemListElement\":[{\"@type\":\"ListItem\",\"position\":1,\"name\":\"Inicio\",\"item\":\"https:\/\/nitu.mx\/\"},{\"@type\":\"ListItem\",\"position\":2,\"name\":\"Grupo Xcaret confirma el regreso de Xplor Bravest Race\"}]},{\"@type\":\"WebSite\",\"@id\":\"https:\/\/nitu.mx\/#website\",\"url\":\"https:\/\/nitu.mx\/\",\"name\":\"Nitu - Noticias de la Industria Turistica\",\"description\":\"Noticias de la Industria Turistica\",\"publisher\":{\"@id\":\"https:\/\/nitu.mx\/#\/schema\/person\/ae7a53426417292d3dd07b45a33e01bc\"},\"alternateName\":\"Noticias de la Industria Turistica\",\"potentialAction\":[{\"@type\":\"SearchAction\",\"target\":{\"@type\":\"EntryPoint\",\"urlTemplate\":\"https:\/\/nitu.mx\/?s={search_term_string}\"},\"query-input\":\"required name=search_term_string\"}],\"inLanguage\":\"es-MX\"},{\"@type\":[\"Person\",\"Organization\"],\"@id\":\"https:\/\/nitu.mx\/#\/schema\/person\/ae7a53426417292d3dd07b45a33e01bc\",\"name\":\"Arturo Medina\",\"image\":{\"@type\":\"ImageObject\",\"inLanguage\":\"es-MX\",\"@id\":\"https:\/\/nitu.mx\/#\/schema\/person\/image\/\",\"url\":\"https:\/\/nitu.mx\/wp-content\/uploads\/2024\/04\/4A315622-1904-4D5C-B022-878CDC840E04-90x90-1.jpeg\",\"contentUrl\":\"https:\/\/nitu.mx\/wp-content\/uploads\/2024\/04\/4A315622-1904-4D5C-B022-878CDC840E04-90x90-1.jpeg\",\"width\":90,\"height\":90,\"caption\":\"Arturo Medina\"},\"logo\":{\"@id\":\"https:\/\/nitu.mx\/#\/schema\/person\/image\/\"},\"description\":\"Director NITU.mx, Egresado de la Escuela de Periodismo Carlos Septi\u00e9n Garc\u00eda. Periodista y analista especializado en turismo desde hace 35 a\u00f1os, radicado en Canc\u00fan Q.Roo. arturo@nitu.mx\",\"sameAs\":[\"https:\/\/nitu.mx\",\"https:\/\/www.facebook.com\/NITUmx\/\",\"medinacancun\",\"https:\/\/twitter.com\/@Arturo_Medina_G\"]},{\"@type\":\"Person\",\"@id\":\"https:\/\/nitu.mx\/#\/schema\/person\/4a28fe9bd65924f7c90623773daf1b0b\",\"name\":\"Redacci\u00f3n\",\"image\":{\"@type\":\"ImageObject\",\"inLanguage\":\"es-MX\",\"@id\":\"https:\/\/nitu.mx\/#\/schema\/person\/image\/\",\"url\":\"https:\/\/secure.gravatar.com\/avatar\/5dd011c8ccfc5cd7e4c81e42252aab38?s=96&d=mm&r=g\",\"contentUrl\":\"https:\/\/secure.gravatar.com\/avatar\/5dd011c8ccfc5cd7e4c81e42252aab38?s=96&d=mm&r=g\",\"caption\":\"Redacci\u00f3n\"},\"url\":\"https:\/\/nitu.mx\/index.php\/author\/redaccion\/\"}]}<\/script>\n<!-- \/ Yoast SEO plugin. -->","yoast_head_json":{"title":"Grupo Xcaret confirma el regreso de Xplor Bravest Race - Nitu - Noticias de la Industria Turistica","robots":{"index":"index","follow":"follow","max-snippet":"max-snippet:-1","max-image-preview":"max-image-preview:large","max-video-preview":"max-video-preview:-1"},"canonical":"https:\/\/nitu.mx\/index.php\/2025\/08\/13\/grupo-xcaret-confirma-el-regreso-de-xplor-bravest-race\/","twitter_card":"summary_large_image","twitter_title":"Grupo Xcaret confirma el regreso de Xplor Bravest Race - Nitu - Noticias de la Industria Turistica","twitter_description":"Xplor, el parque de tirolesas de Grupo Xcaret, llevar\u00e1 a cabo el pr\u00f3ximo 21 de septiembre la und\u00e9cima edici\u00f3n de Xplor Bravest Race, esta vez con una narrativa titulada \u201cEl Origen\u201d, la cual marca el inicio de una saga de cuatro a\u00f1os que busca transformar la experiencia de correr, en un viaje de exploraci\u00f3n f\u00edsica [&hellip;]","twitter_image":"https:\/\/nitu.mx\/wp-content\/uploads\/2025\/08\/Xcaret-Xplor-Bravest-Race.jpg","twitter_creator":"@NITUmx","twitter_site":"@Arturo_Medina_G","twitter_misc":{"Escrito por":"Redacci\u00f3n","Tiempo de lectura":"3 minutos"},"schema":{"@context":"https:\/\/schema.org","@graph":[{"@type":"Article","@id":"https:\/\/nitu.mx\/index.php\/2025\/08\/13\/grupo-xcaret-confirma-el-regreso-de-xplor-bravest-race\/#article","isPartOf":{"@id":"https:\/\/nitu.mx\/index.php\/2025\/08\/13\/grupo-xcaret-confirma-el-regreso-de-xplor-bravest-race\/"},"author":{"name":"Redacci\u00f3n","@id":"https:\/\/nitu.mx\/#\/schema\/person\/4a28fe9bd65924f7c90623773daf1b0b"},"headline":"Grupo Xcaret confirma el regreso de Xplor Bravest Race","datePublished":"2025-08-14T04:57:01+00:00","dateModified":"2025-08-14T04:57:01+00:00","mainEntityOfPage":{"@id":"https:\/\/nitu.mx\/index.php\/2025\/08\/13\/grupo-xcaret-confirma-el-regreso-de-xplor-bravest-race\/"},"wordCount":655,"publisher":{"@id":"https:\/\/nitu.mx\/#\/schema\/person\/ae7a53426417292d3dd07b45a33e01bc"},"image":{"@id":"https:\/\/nitu.mx\/index.php\/2025\/08\/13\/grupo-xcaret-confirma-el-regreso-de-xplor-bravest-race\/#primaryimage"},"thumbnailUrl":"https:\/\/nitu.mx\/wp-content\/uploads\/2025\/08\/Xcaret-Xplor-Bravest-Race.jpg","keywords":["Grupo Xcaret","Riviera Maya","Xplor","Xplor Bravest Race"],"articleSection":["Riviera Maya"],"inLanguage":"es-MX"},{"@type":"WebPage","@id":"https:\/\/nitu.mx\/index.php\/2025\/08\/13\/grupo-xcaret-confirma-el-regreso-de-xplor-bravest-race\/","url":"https:\/\/nitu.mx\/index.php\/2025\/08\/13\/grupo-xcaret-confirma-el-regreso-de-xplor-bravest-race\/","name":"Grupo Xcaret confirma el regreso de Xplor Bravest Race - Nitu - Noticias de la Industria Turistica","isPartOf":{"@id":"https:\/\/nitu.mx\/#website"},"primaryImageOfPage":{"@id":"https:\/\/nitu.mx\/index.php\/2025\/08\/13\/grupo-xcaret-confirma-el-regreso-de-xplor-bravest-race\/#primaryimage"},"image":{"@id":"https:\/\/nitu.mx\/index.php\/2025\/08\/13\/grupo-xcaret-confirma-el-regreso-de-xplor-bravest-race\/#primaryimage"},"thumbnailUrl":"https:\/\/nitu.mx\/wp-content\/uploads\/2025\/08\/Xcaret-Xplor-Bravest-Race.jpg","datePublished":"2025-08-14T04:57:01+00:00","dateModified":"2025-08-14T04:57:01+00:00","breadcrumb":{"@id":"https:\/\/nitu.mx\/index.php\/2025\/08\/13\/grupo-xcaret-confirma-el-regreso-de-xplor-bravest-race\/#breadcrumb"},"inLanguage":"es-MX","potentialAction":[{"@type":"ReadAction","target":["https:\/\/nitu.mx\/index.php\/2025\/08\/13\/grupo-xcaret-confirma-el-regreso-de-xplor-bravest-race\/"]}]},{"@type":"ImageObject","inLanguage":"es-MX","@id":"https:\/\/nitu.mx\/index.php\/2025\/08\/13\/grupo-xcaret-confirma-el-regreso-de-xplor-bravest-race\/#primaryimage","url":"https:\/\/nitu.mx\/wp-content\/uploads\/2025\/08\/Xcaret-Xplor-Bravest-Race.jpg","contentUrl":"https:\/\/nitu.mx\/wp-content\/uploads\/2025\/08\/Xcaret-Xplor-Bravest-Race.jpg","width":1200,"height":675,"caption":"Xcaret Xplor Bravest Race"},{"@type":"BreadcrumbList","@id":"https:\/\/nitu.mx\/index.php\/2025\/08\/13\/grupo-xcaret-confirma-el-regreso-de-xplor-bravest-race\/#breadcrumb","itemListElement":[{"@type":"ListItem","position":1,"name":"Inicio","item":"https:\/\/nitu.mx\/"},{"@type":"ListItem","position":2,"name":"Grupo Xcaret confirma el regreso de Xplor Bravest Race"}]},{"@type":"WebSite","@id":"https:\/\/nitu.mx\/#website","url":"https:\/\/nitu.mx\/","name":"Nitu - Noticias de la Industria Turistica","description":"Noticias de la Industria Turistica","publisher":{"@id":"https:\/\/nitu.mx\/#\/schema\/person\/ae7a53426417292d3dd07b45a33e01bc"},"alternateName":"Noticias de la Industria Turistica","potentialAction":[{"@type":"SearchAction","target":{"@type":"EntryPoint","urlTemplate":"https:\/\/nitu.mx\/?s={search_term_string}"},"query-input":"required name=search_term_string"}],"inLanguage":"es-MX"},{"@type":["Person","Organization"],"@id":"https:\/\/nitu.mx\/#\/schema\/person\/ae7a53426417292d3dd07b45a33e01bc","name":"Arturo Medina","image":{"@type":"ImageObject","inLanguage":"es-MX","@id":"https:\/\/nitu.mx\/#\/schema\/person\/image\/","url":"https:\/\/nitu.mx\/wp-content\/uploads\/2024\/04\/4A315622-1904-4D5C-B022-878CDC840E04-90x90-1.jpeg","contentUrl":"https:\/\/nitu.mx\/wp-content\/uploads\/2024\/04\/4A315622-1904-4D5C-B022-878CDC840E04-90x90-1.jpeg","width":90,"height":90,"caption":"Arturo Medina"},"logo":{"@id":"https:\/\/nitu.mx\/#\/schema\/person\/image\/"},"description":"Director NITU.mx, Egresado de la Escuela de Periodismo Carlos Septi\u00e9n Garc\u00eda. Periodista y analista especializado en turismo desde hace 35 a\u00f1os, radicado en Canc\u00fan Q.Roo. arturo@nitu.mx","sameAs":["https:\/\/nitu.mx","https:\/\/www.facebook.com\/NITUmx\/","medinacancun","https:\/\/twitter.com\/@Arturo_Medina_G"]},{"@type":"Person","@id":"https:\/\/nitu.mx\/#\/schema\/person\/4a28fe9bd65924f7c90623773daf1b0b","name":"Redacci\u00f3n","image":{"@type":"ImageObject","inLanguage":"es-MX","@id":"https:\/\/nitu.mx\/#\/schema\/person\/image\/","url":"https:\/\/secure.gravatar.com\/avatar\/5dd011c8ccfc5cd7e4c81e42252aab38?s=96&d=mm&r=g","contentUrl":"https:\/\/secure.gravatar.com\/avatar\/5dd011c8ccfc5cd7e4c81e42252aab38?s=96&d=mm&r=g","caption":"Redacci\u00f3n"},"url":"https:\/\/nitu.mx\/index.php\/author\/redaccion\/"}]}},"views":674,"_links":{"self":[{"href":"https:\/\/nitu.mx\/index.php\/wp-json\/wp\/v2\/posts\/82815"}],"collection":[{"href":"https:\/\/nitu.mx\/index.php\/wp-json\/wp\/v2\/posts"}],"about":[{"href":"https:\/\/nitu.mx\/index.php\/wp-json\/wp\/v2\/types\/post"}],"author":[{"embeddable":true,"href":"https:\/\/nitu.mx\/index.php\/wp-json\/wp\/v2\/users\/17"}],"replies":[{"embeddable":true,"href":"https:\/\/nitu.mx\/index.php\/wp-json\/wp\/v2\/comments?post=82815"}],"version-history":[{"count":1,"href":"https:\/\/nitu.mx\/index.php\/wp-json\/wp\/v2\/posts\/82815\/revisions"}],"predecessor-version":[{"id":82818,"href":"https:\/\/nitu.mx\/index.php\/wp-json\/wp\/v2\/posts\/82815\/revisions\/82818"}],"wp:featuredmedia":[{"embeddable":true,"href":"https:\/\/nitu.mx\/index.php\/wp-json\/wp\/v2\/media\/82817"}],"wp:attachment":[{"href":"https:\/\/nitu.mx\/index.php\/wp-json\/wp\/v2\/media?parent=82815"}],"wp:term":[{"taxonomy":"category","embeddable":true,"href":"https:\/\/nitu.mx\/index.php\/wp-json\/wp\/v2\/categories?post=82815"},{"taxonomy":"post_tag","embeddable":true,"href":"https:\/\/nitu.mx\/index.php\/wp-json\/wp\/v2\/tags?post=82815"}],"curies":[{"name":"wp","href":"https:\/\/api.w.org\/{rel}","templated":true}]}}