{"id":82812,"date":"2025-08-13T22:40:46","date_gmt":"2025-08-14T04:40:46","guid":{"rendered":"https:\/\/nitu.mx\/?p=82812"},"modified":"2025-08-13T22:40:46","modified_gmt":"2025-08-14T04:40:46","slug":"viva-reporta-un-incremento-de-7-8-mas-pasajeros-en-julio-de-2025","status":"publish","type":"post","link":"https:\/\/nitu.mx\/index.php\/2025\/08\/13\/viva-reporta-un-incremento-de-7-8-mas-pasajeros-en-julio-de-2025\/","title":{"rendered":"Viva reporta un incremento de 7.8% m\u00e1s pasajeros en julio de 2025"},"content":{"rendered":"\n<p>Viva anunci\u00f3 sus resultados preliminares de tr\u00e1fico correspondientes a julio de 2025. Este mes, el tr\u00e1fico de pasajeros increment\u00f3 un 7.8% comparado con julio de 2024, alcanzando 2.7 millones de pasajeros, impulsado por un aumento del 7.7% y 9.0% en el tr\u00e1fico nacional e internacional, respectivamente.<\/p>\n\n\n\n<p>La aerol\u00ednea mexicana de bajo costo aument\u00f3 su capacidad total en asientos por milla disponibles (ASMs) en un 10.1% en comparaci\u00f3n con julio de 2024. <\/p>\n\n\n\n<p>En cuanto al desglose por mercado, Viva creci\u00f3 su capacidad en un 8.5% en el mercado nacional y en un 17.5% en el internacional. El factor de ocupaci\u00f3n alcanz\u00f3 un 88.6% en comparaci\u00f3n con el 92.0% en 2024, derivado de un factor de ocupaci\u00f3n del 89.6% y 83.8% en el mercado nacional e internacional, respectivamente.<\/p>\n\n\n\n<p>\u201cEl tr\u00e1fico de pasajeros aument\u00f3 7.8% en julio, apoyado por una demanda estable durante el periodo de verano. Los factores de ocupaci\u00f3n se mantuvieron en niveles saludables, aunque por debajo de los del a\u00f1o anterior, debido a una base de comparaci\u00f3n particularmente alta&#8221;, mencion\u00f3 Juan Carlos Zuazua, director general de Viva.<\/p>\n\n\n\n<p>Agreg\u00f3: &#8220;Mantenemos un enfoque disciplinado en el despliegue de capacidad, en un entorno de demanda que sigue reflejando un comportamiento cauteloso por parte del consumidor. El impacto relacionado con los motores Pratt &amp; Whitney persiste, aunque continuamos mitigando las afectaciones operativas en toda la red&#8221;.<\/p>\n\n\n\n<p>En el acumulado anual, la l\u00ednea a\u00e9rea inform\u00f3 que de enero a julio de 2025 ha transportado a 17 millones 56 mil pasajeros, lo que supera 10.3% lo registrado en los primeros siete meses del a\u00f1o pasado. El mayor repunte fue en el mercado internacional, con un mill\u00f3n 882 mil pasajeros, lo que representa 20.4% m\u00e1s respecto a los pasajeros de enero a julio de 2024. (<a href=\"https:\/\/nitu.mx\/index.php\/2025\/07\/24\/viva-supera-casi-11-los-pasajeros-transportados-en-el-2o-trimestre-del-ano\/\">Viva supera casi 11% los pasajeros transportados en el 2o trimestre del a\u00f1o<\/a>).<\/p>\n","protected":false},"excerpt":{"rendered":"<p>Viva anunci\u00f3 sus resultados preliminares de tr\u00e1fico correspondientes a julio de 2025. Este mes, el tr\u00e1fico de pasajeros increment\u00f3 un 7.8% comparado con julio de 2024, alcanzando 2.7 millones de pasajeros, impulsado por un aumento del 7.7% y 9.0% en el tr\u00e1fico nacional e internacional, respectivamente. La aerol\u00ednea mexicana de bajo costo aument\u00f3 su capacidad [&hellip;]<\/p>\n","protected":false},"author":17,"featured_media":57619,"comment_status":"closed","ping_status":"closed","sticky":false,"template":"","format":"standard","meta":{"footnotes":""},"categories":[29],"tags":[295,5024,2628],"yoast_head":"<!-- This site is optimized with the Yoast SEO plugin v22.2 - https:\/\/yoast.com\/wordpress\/plugins\/seo\/ -->\n<title>Viva reporta un incremento de 7.8% m\u00e1s pasajeros en julio de 2025 - Nitu - Noticias de la Industria Turistica<\/title>\n<meta name=\"robots\" content=\"index, follow, max-snippet:-1, max-image-preview:large, max-video-preview:-1\" \/>\n<link rel=\"canonical\" href=\"https:\/\/nitu.mx\/index.php\/2025\/08\/13\/viva-reporta-un-incremento-de-7-8-mas-pasajeros-en-julio-de-2025\/\" \/>\n<meta name=\"twitter:card\" content=\"summary_large_image\" \/>\n<meta name=\"twitter:title\" content=\"Viva reporta un incremento de 7.8% m\u00e1s pasajeros en julio de 2025 - Nitu - Noticias de la Industria Turistica\" \/>\n<meta name=\"twitter:description\" content=\"Viva anunci\u00f3 sus resultados preliminares de tr\u00e1fico correspondientes a julio de 2025. Este mes, el tr\u00e1fico de pasajeros increment\u00f3 un 7.8% comparado con julio de 2024, alcanzando 2.7 millones de pasajeros, impulsado por un aumento del 7.7% y 9.0% en el tr\u00e1fico nacional e internacional, respectivamente. La aerol\u00ednea mexicana de bajo costo aument\u00f3 su capacidad [&hellip;]\" \/>\n<meta name=\"twitter:image\" content=\"https:\/\/nitu.mx\/wp-content\/uploads\/2022\/01\/Viva-Aerobus-A321.jpg\" \/>\n<meta name=\"twitter:creator\" content=\"@NITUmx\" \/>\n<meta name=\"twitter:site\" content=\"@Arturo_Medina_G\" \/>\n<meta name=\"twitter:label1\" content=\"Escrito por\" \/>\n\t<meta name=\"twitter:data1\" content=\"Redacci\u00f3n\" \/>\n\t<meta name=\"twitter:label2\" content=\"Tiempo de lectura\" \/>\n\t<meta name=\"twitter:data2\" content=\"1 minuto\" \/>\n<script type=\"application\/ld+json\" class=\"yoast-schema-graph\">{\"@context\":\"https:\/\/schema.org\",\"@graph\":[{\"@type\":\"Article\",\"@id\":\"https:\/\/nitu.mx\/index.php\/2025\/08\/13\/viva-reporta-un-incremento-de-7-8-mas-pasajeros-en-julio-de-2025\/#article\",\"isPartOf\":{\"@id\":\"https:\/\/nitu.mx\/index.php\/2025\/08\/13\/viva-reporta-un-incremento-de-7-8-mas-pasajeros-en-julio-de-2025\/\"},\"author\":{\"name\":\"Redacci\u00f3n\",\"@id\":\"https:\/\/nitu.mx\/#\/schema\/person\/4a28fe9bd65924f7c90623773daf1b0b\"},\"headline\":\"Viva reporta un incremento de 7.8% m\u00e1s pasajeros en julio de 2025\",\"datePublished\":\"2025-08-14T04:40:46+00:00\",\"dateModified\":\"2025-08-14T04:40:46+00:00\",\"mainEntityOfPage\":{\"@id\":\"https:\/\/nitu.mx\/index.php\/2025\/08\/13\/viva-reporta-un-incremento-de-7-8-mas-pasajeros-en-julio-de-2025\/\"},\"wordCount\":306,\"publisher\":{\"@id\":\"https:\/\/nitu.mx\/#\/schema\/person\/ae7a53426417292d3dd07b45a33e01bc\"},\"image\":{\"@id\":\"https:\/\/nitu.mx\/index.php\/2025\/08\/13\/viva-reporta-un-incremento-de-7-8-mas-pasajeros-en-julio-de-2025\/#primaryimage\"},\"thumbnailUrl\":\"https:\/\/nitu.mx\/wp-content\/uploads\/2022\/01\/Viva-Aerobus-A321.jpg\",\"keywords\":[\"Juan Carlos Zuazua\",\"tr\u00e1fico de pasajeros\",\"Viva\"],\"articleSection\":[\"Aerol\u00edneas\"],\"inLanguage\":\"es-MX\"},{\"@type\":\"WebPage\",\"@id\":\"https:\/\/nitu.mx\/index.php\/2025\/08\/13\/viva-reporta-un-incremento-de-7-8-mas-pasajeros-en-julio-de-2025\/\",\"url\":\"https:\/\/nitu.mx\/index.php\/2025\/08\/13\/viva-reporta-un-incremento-de-7-8-mas-pasajeros-en-julio-de-2025\/\",\"name\":\"Viva reporta un incremento de 7.8% m\u00e1s pasajeros en julio de 2025 - Nitu - Noticias de la Industria Turistica\",\"isPartOf\":{\"@id\":\"https:\/\/nitu.mx\/#website\"},\"primaryImageOfPage\":{\"@id\":\"https:\/\/nitu.mx\/index.php\/2025\/08\/13\/viva-reporta-un-incremento-de-7-8-mas-pasajeros-en-julio-de-2025\/#primaryimage\"},\"image\":{\"@id\":\"https:\/\/nitu.mx\/index.php\/2025\/08\/13\/viva-reporta-un-incremento-de-7-8-mas-pasajeros-en-julio-de-2025\/#primaryimage\"},\"thumbnailUrl\":\"https:\/\/nitu.mx\/wp-content\/uploads\/2022\/01\/Viva-Aerobus-A321.jpg\",\"datePublished\":\"2025-08-14T04:40:46+00:00\",\"dateModified\":\"2025-08-14T04:40:46+00:00\",\"breadcrumb\":{\"@id\":\"https:\/\/nitu.mx\/index.php\/2025\/08\/13\/viva-reporta-un-incremento-de-7-8-mas-pasajeros-en-julio-de-2025\/#breadcrumb\"},\"inLanguage\":\"es-MX\",\"potentialAction\":[{\"@type\":\"ReadAction\",\"target\":[\"https:\/\/nitu.mx\/index.php\/2025\/08\/13\/viva-reporta-un-incremento-de-7-8-mas-pasajeros-en-julio-de-2025\/\"]}]},{\"@type\":\"ImageObject\",\"inLanguage\":\"es-MX\",\"@id\":\"https:\/\/nitu.mx\/index.php\/2025\/08\/13\/viva-reporta-un-incremento-de-7-8-mas-pasajeros-en-julio-de-2025\/#primaryimage\",\"url\":\"https:\/\/nitu.mx\/wp-content\/uploads\/2022\/01\/Viva-Aerobus-A321.jpg\",\"contentUrl\":\"https:\/\/nitu.mx\/wp-content\/uploads\/2022\/01\/Viva-Aerobus-A321.jpg\",\"width\":1200,\"height\":675,\"caption\":\"Viva Aerobus\"},{\"@type\":\"BreadcrumbList\",\"@id\":\"https:\/\/nitu.mx\/index.php\/2025\/08\/13\/viva-reporta-un-incremento-de-7-8-mas-pasajeros-en-julio-de-2025\/#breadcrumb\",\"itemListElement\":[{\"@type\":\"ListItem\",\"position\":1,\"name\":\"Inicio\",\"item\":\"https:\/\/nitu.mx\/\"},{\"@type\":\"ListItem\",\"position\":2,\"name\":\"Viva reporta un incremento de 7.8% m\u00e1s pasajeros en julio de 2025\"}]},{\"@type\":\"WebSite\",\"@id\":\"https:\/\/nitu.mx\/#website\",\"url\":\"https:\/\/nitu.mx\/\",\"name\":\"Nitu - Noticias de la Industria Turistica\",\"description\":\"Noticias de la Industria Turistica\",\"publisher\":{\"@id\":\"https:\/\/nitu.mx\/#\/schema\/person\/ae7a53426417292d3dd07b45a33e01bc\"},\"alternateName\":\"Noticias de la Industria Turistica\",\"potentialAction\":[{\"@type\":\"SearchAction\",\"target\":{\"@type\":\"EntryPoint\",\"urlTemplate\":\"https:\/\/nitu.mx\/?s={search_term_string}\"},\"query-input\":\"required name=search_term_string\"}],\"inLanguage\":\"es-MX\"},{\"@type\":[\"Person\",\"Organization\"],\"@id\":\"https:\/\/nitu.mx\/#\/schema\/person\/ae7a53426417292d3dd07b45a33e01bc\",\"name\":\"Arturo Medina\",\"image\":{\"@type\":\"ImageObject\",\"inLanguage\":\"es-MX\",\"@id\":\"https:\/\/nitu.mx\/#\/schema\/person\/image\/\",\"url\":\"https:\/\/nitu.mx\/wp-content\/uploads\/2024\/04\/4A315622-1904-4D5C-B022-878CDC840E04-90x90-1.jpeg\",\"contentUrl\":\"https:\/\/nitu.mx\/wp-content\/uploads\/2024\/04\/4A315622-1904-4D5C-B022-878CDC840E04-90x90-1.jpeg\",\"width\":90,\"height\":90,\"caption\":\"Arturo Medina\"},\"logo\":{\"@id\":\"https:\/\/nitu.mx\/#\/schema\/person\/image\/\"},\"description\":\"Director NITU.mx, Egresado de la Escuela de Periodismo Carlos Septi\u00e9n Garc\u00eda. Periodista y analista especializado en turismo desde hace 35 a\u00f1os, radicado en Canc\u00fan Q.Roo. arturo@nitu.mx\",\"sameAs\":[\"https:\/\/nitu.mx\",\"https:\/\/www.facebook.com\/NITUmx\/\",\"medinacancun\",\"https:\/\/twitter.com\/@Arturo_Medina_G\"]},{\"@type\":\"Person\",\"@id\":\"https:\/\/nitu.mx\/#\/schema\/person\/4a28fe9bd65924f7c90623773daf1b0b\",\"name\":\"Redacci\u00f3n\",\"image\":{\"@type\":\"ImageObject\",\"inLanguage\":\"es-MX\",\"@id\":\"https:\/\/nitu.mx\/#\/schema\/person\/image\/\",\"url\":\"https:\/\/secure.gravatar.com\/avatar\/5dd011c8ccfc5cd7e4c81e42252aab38?s=96&d=mm&r=g\",\"contentUrl\":\"https:\/\/secure.gravatar.com\/avatar\/5dd011c8ccfc5cd7e4c81e42252aab38?s=96&d=mm&r=g\",\"caption\":\"Redacci\u00f3n\"},\"url\":\"https:\/\/nitu.mx\/index.php\/author\/redaccion\/\"}]}<\/script>\n<!-- \/ Yoast SEO plugin. -->","yoast_head_json":{"title":"Viva reporta un incremento de 7.8% m\u00e1s pasajeros en julio de 2025 - Nitu - Noticias de la Industria Turistica","robots":{"index":"index","follow":"follow","max-snippet":"max-snippet:-1","max-image-preview":"max-image-preview:large","max-video-preview":"max-video-preview:-1"},"canonical":"https:\/\/nitu.mx\/index.php\/2025\/08\/13\/viva-reporta-un-incremento-de-7-8-mas-pasajeros-en-julio-de-2025\/","twitter_card":"summary_large_image","twitter_title":"Viva reporta un incremento de 7.8% m\u00e1s pasajeros en julio de 2025 - Nitu - Noticias de la Industria Turistica","twitter_description":"Viva anunci\u00f3 sus resultados preliminares de tr\u00e1fico correspondientes a julio de 2025. Este mes, el tr\u00e1fico de pasajeros increment\u00f3 un 7.8% comparado con julio de 2024, alcanzando 2.7 millones de pasajeros, impulsado por un aumento del 7.7% y 9.0% en el tr\u00e1fico nacional e internacional, respectivamente. La aerol\u00ednea mexicana de bajo costo aument\u00f3 su capacidad [&hellip;]","twitter_image":"https:\/\/nitu.mx\/wp-content\/uploads\/2022\/01\/Viva-Aerobus-A321.jpg","twitter_creator":"@NITUmx","twitter_site":"@Arturo_Medina_G","twitter_misc":{"Escrito por":"Redacci\u00f3n","Tiempo de lectura":"1 minuto"},"schema":{"@context":"https:\/\/schema.org","@graph":[{"@type":"Article","@id":"https:\/\/nitu.mx\/index.php\/2025\/08\/13\/viva-reporta-un-incremento-de-7-8-mas-pasajeros-en-julio-de-2025\/#article","isPartOf":{"@id":"https:\/\/nitu.mx\/index.php\/2025\/08\/13\/viva-reporta-un-incremento-de-7-8-mas-pasajeros-en-julio-de-2025\/"},"author":{"name":"Redacci\u00f3n","@id":"https:\/\/nitu.mx\/#\/schema\/person\/4a28fe9bd65924f7c90623773daf1b0b"},"headline":"Viva reporta un incremento de 7.8% m\u00e1s pasajeros en julio de 2025","datePublished":"2025-08-14T04:40:46+00:00","dateModified":"2025-08-14T04:40:46+00:00","mainEntityOfPage":{"@id":"https:\/\/nitu.mx\/index.php\/2025\/08\/13\/viva-reporta-un-incremento-de-7-8-mas-pasajeros-en-julio-de-2025\/"},"wordCount":306,"publisher":{"@id":"https:\/\/nitu.mx\/#\/schema\/person\/ae7a53426417292d3dd07b45a33e01bc"},"image":{"@id":"https:\/\/nitu.mx\/index.php\/2025\/08\/13\/viva-reporta-un-incremento-de-7-8-mas-pasajeros-en-julio-de-2025\/#primaryimage"},"thumbnailUrl":"https:\/\/nitu.mx\/wp-content\/uploads\/2022\/01\/Viva-Aerobus-A321.jpg","keywords":["Juan Carlos Zuazua","tr\u00e1fico de pasajeros","Viva"],"articleSection":["Aerol\u00edneas"],"inLanguage":"es-MX"},{"@type":"WebPage","@id":"https:\/\/nitu.mx\/index.php\/2025\/08\/13\/viva-reporta-un-incremento-de-7-8-mas-pasajeros-en-julio-de-2025\/","url":"https:\/\/nitu.mx\/index.php\/2025\/08\/13\/viva-reporta-un-incremento-de-7-8-mas-pasajeros-en-julio-de-2025\/","name":"Viva reporta un incremento de 7.8% m\u00e1s pasajeros en julio de 2025 - Nitu - Noticias de la Industria Turistica","isPartOf":{"@id":"https:\/\/nitu.mx\/#website"},"primaryImageOfPage":{"@id":"https:\/\/nitu.mx\/index.php\/2025\/08\/13\/viva-reporta-un-incremento-de-7-8-mas-pasajeros-en-julio-de-2025\/#primaryimage"},"image":{"@id":"https:\/\/nitu.mx\/index.php\/2025\/08\/13\/viva-reporta-un-incremento-de-7-8-mas-pasajeros-en-julio-de-2025\/#primaryimage"},"thumbnailUrl":"https:\/\/nitu.mx\/wp-content\/uploads\/2022\/01\/Viva-Aerobus-A321.jpg","datePublished":"2025-08-14T04:40:46+00:00","dateModified":"2025-08-14T04:40:46+00:00","breadcrumb":{"@id":"https:\/\/nitu.mx\/index.php\/2025\/08\/13\/viva-reporta-un-incremento-de-7-8-mas-pasajeros-en-julio-de-2025\/#breadcrumb"},"inLanguage":"es-MX","potentialAction":[{"@type":"ReadAction","target":["https:\/\/nitu.mx\/index.php\/2025\/08\/13\/viva-reporta-un-incremento-de-7-8-mas-pasajeros-en-julio-de-2025\/"]}]},{"@type":"ImageObject","inLanguage":"es-MX","@id":"https:\/\/nitu.mx\/index.php\/2025\/08\/13\/viva-reporta-un-incremento-de-7-8-mas-pasajeros-en-julio-de-2025\/#primaryimage","url":"https:\/\/nitu.mx\/wp-content\/uploads\/2022\/01\/Viva-Aerobus-A321.jpg","contentUrl":"https:\/\/nitu.mx\/wp-content\/uploads\/2022\/01\/Viva-Aerobus-A321.jpg","width":1200,"height":675,"caption":"Viva Aerobus"},{"@type":"BreadcrumbList","@id":"https:\/\/nitu.mx\/index.php\/2025\/08\/13\/viva-reporta-un-incremento-de-7-8-mas-pasajeros-en-julio-de-2025\/#breadcrumb","itemListElement":[{"@type":"ListItem","position":1,"name":"Inicio","item":"https:\/\/nitu.mx\/"},{"@type":"ListItem","position":2,"name":"Viva reporta un incremento de 7.8% m\u00e1s pasajeros en julio de 2025"}]},{"@type":"WebSite","@id":"https:\/\/nitu.mx\/#website","url":"https:\/\/nitu.mx\/","name":"Nitu - Noticias de la Industria Turistica","description":"Noticias de la Industria Turistica","publisher":{"@id":"https:\/\/nitu.mx\/#\/schema\/person\/ae7a53426417292d3dd07b45a33e01bc"},"alternateName":"Noticias de la Industria Turistica","potentialAction":[{"@type":"SearchAction","target":{"@type":"EntryPoint","urlTemplate":"https:\/\/nitu.mx\/?s={search_term_string}"},"query-input":"required name=search_term_string"}],"inLanguage":"es-MX"},{"@type":["Person","Organization"],"@id":"https:\/\/nitu.mx\/#\/schema\/person\/ae7a53426417292d3dd07b45a33e01bc","name":"Arturo Medina","image":{"@type":"ImageObject","inLanguage":"es-MX","@id":"https:\/\/nitu.mx\/#\/schema\/person\/image\/","url":"https:\/\/nitu.mx\/wp-content\/uploads\/2024\/04\/4A315622-1904-4D5C-B022-878CDC840E04-90x90-1.jpeg","contentUrl":"https:\/\/nitu.mx\/wp-content\/uploads\/2024\/04\/4A315622-1904-4D5C-B022-878CDC840E04-90x90-1.jpeg","width":90,"height":90,"caption":"Arturo Medina"},"logo":{"@id":"https:\/\/nitu.mx\/#\/schema\/person\/image\/"},"description":"Director NITU.mx, Egresado de la Escuela de Periodismo Carlos Septi\u00e9n Garc\u00eda. Periodista y analista especializado en turismo desde hace 35 a\u00f1os, radicado en Canc\u00fan Q.Roo. arturo@nitu.mx","sameAs":["https:\/\/nitu.mx","https:\/\/www.facebook.com\/NITUmx\/","medinacancun","https:\/\/twitter.com\/@Arturo_Medina_G"]},{"@type":"Person","@id":"https:\/\/nitu.mx\/#\/schema\/person\/4a28fe9bd65924f7c90623773daf1b0b","name":"Redacci\u00f3n","image":{"@type":"ImageObject","inLanguage":"es-MX","@id":"https:\/\/nitu.mx\/#\/schema\/person\/image\/","url":"https:\/\/secure.gravatar.com\/avatar\/5dd011c8ccfc5cd7e4c81e42252aab38?s=96&d=mm&r=g","contentUrl":"https:\/\/secure.gravatar.com\/avatar\/5dd011c8ccfc5cd7e4c81e42252aab38?s=96&d=mm&r=g","caption":"Redacci\u00f3n"},"url":"https:\/\/nitu.mx\/index.php\/author\/redaccion\/"}]}},"views":501,"_links":{"self":[{"href":"https:\/\/nitu.mx\/index.php\/wp-json\/wp\/v2\/posts\/82812"}],"collection":[{"href":"https:\/\/nitu.mx\/index.php\/wp-json\/wp\/v2\/posts"}],"about":[{"href":"https:\/\/nitu.mx\/index.php\/wp-json\/wp\/v2\/types\/post"}],"author":[{"embeddable":true,"href":"https:\/\/nitu.mx\/index.php\/wp-json\/wp\/v2\/users\/17"}],"replies":[{"embeddable":true,"href":"https:\/\/nitu.mx\/index.php\/wp-json\/wp\/v2\/comments?post=82812"}],"version-history":[{"count":1,"href":"https:\/\/nitu.mx\/index.php\/wp-json\/wp\/v2\/posts\/82812\/revisions"}],"predecessor-version":[{"id":82814,"href":"https:\/\/nitu.mx\/index.php\/wp-json\/wp\/v2\/posts\/82812\/revisions\/82814"}],"wp:featuredmedia":[{"embeddable":true,"href":"https:\/\/nitu.mx\/index.php\/wp-json\/wp\/v2\/media\/57619"}],"wp:attachment":[{"href":"https:\/\/nitu.mx\/index.php\/wp-json\/wp\/v2\/media?parent=82812"}],"wp:term":[{"taxonomy":"category","embeddable":true,"href":"https:\/\/nitu.mx\/index.php\/wp-json\/wp\/v2\/categories?post=82812"},{"taxonomy":"post_tag","embeddable":true,"href":"https:\/\/nitu.mx\/index.php\/wp-json\/wp\/v2\/tags?post=82812"}],"curies":[{"name":"wp","href":"https:\/\/api.w.org\/{rel}","templated":true}]}}