{"id":82809,"date":"2025-08-13T22:22:47","date_gmt":"2025-08-14T04:22:47","guid":{"rendered":"https:\/\/nitu.mx\/?p=82809"},"modified":"2025-08-13T22:22:49","modified_gmt":"2025-08-14T04:22:49","slug":"norte-19-va-por-su-expansion-en-centro-y-sudamerica-con-9-hoteles-a-su-portafolio","status":"publish","type":"post","link":"https:\/\/nitu.mx\/index.php\/2025\/08\/13\/norte-19-va-por-su-expansion-en-centro-y-sudamerica-con-9-hoteles-a-su-portafolio\/","title":{"rendered":"Norte 19 va por su expansi\u00f3n en Centro y Sudam\u00e9rica con 9 hoteles a su portafolio"},"content":{"rendered":"\n<p>Durante el segundo trimestre de 2025, Norte 19 inici\u00f3 una nueva etapa con enfoque de rentabilidad, llevando sus esfuerzos en su actividad central: administrar, operar y desarrollar hoteles. <\/p>\n\n\n\n<p>La empresa mexicana, que ofrece soluciones integrales para la industria hotelera, resalt\u00f3 que su posici\u00f3n financiera y resultados operativos van en ascenso. Las negociaciones para cerrar nueve contratos nuevos de gesti\u00f3n con terceros para propiedades en Chile, Per\u00fa y El Salvador est\u00e1n en v\u00edas de concretarse. <\/p>\n\n\n\n<p>Para Norte 19 estas incorporaciones se alinean con la estrategia de crecimiento con bajos activos, lo que le permite a la empresa continuar con su expansi\u00f3n regional sin invertir capital.<\/p>\n\n\n\n<p>Norte 19 concluy\u00f3 el refinanciamiento de su cr\u00e9dito sindicado por 2,928 millones de pesos, mejorando su liquidez y flexibilidad para dar soporte al negocio en esta nueva etapa. <\/p>\n\n\n\n<p>Su enfoque se alinea a la desinversi\u00f3n de activos no estrat\u00e9gicos o de bajo desempe\u00f1o, para enfocarse en los de mayor potencial, respaldando los esfuerzos de desapalancamiento\u00a0 para reducirlo por debajo de 3.0 veces deuda neta a EBITDA y mejorar su liquidez.<\/p>\n\n\n\n<p>En t\u00e9rminos de estrategia comercial, la compa\u00f1\u00eda contin\u00faa maximizando su alianza con Marriott Internacional aprovechando su red de distribuci\u00f3n para reducir los costos a trav\u00e9s de sus canales que, adem\u00e1s, han incrementado el n\u00famero de hu\u00e9spedes extranjeros en un 40%. Se espera una demanda cada vez m\u00e1s importante a trav\u00e9s de la plataforma Marriott Bonvoy, gracias a sus campa\u00f1as de marketing global.<\/p>\n\n\n\n<p>La empresa se enfocar\u00e1 en su principal fortaleza, la operaci\u00f3n de hoteles y seguir\u00e1 consolidando sus servicios de alimentos y bebidas que al cierre del a\u00f1o 2024 generaron ingresos por 255 millones de pesos. Actualmente Norte 19 opera m\u00e1s de 150 hoteles y 17,000 habitaciones y durante los siguientes meses optimizar\u00e1 sus procesos y recursos para proteger m\u00e1rgenes operativos, sin sacrificar calidad.<\/p>\n\n\n\n<p>El adelgazamiento laboral y la cancelaci\u00f3n del desarrollo y operaci\u00f3n de la unidad de tecnolog\u00eda son parte de un plan estrat\u00e9gico que implementaron para redirigir recursos a lo que genera valor directo. Estas acciones generar\u00e1n ahorros anuales por m\u00e1s de 200 millones de pesos en la operaci\u00f3n de la empresa.<\/p>\n\n\n\n<p>La prioridad de Norte 19 es la eficiencia operativa y la rentabilidad sostenible por encima del crecimiento acelerado. Las decisiones adoptadas recientemente por la compa\u00f1\u00eda, como el nombramiento de Eduardo Ymay Seeman como CEO y director general, han sido claves para establecer esta nueva direcci\u00f3n. (<a href=\"https:\/\/nitu.mx\/index.php\/2025\/06\/18\/norte-19-nombra-a-eduardo-ymay-como-su-nuevo-ceo\/\">Norte 19 nombra a Eduardo Ymay como su nuevo CEO<\/a>).<\/p>\n\n\n\n<p>A pesar de los desaf\u00edos del entorno, la compa\u00f1\u00eda continuar\u00e1 con la construcci\u00f3n de un futuro crecimiento sostenible y de alto valor para sus inversionistas. Actualmente tiene en su portafolio las marcas City Centro by Marriott, City Express Suites by Marriott, City Express Plus by Marriott, City Express by Marriott, City Express Junior by Marriott y HS HOTSSON.<br>Ma<\/p>\n","protected":false},"excerpt":{"rendered":"<p>Durante el segundo trimestre de 2025, Norte 19 inici\u00f3 una nueva etapa con enfoque de rentabilidad, llevando sus esfuerzos en su actividad central: administrar, operar y desarrollar hoteles. La empresa mexicana, que ofrece soluciones integrales para la industria hotelera, resalt\u00f3 que su posici\u00f3n financiera y resultados operativos van en ascenso. Las negociaciones para cerrar nueve [&hellip;]<\/p>\n","protected":false},"author":17,"featured_media":51673,"comment_status":"closed","ping_status":"closed","sticky":false,"template":"","format":"standard","meta":{"footnotes":""},"categories":[2],"tags":[1756,3684,4830,25071],"yoast_head":"<!-- This site is optimized with the Yoast SEO plugin v22.2 - https:\/\/yoast.com\/wordpress\/plugins\/seo\/ -->\n<title>Norte 19 va por su expansi\u00f3n en Centro y Sudam\u00e9rica con 9 hoteles a su portafolio - Nitu - Noticias de la Industria Turistica<\/title>\n<meta name=\"robots\" content=\"index, follow, max-snippet:-1, max-image-preview:large, max-video-preview:-1\" \/>\n<link rel=\"canonical\" href=\"https:\/\/nitu.mx\/index.php\/2025\/08\/13\/norte-19-va-por-su-expansion-en-centro-y-sudamerica-con-9-hoteles-a-su-portafolio\/\" \/>\n<meta name=\"twitter:card\" content=\"summary_large_image\" \/>\n<meta name=\"twitter:title\" content=\"Norte 19 va por su expansi\u00f3n en Centro y Sudam\u00e9rica con 9 hoteles a su portafolio - Nitu - Noticias de la Industria Turistica\" \/>\n<meta name=\"twitter:description\" content=\"Durante el segundo trimestre de 2025, Norte 19 inici\u00f3 una nueva etapa con enfoque de rentabilidad, llevando sus esfuerzos en su actividad central: administrar, operar y desarrollar hoteles. La empresa mexicana, que ofrece soluciones integrales para la industria hotelera, resalt\u00f3 que su posici\u00f3n financiera y resultados operativos van en ascenso. Las negociaciones para cerrar nueve [&hellip;]\" \/>\n<meta name=\"twitter:image\" content=\"https:\/\/nitu.mx\/wp-content\/uploads\/2021\/04\/City-Express.jpg\" \/>\n<meta name=\"twitter:creator\" content=\"@NITUmx\" \/>\n<meta name=\"twitter:site\" content=\"@Arturo_Medina_G\" \/>\n<meta name=\"twitter:label1\" content=\"Escrito por\" \/>\n\t<meta name=\"twitter:data1\" content=\"Redacci\u00f3n\" \/>\n\t<meta name=\"twitter:label2\" content=\"Tiempo de lectura\" \/>\n\t<meta name=\"twitter:data2\" content=\"2 minutos\" \/>\n<script type=\"application\/ld+json\" class=\"yoast-schema-graph\">{\"@context\":\"https:\/\/schema.org\",\"@graph\":[{\"@type\":\"Article\",\"@id\":\"https:\/\/nitu.mx\/index.php\/2025\/08\/13\/norte-19-va-por-su-expansion-en-centro-y-sudamerica-con-9-hoteles-a-su-portafolio\/#article\",\"isPartOf\":{\"@id\":\"https:\/\/nitu.mx\/index.php\/2025\/08\/13\/norte-19-va-por-su-expansion-en-centro-y-sudamerica-con-9-hoteles-a-su-portafolio\/\"},\"author\":{\"name\":\"Redacci\u00f3n\",\"@id\":\"https:\/\/nitu.mx\/#\/schema\/person\/4a28fe9bd65924f7c90623773daf1b0b\"},\"headline\":\"Norte 19 va por su expansi\u00f3n en Centro y Sudam\u00e9rica con 9 hoteles a su portafolio\",\"datePublished\":\"2025-08-14T04:22:47+00:00\",\"dateModified\":\"2025-08-14T04:22:49+00:00\",\"mainEntityOfPage\":{\"@id\":\"https:\/\/nitu.mx\/index.php\/2025\/08\/13\/norte-19-va-por-su-expansion-en-centro-y-sudamerica-con-9-hoteles-a-su-portafolio\/\"},\"wordCount\":499,\"publisher\":{\"@id\":\"https:\/\/nitu.mx\/#\/schema\/person\/ae7a53426417292d3dd07b45a33e01bc\"},\"image\":{\"@id\":\"https:\/\/nitu.mx\/index.php\/2025\/08\/13\/norte-19-va-por-su-expansion-en-centro-y-sudamerica-con-9-hoteles-a-su-portafolio\/#primaryimage\"},\"thumbnailUrl\":\"https:\/\/nitu.mx\/wp-content\/uploads\/2021\/04\/City-Express.jpg\",\"keywords\":[\"City Express\",\"Eduardo Ymay\",\"Marriott Internacional\",\"Norte 19\"],\"articleSection\":[\"Hoteles\"],\"inLanguage\":\"es-MX\"},{\"@type\":\"WebPage\",\"@id\":\"https:\/\/nitu.mx\/index.php\/2025\/08\/13\/norte-19-va-por-su-expansion-en-centro-y-sudamerica-con-9-hoteles-a-su-portafolio\/\",\"url\":\"https:\/\/nitu.mx\/index.php\/2025\/08\/13\/norte-19-va-por-su-expansion-en-centro-y-sudamerica-con-9-hoteles-a-su-portafolio\/\",\"name\":\"Norte 19 va por su expansi\u00f3n en Centro y Sudam\u00e9rica con 9 hoteles a su portafolio - Nitu - Noticias de la Industria Turistica\",\"isPartOf\":{\"@id\":\"https:\/\/nitu.mx\/#website\"},\"primaryImageOfPage\":{\"@id\":\"https:\/\/nitu.mx\/index.php\/2025\/08\/13\/norte-19-va-por-su-expansion-en-centro-y-sudamerica-con-9-hoteles-a-su-portafolio\/#primaryimage\"},\"image\":{\"@id\":\"https:\/\/nitu.mx\/index.php\/2025\/08\/13\/norte-19-va-por-su-expansion-en-centro-y-sudamerica-con-9-hoteles-a-su-portafolio\/#primaryimage\"},\"thumbnailUrl\":\"https:\/\/nitu.mx\/wp-content\/uploads\/2021\/04\/City-Express.jpg\",\"datePublished\":\"2025-08-14T04:22:47+00:00\",\"dateModified\":\"2025-08-14T04:22:49+00:00\",\"breadcrumb\":{\"@id\":\"https:\/\/nitu.mx\/index.php\/2025\/08\/13\/norte-19-va-por-su-expansion-en-centro-y-sudamerica-con-9-hoteles-a-su-portafolio\/#breadcrumb\"},\"inLanguage\":\"es-MX\",\"potentialAction\":[{\"@type\":\"ReadAction\",\"target\":[\"https:\/\/nitu.mx\/index.php\/2025\/08\/13\/norte-19-va-por-su-expansion-en-centro-y-sudamerica-con-9-hoteles-a-su-portafolio\/\"]}]},{\"@type\":\"ImageObject\",\"inLanguage\":\"es-MX\",\"@id\":\"https:\/\/nitu.mx\/index.php\/2025\/08\/13\/norte-19-va-por-su-expansion-en-centro-y-sudamerica-con-9-hoteles-a-su-portafolio\/#primaryimage\",\"url\":\"https:\/\/nitu.mx\/wp-content\/uploads\/2021\/04\/City-Express.jpg\",\"contentUrl\":\"https:\/\/nitu.mx\/wp-content\/uploads\/2021\/04\/City-Express.jpg\",\"width\":1200,\"height\":675,\"caption\":\"AFEET\"},{\"@type\":\"BreadcrumbList\",\"@id\":\"https:\/\/nitu.mx\/index.php\/2025\/08\/13\/norte-19-va-por-su-expansion-en-centro-y-sudamerica-con-9-hoteles-a-su-portafolio\/#breadcrumb\",\"itemListElement\":[{\"@type\":\"ListItem\",\"position\":1,\"name\":\"Inicio\",\"item\":\"https:\/\/nitu.mx\/\"},{\"@type\":\"ListItem\",\"position\":2,\"name\":\"Norte 19 va por su expansi\u00f3n en Centro y Sudam\u00e9rica con 9 hoteles a su portafolio\"}]},{\"@type\":\"WebSite\",\"@id\":\"https:\/\/nitu.mx\/#website\",\"url\":\"https:\/\/nitu.mx\/\",\"name\":\"Nitu - Noticias de la Industria Turistica\",\"description\":\"Noticias de la Industria Turistica\",\"publisher\":{\"@id\":\"https:\/\/nitu.mx\/#\/schema\/person\/ae7a53426417292d3dd07b45a33e01bc\"},\"alternateName\":\"Noticias de la Industria Turistica\",\"potentialAction\":[{\"@type\":\"SearchAction\",\"target\":{\"@type\":\"EntryPoint\",\"urlTemplate\":\"https:\/\/nitu.mx\/?s={search_term_string}\"},\"query-input\":\"required name=search_term_string\"}],\"inLanguage\":\"es-MX\"},{\"@type\":[\"Person\",\"Organization\"],\"@id\":\"https:\/\/nitu.mx\/#\/schema\/person\/ae7a53426417292d3dd07b45a33e01bc\",\"name\":\"Arturo Medina\",\"image\":{\"@type\":\"ImageObject\",\"inLanguage\":\"es-MX\",\"@id\":\"https:\/\/nitu.mx\/#\/schema\/person\/image\/\",\"url\":\"https:\/\/nitu.mx\/wp-content\/uploads\/2024\/04\/4A315622-1904-4D5C-B022-878CDC840E04-90x90-1.jpeg\",\"contentUrl\":\"https:\/\/nitu.mx\/wp-content\/uploads\/2024\/04\/4A315622-1904-4D5C-B022-878CDC840E04-90x90-1.jpeg\",\"width\":90,\"height\":90,\"caption\":\"Arturo Medina\"},\"logo\":{\"@id\":\"https:\/\/nitu.mx\/#\/schema\/person\/image\/\"},\"description\":\"Director NITU.mx, Egresado de la Escuela de Periodismo Carlos Septi\u00e9n Garc\u00eda. Periodista y analista especializado en turismo desde hace 35 a\u00f1os, radicado en Canc\u00fan Q.Roo. arturo@nitu.mx\",\"sameAs\":[\"https:\/\/nitu.mx\",\"https:\/\/www.facebook.com\/NITUmx\/\",\"medinacancun\",\"https:\/\/twitter.com\/@Arturo_Medina_G\"]},{\"@type\":\"Person\",\"@id\":\"https:\/\/nitu.mx\/#\/schema\/person\/4a28fe9bd65924f7c90623773daf1b0b\",\"name\":\"Redacci\u00f3n\",\"image\":{\"@type\":\"ImageObject\",\"inLanguage\":\"es-MX\",\"@id\":\"https:\/\/nitu.mx\/#\/schema\/person\/image\/\",\"url\":\"https:\/\/secure.gravatar.com\/avatar\/5dd011c8ccfc5cd7e4c81e42252aab38?s=96&d=mm&r=g\",\"contentUrl\":\"https:\/\/secure.gravatar.com\/avatar\/5dd011c8ccfc5cd7e4c81e42252aab38?s=96&d=mm&r=g\",\"caption\":\"Redacci\u00f3n\"},\"url\":\"https:\/\/nitu.mx\/index.php\/author\/redaccion\/\"}]}<\/script>\n<!-- \/ Yoast SEO plugin. -->","yoast_head_json":{"title":"Norte 19 va por su expansi\u00f3n en Centro y Sudam\u00e9rica con 9 hoteles a su portafolio - Nitu - Noticias de la Industria Turistica","robots":{"index":"index","follow":"follow","max-snippet":"max-snippet:-1","max-image-preview":"max-image-preview:large","max-video-preview":"max-video-preview:-1"},"canonical":"https:\/\/nitu.mx\/index.php\/2025\/08\/13\/norte-19-va-por-su-expansion-en-centro-y-sudamerica-con-9-hoteles-a-su-portafolio\/","twitter_card":"summary_large_image","twitter_title":"Norte 19 va por su expansi\u00f3n en Centro y Sudam\u00e9rica con 9 hoteles a su portafolio - Nitu - Noticias de la Industria Turistica","twitter_description":"Durante el segundo trimestre de 2025, Norte 19 inici\u00f3 una nueva etapa con enfoque de rentabilidad, llevando sus esfuerzos en su actividad central: administrar, operar y desarrollar hoteles. La empresa mexicana, que ofrece soluciones integrales para la industria hotelera, resalt\u00f3 que su posici\u00f3n financiera y resultados operativos van en ascenso. Las negociaciones para cerrar nueve [&hellip;]","twitter_image":"https:\/\/nitu.mx\/wp-content\/uploads\/2021\/04\/City-Express.jpg","twitter_creator":"@NITUmx","twitter_site":"@Arturo_Medina_G","twitter_misc":{"Escrito por":"Redacci\u00f3n","Tiempo de lectura":"2 minutos"},"schema":{"@context":"https:\/\/schema.org","@graph":[{"@type":"Article","@id":"https:\/\/nitu.mx\/index.php\/2025\/08\/13\/norte-19-va-por-su-expansion-en-centro-y-sudamerica-con-9-hoteles-a-su-portafolio\/#article","isPartOf":{"@id":"https:\/\/nitu.mx\/index.php\/2025\/08\/13\/norte-19-va-por-su-expansion-en-centro-y-sudamerica-con-9-hoteles-a-su-portafolio\/"},"author":{"name":"Redacci\u00f3n","@id":"https:\/\/nitu.mx\/#\/schema\/person\/4a28fe9bd65924f7c90623773daf1b0b"},"headline":"Norte 19 va por su expansi\u00f3n en Centro y Sudam\u00e9rica con 9 hoteles a su portafolio","datePublished":"2025-08-14T04:22:47+00:00","dateModified":"2025-08-14T04:22:49+00:00","mainEntityOfPage":{"@id":"https:\/\/nitu.mx\/index.php\/2025\/08\/13\/norte-19-va-por-su-expansion-en-centro-y-sudamerica-con-9-hoteles-a-su-portafolio\/"},"wordCount":499,"publisher":{"@id":"https:\/\/nitu.mx\/#\/schema\/person\/ae7a53426417292d3dd07b45a33e01bc"},"image":{"@id":"https:\/\/nitu.mx\/index.php\/2025\/08\/13\/norte-19-va-por-su-expansion-en-centro-y-sudamerica-con-9-hoteles-a-su-portafolio\/#primaryimage"},"thumbnailUrl":"https:\/\/nitu.mx\/wp-content\/uploads\/2021\/04\/City-Express.jpg","keywords":["City Express","Eduardo Ymay","Marriott Internacional","Norte 19"],"articleSection":["Hoteles"],"inLanguage":"es-MX"},{"@type":"WebPage","@id":"https:\/\/nitu.mx\/index.php\/2025\/08\/13\/norte-19-va-por-su-expansion-en-centro-y-sudamerica-con-9-hoteles-a-su-portafolio\/","url":"https:\/\/nitu.mx\/index.php\/2025\/08\/13\/norte-19-va-por-su-expansion-en-centro-y-sudamerica-con-9-hoteles-a-su-portafolio\/","name":"Norte 19 va por su expansi\u00f3n en Centro y Sudam\u00e9rica con 9 hoteles a su portafolio - Nitu - Noticias de la Industria Turistica","isPartOf":{"@id":"https:\/\/nitu.mx\/#website"},"primaryImageOfPage":{"@id":"https:\/\/nitu.mx\/index.php\/2025\/08\/13\/norte-19-va-por-su-expansion-en-centro-y-sudamerica-con-9-hoteles-a-su-portafolio\/#primaryimage"},"image":{"@id":"https:\/\/nitu.mx\/index.php\/2025\/08\/13\/norte-19-va-por-su-expansion-en-centro-y-sudamerica-con-9-hoteles-a-su-portafolio\/#primaryimage"},"thumbnailUrl":"https:\/\/nitu.mx\/wp-content\/uploads\/2021\/04\/City-Express.jpg","datePublished":"2025-08-14T04:22:47+00:00","dateModified":"2025-08-14T04:22:49+00:00","breadcrumb":{"@id":"https:\/\/nitu.mx\/index.php\/2025\/08\/13\/norte-19-va-por-su-expansion-en-centro-y-sudamerica-con-9-hoteles-a-su-portafolio\/#breadcrumb"},"inLanguage":"es-MX","potentialAction":[{"@type":"ReadAction","target":["https:\/\/nitu.mx\/index.php\/2025\/08\/13\/norte-19-va-por-su-expansion-en-centro-y-sudamerica-con-9-hoteles-a-su-portafolio\/"]}]},{"@type":"ImageObject","inLanguage":"es-MX","@id":"https:\/\/nitu.mx\/index.php\/2025\/08\/13\/norte-19-va-por-su-expansion-en-centro-y-sudamerica-con-9-hoteles-a-su-portafolio\/#primaryimage","url":"https:\/\/nitu.mx\/wp-content\/uploads\/2021\/04\/City-Express.jpg","contentUrl":"https:\/\/nitu.mx\/wp-content\/uploads\/2021\/04\/City-Express.jpg","width":1200,"height":675,"caption":"AFEET"},{"@type":"BreadcrumbList","@id":"https:\/\/nitu.mx\/index.php\/2025\/08\/13\/norte-19-va-por-su-expansion-en-centro-y-sudamerica-con-9-hoteles-a-su-portafolio\/#breadcrumb","itemListElement":[{"@type":"ListItem","position":1,"name":"Inicio","item":"https:\/\/nitu.mx\/"},{"@type":"ListItem","position":2,"name":"Norte 19 va por su expansi\u00f3n en Centro y Sudam\u00e9rica con 9 hoteles a su portafolio"}]},{"@type":"WebSite","@id":"https:\/\/nitu.mx\/#website","url":"https:\/\/nitu.mx\/","name":"Nitu - Noticias de la Industria Turistica","description":"Noticias de la Industria Turistica","publisher":{"@id":"https:\/\/nitu.mx\/#\/schema\/person\/ae7a53426417292d3dd07b45a33e01bc"},"alternateName":"Noticias de la Industria Turistica","potentialAction":[{"@type":"SearchAction","target":{"@type":"EntryPoint","urlTemplate":"https:\/\/nitu.mx\/?s={search_term_string}"},"query-input":"required name=search_term_string"}],"inLanguage":"es-MX"},{"@type":["Person","Organization"],"@id":"https:\/\/nitu.mx\/#\/schema\/person\/ae7a53426417292d3dd07b45a33e01bc","name":"Arturo Medina","image":{"@type":"ImageObject","inLanguage":"es-MX","@id":"https:\/\/nitu.mx\/#\/schema\/person\/image\/","url":"https:\/\/nitu.mx\/wp-content\/uploads\/2024\/04\/4A315622-1904-4D5C-B022-878CDC840E04-90x90-1.jpeg","contentUrl":"https:\/\/nitu.mx\/wp-content\/uploads\/2024\/04\/4A315622-1904-4D5C-B022-878CDC840E04-90x90-1.jpeg","width":90,"height":90,"caption":"Arturo Medina"},"logo":{"@id":"https:\/\/nitu.mx\/#\/schema\/person\/image\/"},"description":"Director NITU.mx, Egresado de la Escuela de Periodismo Carlos Septi\u00e9n Garc\u00eda. Periodista y analista especializado en turismo desde hace 35 a\u00f1os, radicado en Canc\u00fan Q.Roo. arturo@nitu.mx","sameAs":["https:\/\/nitu.mx","https:\/\/www.facebook.com\/NITUmx\/","medinacancun","https:\/\/twitter.com\/@Arturo_Medina_G"]},{"@type":"Person","@id":"https:\/\/nitu.mx\/#\/schema\/person\/4a28fe9bd65924f7c90623773daf1b0b","name":"Redacci\u00f3n","image":{"@type":"ImageObject","inLanguage":"es-MX","@id":"https:\/\/nitu.mx\/#\/schema\/person\/image\/","url":"https:\/\/secure.gravatar.com\/avatar\/5dd011c8ccfc5cd7e4c81e42252aab38?s=96&d=mm&r=g","contentUrl":"https:\/\/secure.gravatar.com\/avatar\/5dd011c8ccfc5cd7e4c81e42252aab38?s=96&d=mm&r=g","caption":"Redacci\u00f3n"},"url":"https:\/\/nitu.mx\/index.php\/author\/redaccion\/"}]}},"views":931,"_links":{"self":[{"href":"https:\/\/nitu.mx\/index.php\/wp-json\/wp\/v2\/posts\/82809"}],"collection":[{"href":"https:\/\/nitu.mx\/index.php\/wp-json\/wp\/v2\/posts"}],"about":[{"href":"https:\/\/nitu.mx\/index.php\/wp-json\/wp\/v2\/types\/post"}],"author":[{"embeddable":true,"href":"https:\/\/nitu.mx\/index.php\/wp-json\/wp\/v2\/users\/17"}],"replies":[{"embeddable":true,"href":"https:\/\/nitu.mx\/index.php\/wp-json\/wp\/v2\/comments?post=82809"}],"version-history":[{"count":1,"href":"https:\/\/nitu.mx\/index.php\/wp-json\/wp\/v2\/posts\/82809\/revisions"}],"predecessor-version":[{"id":82811,"href":"https:\/\/nitu.mx\/index.php\/wp-json\/wp\/v2\/posts\/82809\/revisions\/82811"}],"wp:featuredmedia":[{"embeddable":true,"href":"https:\/\/nitu.mx\/index.php\/wp-json\/wp\/v2\/media\/51673"}],"wp:attachment":[{"href":"https:\/\/nitu.mx\/index.php\/wp-json\/wp\/v2\/media?parent=82809"}],"wp:term":[{"taxonomy":"category","embeddable":true,"href":"https:\/\/nitu.mx\/index.php\/wp-json\/wp\/v2\/categories?post=82809"},{"taxonomy":"post_tag","embeddable":true,"href":"https:\/\/nitu.mx\/index.php\/wp-json\/wp\/v2\/tags?post=82809"}],"curies":[{"name":"wp","href":"https:\/\/api.w.org\/{rel}","templated":true}]}}