{"id":82804,"date":"2025-08-13T22:05:15","date_gmt":"2025-08-14T04:05:15","guid":{"rendered":"https:\/\/nitu.mx\/?p=82804"},"modified":"2025-08-13T22:05:15","modified_gmt":"2025-08-14T04:05:15","slug":"angeles-verdes-auxilian-a-mas-de-60-mil-turistas-estas-vacaciones-de-verano","status":"publish","type":"post","link":"https:\/\/nitu.mx\/index.php\/2025\/08\/13\/angeles-verdes-auxilian-a-mas-de-60-mil-turistas-estas-vacaciones-de-verano\/","title":{"rendered":"\u00c1ngeles Verdes auxilian a m\u00e1s de 60 mil turistas estas vacaciones de verano"},"content":{"rendered":"\n<p>La secretaria de Turismo federal, Josefina Rodr\u00edguez Zamora, inform\u00f3 que la Direcci\u00f3n General de Servicios al Turista, \u00c1ngeles Verdes,  ha atendido a 60 mil 500 turistas con asistencia mec\u00e1nica, orientaci\u00f3n e informaci\u00f3n tur\u00edstica de manera gratuita durante el periodo vacacional de verano 2025.<\/p>\n\n\n\n<p>La titular de la Secretar\u00eda de Turismo (Sectur) precis\u00f3 que 49 mil 470 turistas fueron atendidos en carretera; 6 mil 587 a trav\u00e9s del n\u00famero de emergencia 078 y de la aplicaci\u00f3n m\u00f3vil; as\u00ed como 4 mil 443 en el M\u00f3dulo de Informaci\u00f3n Tur\u00edstica ubicado en el Aeropuerto Internacional Felipe \u00c1ngeles (AIFA).<\/p>\n\n\n\n<p>Expuso que el 76.8 por ciento de los servicios otorgados correspondi\u00f3 a asistencia mec\u00e1nica; el 18.5 por ciento a informaci\u00f3n tur\u00edstica; y el 4.8 por ciento a asistencia al turista, apoyo en accidentes, traslados y atenci\u00f3n en emergencias.<\/p>\n\n\n\n<p>A\u00f1adi\u00f3 que los tipos de asistencia m\u00e1s solicitados fueron: 18.8 por ciento por problemas de neum\u00e1tico; 16.8 por ciento por fallas en el motor; 12.5 por ciento por sobrecalentamiento o fallas en el sistema de refrigeraci\u00f3n; 9.8 por ciento por solicitudes de informaci\u00f3n de sitios tur\u00edsticos; y 9.7 por ciento por problemas en el sistema el\u00e9ctrico.<\/p>\n\n\n\n<p>Destac\u00f3 que los servicios est\u00e1n disponibles los 365 d\u00edas del a\u00f1o, con cobertura nacional, y pueden solicitarse marcando el n\u00famero gratuito 078 o mediante la aplicaci\u00f3n m\u00f3vil \u00c1ngeles Verdes, disponible para dispositivos Android y iOS.<\/p>\n\n\n\n<p>Record\u00f3 que, para el presente periodo vacacional, fueron desplegados 723 elementos operativos y m\u00e1s de 300 unidades vehiculares para orientar, auxiliar y acompa\u00f1ar a las y los turistas en m\u00e1s de 37 mil kil\u00f3metros de carreteras.<\/p>\n\n\n\n<p>Rodr\u00edguez Zamora invit\u00f3 a todas y todos los turistas que viajan por las carreteras de M\u00e9xico a disfrutar de las vacaciones con responsabilidad y confianza en el acompa\u00f1amiento que ofrecen los \u00c1ngeles Verdes. Asimismo, emiti\u00f3 las siguientes recomendaciones:<\/p>\n\n\n\n<ol>\n<li>Planear la ruta desde el origen hasta el destino, identificando gasolineras, estaciones de servicio y paraderos seguros en el camino.<\/li>\n\n\n\n<li>Revisar los niveles de combustible, aceite, anticongelante, l\u00edquido de frenos y limpiaparabrisas, as\u00ed como la presi\u00f3n de las llantas, incluida la de refacci\u00f3n.<\/li>\n\n\n\n<li>Llevar una caja o kit de herramientas b\u00e1sicas y elementos de se\u00f1alizaci\u00f3n para alertar a otros automovilistas y cuerpos de emergencia.<\/li>\n\n\n\n<li>Verificar el correcto funcionamiento de todas las luces: largas, cuartos, direccionales, intermitentes, de frenado y de reversa.<\/li>\n\n\n\n<li>En caso de viajar con ni\u00f1as y ni\u00f1os, adaptar el veh\u00edculo con asientos apropiados a su estatura y seguros en las puertas.<\/li>\n<\/ol>\n\n\n\n<p>La funcionaria exhort\u00f3 a las y los turistas a seguir las redes sociales de la Secretar\u00eda de Turismo y de la Direcci\u00f3n General de Servicios al Turista \u00c1ngeles Verdes, donde podr\u00e1n consultar el reporte carretero y recomendaciones de viaje actualizadas. (<a href=\"https:\/\/nitu.mx\/index.php\/2025\/05\/18\/angeles-verdes-atiende-a-mas-de-150-mil-turistas-de-41-paises-en-el-primer-trimestre-de-2025\/\">\u00c1ngeles Verdes atiende a m\u00e1s de 150 mil turistas de 41 pa\u00edses en el primer trimestre de 2025<\/a>).<\/p>\n","protected":false},"excerpt":{"rendered":"<p>La secretaria de Turismo federal, Josefina Rodr\u00edguez Zamora, inform\u00f3 que la Direcci\u00f3n General de Servicios al Turista, \u00c1ngeles Verdes, ha atendido a 60 mil 500 turistas con asistencia mec\u00e1nica, orientaci\u00f3n e informaci\u00f3n tur\u00edstica de manera gratuita durante el periodo vacacional de verano 2025. La titular de la Secretar\u00eda de Turismo (Sectur) precis\u00f3 que 49 mil [&hellip;]<\/p>\n","protected":false},"author":17,"featured_media":80014,"comment_status":"closed","ping_status":"closed","sticky":false,"template":"","format":"standard","meta":{"footnotes":""},"categories":[12],"tags":[20682,25659,93,3024],"yoast_head":"<!-- This site is optimized with the Yoast SEO plugin v22.2 - https:\/\/yoast.com\/wordpress\/plugins\/seo\/ -->\n<title>\u00c1ngeles Verdes auxilian a m\u00e1s de 60 mil turistas estas vacaciones de verano - Nitu - Noticias de la Industria Turistica<\/title>\n<meta name=\"robots\" content=\"index, follow, max-snippet:-1, max-image-preview:large, max-video-preview:-1\" \/>\n<link rel=\"canonical\" href=\"https:\/\/nitu.mx\/index.php\/2025\/08\/13\/angeles-verdes-auxilian-a-mas-de-60-mil-turistas-estas-vacaciones-de-verano\/\" \/>\n<meta name=\"twitter:card\" content=\"summary_large_image\" \/>\n<meta name=\"twitter:title\" content=\"\u00c1ngeles Verdes auxilian a m\u00e1s de 60 mil turistas estas vacaciones de verano - Nitu - Noticias de la Industria Turistica\" \/>\n<meta name=\"twitter:description\" content=\"La secretaria de Turismo federal, Josefina Rodr\u00edguez Zamora, inform\u00f3 que la Direcci\u00f3n General de Servicios al Turista, \u00c1ngeles Verdes, ha atendido a 60 mil 500 turistas con asistencia mec\u00e1nica, orientaci\u00f3n e informaci\u00f3n tur\u00edstica de manera gratuita durante el periodo vacacional de verano 2025. La titular de la Secretar\u00eda de Turismo (Sectur) precis\u00f3 que 49 mil [&hellip;]\" \/>\n<meta name=\"twitter:image\" content=\"https:\/\/nitu.mx\/wp-content\/uploads\/2025\/03\/Angeles-Verdes-primer-bimestre.jpg\" \/>\n<meta name=\"twitter:creator\" content=\"@NITUmx\" \/>\n<meta name=\"twitter:site\" content=\"@Arturo_Medina_G\" \/>\n<meta name=\"twitter:label1\" content=\"Escrito por\" \/>\n\t<meta name=\"twitter:data1\" content=\"Redacci\u00f3n\" \/>\n\t<meta name=\"twitter:label2\" content=\"Tiempo de lectura\" \/>\n\t<meta name=\"twitter:data2\" content=\"2 minutos\" \/>\n<script type=\"application\/ld+json\" class=\"yoast-schema-graph\">{\"@context\":\"https:\/\/schema.org\",\"@graph\":[{\"@type\":\"Article\",\"@id\":\"https:\/\/nitu.mx\/index.php\/2025\/08\/13\/angeles-verdes-auxilian-a-mas-de-60-mil-turistas-estas-vacaciones-de-verano\/#article\",\"isPartOf\":{\"@id\":\"https:\/\/nitu.mx\/index.php\/2025\/08\/13\/angeles-verdes-auxilian-a-mas-de-60-mil-turistas-estas-vacaciones-de-verano\/\"},\"author\":{\"name\":\"Redacci\u00f3n\",\"@id\":\"https:\/\/nitu.mx\/#\/schema\/person\/4a28fe9bd65924f7c90623773daf1b0b\"},\"headline\":\"\u00c1ngeles Verdes auxilian a m\u00e1s de 60 mil turistas estas vacaciones de verano\",\"datePublished\":\"2025-08-14T04:05:15+00:00\",\"dateModified\":\"2025-08-14T04:05:15+00:00\",\"mainEntityOfPage\":{\"@id\":\"https:\/\/nitu.mx\/index.php\/2025\/08\/13\/angeles-verdes-auxilian-a-mas-de-60-mil-turistas-estas-vacaciones-de-verano\/\"},\"wordCount\":498,\"publisher\":{\"@id\":\"https:\/\/nitu.mx\/#\/schema\/person\/ae7a53426417292d3dd07b45a33e01bc\"},\"image\":{\"@id\":\"https:\/\/nitu.mx\/index.php\/2025\/08\/13\/angeles-verdes-auxilian-a-mas-de-60-mil-turistas-estas-vacaciones-de-verano\/#primaryimage\"},\"thumbnailUrl\":\"https:\/\/nitu.mx\/wp-content\/uploads\/2025\/03\/Angeles-Verdes-primer-bimestre.jpg\",\"keywords\":[\"\u00c1ngeles Verdes\",\"Josefina Rodr\u00edguez\",\"Sectur\",\"verano\"],\"articleSection\":[\"Marketing\"],\"inLanguage\":\"es-MX\"},{\"@type\":\"WebPage\",\"@id\":\"https:\/\/nitu.mx\/index.php\/2025\/08\/13\/angeles-verdes-auxilian-a-mas-de-60-mil-turistas-estas-vacaciones-de-verano\/\",\"url\":\"https:\/\/nitu.mx\/index.php\/2025\/08\/13\/angeles-verdes-auxilian-a-mas-de-60-mil-turistas-estas-vacaciones-de-verano\/\",\"name\":\"\u00c1ngeles Verdes auxilian a m\u00e1s de 60 mil turistas estas vacaciones de verano - Nitu - Noticias de la Industria Turistica\",\"isPartOf\":{\"@id\":\"https:\/\/nitu.mx\/#website\"},\"primaryImageOfPage\":{\"@id\":\"https:\/\/nitu.mx\/index.php\/2025\/08\/13\/angeles-verdes-auxilian-a-mas-de-60-mil-turistas-estas-vacaciones-de-verano\/#primaryimage\"},\"image\":{\"@id\":\"https:\/\/nitu.mx\/index.php\/2025\/08\/13\/angeles-verdes-auxilian-a-mas-de-60-mil-turistas-estas-vacaciones-de-verano\/#primaryimage\"},\"thumbnailUrl\":\"https:\/\/nitu.mx\/wp-content\/uploads\/2025\/03\/Angeles-Verdes-primer-bimestre.jpg\",\"datePublished\":\"2025-08-14T04:05:15+00:00\",\"dateModified\":\"2025-08-14T04:05:15+00:00\",\"breadcrumb\":{\"@id\":\"https:\/\/nitu.mx\/index.php\/2025\/08\/13\/angeles-verdes-auxilian-a-mas-de-60-mil-turistas-estas-vacaciones-de-verano\/#breadcrumb\"},\"inLanguage\":\"es-MX\",\"potentialAction\":[{\"@type\":\"ReadAction\",\"target\":[\"https:\/\/nitu.mx\/index.php\/2025\/08\/13\/angeles-verdes-auxilian-a-mas-de-60-mil-turistas-estas-vacaciones-de-verano\/\"]}]},{\"@type\":\"ImageObject\",\"inLanguage\":\"es-MX\",\"@id\":\"https:\/\/nitu.mx\/index.php\/2025\/08\/13\/angeles-verdes-auxilian-a-mas-de-60-mil-turistas-estas-vacaciones-de-verano\/#primaryimage\",\"url\":\"https:\/\/nitu.mx\/wp-content\/uploads\/2025\/03\/Angeles-Verdes-primer-bimestre.jpg\",\"contentUrl\":\"https:\/\/nitu.mx\/wp-content\/uploads\/2025\/03\/Angeles-Verdes-primer-bimestre.jpg\",\"width\":1200,\"height\":675,\"caption\":\"\u00c1ngeles Verdes primer bimestre\"},{\"@type\":\"BreadcrumbList\",\"@id\":\"https:\/\/nitu.mx\/index.php\/2025\/08\/13\/angeles-verdes-auxilian-a-mas-de-60-mil-turistas-estas-vacaciones-de-verano\/#breadcrumb\",\"itemListElement\":[{\"@type\":\"ListItem\",\"position\":1,\"name\":\"Inicio\",\"item\":\"https:\/\/nitu.mx\/\"},{\"@type\":\"ListItem\",\"position\":2,\"name\":\"\u00c1ngeles Verdes auxilian a m\u00e1s de 60 mil turistas estas vacaciones de verano\"}]},{\"@type\":\"WebSite\",\"@id\":\"https:\/\/nitu.mx\/#website\",\"url\":\"https:\/\/nitu.mx\/\",\"name\":\"Nitu - Noticias de la Industria Turistica\",\"description\":\"Noticias de la Industria Turistica\",\"publisher\":{\"@id\":\"https:\/\/nitu.mx\/#\/schema\/person\/ae7a53426417292d3dd07b45a33e01bc\"},\"alternateName\":\"Noticias de la Industria Turistica\",\"potentialAction\":[{\"@type\":\"SearchAction\",\"target\":{\"@type\":\"EntryPoint\",\"urlTemplate\":\"https:\/\/nitu.mx\/?s={search_term_string}\"},\"query-input\":\"required name=search_term_string\"}],\"inLanguage\":\"es-MX\"},{\"@type\":[\"Person\",\"Organization\"],\"@id\":\"https:\/\/nitu.mx\/#\/schema\/person\/ae7a53426417292d3dd07b45a33e01bc\",\"name\":\"Arturo Medina\",\"image\":{\"@type\":\"ImageObject\",\"inLanguage\":\"es-MX\",\"@id\":\"https:\/\/nitu.mx\/#\/schema\/person\/image\/\",\"url\":\"https:\/\/nitu.mx\/wp-content\/uploads\/2024\/04\/4A315622-1904-4D5C-B022-878CDC840E04-90x90-1.jpeg\",\"contentUrl\":\"https:\/\/nitu.mx\/wp-content\/uploads\/2024\/04\/4A315622-1904-4D5C-B022-878CDC840E04-90x90-1.jpeg\",\"width\":90,\"height\":90,\"caption\":\"Arturo Medina\"},\"logo\":{\"@id\":\"https:\/\/nitu.mx\/#\/schema\/person\/image\/\"},\"description\":\"Director NITU.mx, Egresado de la Escuela de Periodismo Carlos Septi\u00e9n Garc\u00eda. Periodista y analista especializado en turismo desde hace 35 a\u00f1os, radicado en Canc\u00fan Q.Roo. arturo@nitu.mx\",\"sameAs\":[\"https:\/\/nitu.mx\",\"https:\/\/www.facebook.com\/NITUmx\/\",\"medinacancun\",\"https:\/\/twitter.com\/@Arturo_Medina_G\"]},{\"@type\":\"Person\",\"@id\":\"https:\/\/nitu.mx\/#\/schema\/person\/4a28fe9bd65924f7c90623773daf1b0b\",\"name\":\"Redacci\u00f3n\",\"image\":{\"@type\":\"ImageObject\",\"inLanguage\":\"es-MX\",\"@id\":\"https:\/\/nitu.mx\/#\/schema\/person\/image\/\",\"url\":\"https:\/\/secure.gravatar.com\/avatar\/5dd011c8ccfc5cd7e4c81e42252aab38?s=96&d=mm&r=g\",\"contentUrl\":\"https:\/\/secure.gravatar.com\/avatar\/5dd011c8ccfc5cd7e4c81e42252aab38?s=96&d=mm&r=g\",\"caption\":\"Redacci\u00f3n\"},\"url\":\"https:\/\/nitu.mx\/index.php\/author\/redaccion\/\"}]}<\/script>\n<!-- \/ Yoast SEO plugin. -->","yoast_head_json":{"title":"\u00c1ngeles Verdes auxilian a m\u00e1s de 60 mil turistas estas vacaciones de verano - Nitu - Noticias de la Industria Turistica","robots":{"index":"index","follow":"follow","max-snippet":"max-snippet:-1","max-image-preview":"max-image-preview:large","max-video-preview":"max-video-preview:-1"},"canonical":"https:\/\/nitu.mx\/index.php\/2025\/08\/13\/angeles-verdes-auxilian-a-mas-de-60-mil-turistas-estas-vacaciones-de-verano\/","twitter_card":"summary_large_image","twitter_title":"\u00c1ngeles Verdes auxilian a m\u00e1s de 60 mil turistas estas vacaciones de verano - Nitu - Noticias de la Industria Turistica","twitter_description":"La secretaria de Turismo federal, Josefina Rodr\u00edguez Zamora, inform\u00f3 que la Direcci\u00f3n General de Servicios al Turista, \u00c1ngeles Verdes, ha atendido a 60 mil 500 turistas con asistencia mec\u00e1nica, orientaci\u00f3n e informaci\u00f3n tur\u00edstica de manera gratuita durante el periodo vacacional de verano 2025. La titular de la Secretar\u00eda de Turismo (Sectur) precis\u00f3 que 49 mil [&hellip;]","twitter_image":"https:\/\/nitu.mx\/wp-content\/uploads\/2025\/03\/Angeles-Verdes-primer-bimestre.jpg","twitter_creator":"@NITUmx","twitter_site":"@Arturo_Medina_G","twitter_misc":{"Escrito por":"Redacci\u00f3n","Tiempo de lectura":"2 minutos"},"schema":{"@context":"https:\/\/schema.org","@graph":[{"@type":"Article","@id":"https:\/\/nitu.mx\/index.php\/2025\/08\/13\/angeles-verdes-auxilian-a-mas-de-60-mil-turistas-estas-vacaciones-de-verano\/#article","isPartOf":{"@id":"https:\/\/nitu.mx\/index.php\/2025\/08\/13\/angeles-verdes-auxilian-a-mas-de-60-mil-turistas-estas-vacaciones-de-verano\/"},"author":{"name":"Redacci\u00f3n","@id":"https:\/\/nitu.mx\/#\/schema\/person\/4a28fe9bd65924f7c90623773daf1b0b"},"headline":"\u00c1ngeles Verdes auxilian a m\u00e1s de 60 mil turistas estas vacaciones de verano","datePublished":"2025-08-14T04:05:15+00:00","dateModified":"2025-08-14T04:05:15+00:00","mainEntityOfPage":{"@id":"https:\/\/nitu.mx\/index.php\/2025\/08\/13\/angeles-verdes-auxilian-a-mas-de-60-mil-turistas-estas-vacaciones-de-verano\/"},"wordCount":498,"publisher":{"@id":"https:\/\/nitu.mx\/#\/schema\/person\/ae7a53426417292d3dd07b45a33e01bc"},"image":{"@id":"https:\/\/nitu.mx\/index.php\/2025\/08\/13\/angeles-verdes-auxilian-a-mas-de-60-mil-turistas-estas-vacaciones-de-verano\/#primaryimage"},"thumbnailUrl":"https:\/\/nitu.mx\/wp-content\/uploads\/2025\/03\/Angeles-Verdes-primer-bimestre.jpg","keywords":["\u00c1ngeles Verdes","Josefina Rodr\u00edguez","Sectur","verano"],"articleSection":["Marketing"],"inLanguage":"es-MX"},{"@type":"WebPage","@id":"https:\/\/nitu.mx\/index.php\/2025\/08\/13\/angeles-verdes-auxilian-a-mas-de-60-mil-turistas-estas-vacaciones-de-verano\/","url":"https:\/\/nitu.mx\/index.php\/2025\/08\/13\/angeles-verdes-auxilian-a-mas-de-60-mil-turistas-estas-vacaciones-de-verano\/","name":"\u00c1ngeles Verdes auxilian a m\u00e1s de 60 mil turistas estas vacaciones de verano - Nitu - Noticias de la Industria Turistica","isPartOf":{"@id":"https:\/\/nitu.mx\/#website"},"primaryImageOfPage":{"@id":"https:\/\/nitu.mx\/index.php\/2025\/08\/13\/angeles-verdes-auxilian-a-mas-de-60-mil-turistas-estas-vacaciones-de-verano\/#primaryimage"},"image":{"@id":"https:\/\/nitu.mx\/index.php\/2025\/08\/13\/angeles-verdes-auxilian-a-mas-de-60-mil-turistas-estas-vacaciones-de-verano\/#primaryimage"},"thumbnailUrl":"https:\/\/nitu.mx\/wp-content\/uploads\/2025\/03\/Angeles-Verdes-primer-bimestre.jpg","datePublished":"2025-08-14T04:05:15+00:00","dateModified":"2025-08-14T04:05:15+00:00","breadcrumb":{"@id":"https:\/\/nitu.mx\/index.php\/2025\/08\/13\/angeles-verdes-auxilian-a-mas-de-60-mil-turistas-estas-vacaciones-de-verano\/#breadcrumb"},"inLanguage":"es-MX","potentialAction":[{"@type":"ReadAction","target":["https:\/\/nitu.mx\/index.php\/2025\/08\/13\/angeles-verdes-auxilian-a-mas-de-60-mil-turistas-estas-vacaciones-de-verano\/"]}]},{"@type":"ImageObject","inLanguage":"es-MX","@id":"https:\/\/nitu.mx\/index.php\/2025\/08\/13\/angeles-verdes-auxilian-a-mas-de-60-mil-turistas-estas-vacaciones-de-verano\/#primaryimage","url":"https:\/\/nitu.mx\/wp-content\/uploads\/2025\/03\/Angeles-Verdes-primer-bimestre.jpg","contentUrl":"https:\/\/nitu.mx\/wp-content\/uploads\/2025\/03\/Angeles-Verdes-primer-bimestre.jpg","width":1200,"height":675,"caption":"\u00c1ngeles Verdes primer bimestre"},{"@type":"BreadcrumbList","@id":"https:\/\/nitu.mx\/index.php\/2025\/08\/13\/angeles-verdes-auxilian-a-mas-de-60-mil-turistas-estas-vacaciones-de-verano\/#breadcrumb","itemListElement":[{"@type":"ListItem","position":1,"name":"Inicio","item":"https:\/\/nitu.mx\/"},{"@type":"ListItem","position":2,"name":"\u00c1ngeles Verdes auxilian a m\u00e1s de 60 mil turistas estas vacaciones de verano"}]},{"@type":"WebSite","@id":"https:\/\/nitu.mx\/#website","url":"https:\/\/nitu.mx\/","name":"Nitu - Noticias de la Industria Turistica","description":"Noticias de la Industria Turistica","publisher":{"@id":"https:\/\/nitu.mx\/#\/schema\/person\/ae7a53426417292d3dd07b45a33e01bc"},"alternateName":"Noticias de la Industria Turistica","potentialAction":[{"@type":"SearchAction","target":{"@type":"EntryPoint","urlTemplate":"https:\/\/nitu.mx\/?s={search_term_string}"},"query-input":"required name=search_term_string"}],"inLanguage":"es-MX"},{"@type":["Person","Organization"],"@id":"https:\/\/nitu.mx\/#\/schema\/person\/ae7a53426417292d3dd07b45a33e01bc","name":"Arturo Medina","image":{"@type":"ImageObject","inLanguage":"es-MX","@id":"https:\/\/nitu.mx\/#\/schema\/person\/image\/","url":"https:\/\/nitu.mx\/wp-content\/uploads\/2024\/04\/4A315622-1904-4D5C-B022-878CDC840E04-90x90-1.jpeg","contentUrl":"https:\/\/nitu.mx\/wp-content\/uploads\/2024\/04\/4A315622-1904-4D5C-B022-878CDC840E04-90x90-1.jpeg","width":90,"height":90,"caption":"Arturo Medina"},"logo":{"@id":"https:\/\/nitu.mx\/#\/schema\/person\/image\/"},"description":"Director NITU.mx, Egresado de la Escuela de Periodismo Carlos Septi\u00e9n Garc\u00eda. Periodista y analista especializado en turismo desde hace 35 a\u00f1os, radicado en Canc\u00fan Q.Roo. arturo@nitu.mx","sameAs":["https:\/\/nitu.mx","https:\/\/www.facebook.com\/NITUmx\/","medinacancun","https:\/\/twitter.com\/@Arturo_Medina_G"]},{"@type":"Person","@id":"https:\/\/nitu.mx\/#\/schema\/person\/4a28fe9bd65924f7c90623773daf1b0b","name":"Redacci\u00f3n","image":{"@type":"ImageObject","inLanguage":"es-MX","@id":"https:\/\/nitu.mx\/#\/schema\/person\/image\/","url":"https:\/\/secure.gravatar.com\/avatar\/5dd011c8ccfc5cd7e4c81e42252aab38?s=96&d=mm&r=g","contentUrl":"https:\/\/secure.gravatar.com\/avatar\/5dd011c8ccfc5cd7e4c81e42252aab38?s=96&d=mm&r=g","caption":"Redacci\u00f3n"},"url":"https:\/\/nitu.mx\/index.php\/author\/redaccion\/"}]}},"views":477,"_links":{"self":[{"href":"https:\/\/nitu.mx\/index.php\/wp-json\/wp\/v2\/posts\/82804"}],"collection":[{"href":"https:\/\/nitu.mx\/index.php\/wp-json\/wp\/v2\/posts"}],"about":[{"href":"https:\/\/nitu.mx\/index.php\/wp-json\/wp\/v2\/types\/post"}],"author":[{"embeddable":true,"href":"https:\/\/nitu.mx\/index.php\/wp-json\/wp\/v2\/users\/17"}],"replies":[{"embeddable":true,"href":"https:\/\/nitu.mx\/index.php\/wp-json\/wp\/v2\/comments?post=82804"}],"version-history":[{"count":2,"href":"https:\/\/nitu.mx\/index.php\/wp-json\/wp\/v2\/posts\/82804\/revisions"}],"predecessor-version":[{"id":82808,"href":"https:\/\/nitu.mx\/index.php\/wp-json\/wp\/v2\/posts\/82804\/revisions\/82808"}],"wp:featuredmedia":[{"embeddable":true,"href":"https:\/\/nitu.mx\/index.php\/wp-json\/wp\/v2\/media\/80014"}],"wp:attachment":[{"href":"https:\/\/nitu.mx\/index.php\/wp-json\/wp\/v2\/media?parent=82804"}],"wp:term":[{"taxonomy":"category","embeddable":true,"href":"https:\/\/nitu.mx\/index.php\/wp-json\/wp\/v2\/categories?post=82804"},{"taxonomy":"post_tag","embeddable":true,"href":"https:\/\/nitu.mx\/index.php\/wp-json\/wp\/v2\/tags?post=82804"}],"curies":[{"name":"wp","href":"https:\/\/api.w.org\/{rel}","templated":true}]}}