{"id":82794,"date":"2025-08-12T21:30:00","date_gmt":"2025-08-13T03:30:00","guid":{"rendered":"https:\/\/nitu.mx\/?p=82794"},"modified":"2025-08-12T21:03:11","modified_gmt":"2025-08-13T03:03:11","slug":"aeromexico-regresa-como-socio-preferencial-de-la-metro","status":"publish","type":"post","link":"https:\/\/nitu.mx\/index.php\/2025\/08\/12\/aeromexico-regresa-como-socio-preferencial-de-la-metro\/","title":{"rendered":"Aerom\u00e9xico regresa como socio preferencial de La Metro"},"content":{"rendered":"\n<p>Aerom\u00e9xico firm\u00f3 una alianza comercial con la Asociaci\u00f3n Metropolitana de Agencias de Viajes (La Metro) que entre otros acuerdos confirma el regreso de la aerol\u00ednea como socio preferencial de la asociaci\u00f3n. <\/p>\n\n\n\n<p>La presidenta de La Metro, Alicia Mej\u00eda, resalt\u00f3 que tanto la compa\u00f1\u00eda a\u00e9rea como la asociaci\u00f3n que preside son instituciones comprometidas que con esta alianza fortalecer\u00e1n su relaci\u00f3n para incrementar las oportunidades de negocios. <\/p>\n\n\n\n<p>Resalt\u00f3 que Aerom\u00e9xico es un embajador de nuestro pa\u00eds en el mundo, adem\u00e1s ostenta el t\u00edtulo como la aerol\u00ednea m\u00e1s puntual del mundo. Agreg\u00f3 que la l\u00ednea a\u00e9rea participar\u00e1 activamente en los Encuentros de Promoci\u00f3n Tur\u00edstica, presentando de primera mano su oferta, novedades, avances tecnol\u00f3gicos, promociones y proyectos estrat\u00e9gicos.<\/p>\n\n\n\n<p>Adem\u00e1s, Aerom\u00e9xico ser\u00e1 patrocinador de la Convenci\u00f3n Anual de La Metro que esta ocasi\u00f3n tendr\u00e1 como sede Argentina, reafirmando su compromiso con la capacitaci\u00f3n, el networking y la generaci\u00f3n de nuevas oportunidades de negocio para los socios agentes de viajes. <\/p>\n\n\n\n<p>&#8220;Este acercamiento estrat\u00e9gico permitir\u00e1 a nuestras agencias contar con informaci\u00f3n actualizada, adem\u00e1s de reforzar la relaci\u00f3n con la aerol\u00ednea m\u00e1s representativa de M\u00e9xico&#8221;, se\u00f1al\u00f3 Alicia Mej\u00eda.<\/p>\n\n\n\n<p>Por su parte, Pasquale Speranza, vicepresidente de Ventas para M\u00e9xico de Aerom\u00e9xico, indic\u00f3 que la alianza con La Metro es la confirmaci\u00f3n de un camino que han recorrido juntos. Resalt\u00f3 que en 2024, el grupo a\u00e9reo transport\u00f3 m\u00e1s de 25 millones de pasajeros, y para este a\u00f1o estima recibir 14 nuevas aeronaves con lo que su flota ser\u00e1 de 160 aviones.<\/p>\n\n\n\n<p>&#8220;Estas alianzas permite acercar nuestro servicio a trav\u00e9s de las agencias de viajes&#8221;, precis\u00f3 Speranza, al reconocer la importancia de los agentes de viajes como canal de ventas de la aerol\u00ednea.<\/p>\n\n\n\n<p>La firma de esta alianza fue atestiguada por Fernando Esqueda, director de Ventas de Aerom\u00e9xico para Am\u00e9rica Latina,  y por Adriana Reyes, directora del Comit\u00e9 de Aviaci\u00f3n de La Metro. Adem\u00e1s, estuvieron presentes, Giancarlo Mulinelli, vicepresidente senior de Ventas Globales de Aerom\u00e9xico, as\u00ed como los integrantes del Comit\u00e9 Directivo de La Metro. (<a href=\"https:\/\/nitu.mx\/index.php\/2025\/07\/17\/la-pasion-por-servir-herramienta-mas-poderosa-de-los-agentes-de-viajes-alicia-mejia-presidenta-de-la-metro\/\">La pasi\u00f3n por servir, herramienta m\u00e1s poderosa de los agentes de viajes: Alicia Mej\u00eda, presidenta de La Metro<\/a>).<\/p>\n","protected":false},"excerpt":{"rendered":"<p>Aerom\u00e9xico firm\u00f3 una alianza comercial con la Asociaci\u00f3n Metropolitana de Agencias de Viajes (La Metro) que entre otros acuerdos confirma el regreso de la aerol\u00ednea como socio preferencial de la asociaci\u00f3n. La presidenta de La Metro, Alicia Mej\u00eda, resalt\u00f3 que tanto la compa\u00f1\u00eda a\u00e9rea como la asociaci\u00f3n que preside son instituciones comprometidas que con esta [&hellip;]<\/p>\n","protected":false},"author":18,"featured_media":82799,"comment_status":"closed","ping_status":"closed","sticky":false,"template":"","format":"standard","meta":{"footnotes":""},"categories":[3],"tags":[30,1123,4049,27498],"yoast_head":"<!-- This site is optimized with the Yoast SEO plugin v22.2 - https:\/\/yoast.com\/wordpress\/plugins\/seo\/ -->\n<title>Aerom\u00e9xico regresa como socio preferencial de La Metro - Nitu - Noticias de la Industria Turistica<\/title>\n<meta name=\"robots\" content=\"index, follow, max-snippet:-1, max-image-preview:large, max-video-preview:-1\" \/>\n<link rel=\"canonical\" href=\"https:\/\/nitu.mx\/index.php\/2025\/08\/12\/aeromexico-regresa-como-socio-preferencial-de-la-metro\/\" \/>\n<meta name=\"twitter:card\" content=\"summary_large_image\" \/>\n<meta name=\"twitter:title\" content=\"Aerom\u00e9xico regresa como socio preferencial de La Metro - Nitu - Noticias de la Industria Turistica\" \/>\n<meta name=\"twitter:description\" content=\"Aerom\u00e9xico firm\u00f3 una alianza comercial con la Asociaci\u00f3n Metropolitana de Agencias de Viajes (La Metro) que entre otros acuerdos confirma el regreso de la aerol\u00ednea como socio preferencial de la asociaci\u00f3n. La presidenta de La Metro, Alicia Mej\u00eda, resalt\u00f3 que tanto la compa\u00f1\u00eda a\u00e9rea como la asociaci\u00f3n que preside son instituciones comprometidas que con esta [&hellip;]\" \/>\n<meta name=\"twitter:image\" content=\"https:\/\/nitu.mx\/wp-content\/uploads\/2025\/08\/La-Metro-alianza-Aeromexico.jpg\" \/>\n<meta name=\"twitter:creator\" content=\"@NITUmx\" \/>\n<meta name=\"twitter:site\" content=\"@Arturo_Medina_G\" \/>\n<meta name=\"twitter:label1\" content=\"Escrito por\" \/>\n\t<meta name=\"twitter:data1\" content=\"Guadalupe Sixto\" \/>\n\t<meta name=\"twitter:label2\" content=\"Tiempo de lectura\" \/>\n\t<meta name=\"twitter:data2\" content=\"2 minutos\" \/>\n<script type=\"application\/ld+json\" class=\"yoast-schema-graph\">{\"@context\":\"https:\/\/schema.org\",\"@graph\":[{\"@type\":\"Article\",\"@id\":\"https:\/\/nitu.mx\/index.php\/2025\/08\/12\/aeromexico-regresa-como-socio-preferencial-de-la-metro\/#article\",\"isPartOf\":{\"@id\":\"https:\/\/nitu.mx\/index.php\/2025\/08\/12\/aeromexico-regresa-como-socio-preferencial-de-la-metro\/\"},\"author\":{\"name\":\"Guadalupe Sixto\",\"@id\":\"https:\/\/nitu.mx\/#\/schema\/person\/3df3082b5e46037e3f13614d28ee0b77\"},\"headline\":\"Aerom\u00e9xico regresa como socio preferencial de La Metro\",\"datePublished\":\"2025-08-13T03:30:00+00:00\",\"dateModified\":\"2025-08-13T03:03:11+00:00\",\"mainEntityOfPage\":{\"@id\":\"https:\/\/nitu.mx\/index.php\/2025\/08\/12\/aeromexico-regresa-como-socio-preferencial-de-la-metro\/\"},\"wordCount\":400,\"publisher\":{\"@id\":\"https:\/\/nitu.mx\/#\/schema\/person\/ae7a53426417292d3dd07b45a33e01bc\"},\"image\":{\"@id\":\"https:\/\/nitu.mx\/index.php\/2025\/08\/12\/aeromexico-regresa-como-socio-preferencial-de-la-metro\/#primaryimage\"},\"thumbnailUrl\":\"https:\/\/nitu.mx\/wp-content\/uploads\/2025\/08\/La-Metro-alianza-Aeromexico.jpg\",\"keywords\":[\"Aerom\u00e9xico\",\"Alicia Mej\u00eda\",\"Giancarlo Mulinelli\",\"Pasquale Speranza\"],\"articleSection\":[\"Agencias de Viajes\"],\"inLanguage\":\"es-MX\"},{\"@type\":\"WebPage\",\"@id\":\"https:\/\/nitu.mx\/index.php\/2025\/08\/12\/aeromexico-regresa-como-socio-preferencial-de-la-metro\/\",\"url\":\"https:\/\/nitu.mx\/index.php\/2025\/08\/12\/aeromexico-regresa-como-socio-preferencial-de-la-metro\/\",\"name\":\"Aerom\u00e9xico regresa como socio preferencial de La Metro - Nitu - Noticias de la Industria Turistica\",\"isPartOf\":{\"@id\":\"https:\/\/nitu.mx\/#website\"},\"primaryImageOfPage\":{\"@id\":\"https:\/\/nitu.mx\/index.php\/2025\/08\/12\/aeromexico-regresa-como-socio-preferencial-de-la-metro\/#primaryimage\"},\"image\":{\"@id\":\"https:\/\/nitu.mx\/index.php\/2025\/08\/12\/aeromexico-regresa-como-socio-preferencial-de-la-metro\/#primaryimage\"},\"thumbnailUrl\":\"https:\/\/nitu.mx\/wp-content\/uploads\/2025\/08\/La-Metro-alianza-Aeromexico.jpg\",\"datePublished\":\"2025-08-13T03:30:00+00:00\",\"dateModified\":\"2025-08-13T03:03:11+00:00\",\"breadcrumb\":{\"@id\":\"https:\/\/nitu.mx\/index.php\/2025\/08\/12\/aeromexico-regresa-como-socio-preferencial-de-la-metro\/#breadcrumb\"},\"inLanguage\":\"es-MX\",\"potentialAction\":[{\"@type\":\"ReadAction\",\"target\":[\"https:\/\/nitu.mx\/index.php\/2025\/08\/12\/aeromexico-regresa-como-socio-preferencial-de-la-metro\/\"]}]},{\"@type\":\"ImageObject\",\"inLanguage\":\"es-MX\",\"@id\":\"https:\/\/nitu.mx\/index.php\/2025\/08\/12\/aeromexico-regresa-como-socio-preferencial-de-la-metro\/#primaryimage\",\"url\":\"https:\/\/nitu.mx\/wp-content\/uploads\/2025\/08\/La-Metro-alianza-Aeromexico.jpg\",\"contentUrl\":\"https:\/\/nitu.mx\/wp-content\/uploads\/2025\/08\/La-Metro-alianza-Aeromexico.jpg\",\"width\":1200,\"height\":675,\"caption\":\"La Metro alianza Aerom\u00e9xico\"},{\"@type\":\"BreadcrumbList\",\"@id\":\"https:\/\/nitu.mx\/index.php\/2025\/08\/12\/aeromexico-regresa-como-socio-preferencial-de-la-metro\/#breadcrumb\",\"itemListElement\":[{\"@type\":\"ListItem\",\"position\":1,\"name\":\"Inicio\",\"item\":\"https:\/\/nitu.mx\/\"},{\"@type\":\"ListItem\",\"position\":2,\"name\":\"Aerom\u00e9xico regresa como socio preferencial de La Metro\"}]},{\"@type\":\"WebSite\",\"@id\":\"https:\/\/nitu.mx\/#website\",\"url\":\"https:\/\/nitu.mx\/\",\"name\":\"Nitu - Noticias de la Industria Turistica\",\"description\":\"Noticias de la Industria Turistica\",\"publisher\":{\"@id\":\"https:\/\/nitu.mx\/#\/schema\/person\/ae7a53426417292d3dd07b45a33e01bc\"},\"alternateName\":\"Noticias de la Industria Turistica\",\"potentialAction\":[{\"@type\":\"SearchAction\",\"target\":{\"@type\":\"EntryPoint\",\"urlTemplate\":\"https:\/\/nitu.mx\/?s={search_term_string}\"},\"query-input\":\"required name=search_term_string\"}],\"inLanguage\":\"es-MX\"},{\"@type\":[\"Person\",\"Organization\"],\"@id\":\"https:\/\/nitu.mx\/#\/schema\/person\/ae7a53426417292d3dd07b45a33e01bc\",\"name\":\"Arturo Medina\",\"image\":{\"@type\":\"ImageObject\",\"inLanguage\":\"es-MX\",\"@id\":\"https:\/\/nitu.mx\/#\/schema\/person\/image\/\",\"url\":\"https:\/\/nitu.mx\/wp-content\/uploads\/2024\/04\/4A315622-1904-4D5C-B022-878CDC840E04-90x90-1.jpeg\",\"contentUrl\":\"https:\/\/nitu.mx\/wp-content\/uploads\/2024\/04\/4A315622-1904-4D5C-B022-878CDC840E04-90x90-1.jpeg\",\"width\":90,\"height\":90,\"caption\":\"Arturo Medina\"},\"logo\":{\"@id\":\"https:\/\/nitu.mx\/#\/schema\/person\/image\/\"},\"description\":\"Director NITU.mx, Egresado de la Escuela de Periodismo Carlos Septi\u00e9n Garc\u00eda. Periodista y analista especializado en turismo desde hace 35 a\u00f1os, radicado en Canc\u00fan Q.Roo. arturo@nitu.mx\",\"sameAs\":[\"https:\/\/nitu.mx\",\"https:\/\/www.facebook.com\/NITUmx\/\",\"medinacancun\",\"https:\/\/twitter.com\/@Arturo_Medina_G\"]},{\"@type\":\"Person\",\"@id\":\"https:\/\/nitu.mx\/#\/schema\/person\/3df3082b5e46037e3f13614d28ee0b77\",\"name\":\"Guadalupe Sixto\",\"image\":{\"@type\":\"ImageObject\",\"inLanguage\":\"es-MX\",\"@id\":\"https:\/\/nitu.mx\/#\/schema\/person\/image\/\",\"url\":\"https:\/\/secure.gravatar.com\/avatar\/13914e1b0e1919e91f9539de4dc584c4?s=96&d=mm&r=g\",\"contentUrl\":\"https:\/\/secure.gravatar.com\/avatar\/13914e1b0e1919e91f9539de4dc584c4?s=96&d=mm&r=g\",\"caption\":\"Guadalupe Sixto\"},\"url\":\"https:\/\/nitu.mx\/index.php\/author\/gsixto\/\"}]}<\/script>\n<!-- \/ Yoast SEO plugin. -->","yoast_head_json":{"title":"Aerom\u00e9xico regresa como socio preferencial de La Metro - Nitu - Noticias de la Industria Turistica","robots":{"index":"index","follow":"follow","max-snippet":"max-snippet:-1","max-image-preview":"max-image-preview:large","max-video-preview":"max-video-preview:-1"},"canonical":"https:\/\/nitu.mx\/index.php\/2025\/08\/12\/aeromexico-regresa-como-socio-preferencial-de-la-metro\/","twitter_card":"summary_large_image","twitter_title":"Aerom\u00e9xico regresa como socio preferencial de La Metro - Nitu - Noticias de la Industria Turistica","twitter_description":"Aerom\u00e9xico firm\u00f3 una alianza comercial con la Asociaci\u00f3n Metropolitana de Agencias de Viajes (La Metro) que entre otros acuerdos confirma el regreso de la aerol\u00ednea como socio preferencial de la asociaci\u00f3n. La presidenta de La Metro, Alicia Mej\u00eda, resalt\u00f3 que tanto la compa\u00f1\u00eda a\u00e9rea como la asociaci\u00f3n que preside son instituciones comprometidas que con esta [&hellip;]","twitter_image":"https:\/\/nitu.mx\/wp-content\/uploads\/2025\/08\/La-Metro-alianza-Aeromexico.jpg","twitter_creator":"@NITUmx","twitter_site":"@Arturo_Medina_G","twitter_misc":{"Escrito por":"Guadalupe Sixto","Tiempo de lectura":"2 minutos"},"schema":{"@context":"https:\/\/schema.org","@graph":[{"@type":"Article","@id":"https:\/\/nitu.mx\/index.php\/2025\/08\/12\/aeromexico-regresa-como-socio-preferencial-de-la-metro\/#article","isPartOf":{"@id":"https:\/\/nitu.mx\/index.php\/2025\/08\/12\/aeromexico-regresa-como-socio-preferencial-de-la-metro\/"},"author":{"name":"Guadalupe Sixto","@id":"https:\/\/nitu.mx\/#\/schema\/person\/3df3082b5e46037e3f13614d28ee0b77"},"headline":"Aerom\u00e9xico regresa como socio preferencial de La Metro","datePublished":"2025-08-13T03:30:00+00:00","dateModified":"2025-08-13T03:03:11+00:00","mainEntityOfPage":{"@id":"https:\/\/nitu.mx\/index.php\/2025\/08\/12\/aeromexico-regresa-como-socio-preferencial-de-la-metro\/"},"wordCount":400,"publisher":{"@id":"https:\/\/nitu.mx\/#\/schema\/person\/ae7a53426417292d3dd07b45a33e01bc"},"image":{"@id":"https:\/\/nitu.mx\/index.php\/2025\/08\/12\/aeromexico-regresa-como-socio-preferencial-de-la-metro\/#primaryimage"},"thumbnailUrl":"https:\/\/nitu.mx\/wp-content\/uploads\/2025\/08\/La-Metro-alianza-Aeromexico.jpg","keywords":["Aerom\u00e9xico","Alicia Mej\u00eda","Giancarlo Mulinelli","Pasquale Speranza"],"articleSection":["Agencias de Viajes"],"inLanguage":"es-MX"},{"@type":"WebPage","@id":"https:\/\/nitu.mx\/index.php\/2025\/08\/12\/aeromexico-regresa-como-socio-preferencial-de-la-metro\/","url":"https:\/\/nitu.mx\/index.php\/2025\/08\/12\/aeromexico-regresa-como-socio-preferencial-de-la-metro\/","name":"Aerom\u00e9xico regresa como socio preferencial de La Metro - Nitu - Noticias de la Industria Turistica","isPartOf":{"@id":"https:\/\/nitu.mx\/#website"},"primaryImageOfPage":{"@id":"https:\/\/nitu.mx\/index.php\/2025\/08\/12\/aeromexico-regresa-como-socio-preferencial-de-la-metro\/#primaryimage"},"image":{"@id":"https:\/\/nitu.mx\/index.php\/2025\/08\/12\/aeromexico-regresa-como-socio-preferencial-de-la-metro\/#primaryimage"},"thumbnailUrl":"https:\/\/nitu.mx\/wp-content\/uploads\/2025\/08\/La-Metro-alianza-Aeromexico.jpg","datePublished":"2025-08-13T03:30:00+00:00","dateModified":"2025-08-13T03:03:11+00:00","breadcrumb":{"@id":"https:\/\/nitu.mx\/index.php\/2025\/08\/12\/aeromexico-regresa-como-socio-preferencial-de-la-metro\/#breadcrumb"},"inLanguage":"es-MX","potentialAction":[{"@type":"ReadAction","target":["https:\/\/nitu.mx\/index.php\/2025\/08\/12\/aeromexico-regresa-como-socio-preferencial-de-la-metro\/"]}]},{"@type":"ImageObject","inLanguage":"es-MX","@id":"https:\/\/nitu.mx\/index.php\/2025\/08\/12\/aeromexico-regresa-como-socio-preferencial-de-la-metro\/#primaryimage","url":"https:\/\/nitu.mx\/wp-content\/uploads\/2025\/08\/La-Metro-alianza-Aeromexico.jpg","contentUrl":"https:\/\/nitu.mx\/wp-content\/uploads\/2025\/08\/La-Metro-alianza-Aeromexico.jpg","width":1200,"height":675,"caption":"La Metro alianza Aerom\u00e9xico"},{"@type":"BreadcrumbList","@id":"https:\/\/nitu.mx\/index.php\/2025\/08\/12\/aeromexico-regresa-como-socio-preferencial-de-la-metro\/#breadcrumb","itemListElement":[{"@type":"ListItem","position":1,"name":"Inicio","item":"https:\/\/nitu.mx\/"},{"@type":"ListItem","position":2,"name":"Aerom\u00e9xico regresa como socio preferencial de La Metro"}]},{"@type":"WebSite","@id":"https:\/\/nitu.mx\/#website","url":"https:\/\/nitu.mx\/","name":"Nitu - Noticias de la Industria Turistica","description":"Noticias de la Industria Turistica","publisher":{"@id":"https:\/\/nitu.mx\/#\/schema\/person\/ae7a53426417292d3dd07b45a33e01bc"},"alternateName":"Noticias de la Industria Turistica","potentialAction":[{"@type":"SearchAction","target":{"@type":"EntryPoint","urlTemplate":"https:\/\/nitu.mx\/?s={search_term_string}"},"query-input":"required name=search_term_string"}],"inLanguage":"es-MX"},{"@type":["Person","Organization"],"@id":"https:\/\/nitu.mx\/#\/schema\/person\/ae7a53426417292d3dd07b45a33e01bc","name":"Arturo Medina","image":{"@type":"ImageObject","inLanguage":"es-MX","@id":"https:\/\/nitu.mx\/#\/schema\/person\/image\/","url":"https:\/\/nitu.mx\/wp-content\/uploads\/2024\/04\/4A315622-1904-4D5C-B022-878CDC840E04-90x90-1.jpeg","contentUrl":"https:\/\/nitu.mx\/wp-content\/uploads\/2024\/04\/4A315622-1904-4D5C-B022-878CDC840E04-90x90-1.jpeg","width":90,"height":90,"caption":"Arturo Medina"},"logo":{"@id":"https:\/\/nitu.mx\/#\/schema\/person\/image\/"},"description":"Director NITU.mx, Egresado de la Escuela de Periodismo Carlos Septi\u00e9n Garc\u00eda. Periodista y analista especializado en turismo desde hace 35 a\u00f1os, radicado en Canc\u00fan Q.Roo. arturo@nitu.mx","sameAs":["https:\/\/nitu.mx","https:\/\/www.facebook.com\/NITUmx\/","medinacancun","https:\/\/twitter.com\/@Arturo_Medina_G"]},{"@type":"Person","@id":"https:\/\/nitu.mx\/#\/schema\/person\/3df3082b5e46037e3f13614d28ee0b77","name":"Guadalupe Sixto","image":{"@type":"ImageObject","inLanguage":"es-MX","@id":"https:\/\/nitu.mx\/#\/schema\/person\/image\/","url":"https:\/\/secure.gravatar.com\/avatar\/13914e1b0e1919e91f9539de4dc584c4?s=96&d=mm&r=g","contentUrl":"https:\/\/secure.gravatar.com\/avatar\/13914e1b0e1919e91f9539de4dc584c4?s=96&d=mm&r=g","caption":"Guadalupe Sixto"},"url":"https:\/\/nitu.mx\/index.php\/author\/gsixto\/"}]}},"views":742,"_links":{"self":[{"href":"https:\/\/nitu.mx\/index.php\/wp-json\/wp\/v2\/posts\/82794"}],"collection":[{"href":"https:\/\/nitu.mx\/index.php\/wp-json\/wp\/v2\/posts"}],"about":[{"href":"https:\/\/nitu.mx\/index.php\/wp-json\/wp\/v2\/types\/post"}],"author":[{"embeddable":true,"href":"https:\/\/nitu.mx\/index.php\/wp-json\/wp\/v2\/users\/18"}],"replies":[{"embeddable":true,"href":"https:\/\/nitu.mx\/index.php\/wp-json\/wp\/v2\/comments?post=82794"}],"version-history":[{"count":3,"href":"https:\/\/nitu.mx\/index.php\/wp-json\/wp\/v2\/posts\/82794\/revisions"}],"predecessor-version":[{"id":82798,"href":"https:\/\/nitu.mx\/index.php\/wp-json\/wp\/v2\/posts\/82794\/revisions\/82798"}],"wp:featuredmedia":[{"embeddable":true,"href":"https:\/\/nitu.mx\/index.php\/wp-json\/wp\/v2\/media\/82799"}],"wp:attachment":[{"href":"https:\/\/nitu.mx\/index.php\/wp-json\/wp\/v2\/media?parent=82794"}],"wp:term":[{"taxonomy":"category","embeddable":true,"href":"https:\/\/nitu.mx\/index.php\/wp-json\/wp\/v2\/categories?post=82794"},{"taxonomy":"post_tag","embeddable":true,"href":"https:\/\/nitu.mx\/index.php\/wp-json\/wp\/v2\/tags?post=82794"}],"curies":[{"name":"wp","href":"https:\/\/api.w.org\/{rel}","templated":true}]}}