{"id":82785,"date":"2025-08-12T20:00:00","date_gmt":"2025-08-13T02:00:00","guid":{"rendered":"https:\/\/nitu.mx\/?p=82785"},"modified":"2025-08-12T18:26:37","modified_gmt":"2025-08-13T00:26:37","slug":"los-cabos-brilla-como-epicentro-del-lujo-aventura-y-naturaleza-en-virtuoso-travel-week-las-vegas-2025","status":"publish","type":"post","link":"https:\/\/nitu.mx\/index.php\/2025\/08\/12\/los-cabos-brilla-como-epicentro-del-lujo-aventura-y-naturaleza-en-virtuoso-travel-week-las-vegas-2025\/","title":{"rendered":"Los Cabos brilla como epicentro del lujo, aventura y naturaleza en Virtuoso Travel Week Las Vegas 2025"},"content":{"rendered":"\n<p>Durante Virtuoso Travel Week Las Vegas 2025, que se lleva a cabo del 9 al 15 de agosto, Los Cabos consolida su liderazgo como el destino con la mayor concentraci\u00f3n de hoteles miembros de Virtuoso en M\u00e9xico, el Caribe y Latinoam\u00e9rica, con un total de 15 exclusivas propiedades, todas presentes en el evento.<\/p>\n\n\n\n<p>Del 9 al 15 de agosto, el Fideicomiso de Turismo de Los Cabos (FITURCA) y los socios estrat\u00e9gicos del destino desplegaron una agenda integral orientada a fortalecer v\u00ednculos con asesores de viaje, medios de comunicaci\u00f3n y l\u00edderes internacionales del sector, impulsando la presencia de Los Cabos como un destino que combina lujo, aventura y naturaleza.<\/p>\n\n\n\n<p>Durante Virtuoso Travel Week Las Vegas 2025, se realizaron 166 reuniones con asesores especializados en turismo de lujo y se particip\u00f3 en el torneo de golf <em>Connect<\/em> con 30 asesores estrat\u00e9gicos. El destino tambi\u00e9n estuvo presente en la Comunidad de Aventura a trav\u00e9s de un stand dedicado a las experiencias en el Mar de Cort\u00e9s y el legado de Jacques Cousteau, donde se llevaron a cabo 75 presentaciones para 8 grupos de agentes, impactando a m\u00e1s de 610 profesionales.<\/p>\n\n\n\n<p>Adem\u00e1s, se particip\u00f3 en un desayuno que reuni\u00f3 a 1,200 asesores de viaje y se realizaron encuentros con m\u00e1s de 30 medios nacionales e internacionales, consolidando la visibilidad del destino en diferentes plataformas de comunicaci\u00f3n.<\/p>\n\n\n\n<p>La participaci\u00f3n en la Comunidad de Sostenibilidad se destac\u00f3 en el evento <em>Under One Sky<\/em>, junto con la organizaci\u00f3n de un c\u00f3ctel exclusivo de Los Cabos para 60 asesores y socios estrat\u00e9gicos. Tambi\u00e9n se llevaron a cabo reuniones ejecutivas con representantes de Virtuoso Asia, Virtuoso Latam y el presidente global de Virtuoso, fortaleciendo la relaci\u00f3n con l\u00edderes internacionales del sector tur\u00edstico.<\/p>\n\n\n\n<p>El impacto econ\u00f3mico del segmento de lujo en Los Cabos es significativo. En 2024, la red Virtuoso gener\u00f3 m\u00e1s de 5,650 millones de pesos en derrama econ\u00f3mica solo en hoteles miembros, contribuyendo con un impacto total estimado de 1,015 millones de pesos para el destino. Este mercado produjo 113,500 noches de habitaci\u00f3n, con una tarifa promedio de 2,489 USD por noche y un gasto promedio de 57,000 pesos por estancia, lo que subraya la importancia estrat\u00e9gica de este segmento para la econom\u00eda local.<\/p>\n\n\n\n<p>\u201cVirtuoso Travel Week es la vitrina global m\u00e1s importante para el segmento de lujo. Para Los Cabos, representa una oportunidad \u00fanica de mostrar la diversidad de experiencias que nos distinguen: desde hoteles de clase mundial hasta aventuras en el Mar de Cort\u00e9s. Nuestra participaci\u00f3n no solo refuerza el posicionamiento internacional del destino, sino que tambi\u00e9n genera beneficios econ\u00f3micos para la comunidad y asegura que Los Cabos se mantenga como referente de lujo, naturaleza y sustentabilidad\u201d, se\u00f1al\u00f3 Rodrigo Esponda, director general de FITURCA.<\/p>\n\n\n\n<p>Las propiedades Virtuoso presentes en el evento fueron:<\/p>\n\n\n\n<ol type=\"1\">\n<li>Chileno Bay Resort &amp; Residences<\/li>\n\n\n\n<li>Esperanza, An Auberge Resort<\/li>\n\n\n\n<li>Four Seasons Resort Los Cabos at Costa Palmas<\/li>\n\n\n\n<li>Grand Velas Los Cabos<\/li>\n\n\n\n<li>Grand Velas Boutique Hotel Los Cabos<\/li>\n\n\n\n<li>Las Ventanas al Para\u00edso, A Rosewood Resort<\/li>\n\n\n\n<li>Montage Los Cabos<\/li>\n\n\n\n<li>Nobu Hotel Los Cabos<\/li>\n\n\n\n<li>One&amp;Only Palmilla<\/li>\n\n\n\n<li>Park Hyatt Los Cabos<\/li>\n\n\n\n<li>Solaz, a Luxury Collection Resort<\/li>\n\n\n\n<li>The Cape, a Thompson Hotel<\/li>\n\n\n\n<li>Viceroy Los Cabos<\/li>\n\n\n\n<li>Waldorf Astoria Los Cabos Pedregal<\/li>\n\n\n\n<li>Zad\u00fan, a Ritz-Carlton Reserve<\/li>\n<\/ol>\n\n\n\n<p>Los Cabos contin\u00faa consolid\u00e1ndose como un destino que combina exclusividad, servicios de alto nivel y experiencias en un entorno natural privilegiado, reafirmando su lugar como un epicentro del turismo de lujo a nivel mundial. (<a href=\"https:\/\/nitu.mx\/index.php\/2025\/07\/10\/volaris-inicia-su-ruta-los-cabos-a-ontario-california\/\">Volaris inicia su ruta Los Cabos a Ontario, California<\/a>).<\/p>\n","protected":false},"excerpt":{"rendered":"<p>Durante Virtuoso Travel Week Las Vegas 2025, que se lleva a cabo del 9 al 15 de agosto, Los Cabos consolida su liderazgo como el destino con la mayor concentraci\u00f3n de hoteles miembros de Virtuoso en M\u00e9xico, el Caribe y Latinoam\u00e9rica, con un total de 15 exclusivas propiedades, todas presentes en el evento. Del 9 [&hellip;]<\/p>\n","protected":false},"author":17,"featured_media":51216,"comment_status":"closed","ping_status":"closed","sticky":false,"template":"","format":"standard","meta":{"footnotes":""},"categories":[5],"tags":[1443,130,1028,5411,5412],"yoast_head":"<!-- This site is optimized with the Yoast SEO plugin v22.2 - https:\/\/yoast.com\/wordpress\/plugins\/seo\/ -->\n<title>Los Cabos brilla como epicentro del lujo, aventura y naturaleza en Virtuoso Travel Week Las Vegas 2025 - Nitu - Noticias de la Industria Turistica<\/title>\n<meta name=\"robots\" content=\"index, follow, max-snippet:-1, max-image-preview:large, max-video-preview:-1\" \/>\n<link rel=\"canonical\" href=\"https:\/\/nitu.mx\/index.php\/2025\/08\/12\/los-cabos-brilla-como-epicentro-del-lujo-aventura-y-naturaleza-en-virtuoso-travel-week-las-vegas-2025\/\" \/>\n<meta name=\"twitter:card\" content=\"summary_large_image\" \/>\n<meta name=\"twitter:title\" content=\"Los Cabos brilla como epicentro del lujo, aventura y naturaleza en Virtuoso Travel Week Las Vegas 2025 - Nitu - Noticias de la Industria Turistica\" \/>\n<meta name=\"twitter:description\" content=\"Durante Virtuoso Travel Week Las Vegas 2025, que se lleva a cabo del 9 al 15 de agosto, Los Cabos consolida su liderazgo como el destino con la mayor concentraci\u00f3n de hoteles miembros de Virtuoso en M\u00e9xico, el Caribe y Latinoam\u00e9rica, con un total de 15 exclusivas propiedades, todas presentes en el evento. Del 9 [&hellip;]\" \/>\n<meta name=\"twitter:image\" content=\"https:\/\/nitu.mx\/wp-content\/uploads\/2021\/03\/Los-Cabos-Verified-Sharecare.jpg\" \/>\n<meta name=\"twitter:creator\" content=\"@NITUmx\" \/>\n<meta name=\"twitter:site\" content=\"@Arturo_Medina_G\" \/>\n<meta name=\"twitter:label1\" content=\"Escrito por\" \/>\n\t<meta name=\"twitter:data1\" content=\"Redacci\u00f3n\" \/>\n\t<meta name=\"twitter:label2\" content=\"Tiempo de lectura\" \/>\n\t<meta name=\"twitter:data2\" content=\"3 minutos\" \/>\n<script type=\"application\/ld+json\" class=\"yoast-schema-graph\">{\"@context\":\"https:\/\/schema.org\",\"@graph\":[{\"@type\":\"Article\",\"@id\":\"https:\/\/nitu.mx\/index.php\/2025\/08\/12\/los-cabos-brilla-como-epicentro-del-lujo-aventura-y-naturaleza-en-virtuoso-travel-week-las-vegas-2025\/#article\",\"isPartOf\":{\"@id\":\"https:\/\/nitu.mx\/index.php\/2025\/08\/12\/los-cabos-brilla-como-epicentro-del-lujo-aventura-y-naturaleza-en-virtuoso-travel-week-las-vegas-2025\/\"},\"author\":{\"name\":\"Redacci\u00f3n\",\"@id\":\"https:\/\/nitu.mx\/#\/schema\/person\/4a28fe9bd65924f7c90623773daf1b0b\"},\"headline\":\"Los Cabos brilla como epicentro del lujo, aventura y naturaleza en Virtuoso Travel Week Las Vegas 2025\",\"datePublished\":\"2025-08-13T02:00:00+00:00\",\"dateModified\":\"2025-08-13T00:26:37+00:00\",\"mainEntityOfPage\":{\"@id\":\"https:\/\/nitu.mx\/index.php\/2025\/08\/12\/los-cabos-brilla-como-epicentro-del-lujo-aventura-y-naturaleza-en-virtuoso-travel-week-las-vegas-2025\/\"},\"wordCount\":604,\"publisher\":{\"@id\":\"https:\/\/nitu.mx\/#\/schema\/person\/ae7a53426417292d3dd07b45a33e01bc\"},\"image\":{\"@id\":\"https:\/\/nitu.mx\/index.php\/2025\/08\/12\/los-cabos-brilla-como-epicentro-del-lujo-aventura-y-naturaleza-en-virtuoso-travel-week-las-vegas-2025\/#primaryimage\"},\"thumbnailUrl\":\"https:\/\/nitu.mx\/wp-content\/uploads\/2021\/03\/Los-Cabos-Verified-Sharecare.jpg\",\"keywords\":[\"Fiturca\",\"Los Cabos\",\"Rodrigo Esponda\",\"Virtuoso\",\"Virtuoso Travel Week\"],\"articleSection\":[\"Destinos\"],\"inLanguage\":\"es-MX\"},{\"@type\":\"WebPage\",\"@id\":\"https:\/\/nitu.mx\/index.php\/2025\/08\/12\/los-cabos-brilla-como-epicentro-del-lujo-aventura-y-naturaleza-en-virtuoso-travel-week-las-vegas-2025\/\",\"url\":\"https:\/\/nitu.mx\/index.php\/2025\/08\/12\/los-cabos-brilla-como-epicentro-del-lujo-aventura-y-naturaleza-en-virtuoso-travel-week-las-vegas-2025\/\",\"name\":\"Los Cabos brilla como epicentro del lujo, aventura y naturaleza en Virtuoso Travel Week Las Vegas 2025 - Nitu - Noticias de la Industria Turistica\",\"isPartOf\":{\"@id\":\"https:\/\/nitu.mx\/#website\"},\"primaryImageOfPage\":{\"@id\":\"https:\/\/nitu.mx\/index.php\/2025\/08\/12\/los-cabos-brilla-como-epicentro-del-lujo-aventura-y-naturaleza-en-virtuoso-travel-week-las-vegas-2025\/#primaryimage\"},\"image\":{\"@id\":\"https:\/\/nitu.mx\/index.php\/2025\/08\/12\/los-cabos-brilla-como-epicentro-del-lujo-aventura-y-naturaleza-en-virtuoso-travel-week-las-vegas-2025\/#primaryimage\"},\"thumbnailUrl\":\"https:\/\/nitu.mx\/wp-content\/uploads\/2021\/03\/Los-Cabos-Verified-Sharecare.jpg\",\"datePublished\":\"2025-08-13T02:00:00+00:00\",\"dateModified\":\"2025-08-13T00:26:37+00:00\",\"breadcrumb\":{\"@id\":\"https:\/\/nitu.mx\/index.php\/2025\/08\/12\/los-cabos-brilla-como-epicentro-del-lujo-aventura-y-naturaleza-en-virtuoso-travel-week-las-vegas-2025\/#breadcrumb\"},\"inLanguage\":\"es-MX\",\"potentialAction\":[{\"@type\":\"ReadAction\",\"target\":[\"https:\/\/nitu.mx\/index.php\/2025\/08\/12\/los-cabos-brilla-como-epicentro-del-lujo-aventura-y-naturaleza-en-virtuoso-travel-week-las-vegas-2025\/\"]}]},{\"@type\":\"ImageObject\",\"inLanguage\":\"es-MX\",\"@id\":\"https:\/\/nitu.mx\/index.php\/2025\/08\/12\/los-cabos-brilla-como-epicentro-del-lujo-aventura-y-naturaleza-en-virtuoso-travel-week-las-vegas-2025\/#primaryimage\",\"url\":\"https:\/\/nitu.mx\/wp-content\/uploads\/2021\/03\/Los-Cabos-Verified-Sharecare.jpg\",\"contentUrl\":\"https:\/\/nitu.mx\/wp-content\/uploads\/2021\/03\/Los-Cabos-Verified-Sharecare.jpg\",\"width\":1200,\"height\":675,\"caption\":\"Los Cabos IBTM Am\u00e9ricas Baja California Sur\"},{\"@type\":\"BreadcrumbList\",\"@id\":\"https:\/\/nitu.mx\/index.php\/2025\/08\/12\/los-cabos-brilla-como-epicentro-del-lujo-aventura-y-naturaleza-en-virtuoso-travel-week-las-vegas-2025\/#breadcrumb\",\"itemListElement\":[{\"@type\":\"ListItem\",\"position\":1,\"name\":\"Inicio\",\"item\":\"https:\/\/nitu.mx\/\"},{\"@type\":\"ListItem\",\"position\":2,\"name\":\"Los Cabos brilla como epicentro del lujo, aventura y naturaleza en Virtuoso Travel Week Las Vegas 2025\"}]},{\"@type\":\"WebSite\",\"@id\":\"https:\/\/nitu.mx\/#website\",\"url\":\"https:\/\/nitu.mx\/\",\"name\":\"Nitu - Noticias de la Industria Turistica\",\"description\":\"Noticias de la Industria Turistica\",\"publisher\":{\"@id\":\"https:\/\/nitu.mx\/#\/schema\/person\/ae7a53426417292d3dd07b45a33e01bc\"},\"alternateName\":\"Noticias de la Industria Turistica\",\"potentialAction\":[{\"@type\":\"SearchAction\",\"target\":{\"@type\":\"EntryPoint\",\"urlTemplate\":\"https:\/\/nitu.mx\/?s={search_term_string}\"},\"query-input\":\"required name=search_term_string\"}],\"inLanguage\":\"es-MX\"},{\"@type\":[\"Person\",\"Organization\"],\"@id\":\"https:\/\/nitu.mx\/#\/schema\/person\/ae7a53426417292d3dd07b45a33e01bc\",\"name\":\"Arturo Medina\",\"image\":{\"@type\":\"ImageObject\",\"inLanguage\":\"es-MX\",\"@id\":\"https:\/\/nitu.mx\/#\/schema\/person\/image\/\",\"url\":\"https:\/\/nitu.mx\/wp-content\/uploads\/2024\/04\/4A315622-1904-4D5C-B022-878CDC840E04-90x90-1.jpeg\",\"contentUrl\":\"https:\/\/nitu.mx\/wp-content\/uploads\/2024\/04\/4A315622-1904-4D5C-B022-878CDC840E04-90x90-1.jpeg\",\"width\":90,\"height\":90,\"caption\":\"Arturo Medina\"},\"logo\":{\"@id\":\"https:\/\/nitu.mx\/#\/schema\/person\/image\/\"},\"description\":\"Director NITU.mx, Egresado de la Escuela de Periodismo Carlos Septi\u00e9n Garc\u00eda. Periodista y analista especializado en turismo desde hace 35 a\u00f1os, radicado en Canc\u00fan Q.Roo. arturo@nitu.mx\",\"sameAs\":[\"https:\/\/nitu.mx\",\"https:\/\/www.facebook.com\/NITUmx\/\",\"medinacancun\",\"https:\/\/twitter.com\/@Arturo_Medina_G\"]},{\"@type\":\"Person\",\"@id\":\"https:\/\/nitu.mx\/#\/schema\/person\/4a28fe9bd65924f7c90623773daf1b0b\",\"name\":\"Redacci\u00f3n\",\"image\":{\"@type\":\"ImageObject\",\"inLanguage\":\"es-MX\",\"@id\":\"https:\/\/nitu.mx\/#\/schema\/person\/image\/\",\"url\":\"https:\/\/secure.gravatar.com\/avatar\/5dd011c8ccfc5cd7e4c81e42252aab38?s=96&d=mm&r=g\",\"contentUrl\":\"https:\/\/secure.gravatar.com\/avatar\/5dd011c8ccfc5cd7e4c81e42252aab38?s=96&d=mm&r=g\",\"caption\":\"Redacci\u00f3n\"},\"url\":\"https:\/\/nitu.mx\/index.php\/author\/redaccion\/\"}]}<\/script>\n<!-- \/ Yoast SEO plugin. -->","yoast_head_json":{"title":"Los Cabos brilla como epicentro del lujo, aventura y naturaleza en Virtuoso Travel Week Las Vegas 2025 - Nitu - Noticias de la Industria Turistica","robots":{"index":"index","follow":"follow","max-snippet":"max-snippet:-1","max-image-preview":"max-image-preview:large","max-video-preview":"max-video-preview:-1"},"canonical":"https:\/\/nitu.mx\/index.php\/2025\/08\/12\/los-cabos-brilla-como-epicentro-del-lujo-aventura-y-naturaleza-en-virtuoso-travel-week-las-vegas-2025\/","twitter_card":"summary_large_image","twitter_title":"Los Cabos brilla como epicentro del lujo, aventura y naturaleza en Virtuoso Travel Week Las Vegas 2025 - Nitu - Noticias de la Industria Turistica","twitter_description":"Durante Virtuoso Travel Week Las Vegas 2025, que se lleva a cabo del 9 al 15 de agosto, Los Cabos consolida su liderazgo como el destino con la mayor concentraci\u00f3n de hoteles miembros de Virtuoso en M\u00e9xico, el Caribe y Latinoam\u00e9rica, con un total de 15 exclusivas propiedades, todas presentes en el evento. Del 9 [&hellip;]","twitter_image":"https:\/\/nitu.mx\/wp-content\/uploads\/2021\/03\/Los-Cabos-Verified-Sharecare.jpg","twitter_creator":"@NITUmx","twitter_site":"@Arturo_Medina_G","twitter_misc":{"Escrito por":"Redacci\u00f3n","Tiempo de lectura":"3 minutos"},"schema":{"@context":"https:\/\/schema.org","@graph":[{"@type":"Article","@id":"https:\/\/nitu.mx\/index.php\/2025\/08\/12\/los-cabos-brilla-como-epicentro-del-lujo-aventura-y-naturaleza-en-virtuoso-travel-week-las-vegas-2025\/#article","isPartOf":{"@id":"https:\/\/nitu.mx\/index.php\/2025\/08\/12\/los-cabos-brilla-como-epicentro-del-lujo-aventura-y-naturaleza-en-virtuoso-travel-week-las-vegas-2025\/"},"author":{"name":"Redacci\u00f3n","@id":"https:\/\/nitu.mx\/#\/schema\/person\/4a28fe9bd65924f7c90623773daf1b0b"},"headline":"Los Cabos brilla como epicentro del lujo, aventura y naturaleza en Virtuoso Travel Week Las Vegas 2025","datePublished":"2025-08-13T02:00:00+00:00","dateModified":"2025-08-13T00:26:37+00:00","mainEntityOfPage":{"@id":"https:\/\/nitu.mx\/index.php\/2025\/08\/12\/los-cabos-brilla-como-epicentro-del-lujo-aventura-y-naturaleza-en-virtuoso-travel-week-las-vegas-2025\/"},"wordCount":604,"publisher":{"@id":"https:\/\/nitu.mx\/#\/schema\/person\/ae7a53426417292d3dd07b45a33e01bc"},"image":{"@id":"https:\/\/nitu.mx\/index.php\/2025\/08\/12\/los-cabos-brilla-como-epicentro-del-lujo-aventura-y-naturaleza-en-virtuoso-travel-week-las-vegas-2025\/#primaryimage"},"thumbnailUrl":"https:\/\/nitu.mx\/wp-content\/uploads\/2021\/03\/Los-Cabos-Verified-Sharecare.jpg","keywords":["Fiturca","Los Cabos","Rodrigo Esponda","Virtuoso","Virtuoso Travel Week"],"articleSection":["Destinos"],"inLanguage":"es-MX"},{"@type":"WebPage","@id":"https:\/\/nitu.mx\/index.php\/2025\/08\/12\/los-cabos-brilla-como-epicentro-del-lujo-aventura-y-naturaleza-en-virtuoso-travel-week-las-vegas-2025\/","url":"https:\/\/nitu.mx\/index.php\/2025\/08\/12\/los-cabos-brilla-como-epicentro-del-lujo-aventura-y-naturaleza-en-virtuoso-travel-week-las-vegas-2025\/","name":"Los Cabos brilla como epicentro del lujo, aventura y naturaleza en Virtuoso Travel Week Las Vegas 2025 - Nitu - Noticias de la Industria Turistica","isPartOf":{"@id":"https:\/\/nitu.mx\/#website"},"primaryImageOfPage":{"@id":"https:\/\/nitu.mx\/index.php\/2025\/08\/12\/los-cabos-brilla-como-epicentro-del-lujo-aventura-y-naturaleza-en-virtuoso-travel-week-las-vegas-2025\/#primaryimage"},"image":{"@id":"https:\/\/nitu.mx\/index.php\/2025\/08\/12\/los-cabos-brilla-como-epicentro-del-lujo-aventura-y-naturaleza-en-virtuoso-travel-week-las-vegas-2025\/#primaryimage"},"thumbnailUrl":"https:\/\/nitu.mx\/wp-content\/uploads\/2021\/03\/Los-Cabos-Verified-Sharecare.jpg","datePublished":"2025-08-13T02:00:00+00:00","dateModified":"2025-08-13T00:26:37+00:00","breadcrumb":{"@id":"https:\/\/nitu.mx\/index.php\/2025\/08\/12\/los-cabos-brilla-como-epicentro-del-lujo-aventura-y-naturaleza-en-virtuoso-travel-week-las-vegas-2025\/#breadcrumb"},"inLanguage":"es-MX","potentialAction":[{"@type":"ReadAction","target":["https:\/\/nitu.mx\/index.php\/2025\/08\/12\/los-cabos-brilla-como-epicentro-del-lujo-aventura-y-naturaleza-en-virtuoso-travel-week-las-vegas-2025\/"]}]},{"@type":"ImageObject","inLanguage":"es-MX","@id":"https:\/\/nitu.mx\/index.php\/2025\/08\/12\/los-cabos-brilla-como-epicentro-del-lujo-aventura-y-naturaleza-en-virtuoso-travel-week-las-vegas-2025\/#primaryimage","url":"https:\/\/nitu.mx\/wp-content\/uploads\/2021\/03\/Los-Cabos-Verified-Sharecare.jpg","contentUrl":"https:\/\/nitu.mx\/wp-content\/uploads\/2021\/03\/Los-Cabos-Verified-Sharecare.jpg","width":1200,"height":675,"caption":"Los Cabos IBTM Am\u00e9ricas Baja California Sur"},{"@type":"BreadcrumbList","@id":"https:\/\/nitu.mx\/index.php\/2025\/08\/12\/los-cabos-brilla-como-epicentro-del-lujo-aventura-y-naturaleza-en-virtuoso-travel-week-las-vegas-2025\/#breadcrumb","itemListElement":[{"@type":"ListItem","position":1,"name":"Inicio","item":"https:\/\/nitu.mx\/"},{"@type":"ListItem","position":2,"name":"Los Cabos brilla como epicentro del lujo, aventura y naturaleza en Virtuoso Travel Week Las Vegas 2025"}]},{"@type":"WebSite","@id":"https:\/\/nitu.mx\/#website","url":"https:\/\/nitu.mx\/","name":"Nitu - Noticias de la Industria Turistica","description":"Noticias de la Industria Turistica","publisher":{"@id":"https:\/\/nitu.mx\/#\/schema\/person\/ae7a53426417292d3dd07b45a33e01bc"},"alternateName":"Noticias de la Industria Turistica","potentialAction":[{"@type":"SearchAction","target":{"@type":"EntryPoint","urlTemplate":"https:\/\/nitu.mx\/?s={search_term_string}"},"query-input":"required name=search_term_string"}],"inLanguage":"es-MX"},{"@type":["Person","Organization"],"@id":"https:\/\/nitu.mx\/#\/schema\/person\/ae7a53426417292d3dd07b45a33e01bc","name":"Arturo Medina","image":{"@type":"ImageObject","inLanguage":"es-MX","@id":"https:\/\/nitu.mx\/#\/schema\/person\/image\/","url":"https:\/\/nitu.mx\/wp-content\/uploads\/2024\/04\/4A315622-1904-4D5C-B022-878CDC840E04-90x90-1.jpeg","contentUrl":"https:\/\/nitu.mx\/wp-content\/uploads\/2024\/04\/4A315622-1904-4D5C-B022-878CDC840E04-90x90-1.jpeg","width":90,"height":90,"caption":"Arturo Medina"},"logo":{"@id":"https:\/\/nitu.mx\/#\/schema\/person\/image\/"},"description":"Director NITU.mx, Egresado de la Escuela de Periodismo Carlos Septi\u00e9n Garc\u00eda. Periodista y analista especializado en turismo desde hace 35 a\u00f1os, radicado en Canc\u00fan Q.Roo. arturo@nitu.mx","sameAs":["https:\/\/nitu.mx","https:\/\/www.facebook.com\/NITUmx\/","medinacancun","https:\/\/twitter.com\/@Arturo_Medina_G"]},{"@type":"Person","@id":"https:\/\/nitu.mx\/#\/schema\/person\/4a28fe9bd65924f7c90623773daf1b0b","name":"Redacci\u00f3n","image":{"@type":"ImageObject","inLanguage":"es-MX","@id":"https:\/\/nitu.mx\/#\/schema\/person\/image\/","url":"https:\/\/secure.gravatar.com\/avatar\/5dd011c8ccfc5cd7e4c81e42252aab38?s=96&d=mm&r=g","contentUrl":"https:\/\/secure.gravatar.com\/avatar\/5dd011c8ccfc5cd7e4c81e42252aab38?s=96&d=mm&r=g","caption":"Redacci\u00f3n"},"url":"https:\/\/nitu.mx\/index.php\/author\/redaccion\/"}]}},"views":702,"_links":{"self":[{"href":"https:\/\/nitu.mx\/index.php\/wp-json\/wp\/v2\/posts\/82785"}],"collection":[{"href":"https:\/\/nitu.mx\/index.php\/wp-json\/wp\/v2\/posts"}],"about":[{"href":"https:\/\/nitu.mx\/index.php\/wp-json\/wp\/v2\/types\/post"}],"author":[{"embeddable":true,"href":"https:\/\/nitu.mx\/index.php\/wp-json\/wp\/v2\/users\/17"}],"replies":[{"embeddable":true,"href":"https:\/\/nitu.mx\/index.php\/wp-json\/wp\/v2\/comments?post=82785"}],"version-history":[{"count":1,"href":"https:\/\/nitu.mx\/index.php\/wp-json\/wp\/v2\/posts\/82785\/revisions"}],"predecessor-version":[{"id":82787,"href":"https:\/\/nitu.mx\/index.php\/wp-json\/wp\/v2\/posts\/82785\/revisions\/82787"}],"wp:featuredmedia":[{"embeddable":true,"href":"https:\/\/nitu.mx\/index.php\/wp-json\/wp\/v2\/media\/51216"}],"wp:attachment":[{"href":"https:\/\/nitu.mx\/index.php\/wp-json\/wp\/v2\/media?parent=82785"}],"wp:term":[{"taxonomy":"category","embeddable":true,"href":"https:\/\/nitu.mx\/index.php\/wp-json\/wp\/v2\/categories?post=82785"},{"taxonomy":"post_tag","embeddable":true,"href":"https:\/\/nitu.mx\/index.php\/wp-json\/wp\/v2\/tags?post=82785"}],"curies":[{"name":"wp","href":"https:\/\/api.w.org\/{rel}","templated":true}]}}