{"id":82753,"date":"2025-08-11T20:00:00","date_gmt":"2025-08-12T02:00:00","guid":{"rendered":"https:\/\/nitu.mx\/?p=82753"},"modified":"2025-08-11T18:58:52","modified_gmt":"2025-08-12T00:58:52","slug":"sectur-profeco-y-hoteleros-acuerdan-acciones-para-garantizar-derechos-de-turistas","status":"publish","type":"post","link":"https:\/\/nitu.mx\/index.php\/2025\/08\/11\/sectur-profeco-y-hoteleros-acuerdan-acciones-para-garantizar-derechos-de-turistas\/","title":{"rendered":"Sectur, Profeco y hoteleros acuerdan acciones para garantizar derechos de turistas"},"content":{"rendered":"\n<p>La secretaria de Turismo federal, Josefina Rodr\u00edguez Zamora, y el procurador Federal del Consumidor, Iv\u00e1n Escalante Ruiz, encabezaron una reuni\u00f3n con representantes del sector hotelero para presentar acciones a favor del cumplimiento de la Ley Federal de Protecci\u00f3n al Consumidor y elevar la calidad de los servicios tur\u00edsticos.<\/p>\n\n\n\n<p>\u201cLa visi\u00f3n de este gobierno es trabajar de la mano con la iniciativa privada, porque sin ustedes no es posible llevar a cabo el turismo. El turismo es confianza, el turismo es calidad, pero tambi\u00e9n el turismo hoy es para todas y todos\u201d, se\u00f1al\u00f3.<\/p>\n\n\n\n<p>Durante este encuentro, representantes de Sectur y Profeco explicaron a las y los hoteleros estrategias y medidas para fortalecer la calidad y competitividad de los servicios tur\u00edsticos. La reuni\u00f3n permiti\u00f3 generar un di\u00e1logo constructivo orientado a identificar acciones conjuntas que impulsen el desarrollo del sector y mejoren la experiencia de las personas consumidoras.<\/p>\n\n\n\n<p>La titular de la Sectur destac\u00f3 que este tipo de encuentros buscan evitar sanciones y suspensiones que afectan la operaci\u00f3n y la reputaci\u00f3n de los destinos, as\u00ed como fortalecer la calidad y profesionalizaci\u00f3n del sector, protegiendo al mismo tiempo los derechos de las y los turistas como consumidores.<\/p>\n\n\n\n<p>\u201cLa satisfacci\u00f3n del visitante no es solo un objetivo comercial, es tambi\u00e9n una obligaci\u00f3n legal y un compromiso \u00e9tico. El cumplimiento normativo es una condici\u00f3n indispensable para garantizar que la experiencia tur\u00edstica en M\u00e9xico sea sin\u00f3nimo de calidad, seguridad, legalidad y confianza\u201d, afirm\u00f3.<\/p>\n\n\n\n<p>Rodr\u00edguez Zamora precis\u00f3 que, para garantizar el bienestar de las y los turistas, la Secretar\u00eda de Turismo puso en marcha un buz\u00f3n de quejas, a trav\u00e9s del cual se trabaja de manera interinstitucional e intersectorial para identificar \u00e1reas de mejora y tomar acciones correctivas.<\/p>\n\n\n\n<p>Asimismo, invit\u00f3 a las y los hoteleros a sumarse a la Campa\u00f1a Nacional de Autoverificaci\u00f3n Tur\u00edstica 2025, un mecanismo voluntario, digital y proactivo, que permite a los prestadores evaluar y demostrar su cumplimiento de manera aut\u00f3noma y transparente.<\/p>\n\n\n\n<p>A\u00f1adi\u00f3 que, con el prop\u00f3sito de apoyar a las y los prestadores de servicios tur\u00edsticos, el plazo de registro se ampliar\u00e1 hasta el 30 de agosto, otorgando m\u00e1s tiempo para facilitar su participaci\u00f3n en este ejercicio de autoevaluaci\u00f3n y permitirles acceder a este reconocimiento de compromiso tur\u00edstico.<\/p>\n\n\n\n<p>\u201cA todas y todos los aqu\u00ed reunidos, de manera presencial y virtual, les reitero que este encuentro es una oportunidad para consolidar la confianza entre autoridades, empresarios y consumidores, y para proyectar a M\u00e9xico como una potencia tur\u00edstica global que se distingue por su seriedad y su excelencia\u201d, concluy\u00f3.<\/p>\n\n\n\n<p>Por su parte, el titular de la Profeco subray\u00f3 que el objetivo principal de esta instituci\u00f3n es \u201cproteger y defender los derechos de las personas consumidoras. En el \u00e1mbito del turismo, esto se traduce en una labor crucial para garantizar que nuestras experiencias de viaje sean justas, seguras y de calidad\u201d.<\/p>\n\n\n\n<p>Escalante Ruiz se\u00f1al\u00f3 que la Procuradur\u00eda realiza acciones de vigilancia e inspecciones constantes en hoteles, agencias de viajes y aerol\u00edneas, entre otros proveedores, as\u00ed como labores de verificaci\u00f3n, monitoreo y supervisi\u00f3n para que se cumpla con los derechos de las personas consumidoras.<\/p>\n\n\n\n<p>\u201cLo que queremos es ayudar y contribuir, desde nuestras atribuciones, al crecimiento del sector tur\u00edstico y, juntos proteger a las personas consumidoras\u201d, manifest\u00f3.<\/p>\n\n\n\n<p>El procurador explic\u00f3 que, cuando se presenta un inconveniente con el proveedor, Profeco es el puente para la soluci\u00f3n. A trav\u00e9s de procesos de conciliaci\u00f3n y atenci\u00f3n a quejas y denuncias, se da seguimiento a las inconformidades que puedan surgir entre las personas viajeras y resalt\u00f3 que el sector hotelero tiene un 75 por ciento de nivel de conciliaci\u00f3n, uno de los m\u00e1s altos. (<a href=\"https:\/\/nitu.mx\/index.php\/2025\/07\/28\/profeco-recupera-mas-de-632-mil-pesos-para-los-viajeros-en-lo-que-va-del-verano\/\">Profeco recupera m\u00e1s de 632 mil pesos para los viajeros en lo que va del verano<\/a>).<\/p>\n\n\n\n<p>Agreg\u00f3 que la Procuradur\u00eda tiene la facultad de sancionar a los proveedores cuando incumplen con la Ley Federal de Protecci\u00f3n al Consumidor, con el fin de fomentar una competencia leal y elevar los est\u00e1ndares de calidad en todo el sector.<\/p>\n\n\n\n<p>En esta reuni\u00f3n participaron tanto en formato presencial como virtual, entre otros, presidentes, expresidentes y representantes de la Asociaci\u00f3n Mexicana de Hoteles y Moteles, Asociaci\u00f3n Nacional de Cadenas Hoteleras, del Consejo Nacional Empresarial Tur\u00edstico, de Concanaco Servytur, as\u00ed como presidentes y directivos de importantes cadenas como Grupo Vidanta, Posadas, Hoteles Xcaret, Grupo Palace, entre otros.<\/p>\n","protected":false},"excerpt":{"rendered":"<p>La secretaria de Turismo federal, Josefina Rodr\u00edguez Zamora, y el procurador Federal del Consumidor, Iv\u00e1n Escalante Ruiz, encabezaron una reuni\u00f3n con representantes del sector hotelero para presentar acciones a favor del cumplimiento de la Ley Federal de Protecci\u00f3n al Consumidor y elevar la calidad de los servicios tur\u00edsticos. \u201cLa visi\u00f3n de este gobierno es trabajar [&hellip;]<\/p>\n","protected":false},"author":17,"featured_media":82755,"comment_status":"closed","ping_status":"closed","sticky":false,"template":"","format":"standard","meta":{"footnotes":""},"categories":[2],"tags":[1997,27546,25659,31,93,24171],"yoast_head":"<!-- This site is optimized with the Yoast SEO plugin v22.2 - https:\/\/yoast.com\/wordpress\/plugins\/seo\/ -->\n<title>Sectur, Profeco y hoteleros acuerdan acciones para garantizar derechos de turistas - Nitu - Noticias de la Industria Turistica<\/title>\n<meta name=\"robots\" content=\"index, follow, max-snippet:-1, max-image-preview:large, max-video-preview:-1\" \/>\n<link rel=\"canonical\" href=\"https:\/\/nitu.mx\/index.php\/2025\/08\/11\/sectur-profeco-y-hoteleros-acuerdan-acciones-para-garantizar-derechos-de-turistas\/\" \/>\n<meta name=\"twitter:card\" content=\"summary_large_image\" \/>\n<meta name=\"twitter:title\" content=\"Sectur, Profeco y hoteleros acuerdan acciones para garantizar derechos de turistas - Nitu - Noticias de la Industria Turistica\" \/>\n<meta name=\"twitter:description\" content=\"La secretaria de Turismo federal, Josefina Rodr\u00edguez Zamora, y el procurador Federal del Consumidor, Iv\u00e1n Escalante Ruiz, encabezaron una reuni\u00f3n con representantes del sector hotelero para presentar acciones a favor del cumplimiento de la Ley Federal de Protecci\u00f3n al Consumidor y elevar la calidad de los servicios tur\u00edsticos. \u201cLa visi\u00f3n de este gobierno es trabajar [&hellip;]\" \/>\n<meta name=\"twitter:image\" content=\"https:\/\/nitu.mx\/wp-content\/uploads\/2025\/08\/Sectur-Profeco-hoteleros.jpg\" \/>\n<meta name=\"twitter:creator\" content=\"@NITUmx\" \/>\n<meta name=\"twitter:site\" content=\"@Arturo_Medina_G\" \/>\n<meta name=\"twitter:label1\" content=\"Escrito por\" \/>\n\t<meta name=\"twitter:data1\" content=\"Redacci\u00f3n\" \/>\n\t<meta name=\"twitter:label2\" content=\"Tiempo de lectura\" \/>\n\t<meta name=\"twitter:data2\" content=\"4 minutos\" \/>\n<script type=\"application\/ld+json\" class=\"yoast-schema-graph\">{\"@context\":\"https:\/\/schema.org\",\"@graph\":[{\"@type\":\"Article\",\"@id\":\"https:\/\/nitu.mx\/index.php\/2025\/08\/11\/sectur-profeco-y-hoteleros-acuerdan-acciones-para-garantizar-derechos-de-turistas\/#article\",\"isPartOf\":{\"@id\":\"https:\/\/nitu.mx\/index.php\/2025\/08\/11\/sectur-profeco-y-hoteleros-acuerdan-acciones-para-garantizar-derechos-de-turistas\/\"},\"author\":{\"name\":\"Redacci\u00f3n\",\"@id\":\"https:\/\/nitu.mx\/#\/schema\/person\/4a28fe9bd65924f7c90623773daf1b0b\"},\"headline\":\"Sectur, Profeco y hoteleros acuerdan acciones para garantizar derechos de turistas\",\"datePublished\":\"2025-08-12T02:00:00+00:00\",\"dateModified\":\"2025-08-12T00:58:52+00:00\",\"mainEntityOfPage\":{\"@id\":\"https:\/\/nitu.mx\/index.php\/2025\/08\/11\/sectur-profeco-y-hoteleros-acuerdan-acciones-para-garantizar-derechos-de-turistas\/\"},\"wordCount\":771,\"publisher\":{\"@id\":\"https:\/\/nitu.mx\/#\/schema\/person\/ae7a53426417292d3dd07b45a33e01bc\"},\"image\":{\"@id\":\"https:\/\/nitu.mx\/index.php\/2025\/08\/11\/sectur-profeco-y-hoteleros-acuerdan-acciones-para-garantizar-derechos-de-turistas\/#primaryimage\"},\"thumbnailUrl\":\"https:\/\/nitu.mx\/wp-content\/uploads\/2025\/08\/Sectur-Profeco-hoteleros.jpg\",\"keywords\":[\"hoteleros\",\"Iv\u00e1n Escalante\",\"Josefina Rodr\u00edguez\",\"Profeco\",\"Sectur\",\"verificaci\u00f3n\"],\"articleSection\":[\"Hoteles\"],\"inLanguage\":\"es-MX\"},{\"@type\":\"WebPage\",\"@id\":\"https:\/\/nitu.mx\/index.php\/2025\/08\/11\/sectur-profeco-y-hoteleros-acuerdan-acciones-para-garantizar-derechos-de-turistas\/\",\"url\":\"https:\/\/nitu.mx\/index.php\/2025\/08\/11\/sectur-profeco-y-hoteleros-acuerdan-acciones-para-garantizar-derechos-de-turistas\/\",\"name\":\"Sectur, Profeco y hoteleros acuerdan acciones para garantizar derechos de turistas - Nitu - Noticias de la Industria Turistica\",\"isPartOf\":{\"@id\":\"https:\/\/nitu.mx\/#website\"},\"primaryImageOfPage\":{\"@id\":\"https:\/\/nitu.mx\/index.php\/2025\/08\/11\/sectur-profeco-y-hoteleros-acuerdan-acciones-para-garantizar-derechos-de-turistas\/#primaryimage\"},\"image\":{\"@id\":\"https:\/\/nitu.mx\/index.php\/2025\/08\/11\/sectur-profeco-y-hoteleros-acuerdan-acciones-para-garantizar-derechos-de-turistas\/#primaryimage\"},\"thumbnailUrl\":\"https:\/\/nitu.mx\/wp-content\/uploads\/2025\/08\/Sectur-Profeco-hoteleros.jpg\",\"datePublished\":\"2025-08-12T02:00:00+00:00\",\"dateModified\":\"2025-08-12T00:58:52+00:00\",\"breadcrumb\":{\"@id\":\"https:\/\/nitu.mx\/index.php\/2025\/08\/11\/sectur-profeco-y-hoteleros-acuerdan-acciones-para-garantizar-derechos-de-turistas\/#breadcrumb\"},\"inLanguage\":\"es-MX\",\"potentialAction\":[{\"@type\":\"ReadAction\",\"target\":[\"https:\/\/nitu.mx\/index.php\/2025\/08\/11\/sectur-profeco-y-hoteleros-acuerdan-acciones-para-garantizar-derechos-de-turistas\/\"]}]},{\"@type\":\"ImageObject\",\"inLanguage\":\"es-MX\",\"@id\":\"https:\/\/nitu.mx\/index.php\/2025\/08\/11\/sectur-profeco-y-hoteleros-acuerdan-acciones-para-garantizar-derechos-de-turistas\/#primaryimage\",\"url\":\"https:\/\/nitu.mx\/wp-content\/uploads\/2025\/08\/Sectur-Profeco-hoteleros.jpg\",\"contentUrl\":\"https:\/\/nitu.mx\/wp-content\/uploads\/2025\/08\/Sectur-Profeco-hoteleros.jpg\",\"width\":1200,\"height\":675,\"caption\":\"Sectur Profeco hoteleros\"},{\"@type\":\"BreadcrumbList\",\"@id\":\"https:\/\/nitu.mx\/index.php\/2025\/08\/11\/sectur-profeco-y-hoteleros-acuerdan-acciones-para-garantizar-derechos-de-turistas\/#breadcrumb\",\"itemListElement\":[{\"@type\":\"ListItem\",\"position\":1,\"name\":\"Inicio\",\"item\":\"https:\/\/nitu.mx\/\"},{\"@type\":\"ListItem\",\"position\":2,\"name\":\"Sectur, Profeco y hoteleros acuerdan acciones para garantizar derechos de turistas\"}]},{\"@type\":\"WebSite\",\"@id\":\"https:\/\/nitu.mx\/#website\",\"url\":\"https:\/\/nitu.mx\/\",\"name\":\"Nitu - Noticias de la Industria Turistica\",\"description\":\"Noticias de la Industria Turistica\",\"publisher\":{\"@id\":\"https:\/\/nitu.mx\/#\/schema\/person\/ae7a53426417292d3dd07b45a33e01bc\"},\"alternateName\":\"Noticias de la Industria Turistica\",\"potentialAction\":[{\"@type\":\"SearchAction\",\"target\":{\"@type\":\"EntryPoint\",\"urlTemplate\":\"https:\/\/nitu.mx\/?s={search_term_string}\"},\"query-input\":\"required name=search_term_string\"}],\"inLanguage\":\"es-MX\"},{\"@type\":[\"Person\",\"Organization\"],\"@id\":\"https:\/\/nitu.mx\/#\/schema\/person\/ae7a53426417292d3dd07b45a33e01bc\",\"name\":\"Arturo Medina\",\"image\":{\"@type\":\"ImageObject\",\"inLanguage\":\"es-MX\",\"@id\":\"https:\/\/nitu.mx\/#\/schema\/person\/image\/\",\"url\":\"https:\/\/nitu.mx\/wp-content\/uploads\/2024\/04\/4A315622-1904-4D5C-B022-878CDC840E04-90x90-1.jpeg\",\"contentUrl\":\"https:\/\/nitu.mx\/wp-content\/uploads\/2024\/04\/4A315622-1904-4D5C-B022-878CDC840E04-90x90-1.jpeg\",\"width\":90,\"height\":90,\"caption\":\"Arturo Medina\"},\"logo\":{\"@id\":\"https:\/\/nitu.mx\/#\/schema\/person\/image\/\"},\"description\":\"Director NITU.mx, Egresado de la Escuela de Periodismo Carlos Septi\u00e9n Garc\u00eda. Periodista y analista especializado en turismo desde hace 35 a\u00f1os, radicado en Canc\u00fan Q.Roo. arturo@nitu.mx\",\"sameAs\":[\"https:\/\/nitu.mx\",\"https:\/\/www.facebook.com\/NITUmx\/\",\"medinacancun\",\"https:\/\/twitter.com\/@Arturo_Medina_G\"]},{\"@type\":\"Person\",\"@id\":\"https:\/\/nitu.mx\/#\/schema\/person\/4a28fe9bd65924f7c90623773daf1b0b\",\"name\":\"Redacci\u00f3n\",\"image\":{\"@type\":\"ImageObject\",\"inLanguage\":\"es-MX\",\"@id\":\"https:\/\/nitu.mx\/#\/schema\/person\/image\/\",\"url\":\"https:\/\/secure.gravatar.com\/avatar\/5dd011c8ccfc5cd7e4c81e42252aab38?s=96&d=mm&r=g\",\"contentUrl\":\"https:\/\/secure.gravatar.com\/avatar\/5dd011c8ccfc5cd7e4c81e42252aab38?s=96&d=mm&r=g\",\"caption\":\"Redacci\u00f3n\"},\"url\":\"https:\/\/nitu.mx\/index.php\/author\/redaccion\/\"}]}<\/script>\n<!-- \/ Yoast SEO plugin. -->","yoast_head_json":{"title":"Sectur, Profeco y hoteleros acuerdan acciones para garantizar derechos de turistas - Nitu - Noticias de la Industria Turistica","robots":{"index":"index","follow":"follow","max-snippet":"max-snippet:-1","max-image-preview":"max-image-preview:large","max-video-preview":"max-video-preview:-1"},"canonical":"https:\/\/nitu.mx\/index.php\/2025\/08\/11\/sectur-profeco-y-hoteleros-acuerdan-acciones-para-garantizar-derechos-de-turistas\/","twitter_card":"summary_large_image","twitter_title":"Sectur, Profeco y hoteleros acuerdan acciones para garantizar derechos de turistas - Nitu - Noticias de la Industria Turistica","twitter_description":"La secretaria de Turismo federal, Josefina Rodr\u00edguez Zamora, y el procurador Federal del Consumidor, Iv\u00e1n Escalante Ruiz, encabezaron una reuni\u00f3n con representantes del sector hotelero para presentar acciones a favor del cumplimiento de la Ley Federal de Protecci\u00f3n al Consumidor y elevar la calidad de los servicios tur\u00edsticos. \u201cLa visi\u00f3n de este gobierno es trabajar [&hellip;]","twitter_image":"https:\/\/nitu.mx\/wp-content\/uploads\/2025\/08\/Sectur-Profeco-hoteleros.jpg","twitter_creator":"@NITUmx","twitter_site":"@Arturo_Medina_G","twitter_misc":{"Escrito por":"Redacci\u00f3n","Tiempo de lectura":"4 minutos"},"schema":{"@context":"https:\/\/schema.org","@graph":[{"@type":"Article","@id":"https:\/\/nitu.mx\/index.php\/2025\/08\/11\/sectur-profeco-y-hoteleros-acuerdan-acciones-para-garantizar-derechos-de-turistas\/#article","isPartOf":{"@id":"https:\/\/nitu.mx\/index.php\/2025\/08\/11\/sectur-profeco-y-hoteleros-acuerdan-acciones-para-garantizar-derechos-de-turistas\/"},"author":{"name":"Redacci\u00f3n","@id":"https:\/\/nitu.mx\/#\/schema\/person\/4a28fe9bd65924f7c90623773daf1b0b"},"headline":"Sectur, Profeco y hoteleros acuerdan acciones para garantizar derechos de turistas","datePublished":"2025-08-12T02:00:00+00:00","dateModified":"2025-08-12T00:58:52+00:00","mainEntityOfPage":{"@id":"https:\/\/nitu.mx\/index.php\/2025\/08\/11\/sectur-profeco-y-hoteleros-acuerdan-acciones-para-garantizar-derechos-de-turistas\/"},"wordCount":771,"publisher":{"@id":"https:\/\/nitu.mx\/#\/schema\/person\/ae7a53426417292d3dd07b45a33e01bc"},"image":{"@id":"https:\/\/nitu.mx\/index.php\/2025\/08\/11\/sectur-profeco-y-hoteleros-acuerdan-acciones-para-garantizar-derechos-de-turistas\/#primaryimage"},"thumbnailUrl":"https:\/\/nitu.mx\/wp-content\/uploads\/2025\/08\/Sectur-Profeco-hoteleros.jpg","keywords":["hoteleros","Iv\u00e1n Escalante","Josefina Rodr\u00edguez","Profeco","Sectur","verificaci\u00f3n"],"articleSection":["Hoteles"],"inLanguage":"es-MX"},{"@type":"WebPage","@id":"https:\/\/nitu.mx\/index.php\/2025\/08\/11\/sectur-profeco-y-hoteleros-acuerdan-acciones-para-garantizar-derechos-de-turistas\/","url":"https:\/\/nitu.mx\/index.php\/2025\/08\/11\/sectur-profeco-y-hoteleros-acuerdan-acciones-para-garantizar-derechos-de-turistas\/","name":"Sectur, Profeco y hoteleros acuerdan acciones para garantizar derechos de turistas - Nitu - Noticias de la Industria Turistica","isPartOf":{"@id":"https:\/\/nitu.mx\/#website"},"primaryImageOfPage":{"@id":"https:\/\/nitu.mx\/index.php\/2025\/08\/11\/sectur-profeco-y-hoteleros-acuerdan-acciones-para-garantizar-derechos-de-turistas\/#primaryimage"},"image":{"@id":"https:\/\/nitu.mx\/index.php\/2025\/08\/11\/sectur-profeco-y-hoteleros-acuerdan-acciones-para-garantizar-derechos-de-turistas\/#primaryimage"},"thumbnailUrl":"https:\/\/nitu.mx\/wp-content\/uploads\/2025\/08\/Sectur-Profeco-hoteleros.jpg","datePublished":"2025-08-12T02:00:00+00:00","dateModified":"2025-08-12T00:58:52+00:00","breadcrumb":{"@id":"https:\/\/nitu.mx\/index.php\/2025\/08\/11\/sectur-profeco-y-hoteleros-acuerdan-acciones-para-garantizar-derechos-de-turistas\/#breadcrumb"},"inLanguage":"es-MX","potentialAction":[{"@type":"ReadAction","target":["https:\/\/nitu.mx\/index.php\/2025\/08\/11\/sectur-profeco-y-hoteleros-acuerdan-acciones-para-garantizar-derechos-de-turistas\/"]}]},{"@type":"ImageObject","inLanguage":"es-MX","@id":"https:\/\/nitu.mx\/index.php\/2025\/08\/11\/sectur-profeco-y-hoteleros-acuerdan-acciones-para-garantizar-derechos-de-turistas\/#primaryimage","url":"https:\/\/nitu.mx\/wp-content\/uploads\/2025\/08\/Sectur-Profeco-hoteleros.jpg","contentUrl":"https:\/\/nitu.mx\/wp-content\/uploads\/2025\/08\/Sectur-Profeco-hoteleros.jpg","width":1200,"height":675,"caption":"Sectur Profeco hoteleros"},{"@type":"BreadcrumbList","@id":"https:\/\/nitu.mx\/index.php\/2025\/08\/11\/sectur-profeco-y-hoteleros-acuerdan-acciones-para-garantizar-derechos-de-turistas\/#breadcrumb","itemListElement":[{"@type":"ListItem","position":1,"name":"Inicio","item":"https:\/\/nitu.mx\/"},{"@type":"ListItem","position":2,"name":"Sectur, Profeco y hoteleros acuerdan acciones para garantizar derechos de turistas"}]},{"@type":"WebSite","@id":"https:\/\/nitu.mx\/#website","url":"https:\/\/nitu.mx\/","name":"Nitu - Noticias de la Industria Turistica","description":"Noticias de la Industria Turistica","publisher":{"@id":"https:\/\/nitu.mx\/#\/schema\/person\/ae7a53426417292d3dd07b45a33e01bc"},"alternateName":"Noticias de la Industria Turistica","potentialAction":[{"@type":"SearchAction","target":{"@type":"EntryPoint","urlTemplate":"https:\/\/nitu.mx\/?s={search_term_string}"},"query-input":"required name=search_term_string"}],"inLanguage":"es-MX"},{"@type":["Person","Organization"],"@id":"https:\/\/nitu.mx\/#\/schema\/person\/ae7a53426417292d3dd07b45a33e01bc","name":"Arturo Medina","image":{"@type":"ImageObject","inLanguage":"es-MX","@id":"https:\/\/nitu.mx\/#\/schema\/person\/image\/","url":"https:\/\/nitu.mx\/wp-content\/uploads\/2024\/04\/4A315622-1904-4D5C-B022-878CDC840E04-90x90-1.jpeg","contentUrl":"https:\/\/nitu.mx\/wp-content\/uploads\/2024\/04\/4A315622-1904-4D5C-B022-878CDC840E04-90x90-1.jpeg","width":90,"height":90,"caption":"Arturo Medina"},"logo":{"@id":"https:\/\/nitu.mx\/#\/schema\/person\/image\/"},"description":"Director NITU.mx, Egresado de la Escuela de Periodismo Carlos Septi\u00e9n Garc\u00eda. Periodista y analista especializado en turismo desde hace 35 a\u00f1os, radicado en Canc\u00fan Q.Roo. arturo@nitu.mx","sameAs":["https:\/\/nitu.mx","https:\/\/www.facebook.com\/NITUmx\/","medinacancun","https:\/\/twitter.com\/@Arturo_Medina_G"]},{"@type":"Person","@id":"https:\/\/nitu.mx\/#\/schema\/person\/4a28fe9bd65924f7c90623773daf1b0b","name":"Redacci\u00f3n","image":{"@type":"ImageObject","inLanguage":"es-MX","@id":"https:\/\/nitu.mx\/#\/schema\/person\/image\/","url":"https:\/\/secure.gravatar.com\/avatar\/5dd011c8ccfc5cd7e4c81e42252aab38?s=96&d=mm&r=g","contentUrl":"https:\/\/secure.gravatar.com\/avatar\/5dd011c8ccfc5cd7e4c81e42252aab38?s=96&d=mm&r=g","caption":"Redacci\u00f3n"},"url":"https:\/\/nitu.mx\/index.php\/author\/redaccion\/"}]}},"views":992,"_links":{"self":[{"href":"https:\/\/nitu.mx\/index.php\/wp-json\/wp\/v2\/posts\/82753"}],"collection":[{"href":"https:\/\/nitu.mx\/index.php\/wp-json\/wp\/v2\/posts"}],"about":[{"href":"https:\/\/nitu.mx\/index.php\/wp-json\/wp\/v2\/types\/post"}],"author":[{"embeddable":true,"href":"https:\/\/nitu.mx\/index.php\/wp-json\/wp\/v2\/users\/17"}],"replies":[{"embeddable":true,"href":"https:\/\/nitu.mx\/index.php\/wp-json\/wp\/v2\/comments?post=82753"}],"version-history":[{"count":2,"href":"https:\/\/nitu.mx\/index.php\/wp-json\/wp\/v2\/posts\/82753\/revisions"}],"predecessor-version":[{"id":82758,"href":"https:\/\/nitu.mx\/index.php\/wp-json\/wp\/v2\/posts\/82753\/revisions\/82758"}],"wp:featuredmedia":[{"embeddable":true,"href":"https:\/\/nitu.mx\/index.php\/wp-json\/wp\/v2\/media\/82755"}],"wp:attachment":[{"href":"https:\/\/nitu.mx\/index.php\/wp-json\/wp\/v2\/media?parent=82753"}],"wp:term":[{"taxonomy":"category","embeddable":true,"href":"https:\/\/nitu.mx\/index.php\/wp-json\/wp\/v2\/categories?post=82753"},{"taxonomy":"post_tag","embeddable":true,"href":"https:\/\/nitu.mx\/index.php\/wp-json\/wp\/v2\/tags?post=82753"}],"curies":[{"name":"wp","href":"https:\/\/api.w.org\/{rel}","templated":true}]}}