{"id":82746,"date":"2025-08-11T18:44:44","date_gmt":"2025-08-12T00:44:44","guid":{"rendered":"https:\/\/nitu.mx\/?p=82746"},"modified":"2025-08-11T18:44:44","modified_gmt":"2025-08-12T00:44:44","slug":"nayarit-anuncia-historica-inversion-de-20-mil-mdp-en-bahia-de-banderas","status":"publish","type":"post","link":"https:\/\/nitu.mx\/index.php\/2025\/08\/11\/nayarit-anuncia-historica-inversion-de-20-mil-mdp-en-bahia-de-banderas\/","title":{"rendered":"Nayarit anuncia hist\u00f3rica inversi\u00f3n de 20 mil MDP en Bah\u00eda de Banderas"},"content":{"rendered":"\n<p>El gobernador de Nayarit, Miguel \u00c1ngel Navarro Quintero, anunci\u00f3 una inversi\u00f3n hist\u00f3rica de aproximadamente 20 mil millones de pesos en la localidad de Lo de Marcos, municipio de Bah\u00eda de Banderas, como parte de un proyecto que se suma a la obra de 24 mil millones de pesos que est\u00e1 por concluir en Compostela, hacia Boca de Chila.<\/p>\n\n\n\n<p>El mandatario destac\u00f3 que esta inversi\u00f3n es reflejo de la confianza que existe actualmente para invertir en Nayarit, impulsada por las condiciones de seguridad y el crecimiento econ\u00f3mico sostenido.<\/p>\n\n\n\n<p>El proyecto contempla principalmente el desarrollo hotelero, acompa\u00f1ado de servicios estrat\u00e9gicos como atenci\u00f3n m\u00e9dica, acciones de sustentabilidad ambiental, plantas de desalinizaci\u00f3n de agua para beneficio de las comunidades, as\u00ed como espacios de confort orientados a turistas, particularmente aquellos que eligen Nayarit como destino de retiro.<\/p>\n\n\n\n<p>Navarro Quintero se\u00f1al\u00f3 que se trata de una obra de gran magnitud que generar\u00e1 empleos, con el compromiso de priorizar la contrataci\u00f3n de empresas y profesionistas locales, as\u00ed como de otros sectores que demandan oportunidades laborales.<\/p>\n\n\n\n<p>\u201cEs una inversi\u00f3n enorme que generar\u00e1 un sinn\u00famero de empleos que ya se comprometieron, hicimos un compromiso formal en varios sentidos, uno de ellos es consumir con las empresas locales, dos, generar empleos a los profesionistas locales y otro tipo de demandantes de empleo, y desde luego que generar\u00e1n, insisto, una derrama en un lugar y en una regi\u00f3n, que en un futuro va a ser de una din\u00e1mica econ\u00f3mica impresionante\u201d, afirm\u00f3 el gobernador nayarita. (<a href=\"https:\/\/nitu.mx\/index.php\/2025\/08\/07\/chacala-destino-imperdible-en-la-riviera-nayarit-para-2025\/\">Chacala, destino imperdible en la Riviera Nayarit para 2025<\/a>).<\/p>\n","protected":false},"excerpt":{"rendered":"<p>El gobernador de Nayarit, Miguel \u00c1ngel Navarro Quintero, anunci\u00f3 una inversi\u00f3n hist\u00f3rica de aproximadamente 20 mil millones de pesos en la localidad de Lo de Marcos, municipio de Bah\u00eda de Banderas, como parte de un proyecto que se suma a la obra de 24 mil millones de pesos que est\u00e1 por concluir en Compostela, hacia [&hellip;]<\/p>\n","protected":false},"author":17,"featured_media":82751,"comment_status":"closed","ping_status":"closed","sticky":false,"template":"","format":"standard","meta":{"footnotes":""},"categories":[5],"tags":[3168,4894,27188,1431],"yoast_head":"<!-- This site is optimized with the Yoast SEO plugin v22.2 - https:\/\/yoast.com\/wordpress\/plugins\/seo\/ -->\n<title>Nayarit anuncia hist\u00f3rica inversi\u00f3n de 20 mil MDP en Bah\u00eda de Banderas - Nitu - Noticias de la Industria Turistica<\/title>\n<meta name=\"robots\" content=\"index, follow, max-snippet:-1, max-image-preview:large, max-video-preview:-1\" \/>\n<link rel=\"canonical\" href=\"https:\/\/nitu.mx\/index.php\/2025\/08\/11\/nayarit-anuncia-historica-inversion-de-20-mil-mdp-en-bahia-de-banderas\/\" \/>\n<meta name=\"twitter:card\" content=\"summary_large_image\" \/>\n<meta name=\"twitter:title\" content=\"Nayarit anuncia hist\u00f3rica inversi\u00f3n de 20 mil MDP en Bah\u00eda de Banderas - Nitu - Noticias de la Industria Turistica\" \/>\n<meta name=\"twitter:description\" content=\"El gobernador de Nayarit, Miguel \u00c1ngel Navarro Quintero, anunci\u00f3 una inversi\u00f3n hist\u00f3rica de aproximadamente 20 mil millones de pesos en la localidad de Lo de Marcos, municipio de Bah\u00eda de Banderas, como parte de un proyecto que se suma a la obra de 24 mil millones de pesos que est\u00e1 por concluir en Compostela, hacia [&hellip;]\" \/>\n<meta name=\"twitter:image\" content=\"https:\/\/nitu.mx\/wp-content\/uploads\/2025\/08\/Nayarit-Inversion-Bahia-de-Banderas-3-2048x1151-1.jpg\" \/>\n<meta name=\"twitter:creator\" content=\"@NITUmx\" \/>\n<meta name=\"twitter:site\" content=\"@Arturo_Medina_G\" \/>\n<meta name=\"twitter:label1\" content=\"Escrito por\" \/>\n\t<meta name=\"twitter:data1\" content=\"Redacci\u00f3n\" \/>\n\t<meta name=\"twitter:label2\" content=\"Tiempo de lectura\" \/>\n\t<meta name=\"twitter:data2\" content=\"1 minuto\" \/>\n<script type=\"application\/ld+json\" class=\"yoast-schema-graph\">{\"@context\":\"https:\/\/schema.org\",\"@graph\":[{\"@type\":\"Article\",\"@id\":\"https:\/\/nitu.mx\/index.php\/2025\/08\/11\/nayarit-anuncia-historica-inversion-de-20-mil-mdp-en-bahia-de-banderas\/#article\",\"isPartOf\":{\"@id\":\"https:\/\/nitu.mx\/index.php\/2025\/08\/11\/nayarit-anuncia-historica-inversion-de-20-mil-mdp-en-bahia-de-banderas\/\"},\"author\":{\"name\":\"Redacci\u00f3n\",\"@id\":\"https:\/\/nitu.mx\/#\/schema\/person\/4a28fe9bd65924f7c90623773daf1b0b\"},\"headline\":\"Nayarit anuncia hist\u00f3rica inversi\u00f3n de 20 mil MDP en Bah\u00eda de Banderas\",\"datePublished\":\"2025-08-12T00:44:44+00:00\",\"dateModified\":\"2025-08-12T00:44:44+00:00\",\"mainEntityOfPage\":{\"@id\":\"https:\/\/nitu.mx\/index.php\/2025\/08\/11\/nayarit-anuncia-historica-inversion-de-20-mil-mdp-en-bahia-de-banderas\/\"},\"wordCount\":281,\"publisher\":{\"@id\":\"https:\/\/nitu.mx\/#\/schema\/person\/ae7a53426417292d3dd07b45a33e01bc\"},\"image\":{\"@id\":\"https:\/\/nitu.mx\/index.php\/2025\/08\/11\/nayarit-anuncia-historica-inversion-de-20-mil-mdp-en-bahia-de-banderas\/#primaryimage\"},\"thumbnailUrl\":\"https:\/\/nitu.mx\/wp-content\/uploads\/2025\/08\/Nayarit-Inversion-Bahia-de-Banderas-3-2048x1151-1.jpg\",\"keywords\":[\"Bah\u00eda de Banderas\",\"inversiones\",\"Miguel Navarro\",\"Nayarit\"],\"articleSection\":[\"Destinos\"],\"inLanguage\":\"es-MX\"},{\"@type\":\"WebPage\",\"@id\":\"https:\/\/nitu.mx\/index.php\/2025\/08\/11\/nayarit-anuncia-historica-inversion-de-20-mil-mdp-en-bahia-de-banderas\/\",\"url\":\"https:\/\/nitu.mx\/index.php\/2025\/08\/11\/nayarit-anuncia-historica-inversion-de-20-mil-mdp-en-bahia-de-banderas\/\",\"name\":\"Nayarit anuncia hist\u00f3rica inversi\u00f3n de 20 mil MDP en Bah\u00eda de Banderas - Nitu - Noticias de la Industria Turistica\",\"isPartOf\":{\"@id\":\"https:\/\/nitu.mx\/#website\"},\"primaryImageOfPage\":{\"@id\":\"https:\/\/nitu.mx\/index.php\/2025\/08\/11\/nayarit-anuncia-historica-inversion-de-20-mil-mdp-en-bahia-de-banderas\/#primaryimage\"},\"image\":{\"@id\":\"https:\/\/nitu.mx\/index.php\/2025\/08\/11\/nayarit-anuncia-historica-inversion-de-20-mil-mdp-en-bahia-de-banderas\/#primaryimage\"},\"thumbnailUrl\":\"https:\/\/nitu.mx\/wp-content\/uploads\/2025\/08\/Nayarit-Inversion-Bahia-de-Banderas-3-2048x1151-1.jpg\",\"datePublished\":\"2025-08-12T00:44:44+00:00\",\"dateModified\":\"2025-08-12T00:44:44+00:00\",\"breadcrumb\":{\"@id\":\"https:\/\/nitu.mx\/index.php\/2025\/08\/11\/nayarit-anuncia-historica-inversion-de-20-mil-mdp-en-bahia-de-banderas\/#breadcrumb\"},\"inLanguage\":\"es-MX\",\"potentialAction\":[{\"@type\":\"ReadAction\",\"target\":[\"https:\/\/nitu.mx\/index.php\/2025\/08\/11\/nayarit-anuncia-historica-inversion-de-20-mil-mdp-en-bahia-de-banderas\/\"]}]},{\"@type\":\"ImageObject\",\"inLanguage\":\"es-MX\",\"@id\":\"https:\/\/nitu.mx\/index.php\/2025\/08\/11\/nayarit-anuncia-historica-inversion-de-20-mil-mdp-en-bahia-de-banderas\/#primaryimage\",\"url\":\"https:\/\/nitu.mx\/wp-content\/uploads\/2025\/08\/Nayarit-Inversion-Bahia-de-Banderas-3-2048x1151-1.jpg\",\"contentUrl\":\"https:\/\/nitu.mx\/wp-content\/uploads\/2025\/08\/Nayarit-Inversion-Bahia-de-Banderas-3-2048x1151-1.jpg\",\"width\":1200,\"height\":675,\"caption\":\"Nayarit Inversion-Bahia-de-Banderas-3-2048x1151\"},{\"@type\":\"BreadcrumbList\",\"@id\":\"https:\/\/nitu.mx\/index.php\/2025\/08\/11\/nayarit-anuncia-historica-inversion-de-20-mil-mdp-en-bahia-de-banderas\/#breadcrumb\",\"itemListElement\":[{\"@type\":\"ListItem\",\"position\":1,\"name\":\"Inicio\",\"item\":\"https:\/\/nitu.mx\/\"},{\"@type\":\"ListItem\",\"position\":2,\"name\":\"Nayarit anuncia hist\u00f3rica inversi\u00f3n de 20 mil MDP en Bah\u00eda de Banderas\"}]},{\"@type\":\"WebSite\",\"@id\":\"https:\/\/nitu.mx\/#website\",\"url\":\"https:\/\/nitu.mx\/\",\"name\":\"Nitu - Noticias de la Industria Turistica\",\"description\":\"Noticias de la Industria Turistica\",\"publisher\":{\"@id\":\"https:\/\/nitu.mx\/#\/schema\/person\/ae7a53426417292d3dd07b45a33e01bc\"},\"alternateName\":\"Noticias de la Industria Turistica\",\"potentialAction\":[{\"@type\":\"SearchAction\",\"target\":{\"@type\":\"EntryPoint\",\"urlTemplate\":\"https:\/\/nitu.mx\/?s={search_term_string}\"},\"query-input\":\"required name=search_term_string\"}],\"inLanguage\":\"es-MX\"},{\"@type\":[\"Person\",\"Organization\"],\"@id\":\"https:\/\/nitu.mx\/#\/schema\/person\/ae7a53426417292d3dd07b45a33e01bc\",\"name\":\"Arturo Medina\",\"image\":{\"@type\":\"ImageObject\",\"inLanguage\":\"es-MX\",\"@id\":\"https:\/\/nitu.mx\/#\/schema\/person\/image\/\",\"url\":\"https:\/\/nitu.mx\/wp-content\/uploads\/2024\/04\/4A315622-1904-4D5C-B022-878CDC840E04-90x90-1.jpeg\",\"contentUrl\":\"https:\/\/nitu.mx\/wp-content\/uploads\/2024\/04\/4A315622-1904-4D5C-B022-878CDC840E04-90x90-1.jpeg\",\"width\":90,\"height\":90,\"caption\":\"Arturo Medina\"},\"logo\":{\"@id\":\"https:\/\/nitu.mx\/#\/schema\/person\/image\/\"},\"description\":\"Director NITU.mx, Egresado de la Escuela de Periodismo Carlos Septi\u00e9n Garc\u00eda. Periodista y analista especializado en turismo desde hace 35 a\u00f1os, radicado en Canc\u00fan Q.Roo. arturo@nitu.mx\",\"sameAs\":[\"https:\/\/nitu.mx\",\"https:\/\/www.facebook.com\/NITUmx\/\",\"medinacancun\",\"https:\/\/twitter.com\/@Arturo_Medina_G\"]},{\"@type\":\"Person\",\"@id\":\"https:\/\/nitu.mx\/#\/schema\/person\/4a28fe9bd65924f7c90623773daf1b0b\",\"name\":\"Redacci\u00f3n\",\"image\":{\"@type\":\"ImageObject\",\"inLanguage\":\"es-MX\",\"@id\":\"https:\/\/nitu.mx\/#\/schema\/person\/image\/\",\"url\":\"https:\/\/secure.gravatar.com\/avatar\/5dd011c8ccfc5cd7e4c81e42252aab38?s=96&d=mm&r=g\",\"contentUrl\":\"https:\/\/secure.gravatar.com\/avatar\/5dd011c8ccfc5cd7e4c81e42252aab38?s=96&d=mm&r=g\",\"caption\":\"Redacci\u00f3n\"},\"url\":\"https:\/\/nitu.mx\/index.php\/author\/redaccion\/\"}]}<\/script>\n<!-- \/ Yoast SEO plugin. -->","yoast_head_json":{"title":"Nayarit anuncia hist\u00f3rica inversi\u00f3n de 20 mil MDP en Bah\u00eda de Banderas - Nitu - Noticias de la Industria Turistica","robots":{"index":"index","follow":"follow","max-snippet":"max-snippet:-1","max-image-preview":"max-image-preview:large","max-video-preview":"max-video-preview:-1"},"canonical":"https:\/\/nitu.mx\/index.php\/2025\/08\/11\/nayarit-anuncia-historica-inversion-de-20-mil-mdp-en-bahia-de-banderas\/","twitter_card":"summary_large_image","twitter_title":"Nayarit anuncia hist\u00f3rica inversi\u00f3n de 20 mil MDP en Bah\u00eda de Banderas - Nitu - Noticias de la Industria Turistica","twitter_description":"El gobernador de Nayarit, Miguel \u00c1ngel Navarro Quintero, anunci\u00f3 una inversi\u00f3n hist\u00f3rica de aproximadamente 20 mil millones de pesos en la localidad de Lo de Marcos, municipio de Bah\u00eda de Banderas, como parte de un proyecto que se suma a la obra de 24 mil millones de pesos que est\u00e1 por concluir en Compostela, hacia [&hellip;]","twitter_image":"https:\/\/nitu.mx\/wp-content\/uploads\/2025\/08\/Nayarit-Inversion-Bahia-de-Banderas-3-2048x1151-1.jpg","twitter_creator":"@NITUmx","twitter_site":"@Arturo_Medina_G","twitter_misc":{"Escrito por":"Redacci\u00f3n","Tiempo de lectura":"1 minuto"},"schema":{"@context":"https:\/\/schema.org","@graph":[{"@type":"Article","@id":"https:\/\/nitu.mx\/index.php\/2025\/08\/11\/nayarit-anuncia-historica-inversion-de-20-mil-mdp-en-bahia-de-banderas\/#article","isPartOf":{"@id":"https:\/\/nitu.mx\/index.php\/2025\/08\/11\/nayarit-anuncia-historica-inversion-de-20-mil-mdp-en-bahia-de-banderas\/"},"author":{"name":"Redacci\u00f3n","@id":"https:\/\/nitu.mx\/#\/schema\/person\/4a28fe9bd65924f7c90623773daf1b0b"},"headline":"Nayarit anuncia hist\u00f3rica inversi\u00f3n de 20 mil MDP en Bah\u00eda de Banderas","datePublished":"2025-08-12T00:44:44+00:00","dateModified":"2025-08-12T00:44:44+00:00","mainEntityOfPage":{"@id":"https:\/\/nitu.mx\/index.php\/2025\/08\/11\/nayarit-anuncia-historica-inversion-de-20-mil-mdp-en-bahia-de-banderas\/"},"wordCount":281,"publisher":{"@id":"https:\/\/nitu.mx\/#\/schema\/person\/ae7a53426417292d3dd07b45a33e01bc"},"image":{"@id":"https:\/\/nitu.mx\/index.php\/2025\/08\/11\/nayarit-anuncia-historica-inversion-de-20-mil-mdp-en-bahia-de-banderas\/#primaryimage"},"thumbnailUrl":"https:\/\/nitu.mx\/wp-content\/uploads\/2025\/08\/Nayarit-Inversion-Bahia-de-Banderas-3-2048x1151-1.jpg","keywords":["Bah\u00eda de Banderas","inversiones","Miguel Navarro","Nayarit"],"articleSection":["Destinos"],"inLanguage":"es-MX"},{"@type":"WebPage","@id":"https:\/\/nitu.mx\/index.php\/2025\/08\/11\/nayarit-anuncia-historica-inversion-de-20-mil-mdp-en-bahia-de-banderas\/","url":"https:\/\/nitu.mx\/index.php\/2025\/08\/11\/nayarit-anuncia-historica-inversion-de-20-mil-mdp-en-bahia-de-banderas\/","name":"Nayarit anuncia hist\u00f3rica inversi\u00f3n de 20 mil MDP en Bah\u00eda de Banderas - Nitu - Noticias de la Industria Turistica","isPartOf":{"@id":"https:\/\/nitu.mx\/#website"},"primaryImageOfPage":{"@id":"https:\/\/nitu.mx\/index.php\/2025\/08\/11\/nayarit-anuncia-historica-inversion-de-20-mil-mdp-en-bahia-de-banderas\/#primaryimage"},"image":{"@id":"https:\/\/nitu.mx\/index.php\/2025\/08\/11\/nayarit-anuncia-historica-inversion-de-20-mil-mdp-en-bahia-de-banderas\/#primaryimage"},"thumbnailUrl":"https:\/\/nitu.mx\/wp-content\/uploads\/2025\/08\/Nayarit-Inversion-Bahia-de-Banderas-3-2048x1151-1.jpg","datePublished":"2025-08-12T00:44:44+00:00","dateModified":"2025-08-12T00:44:44+00:00","breadcrumb":{"@id":"https:\/\/nitu.mx\/index.php\/2025\/08\/11\/nayarit-anuncia-historica-inversion-de-20-mil-mdp-en-bahia-de-banderas\/#breadcrumb"},"inLanguage":"es-MX","potentialAction":[{"@type":"ReadAction","target":["https:\/\/nitu.mx\/index.php\/2025\/08\/11\/nayarit-anuncia-historica-inversion-de-20-mil-mdp-en-bahia-de-banderas\/"]}]},{"@type":"ImageObject","inLanguage":"es-MX","@id":"https:\/\/nitu.mx\/index.php\/2025\/08\/11\/nayarit-anuncia-historica-inversion-de-20-mil-mdp-en-bahia-de-banderas\/#primaryimage","url":"https:\/\/nitu.mx\/wp-content\/uploads\/2025\/08\/Nayarit-Inversion-Bahia-de-Banderas-3-2048x1151-1.jpg","contentUrl":"https:\/\/nitu.mx\/wp-content\/uploads\/2025\/08\/Nayarit-Inversion-Bahia-de-Banderas-3-2048x1151-1.jpg","width":1200,"height":675,"caption":"Nayarit Inversion-Bahia-de-Banderas-3-2048x1151"},{"@type":"BreadcrumbList","@id":"https:\/\/nitu.mx\/index.php\/2025\/08\/11\/nayarit-anuncia-historica-inversion-de-20-mil-mdp-en-bahia-de-banderas\/#breadcrumb","itemListElement":[{"@type":"ListItem","position":1,"name":"Inicio","item":"https:\/\/nitu.mx\/"},{"@type":"ListItem","position":2,"name":"Nayarit anuncia hist\u00f3rica inversi\u00f3n de 20 mil MDP en Bah\u00eda de Banderas"}]},{"@type":"WebSite","@id":"https:\/\/nitu.mx\/#website","url":"https:\/\/nitu.mx\/","name":"Nitu - Noticias de la Industria Turistica","description":"Noticias de la Industria Turistica","publisher":{"@id":"https:\/\/nitu.mx\/#\/schema\/person\/ae7a53426417292d3dd07b45a33e01bc"},"alternateName":"Noticias de la Industria Turistica","potentialAction":[{"@type":"SearchAction","target":{"@type":"EntryPoint","urlTemplate":"https:\/\/nitu.mx\/?s={search_term_string}"},"query-input":"required name=search_term_string"}],"inLanguage":"es-MX"},{"@type":["Person","Organization"],"@id":"https:\/\/nitu.mx\/#\/schema\/person\/ae7a53426417292d3dd07b45a33e01bc","name":"Arturo Medina","image":{"@type":"ImageObject","inLanguage":"es-MX","@id":"https:\/\/nitu.mx\/#\/schema\/person\/image\/","url":"https:\/\/nitu.mx\/wp-content\/uploads\/2024\/04\/4A315622-1904-4D5C-B022-878CDC840E04-90x90-1.jpeg","contentUrl":"https:\/\/nitu.mx\/wp-content\/uploads\/2024\/04\/4A315622-1904-4D5C-B022-878CDC840E04-90x90-1.jpeg","width":90,"height":90,"caption":"Arturo Medina"},"logo":{"@id":"https:\/\/nitu.mx\/#\/schema\/person\/image\/"},"description":"Director NITU.mx, Egresado de la Escuela de Periodismo Carlos Septi\u00e9n Garc\u00eda. Periodista y analista especializado en turismo desde hace 35 a\u00f1os, radicado en Canc\u00fan Q.Roo. arturo@nitu.mx","sameAs":["https:\/\/nitu.mx","https:\/\/www.facebook.com\/NITUmx\/","medinacancun","https:\/\/twitter.com\/@Arturo_Medina_G"]},{"@type":"Person","@id":"https:\/\/nitu.mx\/#\/schema\/person\/4a28fe9bd65924f7c90623773daf1b0b","name":"Redacci\u00f3n","image":{"@type":"ImageObject","inLanguage":"es-MX","@id":"https:\/\/nitu.mx\/#\/schema\/person\/image\/","url":"https:\/\/secure.gravatar.com\/avatar\/5dd011c8ccfc5cd7e4c81e42252aab38?s=96&d=mm&r=g","contentUrl":"https:\/\/secure.gravatar.com\/avatar\/5dd011c8ccfc5cd7e4c81e42252aab38?s=96&d=mm&r=g","caption":"Redacci\u00f3n"},"url":"https:\/\/nitu.mx\/index.php\/author\/redaccion\/"}]}},"views":3681,"_links":{"self":[{"href":"https:\/\/nitu.mx\/index.php\/wp-json\/wp\/v2\/posts\/82746"}],"collection":[{"href":"https:\/\/nitu.mx\/index.php\/wp-json\/wp\/v2\/posts"}],"about":[{"href":"https:\/\/nitu.mx\/index.php\/wp-json\/wp\/v2\/types\/post"}],"author":[{"embeddable":true,"href":"https:\/\/nitu.mx\/index.php\/wp-json\/wp\/v2\/users\/17"}],"replies":[{"embeddable":true,"href":"https:\/\/nitu.mx\/index.php\/wp-json\/wp\/v2\/comments?post=82746"}],"version-history":[{"count":2,"href":"https:\/\/nitu.mx\/index.php\/wp-json\/wp\/v2\/posts\/82746\/revisions"}],"predecessor-version":[{"id":82752,"href":"https:\/\/nitu.mx\/index.php\/wp-json\/wp\/v2\/posts\/82746\/revisions\/82752"}],"wp:featuredmedia":[{"embeddable":true,"href":"https:\/\/nitu.mx\/index.php\/wp-json\/wp\/v2\/media\/82751"}],"wp:attachment":[{"href":"https:\/\/nitu.mx\/index.php\/wp-json\/wp\/v2\/media?parent=82746"}],"wp:term":[{"taxonomy":"category","embeddable":true,"href":"https:\/\/nitu.mx\/index.php\/wp-json\/wp\/v2\/categories?post=82746"},{"taxonomy":"post_tag","embeddable":true,"href":"https:\/\/nitu.mx\/index.php\/wp-json\/wp\/v2\/tags?post=82746"}],"curies":[{"name":"wp","href":"https:\/\/api.w.org\/{rel}","templated":true}]}}