{"id":82739,"date":"2025-08-10T21:30:00","date_gmt":"2025-08-11T03:30:00","guid":{"rendered":"https:\/\/nitu.mx\/?p=82739"},"modified":"2025-08-10T21:11:00","modified_gmt":"2025-08-11T03:11:00","slug":"aeromexico-hila-6-meses-con-descenso-en-trafico-de-pasajeros","status":"publish","type":"post","link":"https:\/\/nitu.mx\/index.php\/2025\/08\/10\/aeromexico-hila-6-meses-con-descenso-en-trafico-de-pasajeros\/","title":{"rendered":"Aerom\u00e9xico hila 6 meses con descenso en tr\u00e1fico de pasajeros"},"content":{"rendered":"\n<p>En julio de 2025, Grupo Aerom\u00e9xico transport\u00f3 2 millones 298 mil pasajeros, cifra 5.1% menor a\u00f1o contra a\u00f1o, y con lo que hila seis meses consecutivos con resultados negativos en este indicador, siendo solo enero de este a\u00f1o, cuando registr\u00f3 un incremento.<\/p>\n\n\n\n<p>En el mercado internacional los pasajeros transportados aumentaron 3.4%, mientras que en el mercado dom\u00e9stico disminuyeron 9.5%, ambas cifras comparadas con julio 2024.<\/p>\n\n\n\n<p>La oferta total de Grupo Aerom\u00e9xico, medida en asientos-kil\u00f3metro disponibles (ASKs), aument\u00f3 3.3% en comparaci\u00f3n con julio 2024. La capacidad en el mercado internacional aument\u00f3 9.7%, mientras que en el mercado dom\u00e9stico se contrajo 10.3%.<\/p>\n\n\n\n<p>La demanda de Grupo Aerom\u00e9xico, medida en pasajeros-kil\u00f3metro (RPKs), aument\u00f3 0.4% a\u00f1o contra a\u00f1o. La demanda en el mercado internacional aument\u00f3 5.7%, mientras que la demanda en el mercado dom\u00e9stico se redujo 11.1%.<\/p>\n\n\n\n<p>El factor de ocupaci\u00f3n se ubic\u00f3 en 88.5%, 2.5 puntos porcentuales (p.p.) por debajo de 2024. El factor de ocupaci\u00f3n en el mercado internacional disminuy\u00f3 3.3 p.p., mientras que en el mercado dom\u00e9stico disminuy\u00f3 0.8 p.p.<\/p>\n\n\n\n<p>Respecto al acumulado de los primeros siete meses del a\u00f1o, Aerom\u00e9xico ha transportado 14 millones 355 mil pasajeros, cifra 3.1% por debajo de los registrado de enero a julio de 2024; con 5.7% menos en el mercado nacional y un ascenso de 2.7% en el internacional.<\/p>\n\n\n\n<p>La oferta muestra un incremento de 2.4% comparado a\u00f1o contra a\u00f1o, y la demanda tiene un marginal incremento de 0.1%. El factor de ocupaci\u00f3n muestra una ca\u00edda de 1.9 p.p. al ubicarse en 84.7%. (<a href=\"https:\/\/nitu.mx\/index.php\/2025\/07\/23\/aicm-investigan-incidente-entre-aviones-de-delta-y-aeromexico\/\">AICM: Investigan incidente entre aviones de Delta y Aerom\u00e9xico<\/a>)<\/p>\n","protected":false},"excerpt":{"rendered":"<p>En julio de 2025, Grupo Aerom\u00e9xico transport\u00f3 2 millones 298 mil pasajeros, cifra 5.1% menor a\u00f1o contra a\u00f1o, y con lo que hila seis meses consecutivos con resultados negativos en este indicador, siendo solo enero de este a\u00f1o, cuando registr\u00f3 un incremento. En el mercado internacional los pasajeros transportados aumentaron 3.4%, mientras que en el [&hellip;]<\/p>\n","protected":false},"author":17,"featured_media":81517,"comment_status":"closed","ping_status":"closed","sticky":false,"template":"","format":"standard","meta":{"footnotes":""},"categories":[29],"tags":[30,1340,6280,5024],"yoast_head":"<!-- This site is optimized with the Yoast SEO plugin v22.2 - https:\/\/yoast.com\/wordpress\/plugins\/seo\/ -->\n<title>Aerom\u00e9xico hila 6 meses con descenso en tr\u00e1fico de pasajeros - Nitu - Noticias de la Industria Turistica<\/title>\n<meta name=\"robots\" content=\"index, follow, max-snippet:-1, max-image-preview:large, max-video-preview:-1\" \/>\n<link rel=\"canonical\" href=\"https:\/\/nitu.mx\/index.php\/2025\/08\/10\/aeromexico-hila-6-meses-con-descenso-en-trafico-de-pasajeros\/\" \/>\n<meta name=\"twitter:card\" content=\"summary_large_image\" \/>\n<meta name=\"twitter:title\" content=\"Aerom\u00e9xico hila 6 meses con descenso en tr\u00e1fico de pasajeros - Nitu - Noticias de la Industria Turistica\" \/>\n<meta name=\"twitter:description\" content=\"En julio de 2025, Grupo Aerom\u00e9xico transport\u00f3 2 millones 298 mil pasajeros, cifra 5.1% menor a\u00f1o contra a\u00f1o, y con lo que hila seis meses consecutivos con resultados negativos en este indicador, siendo solo enero de este a\u00f1o, cuando registr\u00f3 un incremento. En el mercado internacional los pasajeros transportados aumentaron 3.4%, mientras que en el [&hellip;]\" \/>\n<meta name=\"twitter:image\" content=\"https:\/\/nitu.mx\/wp-content\/uploads\/2025\/06\/Aeromexico-Embraer-E190-001.jpg\" \/>\n<meta name=\"twitter:creator\" content=\"@NITUmx\" \/>\n<meta name=\"twitter:site\" content=\"@Arturo_Medina_G\" \/>\n<meta name=\"twitter:label1\" content=\"Escrito por\" \/>\n\t<meta name=\"twitter:data1\" content=\"Redacci\u00f3n\" \/>\n\t<meta name=\"twitter:label2\" content=\"Tiempo de lectura\" \/>\n\t<meta name=\"twitter:data2\" content=\"1 minuto\" \/>\n<script type=\"application\/ld+json\" class=\"yoast-schema-graph\">{\"@context\":\"https:\/\/schema.org\",\"@graph\":[{\"@type\":\"Article\",\"@id\":\"https:\/\/nitu.mx\/index.php\/2025\/08\/10\/aeromexico-hila-6-meses-con-descenso-en-trafico-de-pasajeros\/#article\",\"isPartOf\":{\"@id\":\"https:\/\/nitu.mx\/index.php\/2025\/08\/10\/aeromexico-hila-6-meses-con-descenso-en-trafico-de-pasajeros\/\"},\"author\":{\"name\":\"Redacci\u00f3n\",\"@id\":\"https:\/\/nitu.mx\/#\/schema\/person\/4a28fe9bd65924f7c90623773daf1b0b\"},\"headline\":\"Aerom\u00e9xico hila 6 meses con descenso en tr\u00e1fico de pasajeros\",\"datePublished\":\"2025-08-11T03:30:00+00:00\",\"dateModified\":\"2025-08-11T03:11:00+00:00\",\"mainEntityOfPage\":{\"@id\":\"https:\/\/nitu.mx\/index.php\/2025\/08\/10\/aeromexico-hila-6-meses-con-descenso-en-trafico-de-pasajeros\/\"},\"wordCount\":268,\"publisher\":{\"@id\":\"https:\/\/nitu.mx\/#\/schema\/person\/ae7a53426417292d3dd07b45a33e01bc\"},\"image\":{\"@id\":\"https:\/\/nitu.mx\/index.php\/2025\/08\/10\/aeromexico-hila-6-meses-con-descenso-en-trafico-de-pasajeros\/#primaryimage\"},\"thumbnailUrl\":\"https:\/\/nitu.mx\/wp-content\/uploads\/2025\/06\/Aeromexico-Embraer-E190-001.jpg\",\"keywords\":[\"Aerom\u00e9xico\",\"Grupo Aerom\u00e9xico\",\"ocupaci\u00f3n\",\"tr\u00e1fico de pasajeros\"],\"articleSection\":[\"Aerol\u00edneas\"],\"inLanguage\":\"es-MX\"},{\"@type\":\"WebPage\",\"@id\":\"https:\/\/nitu.mx\/index.php\/2025\/08\/10\/aeromexico-hila-6-meses-con-descenso-en-trafico-de-pasajeros\/\",\"url\":\"https:\/\/nitu.mx\/index.php\/2025\/08\/10\/aeromexico-hila-6-meses-con-descenso-en-trafico-de-pasajeros\/\",\"name\":\"Aerom\u00e9xico hila 6 meses con descenso en tr\u00e1fico de pasajeros - Nitu - Noticias de la Industria Turistica\",\"isPartOf\":{\"@id\":\"https:\/\/nitu.mx\/#website\"},\"primaryImageOfPage\":{\"@id\":\"https:\/\/nitu.mx\/index.php\/2025\/08\/10\/aeromexico-hila-6-meses-con-descenso-en-trafico-de-pasajeros\/#primaryimage\"},\"image\":{\"@id\":\"https:\/\/nitu.mx\/index.php\/2025\/08\/10\/aeromexico-hila-6-meses-con-descenso-en-trafico-de-pasajeros\/#primaryimage\"},\"thumbnailUrl\":\"https:\/\/nitu.mx\/wp-content\/uploads\/2025\/06\/Aeromexico-Embraer-E190-001.jpg\",\"datePublished\":\"2025-08-11T03:30:00+00:00\",\"dateModified\":\"2025-08-11T03:11:00+00:00\",\"breadcrumb\":{\"@id\":\"https:\/\/nitu.mx\/index.php\/2025\/08\/10\/aeromexico-hila-6-meses-con-descenso-en-trafico-de-pasajeros\/#breadcrumb\"},\"inLanguage\":\"es-MX\",\"potentialAction\":[{\"@type\":\"ReadAction\",\"target\":[\"https:\/\/nitu.mx\/index.php\/2025\/08\/10\/aeromexico-hila-6-meses-con-descenso-en-trafico-de-pasajeros\/\"]}]},{\"@type\":\"ImageObject\",\"inLanguage\":\"es-MX\",\"@id\":\"https:\/\/nitu.mx\/index.php\/2025\/08\/10\/aeromexico-hila-6-meses-con-descenso-en-trafico-de-pasajeros\/#primaryimage\",\"url\":\"https:\/\/nitu.mx\/wp-content\/uploads\/2025\/06\/Aeromexico-Embraer-E190-001.jpg\",\"contentUrl\":\"https:\/\/nitu.mx\/wp-content\/uploads\/2025\/06\/Aeromexico-Embraer-E190-001.jpg\",\"width\":1200,\"height\":675,\"caption\":\"Aerom\u00e9xico Embraer E190 - 001\"},{\"@type\":\"BreadcrumbList\",\"@id\":\"https:\/\/nitu.mx\/index.php\/2025\/08\/10\/aeromexico-hila-6-meses-con-descenso-en-trafico-de-pasajeros\/#breadcrumb\",\"itemListElement\":[{\"@type\":\"ListItem\",\"position\":1,\"name\":\"Inicio\",\"item\":\"https:\/\/nitu.mx\/\"},{\"@type\":\"ListItem\",\"position\":2,\"name\":\"Aerom\u00e9xico hila 6 meses con descenso en tr\u00e1fico de pasajeros\"}]},{\"@type\":\"WebSite\",\"@id\":\"https:\/\/nitu.mx\/#website\",\"url\":\"https:\/\/nitu.mx\/\",\"name\":\"Nitu - Noticias de la Industria Turistica\",\"description\":\"Noticias de la Industria Turistica\",\"publisher\":{\"@id\":\"https:\/\/nitu.mx\/#\/schema\/person\/ae7a53426417292d3dd07b45a33e01bc\"},\"alternateName\":\"Noticias de la Industria Turistica\",\"potentialAction\":[{\"@type\":\"SearchAction\",\"target\":{\"@type\":\"EntryPoint\",\"urlTemplate\":\"https:\/\/nitu.mx\/?s={search_term_string}\"},\"query-input\":\"required name=search_term_string\"}],\"inLanguage\":\"es-MX\"},{\"@type\":[\"Person\",\"Organization\"],\"@id\":\"https:\/\/nitu.mx\/#\/schema\/person\/ae7a53426417292d3dd07b45a33e01bc\",\"name\":\"Arturo Medina\",\"image\":{\"@type\":\"ImageObject\",\"inLanguage\":\"es-MX\",\"@id\":\"https:\/\/nitu.mx\/#\/schema\/person\/image\/\",\"url\":\"https:\/\/nitu.mx\/wp-content\/uploads\/2024\/04\/4A315622-1904-4D5C-B022-878CDC840E04-90x90-1.jpeg\",\"contentUrl\":\"https:\/\/nitu.mx\/wp-content\/uploads\/2024\/04\/4A315622-1904-4D5C-B022-878CDC840E04-90x90-1.jpeg\",\"width\":90,\"height\":90,\"caption\":\"Arturo Medina\"},\"logo\":{\"@id\":\"https:\/\/nitu.mx\/#\/schema\/person\/image\/\"},\"description\":\"Director NITU.mx, Egresado de la Escuela de Periodismo Carlos Septi\u00e9n Garc\u00eda. Periodista y analista especializado en turismo desde hace 35 a\u00f1os, radicado en Canc\u00fan Q.Roo. arturo@nitu.mx\",\"sameAs\":[\"https:\/\/nitu.mx\",\"https:\/\/www.facebook.com\/NITUmx\/\",\"medinacancun\",\"https:\/\/twitter.com\/@Arturo_Medina_G\"]},{\"@type\":\"Person\",\"@id\":\"https:\/\/nitu.mx\/#\/schema\/person\/4a28fe9bd65924f7c90623773daf1b0b\",\"name\":\"Redacci\u00f3n\",\"image\":{\"@type\":\"ImageObject\",\"inLanguage\":\"es-MX\",\"@id\":\"https:\/\/nitu.mx\/#\/schema\/person\/image\/\",\"url\":\"https:\/\/secure.gravatar.com\/avatar\/5dd011c8ccfc5cd7e4c81e42252aab38?s=96&d=mm&r=g\",\"contentUrl\":\"https:\/\/secure.gravatar.com\/avatar\/5dd011c8ccfc5cd7e4c81e42252aab38?s=96&d=mm&r=g\",\"caption\":\"Redacci\u00f3n\"},\"url\":\"https:\/\/nitu.mx\/index.php\/author\/redaccion\/\"}]}<\/script>\n<!-- \/ Yoast SEO plugin. -->","yoast_head_json":{"title":"Aerom\u00e9xico hila 6 meses con descenso en tr\u00e1fico de pasajeros - Nitu - Noticias de la Industria Turistica","robots":{"index":"index","follow":"follow","max-snippet":"max-snippet:-1","max-image-preview":"max-image-preview:large","max-video-preview":"max-video-preview:-1"},"canonical":"https:\/\/nitu.mx\/index.php\/2025\/08\/10\/aeromexico-hila-6-meses-con-descenso-en-trafico-de-pasajeros\/","twitter_card":"summary_large_image","twitter_title":"Aerom\u00e9xico hila 6 meses con descenso en tr\u00e1fico de pasajeros - Nitu - Noticias de la Industria Turistica","twitter_description":"En julio de 2025, Grupo Aerom\u00e9xico transport\u00f3 2 millones 298 mil pasajeros, cifra 5.1% menor a\u00f1o contra a\u00f1o, y con lo que hila seis meses consecutivos con resultados negativos en este indicador, siendo solo enero de este a\u00f1o, cuando registr\u00f3 un incremento. En el mercado internacional los pasajeros transportados aumentaron 3.4%, mientras que en el [&hellip;]","twitter_image":"https:\/\/nitu.mx\/wp-content\/uploads\/2025\/06\/Aeromexico-Embraer-E190-001.jpg","twitter_creator":"@NITUmx","twitter_site":"@Arturo_Medina_G","twitter_misc":{"Escrito por":"Redacci\u00f3n","Tiempo de lectura":"1 minuto"},"schema":{"@context":"https:\/\/schema.org","@graph":[{"@type":"Article","@id":"https:\/\/nitu.mx\/index.php\/2025\/08\/10\/aeromexico-hila-6-meses-con-descenso-en-trafico-de-pasajeros\/#article","isPartOf":{"@id":"https:\/\/nitu.mx\/index.php\/2025\/08\/10\/aeromexico-hila-6-meses-con-descenso-en-trafico-de-pasajeros\/"},"author":{"name":"Redacci\u00f3n","@id":"https:\/\/nitu.mx\/#\/schema\/person\/4a28fe9bd65924f7c90623773daf1b0b"},"headline":"Aerom\u00e9xico hila 6 meses con descenso en tr\u00e1fico de pasajeros","datePublished":"2025-08-11T03:30:00+00:00","dateModified":"2025-08-11T03:11:00+00:00","mainEntityOfPage":{"@id":"https:\/\/nitu.mx\/index.php\/2025\/08\/10\/aeromexico-hila-6-meses-con-descenso-en-trafico-de-pasajeros\/"},"wordCount":268,"publisher":{"@id":"https:\/\/nitu.mx\/#\/schema\/person\/ae7a53426417292d3dd07b45a33e01bc"},"image":{"@id":"https:\/\/nitu.mx\/index.php\/2025\/08\/10\/aeromexico-hila-6-meses-con-descenso-en-trafico-de-pasajeros\/#primaryimage"},"thumbnailUrl":"https:\/\/nitu.mx\/wp-content\/uploads\/2025\/06\/Aeromexico-Embraer-E190-001.jpg","keywords":["Aerom\u00e9xico","Grupo Aerom\u00e9xico","ocupaci\u00f3n","tr\u00e1fico de pasajeros"],"articleSection":["Aerol\u00edneas"],"inLanguage":"es-MX"},{"@type":"WebPage","@id":"https:\/\/nitu.mx\/index.php\/2025\/08\/10\/aeromexico-hila-6-meses-con-descenso-en-trafico-de-pasajeros\/","url":"https:\/\/nitu.mx\/index.php\/2025\/08\/10\/aeromexico-hila-6-meses-con-descenso-en-trafico-de-pasajeros\/","name":"Aerom\u00e9xico hila 6 meses con descenso en tr\u00e1fico de pasajeros - Nitu - Noticias de la Industria Turistica","isPartOf":{"@id":"https:\/\/nitu.mx\/#website"},"primaryImageOfPage":{"@id":"https:\/\/nitu.mx\/index.php\/2025\/08\/10\/aeromexico-hila-6-meses-con-descenso-en-trafico-de-pasajeros\/#primaryimage"},"image":{"@id":"https:\/\/nitu.mx\/index.php\/2025\/08\/10\/aeromexico-hila-6-meses-con-descenso-en-trafico-de-pasajeros\/#primaryimage"},"thumbnailUrl":"https:\/\/nitu.mx\/wp-content\/uploads\/2025\/06\/Aeromexico-Embraer-E190-001.jpg","datePublished":"2025-08-11T03:30:00+00:00","dateModified":"2025-08-11T03:11:00+00:00","breadcrumb":{"@id":"https:\/\/nitu.mx\/index.php\/2025\/08\/10\/aeromexico-hila-6-meses-con-descenso-en-trafico-de-pasajeros\/#breadcrumb"},"inLanguage":"es-MX","potentialAction":[{"@type":"ReadAction","target":["https:\/\/nitu.mx\/index.php\/2025\/08\/10\/aeromexico-hila-6-meses-con-descenso-en-trafico-de-pasajeros\/"]}]},{"@type":"ImageObject","inLanguage":"es-MX","@id":"https:\/\/nitu.mx\/index.php\/2025\/08\/10\/aeromexico-hila-6-meses-con-descenso-en-trafico-de-pasajeros\/#primaryimage","url":"https:\/\/nitu.mx\/wp-content\/uploads\/2025\/06\/Aeromexico-Embraer-E190-001.jpg","contentUrl":"https:\/\/nitu.mx\/wp-content\/uploads\/2025\/06\/Aeromexico-Embraer-E190-001.jpg","width":1200,"height":675,"caption":"Aerom\u00e9xico Embraer E190 - 001"},{"@type":"BreadcrumbList","@id":"https:\/\/nitu.mx\/index.php\/2025\/08\/10\/aeromexico-hila-6-meses-con-descenso-en-trafico-de-pasajeros\/#breadcrumb","itemListElement":[{"@type":"ListItem","position":1,"name":"Inicio","item":"https:\/\/nitu.mx\/"},{"@type":"ListItem","position":2,"name":"Aerom\u00e9xico hila 6 meses con descenso en tr\u00e1fico de pasajeros"}]},{"@type":"WebSite","@id":"https:\/\/nitu.mx\/#website","url":"https:\/\/nitu.mx\/","name":"Nitu - Noticias de la Industria Turistica","description":"Noticias de la Industria Turistica","publisher":{"@id":"https:\/\/nitu.mx\/#\/schema\/person\/ae7a53426417292d3dd07b45a33e01bc"},"alternateName":"Noticias de la Industria Turistica","potentialAction":[{"@type":"SearchAction","target":{"@type":"EntryPoint","urlTemplate":"https:\/\/nitu.mx\/?s={search_term_string}"},"query-input":"required name=search_term_string"}],"inLanguage":"es-MX"},{"@type":["Person","Organization"],"@id":"https:\/\/nitu.mx\/#\/schema\/person\/ae7a53426417292d3dd07b45a33e01bc","name":"Arturo Medina","image":{"@type":"ImageObject","inLanguage":"es-MX","@id":"https:\/\/nitu.mx\/#\/schema\/person\/image\/","url":"https:\/\/nitu.mx\/wp-content\/uploads\/2024\/04\/4A315622-1904-4D5C-B022-878CDC840E04-90x90-1.jpeg","contentUrl":"https:\/\/nitu.mx\/wp-content\/uploads\/2024\/04\/4A315622-1904-4D5C-B022-878CDC840E04-90x90-1.jpeg","width":90,"height":90,"caption":"Arturo Medina"},"logo":{"@id":"https:\/\/nitu.mx\/#\/schema\/person\/image\/"},"description":"Director NITU.mx, Egresado de la Escuela de Periodismo Carlos Septi\u00e9n Garc\u00eda. Periodista y analista especializado en turismo desde hace 35 a\u00f1os, radicado en Canc\u00fan Q.Roo. arturo@nitu.mx","sameAs":["https:\/\/nitu.mx","https:\/\/www.facebook.com\/NITUmx\/","medinacancun","https:\/\/twitter.com\/@Arturo_Medina_G"]},{"@type":"Person","@id":"https:\/\/nitu.mx\/#\/schema\/person\/4a28fe9bd65924f7c90623773daf1b0b","name":"Redacci\u00f3n","image":{"@type":"ImageObject","inLanguage":"es-MX","@id":"https:\/\/nitu.mx\/#\/schema\/person\/image\/","url":"https:\/\/secure.gravatar.com\/avatar\/5dd011c8ccfc5cd7e4c81e42252aab38?s=96&d=mm&r=g","contentUrl":"https:\/\/secure.gravatar.com\/avatar\/5dd011c8ccfc5cd7e4c81e42252aab38?s=96&d=mm&r=g","caption":"Redacci\u00f3n"},"url":"https:\/\/nitu.mx\/index.php\/author\/redaccion\/"}]}},"views":588,"_links":{"self":[{"href":"https:\/\/nitu.mx\/index.php\/wp-json\/wp\/v2\/posts\/82739"}],"collection":[{"href":"https:\/\/nitu.mx\/index.php\/wp-json\/wp\/v2\/posts"}],"about":[{"href":"https:\/\/nitu.mx\/index.php\/wp-json\/wp\/v2\/types\/post"}],"author":[{"embeddable":true,"href":"https:\/\/nitu.mx\/index.php\/wp-json\/wp\/v2\/users\/17"}],"replies":[{"embeddable":true,"href":"https:\/\/nitu.mx\/index.php\/wp-json\/wp\/v2\/comments?post=82739"}],"version-history":[{"count":1,"href":"https:\/\/nitu.mx\/index.php\/wp-json\/wp\/v2\/posts\/82739\/revisions"}],"predecessor-version":[{"id":82741,"href":"https:\/\/nitu.mx\/index.php\/wp-json\/wp\/v2\/posts\/82739\/revisions\/82741"}],"wp:featuredmedia":[{"embeddable":true,"href":"https:\/\/nitu.mx\/index.php\/wp-json\/wp\/v2\/media\/81517"}],"wp:attachment":[{"href":"https:\/\/nitu.mx\/index.php\/wp-json\/wp\/v2\/media?parent=82739"}],"wp:term":[{"taxonomy":"category","embeddable":true,"href":"https:\/\/nitu.mx\/index.php\/wp-json\/wp\/v2\/categories?post=82739"},{"taxonomy":"post_tag","embeddable":true,"href":"https:\/\/nitu.mx\/index.php\/wp-json\/wp\/v2\/tags?post=82739"}],"curies":[{"name":"wp","href":"https:\/\/api.w.org\/{rel}","templated":true}]}}