{"id":82730,"date":"2025-08-10T20:36:57","date_gmt":"2025-08-11T02:36:57","guid":{"rendered":"https:\/\/nitu.mx\/?p=82730"},"modified":"2025-08-10T20:36:57","modified_gmt":"2025-08-11T02:36:57","slug":"nuba-reunira-a-lideres-del-sector-en-la-tercera-edicion-de-luxury-hub","status":"publish","type":"post","link":"https:\/\/nitu.mx\/index.php\/2025\/08\/10\/nuba-reunira-a-lideres-del-sector-en-la-tercera-edicion-de-luxury-hub\/","title":{"rendered":"NUBA reunir\u00e1 a l\u00edderes del sector en la tercera edici\u00f3n de Luxury Hub\u00a0"},"content":{"rendered":"\n<p>NUBA, la agencia l\u00edder en experiencias de lujo, presenta la tercera edici\u00f3n de Luxury Hub by NUBA. Este exclusivo encuentro reunir\u00e1 a los hoteleros m\u00e1s prestigiosos y a los destinos m\u00e1s fascinantes del planeta en un di\u00e1logo directo con los principales travel advisors de la compa\u00f1\u00eda.<\/p>\n\n\n\n<p>El escenario de esta cita ser\u00e1, una vez m\u00e1s, General Prim, un espacio que se transformar\u00e1 en el epicentro del lujo, la innovaci\u00f3n y la conexi\u00f3n estrat\u00e9gica. M\u00e1s que un evento,\u00a0<em>Luxury Hub by NUBA<\/em>\u00a0se ha consolidado como un punto de encuentro esencial para la reflexi\u00f3n y evoluci\u00f3n del turismo de \u00e9lite: una plataforma donde se tejen las alianzas que definir\u00e1n el futuro del sector en M\u00e9xico y en el mundo.<\/p>\n\n\n\n<p>Este a\u00f1o, m\u00e1s de 70 marcas internacionales, entre hoteles, yates, resorts y destinos l\u00edderes en turismo, formar\u00e1n parte de la experiencia, consolidando a&nbsp;<em>Luxury Hub<\/em>&nbsp;como el escenario predilecto para generar sinergias entre los grandes protagonistas de la industria. Entre ellas destacan nombres como Oetker Collection, Joali Maldives, Orient Express La Dolce Vita, SHA Wellness y Four Seasons Yachts.<\/p>\n\n\n\n<p>A lo largo de la jornada, m\u00e1s de 2,700 reuniones de trabajo abrir\u00e1n nuevas oportunidades, impulsar\u00e1n colaboraciones estrat\u00e9gicas y fortalecer\u00e1n los lazos entre los actores m\u00e1s influyentes del sector. El evento tambi\u00e9n contar\u00e1 con el respaldo de marcas, que aprovechar\u00e1n esta plataforma para conectar con un grupo exclusivo de asistentes a trav\u00e9s de experiencias que encarnan la esencia de la excelencia. Entre ellas destacan: Piel Canela, Club Sorbet y The Coffee.<\/p>\n\n\n\n<p>Mario Del Duca, Managing Director Am\u00e9ricas, junto con los directivos de Producto, Marketing y Comercial, encabezar\u00e1 este encuentro, acompa\u00f1ados por m\u00e1s de 100 miembros del equipo de Luxury Travel Advisors de NUBA. Su presencia reafirma el liderazgo de la agencia en la creaci\u00f3n de viajes extraordinarios, dise\u00f1ados para quienes buscan lo excepcional en cada destino. (<a href=\"https:\/\/nitu.mx\/index.php\/2025\/06\/09\/nuba-insider-mexico-se-suma-a-la-red-virtuoso-como-partner-global\/\">NUBA Insider M\u00e9xico se suma a la red Virtuoso como partner global<\/a>).<\/p>\n","protected":false},"excerpt":{"rendered":"<p>NUBA, la agencia l\u00edder en experiencias de lujo, presenta la tercera edici\u00f3n de Luxury Hub by NUBA. Este exclusivo encuentro reunir\u00e1 a los hoteleros m\u00e1s prestigiosos y a los destinos m\u00e1s fascinantes del planeta en un di\u00e1logo directo con los principales travel advisors de la compa\u00f1\u00eda. El escenario de esta cita ser\u00e1, una vez m\u00e1s, [&hellip;]<\/p>\n","protected":false},"author":17,"featured_media":82732,"comment_status":"closed","ping_status":"closed","sticky":false,"template":"","format":"standard","meta":{"footnotes":""},"categories":[3],"tags":[27600,27599,7687],"yoast_head":"<!-- This site is optimized with the Yoast SEO plugin v22.2 - https:\/\/yoast.com\/wordpress\/plugins\/seo\/ -->\n<title>NUBA reunir\u00e1 a l\u00edderes del sector en la tercera edici\u00f3n de Luxury Hub\u00a0 - Nitu - Noticias de la Industria Turistica<\/title>\n<meta name=\"robots\" content=\"index, follow, max-snippet:-1, max-image-preview:large, max-video-preview:-1\" \/>\n<link rel=\"canonical\" href=\"https:\/\/nitu.mx\/index.php\/2025\/08\/10\/nuba-reunira-a-lideres-del-sector-en-la-tercera-edicion-de-luxury-hub\/\" \/>\n<meta name=\"twitter:card\" content=\"summary_large_image\" \/>\n<meta name=\"twitter:title\" content=\"NUBA reunir\u00e1 a l\u00edderes del sector en la tercera edici\u00f3n de Luxury Hub\u00a0 - Nitu - Noticias de la Industria Turistica\" \/>\n<meta name=\"twitter:description\" content=\"NUBA, la agencia l\u00edder en experiencias de lujo, presenta la tercera edici\u00f3n de Luxury Hub by NUBA. Este exclusivo encuentro reunir\u00e1 a los hoteleros m\u00e1s prestigiosos y a los destinos m\u00e1s fascinantes del planeta en un di\u00e1logo directo con los principales travel advisors de la compa\u00f1\u00eda. El escenario de esta cita ser\u00e1, una vez m\u00e1s, [&hellip;]\" \/>\n<meta name=\"twitter:image\" content=\"https:\/\/nitu.mx\/wp-content\/uploads\/2025\/08\/Luxury-Hub-by-NUBA-2025.jpg\" \/>\n<meta name=\"twitter:creator\" content=\"@NITUmx\" \/>\n<meta name=\"twitter:site\" content=\"@Arturo_Medina_G\" \/>\n<meta name=\"twitter:label1\" content=\"Escrito por\" \/>\n\t<meta name=\"twitter:data1\" content=\"Redacci\u00f3n\" \/>\n\t<meta name=\"twitter:label2\" content=\"Tiempo de lectura\" \/>\n\t<meta name=\"twitter:data2\" content=\"2 minutos\" \/>\n<script type=\"application\/ld+json\" class=\"yoast-schema-graph\">{\"@context\":\"https:\/\/schema.org\",\"@graph\":[{\"@type\":\"Article\",\"@id\":\"https:\/\/nitu.mx\/index.php\/2025\/08\/10\/nuba-reunira-a-lideres-del-sector-en-la-tercera-edicion-de-luxury-hub\/#article\",\"isPartOf\":{\"@id\":\"https:\/\/nitu.mx\/index.php\/2025\/08\/10\/nuba-reunira-a-lideres-del-sector-en-la-tercera-edicion-de-luxury-hub\/\"},\"author\":{\"name\":\"Redacci\u00f3n\",\"@id\":\"https:\/\/nitu.mx\/#\/schema\/person\/4a28fe9bd65924f7c90623773daf1b0b\"},\"headline\":\"NUBA reunir\u00e1 a l\u00edderes del sector en la tercera edici\u00f3n de Luxury Hub\u00a0\",\"datePublished\":\"2025-08-11T02:36:57+00:00\",\"dateModified\":\"2025-08-11T02:36:57+00:00\",\"mainEntityOfPage\":{\"@id\":\"https:\/\/nitu.mx\/index.php\/2025\/08\/10\/nuba-reunira-a-lideres-del-sector-en-la-tercera-edicion-de-luxury-hub\/\"},\"wordCount\":363,\"publisher\":{\"@id\":\"https:\/\/nitu.mx\/#\/schema\/person\/ae7a53426417292d3dd07b45a33e01bc\"},\"image\":{\"@id\":\"https:\/\/nitu.mx\/index.php\/2025\/08\/10\/nuba-reunira-a-lideres-del-sector-en-la-tercera-edicion-de-luxury-hub\/#primaryimage\"},\"thumbnailUrl\":\"https:\/\/nitu.mx\/wp-content\/uploads\/2025\/08\/Luxury-Hub-by-NUBA-2025.jpg\",\"keywords\":[\"Luxury Hub\",\"NUBA\",\"turismo de lujo\"],\"articleSection\":[\"Agencias de Viajes\"],\"inLanguage\":\"es-MX\"},{\"@type\":\"WebPage\",\"@id\":\"https:\/\/nitu.mx\/index.php\/2025\/08\/10\/nuba-reunira-a-lideres-del-sector-en-la-tercera-edicion-de-luxury-hub\/\",\"url\":\"https:\/\/nitu.mx\/index.php\/2025\/08\/10\/nuba-reunira-a-lideres-del-sector-en-la-tercera-edicion-de-luxury-hub\/\",\"name\":\"NUBA reunir\u00e1 a l\u00edderes del sector en la tercera edici\u00f3n de Luxury Hub\u00a0 - Nitu - Noticias de la Industria Turistica\",\"isPartOf\":{\"@id\":\"https:\/\/nitu.mx\/#website\"},\"primaryImageOfPage\":{\"@id\":\"https:\/\/nitu.mx\/index.php\/2025\/08\/10\/nuba-reunira-a-lideres-del-sector-en-la-tercera-edicion-de-luxury-hub\/#primaryimage\"},\"image\":{\"@id\":\"https:\/\/nitu.mx\/index.php\/2025\/08\/10\/nuba-reunira-a-lideres-del-sector-en-la-tercera-edicion-de-luxury-hub\/#primaryimage\"},\"thumbnailUrl\":\"https:\/\/nitu.mx\/wp-content\/uploads\/2025\/08\/Luxury-Hub-by-NUBA-2025.jpg\",\"datePublished\":\"2025-08-11T02:36:57+00:00\",\"dateModified\":\"2025-08-11T02:36:57+00:00\",\"breadcrumb\":{\"@id\":\"https:\/\/nitu.mx\/index.php\/2025\/08\/10\/nuba-reunira-a-lideres-del-sector-en-la-tercera-edicion-de-luxury-hub\/#breadcrumb\"},\"inLanguage\":\"es-MX\",\"potentialAction\":[{\"@type\":\"ReadAction\",\"target\":[\"https:\/\/nitu.mx\/index.php\/2025\/08\/10\/nuba-reunira-a-lideres-del-sector-en-la-tercera-edicion-de-luxury-hub\/\"]}]},{\"@type\":\"ImageObject\",\"inLanguage\":\"es-MX\",\"@id\":\"https:\/\/nitu.mx\/index.php\/2025\/08\/10\/nuba-reunira-a-lideres-del-sector-en-la-tercera-edicion-de-luxury-hub\/#primaryimage\",\"url\":\"https:\/\/nitu.mx\/wp-content\/uploads\/2025\/08\/Luxury-Hub-by-NUBA-2025.jpg\",\"contentUrl\":\"https:\/\/nitu.mx\/wp-content\/uploads\/2025\/08\/Luxury-Hub-by-NUBA-2025.jpg\",\"width\":1200,\"height\":675,\"caption\":\"Luxury Hub by NUBA 2025\"},{\"@type\":\"BreadcrumbList\",\"@id\":\"https:\/\/nitu.mx\/index.php\/2025\/08\/10\/nuba-reunira-a-lideres-del-sector-en-la-tercera-edicion-de-luxury-hub\/#breadcrumb\",\"itemListElement\":[{\"@type\":\"ListItem\",\"position\":1,\"name\":\"Inicio\",\"item\":\"https:\/\/nitu.mx\/\"},{\"@type\":\"ListItem\",\"position\":2,\"name\":\"NUBA reunir\u00e1 a l\u00edderes del sector en la tercera edici\u00f3n de Luxury Hub\u00a0\"}]},{\"@type\":\"WebSite\",\"@id\":\"https:\/\/nitu.mx\/#website\",\"url\":\"https:\/\/nitu.mx\/\",\"name\":\"Nitu - Noticias de la Industria Turistica\",\"description\":\"Noticias de la Industria Turistica\",\"publisher\":{\"@id\":\"https:\/\/nitu.mx\/#\/schema\/person\/ae7a53426417292d3dd07b45a33e01bc\"},\"alternateName\":\"Noticias de la Industria Turistica\",\"potentialAction\":[{\"@type\":\"SearchAction\",\"target\":{\"@type\":\"EntryPoint\",\"urlTemplate\":\"https:\/\/nitu.mx\/?s={search_term_string}\"},\"query-input\":\"required name=search_term_string\"}],\"inLanguage\":\"es-MX\"},{\"@type\":[\"Person\",\"Organization\"],\"@id\":\"https:\/\/nitu.mx\/#\/schema\/person\/ae7a53426417292d3dd07b45a33e01bc\",\"name\":\"Arturo Medina\",\"image\":{\"@type\":\"ImageObject\",\"inLanguage\":\"es-MX\",\"@id\":\"https:\/\/nitu.mx\/#\/schema\/person\/image\/\",\"url\":\"https:\/\/nitu.mx\/wp-content\/uploads\/2024\/04\/4A315622-1904-4D5C-B022-878CDC840E04-90x90-1.jpeg\",\"contentUrl\":\"https:\/\/nitu.mx\/wp-content\/uploads\/2024\/04\/4A315622-1904-4D5C-B022-878CDC840E04-90x90-1.jpeg\",\"width\":90,\"height\":90,\"caption\":\"Arturo Medina\"},\"logo\":{\"@id\":\"https:\/\/nitu.mx\/#\/schema\/person\/image\/\"},\"description\":\"Director NITU.mx, Egresado de la Escuela de Periodismo Carlos Septi\u00e9n Garc\u00eda. Periodista y analista especializado en turismo desde hace 35 a\u00f1os, radicado en Canc\u00fan Q.Roo. arturo@nitu.mx\",\"sameAs\":[\"https:\/\/nitu.mx\",\"https:\/\/www.facebook.com\/NITUmx\/\",\"medinacancun\",\"https:\/\/twitter.com\/@Arturo_Medina_G\"]},{\"@type\":\"Person\",\"@id\":\"https:\/\/nitu.mx\/#\/schema\/person\/4a28fe9bd65924f7c90623773daf1b0b\",\"name\":\"Redacci\u00f3n\",\"image\":{\"@type\":\"ImageObject\",\"inLanguage\":\"es-MX\",\"@id\":\"https:\/\/nitu.mx\/#\/schema\/person\/image\/\",\"url\":\"https:\/\/secure.gravatar.com\/avatar\/5dd011c8ccfc5cd7e4c81e42252aab38?s=96&d=mm&r=g\",\"contentUrl\":\"https:\/\/secure.gravatar.com\/avatar\/5dd011c8ccfc5cd7e4c81e42252aab38?s=96&d=mm&r=g\",\"caption\":\"Redacci\u00f3n\"},\"url\":\"https:\/\/nitu.mx\/index.php\/author\/redaccion\/\"}]}<\/script>\n<!-- \/ Yoast SEO plugin. -->","yoast_head_json":{"title":"NUBA reunir\u00e1 a l\u00edderes del sector en la tercera edici\u00f3n de Luxury Hub\u00a0 - Nitu - Noticias de la Industria Turistica","robots":{"index":"index","follow":"follow","max-snippet":"max-snippet:-1","max-image-preview":"max-image-preview:large","max-video-preview":"max-video-preview:-1"},"canonical":"https:\/\/nitu.mx\/index.php\/2025\/08\/10\/nuba-reunira-a-lideres-del-sector-en-la-tercera-edicion-de-luxury-hub\/","twitter_card":"summary_large_image","twitter_title":"NUBA reunir\u00e1 a l\u00edderes del sector en la tercera edici\u00f3n de Luxury Hub\u00a0 - Nitu - Noticias de la Industria Turistica","twitter_description":"NUBA, la agencia l\u00edder en experiencias de lujo, presenta la tercera edici\u00f3n de Luxury Hub by NUBA. Este exclusivo encuentro reunir\u00e1 a los hoteleros m\u00e1s prestigiosos y a los destinos m\u00e1s fascinantes del planeta en un di\u00e1logo directo con los principales travel advisors de la compa\u00f1\u00eda. El escenario de esta cita ser\u00e1, una vez m\u00e1s, [&hellip;]","twitter_image":"https:\/\/nitu.mx\/wp-content\/uploads\/2025\/08\/Luxury-Hub-by-NUBA-2025.jpg","twitter_creator":"@NITUmx","twitter_site":"@Arturo_Medina_G","twitter_misc":{"Escrito por":"Redacci\u00f3n","Tiempo de lectura":"2 minutos"},"schema":{"@context":"https:\/\/schema.org","@graph":[{"@type":"Article","@id":"https:\/\/nitu.mx\/index.php\/2025\/08\/10\/nuba-reunira-a-lideres-del-sector-en-la-tercera-edicion-de-luxury-hub\/#article","isPartOf":{"@id":"https:\/\/nitu.mx\/index.php\/2025\/08\/10\/nuba-reunira-a-lideres-del-sector-en-la-tercera-edicion-de-luxury-hub\/"},"author":{"name":"Redacci\u00f3n","@id":"https:\/\/nitu.mx\/#\/schema\/person\/4a28fe9bd65924f7c90623773daf1b0b"},"headline":"NUBA reunir\u00e1 a l\u00edderes del sector en la tercera edici\u00f3n de Luxury Hub\u00a0","datePublished":"2025-08-11T02:36:57+00:00","dateModified":"2025-08-11T02:36:57+00:00","mainEntityOfPage":{"@id":"https:\/\/nitu.mx\/index.php\/2025\/08\/10\/nuba-reunira-a-lideres-del-sector-en-la-tercera-edicion-de-luxury-hub\/"},"wordCount":363,"publisher":{"@id":"https:\/\/nitu.mx\/#\/schema\/person\/ae7a53426417292d3dd07b45a33e01bc"},"image":{"@id":"https:\/\/nitu.mx\/index.php\/2025\/08\/10\/nuba-reunira-a-lideres-del-sector-en-la-tercera-edicion-de-luxury-hub\/#primaryimage"},"thumbnailUrl":"https:\/\/nitu.mx\/wp-content\/uploads\/2025\/08\/Luxury-Hub-by-NUBA-2025.jpg","keywords":["Luxury Hub","NUBA","turismo de lujo"],"articleSection":["Agencias de Viajes"],"inLanguage":"es-MX"},{"@type":"WebPage","@id":"https:\/\/nitu.mx\/index.php\/2025\/08\/10\/nuba-reunira-a-lideres-del-sector-en-la-tercera-edicion-de-luxury-hub\/","url":"https:\/\/nitu.mx\/index.php\/2025\/08\/10\/nuba-reunira-a-lideres-del-sector-en-la-tercera-edicion-de-luxury-hub\/","name":"NUBA reunir\u00e1 a l\u00edderes del sector en la tercera edici\u00f3n de Luxury Hub\u00a0 - Nitu - Noticias de la Industria Turistica","isPartOf":{"@id":"https:\/\/nitu.mx\/#website"},"primaryImageOfPage":{"@id":"https:\/\/nitu.mx\/index.php\/2025\/08\/10\/nuba-reunira-a-lideres-del-sector-en-la-tercera-edicion-de-luxury-hub\/#primaryimage"},"image":{"@id":"https:\/\/nitu.mx\/index.php\/2025\/08\/10\/nuba-reunira-a-lideres-del-sector-en-la-tercera-edicion-de-luxury-hub\/#primaryimage"},"thumbnailUrl":"https:\/\/nitu.mx\/wp-content\/uploads\/2025\/08\/Luxury-Hub-by-NUBA-2025.jpg","datePublished":"2025-08-11T02:36:57+00:00","dateModified":"2025-08-11T02:36:57+00:00","breadcrumb":{"@id":"https:\/\/nitu.mx\/index.php\/2025\/08\/10\/nuba-reunira-a-lideres-del-sector-en-la-tercera-edicion-de-luxury-hub\/#breadcrumb"},"inLanguage":"es-MX","potentialAction":[{"@type":"ReadAction","target":["https:\/\/nitu.mx\/index.php\/2025\/08\/10\/nuba-reunira-a-lideres-del-sector-en-la-tercera-edicion-de-luxury-hub\/"]}]},{"@type":"ImageObject","inLanguage":"es-MX","@id":"https:\/\/nitu.mx\/index.php\/2025\/08\/10\/nuba-reunira-a-lideres-del-sector-en-la-tercera-edicion-de-luxury-hub\/#primaryimage","url":"https:\/\/nitu.mx\/wp-content\/uploads\/2025\/08\/Luxury-Hub-by-NUBA-2025.jpg","contentUrl":"https:\/\/nitu.mx\/wp-content\/uploads\/2025\/08\/Luxury-Hub-by-NUBA-2025.jpg","width":1200,"height":675,"caption":"Luxury Hub by NUBA 2025"},{"@type":"BreadcrumbList","@id":"https:\/\/nitu.mx\/index.php\/2025\/08\/10\/nuba-reunira-a-lideres-del-sector-en-la-tercera-edicion-de-luxury-hub\/#breadcrumb","itemListElement":[{"@type":"ListItem","position":1,"name":"Inicio","item":"https:\/\/nitu.mx\/"},{"@type":"ListItem","position":2,"name":"NUBA reunir\u00e1 a l\u00edderes del sector en la tercera edici\u00f3n de Luxury Hub\u00a0"}]},{"@type":"WebSite","@id":"https:\/\/nitu.mx\/#website","url":"https:\/\/nitu.mx\/","name":"Nitu - Noticias de la Industria Turistica","description":"Noticias de la Industria Turistica","publisher":{"@id":"https:\/\/nitu.mx\/#\/schema\/person\/ae7a53426417292d3dd07b45a33e01bc"},"alternateName":"Noticias de la Industria Turistica","potentialAction":[{"@type":"SearchAction","target":{"@type":"EntryPoint","urlTemplate":"https:\/\/nitu.mx\/?s={search_term_string}"},"query-input":"required name=search_term_string"}],"inLanguage":"es-MX"},{"@type":["Person","Organization"],"@id":"https:\/\/nitu.mx\/#\/schema\/person\/ae7a53426417292d3dd07b45a33e01bc","name":"Arturo Medina","image":{"@type":"ImageObject","inLanguage":"es-MX","@id":"https:\/\/nitu.mx\/#\/schema\/person\/image\/","url":"https:\/\/nitu.mx\/wp-content\/uploads\/2024\/04\/4A315622-1904-4D5C-B022-878CDC840E04-90x90-1.jpeg","contentUrl":"https:\/\/nitu.mx\/wp-content\/uploads\/2024\/04\/4A315622-1904-4D5C-B022-878CDC840E04-90x90-1.jpeg","width":90,"height":90,"caption":"Arturo Medina"},"logo":{"@id":"https:\/\/nitu.mx\/#\/schema\/person\/image\/"},"description":"Director NITU.mx, Egresado de la Escuela de Periodismo Carlos Septi\u00e9n Garc\u00eda. Periodista y analista especializado en turismo desde hace 35 a\u00f1os, radicado en Canc\u00fan Q.Roo. arturo@nitu.mx","sameAs":["https:\/\/nitu.mx","https:\/\/www.facebook.com\/NITUmx\/","medinacancun","https:\/\/twitter.com\/@Arturo_Medina_G"]},{"@type":"Person","@id":"https:\/\/nitu.mx\/#\/schema\/person\/4a28fe9bd65924f7c90623773daf1b0b","name":"Redacci\u00f3n","image":{"@type":"ImageObject","inLanguage":"es-MX","@id":"https:\/\/nitu.mx\/#\/schema\/person\/image\/","url":"https:\/\/secure.gravatar.com\/avatar\/5dd011c8ccfc5cd7e4c81e42252aab38?s=96&d=mm&r=g","contentUrl":"https:\/\/secure.gravatar.com\/avatar\/5dd011c8ccfc5cd7e4c81e42252aab38?s=96&d=mm&r=g","caption":"Redacci\u00f3n"},"url":"https:\/\/nitu.mx\/index.php\/author\/redaccion\/"}]}},"views":718,"_links":{"self":[{"href":"https:\/\/nitu.mx\/index.php\/wp-json\/wp\/v2\/posts\/82730"}],"collection":[{"href":"https:\/\/nitu.mx\/index.php\/wp-json\/wp\/v2\/posts"}],"about":[{"href":"https:\/\/nitu.mx\/index.php\/wp-json\/wp\/v2\/types\/post"}],"author":[{"embeddable":true,"href":"https:\/\/nitu.mx\/index.php\/wp-json\/wp\/v2\/users\/17"}],"replies":[{"embeddable":true,"href":"https:\/\/nitu.mx\/index.php\/wp-json\/wp\/v2\/comments?post=82730"}],"version-history":[{"count":1,"href":"https:\/\/nitu.mx\/index.php\/wp-json\/wp\/v2\/posts\/82730\/revisions"}],"predecessor-version":[{"id":82733,"href":"https:\/\/nitu.mx\/index.php\/wp-json\/wp\/v2\/posts\/82730\/revisions\/82733"}],"wp:featuredmedia":[{"embeddable":true,"href":"https:\/\/nitu.mx\/index.php\/wp-json\/wp\/v2\/media\/82732"}],"wp:attachment":[{"href":"https:\/\/nitu.mx\/index.php\/wp-json\/wp\/v2\/media?parent=82730"}],"wp:term":[{"taxonomy":"category","embeddable":true,"href":"https:\/\/nitu.mx\/index.php\/wp-json\/wp\/v2\/categories?post=82730"},{"taxonomy":"post_tag","embeddable":true,"href":"https:\/\/nitu.mx\/index.php\/wp-json\/wp\/v2\/tags?post=82730"}],"curies":[{"name":"wp","href":"https:\/\/api.w.org\/{rel}","templated":true}]}}