{"id":82696,"date":"2025-08-07T22:55:42","date_gmt":"2025-08-08T04:55:42","guid":{"rendered":"https:\/\/nitu.mx\/?p=82696"},"modified":"2025-08-07T22:55:43","modified_gmt":"2025-08-08T04:55:43","slug":"chacala-destino-imperdible-en-la-riviera-nayarit-para-2025","status":"publish","type":"post","link":"https:\/\/nitu.mx\/index.php\/2025\/08\/07\/chacala-destino-imperdible-en-la-riviera-nayarit-para-2025\/","title":{"rendered":"Chacala, destino imperdible en la Riviera Nayarit para 2025"},"content":{"rendered":"\n<p>En la geograf\u00eda emocional del viajero contempor\u00e1neo, hay destinos que no solo se visitan: se habitan, se sienten, y se convierten en una experiencia transformadora. Chacala, a\u00fan ajeno a las multitudes, escondido entre selvas tropicales y ba\u00f1ado por las olas tranquilas del Pac\u00edfico, emerge como uno de los destinos m\u00e1s encantadores de la Riviera Nayarit, combinando la belleza natural de un destino poco explorado, experiencias aut\u00e9nticas y un enfoque de bienestar integral que lo convierte en el lugar que deber\u00edas agregar ya a tu bucket list \u2014antes de que otros lo descubran.<\/p>\n\n\n\n<h1 class=\"wp-block-heading\">Saborea la historia viva del Pac\u00edfico<\/h1>\n\n\n\n<p>La traves\u00eda comienza en Lalaxtli, un restaurante enclavado en lo que antes fue una antigua armer\u00eda de la \u00e9poca de la Nao de China.<\/p>\n\n\n\n<p>Hoy, este lugar es un santuario que se ha reinventado como un rinc\u00f3n acogedor entre la jungla y el mar, siendo el primer sorbo de un viaje inolvidable con productos y sabores locales donde el desayuno se convierte en una celebraci\u00f3n con vista al mar que prepara los sentidos para lo que viene.<\/p>\n\n\n\n<h1 class=\"wp-block-heading\">Senderismo al cr\u00e1ter: Un instante de asombro.<\/h1>\n\n\n\n<p>Acompa\u00f1ado por cantos de aves y brisa salina, una caminata tan m\u00e1gica como enigm\u00e1tica entre senderos selv\u00e1ticos se convierte en un acto meditativo mientras que llegas al cr\u00e1ter de un volc\u00e1n dormido que regala una vista privilegiada: La Bah\u00eda de Chacala.<\/p>\n\n\n\n<p>Desde la cima, enmarcada por el oc\u00e9ano, nos revela su esencia m\u00e1s salvaje y majestuosa que deja sin aliento \u2014no por su dramatismo, sino por su quietud. Es un viaje al centro de la tierra, con vista al mar.<\/p>\n\n\n\n<h1 class=\"wp-block-heading\">TAO: Lujo regenerativo y arte con sentido<\/h1>\n\n\n\n<p>M\u00e1s all\u00e1 de lo visual, Chacala tambi\u00e9n se vive en los detalles. Una parada en el Rancho TAO revela otro rostro de este destino.<\/p>\n\n\n\n<p>Este espacio produce textiles, muebles y alimentos org\u00e1nicos que nutren al ic\u00f3nico Hotel Mar de Jade, uno de los proyectos de turismo consciente m\u00e1s admirados del pa\u00eds. TAO es arte, tierra y filosof\u00eda viva: una fusi\u00f3n entre tradici\u00f3n, sustentabilidad y belleza tangible.<\/p>\n\n\n\n<p>La creatividad se cultiva como la milpa. No es producci\u00f3n: es prop\u00f3sito.<\/p>\n\n\n\n<h1 class=\"wp-block-heading\">Apapacho del mar.<\/h1>\n\n\n\n<p>Frente al mar y sin prisa, el almuerzo se saborea en Chico\u2019s, un restaurante que ha elevado el arte del pescado zarandeado, el aguachile y los ceviches tropicales reci\u00e9n preparados.<\/p>\n\n\n\n<p>La frescura del producto no s\u00f3lo se siente en el plato, sino en el alma del lugar. La calidez del servicio hace de esta experiencia culinaria una celebraci\u00f3n de sabor y su ingrediente principal.<\/p>\n\n\n\n<h1 class=\"wp-block-heading\">Mar de Jade<\/h1>\n\n\n\n<p>Hospedarse en Mar de Jade es entrar a otro ritmo. El sonido del oleaje, los senderos de piedra, los huertos como parte del paisaje, las hamacas en sombra natural y las habitaciones frente al mar con la arquitectura integrada en el entorno, completan el refugio ideal para descansar y reconectar.<\/p>\n\n\n\n<p>Pero m\u00e1s all\u00e1 del confort, es aqu\u00ed donde Chacala revela su coraz\u00f3n. Fundado con el deseo de sanar y nutrir, este hotel opera con principios de sustentabilidad profunda transformando el turismo en un acto consciente.<\/p>\n\n\n\n<p>Con huerto propio, talleres artesanales, escuela comunitaria y empleos para pobladores de zonas aleda\u00f1as, Mar de Jade encarna el verdadero significado del lujo regenerativo, representa una nueva forma de viajar \u2014m\u00e1s consciente, m\u00e1s conectada, m\u00e1s humana. Aqu\u00ed, el lujo tiene conciencia, m\u00e1s que un hospedaje: es un proyecto humanitario.<\/p>\n\n\n\n<p>Las experiencias hol\u00edsticas y su visi\u00f3n humana lo convierten en un referente de bienestar descubriendo que no tiene que ser superficial, que el verdadero lujo es generar un impacto positivo, conexi\u00f3n real y respeto por la tierra.<\/p>\n\n\n\n<h1 class=\"wp-block-heading\">Bioluminiscencia: estrellas en los pies<\/h1>\n\n\n\n<p>Al anochecer, la playa se convierte en escenario de un fen\u00f3meno casi on\u00edrico. La bioluminiscencia, ese fen\u00f3meno et\u00e9reo provocado por microorganismos marinos que transforman cada paso en luz.<\/p>\n\n\n\n<p>Caminar por la orilla es ver el mar encenderse, chispear, hablar. Una experiencia sensorial hipn\u00f3tica: basta caminar o sumergir las manos para ver c\u00f3mo el agua chispea en azul el\u00e9ctrico. Es naturaleza en su estado m\u00e1s \u00edntimo, m\u00e1s inexplicable y m\u00e1gico. Como si las estrellas hubieran decidido flotar, por unas horas, sobre el oc\u00e9ano.<\/p>\n\n\n\n<h1 class=\"wp-block-heading\">Rituales de bienestar, ra\u00edces profundas<\/h1>\n\n\n\n<p>Una ma\u00f1ana ideal comienza con un temazcal ancestral entorno a una ceremonia purificadora bajo el vapor de hierbas curativas que honra las tradiciones ind\u00edgenas, conecta con lo esencial y purifica cuerpo y mente. Seguido de un desayuno 100% org\u00e1nico servido del huerto de Mar de Jade.<\/p>\n\n\n\n<p>El resto de la ma\u00f1ana se convierte en refugio al adentrarse en el spa con un masaje relajante y una sesi\u00f3n de acupuntura. M\u00e1s tarde un paseo en la boutique local donde las prendas reflejan la est\u00e9tica natural y sencilla del destino, permitiendo llevar algo m\u00e1s que un souvenir: piezas hechas a mano que capturan la esencia del lugar.<\/p>\n\n\n\n<p>Al caer la tarde, el d\u00eda culmina con una sesi\u00f3n de yoga frente al mar. El sol baja lentamente, y la sensaci\u00f3n es una sola: plenitud<\/p>\n\n\n\n<h1 class=\"wp-block-heading\">Chacala: la joya del viajero consciente.<\/h1>\n\n\n\n<p>Este rinc\u00f3n del Pac\u00edfico mexicano no necesita grandes resorts. Su poder est\u00e1 en lo \u00edntimo, en lo lento, en lo real. Es la ant\u00edtesis del turismo r\u00e1pido, y la respuesta al viajero que busca m\u00e1s.<\/p>\n\n\n\n<p>Este peque\u00f1o gran rinc\u00f3n de la Riviera Nayarit no solo promete paisajes espectaculares y tranquilidad absoluta. Chacala ofrece algo m\u00e1s profundo: una experiencia integral que nutre, inspira y re-conecta. (<a href=\"https:\/\/nitu.mx\/index.php\/2025\/08\/04\/nayarit-se-consolida-como-puerta-de-entrada-al-pacifico-con-4-nuevas-rutas-internacionales\/\">Nayarit se consolida como puerta de entrada al Pac\u00edfico con 4 nuevas rutas internacionales<\/a>).<\/p>\n","protected":false},"excerpt":{"rendered":"<p>En la geograf\u00eda emocional del viajero contempor\u00e1neo, hay destinos que no solo se visitan: se habitan, se sienten, y se convierten en una experiencia transformadora. Chacala, a\u00fan ajeno a las multitudes, escondido entre selvas tropicales y ba\u00f1ado por las olas tranquilas del Pac\u00edfico, emerge como uno de los destinos m\u00e1s encantadores de la Riviera Nayarit, [&hellip;]<\/p>\n","protected":false},"author":17,"featured_media":82703,"comment_status":"closed","ping_status":"closed","sticky":false,"template":"","format":"standard","meta":{"footnotes":""},"categories":[5],"tags":[27595,1431,537],"yoast_head":"<!-- This site is optimized with the Yoast SEO plugin v22.2 - https:\/\/yoast.com\/wordpress\/plugins\/seo\/ -->\n<title>Chacala, destino imperdible en la Riviera Nayarit para 2025 - Nitu - Noticias de la Industria Turistica<\/title>\n<meta name=\"robots\" content=\"index, follow, max-snippet:-1, max-image-preview:large, max-video-preview:-1\" \/>\n<link rel=\"canonical\" href=\"https:\/\/nitu.mx\/index.php\/2025\/08\/07\/chacala-destino-imperdible-en-la-riviera-nayarit-para-2025\/\" \/>\n<meta name=\"twitter:card\" content=\"summary_large_image\" \/>\n<meta name=\"twitter:title\" content=\"Chacala, destino imperdible en la Riviera Nayarit para 2025 - Nitu - Noticias de la Industria Turistica\" \/>\n<meta name=\"twitter:description\" content=\"En la geograf\u00eda emocional del viajero contempor\u00e1neo, hay destinos que no solo se visitan: se habitan, se sienten, y se convierten en una experiencia transformadora. Chacala, a\u00fan ajeno a las multitudes, escondido entre selvas tropicales y ba\u00f1ado por las olas tranquilas del Pac\u00edfico, emerge como uno de los destinos m\u00e1s encantadores de la Riviera Nayarit, [&hellip;]\" \/>\n<meta name=\"twitter:image\" content=\"https:\/\/nitu.mx\/wp-content\/uploads\/2025\/08\/BAHIA-DE-CHACALA-RIVIERA-NAYARIT.jpg\" \/>\n<meta name=\"twitter:creator\" content=\"@NITUmx\" \/>\n<meta name=\"twitter:site\" content=\"@Arturo_Medina_G\" \/>\n<meta name=\"twitter:label1\" content=\"Escrito por\" \/>\n\t<meta name=\"twitter:data1\" content=\"Redacci\u00f3n\" \/>\n\t<meta name=\"twitter:label2\" content=\"Tiempo de lectura\" \/>\n\t<meta name=\"twitter:data2\" content=\"5 minutos\" \/>\n<script type=\"application\/ld+json\" class=\"yoast-schema-graph\">{\"@context\":\"https:\/\/schema.org\",\"@graph\":[{\"@type\":\"Article\",\"@id\":\"https:\/\/nitu.mx\/index.php\/2025\/08\/07\/chacala-destino-imperdible-en-la-riviera-nayarit-para-2025\/#article\",\"isPartOf\":{\"@id\":\"https:\/\/nitu.mx\/index.php\/2025\/08\/07\/chacala-destino-imperdible-en-la-riviera-nayarit-para-2025\/\"},\"author\":{\"name\":\"Redacci\u00f3n\",\"@id\":\"https:\/\/nitu.mx\/#\/schema\/person\/4a28fe9bd65924f7c90623773daf1b0b\"},\"headline\":\"Chacala, destino imperdible en la Riviera Nayarit para 2025\",\"datePublished\":\"2025-08-08T04:55:42+00:00\",\"dateModified\":\"2025-08-08T04:55:43+00:00\",\"mainEntityOfPage\":{\"@id\":\"https:\/\/nitu.mx\/index.php\/2025\/08\/07\/chacala-destino-imperdible-en-la-riviera-nayarit-para-2025\/\"},\"wordCount\":981,\"publisher\":{\"@id\":\"https:\/\/nitu.mx\/#\/schema\/person\/ae7a53426417292d3dd07b45a33e01bc\"},\"image\":{\"@id\":\"https:\/\/nitu.mx\/index.php\/2025\/08\/07\/chacala-destino-imperdible-en-la-riviera-nayarit-para-2025\/#primaryimage\"},\"thumbnailUrl\":\"https:\/\/nitu.mx\/wp-content\/uploads\/2025\/08\/BAHIA-DE-CHACALA-RIVIERA-NAYARIT.jpg\",\"keywords\":[\"Chacala\",\"Nayarit\",\"Riviera Nayarit\"],\"articleSection\":[\"Destinos\"],\"inLanguage\":\"es-MX\"},{\"@type\":\"WebPage\",\"@id\":\"https:\/\/nitu.mx\/index.php\/2025\/08\/07\/chacala-destino-imperdible-en-la-riviera-nayarit-para-2025\/\",\"url\":\"https:\/\/nitu.mx\/index.php\/2025\/08\/07\/chacala-destino-imperdible-en-la-riviera-nayarit-para-2025\/\",\"name\":\"Chacala, destino imperdible en la Riviera Nayarit para 2025 - Nitu - Noticias de la Industria Turistica\",\"isPartOf\":{\"@id\":\"https:\/\/nitu.mx\/#website\"},\"primaryImageOfPage\":{\"@id\":\"https:\/\/nitu.mx\/index.php\/2025\/08\/07\/chacala-destino-imperdible-en-la-riviera-nayarit-para-2025\/#primaryimage\"},\"image\":{\"@id\":\"https:\/\/nitu.mx\/index.php\/2025\/08\/07\/chacala-destino-imperdible-en-la-riviera-nayarit-para-2025\/#primaryimage\"},\"thumbnailUrl\":\"https:\/\/nitu.mx\/wp-content\/uploads\/2025\/08\/BAHIA-DE-CHACALA-RIVIERA-NAYARIT.jpg\",\"datePublished\":\"2025-08-08T04:55:42+00:00\",\"dateModified\":\"2025-08-08T04:55:43+00:00\",\"breadcrumb\":{\"@id\":\"https:\/\/nitu.mx\/index.php\/2025\/08\/07\/chacala-destino-imperdible-en-la-riviera-nayarit-para-2025\/#breadcrumb\"},\"inLanguage\":\"es-MX\",\"potentialAction\":[{\"@type\":\"ReadAction\",\"target\":[\"https:\/\/nitu.mx\/index.php\/2025\/08\/07\/chacala-destino-imperdible-en-la-riviera-nayarit-para-2025\/\"]}]},{\"@type\":\"ImageObject\",\"inLanguage\":\"es-MX\",\"@id\":\"https:\/\/nitu.mx\/index.php\/2025\/08\/07\/chacala-destino-imperdible-en-la-riviera-nayarit-para-2025\/#primaryimage\",\"url\":\"https:\/\/nitu.mx\/wp-content\/uploads\/2025\/08\/BAHIA-DE-CHACALA-RIVIERA-NAYARIT.jpg\",\"contentUrl\":\"https:\/\/nitu.mx\/wp-content\/uploads\/2025\/08\/BAHIA-DE-CHACALA-RIVIERA-NAYARIT.jpg\",\"width\":1200,\"height\":675,\"caption\":\"BAHIA DE CHACALA RIVIERA NAYARIT\"},{\"@type\":\"BreadcrumbList\",\"@id\":\"https:\/\/nitu.mx\/index.php\/2025\/08\/07\/chacala-destino-imperdible-en-la-riviera-nayarit-para-2025\/#breadcrumb\",\"itemListElement\":[{\"@type\":\"ListItem\",\"position\":1,\"name\":\"Inicio\",\"item\":\"https:\/\/nitu.mx\/\"},{\"@type\":\"ListItem\",\"position\":2,\"name\":\"Chacala, destino imperdible en la Riviera Nayarit para 2025\"}]},{\"@type\":\"WebSite\",\"@id\":\"https:\/\/nitu.mx\/#website\",\"url\":\"https:\/\/nitu.mx\/\",\"name\":\"Nitu - Noticias de la Industria Turistica\",\"description\":\"Noticias de la Industria Turistica\",\"publisher\":{\"@id\":\"https:\/\/nitu.mx\/#\/schema\/person\/ae7a53426417292d3dd07b45a33e01bc\"},\"alternateName\":\"Noticias de la Industria Turistica\",\"potentialAction\":[{\"@type\":\"SearchAction\",\"target\":{\"@type\":\"EntryPoint\",\"urlTemplate\":\"https:\/\/nitu.mx\/?s={search_term_string}\"},\"query-input\":\"required name=search_term_string\"}],\"inLanguage\":\"es-MX\"},{\"@type\":[\"Person\",\"Organization\"],\"@id\":\"https:\/\/nitu.mx\/#\/schema\/person\/ae7a53426417292d3dd07b45a33e01bc\",\"name\":\"Arturo Medina\",\"image\":{\"@type\":\"ImageObject\",\"inLanguage\":\"es-MX\",\"@id\":\"https:\/\/nitu.mx\/#\/schema\/person\/image\/\",\"url\":\"https:\/\/nitu.mx\/wp-content\/uploads\/2024\/04\/4A315622-1904-4D5C-B022-878CDC840E04-90x90-1.jpeg\",\"contentUrl\":\"https:\/\/nitu.mx\/wp-content\/uploads\/2024\/04\/4A315622-1904-4D5C-B022-878CDC840E04-90x90-1.jpeg\",\"width\":90,\"height\":90,\"caption\":\"Arturo Medina\"},\"logo\":{\"@id\":\"https:\/\/nitu.mx\/#\/schema\/person\/image\/\"},\"description\":\"Director NITU.mx, Egresado de la Escuela de Periodismo Carlos Septi\u00e9n Garc\u00eda. Periodista y analista especializado en turismo desde hace 35 a\u00f1os, radicado en Canc\u00fan Q.Roo. arturo@nitu.mx\",\"sameAs\":[\"https:\/\/nitu.mx\",\"https:\/\/www.facebook.com\/NITUmx\/\",\"medinacancun\",\"https:\/\/twitter.com\/@Arturo_Medina_G\"]},{\"@type\":\"Person\",\"@id\":\"https:\/\/nitu.mx\/#\/schema\/person\/4a28fe9bd65924f7c90623773daf1b0b\",\"name\":\"Redacci\u00f3n\",\"image\":{\"@type\":\"ImageObject\",\"inLanguage\":\"es-MX\",\"@id\":\"https:\/\/nitu.mx\/#\/schema\/person\/image\/\",\"url\":\"https:\/\/secure.gravatar.com\/avatar\/5dd011c8ccfc5cd7e4c81e42252aab38?s=96&d=mm&r=g\",\"contentUrl\":\"https:\/\/secure.gravatar.com\/avatar\/5dd011c8ccfc5cd7e4c81e42252aab38?s=96&d=mm&r=g\",\"caption\":\"Redacci\u00f3n\"},\"url\":\"https:\/\/nitu.mx\/index.php\/author\/redaccion\/\"}]}<\/script>\n<!-- \/ Yoast SEO plugin. -->","yoast_head_json":{"title":"Chacala, destino imperdible en la Riviera Nayarit para 2025 - Nitu - Noticias de la Industria Turistica","robots":{"index":"index","follow":"follow","max-snippet":"max-snippet:-1","max-image-preview":"max-image-preview:large","max-video-preview":"max-video-preview:-1"},"canonical":"https:\/\/nitu.mx\/index.php\/2025\/08\/07\/chacala-destino-imperdible-en-la-riviera-nayarit-para-2025\/","twitter_card":"summary_large_image","twitter_title":"Chacala, destino imperdible en la Riviera Nayarit para 2025 - Nitu - Noticias de la Industria Turistica","twitter_description":"En la geograf\u00eda emocional del viajero contempor\u00e1neo, hay destinos que no solo se visitan: se habitan, se sienten, y se convierten en una experiencia transformadora. Chacala, a\u00fan ajeno a las multitudes, escondido entre selvas tropicales y ba\u00f1ado por las olas tranquilas del Pac\u00edfico, emerge como uno de los destinos m\u00e1s encantadores de la Riviera Nayarit, [&hellip;]","twitter_image":"https:\/\/nitu.mx\/wp-content\/uploads\/2025\/08\/BAHIA-DE-CHACALA-RIVIERA-NAYARIT.jpg","twitter_creator":"@NITUmx","twitter_site":"@Arturo_Medina_G","twitter_misc":{"Escrito por":"Redacci\u00f3n","Tiempo de lectura":"5 minutos"},"schema":{"@context":"https:\/\/schema.org","@graph":[{"@type":"Article","@id":"https:\/\/nitu.mx\/index.php\/2025\/08\/07\/chacala-destino-imperdible-en-la-riviera-nayarit-para-2025\/#article","isPartOf":{"@id":"https:\/\/nitu.mx\/index.php\/2025\/08\/07\/chacala-destino-imperdible-en-la-riviera-nayarit-para-2025\/"},"author":{"name":"Redacci\u00f3n","@id":"https:\/\/nitu.mx\/#\/schema\/person\/4a28fe9bd65924f7c90623773daf1b0b"},"headline":"Chacala, destino imperdible en la Riviera Nayarit para 2025","datePublished":"2025-08-08T04:55:42+00:00","dateModified":"2025-08-08T04:55:43+00:00","mainEntityOfPage":{"@id":"https:\/\/nitu.mx\/index.php\/2025\/08\/07\/chacala-destino-imperdible-en-la-riviera-nayarit-para-2025\/"},"wordCount":981,"publisher":{"@id":"https:\/\/nitu.mx\/#\/schema\/person\/ae7a53426417292d3dd07b45a33e01bc"},"image":{"@id":"https:\/\/nitu.mx\/index.php\/2025\/08\/07\/chacala-destino-imperdible-en-la-riviera-nayarit-para-2025\/#primaryimage"},"thumbnailUrl":"https:\/\/nitu.mx\/wp-content\/uploads\/2025\/08\/BAHIA-DE-CHACALA-RIVIERA-NAYARIT.jpg","keywords":["Chacala","Nayarit","Riviera Nayarit"],"articleSection":["Destinos"],"inLanguage":"es-MX"},{"@type":"WebPage","@id":"https:\/\/nitu.mx\/index.php\/2025\/08\/07\/chacala-destino-imperdible-en-la-riviera-nayarit-para-2025\/","url":"https:\/\/nitu.mx\/index.php\/2025\/08\/07\/chacala-destino-imperdible-en-la-riviera-nayarit-para-2025\/","name":"Chacala, destino imperdible en la Riviera Nayarit para 2025 - Nitu - Noticias de la Industria Turistica","isPartOf":{"@id":"https:\/\/nitu.mx\/#website"},"primaryImageOfPage":{"@id":"https:\/\/nitu.mx\/index.php\/2025\/08\/07\/chacala-destino-imperdible-en-la-riviera-nayarit-para-2025\/#primaryimage"},"image":{"@id":"https:\/\/nitu.mx\/index.php\/2025\/08\/07\/chacala-destino-imperdible-en-la-riviera-nayarit-para-2025\/#primaryimage"},"thumbnailUrl":"https:\/\/nitu.mx\/wp-content\/uploads\/2025\/08\/BAHIA-DE-CHACALA-RIVIERA-NAYARIT.jpg","datePublished":"2025-08-08T04:55:42+00:00","dateModified":"2025-08-08T04:55:43+00:00","breadcrumb":{"@id":"https:\/\/nitu.mx\/index.php\/2025\/08\/07\/chacala-destino-imperdible-en-la-riviera-nayarit-para-2025\/#breadcrumb"},"inLanguage":"es-MX","potentialAction":[{"@type":"ReadAction","target":["https:\/\/nitu.mx\/index.php\/2025\/08\/07\/chacala-destino-imperdible-en-la-riviera-nayarit-para-2025\/"]}]},{"@type":"ImageObject","inLanguage":"es-MX","@id":"https:\/\/nitu.mx\/index.php\/2025\/08\/07\/chacala-destino-imperdible-en-la-riviera-nayarit-para-2025\/#primaryimage","url":"https:\/\/nitu.mx\/wp-content\/uploads\/2025\/08\/BAHIA-DE-CHACALA-RIVIERA-NAYARIT.jpg","contentUrl":"https:\/\/nitu.mx\/wp-content\/uploads\/2025\/08\/BAHIA-DE-CHACALA-RIVIERA-NAYARIT.jpg","width":1200,"height":675,"caption":"BAHIA DE CHACALA RIVIERA NAYARIT"},{"@type":"BreadcrumbList","@id":"https:\/\/nitu.mx\/index.php\/2025\/08\/07\/chacala-destino-imperdible-en-la-riviera-nayarit-para-2025\/#breadcrumb","itemListElement":[{"@type":"ListItem","position":1,"name":"Inicio","item":"https:\/\/nitu.mx\/"},{"@type":"ListItem","position":2,"name":"Chacala, destino imperdible en la Riviera Nayarit para 2025"}]},{"@type":"WebSite","@id":"https:\/\/nitu.mx\/#website","url":"https:\/\/nitu.mx\/","name":"Nitu - Noticias de la Industria Turistica","description":"Noticias de la Industria Turistica","publisher":{"@id":"https:\/\/nitu.mx\/#\/schema\/person\/ae7a53426417292d3dd07b45a33e01bc"},"alternateName":"Noticias de la Industria Turistica","potentialAction":[{"@type":"SearchAction","target":{"@type":"EntryPoint","urlTemplate":"https:\/\/nitu.mx\/?s={search_term_string}"},"query-input":"required name=search_term_string"}],"inLanguage":"es-MX"},{"@type":["Person","Organization"],"@id":"https:\/\/nitu.mx\/#\/schema\/person\/ae7a53426417292d3dd07b45a33e01bc","name":"Arturo Medina","image":{"@type":"ImageObject","inLanguage":"es-MX","@id":"https:\/\/nitu.mx\/#\/schema\/person\/image\/","url":"https:\/\/nitu.mx\/wp-content\/uploads\/2024\/04\/4A315622-1904-4D5C-B022-878CDC840E04-90x90-1.jpeg","contentUrl":"https:\/\/nitu.mx\/wp-content\/uploads\/2024\/04\/4A315622-1904-4D5C-B022-878CDC840E04-90x90-1.jpeg","width":90,"height":90,"caption":"Arturo Medina"},"logo":{"@id":"https:\/\/nitu.mx\/#\/schema\/person\/image\/"},"description":"Director NITU.mx, Egresado de la Escuela de Periodismo Carlos Septi\u00e9n Garc\u00eda. Periodista y analista especializado en turismo desde hace 35 a\u00f1os, radicado en Canc\u00fan Q.Roo. arturo@nitu.mx","sameAs":["https:\/\/nitu.mx","https:\/\/www.facebook.com\/NITUmx\/","medinacancun","https:\/\/twitter.com\/@Arturo_Medina_G"]},{"@type":"Person","@id":"https:\/\/nitu.mx\/#\/schema\/person\/4a28fe9bd65924f7c90623773daf1b0b","name":"Redacci\u00f3n","image":{"@type":"ImageObject","inLanguage":"es-MX","@id":"https:\/\/nitu.mx\/#\/schema\/person\/image\/","url":"https:\/\/secure.gravatar.com\/avatar\/5dd011c8ccfc5cd7e4c81e42252aab38?s=96&d=mm&r=g","contentUrl":"https:\/\/secure.gravatar.com\/avatar\/5dd011c8ccfc5cd7e4c81e42252aab38?s=96&d=mm&r=g","caption":"Redacci\u00f3n"},"url":"https:\/\/nitu.mx\/index.php\/author\/redaccion\/"}]}},"views":596,"_links":{"self":[{"href":"https:\/\/nitu.mx\/index.php\/wp-json\/wp\/v2\/posts\/82696"}],"collection":[{"href":"https:\/\/nitu.mx\/index.php\/wp-json\/wp\/v2\/posts"}],"about":[{"href":"https:\/\/nitu.mx\/index.php\/wp-json\/wp\/v2\/types\/post"}],"author":[{"embeddable":true,"href":"https:\/\/nitu.mx\/index.php\/wp-json\/wp\/v2\/users\/17"}],"replies":[{"embeddable":true,"href":"https:\/\/nitu.mx\/index.php\/wp-json\/wp\/v2\/comments?post=82696"}],"version-history":[{"count":2,"href":"https:\/\/nitu.mx\/index.php\/wp-json\/wp\/v2\/posts\/82696\/revisions"}],"predecessor-version":[{"id":82704,"href":"https:\/\/nitu.mx\/index.php\/wp-json\/wp\/v2\/posts\/82696\/revisions\/82704"}],"wp:featuredmedia":[{"embeddable":true,"href":"https:\/\/nitu.mx\/index.php\/wp-json\/wp\/v2\/media\/82703"}],"wp:attachment":[{"href":"https:\/\/nitu.mx\/index.php\/wp-json\/wp\/v2\/media?parent=82696"}],"wp:term":[{"taxonomy":"category","embeddable":true,"href":"https:\/\/nitu.mx\/index.php\/wp-json\/wp\/v2\/categories?post=82696"},{"taxonomy":"post_tag","embeddable":true,"href":"https:\/\/nitu.mx\/index.php\/wp-json\/wp\/v2\/tags?post=82696"}],"curies":[{"name":"wp","href":"https:\/\/api.w.org\/{rel}","templated":true}]}}