{"id":82682,"date":"2025-08-07T17:04:21","date_gmt":"2025-08-07T23:04:21","guid":{"rendered":"https:\/\/nitu.mx\/?p=82682"},"modified":"2025-08-08T00:35:51","modified_gmt":"2025-08-08T06:35:51","slug":"xcaret-festival-de-tradiciones-de-vida-y-muerte-2025-recibe-a-michoacan-como-estado-invitado","status":"publish","type":"post","link":"https:\/\/nitu.mx\/index.php\/2025\/08\/07\/xcaret-festival-de-tradiciones-de-vida-y-muerte-2025-recibe-a-michoacan-como-estado-invitado\/","title":{"rendered":"Xcaret: Festival de Tradiciones de Vida y Muerte 2025 recibe a Michoac\u00e1n como estado invitado"},"content":{"rendered":"\n<p>Del 30 de octubre al 2 de noviembre, el Parque Xcaret ser\u00e1 nuevamente el escenario del&nbsp;<strong><a href=\"https:\/\/www.festivaldevidaymuerte.com\/es\/\">Festival de Tradiciones de Vida y Muerte<\/a><\/strong>, que este a\u00f1o celebra su 19 edici\u00f3n con una experiencia inmersiva y profundamente significativa, que rinde homenaje a la riqueza espiritual y cultural del pueblo mexicano, convirtiendo al parque en un lugar \u00fanico, donde la memoria, el arte y la tradici\u00f3n se entrelazan.<\/p>\n\n\n\n<p>En esta edici\u00f3n, Michoac\u00e1n ser\u00e1 el estado invitado, trayendo consigo \u201cLa Fiesta de las \u00c1nimas\u201d, una de las tradiciones que m\u00e1s ha influenciado la cosmogon\u00eda actual del D\u00eda de Muertos en el centro del pa\u00eds, nacida en torno al lago de P\u00e1tzcuaro. <\/p>\n\n\n\n<p>Esta tradici\u00f3n dialogar\u00e1 con el Janal Pix\u00e1n, ritual ancestral del pueblo maya en la pen\u00ednsula de Yucat\u00e1n. Es una oportunidad \u00fanica para apreciar dos de las conmemoraciones m\u00e1s emblem\u00e1ticas de M\u00e9xico en un mismo espacio, como una probadita del crisol cultural que nuestra naci\u00f3n ofrece al mundo.<\/p>\n\n\n\n<p>\u201cEste festival es un acto de memoria y comunidad que honra a nuestros ancestros, y al mismo tiempo, celebra la vida a trav\u00e9s del arte, la tradici\u00f3n y el encuentro entre culturas\u201d, se\u00f1al\u00f3 Leticia Aguerrebere, directora corporativa de Arte y Cultura de Grupo Xcaret.<\/p>\n\n\n\n<p>El Festival de Tradiciones de Vida y Muerte forma parte de las acciones permanentes que Grupo Xcaret realiza para difundir el Patrimonio Cultural Intangible de M\u00e9xico, contribuyendo a la salvaguarda de una celebraci\u00f3n que en 2008 fue reconocida por la UNESCO como Patrimonio Cultural Inmaterial de la Humanidad.<\/p>\n\n\n\n<p>Durante cuatro d\u00edas, visitantes locales, nacionales e internacionales podr\u00e1n vivir una experiencia \u00fanica que estimula todos los sentidos. El parque ofrecer\u00e1 una programaci\u00f3n diversa y enriquecedora:<\/p>\n\n\n\n<ul>\n<li>Espect\u00e1culos esc\u00e9nicos y conciertos en vivo para todas las edades<\/li>\n\n\n\n<li>Intervenciones visuales, rituales y talleres culturales<\/li>\n\n\n\n<li>Recorridos tem\u00e1ticos<\/li>\n\n\n\n<li>Cocina tradicional preparada por cocineras mayas y pur\u00e9pechas, quienes compartir\u00e1n sabores que cuentan la historia de sus pueblos<\/li>\n<\/ul>\n\n\n\n<p>Cada a\u00f1o el \u201cFestival de Tradiciones de Vida y Muerte\u201d se renueva sin perder su esencia, esto se logra gracias a la participaci\u00f3n de los portadores y portadoras de las tradiciones milenarias, que representan las ra\u00edces de nuestra Naci\u00f3n. <\/p>\n\n\n\n<p>\u201cEl D\u00eda de Muertos en Xcaret no es un espect\u00e1culo, es una experiencia cultural profunda, enraizada en la memoria colectiva de nuestro pa\u00eds, que cada a\u00f1o se renueva con la presencia viva de sus portadores y portadoras\u201d, a\u00f1adi\u00f3 Aguerrebere.<\/p>\n\n\n\n<p>Detall\u00f3 que m\u00e1s de 250 personas conforman la Delegaci\u00f3n de Michoac\u00e1n, y se espera una asistencia de entre 46 mil a 50 mil personas durante los cuatro d\u00edas del Festival.<\/p>\n\n\n\n<p>Por su parte, el secretario de Turismo de Michoac\u00e1n, Roberto Monroy Garc\u00eda, resalt\u00f3 que es la segunda ocasi\u00f3n que la entidad participar\u00e1 en este Festival en el Parque Xcaret, que es un referente del turismo en Latinoam\u00e9rica, el cual promueve la cultura.<\/p>\n\n\n\n<p>La presencia de Michoac\u00e1n en el Festival de Tradiciones de Vida y Muerte permitir\u00e1 visibilizar la riqueza cultural y patrimonial de la entidad, que a su vez se combina con el 50 Aniversario del descubrimiento de los santuarios de la Mariposa Monarca, una de las migraciones naturales m\u00e1s impresionantes de M\u00e9xico y el mundo. <\/p>\n\n\n\n<p>Monroy se\u00f1al\u00f3 que durante el Festival habr\u00e1 danzas, artesan\u00edas de las 17 ramas que hay en el estado, cocineras y cocineros tradicionales que destacar\u00e1n la gastronom\u00eda, que fue declarada Patrimonio de la Humanidad, entre otras sorpresas. Adelant\u00f3 que se prev\u00e9 un incremento de frecuencias en la ruta Morelia-Canc\u00fan, que permitir\u00e1 a los turistas internacionales llegar a la tierra pur\u00e9pecha.<\/p>\n\n\n\n<p>A su vez, la secretaria de Cultura de Michac\u00e1n, Tamara Sosa Alan\u00eds, comparti\u00f3 algunos detalles de las expresiones culturales que habr\u00e1 como la Danza de los Viejitos, m\u00e1scaras de tlahualiles, pirecuas, murales in situ, un mini Janitzio con la representaci\u00f3n de la cultura del D\u00eda de Muertos que se lleva a cabo en las orillas del lago de P\u00e1tzcuaro, todo con la participaci\u00f3n de m\u00e1s de 100 artistas de 14 comunidades. <\/p>\n\n\n\n<p>La muestra gastron\u00f3mica contar\u00e1 con la presencia de 12 comunidades de Michoac\u00e1n, 12 de la zona Maya, con 24 cocineras tradicionales y m\u00e1s de 50 platillos tradicionales. En cuanto a la muestra artesanal y agroindustrial, \u00e9sta constar\u00e1 de 23 stands de venta, 17 de Michoac\u00e1n y el resto de Quintana Roo; as\u00ed como 2 exhibiciones fotogr\u00e1ficas, m\u00e1s de 40 altares, la exhibici\u00f3n del cementerio &#8220;Puente al Para\u00edso&#8221;.<\/p>\n\n\n\n<p>Entre las actividades del Festival habr\u00e1 tambi\u00e9n talleres de chocolate, cer\u00e1mica, de cocada de Michoac\u00e1n, de textil; adem\u00e1s de eventos en 13 foros simult\u00e1neos, m\u00e1s de 60 espect\u00e1culos por d\u00eda, m\u00e1s de 350 artistas participantes; y actividades especiales para los m\u00e1s peque\u00f1os en la Hacienda Ni\u00f1os, con siete talleres y cinco actividades l\u00fadicas.<\/p>\n\n\n<div class=\"wp-block-image\">\n<figure class=\"aligncenter size-large is-resized\"><img decoding=\"async\" loading=\"lazy\" width=\"1024\" height=\"1024\" src=\"https:\/\/nitu.mx\/wp-content\/uploads\/2025\/08\/ALMAS-DANZANTES-1024x1024.jpg\" alt=\"\" class=\"wp-image-82718\" style=\"aspect-ratio:1;width:459px;height:auto\" srcset=\"https:\/\/nitu.mx\/wp-content\/uploads\/2025\/08\/ALMAS-DANZANTES-1024x1024.jpg 1024w, https:\/\/nitu.mx\/wp-content\/uploads\/2025\/08\/ALMAS-DANZANTES-300x300.jpg 300w, https:\/\/nitu.mx\/wp-content\/uploads\/2025\/08\/ALMAS-DANZANTES-150x150.jpg 150w, https:\/\/nitu.mx\/wp-content\/uploads\/2025\/08\/ALMAS-DANZANTES-768x768.jpg 768w, https:\/\/nitu.mx\/wp-content\/uploads\/2025\/08\/ALMAS-DANZANTES-65x65.jpg 65w, https:\/\/nitu.mx\/wp-content\/uploads\/2025\/08\/ALMAS-DANZANTES-990x990.jpg 990w, https:\/\/nitu.mx\/wp-content\/uploads\/2025\/08\/ALMAS-DANZANTES.jpg 1080w\" sizes=\"(max-width: 1024px) 100vw, 1024px\" \/><\/figure><\/div>\n\n\n<p>Como parte de la programaci\u00f3n especial, el festival cerrar\u00e1 con broche de oro el 2 de noviembre con el esperado concierto de&nbsp;Los \u00c1ngeles Azules en el Foro Gran Tlachco de Parque Xcaret.&nbsp;El acceso al concierto tiene un costo adicional al del Festival de Tradiciones de Vida y Muerte, y contar\u00e1 con dos modalidades de entrada:<\/p>\n\n\n\n<ul>\n<li>Boleto combinado, que incluye acceso al festival y al concierto<\/li>\n\n\n\n<li>Entrada exclusiva \u201csolo concierto\u201d, que permitir\u00e1 el ingreso al parque una hora antes del inicio de este.<\/li>\n<\/ul>\n\n\n\n<p>Es importante considerar que las personas con Tarjeta Soy Xcaret, cortes\u00edas o que se hospeden en los Hoteles Xcaret, deber\u00e1n adquirir su acceso al concierto por separado si desean asistir.<\/p>\n\n\n\n<p>La edici\u00f3n 19 del Festival de Tradiciones de Vida y Muerte ser\u00e1 una oportunidad irrepetible para conectar con lo m\u00e1s profundo del alma mexicana y con dos cosmovisiones que, desde la diversidad, celebran lo que nos une.<\/p>\n\n\n\n<p>Grupo Xcaret reitera su compromiso con la salvaguarda del Patrimonio Cultural Inmaterial de M\u00e9xico, fomentando el di\u00e1logo entre culturas y creando espacios para que las tradiciones sigan vivas, compartidas y respetadas. (<a href=\"https:\/\/nitu.mx\/index.php\/2025\/07\/22\/aventura-xcaret-la-nueva-experiencia-virtual-para-conectar-con-las-audiencias-jovenes\/\">Aventura Xcaret, la nueva experiencia virtual para conectar con las audiencias j\u00f3venes<\/a>).<\/p>\n\n\n\n<p><\/p>\n","protected":false},"excerpt":{"rendered":"<p>Del 30 de octubre al 2 de noviembre, el Parque Xcaret ser\u00e1 nuevamente el escenario del&nbsp;Festival de Tradiciones de Vida y Muerte, que este a\u00f1o celebra su 19 edici\u00f3n con una experiencia inmersiva y profundamente significativa, que rinde homenaje a la riqueza espiritual y cultural del pueblo mexicano, convirtiendo al parque en un lugar \u00fanico, [&hellip;]<\/p>\n","protected":false},"author":18,"featured_media":82684,"comment_status":"closed","ping_status":"closed","sticky":false,"template":"","format":"standard","meta":{"footnotes":""},"categories":[5,19193],"tags":[20552,3047,3431,23529],"yoast_head":"<!-- This site is optimized with the Yoast SEO plugin v22.2 - https:\/\/yoast.com\/wordpress\/plugins\/seo\/ -->\n<title>Xcaret: Festival de Tradiciones de Vida y Muerte 2025 recibe a Michoac\u00e1n como estado invitado - Nitu - Noticias de la Industria Turistica<\/title>\n<meta name=\"robots\" content=\"index, follow, max-snippet:-1, max-image-preview:large, max-video-preview:-1\" \/>\n<link rel=\"canonical\" href=\"https:\/\/nitu.mx\/index.php\/2025\/08\/07\/xcaret-festival-de-tradiciones-de-vida-y-muerte-2025-recibe-a-michoacan-como-estado-invitado\/\" \/>\n<meta name=\"twitter:card\" content=\"summary_large_image\" \/>\n<meta name=\"twitter:title\" content=\"Xcaret: Festival de Tradiciones de Vida y Muerte 2025 recibe a Michoac\u00e1n como estado invitado - Nitu - Noticias de la Industria Turistica\" \/>\n<meta name=\"twitter:description\" content=\"Del 30 de octubre al 2 de noviembre, el Parque Xcaret ser\u00e1 nuevamente el escenario del&nbsp;Festival de Tradiciones de Vida y Muerte, que este a\u00f1o celebra su 19 edici\u00f3n con una experiencia inmersiva y profundamente significativa, que rinde homenaje a la riqueza espiritual y cultural del pueblo mexicano, convirtiendo al parque en un lugar \u00fanico, [&hellip;]\" \/>\n<meta name=\"twitter:image\" content=\"https:\/\/nitu.mx\/wp-content\/uploads\/2025\/08\/Xcaret-Festival-Vida-y-Muerte-2025-Nitu.jpg\" \/>\n<meta name=\"twitter:creator\" content=\"@NITUmx\" \/>\n<meta name=\"twitter:site\" content=\"@Arturo_Medina_G\" \/>\n<meta name=\"twitter:label1\" content=\"Escrito por\" \/>\n\t<meta name=\"twitter:data1\" content=\"Guadalupe Sixto\" \/>\n\t<meta name=\"twitter:label2\" content=\"Tiempo de lectura\" \/>\n\t<meta name=\"twitter:data2\" content=\"5 minutos\" \/>\n<script type=\"application\/ld+json\" class=\"yoast-schema-graph\">{\"@context\":\"https:\/\/schema.org\",\"@graph\":[{\"@type\":\"Article\",\"@id\":\"https:\/\/nitu.mx\/index.php\/2025\/08\/07\/xcaret-festival-de-tradiciones-de-vida-y-muerte-2025-recibe-a-michoacan-como-estado-invitado\/#article\",\"isPartOf\":{\"@id\":\"https:\/\/nitu.mx\/index.php\/2025\/08\/07\/xcaret-festival-de-tradiciones-de-vida-y-muerte-2025-recibe-a-michoacan-como-estado-invitado\/\"},\"author\":{\"name\":\"Guadalupe Sixto\",\"@id\":\"https:\/\/nitu.mx\/#\/schema\/person\/3df3082b5e46037e3f13614d28ee0b77\"},\"headline\":\"Xcaret: Festival de Tradiciones de Vida y Muerte 2025 recibe a Michoac\u00e1n como estado invitado\",\"datePublished\":\"2025-08-07T23:04:21+00:00\",\"dateModified\":\"2025-08-08T06:35:51+00:00\",\"mainEntityOfPage\":{\"@id\":\"https:\/\/nitu.mx\/index.php\/2025\/08\/07\/xcaret-festival-de-tradiciones-de-vida-y-muerte-2025-recibe-a-michoacan-como-estado-invitado\/\"},\"wordCount\":1045,\"publisher\":{\"@id\":\"https:\/\/nitu.mx\/#\/schema\/person\/ae7a53426417292d3dd07b45a33e01bc\"},\"image\":{\"@id\":\"https:\/\/nitu.mx\/index.php\/2025\/08\/07\/xcaret-festival-de-tradiciones-de-vida-y-muerte-2025-recibe-a-michoacan-como-estado-invitado\/#primaryimage\"},\"thumbnailUrl\":\"https:\/\/nitu.mx\/wp-content\/uploads\/2025\/08\/Xcaret-Festival-Vida-y-Muerte-2025-Nitu.jpg\",\"keywords\":[\"Festival de Tradiciones de Vida y Muerte\",\"Grupo Xcaret\",\"Michoac\u00e1n\",\"Roberto Monroy\"],\"articleSection\":[\"Destinos\",\"Riviera Maya\"],\"inLanguage\":\"es-MX\"},{\"@type\":\"WebPage\",\"@id\":\"https:\/\/nitu.mx\/index.php\/2025\/08\/07\/xcaret-festival-de-tradiciones-de-vida-y-muerte-2025-recibe-a-michoacan-como-estado-invitado\/\",\"url\":\"https:\/\/nitu.mx\/index.php\/2025\/08\/07\/xcaret-festival-de-tradiciones-de-vida-y-muerte-2025-recibe-a-michoacan-como-estado-invitado\/\",\"name\":\"Xcaret: Festival de Tradiciones de Vida y Muerte 2025 recibe a Michoac\u00e1n como estado invitado - Nitu - Noticias de la Industria Turistica\",\"isPartOf\":{\"@id\":\"https:\/\/nitu.mx\/#website\"},\"primaryImageOfPage\":{\"@id\":\"https:\/\/nitu.mx\/index.php\/2025\/08\/07\/xcaret-festival-de-tradiciones-de-vida-y-muerte-2025-recibe-a-michoacan-como-estado-invitado\/#primaryimage\"},\"image\":{\"@id\":\"https:\/\/nitu.mx\/index.php\/2025\/08\/07\/xcaret-festival-de-tradiciones-de-vida-y-muerte-2025-recibe-a-michoacan-como-estado-invitado\/#primaryimage\"},\"thumbnailUrl\":\"https:\/\/nitu.mx\/wp-content\/uploads\/2025\/08\/Xcaret-Festival-Vida-y-Muerte-2025-Nitu.jpg\",\"datePublished\":\"2025-08-07T23:04:21+00:00\",\"dateModified\":\"2025-08-08T06:35:51+00:00\",\"breadcrumb\":{\"@id\":\"https:\/\/nitu.mx\/index.php\/2025\/08\/07\/xcaret-festival-de-tradiciones-de-vida-y-muerte-2025-recibe-a-michoacan-como-estado-invitado\/#breadcrumb\"},\"inLanguage\":\"es-MX\",\"potentialAction\":[{\"@type\":\"ReadAction\",\"target\":[\"https:\/\/nitu.mx\/index.php\/2025\/08\/07\/xcaret-festival-de-tradiciones-de-vida-y-muerte-2025-recibe-a-michoacan-como-estado-invitado\/\"]}]},{\"@type\":\"ImageObject\",\"inLanguage\":\"es-MX\",\"@id\":\"https:\/\/nitu.mx\/index.php\/2025\/08\/07\/xcaret-festival-de-tradiciones-de-vida-y-muerte-2025-recibe-a-michoacan-como-estado-invitado\/#primaryimage\",\"url\":\"https:\/\/nitu.mx\/wp-content\/uploads\/2025\/08\/Xcaret-Festival-Vida-y-Muerte-2025-Nitu.jpg\",\"contentUrl\":\"https:\/\/nitu.mx\/wp-content\/uploads\/2025\/08\/Xcaret-Festival-Vida-y-Muerte-2025-Nitu.jpg\",\"width\":1200,\"height\":675,\"caption\":\"Xcaret Festival Vida y Muerte 2025 Nitu\"},{\"@type\":\"BreadcrumbList\",\"@id\":\"https:\/\/nitu.mx\/index.php\/2025\/08\/07\/xcaret-festival-de-tradiciones-de-vida-y-muerte-2025-recibe-a-michoacan-como-estado-invitado\/#breadcrumb\",\"itemListElement\":[{\"@type\":\"ListItem\",\"position\":1,\"name\":\"Inicio\",\"item\":\"https:\/\/nitu.mx\/\"},{\"@type\":\"ListItem\",\"position\":2,\"name\":\"Xcaret: Festival de Tradiciones de Vida y Muerte 2025 recibe a Michoac\u00e1n como estado invitado\"}]},{\"@type\":\"WebSite\",\"@id\":\"https:\/\/nitu.mx\/#website\",\"url\":\"https:\/\/nitu.mx\/\",\"name\":\"Nitu - Noticias de la Industria Turistica\",\"description\":\"Noticias de la Industria Turistica\",\"publisher\":{\"@id\":\"https:\/\/nitu.mx\/#\/schema\/person\/ae7a53426417292d3dd07b45a33e01bc\"},\"alternateName\":\"Noticias de la Industria Turistica\",\"potentialAction\":[{\"@type\":\"SearchAction\",\"target\":{\"@type\":\"EntryPoint\",\"urlTemplate\":\"https:\/\/nitu.mx\/?s={search_term_string}\"},\"query-input\":\"required name=search_term_string\"}],\"inLanguage\":\"es-MX\"},{\"@type\":[\"Person\",\"Organization\"],\"@id\":\"https:\/\/nitu.mx\/#\/schema\/person\/ae7a53426417292d3dd07b45a33e01bc\",\"name\":\"Arturo Medina\",\"image\":{\"@type\":\"ImageObject\",\"inLanguage\":\"es-MX\",\"@id\":\"https:\/\/nitu.mx\/#\/schema\/person\/image\/\",\"url\":\"https:\/\/nitu.mx\/wp-content\/uploads\/2024\/04\/4A315622-1904-4D5C-B022-878CDC840E04-90x90-1.jpeg\",\"contentUrl\":\"https:\/\/nitu.mx\/wp-content\/uploads\/2024\/04\/4A315622-1904-4D5C-B022-878CDC840E04-90x90-1.jpeg\",\"width\":90,\"height\":90,\"caption\":\"Arturo Medina\"},\"logo\":{\"@id\":\"https:\/\/nitu.mx\/#\/schema\/person\/image\/\"},\"description\":\"Director NITU.mx, Egresado de la Escuela de Periodismo Carlos Septi\u00e9n Garc\u00eda. Periodista y analista especializado en turismo desde hace 35 a\u00f1os, radicado en Canc\u00fan Q.Roo. arturo@nitu.mx\",\"sameAs\":[\"https:\/\/nitu.mx\",\"https:\/\/www.facebook.com\/NITUmx\/\",\"medinacancun\",\"https:\/\/twitter.com\/@Arturo_Medina_G\"]},{\"@type\":\"Person\",\"@id\":\"https:\/\/nitu.mx\/#\/schema\/person\/3df3082b5e46037e3f13614d28ee0b77\",\"name\":\"Guadalupe Sixto\",\"image\":{\"@type\":\"ImageObject\",\"inLanguage\":\"es-MX\",\"@id\":\"https:\/\/nitu.mx\/#\/schema\/person\/image\/\",\"url\":\"https:\/\/secure.gravatar.com\/avatar\/13914e1b0e1919e91f9539de4dc584c4?s=96&d=mm&r=g\",\"contentUrl\":\"https:\/\/secure.gravatar.com\/avatar\/13914e1b0e1919e91f9539de4dc584c4?s=96&d=mm&r=g\",\"caption\":\"Guadalupe Sixto\"},\"url\":\"https:\/\/nitu.mx\/index.php\/author\/gsixto\/\"}]}<\/script>\n<!-- \/ Yoast SEO plugin. -->","yoast_head_json":{"title":"Xcaret: Festival de Tradiciones de Vida y Muerte 2025 recibe a Michoac\u00e1n como estado invitado - Nitu - Noticias de la Industria Turistica","robots":{"index":"index","follow":"follow","max-snippet":"max-snippet:-1","max-image-preview":"max-image-preview:large","max-video-preview":"max-video-preview:-1"},"canonical":"https:\/\/nitu.mx\/index.php\/2025\/08\/07\/xcaret-festival-de-tradiciones-de-vida-y-muerte-2025-recibe-a-michoacan-como-estado-invitado\/","twitter_card":"summary_large_image","twitter_title":"Xcaret: Festival de Tradiciones de Vida y Muerte 2025 recibe a Michoac\u00e1n como estado invitado - Nitu - Noticias de la Industria Turistica","twitter_description":"Del 30 de octubre al 2 de noviembre, el Parque Xcaret ser\u00e1 nuevamente el escenario del&nbsp;Festival de Tradiciones de Vida y Muerte, que este a\u00f1o celebra su 19 edici\u00f3n con una experiencia inmersiva y profundamente significativa, que rinde homenaje a la riqueza espiritual y cultural del pueblo mexicano, convirtiendo al parque en un lugar \u00fanico, [&hellip;]","twitter_image":"https:\/\/nitu.mx\/wp-content\/uploads\/2025\/08\/Xcaret-Festival-Vida-y-Muerte-2025-Nitu.jpg","twitter_creator":"@NITUmx","twitter_site":"@Arturo_Medina_G","twitter_misc":{"Escrito por":"Guadalupe Sixto","Tiempo de lectura":"5 minutos"},"schema":{"@context":"https:\/\/schema.org","@graph":[{"@type":"Article","@id":"https:\/\/nitu.mx\/index.php\/2025\/08\/07\/xcaret-festival-de-tradiciones-de-vida-y-muerte-2025-recibe-a-michoacan-como-estado-invitado\/#article","isPartOf":{"@id":"https:\/\/nitu.mx\/index.php\/2025\/08\/07\/xcaret-festival-de-tradiciones-de-vida-y-muerte-2025-recibe-a-michoacan-como-estado-invitado\/"},"author":{"name":"Guadalupe Sixto","@id":"https:\/\/nitu.mx\/#\/schema\/person\/3df3082b5e46037e3f13614d28ee0b77"},"headline":"Xcaret: Festival de Tradiciones de Vida y Muerte 2025 recibe a Michoac\u00e1n como estado invitado","datePublished":"2025-08-07T23:04:21+00:00","dateModified":"2025-08-08T06:35:51+00:00","mainEntityOfPage":{"@id":"https:\/\/nitu.mx\/index.php\/2025\/08\/07\/xcaret-festival-de-tradiciones-de-vida-y-muerte-2025-recibe-a-michoacan-como-estado-invitado\/"},"wordCount":1045,"publisher":{"@id":"https:\/\/nitu.mx\/#\/schema\/person\/ae7a53426417292d3dd07b45a33e01bc"},"image":{"@id":"https:\/\/nitu.mx\/index.php\/2025\/08\/07\/xcaret-festival-de-tradiciones-de-vida-y-muerte-2025-recibe-a-michoacan-como-estado-invitado\/#primaryimage"},"thumbnailUrl":"https:\/\/nitu.mx\/wp-content\/uploads\/2025\/08\/Xcaret-Festival-Vida-y-Muerte-2025-Nitu.jpg","keywords":["Festival de Tradiciones de Vida y Muerte","Grupo Xcaret","Michoac\u00e1n","Roberto Monroy"],"articleSection":["Destinos","Riviera Maya"],"inLanguage":"es-MX"},{"@type":"WebPage","@id":"https:\/\/nitu.mx\/index.php\/2025\/08\/07\/xcaret-festival-de-tradiciones-de-vida-y-muerte-2025-recibe-a-michoacan-como-estado-invitado\/","url":"https:\/\/nitu.mx\/index.php\/2025\/08\/07\/xcaret-festival-de-tradiciones-de-vida-y-muerte-2025-recibe-a-michoacan-como-estado-invitado\/","name":"Xcaret: Festival de Tradiciones de Vida y Muerte 2025 recibe a Michoac\u00e1n como estado invitado - Nitu - Noticias de la Industria Turistica","isPartOf":{"@id":"https:\/\/nitu.mx\/#website"},"primaryImageOfPage":{"@id":"https:\/\/nitu.mx\/index.php\/2025\/08\/07\/xcaret-festival-de-tradiciones-de-vida-y-muerte-2025-recibe-a-michoacan-como-estado-invitado\/#primaryimage"},"image":{"@id":"https:\/\/nitu.mx\/index.php\/2025\/08\/07\/xcaret-festival-de-tradiciones-de-vida-y-muerte-2025-recibe-a-michoacan-como-estado-invitado\/#primaryimage"},"thumbnailUrl":"https:\/\/nitu.mx\/wp-content\/uploads\/2025\/08\/Xcaret-Festival-Vida-y-Muerte-2025-Nitu.jpg","datePublished":"2025-08-07T23:04:21+00:00","dateModified":"2025-08-08T06:35:51+00:00","breadcrumb":{"@id":"https:\/\/nitu.mx\/index.php\/2025\/08\/07\/xcaret-festival-de-tradiciones-de-vida-y-muerte-2025-recibe-a-michoacan-como-estado-invitado\/#breadcrumb"},"inLanguage":"es-MX","potentialAction":[{"@type":"ReadAction","target":["https:\/\/nitu.mx\/index.php\/2025\/08\/07\/xcaret-festival-de-tradiciones-de-vida-y-muerte-2025-recibe-a-michoacan-como-estado-invitado\/"]}]},{"@type":"ImageObject","inLanguage":"es-MX","@id":"https:\/\/nitu.mx\/index.php\/2025\/08\/07\/xcaret-festival-de-tradiciones-de-vida-y-muerte-2025-recibe-a-michoacan-como-estado-invitado\/#primaryimage","url":"https:\/\/nitu.mx\/wp-content\/uploads\/2025\/08\/Xcaret-Festival-Vida-y-Muerte-2025-Nitu.jpg","contentUrl":"https:\/\/nitu.mx\/wp-content\/uploads\/2025\/08\/Xcaret-Festival-Vida-y-Muerte-2025-Nitu.jpg","width":1200,"height":675,"caption":"Xcaret Festival Vida y Muerte 2025 Nitu"},{"@type":"BreadcrumbList","@id":"https:\/\/nitu.mx\/index.php\/2025\/08\/07\/xcaret-festival-de-tradiciones-de-vida-y-muerte-2025-recibe-a-michoacan-como-estado-invitado\/#breadcrumb","itemListElement":[{"@type":"ListItem","position":1,"name":"Inicio","item":"https:\/\/nitu.mx\/"},{"@type":"ListItem","position":2,"name":"Xcaret: Festival de Tradiciones de Vida y Muerte 2025 recibe a Michoac\u00e1n como estado invitado"}]},{"@type":"WebSite","@id":"https:\/\/nitu.mx\/#website","url":"https:\/\/nitu.mx\/","name":"Nitu - Noticias de la Industria Turistica","description":"Noticias de la Industria Turistica","publisher":{"@id":"https:\/\/nitu.mx\/#\/schema\/person\/ae7a53426417292d3dd07b45a33e01bc"},"alternateName":"Noticias de la Industria Turistica","potentialAction":[{"@type":"SearchAction","target":{"@type":"EntryPoint","urlTemplate":"https:\/\/nitu.mx\/?s={search_term_string}"},"query-input":"required name=search_term_string"}],"inLanguage":"es-MX"},{"@type":["Person","Organization"],"@id":"https:\/\/nitu.mx\/#\/schema\/person\/ae7a53426417292d3dd07b45a33e01bc","name":"Arturo Medina","image":{"@type":"ImageObject","inLanguage":"es-MX","@id":"https:\/\/nitu.mx\/#\/schema\/person\/image\/","url":"https:\/\/nitu.mx\/wp-content\/uploads\/2024\/04\/4A315622-1904-4D5C-B022-878CDC840E04-90x90-1.jpeg","contentUrl":"https:\/\/nitu.mx\/wp-content\/uploads\/2024\/04\/4A315622-1904-4D5C-B022-878CDC840E04-90x90-1.jpeg","width":90,"height":90,"caption":"Arturo Medina"},"logo":{"@id":"https:\/\/nitu.mx\/#\/schema\/person\/image\/"},"description":"Director NITU.mx, Egresado de la Escuela de Periodismo Carlos Septi\u00e9n Garc\u00eda. Periodista y analista especializado en turismo desde hace 35 a\u00f1os, radicado en Canc\u00fan Q.Roo. arturo@nitu.mx","sameAs":["https:\/\/nitu.mx","https:\/\/www.facebook.com\/NITUmx\/","medinacancun","https:\/\/twitter.com\/@Arturo_Medina_G"]},{"@type":"Person","@id":"https:\/\/nitu.mx\/#\/schema\/person\/3df3082b5e46037e3f13614d28ee0b77","name":"Guadalupe Sixto","image":{"@type":"ImageObject","inLanguage":"es-MX","@id":"https:\/\/nitu.mx\/#\/schema\/person\/image\/","url":"https:\/\/secure.gravatar.com\/avatar\/13914e1b0e1919e91f9539de4dc584c4?s=96&d=mm&r=g","contentUrl":"https:\/\/secure.gravatar.com\/avatar\/13914e1b0e1919e91f9539de4dc584c4?s=96&d=mm&r=g","caption":"Guadalupe Sixto"},"url":"https:\/\/nitu.mx\/index.php\/author\/gsixto\/"}]}},"views":791,"_links":{"self":[{"href":"https:\/\/nitu.mx\/index.php\/wp-json\/wp\/v2\/posts\/82682"}],"collection":[{"href":"https:\/\/nitu.mx\/index.php\/wp-json\/wp\/v2\/posts"}],"about":[{"href":"https:\/\/nitu.mx\/index.php\/wp-json\/wp\/v2\/types\/post"}],"author":[{"embeddable":true,"href":"https:\/\/nitu.mx\/index.php\/wp-json\/wp\/v2\/users\/18"}],"replies":[{"embeddable":true,"href":"https:\/\/nitu.mx\/index.php\/wp-json\/wp\/v2\/comments?post=82682"}],"version-history":[{"count":7,"href":"https:\/\/nitu.mx\/index.php\/wp-json\/wp\/v2\/posts\/82682\/revisions"}],"predecessor-version":[{"id":82720,"href":"https:\/\/nitu.mx\/index.php\/wp-json\/wp\/v2\/posts\/82682\/revisions\/82720"}],"wp:featuredmedia":[{"embeddable":true,"href":"https:\/\/nitu.mx\/index.php\/wp-json\/wp\/v2\/media\/82684"}],"wp:attachment":[{"href":"https:\/\/nitu.mx\/index.php\/wp-json\/wp\/v2\/media?parent=82682"}],"wp:term":[{"taxonomy":"category","embeddable":true,"href":"https:\/\/nitu.mx\/index.php\/wp-json\/wp\/v2\/categories?post=82682"},{"taxonomy":"post_tag","embeddable":true,"href":"https:\/\/nitu.mx\/index.php\/wp-json\/wp\/v2\/tags?post=82682"}],"curies":[{"name":"wp","href":"https:\/\/api.w.org\/{rel}","templated":true}]}}