{"id":82661,"date":"2025-08-06T18:00:00","date_gmt":"2025-08-07T00:00:00","guid":{"rendered":"https:\/\/nitu.mx\/?p=82661"},"modified":"2025-08-06T16:59:04","modified_gmt":"2025-08-06T22:59:04","slug":"ibtm-americas-2025-reunira-a-mas-de-4-mil-profesionales-del-mice-en-cdmx","status":"publish","type":"post","link":"https:\/\/nitu.mx\/index.php\/2025\/08\/06\/ibtm-americas-2025-reunira-a-mas-de-4-mil-profesionales-del-mice-en-cdmx\/","title":{"rendered":"IBTM Americas 2025 reunir\u00e1 a m\u00e1s de 4 mil profesionales del MICE en CDMX"},"content":{"rendered":"\n<p>Este 20 y 21 de agosto se celebrar\u00e1 IBTM Americas 2025 en el Centro Banamex de Ciudad de M\u00e9xico, el evento organizado por\u00a0RX M\u00e9xico,\u00a0que se consolida como la plataforma que articula a los actores clave del segmento MICE en\u00a0M\u00e9xico, Am\u00e9rica Latina, Estados Unidos y Canad\u00e1, el cual reunir\u00e1 a m\u00e1s de 4,000 profesionales\u00a0en torno a una agenda centrada en la generaci\u00f3n de valor, el networking de alto nivel y la transformaci\u00f3n de la industria de eventos.\u00a0<\/p>\n\n\n\n<p>La industria MICE (Meetings, Incentives, Conferences and Exhibitions) representa un motor econ\u00f3mico estrat\u00e9gico para M\u00e9xico, aportando el 1.4% del PIB en 2024\u00a0y generando m\u00e1s de un mill\u00f3n de empleos al a\u00f1o. Adem\u00e1s,\u00a0el viajero de negocios gasta en promedio entre 150 y 200 d\u00f3lares diarios, lo que significa un\u00a0150% m\u00e1s que el gasto de un turista convencional.<\/p>\n\n\n\n<p>En conferencia de prensa para su presentaci\u00f3n,\u00a0Laura Barrera, directora de Portafolio de RX M\u00e9xico; Eleonora Garc\u00eda, Show Director para IBTM Americas; y Sergio Guti\u00e9rrez, Conference Manager de RX Trends Forum\u00a0y\u00a0Anai Cruz Garc\u00eda, directora ejecutiva de la Industria de Reuniones (COMIR), presentaron las verticales que conformar\u00e1n el contenido especializado de esta edici\u00f3n:<\/p>\n\n\n\n<ul>\n<li><strong>Event Design Conference<\/strong>: innovaci\u00f3n, creatividad y dise\u00f1o estrat\u00e9gico de eventos.<\/li>\n\n\n\n<li><strong>Pharma Congress<\/strong>: regulaciones, compliance y experiencias en el sector salud.<\/li>\n\n\n\n<li><strong>Romance Congress<\/strong>: lo \u00faltimo en bodas y celebraciones de destino.<\/li>\n\n\n\n<li><strong>Sport Congress<\/strong>: eventos deportivos como impulsores econ\u00f3micos y sociales.<\/li>\n\n\n\n<li><strong>Sustainable Mindset<\/strong>: sostenibilidad aplicada al dise\u00f1o y operaci\u00f3n de eventos.<\/li>\n\n\n\n<li><strong>RX Trends Forum<\/strong>: visi\u00f3n empresarial y tendencias transversales.<\/li>\n<\/ul>\n\n\n\n<p>Uno de los ejes m\u00e1s innovadores de esta edici\u00f3n ser\u00e1 el\u00a0RX Trends Forum, un escenario para conocer las tendencias del futuro de los negocios. <\/p>\n\n\n\n<p>Este nuevo programa de conferencias de alto nivel lanzado por RX M\u00e9xico, re\u00fane temas clave como\u00a0innovaci\u00f3n, sustentabilidad, econom\u00eda, finanzas, recursos humanos, inteligencia artificial y marketing, en un formato dise\u00f1ado para l\u00edderes que buscan anticipar y accionar. <\/p>\n\n\n\n<p>En un contexto donde el\u00a061% de las organizaciones a\u00fan no identifica el valor comercial de la inteligencia artificial, este espacio ofrecer\u00e1 herramientas, conversaciones y perspectivas para transformar la incertidumbre en ventaja competitiva. (<a href=\"https:\/\/nitu.mx\/index.php\/2025\/05\/20\/anuncian-16a-edicion-de-ibtm-americas-en-agosto-en-el-centro-citibanamex\/\">Anuncian 16a edici\u00f3n de IBTM Am\u00e9ricas en agosto en el Centro Citibanamex<\/a>).<\/p>\n\n\n\n<p>La sostenibilidad ser\u00e1 tambi\u00e9n un componente transversal\u00a0en IBTM Americas 2025. En alianza con organizaciones como\u00a0Recicla tu Ciudad A.C., Someone Somewhere, Colectivo Sustentable, ICICO y Eventos Sustentables, se impulsar\u00e1n acciones concretas como:<\/p>\n\n\n\n<ul>\n<li>La recolecci\u00f3n de tapas pl\u00e1sticas para apoyar\u00a0tratamientos oncol\u00f3gicos infantiles.<\/li>\n\n\n\n<li>Bonos de carbono\u00a0voluntarios para reforestar Oaxaca\u00a0y proteger la biodiversidad.<\/li>\n\n\n\n<li>Activaciones para\u00a0reducir residuos y fomentar el consumo responsable.<\/li>\n<\/ul>\n\n\n\n<p>IBTM Americas 2025 es un evento gratuito y abierto a todas las personas interesadas en el mundo de los eventos, congresos, reuniones y experiencias en vivo.\u00a0Ya sea que formes parte de una empresa, est\u00e9s iniciando en la industria, o busques nuevas ideas para organizar eventos, puedes conocer el programa completo y registrarte en: <strong><u>\u00a0<a rel=\"noreferrer noopener\" href=\"https:\/\/www.ibtmamericas.com\/es-mx.html#\/\" target=\"_blank\">www.ibtmamericas.com<\/a><\/u><\/strong><\/p>\n","protected":false},"excerpt":{"rendered":"<p>Este 20 y 21 de agosto se celebrar\u00e1 IBTM Americas 2025 en el Centro Banamex de Ciudad de M\u00e9xico, el evento organizado por\u00a0RX M\u00e9xico,\u00a0que se consolida como la plataforma que articula a los actores clave del segmento MICE en\u00a0M\u00e9xico, Am\u00e9rica Latina, Estados Unidos y Canad\u00e1, el cual reunir\u00e1 a m\u00e1s de 4,000 profesionales\u00a0en torno a [&hellip;]<\/p>\n","protected":false},"author":17,"featured_media":82664,"comment_status":"closed","ping_status":"closed","sticky":false,"template":"","format":"standard","meta":{"footnotes":""},"categories":[12],"tags":[587,22147,10650,970],"yoast_head":"<!-- This site is optimized with the Yoast SEO plugin v22.2 - https:\/\/yoast.com\/wordpress\/plugins\/seo\/ -->\n<title>IBTM Americas 2025 reunir\u00e1 a m\u00e1s de 4 mil profesionales del MICE en CDMX - Nitu - Noticias de la Industria Turistica<\/title>\n<meta name=\"robots\" content=\"index, follow, max-snippet:-1, max-image-preview:large, max-video-preview:-1\" \/>\n<link rel=\"canonical\" href=\"https:\/\/nitu.mx\/index.php\/2025\/08\/06\/ibtm-americas-2025-reunira-a-mas-de-4-mil-profesionales-del-mice-en-cdmx\/\" \/>\n<meta name=\"twitter:card\" content=\"summary_large_image\" \/>\n<meta name=\"twitter:title\" content=\"IBTM Americas 2025 reunir\u00e1 a m\u00e1s de 4 mil profesionales del MICE en CDMX - Nitu - Noticias de la Industria Turistica\" \/>\n<meta name=\"twitter:description\" content=\"Este 20 y 21 de agosto se celebrar\u00e1 IBTM Americas 2025 en el Centro Banamex de Ciudad de M\u00e9xico, el evento organizado por\u00a0RX M\u00e9xico,\u00a0que se consolida como la plataforma que articula a los actores clave del segmento MICE en\u00a0M\u00e9xico, Am\u00e9rica Latina, Estados Unidos y Canad\u00e1, el cual reunir\u00e1 a m\u00e1s de 4,000 profesionales\u00a0en torno a [&hellip;]\" \/>\n<meta name=\"twitter:image\" content=\"https:\/\/nitu.mx\/wp-content\/uploads\/2025\/08\/IBTM-Americas_Conferencia-3.jpg\" \/>\n<meta name=\"twitter:creator\" content=\"@NITUmx\" \/>\n<meta name=\"twitter:site\" content=\"@Arturo_Medina_G\" \/>\n<meta name=\"twitter:label1\" content=\"Escrito por\" \/>\n\t<meta name=\"twitter:data1\" content=\"Redacci\u00f3n\" \/>\n\t<meta name=\"twitter:label2\" content=\"Tiempo de lectura\" \/>\n\t<meta name=\"twitter:data2\" content=\"3 minutos\" \/>\n<script type=\"application\/ld+json\" class=\"yoast-schema-graph\">{\"@context\":\"https:\/\/schema.org\",\"@graph\":[{\"@type\":\"Article\",\"@id\":\"https:\/\/nitu.mx\/index.php\/2025\/08\/06\/ibtm-americas-2025-reunira-a-mas-de-4-mil-profesionales-del-mice-en-cdmx\/#article\",\"isPartOf\":{\"@id\":\"https:\/\/nitu.mx\/index.php\/2025\/08\/06\/ibtm-americas-2025-reunira-a-mas-de-4-mil-profesionales-del-mice-en-cdmx\/\"},\"author\":{\"name\":\"Redacci\u00f3n\",\"@id\":\"https:\/\/nitu.mx\/#\/schema\/person\/4a28fe9bd65924f7c90623773daf1b0b\"},\"headline\":\"IBTM Americas 2025 reunir\u00e1 a m\u00e1s de 4 mil profesionales del MICE en CDMX\",\"datePublished\":\"2025-08-07T00:00:00+00:00\",\"dateModified\":\"2025-08-06T22:59:04+00:00\",\"mainEntityOfPage\":{\"@id\":\"https:\/\/nitu.mx\/index.php\/2025\/08\/06\/ibtm-americas-2025-reunira-a-mas-de-4-mil-profesionales-del-mice-en-cdmx\/\"},\"wordCount\":526,\"publisher\":{\"@id\":\"https:\/\/nitu.mx\/#\/schema\/person\/ae7a53426417292d3dd07b45a33e01bc\"},\"image\":{\"@id\":\"https:\/\/nitu.mx\/index.php\/2025\/08\/06\/ibtm-americas-2025-reunira-a-mas-de-4-mil-profesionales-del-mice-en-cdmx\/#primaryimage\"},\"thumbnailUrl\":\"https:\/\/nitu.mx\/wp-content\/uploads\/2025\/08\/IBTM-Americas_Conferencia-3.jpg\",\"keywords\":[\"CDMX\",\"Centro Citibanamex\",\"IBTM Americas\",\"MICE\"],\"articleSection\":[\"Marketing\"],\"inLanguage\":\"es-MX\"},{\"@type\":\"WebPage\",\"@id\":\"https:\/\/nitu.mx\/index.php\/2025\/08\/06\/ibtm-americas-2025-reunira-a-mas-de-4-mil-profesionales-del-mice-en-cdmx\/\",\"url\":\"https:\/\/nitu.mx\/index.php\/2025\/08\/06\/ibtm-americas-2025-reunira-a-mas-de-4-mil-profesionales-del-mice-en-cdmx\/\",\"name\":\"IBTM Americas 2025 reunir\u00e1 a m\u00e1s de 4 mil profesionales del MICE en CDMX - Nitu - Noticias de la Industria Turistica\",\"isPartOf\":{\"@id\":\"https:\/\/nitu.mx\/#website\"},\"primaryImageOfPage\":{\"@id\":\"https:\/\/nitu.mx\/index.php\/2025\/08\/06\/ibtm-americas-2025-reunira-a-mas-de-4-mil-profesionales-del-mice-en-cdmx\/#primaryimage\"},\"image\":{\"@id\":\"https:\/\/nitu.mx\/index.php\/2025\/08\/06\/ibtm-americas-2025-reunira-a-mas-de-4-mil-profesionales-del-mice-en-cdmx\/#primaryimage\"},\"thumbnailUrl\":\"https:\/\/nitu.mx\/wp-content\/uploads\/2025\/08\/IBTM-Americas_Conferencia-3.jpg\",\"datePublished\":\"2025-08-07T00:00:00+00:00\",\"dateModified\":\"2025-08-06T22:59:04+00:00\",\"breadcrumb\":{\"@id\":\"https:\/\/nitu.mx\/index.php\/2025\/08\/06\/ibtm-americas-2025-reunira-a-mas-de-4-mil-profesionales-del-mice-en-cdmx\/#breadcrumb\"},\"inLanguage\":\"es-MX\",\"potentialAction\":[{\"@type\":\"ReadAction\",\"target\":[\"https:\/\/nitu.mx\/index.php\/2025\/08\/06\/ibtm-americas-2025-reunira-a-mas-de-4-mil-profesionales-del-mice-en-cdmx\/\"]}]},{\"@type\":\"ImageObject\",\"inLanguage\":\"es-MX\",\"@id\":\"https:\/\/nitu.mx\/index.php\/2025\/08\/06\/ibtm-americas-2025-reunira-a-mas-de-4-mil-profesionales-del-mice-en-cdmx\/#primaryimage\",\"url\":\"https:\/\/nitu.mx\/wp-content\/uploads\/2025\/08\/IBTM-Americas_Conferencia-3.jpg\",\"contentUrl\":\"https:\/\/nitu.mx\/wp-content\/uploads\/2025\/08\/IBTM-Americas_Conferencia-3.jpg\",\"width\":1200,\"height\":675,\"caption\":\"IBTM Americas Conferencia 3\"},{\"@type\":\"BreadcrumbList\",\"@id\":\"https:\/\/nitu.mx\/index.php\/2025\/08\/06\/ibtm-americas-2025-reunira-a-mas-de-4-mil-profesionales-del-mice-en-cdmx\/#breadcrumb\",\"itemListElement\":[{\"@type\":\"ListItem\",\"position\":1,\"name\":\"Inicio\",\"item\":\"https:\/\/nitu.mx\/\"},{\"@type\":\"ListItem\",\"position\":2,\"name\":\"IBTM Americas 2025 reunir\u00e1 a m\u00e1s de 4 mil profesionales del MICE en CDMX\"}]},{\"@type\":\"WebSite\",\"@id\":\"https:\/\/nitu.mx\/#website\",\"url\":\"https:\/\/nitu.mx\/\",\"name\":\"Nitu - Noticias de la Industria Turistica\",\"description\":\"Noticias de la Industria Turistica\",\"publisher\":{\"@id\":\"https:\/\/nitu.mx\/#\/schema\/person\/ae7a53426417292d3dd07b45a33e01bc\"},\"alternateName\":\"Noticias de la Industria Turistica\",\"potentialAction\":[{\"@type\":\"SearchAction\",\"target\":{\"@type\":\"EntryPoint\",\"urlTemplate\":\"https:\/\/nitu.mx\/?s={search_term_string}\"},\"query-input\":\"required name=search_term_string\"}],\"inLanguage\":\"es-MX\"},{\"@type\":[\"Person\",\"Organization\"],\"@id\":\"https:\/\/nitu.mx\/#\/schema\/person\/ae7a53426417292d3dd07b45a33e01bc\",\"name\":\"Arturo Medina\",\"image\":{\"@type\":\"ImageObject\",\"inLanguage\":\"es-MX\",\"@id\":\"https:\/\/nitu.mx\/#\/schema\/person\/image\/\",\"url\":\"https:\/\/nitu.mx\/wp-content\/uploads\/2024\/04\/4A315622-1904-4D5C-B022-878CDC840E04-90x90-1.jpeg\",\"contentUrl\":\"https:\/\/nitu.mx\/wp-content\/uploads\/2024\/04\/4A315622-1904-4D5C-B022-878CDC840E04-90x90-1.jpeg\",\"width\":90,\"height\":90,\"caption\":\"Arturo Medina\"},\"logo\":{\"@id\":\"https:\/\/nitu.mx\/#\/schema\/person\/image\/\"},\"description\":\"Director NITU.mx, Egresado de la Escuela de Periodismo Carlos Septi\u00e9n Garc\u00eda. Periodista y analista especializado en turismo desde hace 35 a\u00f1os, radicado en Canc\u00fan Q.Roo. arturo@nitu.mx\",\"sameAs\":[\"https:\/\/nitu.mx\",\"https:\/\/www.facebook.com\/NITUmx\/\",\"medinacancun\",\"https:\/\/twitter.com\/@Arturo_Medina_G\"]},{\"@type\":\"Person\",\"@id\":\"https:\/\/nitu.mx\/#\/schema\/person\/4a28fe9bd65924f7c90623773daf1b0b\",\"name\":\"Redacci\u00f3n\",\"image\":{\"@type\":\"ImageObject\",\"inLanguage\":\"es-MX\",\"@id\":\"https:\/\/nitu.mx\/#\/schema\/person\/image\/\",\"url\":\"https:\/\/secure.gravatar.com\/avatar\/5dd011c8ccfc5cd7e4c81e42252aab38?s=96&d=mm&r=g\",\"contentUrl\":\"https:\/\/secure.gravatar.com\/avatar\/5dd011c8ccfc5cd7e4c81e42252aab38?s=96&d=mm&r=g\",\"caption\":\"Redacci\u00f3n\"},\"url\":\"https:\/\/nitu.mx\/index.php\/author\/redaccion\/\"}]}<\/script>\n<!-- \/ Yoast SEO plugin. -->","yoast_head_json":{"title":"IBTM Americas 2025 reunir\u00e1 a m\u00e1s de 4 mil profesionales del MICE en CDMX - Nitu - Noticias de la Industria Turistica","robots":{"index":"index","follow":"follow","max-snippet":"max-snippet:-1","max-image-preview":"max-image-preview:large","max-video-preview":"max-video-preview:-1"},"canonical":"https:\/\/nitu.mx\/index.php\/2025\/08\/06\/ibtm-americas-2025-reunira-a-mas-de-4-mil-profesionales-del-mice-en-cdmx\/","twitter_card":"summary_large_image","twitter_title":"IBTM Americas 2025 reunir\u00e1 a m\u00e1s de 4 mil profesionales del MICE en CDMX - Nitu - Noticias de la Industria Turistica","twitter_description":"Este 20 y 21 de agosto se celebrar\u00e1 IBTM Americas 2025 en el Centro Banamex de Ciudad de M\u00e9xico, el evento organizado por\u00a0RX M\u00e9xico,\u00a0que se consolida como la plataforma que articula a los actores clave del segmento MICE en\u00a0M\u00e9xico, Am\u00e9rica Latina, Estados Unidos y Canad\u00e1, el cual reunir\u00e1 a m\u00e1s de 4,000 profesionales\u00a0en torno a [&hellip;]","twitter_image":"https:\/\/nitu.mx\/wp-content\/uploads\/2025\/08\/IBTM-Americas_Conferencia-3.jpg","twitter_creator":"@NITUmx","twitter_site":"@Arturo_Medina_G","twitter_misc":{"Escrito por":"Redacci\u00f3n","Tiempo de lectura":"3 minutos"},"schema":{"@context":"https:\/\/schema.org","@graph":[{"@type":"Article","@id":"https:\/\/nitu.mx\/index.php\/2025\/08\/06\/ibtm-americas-2025-reunira-a-mas-de-4-mil-profesionales-del-mice-en-cdmx\/#article","isPartOf":{"@id":"https:\/\/nitu.mx\/index.php\/2025\/08\/06\/ibtm-americas-2025-reunira-a-mas-de-4-mil-profesionales-del-mice-en-cdmx\/"},"author":{"name":"Redacci\u00f3n","@id":"https:\/\/nitu.mx\/#\/schema\/person\/4a28fe9bd65924f7c90623773daf1b0b"},"headline":"IBTM Americas 2025 reunir\u00e1 a m\u00e1s de 4 mil profesionales del MICE en CDMX","datePublished":"2025-08-07T00:00:00+00:00","dateModified":"2025-08-06T22:59:04+00:00","mainEntityOfPage":{"@id":"https:\/\/nitu.mx\/index.php\/2025\/08\/06\/ibtm-americas-2025-reunira-a-mas-de-4-mil-profesionales-del-mice-en-cdmx\/"},"wordCount":526,"publisher":{"@id":"https:\/\/nitu.mx\/#\/schema\/person\/ae7a53426417292d3dd07b45a33e01bc"},"image":{"@id":"https:\/\/nitu.mx\/index.php\/2025\/08\/06\/ibtm-americas-2025-reunira-a-mas-de-4-mil-profesionales-del-mice-en-cdmx\/#primaryimage"},"thumbnailUrl":"https:\/\/nitu.mx\/wp-content\/uploads\/2025\/08\/IBTM-Americas_Conferencia-3.jpg","keywords":["CDMX","Centro Citibanamex","IBTM Americas","MICE"],"articleSection":["Marketing"],"inLanguage":"es-MX"},{"@type":"WebPage","@id":"https:\/\/nitu.mx\/index.php\/2025\/08\/06\/ibtm-americas-2025-reunira-a-mas-de-4-mil-profesionales-del-mice-en-cdmx\/","url":"https:\/\/nitu.mx\/index.php\/2025\/08\/06\/ibtm-americas-2025-reunira-a-mas-de-4-mil-profesionales-del-mice-en-cdmx\/","name":"IBTM Americas 2025 reunir\u00e1 a m\u00e1s de 4 mil profesionales del MICE en CDMX - Nitu - Noticias de la Industria Turistica","isPartOf":{"@id":"https:\/\/nitu.mx\/#website"},"primaryImageOfPage":{"@id":"https:\/\/nitu.mx\/index.php\/2025\/08\/06\/ibtm-americas-2025-reunira-a-mas-de-4-mil-profesionales-del-mice-en-cdmx\/#primaryimage"},"image":{"@id":"https:\/\/nitu.mx\/index.php\/2025\/08\/06\/ibtm-americas-2025-reunira-a-mas-de-4-mil-profesionales-del-mice-en-cdmx\/#primaryimage"},"thumbnailUrl":"https:\/\/nitu.mx\/wp-content\/uploads\/2025\/08\/IBTM-Americas_Conferencia-3.jpg","datePublished":"2025-08-07T00:00:00+00:00","dateModified":"2025-08-06T22:59:04+00:00","breadcrumb":{"@id":"https:\/\/nitu.mx\/index.php\/2025\/08\/06\/ibtm-americas-2025-reunira-a-mas-de-4-mil-profesionales-del-mice-en-cdmx\/#breadcrumb"},"inLanguage":"es-MX","potentialAction":[{"@type":"ReadAction","target":["https:\/\/nitu.mx\/index.php\/2025\/08\/06\/ibtm-americas-2025-reunira-a-mas-de-4-mil-profesionales-del-mice-en-cdmx\/"]}]},{"@type":"ImageObject","inLanguage":"es-MX","@id":"https:\/\/nitu.mx\/index.php\/2025\/08\/06\/ibtm-americas-2025-reunira-a-mas-de-4-mil-profesionales-del-mice-en-cdmx\/#primaryimage","url":"https:\/\/nitu.mx\/wp-content\/uploads\/2025\/08\/IBTM-Americas_Conferencia-3.jpg","contentUrl":"https:\/\/nitu.mx\/wp-content\/uploads\/2025\/08\/IBTM-Americas_Conferencia-3.jpg","width":1200,"height":675,"caption":"IBTM Americas Conferencia 3"},{"@type":"BreadcrumbList","@id":"https:\/\/nitu.mx\/index.php\/2025\/08\/06\/ibtm-americas-2025-reunira-a-mas-de-4-mil-profesionales-del-mice-en-cdmx\/#breadcrumb","itemListElement":[{"@type":"ListItem","position":1,"name":"Inicio","item":"https:\/\/nitu.mx\/"},{"@type":"ListItem","position":2,"name":"IBTM Americas 2025 reunir\u00e1 a m\u00e1s de 4 mil profesionales del MICE en CDMX"}]},{"@type":"WebSite","@id":"https:\/\/nitu.mx\/#website","url":"https:\/\/nitu.mx\/","name":"Nitu - Noticias de la Industria Turistica","description":"Noticias de la Industria Turistica","publisher":{"@id":"https:\/\/nitu.mx\/#\/schema\/person\/ae7a53426417292d3dd07b45a33e01bc"},"alternateName":"Noticias de la Industria Turistica","potentialAction":[{"@type":"SearchAction","target":{"@type":"EntryPoint","urlTemplate":"https:\/\/nitu.mx\/?s={search_term_string}"},"query-input":"required name=search_term_string"}],"inLanguage":"es-MX"},{"@type":["Person","Organization"],"@id":"https:\/\/nitu.mx\/#\/schema\/person\/ae7a53426417292d3dd07b45a33e01bc","name":"Arturo Medina","image":{"@type":"ImageObject","inLanguage":"es-MX","@id":"https:\/\/nitu.mx\/#\/schema\/person\/image\/","url":"https:\/\/nitu.mx\/wp-content\/uploads\/2024\/04\/4A315622-1904-4D5C-B022-878CDC840E04-90x90-1.jpeg","contentUrl":"https:\/\/nitu.mx\/wp-content\/uploads\/2024\/04\/4A315622-1904-4D5C-B022-878CDC840E04-90x90-1.jpeg","width":90,"height":90,"caption":"Arturo Medina"},"logo":{"@id":"https:\/\/nitu.mx\/#\/schema\/person\/image\/"},"description":"Director NITU.mx, Egresado de la Escuela de Periodismo Carlos Septi\u00e9n Garc\u00eda. Periodista y analista especializado en turismo desde hace 35 a\u00f1os, radicado en Canc\u00fan Q.Roo. arturo@nitu.mx","sameAs":["https:\/\/nitu.mx","https:\/\/www.facebook.com\/NITUmx\/","medinacancun","https:\/\/twitter.com\/@Arturo_Medina_G"]},{"@type":"Person","@id":"https:\/\/nitu.mx\/#\/schema\/person\/4a28fe9bd65924f7c90623773daf1b0b","name":"Redacci\u00f3n","image":{"@type":"ImageObject","inLanguage":"es-MX","@id":"https:\/\/nitu.mx\/#\/schema\/person\/image\/","url":"https:\/\/secure.gravatar.com\/avatar\/5dd011c8ccfc5cd7e4c81e42252aab38?s=96&d=mm&r=g","contentUrl":"https:\/\/secure.gravatar.com\/avatar\/5dd011c8ccfc5cd7e4c81e42252aab38?s=96&d=mm&r=g","caption":"Redacci\u00f3n"},"url":"https:\/\/nitu.mx\/index.php\/author\/redaccion\/"}]}},"views":570,"_links":{"self":[{"href":"https:\/\/nitu.mx\/index.php\/wp-json\/wp\/v2\/posts\/82661"}],"collection":[{"href":"https:\/\/nitu.mx\/index.php\/wp-json\/wp\/v2\/posts"}],"about":[{"href":"https:\/\/nitu.mx\/index.php\/wp-json\/wp\/v2\/types\/post"}],"author":[{"embeddable":true,"href":"https:\/\/nitu.mx\/index.php\/wp-json\/wp\/v2\/users\/17"}],"replies":[{"embeddable":true,"href":"https:\/\/nitu.mx\/index.php\/wp-json\/wp\/v2\/comments?post=82661"}],"version-history":[{"count":1,"href":"https:\/\/nitu.mx\/index.php\/wp-json\/wp\/v2\/posts\/82661\/revisions"}],"predecessor-version":[{"id":82663,"href":"https:\/\/nitu.mx\/index.php\/wp-json\/wp\/v2\/posts\/82661\/revisions\/82663"}],"wp:featuredmedia":[{"embeddable":true,"href":"https:\/\/nitu.mx\/index.php\/wp-json\/wp\/v2\/media\/82664"}],"wp:attachment":[{"href":"https:\/\/nitu.mx\/index.php\/wp-json\/wp\/v2\/media?parent=82661"}],"wp:term":[{"taxonomy":"category","embeddable":true,"href":"https:\/\/nitu.mx\/index.php\/wp-json\/wp\/v2\/categories?post=82661"},{"taxonomy":"post_tag","embeddable":true,"href":"https:\/\/nitu.mx\/index.php\/wp-json\/wp\/v2\/tags?post=82661"}],"curies":[{"name":"wp","href":"https:\/\/api.w.org\/{rel}","templated":true}]}}