{"id":82644,"date":"2025-08-05T21:31:35","date_gmt":"2025-08-06T03:31:35","guid":{"rendered":"https:\/\/nitu.mx\/?p=82644"},"modified":"2025-08-05T21:31:35","modified_gmt":"2025-08-06T03:31:35","slug":"concanaco-servytur-fortalece-vinculos-internacionales-en-la-70a-comision-regional-de-onu-turismo","status":"publish","type":"post","link":"https:\/\/nitu.mx\/index.php\/2025\/08\/05\/concanaco-servytur-fortalece-vinculos-internacionales-en-la-70a-comision-regional-de-onu-turismo\/","title":{"rendered":"Concanaco Servytur fortalece v\u00ednculos internacionales en la 70\u00aa Comisi\u00f3n Regional de ONU Turismo"},"content":{"rendered":"\n<p>La Confederaci\u00f3n de C\u00e1maras Nacionales de Comercio, Servicios y Turismo (Concanaco Servytur) particip\u00f3 en la 70\u00aa Comisi\u00f3n Regional de la Organizaci\u00f3n de las Naciones Unidas (ONU) Turismo para las Am\u00e9ricas, celebrada en Lima, Per\u00fa. <\/p>\n\n\n\n<p>La Confederaci\u00f3n estuvo representada por Alejandra Carrasco, protesorera, y Mar\u00eda Fernanda Valdez Lerma, directora de Turismo, con el objetivo de fortalecer v\u00ednculos internacionales y posicionar al sector terciario mexicano como un actor clave en la transformaci\u00f3n tur\u00edstica del continente.<\/p>\n\n\n\n<p>Durante la jornada inaugural, autoridades gubernamentales, representantes empresariales y organismos internacionales dialogaron sobre cooperaci\u00f3n regional, sostenibilidad, innovaci\u00f3n y digitalizaci\u00f3n, subrayando el papel estrat\u00e9gico del sector privado en la recuperaci\u00f3n econ\u00f3mica y en la consolidaci\u00f3n de destinos competitivos y responsables.<\/p>\n\n\n\n<p>El presidente de Concanaco Servytur, Octavio de la Torre de St\u00e9ffano, afirm\u00f3 que \u201cParticipar en esta Comisi\u00f3n Regional es un paso firme hacia la integraci\u00f3n internacional del turismo mexicano. Nuestra voz empresarial impulsa un modelo donde las empresas tur\u00edsticas no solo generan riqueza, sino tambi\u00e9n bienestar comunitario, empleos formales y sostenibilidad ambiental. Esta es la forma en que el turismo contribuye a una econom\u00eda m\u00e1s justa y resiliente&#8221;.<\/p>\n\n\n\n<p>Durante las sesiones de trabajo se compartieron cifras clave para el sector. Seg\u00fan la Asociaci\u00f3n Internacional de Transporte A\u00e9reo (IATA), la aviaci\u00f3n en Am\u00e9rica Latina y el Caribe genera 8.3 millones de empleos y aporta 240 mil millones de d\u00f3lares al PIB regional.<\/p>\n\n\n\n<p>Asimismo, de acuerdo con datos de Amadeus, M\u00e9xico se posiciona como el cuarto mercado emisor que m\u00e1s busca viajar dentro de las Am\u00e9ricas, registrando un crecimiento interanual del 24% en el periodo julio 2024 \u2013 junio 2025, lo que refleja su papel protag\u00f3nico en el turismo continental.<\/p>\n\n\n\n<p>M\u00e9xico se mantiene entre las principales potencias tur\u00edsticas del mundo. En 2024 recibi\u00f3 45.4 millones de turistas internacionales, un crecimiento de 7.4% respecto a 2023, lo que reafirma su liderazgo en la regi\u00f3n. Ese mismo a\u00f1o, el pa\u00eds gener\u00f3 33,000 millones de d\u00f3lares en ingresos por turismo internacional, coloc\u00e1ndose en el lugar 16 a nivel global en captaci\u00f3n de divisas, mientras conserva el sexto lugar en llegada de visitantes. Esta din\u00e1mica representa una fuente clave de empleo, inversi\u00f3n e identidad cultural para M\u00e9xico.<\/p>\n\n\n\n<p>Entre las iniciativas impulsadas por la Confederaci\u00f3n destacan el programa La Gran Escapada, que promueve el turismo interno y el consumo local; alianzas estrat\u00e9gicas con la Secretar\u00eda de Turismo (Sectur) y gobiernos estatales para digitalizar a las MIPYMES tur\u00edsticas; la firma de convenios internacionales para el desarrollo de destinos sostenibles; y la participaci\u00f3n activa en ferias, foros y comit\u00e9s especializados en turismo de reuniones, salud, bienestar y aventura.<\/p>\n\n\n\n<p>Con una red de 258 c\u00e1maras empresariales en todo el pa\u00eds, que agrupan a m\u00e1s de dos millones de empresas, CONCANACO SERVYTUR reafirma su liderazgo regional y su compromiso con un turismo incluyente, digital, innovador, sostenible y con proyecci\u00f3n internacional. (<a href=\"https:\/\/nitu.mx\/index.php\/2025\/07\/14\/concanaco-se-suma-a-campana-contra-fraudes-de-sectur-y-profeco\/\">Concanaco se suma a campa\u00f1a contra fraudes de Sectur y Profeco<\/a>).<\/p>\n","protected":false},"excerpt":{"rendered":"<p>La Confederaci\u00f3n de C\u00e1maras Nacionales de Comercio, Servicios y Turismo (Concanaco Servytur) particip\u00f3 en la 70\u00aa Comisi\u00f3n Regional de la Organizaci\u00f3n de las Naciones Unidas (ONU) Turismo para las Am\u00e9ricas, celebrada en Lima, Per\u00fa. La Confederaci\u00f3n estuvo representada por Alejandra Carrasco, protesorera, y Mar\u00eda Fernanda Valdez Lerma, directora de Turismo, con el objetivo de fortalecer [&hellip;]<\/p>\n","protected":false},"author":17,"featured_media":82646,"comment_status":"closed","ping_status":"closed","sticky":false,"template":"","format":"standard","meta":{"footnotes":""},"categories":[12],"tags":[632,1607,24780,24717],"yoast_head":"<!-- This site is optimized with the Yoast SEO plugin v22.2 - https:\/\/yoast.com\/wordpress\/plugins\/seo\/ -->\n<title>Concanaco Servytur fortalece v\u00ednculos internacionales en la 70\u00aa Comisi\u00f3n Regional de ONU Turismo - Nitu - Noticias de la Industria Turistica<\/title>\n<meta name=\"robots\" content=\"index, follow, max-snippet:-1, max-image-preview:large, max-video-preview:-1\" \/>\n<link rel=\"canonical\" href=\"https:\/\/nitu.mx\/index.php\/2025\/08\/05\/concanaco-servytur-fortalece-vinculos-internacionales-en-la-70a-comision-regional-de-onu-turismo\/\" \/>\n<meta name=\"twitter:card\" content=\"summary_large_image\" \/>\n<meta name=\"twitter:title\" content=\"Concanaco Servytur fortalece v\u00ednculos internacionales en la 70\u00aa Comisi\u00f3n Regional de ONU Turismo - Nitu - Noticias de la Industria Turistica\" \/>\n<meta name=\"twitter:description\" content=\"La Confederaci\u00f3n de C\u00e1maras Nacionales de Comercio, Servicios y Turismo (Concanaco Servytur) particip\u00f3 en la 70\u00aa Comisi\u00f3n Regional de la Organizaci\u00f3n de las Naciones Unidas (ONU) Turismo para las Am\u00e9ricas, celebrada en Lima, Per\u00fa. La Confederaci\u00f3n estuvo representada por Alejandra Carrasco, protesorera, y Mar\u00eda Fernanda Valdez Lerma, directora de Turismo, con el objetivo de fortalecer [&hellip;]\" \/>\n<meta name=\"twitter:image\" content=\"https:\/\/nitu.mx\/wp-content\/uploads\/2025\/08\/Concanaco-Servytur-70-CR-ONU-Turismo.jpg\" \/>\n<meta name=\"twitter:creator\" content=\"@NITUmx\" \/>\n<meta name=\"twitter:site\" content=\"@Arturo_Medina_G\" \/>\n<meta name=\"twitter:label1\" content=\"Escrito por\" \/>\n\t<meta name=\"twitter:data1\" content=\"Redacci\u00f3n\" \/>\n\t<meta name=\"twitter:label2\" content=\"Tiempo de lectura\" \/>\n\t<meta name=\"twitter:data2\" content=\"3 minutos\" \/>\n<script type=\"application\/ld+json\" class=\"yoast-schema-graph\">{\"@context\":\"https:\/\/schema.org\",\"@graph\":[{\"@type\":\"Article\",\"@id\":\"https:\/\/nitu.mx\/index.php\/2025\/08\/05\/concanaco-servytur-fortalece-vinculos-internacionales-en-la-70a-comision-regional-de-onu-turismo\/#article\",\"isPartOf\":{\"@id\":\"https:\/\/nitu.mx\/index.php\/2025\/08\/05\/concanaco-servytur-fortalece-vinculos-internacionales-en-la-70a-comision-regional-de-onu-turismo\/\"},\"author\":{\"name\":\"Redacci\u00f3n\",\"@id\":\"https:\/\/nitu.mx\/#\/schema\/person\/4a28fe9bd65924f7c90623773daf1b0b\"},\"headline\":\"Concanaco Servytur fortalece v\u00ednculos internacionales en la 70\u00aa Comisi\u00f3n Regional de ONU Turismo\",\"datePublished\":\"2025-08-06T03:31:35+00:00\",\"dateModified\":\"2025-08-06T03:31:35+00:00\",\"mainEntityOfPage\":{\"@id\":\"https:\/\/nitu.mx\/index.php\/2025\/08\/05\/concanaco-servytur-fortalece-vinculos-internacionales-en-la-70a-comision-regional-de-onu-turismo\/\"},\"wordCount\":528,\"publisher\":{\"@id\":\"https:\/\/nitu.mx\/#\/schema\/person\/ae7a53426417292d3dd07b45a33e01bc\"},\"image\":{\"@id\":\"https:\/\/nitu.mx\/index.php\/2025\/08\/05\/concanaco-servytur-fortalece-vinculos-internacionales-en-la-70a-comision-regional-de-onu-turismo\/#primaryimage\"},\"thumbnailUrl\":\"https:\/\/nitu.mx\/wp-content\/uploads\/2025\/08\/Concanaco-Servytur-70-CR-ONU-Turismo.jpg\",\"keywords\":[\"Amadeus\",\"Concanaco Servytur\",\"Octavio de la Torre\",\"ONU Turismo\"],\"articleSection\":[\"Marketing\"],\"inLanguage\":\"es-MX\"},{\"@type\":\"WebPage\",\"@id\":\"https:\/\/nitu.mx\/index.php\/2025\/08\/05\/concanaco-servytur-fortalece-vinculos-internacionales-en-la-70a-comision-regional-de-onu-turismo\/\",\"url\":\"https:\/\/nitu.mx\/index.php\/2025\/08\/05\/concanaco-servytur-fortalece-vinculos-internacionales-en-la-70a-comision-regional-de-onu-turismo\/\",\"name\":\"Concanaco Servytur fortalece v\u00ednculos internacionales en la 70\u00aa Comisi\u00f3n Regional de ONU Turismo - Nitu - Noticias de la Industria Turistica\",\"isPartOf\":{\"@id\":\"https:\/\/nitu.mx\/#website\"},\"primaryImageOfPage\":{\"@id\":\"https:\/\/nitu.mx\/index.php\/2025\/08\/05\/concanaco-servytur-fortalece-vinculos-internacionales-en-la-70a-comision-regional-de-onu-turismo\/#primaryimage\"},\"image\":{\"@id\":\"https:\/\/nitu.mx\/index.php\/2025\/08\/05\/concanaco-servytur-fortalece-vinculos-internacionales-en-la-70a-comision-regional-de-onu-turismo\/#primaryimage\"},\"thumbnailUrl\":\"https:\/\/nitu.mx\/wp-content\/uploads\/2025\/08\/Concanaco-Servytur-70-CR-ONU-Turismo.jpg\",\"datePublished\":\"2025-08-06T03:31:35+00:00\",\"dateModified\":\"2025-08-06T03:31:35+00:00\",\"breadcrumb\":{\"@id\":\"https:\/\/nitu.mx\/index.php\/2025\/08\/05\/concanaco-servytur-fortalece-vinculos-internacionales-en-la-70a-comision-regional-de-onu-turismo\/#breadcrumb\"},\"inLanguage\":\"es-MX\",\"potentialAction\":[{\"@type\":\"ReadAction\",\"target\":[\"https:\/\/nitu.mx\/index.php\/2025\/08\/05\/concanaco-servytur-fortalece-vinculos-internacionales-en-la-70a-comision-regional-de-onu-turismo\/\"]}]},{\"@type\":\"ImageObject\",\"inLanguage\":\"es-MX\",\"@id\":\"https:\/\/nitu.mx\/index.php\/2025\/08\/05\/concanaco-servytur-fortalece-vinculos-internacionales-en-la-70a-comision-regional-de-onu-turismo\/#primaryimage\",\"url\":\"https:\/\/nitu.mx\/wp-content\/uploads\/2025\/08\/Concanaco-Servytur-70-CR-ONU-Turismo.jpg\",\"contentUrl\":\"https:\/\/nitu.mx\/wp-content\/uploads\/2025\/08\/Concanaco-Servytur-70-CR-ONU-Turismo.jpg\",\"width\":1200,\"height\":675,\"caption\":\"Concanaco Servytur 70 CR ONU Turismo\"},{\"@type\":\"BreadcrumbList\",\"@id\":\"https:\/\/nitu.mx\/index.php\/2025\/08\/05\/concanaco-servytur-fortalece-vinculos-internacionales-en-la-70a-comision-regional-de-onu-turismo\/#breadcrumb\",\"itemListElement\":[{\"@type\":\"ListItem\",\"position\":1,\"name\":\"Inicio\",\"item\":\"https:\/\/nitu.mx\/\"},{\"@type\":\"ListItem\",\"position\":2,\"name\":\"Concanaco Servytur fortalece v\u00ednculos internacionales en la 70\u00aa Comisi\u00f3n Regional de ONU Turismo\"}]},{\"@type\":\"WebSite\",\"@id\":\"https:\/\/nitu.mx\/#website\",\"url\":\"https:\/\/nitu.mx\/\",\"name\":\"Nitu - Noticias de la Industria Turistica\",\"description\":\"Noticias de la Industria Turistica\",\"publisher\":{\"@id\":\"https:\/\/nitu.mx\/#\/schema\/person\/ae7a53426417292d3dd07b45a33e01bc\"},\"alternateName\":\"Noticias de la Industria Turistica\",\"potentialAction\":[{\"@type\":\"SearchAction\",\"target\":{\"@type\":\"EntryPoint\",\"urlTemplate\":\"https:\/\/nitu.mx\/?s={search_term_string}\"},\"query-input\":\"required name=search_term_string\"}],\"inLanguage\":\"es-MX\"},{\"@type\":[\"Person\",\"Organization\"],\"@id\":\"https:\/\/nitu.mx\/#\/schema\/person\/ae7a53426417292d3dd07b45a33e01bc\",\"name\":\"Arturo Medina\",\"image\":{\"@type\":\"ImageObject\",\"inLanguage\":\"es-MX\",\"@id\":\"https:\/\/nitu.mx\/#\/schema\/person\/image\/\",\"url\":\"https:\/\/nitu.mx\/wp-content\/uploads\/2024\/04\/4A315622-1904-4D5C-B022-878CDC840E04-90x90-1.jpeg\",\"contentUrl\":\"https:\/\/nitu.mx\/wp-content\/uploads\/2024\/04\/4A315622-1904-4D5C-B022-878CDC840E04-90x90-1.jpeg\",\"width\":90,\"height\":90,\"caption\":\"Arturo Medina\"},\"logo\":{\"@id\":\"https:\/\/nitu.mx\/#\/schema\/person\/image\/\"},\"description\":\"Director NITU.mx, Egresado de la Escuela de Periodismo Carlos Septi\u00e9n Garc\u00eda. Periodista y analista especializado en turismo desde hace 35 a\u00f1os, radicado en Canc\u00fan Q.Roo. arturo@nitu.mx\",\"sameAs\":[\"https:\/\/nitu.mx\",\"https:\/\/www.facebook.com\/NITUmx\/\",\"medinacancun\",\"https:\/\/twitter.com\/@Arturo_Medina_G\"]},{\"@type\":\"Person\",\"@id\":\"https:\/\/nitu.mx\/#\/schema\/person\/4a28fe9bd65924f7c90623773daf1b0b\",\"name\":\"Redacci\u00f3n\",\"image\":{\"@type\":\"ImageObject\",\"inLanguage\":\"es-MX\",\"@id\":\"https:\/\/nitu.mx\/#\/schema\/person\/image\/\",\"url\":\"https:\/\/secure.gravatar.com\/avatar\/5dd011c8ccfc5cd7e4c81e42252aab38?s=96&d=mm&r=g\",\"contentUrl\":\"https:\/\/secure.gravatar.com\/avatar\/5dd011c8ccfc5cd7e4c81e42252aab38?s=96&d=mm&r=g\",\"caption\":\"Redacci\u00f3n\"},\"url\":\"https:\/\/nitu.mx\/index.php\/author\/redaccion\/\"}]}<\/script>\n<!-- \/ Yoast SEO plugin. -->","yoast_head_json":{"title":"Concanaco Servytur fortalece v\u00ednculos internacionales en la 70\u00aa Comisi\u00f3n Regional de ONU Turismo - Nitu - Noticias de la Industria Turistica","robots":{"index":"index","follow":"follow","max-snippet":"max-snippet:-1","max-image-preview":"max-image-preview:large","max-video-preview":"max-video-preview:-1"},"canonical":"https:\/\/nitu.mx\/index.php\/2025\/08\/05\/concanaco-servytur-fortalece-vinculos-internacionales-en-la-70a-comision-regional-de-onu-turismo\/","twitter_card":"summary_large_image","twitter_title":"Concanaco Servytur fortalece v\u00ednculos internacionales en la 70\u00aa Comisi\u00f3n Regional de ONU Turismo - Nitu - Noticias de la Industria Turistica","twitter_description":"La Confederaci\u00f3n de C\u00e1maras Nacionales de Comercio, Servicios y Turismo (Concanaco Servytur) particip\u00f3 en la 70\u00aa Comisi\u00f3n Regional de la Organizaci\u00f3n de las Naciones Unidas (ONU) Turismo para las Am\u00e9ricas, celebrada en Lima, Per\u00fa. La Confederaci\u00f3n estuvo representada por Alejandra Carrasco, protesorera, y Mar\u00eda Fernanda Valdez Lerma, directora de Turismo, con el objetivo de fortalecer [&hellip;]","twitter_image":"https:\/\/nitu.mx\/wp-content\/uploads\/2025\/08\/Concanaco-Servytur-70-CR-ONU-Turismo.jpg","twitter_creator":"@NITUmx","twitter_site":"@Arturo_Medina_G","twitter_misc":{"Escrito por":"Redacci\u00f3n","Tiempo de lectura":"3 minutos"},"schema":{"@context":"https:\/\/schema.org","@graph":[{"@type":"Article","@id":"https:\/\/nitu.mx\/index.php\/2025\/08\/05\/concanaco-servytur-fortalece-vinculos-internacionales-en-la-70a-comision-regional-de-onu-turismo\/#article","isPartOf":{"@id":"https:\/\/nitu.mx\/index.php\/2025\/08\/05\/concanaco-servytur-fortalece-vinculos-internacionales-en-la-70a-comision-regional-de-onu-turismo\/"},"author":{"name":"Redacci\u00f3n","@id":"https:\/\/nitu.mx\/#\/schema\/person\/4a28fe9bd65924f7c90623773daf1b0b"},"headline":"Concanaco Servytur fortalece v\u00ednculos internacionales en la 70\u00aa Comisi\u00f3n Regional de ONU Turismo","datePublished":"2025-08-06T03:31:35+00:00","dateModified":"2025-08-06T03:31:35+00:00","mainEntityOfPage":{"@id":"https:\/\/nitu.mx\/index.php\/2025\/08\/05\/concanaco-servytur-fortalece-vinculos-internacionales-en-la-70a-comision-regional-de-onu-turismo\/"},"wordCount":528,"publisher":{"@id":"https:\/\/nitu.mx\/#\/schema\/person\/ae7a53426417292d3dd07b45a33e01bc"},"image":{"@id":"https:\/\/nitu.mx\/index.php\/2025\/08\/05\/concanaco-servytur-fortalece-vinculos-internacionales-en-la-70a-comision-regional-de-onu-turismo\/#primaryimage"},"thumbnailUrl":"https:\/\/nitu.mx\/wp-content\/uploads\/2025\/08\/Concanaco-Servytur-70-CR-ONU-Turismo.jpg","keywords":["Amadeus","Concanaco Servytur","Octavio de la Torre","ONU Turismo"],"articleSection":["Marketing"],"inLanguage":"es-MX"},{"@type":"WebPage","@id":"https:\/\/nitu.mx\/index.php\/2025\/08\/05\/concanaco-servytur-fortalece-vinculos-internacionales-en-la-70a-comision-regional-de-onu-turismo\/","url":"https:\/\/nitu.mx\/index.php\/2025\/08\/05\/concanaco-servytur-fortalece-vinculos-internacionales-en-la-70a-comision-regional-de-onu-turismo\/","name":"Concanaco Servytur fortalece v\u00ednculos internacionales en la 70\u00aa Comisi\u00f3n Regional de ONU Turismo - Nitu - Noticias de la Industria Turistica","isPartOf":{"@id":"https:\/\/nitu.mx\/#website"},"primaryImageOfPage":{"@id":"https:\/\/nitu.mx\/index.php\/2025\/08\/05\/concanaco-servytur-fortalece-vinculos-internacionales-en-la-70a-comision-regional-de-onu-turismo\/#primaryimage"},"image":{"@id":"https:\/\/nitu.mx\/index.php\/2025\/08\/05\/concanaco-servytur-fortalece-vinculos-internacionales-en-la-70a-comision-regional-de-onu-turismo\/#primaryimage"},"thumbnailUrl":"https:\/\/nitu.mx\/wp-content\/uploads\/2025\/08\/Concanaco-Servytur-70-CR-ONU-Turismo.jpg","datePublished":"2025-08-06T03:31:35+00:00","dateModified":"2025-08-06T03:31:35+00:00","breadcrumb":{"@id":"https:\/\/nitu.mx\/index.php\/2025\/08\/05\/concanaco-servytur-fortalece-vinculos-internacionales-en-la-70a-comision-regional-de-onu-turismo\/#breadcrumb"},"inLanguage":"es-MX","potentialAction":[{"@type":"ReadAction","target":["https:\/\/nitu.mx\/index.php\/2025\/08\/05\/concanaco-servytur-fortalece-vinculos-internacionales-en-la-70a-comision-regional-de-onu-turismo\/"]}]},{"@type":"ImageObject","inLanguage":"es-MX","@id":"https:\/\/nitu.mx\/index.php\/2025\/08\/05\/concanaco-servytur-fortalece-vinculos-internacionales-en-la-70a-comision-regional-de-onu-turismo\/#primaryimage","url":"https:\/\/nitu.mx\/wp-content\/uploads\/2025\/08\/Concanaco-Servytur-70-CR-ONU-Turismo.jpg","contentUrl":"https:\/\/nitu.mx\/wp-content\/uploads\/2025\/08\/Concanaco-Servytur-70-CR-ONU-Turismo.jpg","width":1200,"height":675,"caption":"Concanaco Servytur 70 CR ONU Turismo"},{"@type":"BreadcrumbList","@id":"https:\/\/nitu.mx\/index.php\/2025\/08\/05\/concanaco-servytur-fortalece-vinculos-internacionales-en-la-70a-comision-regional-de-onu-turismo\/#breadcrumb","itemListElement":[{"@type":"ListItem","position":1,"name":"Inicio","item":"https:\/\/nitu.mx\/"},{"@type":"ListItem","position":2,"name":"Concanaco Servytur fortalece v\u00ednculos internacionales en la 70\u00aa Comisi\u00f3n Regional de ONU Turismo"}]},{"@type":"WebSite","@id":"https:\/\/nitu.mx\/#website","url":"https:\/\/nitu.mx\/","name":"Nitu - Noticias de la Industria Turistica","description":"Noticias de la Industria Turistica","publisher":{"@id":"https:\/\/nitu.mx\/#\/schema\/person\/ae7a53426417292d3dd07b45a33e01bc"},"alternateName":"Noticias de la Industria Turistica","potentialAction":[{"@type":"SearchAction","target":{"@type":"EntryPoint","urlTemplate":"https:\/\/nitu.mx\/?s={search_term_string}"},"query-input":"required name=search_term_string"}],"inLanguage":"es-MX"},{"@type":["Person","Organization"],"@id":"https:\/\/nitu.mx\/#\/schema\/person\/ae7a53426417292d3dd07b45a33e01bc","name":"Arturo Medina","image":{"@type":"ImageObject","inLanguage":"es-MX","@id":"https:\/\/nitu.mx\/#\/schema\/person\/image\/","url":"https:\/\/nitu.mx\/wp-content\/uploads\/2024\/04\/4A315622-1904-4D5C-B022-878CDC840E04-90x90-1.jpeg","contentUrl":"https:\/\/nitu.mx\/wp-content\/uploads\/2024\/04\/4A315622-1904-4D5C-B022-878CDC840E04-90x90-1.jpeg","width":90,"height":90,"caption":"Arturo Medina"},"logo":{"@id":"https:\/\/nitu.mx\/#\/schema\/person\/image\/"},"description":"Director NITU.mx, Egresado de la Escuela de Periodismo Carlos Septi\u00e9n Garc\u00eda. Periodista y analista especializado en turismo desde hace 35 a\u00f1os, radicado en Canc\u00fan Q.Roo. arturo@nitu.mx","sameAs":["https:\/\/nitu.mx","https:\/\/www.facebook.com\/NITUmx\/","medinacancun","https:\/\/twitter.com\/@Arturo_Medina_G"]},{"@type":"Person","@id":"https:\/\/nitu.mx\/#\/schema\/person\/4a28fe9bd65924f7c90623773daf1b0b","name":"Redacci\u00f3n","image":{"@type":"ImageObject","inLanguage":"es-MX","@id":"https:\/\/nitu.mx\/#\/schema\/person\/image\/","url":"https:\/\/secure.gravatar.com\/avatar\/5dd011c8ccfc5cd7e4c81e42252aab38?s=96&d=mm&r=g","contentUrl":"https:\/\/secure.gravatar.com\/avatar\/5dd011c8ccfc5cd7e4c81e42252aab38?s=96&d=mm&r=g","caption":"Redacci\u00f3n"},"url":"https:\/\/nitu.mx\/index.php\/author\/redaccion\/"}]}},"views":685,"_links":{"self":[{"href":"https:\/\/nitu.mx\/index.php\/wp-json\/wp\/v2\/posts\/82644"}],"collection":[{"href":"https:\/\/nitu.mx\/index.php\/wp-json\/wp\/v2\/posts"}],"about":[{"href":"https:\/\/nitu.mx\/index.php\/wp-json\/wp\/v2\/types\/post"}],"author":[{"embeddable":true,"href":"https:\/\/nitu.mx\/index.php\/wp-json\/wp\/v2\/users\/17"}],"replies":[{"embeddable":true,"href":"https:\/\/nitu.mx\/index.php\/wp-json\/wp\/v2\/comments?post=82644"}],"version-history":[{"count":1,"href":"https:\/\/nitu.mx\/index.php\/wp-json\/wp\/v2\/posts\/82644\/revisions"}],"predecessor-version":[{"id":82647,"href":"https:\/\/nitu.mx\/index.php\/wp-json\/wp\/v2\/posts\/82644\/revisions\/82647"}],"wp:featuredmedia":[{"embeddable":true,"href":"https:\/\/nitu.mx\/index.php\/wp-json\/wp\/v2\/media\/82646"}],"wp:attachment":[{"href":"https:\/\/nitu.mx\/index.php\/wp-json\/wp\/v2\/media?parent=82644"}],"wp:term":[{"taxonomy":"category","embeddable":true,"href":"https:\/\/nitu.mx\/index.php\/wp-json\/wp\/v2\/categories?post=82644"},{"taxonomy":"post_tag","embeddable":true,"href":"https:\/\/nitu.mx\/index.php\/wp-json\/wp\/v2\/tags?post=82644"}],"curies":[{"name":"wp","href":"https:\/\/api.w.org\/{rel}","templated":true}]}}