{"id":82640,"date":"2025-08-05T21:06:04","date_gmt":"2025-08-06T03:06:04","guid":{"rendered":"https:\/\/nitu.mx\/?p=82640"},"modified":"2025-08-05T21:06:06","modified_gmt":"2025-08-06T03:06:06","slug":"festival-internacional-cervantino-veracruz-y-reino-unido-invitados-en-la-edicion-53","status":"publish","type":"post","link":"https:\/\/nitu.mx\/index.php\/2025\/08\/05\/festival-internacional-cervantino-veracruz-y-reino-unido-invitados-en-la-edicion-53\/","title":{"rendered":"Festival Internacional Cervantino: Veracruz y Reino Unido invitados en la edici\u00f3n 53"},"content":{"rendered":"\n<p>El\u00a0 53\u00a0 Festival Internacional Cervantino (FIC)\u00a0se llevar\u00e1 a cabo del 10 al 26 de octubre de 2025 en Guanajuato. Durante 17 d\u00edas se ofrecen 140 funciones que re\u00fanen un total de 3,458 artistas provenientes de 31 pa\u00edses y localidades de M\u00e9xico, as\u00ed como la realizaci\u00f3n del Circuito Cervantino en 12 estados y 22 ciudades de la Rep\u00fablica Mexicana; adem\u00e1s, Veracruz y Reino Unido ser\u00e1n el estado y pa\u00eds invitado, respectivamente.<\/p>\n\n\n\n<p>La edici\u00f3n\u00a02025 rompe con esquemas tradicionales y fortalece el trabajo colectivo, con un consejo de programaci\u00f3n especializado e intergeneracional, formado por Mart\u00edn Bauer, director de festivales internacionales de m\u00fasica contempor\u00e1nea; Luc\u00eda Anaya, programadora de talento emergente; Claudia Lavista, bailarina y core\u00f3grafa; Luis Mario Moncada, creador esc\u00e9nico, y Anette Fradera, productora e investigadora de m\u00fasica tradicional.<\/p>\n\n\n\n<p>La programaci\u00f3n re\u00fane a artistas de vanguardia de talla internacional como Ang\u00e9lica Liddell, Hotel Proforma, la \u00f3pera performance Sun &amp; Sea (ganadora del Le\u00f3n de Oro en la 58\u00aa Bienal de Venecia), Sun Ra Arkestra, Kaoru Watanabe and Bloodlines Interwoven e \u00cdntegro de Per\u00fa, as\u00ed como lo m\u00e1s relevante de la m\u00fasica tradicional mexicana, latinoamericana y africana, y talento para p\u00fablico joven como Nathy Peluso, Los Bitchos y Sonido Gallo Negro, entre otros.&nbsp;<\/p>\n\n\n\n<p>Asimismo, las coproducciones institucionales fortalecen los cuerpos art\u00edsticos nacionales del Instituto Nacional de Bellas Artes y Literatura (INBAL), la Universidad Nacional Aut\u00f3noma de M\u00e9xico (UNAM), la Universidad de Guanajuato y los gobiernos de los estados, ocupando un lugar central en la presente edici\u00f3n.<\/p>\n\n\n\n<p>Regresa la \u00f3pera de Bellas Artes, con una nueva producci\u00f3n de Elektra, de Richard Strauss, bajo la direcci\u00f3n esc\u00e9nica de Mauricio Garc\u00eda Lozano; la Orquesta de C\u00e1mara de Bellas Artes (OCBA) estrena cinco comisiones de mujeres compositoras contempor\u00e1neas: Paulina Monte\u00f3n (M\u00e9xico), Melissa Vargas (Colombia), Estrella Lucero G\u00f3mez (Veracruz), Sonia Rodr\u00edguez (Guanajuato) y Cecilia Pereyra (Argentina). <\/p>\n\n\n\n<p>Participa el Taller Coreogr\u00e1fico de la UNAM y la OCBA con una versi\u00f3n contempor\u00e1nea de Giselle, as\u00ed como la \u00f3pera de c\u00e1mara Breaking the Waves con la participaci\u00f3n de la Orquesta Juvenil Universitaria Eduardo Mata (OJUEM-UNAM) y el Estudio de la \u00d3pera de Bellas Artes (EOBA-INBAL), la Orquesta Sinf\u00f3nica de la Universidad de Guanajuato con Julieta Venegas y la Orquesta Sinf\u00f3nica de Xalapa con Javier Camarena.<\/p>\n\n\n\n<p>Reino Unido, a trav\u00e9s del British Council en colaboraci\u00f3n con la Embajada Brit\u00e1nica en M\u00e9xico, presenta una programaci\u00f3n incluyente y diversa de sus cuatro naciones (Escocia, Gales, Inglaterra e Irlanda del Norte). <\/p>\n\n\n\n<p>Destaca la participaci\u00f3n del ensamble de Sam Eastmond con John Zorn\u00b4s Bagatelles; la London Sinfonietta con un homenaje al compositor mexicano Juli\u00e1n Carrillo a 150 a\u00f1os de su nacimiento, as\u00ed como la interpretaci\u00f3n de obras de Gabriela Ortiz y Silvestre Revueltas; Stellar Quines Theatre Company, que explora la lucha por la liberaci\u00f3n de la comunidad afrodescendiente en Estados Unidos, y Wayne MacGregor con Deepstaria, experiencia sensorial y meditativa de danza y sonido puro que reflexiona sobre nuestra relaci\u00f3n con el vac\u00edo.<\/p>\n\n\n\n<p>En una coproducci\u00f3n del FIC con el pa\u00eds invitado, Reino Unido, se propone una clausura sobresaliente a cargo de Africa Express, que involucra una nueva faceta de Damon Albarn \u2013integrante de Gorillaz y vocalista de la banda brit\u00e1nica Blur\u2013 con la participaci\u00f3n de 60 artistas en escena de Mali, Uganda, Sud\u00e1frica, Rep\u00fablica Democr\u00e1tica del Congo, Burkina Faso, Estados Unidos, Francia, M\u00e9xico y Reino Unido a realizarse el 26 de octubre en la explanada de la Alh\u00f3ndiga de Granaditas. Un cierre que reafirma la vocaci\u00f3n del Festival como un espacio de di\u00e1logo intercultural e intercambio.<\/p>\n\n\n\n<p>Por su parte, el estado de Veracruz ofrece un amplio espectro de su diversidad cultural que da visibilidad al talento y saberes ancestrales de pueblos ind\u00edgenas y afromexicanos, con presentaciones de artistas que exploran expresiones tradicionales, cl\u00e1sicas, experimentales y contempor\u00e1neas como Mono Blanco, Ca\u00f1a Dulce Ca\u00f1a Brava, Paquito Cruz Tr\u00edo, Musas Ensamble de Arpas, Luc\u00eda Guti\u00e9rrez, la Orquesta Sinf\u00f3nica de Xalapa y Javier Camarena, entre otros. <\/p>\n\n\n\n<p>El estado, invitado de honor, ofrece un Fandango Monumental para la inauguraci\u00f3n del pr\u00f3ximo 11 de octubre en la explanada de la Alh\u00f3ndiga de Granaditas.<\/p>\n\n\n\n<p>Asimismo, Guanajuato, el estado anfitri\u00f3n del FIC, se luce con una programaci\u00f3n que fortalece a sus comunidades art\u00edsticas, con un importante acompa\u00f1amiento profesional; vincula a su talento local con reconocidos artistas nacionales e internacionales como la colaboraci\u00f3n de la compa\u00f1\u00eda espa\u00f1ola PerPoc Marionetas y Chula The Clown y la Banda de M\u00fasica del Estado de Guanajuato. <\/p>\n\n\n\n<p>Tambi\u00e9n presenta una amplia propuesta de artes visuales entre las que destacan Diego Rivera y su relaci\u00f3n con Veracruz, Kahlo sin fronteras, Kiyoto Ota y Archivo de la desobediencia, entre otras.<\/p>\n\n\n\n<p>Los boletos est\u00e1n disponibles desde el 4 de agosto de 2025, a trav\u00e9s de Ticketmaster y en las taquillas del Cervantino. Revisa la programaci\u00f3n completa del FIC en\u00a0<a href=\"http:\/\/festivalcervantino.gob.mx\/\">festivalcervantino.gob.mx<\/a>\u00a0<\/p>\n","protected":false},"excerpt":{"rendered":"<p>El\u00a0 53\u00a0 Festival Internacional Cervantino (FIC)\u00a0se llevar\u00e1 a cabo del 10 al 26 de octubre de 2025 en Guanajuato. Durante 17 d\u00edas se ofrecen 140 funciones que re\u00fanen un total de 3,458 artistas provenientes de 31 pa\u00edses y localidades de M\u00e9xico, as\u00ed como la realizaci\u00f3n del Circuito Cervantino en 12 estados y 22 ciudades de [&hellip;]<\/p>\n","protected":false},"author":17,"featured_media":82642,"comment_status":"closed","ping_status":"closed","sticky":false,"template":"","format":"standard","meta":{"footnotes":""},"categories":[5],"tags":[5113,511,78,475],"yoast_head":"<!-- This site is optimized with the Yoast SEO plugin v22.2 - https:\/\/yoast.com\/wordpress\/plugins\/seo\/ -->\n<title>Festival Internacional Cervantino: Veracruz y Reino Unido invitados en la edici\u00f3n 53 - Nitu - Noticias de la Industria Turistica<\/title>\n<meta name=\"robots\" content=\"index, follow, max-snippet:-1, max-image-preview:large, max-video-preview:-1\" \/>\n<link rel=\"canonical\" href=\"https:\/\/nitu.mx\/index.php\/2025\/08\/05\/festival-internacional-cervantino-veracruz-y-reino-unido-invitados-en-la-edicion-53\/\" \/>\n<meta name=\"twitter:card\" content=\"summary_large_image\" \/>\n<meta name=\"twitter:title\" content=\"Festival Internacional Cervantino: Veracruz y Reino Unido invitados en la edici\u00f3n 53 - Nitu - Noticias de la Industria Turistica\" \/>\n<meta name=\"twitter:description\" content=\"El\u00a0 53\u00a0 Festival Internacional Cervantino (FIC)\u00a0se llevar\u00e1 a cabo del 10 al 26 de octubre de 2025 en Guanajuato. Durante 17 d\u00edas se ofrecen 140 funciones que re\u00fanen un total de 3,458 artistas provenientes de 31 pa\u00edses y localidades de M\u00e9xico, as\u00ed como la realizaci\u00f3n del Circuito Cervantino en 12 estados y 22 ciudades de [&hellip;]\" \/>\n<meta name=\"twitter:image\" content=\"https:\/\/nitu.mx\/wp-content\/uploads\/2025\/08\/Festival-Internacional-Cervantino-2025-anuncio.jpg\" \/>\n<meta name=\"twitter:creator\" content=\"@NITUmx\" \/>\n<meta name=\"twitter:site\" content=\"@Arturo_Medina_G\" \/>\n<meta name=\"twitter:label1\" content=\"Escrito por\" \/>\n\t<meta name=\"twitter:data1\" content=\"Redacci\u00f3n\" \/>\n\t<meta name=\"twitter:label2\" content=\"Tiempo de lectura\" \/>\n\t<meta name=\"twitter:data2\" content=\"4 minutos\" \/>\n<script type=\"application\/ld+json\" class=\"yoast-schema-graph\">{\"@context\":\"https:\/\/schema.org\",\"@graph\":[{\"@type\":\"Article\",\"@id\":\"https:\/\/nitu.mx\/index.php\/2025\/08\/05\/festival-internacional-cervantino-veracruz-y-reino-unido-invitados-en-la-edicion-53\/#article\",\"isPartOf\":{\"@id\":\"https:\/\/nitu.mx\/index.php\/2025\/08\/05\/festival-internacional-cervantino-veracruz-y-reino-unido-invitados-en-la-edicion-53\/\"},\"author\":{\"name\":\"Redacci\u00f3n\",\"@id\":\"https:\/\/nitu.mx\/#\/schema\/person\/4a28fe9bd65924f7c90623773daf1b0b\"},\"headline\":\"Festival Internacional Cervantino: Veracruz y Reino Unido invitados en la edici\u00f3n 53\",\"datePublished\":\"2025-08-06T03:06:04+00:00\",\"dateModified\":\"2025-08-06T03:06:06+00:00\",\"mainEntityOfPage\":{\"@id\":\"https:\/\/nitu.mx\/index.php\/2025\/08\/05\/festival-internacional-cervantino-veracruz-y-reino-unido-invitados-en-la-edicion-53\/\"},\"wordCount\":870,\"publisher\":{\"@id\":\"https:\/\/nitu.mx\/#\/schema\/person\/ae7a53426417292d3dd07b45a33e01bc\"},\"image\":{\"@id\":\"https:\/\/nitu.mx\/index.php\/2025\/08\/05\/festival-internacional-cervantino-veracruz-y-reino-unido-invitados-en-la-edicion-53\/#primaryimage\"},\"thumbnailUrl\":\"https:\/\/nitu.mx\/wp-content\/uploads\/2025\/08\/Festival-Internacional-Cervantino-2025-anuncio.jpg\",\"keywords\":[\"Festival internacional cervantino\",\"Guanajuato\",\"Reino Unido\",\"Veracruz\"],\"articleSection\":[\"Destinos\"],\"inLanguage\":\"es-MX\"},{\"@type\":\"WebPage\",\"@id\":\"https:\/\/nitu.mx\/index.php\/2025\/08\/05\/festival-internacional-cervantino-veracruz-y-reino-unido-invitados-en-la-edicion-53\/\",\"url\":\"https:\/\/nitu.mx\/index.php\/2025\/08\/05\/festival-internacional-cervantino-veracruz-y-reino-unido-invitados-en-la-edicion-53\/\",\"name\":\"Festival Internacional Cervantino: Veracruz y Reino Unido invitados en la edici\u00f3n 53 - Nitu - Noticias de la Industria Turistica\",\"isPartOf\":{\"@id\":\"https:\/\/nitu.mx\/#website\"},\"primaryImageOfPage\":{\"@id\":\"https:\/\/nitu.mx\/index.php\/2025\/08\/05\/festival-internacional-cervantino-veracruz-y-reino-unido-invitados-en-la-edicion-53\/#primaryimage\"},\"image\":{\"@id\":\"https:\/\/nitu.mx\/index.php\/2025\/08\/05\/festival-internacional-cervantino-veracruz-y-reino-unido-invitados-en-la-edicion-53\/#primaryimage\"},\"thumbnailUrl\":\"https:\/\/nitu.mx\/wp-content\/uploads\/2025\/08\/Festival-Internacional-Cervantino-2025-anuncio.jpg\",\"datePublished\":\"2025-08-06T03:06:04+00:00\",\"dateModified\":\"2025-08-06T03:06:06+00:00\",\"breadcrumb\":{\"@id\":\"https:\/\/nitu.mx\/index.php\/2025\/08\/05\/festival-internacional-cervantino-veracruz-y-reino-unido-invitados-en-la-edicion-53\/#breadcrumb\"},\"inLanguage\":\"es-MX\",\"potentialAction\":[{\"@type\":\"ReadAction\",\"target\":[\"https:\/\/nitu.mx\/index.php\/2025\/08\/05\/festival-internacional-cervantino-veracruz-y-reino-unido-invitados-en-la-edicion-53\/\"]}]},{\"@type\":\"ImageObject\",\"inLanguage\":\"es-MX\",\"@id\":\"https:\/\/nitu.mx\/index.php\/2025\/08\/05\/festival-internacional-cervantino-veracruz-y-reino-unido-invitados-en-la-edicion-53\/#primaryimage\",\"url\":\"https:\/\/nitu.mx\/wp-content\/uploads\/2025\/08\/Festival-Internacional-Cervantino-2025-anuncio.jpg\",\"contentUrl\":\"https:\/\/nitu.mx\/wp-content\/uploads\/2025\/08\/Festival-Internacional-Cervantino-2025-anuncio.jpg\",\"width\":1200,\"height\":675,\"caption\":\"Festival Internacional Cervantino 2025 anuncio\"},{\"@type\":\"BreadcrumbList\",\"@id\":\"https:\/\/nitu.mx\/index.php\/2025\/08\/05\/festival-internacional-cervantino-veracruz-y-reino-unido-invitados-en-la-edicion-53\/#breadcrumb\",\"itemListElement\":[{\"@type\":\"ListItem\",\"position\":1,\"name\":\"Inicio\",\"item\":\"https:\/\/nitu.mx\/\"},{\"@type\":\"ListItem\",\"position\":2,\"name\":\"Festival Internacional Cervantino: Veracruz y Reino Unido invitados en la edici\u00f3n 53\"}]},{\"@type\":\"WebSite\",\"@id\":\"https:\/\/nitu.mx\/#website\",\"url\":\"https:\/\/nitu.mx\/\",\"name\":\"Nitu - Noticias de la Industria Turistica\",\"description\":\"Noticias de la Industria Turistica\",\"publisher\":{\"@id\":\"https:\/\/nitu.mx\/#\/schema\/person\/ae7a53426417292d3dd07b45a33e01bc\"},\"alternateName\":\"Noticias de la Industria Turistica\",\"potentialAction\":[{\"@type\":\"SearchAction\",\"target\":{\"@type\":\"EntryPoint\",\"urlTemplate\":\"https:\/\/nitu.mx\/?s={search_term_string}\"},\"query-input\":\"required name=search_term_string\"}],\"inLanguage\":\"es-MX\"},{\"@type\":[\"Person\",\"Organization\"],\"@id\":\"https:\/\/nitu.mx\/#\/schema\/person\/ae7a53426417292d3dd07b45a33e01bc\",\"name\":\"Arturo Medina\",\"image\":{\"@type\":\"ImageObject\",\"inLanguage\":\"es-MX\",\"@id\":\"https:\/\/nitu.mx\/#\/schema\/person\/image\/\",\"url\":\"https:\/\/nitu.mx\/wp-content\/uploads\/2024\/04\/4A315622-1904-4D5C-B022-878CDC840E04-90x90-1.jpeg\",\"contentUrl\":\"https:\/\/nitu.mx\/wp-content\/uploads\/2024\/04\/4A315622-1904-4D5C-B022-878CDC840E04-90x90-1.jpeg\",\"width\":90,\"height\":90,\"caption\":\"Arturo Medina\"},\"logo\":{\"@id\":\"https:\/\/nitu.mx\/#\/schema\/person\/image\/\"},\"description\":\"Director NITU.mx, Egresado de la Escuela de Periodismo Carlos Septi\u00e9n Garc\u00eda. Periodista y analista especializado en turismo desde hace 35 a\u00f1os, radicado en Canc\u00fan Q.Roo. arturo@nitu.mx\",\"sameAs\":[\"https:\/\/nitu.mx\",\"https:\/\/www.facebook.com\/NITUmx\/\",\"medinacancun\",\"https:\/\/twitter.com\/@Arturo_Medina_G\"]},{\"@type\":\"Person\",\"@id\":\"https:\/\/nitu.mx\/#\/schema\/person\/4a28fe9bd65924f7c90623773daf1b0b\",\"name\":\"Redacci\u00f3n\",\"image\":{\"@type\":\"ImageObject\",\"inLanguage\":\"es-MX\",\"@id\":\"https:\/\/nitu.mx\/#\/schema\/person\/image\/\",\"url\":\"https:\/\/secure.gravatar.com\/avatar\/5dd011c8ccfc5cd7e4c81e42252aab38?s=96&d=mm&r=g\",\"contentUrl\":\"https:\/\/secure.gravatar.com\/avatar\/5dd011c8ccfc5cd7e4c81e42252aab38?s=96&d=mm&r=g\",\"caption\":\"Redacci\u00f3n\"},\"url\":\"https:\/\/nitu.mx\/index.php\/author\/redaccion\/\"}]}<\/script>\n<!-- \/ Yoast SEO plugin. -->","yoast_head_json":{"title":"Festival Internacional Cervantino: Veracruz y Reino Unido invitados en la edici\u00f3n 53 - Nitu - Noticias de la Industria Turistica","robots":{"index":"index","follow":"follow","max-snippet":"max-snippet:-1","max-image-preview":"max-image-preview:large","max-video-preview":"max-video-preview:-1"},"canonical":"https:\/\/nitu.mx\/index.php\/2025\/08\/05\/festival-internacional-cervantino-veracruz-y-reino-unido-invitados-en-la-edicion-53\/","twitter_card":"summary_large_image","twitter_title":"Festival Internacional Cervantino: Veracruz y Reino Unido invitados en la edici\u00f3n 53 - Nitu - Noticias de la Industria Turistica","twitter_description":"El\u00a0 53\u00a0 Festival Internacional Cervantino (FIC)\u00a0se llevar\u00e1 a cabo del 10 al 26 de octubre de 2025 en Guanajuato. Durante 17 d\u00edas se ofrecen 140 funciones que re\u00fanen un total de 3,458 artistas provenientes de 31 pa\u00edses y localidades de M\u00e9xico, as\u00ed como la realizaci\u00f3n del Circuito Cervantino en 12 estados y 22 ciudades de [&hellip;]","twitter_image":"https:\/\/nitu.mx\/wp-content\/uploads\/2025\/08\/Festival-Internacional-Cervantino-2025-anuncio.jpg","twitter_creator":"@NITUmx","twitter_site":"@Arturo_Medina_G","twitter_misc":{"Escrito por":"Redacci\u00f3n","Tiempo de lectura":"4 minutos"},"schema":{"@context":"https:\/\/schema.org","@graph":[{"@type":"Article","@id":"https:\/\/nitu.mx\/index.php\/2025\/08\/05\/festival-internacional-cervantino-veracruz-y-reino-unido-invitados-en-la-edicion-53\/#article","isPartOf":{"@id":"https:\/\/nitu.mx\/index.php\/2025\/08\/05\/festival-internacional-cervantino-veracruz-y-reino-unido-invitados-en-la-edicion-53\/"},"author":{"name":"Redacci\u00f3n","@id":"https:\/\/nitu.mx\/#\/schema\/person\/4a28fe9bd65924f7c90623773daf1b0b"},"headline":"Festival Internacional Cervantino: Veracruz y Reino Unido invitados en la edici\u00f3n 53","datePublished":"2025-08-06T03:06:04+00:00","dateModified":"2025-08-06T03:06:06+00:00","mainEntityOfPage":{"@id":"https:\/\/nitu.mx\/index.php\/2025\/08\/05\/festival-internacional-cervantino-veracruz-y-reino-unido-invitados-en-la-edicion-53\/"},"wordCount":870,"publisher":{"@id":"https:\/\/nitu.mx\/#\/schema\/person\/ae7a53426417292d3dd07b45a33e01bc"},"image":{"@id":"https:\/\/nitu.mx\/index.php\/2025\/08\/05\/festival-internacional-cervantino-veracruz-y-reino-unido-invitados-en-la-edicion-53\/#primaryimage"},"thumbnailUrl":"https:\/\/nitu.mx\/wp-content\/uploads\/2025\/08\/Festival-Internacional-Cervantino-2025-anuncio.jpg","keywords":["Festival internacional cervantino","Guanajuato","Reino Unido","Veracruz"],"articleSection":["Destinos"],"inLanguage":"es-MX"},{"@type":"WebPage","@id":"https:\/\/nitu.mx\/index.php\/2025\/08\/05\/festival-internacional-cervantino-veracruz-y-reino-unido-invitados-en-la-edicion-53\/","url":"https:\/\/nitu.mx\/index.php\/2025\/08\/05\/festival-internacional-cervantino-veracruz-y-reino-unido-invitados-en-la-edicion-53\/","name":"Festival Internacional Cervantino: Veracruz y Reino Unido invitados en la edici\u00f3n 53 - Nitu - Noticias de la Industria Turistica","isPartOf":{"@id":"https:\/\/nitu.mx\/#website"},"primaryImageOfPage":{"@id":"https:\/\/nitu.mx\/index.php\/2025\/08\/05\/festival-internacional-cervantino-veracruz-y-reino-unido-invitados-en-la-edicion-53\/#primaryimage"},"image":{"@id":"https:\/\/nitu.mx\/index.php\/2025\/08\/05\/festival-internacional-cervantino-veracruz-y-reino-unido-invitados-en-la-edicion-53\/#primaryimage"},"thumbnailUrl":"https:\/\/nitu.mx\/wp-content\/uploads\/2025\/08\/Festival-Internacional-Cervantino-2025-anuncio.jpg","datePublished":"2025-08-06T03:06:04+00:00","dateModified":"2025-08-06T03:06:06+00:00","breadcrumb":{"@id":"https:\/\/nitu.mx\/index.php\/2025\/08\/05\/festival-internacional-cervantino-veracruz-y-reino-unido-invitados-en-la-edicion-53\/#breadcrumb"},"inLanguage":"es-MX","potentialAction":[{"@type":"ReadAction","target":["https:\/\/nitu.mx\/index.php\/2025\/08\/05\/festival-internacional-cervantino-veracruz-y-reino-unido-invitados-en-la-edicion-53\/"]}]},{"@type":"ImageObject","inLanguage":"es-MX","@id":"https:\/\/nitu.mx\/index.php\/2025\/08\/05\/festival-internacional-cervantino-veracruz-y-reino-unido-invitados-en-la-edicion-53\/#primaryimage","url":"https:\/\/nitu.mx\/wp-content\/uploads\/2025\/08\/Festival-Internacional-Cervantino-2025-anuncio.jpg","contentUrl":"https:\/\/nitu.mx\/wp-content\/uploads\/2025\/08\/Festival-Internacional-Cervantino-2025-anuncio.jpg","width":1200,"height":675,"caption":"Festival Internacional Cervantino 2025 anuncio"},{"@type":"BreadcrumbList","@id":"https:\/\/nitu.mx\/index.php\/2025\/08\/05\/festival-internacional-cervantino-veracruz-y-reino-unido-invitados-en-la-edicion-53\/#breadcrumb","itemListElement":[{"@type":"ListItem","position":1,"name":"Inicio","item":"https:\/\/nitu.mx\/"},{"@type":"ListItem","position":2,"name":"Festival Internacional Cervantino: Veracruz y Reino Unido invitados en la edici\u00f3n 53"}]},{"@type":"WebSite","@id":"https:\/\/nitu.mx\/#website","url":"https:\/\/nitu.mx\/","name":"Nitu - Noticias de la Industria Turistica","description":"Noticias de la Industria Turistica","publisher":{"@id":"https:\/\/nitu.mx\/#\/schema\/person\/ae7a53426417292d3dd07b45a33e01bc"},"alternateName":"Noticias de la Industria Turistica","potentialAction":[{"@type":"SearchAction","target":{"@type":"EntryPoint","urlTemplate":"https:\/\/nitu.mx\/?s={search_term_string}"},"query-input":"required name=search_term_string"}],"inLanguage":"es-MX"},{"@type":["Person","Organization"],"@id":"https:\/\/nitu.mx\/#\/schema\/person\/ae7a53426417292d3dd07b45a33e01bc","name":"Arturo Medina","image":{"@type":"ImageObject","inLanguage":"es-MX","@id":"https:\/\/nitu.mx\/#\/schema\/person\/image\/","url":"https:\/\/nitu.mx\/wp-content\/uploads\/2024\/04\/4A315622-1904-4D5C-B022-878CDC840E04-90x90-1.jpeg","contentUrl":"https:\/\/nitu.mx\/wp-content\/uploads\/2024\/04\/4A315622-1904-4D5C-B022-878CDC840E04-90x90-1.jpeg","width":90,"height":90,"caption":"Arturo Medina"},"logo":{"@id":"https:\/\/nitu.mx\/#\/schema\/person\/image\/"},"description":"Director NITU.mx, Egresado de la Escuela de Periodismo Carlos Septi\u00e9n Garc\u00eda. Periodista y analista especializado en turismo desde hace 35 a\u00f1os, radicado en Canc\u00fan Q.Roo. arturo@nitu.mx","sameAs":["https:\/\/nitu.mx","https:\/\/www.facebook.com\/NITUmx\/","medinacancun","https:\/\/twitter.com\/@Arturo_Medina_G"]},{"@type":"Person","@id":"https:\/\/nitu.mx\/#\/schema\/person\/4a28fe9bd65924f7c90623773daf1b0b","name":"Redacci\u00f3n","image":{"@type":"ImageObject","inLanguage":"es-MX","@id":"https:\/\/nitu.mx\/#\/schema\/person\/image\/","url":"https:\/\/secure.gravatar.com\/avatar\/5dd011c8ccfc5cd7e4c81e42252aab38?s=96&d=mm&r=g","contentUrl":"https:\/\/secure.gravatar.com\/avatar\/5dd011c8ccfc5cd7e4c81e42252aab38?s=96&d=mm&r=g","caption":"Redacci\u00f3n"},"url":"https:\/\/nitu.mx\/index.php\/author\/redaccion\/"}]}},"views":542,"_links":{"self":[{"href":"https:\/\/nitu.mx\/index.php\/wp-json\/wp\/v2\/posts\/82640"}],"collection":[{"href":"https:\/\/nitu.mx\/index.php\/wp-json\/wp\/v2\/posts"}],"about":[{"href":"https:\/\/nitu.mx\/index.php\/wp-json\/wp\/v2\/types\/post"}],"author":[{"embeddable":true,"href":"https:\/\/nitu.mx\/index.php\/wp-json\/wp\/v2\/users\/17"}],"replies":[{"embeddable":true,"href":"https:\/\/nitu.mx\/index.php\/wp-json\/wp\/v2\/comments?post=82640"}],"version-history":[{"count":1,"href":"https:\/\/nitu.mx\/index.php\/wp-json\/wp\/v2\/posts\/82640\/revisions"}],"predecessor-version":[{"id":82643,"href":"https:\/\/nitu.mx\/index.php\/wp-json\/wp\/v2\/posts\/82640\/revisions\/82643"}],"wp:featuredmedia":[{"embeddable":true,"href":"https:\/\/nitu.mx\/index.php\/wp-json\/wp\/v2\/media\/82642"}],"wp:attachment":[{"href":"https:\/\/nitu.mx\/index.php\/wp-json\/wp\/v2\/media?parent=82640"}],"wp:term":[{"taxonomy":"category","embeddable":true,"href":"https:\/\/nitu.mx\/index.php\/wp-json\/wp\/v2\/categories?post=82640"},{"taxonomy":"post_tag","embeddable":true,"href":"https:\/\/nitu.mx\/index.php\/wp-json\/wp\/v2\/tags?post=82640"}],"curies":[{"name":"wp","href":"https:\/\/api.w.org\/{rel}","templated":true}]}}