{"id":82636,"date":"2025-08-05T20:32:11","date_gmt":"2025-08-06T02:32:11","guid":{"rendered":"https:\/\/nitu.mx\/?p=82636"},"modified":"2025-08-05T20:32:11","modified_gmt":"2025-08-06T02:32:11","slug":"tlaxcala-la-feria-de-ferias-2025-espera-800-mil-asistentes-y-160-mdp","status":"publish","type":"post","link":"https:\/\/nitu.mx\/index.php\/2025\/08\/05\/tlaxcala-la-feria-de-ferias-2025-espera-800-mil-asistentes-y-160-mdp\/","title":{"rendered":"&#8220;Tlaxcala, la Feria de Ferias 2025&#8221; espera 800 mil asistentes y 160 MDP"},"content":{"rendered":"\n<p>La secretaria de Turismo federal, Josefina Rodr\u00edguez Zamora, y la gobernadora de Tlaxcala, Lorena Cu\u00e9llar Cisneros, presentaron la cartelera oficial de\u00a0&#8220;Tlaxcala, la Feria de Ferias 2025&#8221;, que se llevar\u00e1 a cabo del jueves 23 de octubre al lunes 17 de noviembre de 2025.<\/p>\n\n\n\n<p>\u201cLa Feria de Tlaxcala s\u00ed existe, y es un imperdible. Est\u00e1 catalogada como una de las mejores de M\u00e9xico porque resguarda la esencia de la cultura de nuestro pa\u00eds. Aqu\u00ed, podr\u00e1n vivir folclore, gastronom\u00eda y tradiciones durante casi un mes completo\u201d, se\u00f1al\u00f3 la titular de la Sectur.<\/p>\n\n\n\n<p>Con una programaci\u00f3n que incluye actividades culturales, gastron\u00f3micas, recreativas, deportivas y comerciales,\u00a0&#8220;Tlaxcala, la Feria de Ferias 2025&#8221;\u00a0se consolida como una de las cinco mejores ferias del pa\u00eds. De acuerdo con estimaciones del Patronato de la Feria, se prev\u00e9 una derrama econ\u00f3mica superior a los 160 millones de pesos (mdp), el beneficio de m\u00e1s de 500 expositores y la generaci\u00f3n de m\u00e1s de 3 mil empleos indirectos.<\/p>\n\n\n\n<p>Asimismo, el 96 por ciento de las actividades ser\u00e1n gratuitas, con el objetivo de garantizar que los m\u00e1s de 800 mil asistentes disfruten de esta gran celebraci\u00f3n, que enaltece la tradici\u00f3n, la gastronom\u00eda, la historia y el orgullo de Tlaxcala.<\/p>\n\n\n\n<p>Rodr\u00edguez Zamora destac\u00f3 que esta feria integra a los 60 municipios del estado en un solo espacio que da vida a tradiciones \u00fanicas, como los festivales del mole, del taco de canasta y del pulque.<\/p>\n\n\n\n<p>Hizo un llamado a las y los turistas para aprovechar la conectividad y ubicaci\u00f3n estrat\u00e9gica de Tlaxcala, ubicada a tan solo dos horas y media de la Ciudad de M\u00e9xico, para planear una visita y descubrir su riqueza cultural, arquitect\u00f3nica y natural.<\/p>\n\n\n\n<p>\u201cEsta feria no solo fortalece sus tradiciones, sino que genera empleo, promueve la econom\u00eda local y proyecta al estado a nivel nacional e internacional\u201d, coment\u00f3.<\/p>\n\n\n\n<p>A\u00f1adi\u00f3 que eventos como esta feria fortalecen la tendencia positiva en materia tur\u00edstica, impulsan el turismo comunitario y contribuyen a la derrama econ\u00f3mica en el estado.<\/p>\n\n\n\n<p>Por su parte, la gobernadora de Tlaxcala, Lorena Cu\u00e9llar Cisneros, subray\u00f3 que esta celebraci\u00f3n, una de las m\u00e1s antiguas y familiares del pa\u00eds, combina historia, cultura, tradici\u00f3n y seguridad en un entorno propicio para la convivencia.<\/p>\n\n\n\n<p>Reconoci\u00f3 de manera especial la labor de la secretaria Josefina Rodr\u00edguez Zamora por su dedicaci\u00f3n y compromiso en la promoci\u00f3n de Tlaxcala a nivel nacional e internacional, tanto en su anterior encargo como secretaria estatal de Turismo y ahora desde la administraci\u00f3n federal encabezada por la presidenta\u00a0Claudia Sheinbaum Pardo.<\/p>\n\n\n\n<p>Entre los eventos m\u00e1s esperados de la feria, se encuentran el tradicional Festival del Pulque, el Festival del Ma\u00edz, el Festival del Mole y el Festival de Paellas. Adem\u00e1s, se presentar\u00e1n espect\u00e1culos de talla internacional, como&nbsp;<em>Las Vegas Magic Show<\/em>, y artistas como Emmanuel, Raymix, Matisse, Pepe Aguilar, El Gran Silencio, Natalia Jim\u00e9nez, Juli\u00f3n \u00c1lvarez, Conjunto Primavera y Gloria Trevi, entre otros.<\/p>\n\n\n\n<p>El costo de entrada general ser\u00e1 de 10 pesos. La entrada ser\u00e1 gratuita para ni\u00f1as y ni\u00f1os con una estatura menor a 1.20 metros, as\u00ed como para personas adultas mayores con credencial del INAPAM. Entre las promociones destacan los juegos mec\u00e1nicos grandes al 2&#215;1 los d\u00edas mi\u00e9rcoles, y juegos infantiles gratuitos para escuelas que agenden su visita con el Patronato, los lunes y martes de 11:00 a 13:00 horas.<\/p>\n\n\n\n<p>Como parte del compromiso con el desarrollo econ\u00f3mico local y la preservaci\u00f3n de las tradiciones, se otorgar\u00e1n 120 espacios gratuitos para artesanas y artesanos, gestionados a trav\u00e9s de la Casa de las Artesan\u00edas de Tlaxcala, con el fin de que los talentos locales puedan exhibir y comercializar sus productos ante miles de visitantes.<\/p>\n\n\n\n<p>En el evento estuvieron presentes el secretario de Turismo de Tlaxcala, Fabricio Mena Rodr\u00edguez; el presidente municipal de Tlaxcala, Alfonso S\u00e1nchez Garc\u00eda; el presidente municipal de Totolac, Benjam\u00edn Atonal Conde y la presidenta ejecutiva del Patronato de la Feria, Rosa Elena Nava Garc\u00eda M\u00e9ndez. (<a href=\"https:\/\/nitu.mx\/index.php\/2024\/07\/02\/tlaxcala-detonara-el-turismo-internacional-con-el-open-tennis-tour-2024\/\">Tlaxcala detonar\u00e1 el turismo internacional con el Open Tennis Tour 2024<\/a>).<\/p>\n","protected":false},"excerpt":{"rendered":"<p>La secretaria de Turismo federal, Josefina Rodr\u00edguez Zamora, y la gobernadora de Tlaxcala, Lorena Cu\u00e9llar Cisneros, presentaron la cartelera oficial de\u00a0&#8220;Tlaxcala, la Feria de Ferias 2025&#8221;, que se llevar\u00e1 a cabo del jueves 23 de octubre al lunes 17 de noviembre de 2025. \u201cLa Feria de Tlaxcala s\u00ed existe, y es un imperdible. Est\u00e1 catalogada [&hellip;]<\/p>\n","protected":false},"author":17,"featured_media":82638,"comment_status":"closed","ping_status":"closed","sticky":false,"template":"","format":"standard","meta":{"footnotes":""},"categories":[5],"tags":[27590,25659,25338,93,4996],"yoast_head":"<!-- This site is optimized with the Yoast SEO plugin v22.2 - https:\/\/yoast.com\/wordpress\/plugins\/seo\/ -->\n<title>&quot;Tlaxcala, la Feria de Ferias 2025&quot; espera 800 mil asistentes y 160 MDP - Nitu - Noticias de la Industria Turistica<\/title>\n<meta name=\"robots\" content=\"index, follow, max-snippet:-1, max-image-preview:large, max-video-preview:-1\" \/>\n<link rel=\"canonical\" href=\"https:\/\/nitu.mx\/index.php\/2025\/08\/05\/tlaxcala-la-feria-de-ferias-2025-espera-800-mil-asistentes-y-160-mdp\/\" \/>\n<meta name=\"twitter:card\" content=\"summary_large_image\" \/>\n<meta name=\"twitter:title\" content=\"&quot;Tlaxcala, la Feria de Ferias 2025&quot; espera 800 mil asistentes y 160 MDP - Nitu - Noticias de la Industria Turistica\" \/>\n<meta name=\"twitter:description\" content=\"La secretaria de Turismo federal, Josefina Rodr\u00edguez Zamora, y la gobernadora de Tlaxcala, Lorena Cu\u00e9llar Cisneros, presentaron la cartelera oficial de\u00a0&#8220;Tlaxcala, la Feria de Ferias 2025&#8221;, que se llevar\u00e1 a cabo del jueves 23 de octubre al lunes 17 de noviembre de 2025. \u201cLa Feria de Tlaxcala s\u00ed existe, y es un imperdible. Est\u00e1 catalogada [&hellip;]\" \/>\n<meta name=\"twitter:image\" content=\"https:\/\/nitu.mx\/wp-content\/uploads\/2025\/08\/Tlaxcala-la-feria-de-ferias-2025-anuncio.jpg\" \/>\n<meta name=\"twitter:creator\" content=\"@NITUmx\" \/>\n<meta name=\"twitter:site\" content=\"@Arturo_Medina_G\" \/>\n<meta name=\"twitter:label1\" content=\"Escrito por\" \/>\n\t<meta name=\"twitter:data1\" content=\"Redacci\u00f3n\" \/>\n\t<meta name=\"twitter:label2\" content=\"Tiempo de lectura\" \/>\n\t<meta name=\"twitter:data2\" content=\"3 minutos\" \/>\n<script type=\"application\/ld+json\" class=\"yoast-schema-graph\">{\"@context\":\"https:\/\/schema.org\",\"@graph\":[{\"@type\":\"Article\",\"@id\":\"https:\/\/nitu.mx\/index.php\/2025\/08\/05\/tlaxcala-la-feria-de-ferias-2025-espera-800-mil-asistentes-y-160-mdp\/#article\",\"isPartOf\":{\"@id\":\"https:\/\/nitu.mx\/index.php\/2025\/08\/05\/tlaxcala-la-feria-de-ferias-2025-espera-800-mil-asistentes-y-160-mdp\/\"},\"author\":{\"name\":\"Redacci\u00f3n\",\"@id\":\"https:\/\/nitu.mx\/#\/schema\/person\/4a28fe9bd65924f7c90623773daf1b0b\"},\"headline\":\"&#8220;Tlaxcala, la Feria de Ferias 2025&#8221; espera 800 mil asistentes y 160 MDP\",\"datePublished\":\"2025-08-06T02:32:11+00:00\",\"dateModified\":\"2025-08-06T02:32:11+00:00\",\"mainEntityOfPage\":{\"@id\":\"https:\/\/nitu.mx\/index.php\/2025\/08\/05\/tlaxcala-la-feria-de-ferias-2025-espera-800-mil-asistentes-y-160-mdp\/\"},\"wordCount\":706,\"publisher\":{\"@id\":\"https:\/\/nitu.mx\/#\/schema\/person\/ae7a53426417292d3dd07b45a33e01bc\"},\"image\":{\"@id\":\"https:\/\/nitu.mx\/index.php\/2025\/08\/05\/tlaxcala-la-feria-de-ferias-2025-espera-800-mil-asistentes-y-160-mdp\/#primaryimage\"},\"thumbnailUrl\":\"https:\/\/nitu.mx\/wp-content\/uploads\/2025\/08\/Tlaxcala-la-feria-de-ferias-2025-anuncio.jpg\",\"keywords\":[\"Feria de Ferias\",\"Josefina Rodr\u00edguez\",\"Lorena Cu\u00e9llar\",\"Sectur\",\"Tlaxcala\"],\"articleSection\":[\"Destinos\"],\"inLanguage\":\"es-MX\"},{\"@type\":\"WebPage\",\"@id\":\"https:\/\/nitu.mx\/index.php\/2025\/08\/05\/tlaxcala-la-feria-de-ferias-2025-espera-800-mil-asistentes-y-160-mdp\/\",\"url\":\"https:\/\/nitu.mx\/index.php\/2025\/08\/05\/tlaxcala-la-feria-de-ferias-2025-espera-800-mil-asistentes-y-160-mdp\/\",\"name\":\"\\\"Tlaxcala, la Feria de Ferias 2025\\\" espera 800 mil asistentes y 160 MDP - Nitu - Noticias de la Industria Turistica\",\"isPartOf\":{\"@id\":\"https:\/\/nitu.mx\/#website\"},\"primaryImageOfPage\":{\"@id\":\"https:\/\/nitu.mx\/index.php\/2025\/08\/05\/tlaxcala-la-feria-de-ferias-2025-espera-800-mil-asistentes-y-160-mdp\/#primaryimage\"},\"image\":{\"@id\":\"https:\/\/nitu.mx\/index.php\/2025\/08\/05\/tlaxcala-la-feria-de-ferias-2025-espera-800-mil-asistentes-y-160-mdp\/#primaryimage\"},\"thumbnailUrl\":\"https:\/\/nitu.mx\/wp-content\/uploads\/2025\/08\/Tlaxcala-la-feria-de-ferias-2025-anuncio.jpg\",\"datePublished\":\"2025-08-06T02:32:11+00:00\",\"dateModified\":\"2025-08-06T02:32:11+00:00\",\"breadcrumb\":{\"@id\":\"https:\/\/nitu.mx\/index.php\/2025\/08\/05\/tlaxcala-la-feria-de-ferias-2025-espera-800-mil-asistentes-y-160-mdp\/#breadcrumb\"},\"inLanguage\":\"es-MX\",\"potentialAction\":[{\"@type\":\"ReadAction\",\"target\":[\"https:\/\/nitu.mx\/index.php\/2025\/08\/05\/tlaxcala-la-feria-de-ferias-2025-espera-800-mil-asistentes-y-160-mdp\/\"]}]},{\"@type\":\"ImageObject\",\"inLanguage\":\"es-MX\",\"@id\":\"https:\/\/nitu.mx\/index.php\/2025\/08\/05\/tlaxcala-la-feria-de-ferias-2025-espera-800-mil-asistentes-y-160-mdp\/#primaryimage\",\"url\":\"https:\/\/nitu.mx\/wp-content\/uploads\/2025\/08\/Tlaxcala-la-feria-de-ferias-2025-anuncio.jpg\",\"contentUrl\":\"https:\/\/nitu.mx\/wp-content\/uploads\/2025\/08\/Tlaxcala-la-feria-de-ferias-2025-anuncio.jpg\",\"width\":1200,\"height\":675,\"caption\":\"Tlaxcala la feria de ferias 2025 anuncio\"},{\"@type\":\"BreadcrumbList\",\"@id\":\"https:\/\/nitu.mx\/index.php\/2025\/08\/05\/tlaxcala-la-feria-de-ferias-2025-espera-800-mil-asistentes-y-160-mdp\/#breadcrumb\",\"itemListElement\":[{\"@type\":\"ListItem\",\"position\":1,\"name\":\"Inicio\",\"item\":\"https:\/\/nitu.mx\/\"},{\"@type\":\"ListItem\",\"position\":2,\"name\":\"&#8220;Tlaxcala, la Feria de Ferias 2025&#8221; espera 800 mil asistentes y 160 MDP\"}]},{\"@type\":\"WebSite\",\"@id\":\"https:\/\/nitu.mx\/#website\",\"url\":\"https:\/\/nitu.mx\/\",\"name\":\"Nitu - Noticias de la Industria Turistica\",\"description\":\"Noticias de la Industria Turistica\",\"publisher\":{\"@id\":\"https:\/\/nitu.mx\/#\/schema\/person\/ae7a53426417292d3dd07b45a33e01bc\"},\"alternateName\":\"Noticias de la Industria Turistica\",\"potentialAction\":[{\"@type\":\"SearchAction\",\"target\":{\"@type\":\"EntryPoint\",\"urlTemplate\":\"https:\/\/nitu.mx\/?s={search_term_string}\"},\"query-input\":\"required name=search_term_string\"}],\"inLanguage\":\"es-MX\"},{\"@type\":[\"Person\",\"Organization\"],\"@id\":\"https:\/\/nitu.mx\/#\/schema\/person\/ae7a53426417292d3dd07b45a33e01bc\",\"name\":\"Arturo Medina\",\"image\":{\"@type\":\"ImageObject\",\"inLanguage\":\"es-MX\",\"@id\":\"https:\/\/nitu.mx\/#\/schema\/person\/image\/\",\"url\":\"https:\/\/nitu.mx\/wp-content\/uploads\/2024\/04\/4A315622-1904-4D5C-B022-878CDC840E04-90x90-1.jpeg\",\"contentUrl\":\"https:\/\/nitu.mx\/wp-content\/uploads\/2024\/04\/4A315622-1904-4D5C-B022-878CDC840E04-90x90-1.jpeg\",\"width\":90,\"height\":90,\"caption\":\"Arturo Medina\"},\"logo\":{\"@id\":\"https:\/\/nitu.mx\/#\/schema\/person\/image\/\"},\"description\":\"Director NITU.mx, Egresado de la Escuela de Periodismo Carlos Septi\u00e9n Garc\u00eda. Periodista y analista especializado en turismo desde hace 35 a\u00f1os, radicado en Canc\u00fan Q.Roo. arturo@nitu.mx\",\"sameAs\":[\"https:\/\/nitu.mx\",\"https:\/\/www.facebook.com\/NITUmx\/\",\"medinacancun\",\"https:\/\/twitter.com\/@Arturo_Medina_G\"]},{\"@type\":\"Person\",\"@id\":\"https:\/\/nitu.mx\/#\/schema\/person\/4a28fe9bd65924f7c90623773daf1b0b\",\"name\":\"Redacci\u00f3n\",\"image\":{\"@type\":\"ImageObject\",\"inLanguage\":\"es-MX\",\"@id\":\"https:\/\/nitu.mx\/#\/schema\/person\/image\/\",\"url\":\"https:\/\/secure.gravatar.com\/avatar\/5dd011c8ccfc5cd7e4c81e42252aab38?s=96&d=mm&r=g\",\"contentUrl\":\"https:\/\/secure.gravatar.com\/avatar\/5dd011c8ccfc5cd7e4c81e42252aab38?s=96&d=mm&r=g\",\"caption\":\"Redacci\u00f3n\"},\"url\":\"https:\/\/nitu.mx\/index.php\/author\/redaccion\/\"}]}<\/script>\n<!-- \/ Yoast SEO plugin. -->","yoast_head_json":{"title":"\"Tlaxcala, la Feria de Ferias 2025\" espera 800 mil asistentes y 160 MDP - Nitu - Noticias de la Industria Turistica","robots":{"index":"index","follow":"follow","max-snippet":"max-snippet:-1","max-image-preview":"max-image-preview:large","max-video-preview":"max-video-preview:-1"},"canonical":"https:\/\/nitu.mx\/index.php\/2025\/08\/05\/tlaxcala-la-feria-de-ferias-2025-espera-800-mil-asistentes-y-160-mdp\/","twitter_card":"summary_large_image","twitter_title":"\"Tlaxcala, la Feria de Ferias 2025\" espera 800 mil asistentes y 160 MDP - Nitu - Noticias de la Industria Turistica","twitter_description":"La secretaria de Turismo federal, Josefina Rodr\u00edguez Zamora, y la gobernadora de Tlaxcala, Lorena Cu\u00e9llar Cisneros, presentaron la cartelera oficial de\u00a0&#8220;Tlaxcala, la Feria de Ferias 2025&#8221;, que se llevar\u00e1 a cabo del jueves 23 de octubre al lunes 17 de noviembre de 2025. \u201cLa Feria de Tlaxcala s\u00ed existe, y es un imperdible. Est\u00e1 catalogada [&hellip;]","twitter_image":"https:\/\/nitu.mx\/wp-content\/uploads\/2025\/08\/Tlaxcala-la-feria-de-ferias-2025-anuncio.jpg","twitter_creator":"@NITUmx","twitter_site":"@Arturo_Medina_G","twitter_misc":{"Escrito por":"Redacci\u00f3n","Tiempo de lectura":"3 minutos"},"schema":{"@context":"https:\/\/schema.org","@graph":[{"@type":"Article","@id":"https:\/\/nitu.mx\/index.php\/2025\/08\/05\/tlaxcala-la-feria-de-ferias-2025-espera-800-mil-asistentes-y-160-mdp\/#article","isPartOf":{"@id":"https:\/\/nitu.mx\/index.php\/2025\/08\/05\/tlaxcala-la-feria-de-ferias-2025-espera-800-mil-asistentes-y-160-mdp\/"},"author":{"name":"Redacci\u00f3n","@id":"https:\/\/nitu.mx\/#\/schema\/person\/4a28fe9bd65924f7c90623773daf1b0b"},"headline":"&#8220;Tlaxcala, la Feria de Ferias 2025&#8221; espera 800 mil asistentes y 160 MDP","datePublished":"2025-08-06T02:32:11+00:00","dateModified":"2025-08-06T02:32:11+00:00","mainEntityOfPage":{"@id":"https:\/\/nitu.mx\/index.php\/2025\/08\/05\/tlaxcala-la-feria-de-ferias-2025-espera-800-mil-asistentes-y-160-mdp\/"},"wordCount":706,"publisher":{"@id":"https:\/\/nitu.mx\/#\/schema\/person\/ae7a53426417292d3dd07b45a33e01bc"},"image":{"@id":"https:\/\/nitu.mx\/index.php\/2025\/08\/05\/tlaxcala-la-feria-de-ferias-2025-espera-800-mil-asistentes-y-160-mdp\/#primaryimage"},"thumbnailUrl":"https:\/\/nitu.mx\/wp-content\/uploads\/2025\/08\/Tlaxcala-la-feria-de-ferias-2025-anuncio.jpg","keywords":["Feria de Ferias","Josefina Rodr\u00edguez","Lorena Cu\u00e9llar","Sectur","Tlaxcala"],"articleSection":["Destinos"],"inLanguage":"es-MX"},{"@type":"WebPage","@id":"https:\/\/nitu.mx\/index.php\/2025\/08\/05\/tlaxcala-la-feria-de-ferias-2025-espera-800-mil-asistentes-y-160-mdp\/","url":"https:\/\/nitu.mx\/index.php\/2025\/08\/05\/tlaxcala-la-feria-de-ferias-2025-espera-800-mil-asistentes-y-160-mdp\/","name":"\"Tlaxcala, la Feria de Ferias 2025\" espera 800 mil asistentes y 160 MDP - Nitu - Noticias de la Industria Turistica","isPartOf":{"@id":"https:\/\/nitu.mx\/#website"},"primaryImageOfPage":{"@id":"https:\/\/nitu.mx\/index.php\/2025\/08\/05\/tlaxcala-la-feria-de-ferias-2025-espera-800-mil-asistentes-y-160-mdp\/#primaryimage"},"image":{"@id":"https:\/\/nitu.mx\/index.php\/2025\/08\/05\/tlaxcala-la-feria-de-ferias-2025-espera-800-mil-asistentes-y-160-mdp\/#primaryimage"},"thumbnailUrl":"https:\/\/nitu.mx\/wp-content\/uploads\/2025\/08\/Tlaxcala-la-feria-de-ferias-2025-anuncio.jpg","datePublished":"2025-08-06T02:32:11+00:00","dateModified":"2025-08-06T02:32:11+00:00","breadcrumb":{"@id":"https:\/\/nitu.mx\/index.php\/2025\/08\/05\/tlaxcala-la-feria-de-ferias-2025-espera-800-mil-asistentes-y-160-mdp\/#breadcrumb"},"inLanguage":"es-MX","potentialAction":[{"@type":"ReadAction","target":["https:\/\/nitu.mx\/index.php\/2025\/08\/05\/tlaxcala-la-feria-de-ferias-2025-espera-800-mil-asistentes-y-160-mdp\/"]}]},{"@type":"ImageObject","inLanguage":"es-MX","@id":"https:\/\/nitu.mx\/index.php\/2025\/08\/05\/tlaxcala-la-feria-de-ferias-2025-espera-800-mil-asistentes-y-160-mdp\/#primaryimage","url":"https:\/\/nitu.mx\/wp-content\/uploads\/2025\/08\/Tlaxcala-la-feria-de-ferias-2025-anuncio.jpg","contentUrl":"https:\/\/nitu.mx\/wp-content\/uploads\/2025\/08\/Tlaxcala-la-feria-de-ferias-2025-anuncio.jpg","width":1200,"height":675,"caption":"Tlaxcala la feria de ferias 2025 anuncio"},{"@type":"BreadcrumbList","@id":"https:\/\/nitu.mx\/index.php\/2025\/08\/05\/tlaxcala-la-feria-de-ferias-2025-espera-800-mil-asistentes-y-160-mdp\/#breadcrumb","itemListElement":[{"@type":"ListItem","position":1,"name":"Inicio","item":"https:\/\/nitu.mx\/"},{"@type":"ListItem","position":2,"name":"&#8220;Tlaxcala, la Feria de Ferias 2025&#8221; espera 800 mil asistentes y 160 MDP"}]},{"@type":"WebSite","@id":"https:\/\/nitu.mx\/#website","url":"https:\/\/nitu.mx\/","name":"Nitu - Noticias de la Industria Turistica","description":"Noticias de la Industria Turistica","publisher":{"@id":"https:\/\/nitu.mx\/#\/schema\/person\/ae7a53426417292d3dd07b45a33e01bc"},"alternateName":"Noticias de la Industria Turistica","potentialAction":[{"@type":"SearchAction","target":{"@type":"EntryPoint","urlTemplate":"https:\/\/nitu.mx\/?s={search_term_string}"},"query-input":"required name=search_term_string"}],"inLanguage":"es-MX"},{"@type":["Person","Organization"],"@id":"https:\/\/nitu.mx\/#\/schema\/person\/ae7a53426417292d3dd07b45a33e01bc","name":"Arturo Medina","image":{"@type":"ImageObject","inLanguage":"es-MX","@id":"https:\/\/nitu.mx\/#\/schema\/person\/image\/","url":"https:\/\/nitu.mx\/wp-content\/uploads\/2024\/04\/4A315622-1904-4D5C-B022-878CDC840E04-90x90-1.jpeg","contentUrl":"https:\/\/nitu.mx\/wp-content\/uploads\/2024\/04\/4A315622-1904-4D5C-B022-878CDC840E04-90x90-1.jpeg","width":90,"height":90,"caption":"Arturo Medina"},"logo":{"@id":"https:\/\/nitu.mx\/#\/schema\/person\/image\/"},"description":"Director NITU.mx, Egresado de la Escuela de Periodismo Carlos Septi\u00e9n Garc\u00eda. Periodista y analista especializado en turismo desde hace 35 a\u00f1os, radicado en Canc\u00fan Q.Roo. arturo@nitu.mx","sameAs":["https:\/\/nitu.mx","https:\/\/www.facebook.com\/NITUmx\/","medinacancun","https:\/\/twitter.com\/@Arturo_Medina_G"]},{"@type":"Person","@id":"https:\/\/nitu.mx\/#\/schema\/person\/4a28fe9bd65924f7c90623773daf1b0b","name":"Redacci\u00f3n","image":{"@type":"ImageObject","inLanguage":"es-MX","@id":"https:\/\/nitu.mx\/#\/schema\/person\/image\/","url":"https:\/\/secure.gravatar.com\/avatar\/5dd011c8ccfc5cd7e4c81e42252aab38?s=96&d=mm&r=g","contentUrl":"https:\/\/secure.gravatar.com\/avatar\/5dd011c8ccfc5cd7e4c81e42252aab38?s=96&d=mm&r=g","caption":"Redacci\u00f3n"},"url":"https:\/\/nitu.mx\/index.php\/author\/redaccion\/"}]}},"views":456,"_links":{"self":[{"href":"https:\/\/nitu.mx\/index.php\/wp-json\/wp\/v2\/posts\/82636"}],"collection":[{"href":"https:\/\/nitu.mx\/index.php\/wp-json\/wp\/v2\/posts"}],"about":[{"href":"https:\/\/nitu.mx\/index.php\/wp-json\/wp\/v2\/types\/post"}],"author":[{"embeddable":true,"href":"https:\/\/nitu.mx\/index.php\/wp-json\/wp\/v2\/users\/17"}],"replies":[{"embeddable":true,"href":"https:\/\/nitu.mx\/index.php\/wp-json\/wp\/v2\/comments?post=82636"}],"version-history":[{"count":1,"href":"https:\/\/nitu.mx\/index.php\/wp-json\/wp\/v2\/posts\/82636\/revisions"}],"predecessor-version":[{"id":82639,"href":"https:\/\/nitu.mx\/index.php\/wp-json\/wp\/v2\/posts\/82636\/revisions\/82639"}],"wp:featuredmedia":[{"embeddable":true,"href":"https:\/\/nitu.mx\/index.php\/wp-json\/wp\/v2\/media\/82638"}],"wp:attachment":[{"href":"https:\/\/nitu.mx\/index.php\/wp-json\/wp\/v2\/media?parent=82636"}],"wp:term":[{"taxonomy":"category","embeddable":true,"href":"https:\/\/nitu.mx\/index.php\/wp-json\/wp\/v2\/categories?post=82636"},{"taxonomy":"post_tag","embeddable":true,"href":"https:\/\/nitu.mx\/index.php\/wp-json\/wp\/v2\/tags?post=82636"}],"curies":[{"name":"wp","href":"https:\/\/api.w.org\/{rel}","templated":true}]}}