{"id":82614,"date":"2025-08-04T19:01:05","date_gmt":"2025-08-05T01:01:05","guid":{"rendered":"https:\/\/nitu.mx\/?p=82614"},"modified":"2025-08-04T19:01:05","modified_gmt":"2025-08-05T01:01:05","slug":"pricetravel-holding-impulsa-la-promocion-turistica-de-yucatan","status":"publish","type":"post","link":"https:\/\/nitu.mx\/index.php\/2025\/08\/04\/pricetravel-holding-impulsa-la-promocion-turistica-de-yucatan\/","title":{"rendered":"PriceTravel Holding impulsa la promoci\u00f3n tur\u00edstica de Yucat\u00e1n"},"content":{"rendered":"\n<p>PriceTravel Holding consolid\u00f3 su compromiso con el desarrollo del sector en Yucat\u00e1n, mediante la firma de un convenio de colaboraci\u00f3n, signado por Rafael Durand, COO de PriceTravel Holding, y por Dar\u00edo Flota Ocampo, titular de la Secretar\u00eda de Fomento al Turismo de Yucat\u00e1n. <\/p>\n\n\n\n<p>Tambi\u00e9n estuvo presente Elizabeth Cole Guerrero, subsecretaria de Promoci\u00f3n Tur\u00edstica de SEFOTUR. El objetivo del convenio es colaborar de manera conjunta para fortalecer la promoci\u00f3n del destino y su oferta tur\u00edstica, tanto a nivel nacional como internacional.<br><br>\u201cYucat\u00e1n representa una de las joyas tur\u00edsticas m\u00e1s importantes de M\u00e9xico. Para PriceTravel Holding es un honor poder colaborar de manera activa con autoridades del estado, para seguir atrayendo a m\u00e1s visitantes nacionales e internacionales, quienes podr\u00e1n disfrutar de la oferta cultural, tur\u00edstica y gastron\u00f3mica de Yucat\u00e1n\u201d, coment\u00f3 Rafael Durand, COO de PriceTravel Holding.<br><br>Por su parte Dar\u00edo Flota Ocampo, resalt\u00f3 que una alianza con PriceTravel Holding, empresa tur\u00edstica l\u00edder en Latinoam\u00e9rica, es un logro para Yucat\u00e1n, que fortalece al compromiso del gobierno para la atracci\u00f3n de m\u00e1s turistas al destino, cumpliendo as\u00ed con el objetivo del plan de trabajo del Gobernador Joaqu\u00edn D\u00edaz Mena.<br><br>Los principales canales de promoci\u00f3n de PriceTravel Holding son su enfoque en mercados B2C con su marca PriceTravel.com y TiquetesBaratos.com, B2B con la marca PriceAgencies con m\u00e1s de 18,000 agencias de viajes afiliadas en Latinoam\u00e9rica y los Estados Unidos, con Connect by PriceTravel Holding con m\u00e1s de 300 agencias mayoristas afiliadas alrededor del mundo y B2B2C con su marca PriceAffiliates con m\u00e1s de 300 empresas registradas entre ellas hoteles, bancos, tiendas departamentales, entre otras, utilizando su propia tecnolog\u00eda para comercializar sus productos.<br><br>Importante resaltar que \u00a0la empresa utiliza estrategias de marketing digital como redes sociales, SEO, email marketing e importantes programas de recompensas. Adem\u00e1s, actualmente opera desde m\u00e1s de 195 mercados de origen, a trav\u00e9s de una excelente estrategia de distribuci\u00f3n, por lo cual, resulta ser un gran socio de negocios para este destino tan importante. (<a href=\"https:\/\/nitu.mx\/index.php\/2025\/07\/21\/en-alianza-con-pricetravel-holding-grupo-java-se-expande-en-canada-y-eeuu-con-enfoque-al-receptivo-en-mexico\/\">En alianza con PriceTravel Holding, Grupo Java se expande en Canad\u00e1 y EEUU con enfoque al receptivo en M\u00e9xico<\/a>).<\/p>\n","protected":false},"excerpt":{"rendered":"<p>PriceTravel Holding consolid\u00f3 su compromiso con el desarrollo del sector en Yucat\u00e1n, mediante la firma de un convenio de colaboraci\u00f3n, signado por Rafael Durand, COO de PriceTravel Holding, y por Dar\u00edo Flota Ocampo, titular de la Secretar\u00eda de Fomento al Turismo de Yucat\u00e1n. Tambi\u00e9n estuvo presente Elizabeth Cole Guerrero, subsecretaria de Promoci\u00f3n Tur\u00edstica de SEFOTUR. [&hellip;]<\/p>\n","protected":false},"author":17,"featured_media":82617,"comment_status":"closed","ping_status":"closed","sticky":false,"template":"","format":"standard","meta":{"footnotes":""},"categories":[3],"tags":[1812,2840,3088,12989,449],"yoast_head":"<!-- This site is optimized with the Yoast SEO plugin v22.2 - https:\/\/yoast.com\/wordpress\/plugins\/seo\/ -->\n<title>PriceTravel Holding impulsa la promoci\u00f3n tur\u00edstica de Yucat\u00e1n - Nitu - Noticias de la Industria Turistica<\/title>\n<meta name=\"robots\" content=\"index, follow, max-snippet:-1, max-image-preview:large, max-video-preview:-1\" \/>\n<link rel=\"canonical\" href=\"https:\/\/nitu.mx\/index.php\/2025\/08\/04\/pricetravel-holding-impulsa-la-promocion-turistica-de-yucatan\/\" \/>\n<meta name=\"twitter:card\" content=\"summary_large_image\" \/>\n<meta name=\"twitter:title\" content=\"PriceTravel Holding impulsa la promoci\u00f3n tur\u00edstica de Yucat\u00e1n - Nitu - Noticias de la Industria Turistica\" \/>\n<meta name=\"twitter:description\" content=\"PriceTravel Holding consolid\u00f3 su compromiso con el desarrollo del sector en Yucat\u00e1n, mediante la firma de un convenio de colaboraci\u00f3n, signado por Rafael Durand, COO de PriceTravel Holding, y por Dar\u00edo Flota Ocampo, titular de la Secretar\u00eda de Fomento al Turismo de Yucat\u00e1n. Tambi\u00e9n estuvo presente Elizabeth Cole Guerrero, subsecretaria de Promoci\u00f3n Tur\u00edstica de SEFOTUR. [&hellip;]\" \/>\n<meta name=\"twitter:image\" content=\"https:\/\/nitu.mx\/wp-content\/uploads\/2025\/08\/PriceTravel-Holding-Yucatan.jpg\" \/>\n<meta name=\"twitter:creator\" content=\"@NITUmx\" \/>\n<meta name=\"twitter:site\" content=\"@Arturo_Medina_G\" \/>\n<meta name=\"twitter:label1\" content=\"Escrito por\" \/>\n\t<meta name=\"twitter:data1\" content=\"Redacci\u00f3n\" \/>\n\t<meta name=\"twitter:label2\" content=\"Tiempo de lectura\" \/>\n\t<meta name=\"twitter:data2\" content=\"2 minutos\" \/>\n<script type=\"application\/ld+json\" class=\"yoast-schema-graph\">{\"@context\":\"https:\/\/schema.org\",\"@graph\":[{\"@type\":\"Article\",\"@id\":\"https:\/\/nitu.mx\/index.php\/2025\/08\/04\/pricetravel-holding-impulsa-la-promocion-turistica-de-yucatan\/#article\",\"isPartOf\":{\"@id\":\"https:\/\/nitu.mx\/index.php\/2025\/08\/04\/pricetravel-holding-impulsa-la-promocion-turistica-de-yucatan\/\"},\"author\":{\"name\":\"Redacci\u00f3n\",\"@id\":\"https:\/\/nitu.mx\/#\/schema\/person\/4a28fe9bd65924f7c90623773daf1b0b\"},\"headline\":\"PriceTravel Holding impulsa la promoci\u00f3n tur\u00edstica de Yucat\u00e1n\",\"datePublished\":\"2025-08-05T01:01:05+00:00\",\"dateModified\":\"2025-08-05T01:01:05+00:00\",\"mainEntityOfPage\":{\"@id\":\"https:\/\/nitu.mx\/index.php\/2025\/08\/04\/pricetravel-holding-impulsa-la-promocion-turistica-de-yucatan\/\"},\"wordCount\":392,\"publisher\":{\"@id\":\"https:\/\/nitu.mx\/#\/schema\/person\/ae7a53426417292d3dd07b45a33e01bc\"},\"image\":{\"@id\":\"https:\/\/nitu.mx\/index.php\/2025\/08\/04\/pricetravel-holding-impulsa-la-promocion-turistica-de-yucatan\/#primaryimage\"},\"thumbnailUrl\":\"https:\/\/nitu.mx\/wp-content\/uploads\/2025\/08\/PriceTravel-Holding-Yucatan.jpg\",\"keywords\":[\"Dar\u00edo Flota\",\"PriceTravel Holding\",\"Rafael Durand\",\"Sefotur\",\"Yucat\u00e1n\"],\"articleSection\":[\"Agencias de Viajes\"],\"inLanguage\":\"es-MX\"},{\"@type\":\"WebPage\",\"@id\":\"https:\/\/nitu.mx\/index.php\/2025\/08\/04\/pricetravel-holding-impulsa-la-promocion-turistica-de-yucatan\/\",\"url\":\"https:\/\/nitu.mx\/index.php\/2025\/08\/04\/pricetravel-holding-impulsa-la-promocion-turistica-de-yucatan\/\",\"name\":\"PriceTravel Holding impulsa la promoci\u00f3n tur\u00edstica de Yucat\u00e1n - Nitu - Noticias de la Industria Turistica\",\"isPartOf\":{\"@id\":\"https:\/\/nitu.mx\/#website\"},\"primaryImageOfPage\":{\"@id\":\"https:\/\/nitu.mx\/index.php\/2025\/08\/04\/pricetravel-holding-impulsa-la-promocion-turistica-de-yucatan\/#primaryimage\"},\"image\":{\"@id\":\"https:\/\/nitu.mx\/index.php\/2025\/08\/04\/pricetravel-holding-impulsa-la-promocion-turistica-de-yucatan\/#primaryimage\"},\"thumbnailUrl\":\"https:\/\/nitu.mx\/wp-content\/uploads\/2025\/08\/PriceTravel-Holding-Yucatan.jpg\",\"datePublished\":\"2025-08-05T01:01:05+00:00\",\"dateModified\":\"2025-08-05T01:01:05+00:00\",\"breadcrumb\":{\"@id\":\"https:\/\/nitu.mx\/index.php\/2025\/08\/04\/pricetravel-holding-impulsa-la-promocion-turistica-de-yucatan\/#breadcrumb\"},\"inLanguage\":\"es-MX\",\"potentialAction\":[{\"@type\":\"ReadAction\",\"target\":[\"https:\/\/nitu.mx\/index.php\/2025\/08\/04\/pricetravel-holding-impulsa-la-promocion-turistica-de-yucatan\/\"]}]},{\"@type\":\"ImageObject\",\"inLanguage\":\"es-MX\",\"@id\":\"https:\/\/nitu.mx\/index.php\/2025\/08\/04\/pricetravel-holding-impulsa-la-promocion-turistica-de-yucatan\/#primaryimage\",\"url\":\"https:\/\/nitu.mx\/wp-content\/uploads\/2025\/08\/PriceTravel-Holding-Yucatan.jpg\",\"contentUrl\":\"https:\/\/nitu.mx\/wp-content\/uploads\/2025\/08\/PriceTravel-Holding-Yucatan.jpg\",\"width\":1200,\"height\":675,\"caption\":\"PriceTravel Holding Yucat\u00e1n\"},{\"@type\":\"BreadcrumbList\",\"@id\":\"https:\/\/nitu.mx\/index.php\/2025\/08\/04\/pricetravel-holding-impulsa-la-promocion-turistica-de-yucatan\/#breadcrumb\",\"itemListElement\":[{\"@type\":\"ListItem\",\"position\":1,\"name\":\"Inicio\",\"item\":\"https:\/\/nitu.mx\/\"},{\"@type\":\"ListItem\",\"position\":2,\"name\":\"PriceTravel Holding impulsa la promoci\u00f3n tur\u00edstica de Yucat\u00e1n\"}]},{\"@type\":\"WebSite\",\"@id\":\"https:\/\/nitu.mx\/#website\",\"url\":\"https:\/\/nitu.mx\/\",\"name\":\"Nitu - Noticias de la Industria Turistica\",\"description\":\"Noticias de la Industria Turistica\",\"publisher\":{\"@id\":\"https:\/\/nitu.mx\/#\/schema\/person\/ae7a53426417292d3dd07b45a33e01bc\"},\"alternateName\":\"Noticias de la Industria Turistica\",\"potentialAction\":[{\"@type\":\"SearchAction\",\"target\":{\"@type\":\"EntryPoint\",\"urlTemplate\":\"https:\/\/nitu.mx\/?s={search_term_string}\"},\"query-input\":\"required name=search_term_string\"}],\"inLanguage\":\"es-MX\"},{\"@type\":[\"Person\",\"Organization\"],\"@id\":\"https:\/\/nitu.mx\/#\/schema\/person\/ae7a53426417292d3dd07b45a33e01bc\",\"name\":\"Arturo Medina\",\"image\":{\"@type\":\"ImageObject\",\"inLanguage\":\"es-MX\",\"@id\":\"https:\/\/nitu.mx\/#\/schema\/person\/image\/\",\"url\":\"https:\/\/nitu.mx\/wp-content\/uploads\/2024\/04\/4A315622-1904-4D5C-B022-878CDC840E04-90x90-1.jpeg\",\"contentUrl\":\"https:\/\/nitu.mx\/wp-content\/uploads\/2024\/04\/4A315622-1904-4D5C-B022-878CDC840E04-90x90-1.jpeg\",\"width\":90,\"height\":90,\"caption\":\"Arturo Medina\"},\"logo\":{\"@id\":\"https:\/\/nitu.mx\/#\/schema\/person\/image\/\"},\"description\":\"Director NITU.mx, Egresado de la Escuela de Periodismo Carlos Septi\u00e9n Garc\u00eda. Periodista y analista especializado en turismo desde hace 35 a\u00f1os, radicado en Canc\u00fan Q.Roo. arturo@nitu.mx\",\"sameAs\":[\"https:\/\/nitu.mx\",\"https:\/\/www.facebook.com\/NITUmx\/\",\"medinacancun\",\"https:\/\/twitter.com\/@Arturo_Medina_G\"]},{\"@type\":\"Person\",\"@id\":\"https:\/\/nitu.mx\/#\/schema\/person\/4a28fe9bd65924f7c90623773daf1b0b\",\"name\":\"Redacci\u00f3n\",\"image\":{\"@type\":\"ImageObject\",\"inLanguage\":\"es-MX\",\"@id\":\"https:\/\/nitu.mx\/#\/schema\/person\/image\/\",\"url\":\"https:\/\/secure.gravatar.com\/avatar\/5dd011c8ccfc5cd7e4c81e42252aab38?s=96&d=mm&r=g\",\"contentUrl\":\"https:\/\/secure.gravatar.com\/avatar\/5dd011c8ccfc5cd7e4c81e42252aab38?s=96&d=mm&r=g\",\"caption\":\"Redacci\u00f3n\"},\"url\":\"https:\/\/nitu.mx\/index.php\/author\/redaccion\/\"}]}<\/script>\n<!-- \/ Yoast SEO plugin. -->","yoast_head_json":{"title":"PriceTravel Holding impulsa la promoci\u00f3n tur\u00edstica de Yucat\u00e1n - Nitu - Noticias de la Industria Turistica","robots":{"index":"index","follow":"follow","max-snippet":"max-snippet:-1","max-image-preview":"max-image-preview:large","max-video-preview":"max-video-preview:-1"},"canonical":"https:\/\/nitu.mx\/index.php\/2025\/08\/04\/pricetravel-holding-impulsa-la-promocion-turistica-de-yucatan\/","twitter_card":"summary_large_image","twitter_title":"PriceTravel Holding impulsa la promoci\u00f3n tur\u00edstica de Yucat\u00e1n - Nitu - Noticias de la Industria Turistica","twitter_description":"PriceTravel Holding consolid\u00f3 su compromiso con el desarrollo del sector en Yucat\u00e1n, mediante la firma de un convenio de colaboraci\u00f3n, signado por Rafael Durand, COO de PriceTravel Holding, y por Dar\u00edo Flota Ocampo, titular de la Secretar\u00eda de Fomento al Turismo de Yucat\u00e1n. Tambi\u00e9n estuvo presente Elizabeth Cole Guerrero, subsecretaria de Promoci\u00f3n Tur\u00edstica de SEFOTUR. [&hellip;]","twitter_image":"https:\/\/nitu.mx\/wp-content\/uploads\/2025\/08\/PriceTravel-Holding-Yucatan.jpg","twitter_creator":"@NITUmx","twitter_site":"@Arturo_Medina_G","twitter_misc":{"Escrito por":"Redacci\u00f3n","Tiempo de lectura":"2 minutos"},"schema":{"@context":"https:\/\/schema.org","@graph":[{"@type":"Article","@id":"https:\/\/nitu.mx\/index.php\/2025\/08\/04\/pricetravel-holding-impulsa-la-promocion-turistica-de-yucatan\/#article","isPartOf":{"@id":"https:\/\/nitu.mx\/index.php\/2025\/08\/04\/pricetravel-holding-impulsa-la-promocion-turistica-de-yucatan\/"},"author":{"name":"Redacci\u00f3n","@id":"https:\/\/nitu.mx\/#\/schema\/person\/4a28fe9bd65924f7c90623773daf1b0b"},"headline":"PriceTravel Holding impulsa la promoci\u00f3n tur\u00edstica de Yucat\u00e1n","datePublished":"2025-08-05T01:01:05+00:00","dateModified":"2025-08-05T01:01:05+00:00","mainEntityOfPage":{"@id":"https:\/\/nitu.mx\/index.php\/2025\/08\/04\/pricetravel-holding-impulsa-la-promocion-turistica-de-yucatan\/"},"wordCount":392,"publisher":{"@id":"https:\/\/nitu.mx\/#\/schema\/person\/ae7a53426417292d3dd07b45a33e01bc"},"image":{"@id":"https:\/\/nitu.mx\/index.php\/2025\/08\/04\/pricetravel-holding-impulsa-la-promocion-turistica-de-yucatan\/#primaryimage"},"thumbnailUrl":"https:\/\/nitu.mx\/wp-content\/uploads\/2025\/08\/PriceTravel-Holding-Yucatan.jpg","keywords":["Dar\u00edo Flota","PriceTravel Holding","Rafael Durand","Sefotur","Yucat\u00e1n"],"articleSection":["Agencias de Viajes"],"inLanguage":"es-MX"},{"@type":"WebPage","@id":"https:\/\/nitu.mx\/index.php\/2025\/08\/04\/pricetravel-holding-impulsa-la-promocion-turistica-de-yucatan\/","url":"https:\/\/nitu.mx\/index.php\/2025\/08\/04\/pricetravel-holding-impulsa-la-promocion-turistica-de-yucatan\/","name":"PriceTravel Holding impulsa la promoci\u00f3n tur\u00edstica de Yucat\u00e1n - Nitu - Noticias de la Industria Turistica","isPartOf":{"@id":"https:\/\/nitu.mx\/#website"},"primaryImageOfPage":{"@id":"https:\/\/nitu.mx\/index.php\/2025\/08\/04\/pricetravel-holding-impulsa-la-promocion-turistica-de-yucatan\/#primaryimage"},"image":{"@id":"https:\/\/nitu.mx\/index.php\/2025\/08\/04\/pricetravel-holding-impulsa-la-promocion-turistica-de-yucatan\/#primaryimage"},"thumbnailUrl":"https:\/\/nitu.mx\/wp-content\/uploads\/2025\/08\/PriceTravel-Holding-Yucatan.jpg","datePublished":"2025-08-05T01:01:05+00:00","dateModified":"2025-08-05T01:01:05+00:00","breadcrumb":{"@id":"https:\/\/nitu.mx\/index.php\/2025\/08\/04\/pricetravel-holding-impulsa-la-promocion-turistica-de-yucatan\/#breadcrumb"},"inLanguage":"es-MX","potentialAction":[{"@type":"ReadAction","target":["https:\/\/nitu.mx\/index.php\/2025\/08\/04\/pricetravel-holding-impulsa-la-promocion-turistica-de-yucatan\/"]}]},{"@type":"ImageObject","inLanguage":"es-MX","@id":"https:\/\/nitu.mx\/index.php\/2025\/08\/04\/pricetravel-holding-impulsa-la-promocion-turistica-de-yucatan\/#primaryimage","url":"https:\/\/nitu.mx\/wp-content\/uploads\/2025\/08\/PriceTravel-Holding-Yucatan.jpg","contentUrl":"https:\/\/nitu.mx\/wp-content\/uploads\/2025\/08\/PriceTravel-Holding-Yucatan.jpg","width":1200,"height":675,"caption":"PriceTravel Holding Yucat\u00e1n"},{"@type":"BreadcrumbList","@id":"https:\/\/nitu.mx\/index.php\/2025\/08\/04\/pricetravel-holding-impulsa-la-promocion-turistica-de-yucatan\/#breadcrumb","itemListElement":[{"@type":"ListItem","position":1,"name":"Inicio","item":"https:\/\/nitu.mx\/"},{"@type":"ListItem","position":2,"name":"PriceTravel Holding impulsa la promoci\u00f3n tur\u00edstica de Yucat\u00e1n"}]},{"@type":"WebSite","@id":"https:\/\/nitu.mx\/#website","url":"https:\/\/nitu.mx\/","name":"Nitu - Noticias de la Industria Turistica","description":"Noticias de la Industria Turistica","publisher":{"@id":"https:\/\/nitu.mx\/#\/schema\/person\/ae7a53426417292d3dd07b45a33e01bc"},"alternateName":"Noticias de la Industria Turistica","potentialAction":[{"@type":"SearchAction","target":{"@type":"EntryPoint","urlTemplate":"https:\/\/nitu.mx\/?s={search_term_string}"},"query-input":"required name=search_term_string"}],"inLanguage":"es-MX"},{"@type":["Person","Organization"],"@id":"https:\/\/nitu.mx\/#\/schema\/person\/ae7a53426417292d3dd07b45a33e01bc","name":"Arturo Medina","image":{"@type":"ImageObject","inLanguage":"es-MX","@id":"https:\/\/nitu.mx\/#\/schema\/person\/image\/","url":"https:\/\/nitu.mx\/wp-content\/uploads\/2024\/04\/4A315622-1904-4D5C-B022-878CDC840E04-90x90-1.jpeg","contentUrl":"https:\/\/nitu.mx\/wp-content\/uploads\/2024\/04\/4A315622-1904-4D5C-B022-878CDC840E04-90x90-1.jpeg","width":90,"height":90,"caption":"Arturo Medina"},"logo":{"@id":"https:\/\/nitu.mx\/#\/schema\/person\/image\/"},"description":"Director NITU.mx, Egresado de la Escuela de Periodismo Carlos Septi\u00e9n Garc\u00eda. Periodista y analista especializado en turismo desde hace 35 a\u00f1os, radicado en Canc\u00fan Q.Roo. arturo@nitu.mx","sameAs":["https:\/\/nitu.mx","https:\/\/www.facebook.com\/NITUmx\/","medinacancun","https:\/\/twitter.com\/@Arturo_Medina_G"]},{"@type":"Person","@id":"https:\/\/nitu.mx\/#\/schema\/person\/4a28fe9bd65924f7c90623773daf1b0b","name":"Redacci\u00f3n","image":{"@type":"ImageObject","inLanguage":"es-MX","@id":"https:\/\/nitu.mx\/#\/schema\/person\/image\/","url":"https:\/\/secure.gravatar.com\/avatar\/5dd011c8ccfc5cd7e4c81e42252aab38?s=96&d=mm&r=g","contentUrl":"https:\/\/secure.gravatar.com\/avatar\/5dd011c8ccfc5cd7e4c81e42252aab38?s=96&d=mm&r=g","caption":"Redacci\u00f3n"},"url":"https:\/\/nitu.mx\/index.php\/author\/redaccion\/"}]}},"views":680,"_links":{"self":[{"href":"https:\/\/nitu.mx\/index.php\/wp-json\/wp\/v2\/posts\/82614"}],"collection":[{"href":"https:\/\/nitu.mx\/index.php\/wp-json\/wp\/v2\/posts"}],"about":[{"href":"https:\/\/nitu.mx\/index.php\/wp-json\/wp\/v2\/types\/post"}],"author":[{"embeddable":true,"href":"https:\/\/nitu.mx\/index.php\/wp-json\/wp\/v2\/users\/17"}],"replies":[{"embeddable":true,"href":"https:\/\/nitu.mx\/index.php\/wp-json\/wp\/v2\/comments?post=82614"}],"version-history":[{"count":1,"href":"https:\/\/nitu.mx\/index.php\/wp-json\/wp\/v2\/posts\/82614\/revisions"}],"predecessor-version":[{"id":82616,"href":"https:\/\/nitu.mx\/index.php\/wp-json\/wp\/v2\/posts\/82614\/revisions\/82616"}],"wp:featuredmedia":[{"embeddable":true,"href":"https:\/\/nitu.mx\/index.php\/wp-json\/wp\/v2\/media\/82617"}],"wp:attachment":[{"href":"https:\/\/nitu.mx\/index.php\/wp-json\/wp\/v2\/media?parent=82614"}],"wp:term":[{"taxonomy":"category","embeddable":true,"href":"https:\/\/nitu.mx\/index.php\/wp-json\/wp\/v2\/categories?post=82614"},{"taxonomy":"post_tag","embeddable":true,"href":"https:\/\/nitu.mx\/index.php\/wp-json\/wp\/v2\/tags?post=82614"}],"curies":[{"name":"wp","href":"https:\/\/api.w.org\/{rel}","templated":true}]}}