{"id":82610,"date":"2025-08-04T00:52:33","date_gmt":"2025-08-04T06:52:33","guid":{"rendered":"https:\/\/nitu.mx\/?p=82610"},"modified":"2025-08-04T00:52:33","modified_gmt":"2025-08-04T06:52:33","slug":"mara-lezama-y-coparmex-refrendan-alianza-para-consolidar-a-quintana-roo-como-motor-turistico-y-lider-economico","status":"publish","type":"post","link":"https:\/\/nitu.mx\/index.php\/2025\/08\/04\/mara-lezama-y-coparmex-refrendan-alianza-para-consolidar-a-quintana-roo-como-motor-turistico-y-lider-economico\/","title":{"rendered":"Mara Lezama y COPARMEX refrendan alianza para consolidar a Quintana Roo como motor tur\u00edstico y l\u00edder econ\u00f3mico\u00a0"},"content":{"rendered":"\n<p>La gobernadora de Quintana Roo, Mara Lezama Espinosa, asisti\u00f3 a la Toma de Compromiso del Consejo Directivo 2025-2027 Coparmex Quintana Roo que presidir\u00e1 Mar\u00eda Jovita Portillo Navarro, con la presencia del presidente nacional de la Confederaci\u00f3n Patronal de la Rep\u00fablica Mexicana, Juan Jos\u00e9 Sierra \u00c1lvarez.<\/p>\n\n\n\n<p>Al felicitar a Mar\u00eda Jovita por este encargo, Mara Lezama expres\u00f3 que en Quintana Roo este gobierno diferente, humanista con coraz\u00f3n feminista, trabaja con las y los empresarios para que la prosperidad compartida les llegue a todas y todos los quintanarroenses.<\/p>\n\n\n\n<p>\u201cCocreamos y creamos en la corresponsabilidad, en conjunto\u201d afirm\u00f3 al precisar que se ha hecho una important\u00edsima inversi\u00f3n en materia de seguridad, en capacitaci\u00f3n e inteligencia, con elementos mejor pagados, con nuevo equipamiento sofisticado y de alta tecnolog\u00eda.<\/p>\n\n\n\n<p>Hizo un reconocimiento a los elementos que integran el Grupo Centuri\u00f3n, una unidad especializada de la Secretar\u00eda de Seguridad Ciudadana (SSC) enfocada en atender casos de extorsi\u00f3n. Este grupo recibe reportes a trav\u00e9s de las l\u00edneas telef\u00f3nicas 911 y 089, promoviendo la denuncia ciudadana para combatir este delito.<\/p>\n\n\n\n<p>De enero a junio de 2024, en Quintana Roo se registraron 1,022 delitos de robo a negocio, mientras que de enero a junio de 2025, se cometieron 965, lo que signific\u00f3 una disminuci\u00f3n del 5.6%, en este tipo de il\u00edcitos. Hoy cometer un delito tiene consecuencias, con el logro de vinculaciones a proceso del 94% en delitos de alto impacto. (<a href=\"https:\/\/nitu.mx\/index.php\/2025\/07\/20\/mara-lezama-da-inicio-al-operativo-vacacional-de-verano-2025-con-mas-de-7-mil-elementos-en-quintana-roo\/\">Mara Lezama da inicio al Operativo Vacacional de Verano 2025 con m\u00e1s de 7 mil elementos en Quintana Roo<\/a>).<\/p>\n\n\n\n<p>Mara Lezama reiter\u00f3 el compromiso para trabajar de la mano con las y los empresarios de Quintana Roo.<\/p>\n\n\n\n<p>La nueva presidenta de Coparmex Quintana Roo, Mar\u00eda Jovita Portillo Navarro, se comprometi\u00f3 a fortalecer al gremio patronal para tener un estado m\u00e1s pr\u00f3spero y unido, junto con la gobernadora Mara Lezama para impulsar el crecimiento econ\u00f3mico del estado.<\/p>\n\n\n\n<p>Convoc\u00f3 a los empresarios, universidades, sociedad civil, a comenzar a vernos como una comunidad compartida, pues el Estado lo cambiaremos todos juntos.<\/p>\n\n\n\n<p>Durante la ceremonia, la presidenta municipal de Benito Ju\u00e1rez, Ana Paty Peralta de la Pe\u00f1a, destac\u00f3 la importancia que tiene esta organizaci\u00f3n para el crecimiento y desarrollo de Canc\u00fan, como resultado del trabajo de la presidenta saliente y la entrante.<\/p>\n\n\n\n<p>La presidenta saliente, Ang\u00e9lica Frias Gonz\u00e1lez, agradeci\u00f3 la oportunidad que tuvo para hacer equipo y trabajar por Quintana Roo, al tiempo que destacar el respaldo de su equipo de colaboradores en la alianza empresariado-gobierno.<\/p>\n\n\n\n<p>Al dirigir un mensaje a la nueva dirigencia estatal de la Coparmex, el presidente nacional afirm\u00f3 ante Mara Lezama que esta organizaci\u00f3n es una aliada de las mejores causas en Canc\u00fan y Quintana Roo, pues son un ejemplo de crecimiento din\u00e1mico, una ventana de crecimiento para M\u00e9xico.<\/p>\n\n\n\n<p>Al respaldar la presidencia de Mar\u00eda Jovita Portillo Navarro destac\u00f3 la participaci\u00f3n de las mujeres en las MIPYMES.<\/p>\n\n\n\n<p>En el pres\u00eddium tambi\u00e9n estuvo la presidenta honoraria del DIF Quintana Roo, Ver\u00f3nica Lezama Espinosa; el diputado Jorge Arturo San\u00e9n Cervantes, presidente de la Junta de Gobierno y Coordinaci\u00f3n Pol\u00edtica del Congreso del Estado, y el secretario de Desarrollo Econ\u00f3mico, Paul Carrillo de C\u00e1ceres. <\/p>\n","protected":false},"excerpt":{"rendered":"<p>La gobernadora de Quintana Roo, Mara Lezama Espinosa, asisti\u00f3 a la Toma de Compromiso del Consejo Directivo 2025-2027 Coparmex Quintana Roo que presidir\u00e1 Mar\u00eda Jovita Portillo Navarro, con la presencia del presidente nacional de la Confederaci\u00f3n Patronal de la Rep\u00fablica Mexicana, Juan Jos\u00e9 Sierra \u00c1lvarez. Al felicitar a Mar\u00eda Jovita por este encargo, Mara Lezama [&hellip;]<\/p>\n","protected":false},"author":17,"featured_media":82612,"comment_status":"closed","ping_status":"closed","sticky":false,"template":"","format":"standard","meta":{"footnotes":""},"categories":[18475],"tags":[43,3530,27586,14028,260],"yoast_head":"<!-- This site is optimized with the Yoast SEO plugin v22.2 - https:\/\/yoast.com\/wordpress\/plugins\/seo\/ -->\n<title>Mara Lezama y COPARMEX refrendan alianza para consolidar a Quintana Roo como motor tur\u00edstico y l\u00edder econ\u00f3mico\u00a0 - Nitu - Noticias de la Industria Turistica<\/title>\n<meta name=\"robots\" content=\"index, follow, max-snippet:-1, max-image-preview:large, max-video-preview:-1\" \/>\n<link rel=\"canonical\" href=\"https:\/\/nitu.mx\/index.php\/2025\/08\/04\/mara-lezama-y-coparmex-refrendan-alianza-para-consolidar-a-quintana-roo-como-motor-turistico-y-lider-economico\/\" \/>\n<meta name=\"twitter:card\" content=\"summary_large_image\" \/>\n<meta name=\"twitter:title\" content=\"Mara Lezama y COPARMEX refrendan alianza para consolidar a Quintana Roo como motor tur\u00edstico y l\u00edder econ\u00f3mico\u00a0 - Nitu - Noticias de la Industria Turistica\" \/>\n<meta name=\"twitter:description\" content=\"La gobernadora de Quintana Roo, Mara Lezama Espinosa, asisti\u00f3 a la Toma de Compromiso del Consejo Directivo 2025-2027 Coparmex Quintana Roo que presidir\u00e1 Mar\u00eda Jovita Portillo Navarro, con la presencia del presidente nacional de la Confederaci\u00f3n Patronal de la Rep\u00fablica Mexicana, Juan Jos\u00e9 Sierra \u00c1lvarez. Al felicitar a Mar\u00eda Jovita por este encargo, Mara Lezama [&hellip;]\" \/>\n<meta name=\"twitter:image\" content=\"https:\/\/nitu.mx\/wp-content\/uploads\/2025\/08\/Mara-Lezama-y-COPARMEX.jpg\" \/>\n<meta name=\"twitter:creator\" content=\"@NITUmx\" \/>\n<meta name=\"twitter:site\" content=\"@Arturo_Medina_G\" \/>\n<meta name=\"twitter:label1\" content=\"Escrito por\" \/>\n\t<meta name=\"twitter:data1\" content=\"Redacci\u00f3n\" \/>\n\t<meta name=\"twitter:label2\" content=\"Tiempo de lectura\" \/>\n\t<meta name=\"twitter:data2\" content=\"3 minutos\" \/>\n<script type=\"application\/ld+json\" class=\"yoast-schema-graph\">{\"@context\":\"https:\/\/schema.org\",\"@graph\":[{\"@type\":\"Article\",\"@id\":\"https:\/\/nitu.mx\/index.php\/2025\/08\/04\/mara-lezama-y-coparmex-refrendan-alianza-para-consolidar-a-quintana-roo-como-motor-turistico-y-lider-economico\/#article\",\"isPartOf\":{\"@id\":\"https:\/\/nitu.mx\/index.php\/2025\/08\/04\/mara-lezama-y-coparmex-refrendan-alianza-para-consolidar-a-quintana-roo-como-motor-turistico-y-lider-economico\/\"},\"author\":{\"name\":\"Redacci\u00f3n\",\"@id\":\"https:\/\/nitu.mx\/#\/schema\/person\/4a28fe9bd65924f7c90623773daf1b0b\"},\"headline\":\"Mara Lezama y COPARMEX refrendan alianza para consolidar a Quintana Roo como motor tur\u00edstico y l\u00edder econ\u00f3mico\u00a0\",\"datePublished\":\"2025-08-04T06:52:33+00:00\",\"dateModified\":\"2025-08-04T06:52:33+00:00\",\"mainEntityOfPage\":{\"@id\":\"https:\/\/nitu.mx\/index.php\/2025\/08\/04\/mara-lezama-y-coparmex-refrendan-alianza-para-consolidar-a-quintana-roo-como-motor-turistico-y-lider-economico\/\"},\"wordCount\":565,\"publisher\":{\"@id\":\"https:\/\/nitu.mx\/#\/schema\/person\/ae7a53426417292d3dd07b45a33e01bc\"},\"image\":{\"@id\":\"https:\/\/nitu.mx\/index.php\/2025\/08\/04\/mara-lezama-y-coparmex-refrendan-alianza-para-consolidar-a-quintana-roo-como-motor-turistico-y-lider-economico\/#primaryimage\"},\"thumbnailUrl\":\"https:\/\/nitu.mx\/wp-content\/uploads\/2025\/08\/Mara-Lezama-y-COPARMEX.jpg\",\"keywords\":[\"Canc\u00fan\",\"Coparmex\",\"Jovita Portillo\",\"Mara Lezama\",\"Quintana Roo\"],\"articleSection\":[\"Caribe Mexicano\"],\"inLanguage\":\"es-MX\"},{\"@type\":\"WebPage\",\"@id\":\"https:\/\/nitu.mx\/index.php\/2025\/08\/04\/mara-lezama-y-coparmex-refrendan-alianza-para-consolidar-a-quintana-roo-como-motor-turistico-y-lider-economico\/\",\"url\":\"https:\/\/nitu.mx\/index.php\/2025\/08\/04\/mara-lezama-y-coparmex-refrendan-alianza-para-consolidar-a-quintana-roo-como-motor-turistico-y-lider-economico\/\",\"name\":\"Mara Lezama y COPARMEX refrendan alianza para consolidar a Quintana Roo como motor tur\u00edstico y l\u00edder econ\u00f3mico\u00a0 - Nitu - Noticias de la Industria Turistica\",\"isPartOf\":{\"@id\":\"https:\/\/nitu.mx\/#website\"},\"primaryImageOfPage\":{\"@id\":\"https:\/\/nitu.mx\/index.php\/2025\/08\/04\/mara-lezama-y-coparmex-refrendan-alianza-para-consolidar-a-quintana-roo-como-motor-turistico-y-lider-economico\/#primaryimage\"},\"image\":{\"@id\":\"https:\/\/nitu.mx\/index.php\/2025\/08\/04\/mara-lezama-y-coparmex-refrendan-alianza-para-consolidar-a-quintana-roo-como-motor-turistico-y-lider-economico\/#primaryimage\"},\"thumbnailUrl\":\"https:\/\/nitu.mx\/wp-content\/uploads\/2025\/08\/Mara-Lezama-y-COPARMEX.jpg\",\"datePublished\":\"2025-08-04T06:52:33+00:00\",\"dateModified\":\"2025-08-04T06:52:33+00:00\",\"breadcrumb\":{\"@id\":\"https:\/\/nitu.mx\/index.php\/2025\/08\/04\/mara-lezama-y-coparmex-refrendan-alianza-para-consolidar-a-quintana-roo-como-motor-turistico-y-lider-economico\/#breadcrumb\"},\"inLanguage\":\"es-MX\",\"potentialAction\":[{\"@type\":\"ReadAction\",\"target\":[\"https:\/\/nitu.mx\/index.php\/2025\/08\/04\/mara-lezama-y-coparmex-refrendan-alianza-para-consolidar-a-quintana-roo-como-motor-turistico-y-lider-economico\/\"]}]},{\"@type\":\"ImageObject\",\"inLanguage\":\"es-MX\",\"@id\":\"https:\/\/nitu.mx\/index.php\/2025\/08\/04\/mara-lezama-y-coparmex-refrendan-alianza-para-consolidar-a-quintana-roo-como-motor-turistico-y-lider-economico\/#primaryimage\",\"url\":\"https:\/\/nitu.mx\/wp-content\/uploads\/2025\/08\/Mara-Lezama-y-COPARMEX.jpg\",\"contentUrl\":\"https:\/\/nitu.mx\/wp-content\/uploads\/2025\/08\/Mara-Lezama-y-COPARMEX.jpg\",\"width\":1200,\"height\":675,\"caption\":\"Mara Lezama y COPARMEX\"},{\"@type\":\"BreadcrumbList\",\"@id\":\"https:\/\/nitu.mx\/index.php\/2025\/08\/04\/mara-lezama-y-coparmex-refrendan-alianza-para-consolidar-a-quintana-roo-como-motor-turistico-y-lider-economico\/#breadcrumb\",\"itemListElement\":[{\"@type\":\"ListItem\",\"position\":1,\"name\":\"Inicio\",\"item\":\"https:\/\/nitu.mx\/\"},{\"@type\":\"ListItem\",\"position\":2,\"name\":\"Mara Lezama y COPARMEX refrendan alianza para consolidar a Quintana Roo como motor tur\u00edstico y l\u00edder econ\u00f3mico\u00a0\"}]},{\"@type\":\"WebSite\",\"@id\":\"https:\/\/nitu.mx\/#website\",\"url\":\"https:\/\/nitu.mx\/\",\"name\":\"Nitu - Noticias de la Industria Turistica\",\"description\":\"Noticias de la Industria Turistica\",\"publisher\":{\"@id\":\"https:\/\/nitu.mx\/#\/schema\/person\/ae7a53426417292d3dd07b45a33e01bc\"},\"alternateName\":\"Noticias de la Industria Turistica\",\"potentialAction\":[{\"@type\":\"SearchAction\",\"target\":{\"@type\":\"EntryPoint\",\"urlTemplate\":\"https:\/\/nitu.mx\/?s={search_term_string}\"},\"query-input\":\"required name=search_term_string\"}],\"inLanguage\":\"es-MX\"},{\"@type\":[\"Person\",\"Organization\"],\"@id\":\"https:\/\/nitu.mx\/#\/schema\/person\/ae7a53426417292d3dd07b45a33e01bc\",\"name\":\"Arturo Medina\",\"image\":{\"@type\":\"ImageObject\",\"inLanguage\":\"es-MX\",\"@id\":\"https:\/\/nitu.mx\/#\/schema\/person\/image\/\",\"url\":\"https:\/\/nitu.mx\/wp-content\/uploads\/2024\/04\/4A315622-1904-4D5C-B022-878CDC840E04-90x90-1.jpeg\",\"contentUrl\":\"https:\/\/nitu.mx\/wp-content\/uploads\/2024\/04\/4A315622-1904-4D5C-B022-878CDC840E04-90x90-1.jpeg\",\"width\":90,\"height\":90,\"caption\":\"Arturo Medina\"},\"logo\":{\"@id\":\"https:\/\/nitu.mx\/#\/schema\/person\/image\/\"},\"description\":\"Director NITU.mx, Egresado de la Escuela de Periodismo Carlos Septi\u00e9n Garc\u00eda. Periodista y analista especializado en turismo desde hace 35 a\u00f1os, radicado en Canc\u00fan Q.Roo. arturo@nitu.mx\",\"sameAs\":[\"https:\/\/nitu.mx\",\"https:\/\/www.facebook.com\/NITUmx\/\",\"medinacancun\",\"https:\/\/twitter.com\/@Arturo_Medina_G\"]},{\"@type\":\"Person\",\"@id\":\"https:\/\/nitu.mx\/#\/schema\/person\/4a28fe9bd65924f7c90623773daf1b0b\",\"name\":\"Redacci\u00f3n\",\"image\":{\"@type\":\"ImageObject\",\"inLanguage\":\"es-MX\",\"@id\":\"https:\/\/nitu.mx\/#\/schema\/person\/image\/\",\"url\":\"https:\/\/secure.gravatar.com\/avatar\/5dd011c8ccfc5cd7e4c81e42252aab38?s=96&d=mm&r=g\",\"contentUrl\":\"https:\/\/secure.gravatar.com\/avatar\/5dd011c8ccfc5cd7e4c81e42252aab38?s=96&d=mm&r=g\",\"caption\":\"Redacci\u00f3n\"},\"url\":\"https:\/\/nitu.mx\/index.php\/author\/redaccion\/\"}]}<\/script>\n<!-- \/ Yoast SEO plugin. -->","yoast_head_json":{"title":"Mara Lezama y COPARMEX refrendan alianza para consolidar a Quintana Roo como motor tur\u00edstico y l\u00edder econ\u00f3mico\u00a0 - Nitu - Noticias de la Industria Turistica","robots":{"index":"index","follow":"follow","max-snippet":"max-snippet:-1","max-image-preview":"max-image-preview:large","max-video-preview":"max-video-preview:-1"},"canonical":"https:\/\/nitu.mx\/index.php\/2025\/08\/04\/mara-lezama-y-coparmex-refrendan-alianza-para-consolidar-a-quintana-roo-como-motor-turistico-y-lider-economico\/","twitter_card":"summary_large_image","twitter_title":"Mara Lezama y COPARMEX refrendan alianza para consolidar a Quintana Roo como motor tur\u00edstico y l\u00edder econ\u00f3mico\u00a0 - Nitu - Noticias de la Industria Turistica","twitter_description":"La gobernadora de Quintana Roo, Mara Lezama Espinosa, asisti\u00f3 a la Toma de Compromiso del Consejo Directivo 2025-2027 Coparmex Quintana Roo que presidir\u00e1 Mar\u00eda Jovita Portillo Navarro, con la presencia del presidente nacional de la Confederaci\u00f3n Patronal de la Rep\u00fablica Mexicana, Juan Jos\u00e9 Sierra \u00c1lvarez. Al felicitar a Mar\u00eda Jovita por este encargo, Mara Lezama [&hellip;]","twitter_image":"https:\/\/nitu.mx\/wp-content\/uploads\/2025\/08\/Mara-Lezama-y-COPARMEX.jpg","twitter_creator":"@NITUmx","twitter_site":"@Arturo_Medina_G","twitter_misc":{"Escrito por":"Redacci\u00f3n","Tiempo de lectura":"3 minutos"},"schema":{"@context":"https:\/\/schema.org","@graph":[{"@type":"Article","@id":"https:\/\/nitu.mx\/index.php\/2025\/08\/04\/mara-lezama-y-coparmex-refrendan-alianza-para-consolidar-a-quintana-roo-como-motor-turistico-y-lider-economico\/#article","isPartOf":{"@id":"https:\/\/nitu.mx\/index.php\/2025\/08\/04\/mara-lezama-y-coparmex-refrendan-alianza-para-consolidar-a-quintana-roo-como-motor-turistico-y-lider-economico\/"},"author":{"name":"Redacci\u00f3n","@id":"https:\/\/nitu.mx\/#\/schema\/person\/4a28fe9bd65924f7c90623773daf1b0b"},"headline":"Mara Lezama y COPARMEX refrendan alianza para consolidar a Quintana Roo como motor tur\u00edstico y l\u00edder econ\u00f3mico\u00a0","datePublished":"2025-08-04T06:52:33+00:00","dateModified":"2025-08-04T06:52:33+00:00","mainEntityOfPage":{"@id":"https:\/\/nitu.mx\/index.php\/2025\/08\/04\/mara-lezama-y-coparmex-refrendan-alianza-para-consolidar-a-quintana-roo-como-motor-turistico-y-lider-economico\/"},"wordCount":565,"publisher":{"@id":"https:\/\/nitu.mx\/#\/schema\/person\/ae7a53426417292d3dd07b45a33e01bc"},"image":{"@id":"https:\/\/nitu.mx\/index.php\/2025\/08\/04\/mara-lezama-y-coparmex-refrendan-alianza-para-consolidar-a-quintana-roo-como-motor-turistico-y-lider-economico\/#primaryimage"},"thumbnailUrl":"https:\/\/nitu.mx\/wp-content\/uploads\/2025\/08\/Mara-Lezama-y-COPARMEX.jpg","keywords":["Canc\u00fan","Coparmex","Jovita Portillo","Mara Lezama","Quintana Roo"],"articleSection":["Caribe Mexicano"],"inLanguage":"es-MX"},{"@type":"WebPage","@id":"https:\/\/nitu.mx\/index.php\/2025\/08\/04\/mara-lezama-y-coparmex-refrendan-alianza-para-consolidar-a-quintana-roo-como-motor-turistico-y-lider-economico\/","url":"https:\/\/nitu.mx\/index.php\/2025\/08\/04\/mara-lezama-y-coparmex-refrendan-alianza-para-consolidar-a-quintana-roo-como-motor-turistico-y-lider-economico\/","name":"Mara Lezama y COPARMEX refrendan alianza para consolidar a Quintana Roo como motor tur\u00edstico y l\u00edder econ\u00f3mico\u00a0 - Nitu - Noticias de la Industria Turistica","isPartOf":{"@id":"https:\/\/nitu.mx\/#website"},"primaryImageOfPage":{"@id":"https:\/\/nitu.mx\/index.php\/2025\/08\/04\/mara-lezama-y-coparmex-refrendan-alianza-para-consolidar-a-quintana-roo-como-motor-turistico-y-lider-economico\/#primaryimage"},"image":{"@id":"https:\/\/nitu.mx\/index.php\/2025\/08\/04\/mara-lezama-y-coparmex-refrendan-alianza-para-consolidar-a-quintana-roo-como-motor-turistico-y-lider-economico\/#primaryimage"},"thumbnailUrl":"https:\/\/nitu.mx\/wp-content\/uploads\/2025\/08\/Mara-Lezama-y-COPARMEX.jpg","datePublished":"2025-08-04T06:52:33+00:00","dateModified":"2025-08-04T06:52:33+00:00","breadcrumb":{"@id":"https:\/\/nitu.mx\/index.php\/2025\/08\/04\/mara-lezama-y-coparmex-refrendan-alianza-para-consolidar-a-quintana-roo-como-motor-turistico-y-lider-economico\/#breadcrumb"},"inLanguage":"es-MX","potentialAction":[{"@type":"ReadAction","target":["https:\/\/nitu.mx\/index.php\/2025\/08\/04\/mara-lezama-y-coparmex-refrendan-alianza-para-consolidar-a-quintana-roo-como-motor-turistico-y-lider-economico\/"]}]},{"@type":"ImageObject","inLanguage":"es-MX","@id":"https:\/\/nitu.mx\/index.php\/2025\/08\/04\/mara-lezama-y-coparmex-refrendan-alianza-para-consolidar-a-quintana-roo-como-motor-turistico-y-lider-economico\/#primaryimage","url":"https:\/\/nitu.mx\/wp-content\/uploads\/2025\/08\/Mara-Lezama-y-COPARMEX.jpg","contentUrl":"https:\/\/nitu.mx\/wp-content\/uploads\/2025\/08\/Mara-Lezama-y-COPARMEX.jpg","width":1200,"height":675,"caption":"Mara Lezama y COPARMEX"},{"@type":"BreadcrumbList","@id":"https:\/\/nitu.mx\/index.php\/2025\/08\/04\/mara-lezama-y-coparmex-refrendan-alianza-para-consolidar-a-quintana-roo-como-motor-turistico-y-lider-economico\/#breadcrumb","itemListElement":[{"@type":"ListItem","position":1,"name":"Inicio","item":"https:\/\/nitu.mx\/"},{"@type":"ListItem","position":2,"name":"Mara Lezama y COPARMEX refrendan alianza para consolidar a Quintana Roo como motor tur\u00edstico y l\u00edder econ\u00f3mico\u00a0"}]},{"@type":"WebSite","@id":"https:\/\/nitu.mx\/#website","url":"https:\/\/nitu.mx\/","name":"Nitu - Noticias de la Industria Turistica","description":"Noticias de la Industria Turistica","publisher":{"@id":"https:\/\/nitu.mx\/#\/schema\/person\/ae7a53426417292d3dd07b45a33e01bc"},"alternateName":"Noticias de la Industria Turistica","potentialAction":[{"@type":"SearchAction","target":{"@type":"EntryPoint","urlTemplate":"https:\/\/nitu.mx\/?s={search_term_string}"},"query-input":"required name=search_term_string"}],"inLanguage":"es-MX"},{"@type":["Person","Organization"],"@id":"https:\/\/nitu.mx\/#\/schema\/person\/ae7a53426417292d3dd07b45a33e01bc","name":"Arturo Medina","image":{"@type":"ImageObject","inLanguage":"es-MX","@id":"https:\/\/nitu.mx\/#\/schema\/person\/image\/","url":"https:\/\/nitu.mx\/wp-content\/uploads\/2024\/04\/4A315622-1904-4D5C-B022-878CDC840E04-90x90-1.jpeg","contentUrl":"https:\/\/nitu.mx\/wp-content\/uploads\/2024\/04\/4A315622-1904-4D5C-B022-878CDC840E04-90x90-1.jpeg","width":90,"height":90,"caption":"Arturo Medina"},"logo":{"@id":"https:\/\/nitu.mx\/#\/schema\/person\/image\/"},"description":"Director NITU.mx, Egresado de la Escuela de Periodismo Carlos Septi\u00e9n Garc\u00eda. Periodista y analista especializado en turismo desde hace 35 a\u00f1os, radicado en Canc\u00fan Q.Roo. arturo@nitu.mx","sameAs":["https:\/\/nitu.mx","https:\/\/www.facebook.com\/NITUmx\/","medinacancun","https:\/\/twitter.com\/@Arturo_Medina_G"]},{"@type":"Person","@id":"https:\/\/nitu.mx\/#\/schema\/person\/4a28fe9bd65924f7c90623773daf1b0b","name":"Redacci\u00f3n","image":{"@type":"ImageObject","inLanguage":"es-MX","@id":"https:\/\/nitu.mx\/#\/schema\/person\/image\/","url":"https:\/\/secure.gravatar.com\/avatar\/5dd011c8ccfc5cd7e4c81e42252aab38?s=96&d=mm&r=g","contentUrl":"https:\/\/secure.gravatar.com\/avatar\/5dd011c8ccfc5cd7e4c81e42252aab38?s=96&d=mm&r=g","caption":"Redacci\u00f3n"},"url":"https:\/\/nitu.mx\/index.php\/author\/redaccion\/"}]}},"views":506,"_links":{"self":[{"href":"https:\/\/nitu.mx\/index.php\/wp-json\/wp\/v2\/posts\/82610"}],"collection":[{"href":"https:\/\/nitu.mx\/index.php\/wp-json\/wp\/v2\/posts"}],"about":[{"href":"https:\/\/nitu.mx\/index.php\/wp-json\/wp\/v2\/types\/post"}],"author":[{"embeddable":true,"href":"https:\/\/nitu.mx\/index.php\/wp-json\/wp\/v2\/users\/17"}],"replies":[{"embeddable":true,"href":"https:\/\/nitu.mx\/index.php\/wp-json\/wp\/v2\/comments?post=82610"}],"version-history":[{"count":1,"href":"https:\/\/nitu.mx\/index.php\/wp-json\/wp\/v2\/posts\/82610\/revisions"}],"predecessor-version":[{"id":82613,"href":"https:\/\/nitu.mx\/index.php\/wp-json\/wp\/v2\/posts\/82610\/revisions\/82613"}],"wp:featuredmedia":[{"embeddable":true,"href":"https:\/\/nitu.mx\/index.php\/wp-json\/wp\/v2\/media\/82612"}],"wp:attachment":[{"href":"https:\/\/nitu.mx\/index.php\/wp-json\/wp\/v2\/media?parent=82610"}],"wp:term":[{"taxonomy":"category","embeddable":true,"href":"https:\/\/nitu.mx\/index.php\/wp-json\/wp\/v2\/categories?post=82610"},{"taxonomy":"post_tag","embeddable":true,"href":"https:\/\/nitu.mx\/index.php\/wp-json\/wp\/v2\/tags?post=82610"}],"curies":[{"name":"wp","href":"https:\/\/api.w.org\/{rel}","templated":true}]}}