{"id":82589,"date":"2025-08-04T00:26:02","date_gmt":"2025-08-04T06:26:02","guid":{"rendered":"https:\/\/nitu.mx\/?p=82589"},"modified":"2025-08-04T00:26:03","modified_gmt":"2025-08-04T06:26:03","slug":"sabor-que-trasciende-fronteras-la-gastronomia-como-experiencia-turistica-en-ecume","status":"publish","type":"post","link":"https:\/\/nitu.mx\/index.php\/2025\/08\/04\/sabor-que-trasciende-fronteras-la-gastronomia-como-experiencia-turistica-en-ecume\/","title":{"rendered":"Sabor que trasciende fronteras: la gastronom\u00eda como experiencia tur\u00edstica en ECUME"},"content":{"rendered":"<p>En los \u00faltimos a\u00f1os, la gastronom\u00eda ha dejado de ser un simple complemento de viaje para convertirse en un verdadero motor de experiencias tur\u00edsticas. Ya no se trata solo de dormir bien, sino de comer mejor.<\/p>\n<p>Hoy, hoteles como el Las Brisas M\u00e9rida, lo entienden claramente. Es por ello, que el chef ejecutivo del hotel insignia de la marca Nizuc Hotel &amp; Spa, Sylvain Desbois, es ahora quien lleva su talento para desarrollar un concepto culinario que fusiona la riqueza del producto yucateco con la sutileza de sus ra\u00edces francesas.<\/p>\n<p>\u201cLlevo 20 a\u00f1os en M\u00e9xico y siempre he tenido en mente la idea de poner un poco de mis or\u00edgenes en la cocina, sin perder de vista los productos locales\u201d, explica Desbois, quien lidera la propuesta gastron\u00f3mica de Restaurante Kim, el coraz\u00f3n culinario del hotel Nizuc Hotel &amp; Spa y ahora ante la compra del Grupo Brisas, el restaurante ECUME de Brisas M\u00e9rida.<\/p>\n<p>Cocina con identidad<\/p>\n<p>Desbois habla con entusiasmo de las posibilidades que ofrece Yucat\u00e1n: ingredientes frescos, condimentos \u00fanicos y una cultura culinaria milenaria. \u201cFue muy f\u00e1cil crear el concepto, porque aqu\u00ed hay una gran diversidad de productos\u201d, cuenta. Ejemplo de ello es su reinterpretaci\u00f3n de la cochinita pibil, cuyos condimentos ha usado para marinar pescado, o su sorprendente helado de aceite de oliva Santo Tom\u00e1s, que acompa\u00f1a una tarta de papaya y sustituye la tradicional vainilla, equilibrando sabores sin a\u00f1adir az\u00facar.<\/p>\n<p>Estos gui\u00f1os creativos responden a una tendencia creciente: el turismo gastron\u00f3mico. Cada vez m\u00e1s viajeros eligen sus destinos no solo por sus playas o paisajes, sino por lo que pueden probar en el plato. \u201cHoy la gente busca bienestar, pero tambi\u00e9n buen comer. Despu\u00e9s de un tour por Chich\u00e9n Itz\u00e1, quieren regresar al hotel y tener una experiencia culinaria memorable\u201d, se\u00f1ala el chef.<\/p>\n<p>Un restaurante que conquista a locales y visitantes<\/p>\n<p>Aunque ECUME se ubica dentro del hotel, su cocina no est\u00e1 dirigida exclusivamente a los hu\u00e9spedes. De hecho, los fines de semana, el restaurante se llena de familias locales que vienen a disfrutar de un buen desayuno o almuerzo, lo que demuestra el arraigo que ha logrado en poco tiempo. Con una carta breve pero bien pensada \u2014alrededor de 22 platillos\u2014 y una capacidad para atender de 60 a 80 comensales (hasta 110 en eventos), la propuesta ha comenzado a consolidarse.<\/p>\n<p>Desbois lidera un equipo de once cocineros que no solo ejecutan sus recetas, sino que comparten el entusiasmo por aprender. \u201cMe siento afortunado de trabajar con j\u00f3venes con talento y ganas de crecer. Aqu\u00ed fluye todo con naturalidad\u201d, asegura.<\/p>\n<p>El futuro: eventos con sabor<\/p>\n<p>El siguiente paso, dice el chef, ser\u00e1 consolidar la oferta y fortalecer el \u00e1rea de banquetes: \u201cQueremos hacer de este lugar un espacio para bodas, bautizos, quince a\u00f1os o reuniones. Contamos con un sal\u00f3n para 80 personas que puede adaptarse a cualquier celebraci\u00f3n\u201d. La gastronom\u00eda, en este contexto, vuelve a ser protagonista.<\/p>\n<p>En un momento en el que los destinos compiten no solo por su belleza, sino por su capacidad de ofrecer experiencias aut\u00e9nticas, la cocina se convierte en un puente entre culturas. La visi\u00f3n de Sylvain Desbois y su equipo es ejemplo de c\u00f3mo la fusi\u00f3n de tradiciones puede cautivar paladares y enriquecer la vivencia del viaje. Porque, al final, tambi\u00e9n se recuerda un destino por su sabor. (<a href=\"https:\/\/nitu.mx\/index.php\/2025\/07\/17\/ecume-revoluciona-la-alta-cocina-en-merida-con-una-fusion-franco-maya-liderada-por-el-chef-sylvain-desbois\/\">\u00c9CUME revoluciona la alta cocina en M\u00e9rida con una fusi\u00f3n franco-maya liderada por el chef Sylvain Desbois<\/a>).<\/p>\n","protected":false},"excerpt":{"rendered":"<p>En los \u00faltimos a\u00f1os, la gastronom\u00eda ha dejado de ser un simple complemento de viaje para convertirse en un verdadero motor de experiencias tur\u00edsticas. Ya no se trata solo de dormir bien, sino de comer mejor. Hoy, hoteles como el Las Brisas M\u00e9rida, lo entienden claramente. Es por ello, que el chef ejecutivo del hotel [&hellip;]<\/p>\n","protected":false},"author":3,"featured_media":82590,"comment_status":"closed","ping_status":"closed","sticky":false,"template":"","format":"standard","meta":{"footnotes":""},"categories":[24336,2],"tags":[27583,4968,27376,27584,15130],"yoast_head":"<!-- This site is optimized with the Yoast SEO plugin v22.2 - https:\/\/yoast.com\/wordpress\/plugins\/seo\/ -->\n<title>Sabor que trasciende fronteras: la gastronom\u00eda como experiencia tur\u00edstica en ECUME - Nitu - Noticias de la Industria Turistica<\/title>\n<meta name=\"robots\" content=\"index, follow, max-snippet:-1, max-image-preview:large, max-video-preview:-1\" \/>\n<link rel=\"canonical\" href=\"https:\/\/nitu.mx\/index.php\/2025\/08\/04\/sabor-que-trasciende-fronteras-la-gastronomia-como-experiencia-turistica-en-ecume\/\" \/>\n<meta name=\"twitter:card\" content=\"summary_large_image\" \/>\n<meta name=\"twitter:title\" content=\"Sabor que trasciende fronteras: la gastronom\u00eda como experiencia tur\u00edstica en ECUME - Nitu - Noticias de la Industria Turistica\" \/>\n<meta name=\"twitter:description\" content=\"En los \u00faltimos a\u00f1os, la gastronom\u00eda ha dejado de ser un simple complemento de viaje para convertirse en un verdadero motor de experiencias tur\u00edsticas. Ya no se trata solo de dormir bien, sino de comer mejor. Hoy, hoteles como el Las Brisas M\u00e9rida, lo entienden claramente. Es por ello, que el chef ejecutivo del hotel [&hellip;]\" \/>\n<meta name=\"twitter:image\" content=\"https:\/\/nitu.mx\/wp-content\/uploads\/2025\/08\/SYLVAIN-DESBOIS.jpeg\" \/>\n<meta name=\"twitter:creator\" content=\"@NITUmx\" \/>\n<meta name=\"twitter:site\" content=\"@Arturo_Medina_G\" \/>\n<meta name=\"twitter:label1\" content=\"Escrito por\" \/>\n\t<meta name=\"twitter:data1\" content=\"Alejandra Moncisbays\" \/>\n\t<meta name=\"twitter:label2\" content=\"Tiempo de lectura\" \/>\n\t<meta name=\"twitter:data2\" content=\"3 minutos\" \/>\n<script type=\"application\/ld+json\" class=\"yoast-schema-graph\">{\"@context\":\"https:\/\/schema.org\",\"@graph\":[{\"@type\":\"Article\",\"@id\":\"https:\/\/nitu.mx\/index.php\/2025\/08\/04\/sabor-que-trasciende-fronteras-la-gastronomia-como-experiencia-turistica-en-ecume\/#article\",\"isPartOf\":{\"@id\":\"https:\/\/nitu.mx\/index.php\/2025\/08\/04\/sabor-que-trasciende-fronteras-la-gastronomia-como-experiencia-turistica-en-ecume\/\"},\"author\":{\"name\":\"Alejandra Moncisbays\",\"@id\":\"https:\/\/nitu.mx\/#\/schema\/person\/2ecd887b19dfd3382d1f14fc5acf24a8\"},\"headline\":\"Sabor que trasciende fronteras: la gastronom\u00eda como experiencia tur\u00edstica en ECUME\",\"datePublished\":\"2025-08-04T06:26:02+00:00\",\"dateModified\":\"2025-08-04T06:26:03+00:00\",\"mainEntityOfPage\":{\"@id\":\"https:\/\/nitu.mx\/index.php\/2025\/08\/04\/sabor-que-trasciende-fronteras-la-gastronomia-como-experiencia-turistica-en-ecume\/\"},\"wordCount\":610,\"publisher\":{\"@id\":\"https:\/\/nitu.mx\/#\/schema\/person\/ae7a53426417292d3dd07b45a33e01bc\"},\"image\":{\"@id\":\"https:\/\/nitu.mx\/index.php\/2025\/08\/04\/sabor-que-trasciende-fronteras-la-gastronomia-como-experiencia-turistica-en-ecume\/#primaryimage\"},\"thumbnailUrl\":\"https:\/\/nitu.mx\/wp-content\/uploads\/2025\/08\/SYLVAIN-DESBOIS.jpeg\",\"keywords\":[\"ECUME\",\"gastronom\u00eda\",\"Las Brisas M\u00e9rida\",\"Nizuc Hotel &amp; Spa\",\"Sylvain Desbois\"],\"articleSection\":[\"Food &amp; Drinks\",\"Hoteles\"],\"inLanguage\":\"es-MX\"},{\"@type\":\"WebPage\",\"@id\":\"https:\/\/nitu.mx\/index.php\/2025\/08\/04\/sabor-que-trasciende-fronteras-la-gastronomia-como-experiencia-turistica-en-ecume\/\",\"url\":\"https:\/\/nitu.mx\/index.php\/2025\/08\/04\/sabor-que-trasciende-fronteras-la-gastronomia-como-experiencia-turistica-en-ecume\/\",\"name\":\"Sabor que trasciende fronteras: la gastronom\u00eda como experiencia tur\u00edstica en ECUME - Nitu - Noticias de la Industria Turistica\",\"isPartOf\":{\"@id\":\"https:\/\/nitu.mx\/#website\"},\"primaryImageOfPage\":{\"@id\":\"https:\/\/nitu.mx\/index.php\/2025\/08\/04\/sabor-que-trasciende-fronteras-la-gastronomia-como-experiencia-turistica-en-ecume\/#primaryimage\"},\"image\":{\"@id\":\"https:\/\/nitu.mx\/index.php\/2025\/08\/04\/sabor-que-trasciende-fronteras-la-gastronomia-como-experiencia-turistica-en-ecume\/#primaryimage\"},\"thumbnailUrl\":\"https:\/\/nitu.mx\/wp-content\/uploads\/2025\/08\/SYLVAIN-DESBOIS.jpeg\",\"datePublished\":\"2025-08-04T06:26:02+00:00\",\"dateModified\":\"2025-08-04T06:26:03+00:00\",\"breadcrumb\":{\"@id\":\"https:\/\/nitu.mx\/index.php\/2025\/08\/04\/sabor-que-trasciende-fronteras-la-gastronomia-como-experiencia-turistica-en-ecume\/#breadcrumb\"},\"inLanguage\":\"es-MX\",\"potentialAction\":[{\"@type\":\"ReadAction\",\"target\":[\"https:\/\/nitu.mx\/index.php\/2025\/08\/04\/sabor-que-trasciende-fronteras-la-gastronomia-como-experiencia-turistica-en-ecume\/\"]}]},{\"@type\":\"ImageObject\",\"inLanguage\":\"es-MX\",\"@id\":\"https:\/\/nitu.mx\/index.php\/2025\/08\/04\/sabor-que-trasciende-fronteras-la-gastronomia-como-experiencia-turistica-en-ecume\/#primaryimage\",\"url\":\"https:\/\/nitu.mx\/wp-content\/uploads\/2025\/08\/SYLVAIN-DESBOIS.jpeg\",\"contentUrl\":\"https:\/\/nitu.mx\/wp-content\/uploads\/2025\/08\/SYLVAIN-DESBOIS.jpeg\",\"width\":960,\"height\":1280},{\"@type\":\"BreadcrumbList\",\"@id\":\"https:\/\/nitu.mx\/index.php\/2025\/08\/04\/sabor-que-trasciende-fronteras-la-gastronomia-como-experiencia-turistica-en-ecume\/#breadcrumb\",\"itemListElement\":[{\"@type\":\"ListItem\",\"position\":1,\"name\":\"Inicio\",\"item\":\"https:\/\/nitu.mx\/\"},{\"@type\":\"ListItem\",\"position\":2,\"name\":\"Sabor que trasciende fronteras: la gastronom\u00eda como experiencia tur\u00edstica en ECUME\"}]},{\"@type\":\"WebSite\",\"@id\":\"https:\/\/nitu.mx\/#website\",\"url\":\"https:\/\/nitu.mx\/\",\"name\":\"Nitu - Noticias de la Industria Turistica\",\"description\":\"Noticias de la Industria Turistica\",\"publisher\":{\"@id\":\"https:\/\/nitu.mx\/#\/schema\/person\/ae7a53426417292d3dd07b45a33e01bc\"},\"alternateName\":\"Noticias de la Industria Turistica\",\"potentialAction\":[{\"@type\":\"SearchAction\",\"target\":{\"@type\":\"EntryPoint\",\"urlTemplate\":\"https:\/\/nitu.mx\/?s={search_term_string}\"},\"query-input\":\"required name=search_term_string\"}],\"inLanguage\":\"es-MX\"},{\"@type\":[\"Person\",\"Organization\"],\"@id\":\"https:\/\/nitu.mx\/#\/schema\/person\/ae7a53426417292d3dd07b45a33e01bc\",\"name\":\"Arturo Medina\",\"image\":{\"@type\":\"ImageObject\",\"inLanguage\":\"es-MX\",\"@id\":\"https:\/\/nitu.mx\/#\/schema\/person\/image\/\",\"url\":\"https:\/\/nitu.mx\/wp-content\/uploads\/2024\/04\/4A315622-1904-4D5C-B022-878CDC840E04-90x90-1.jpeg\",\"contentUrl\":\"https:\/\/nitu.mx\/wp-content\/uploads\/2024\/04\/4A315622-1904-4D5C-B022-878CDC840E04-90x90-1.jpeg\",\"width\":90,\"height\":90,\"caption\":\"Arturo Medina\"},\"logo\":{\"@id\":\"https:\/\/nitu.mx\/#\/schema\/person\/image\/\"},\"description\":\"Director NITU.mx, Egresado de la Escuela de Periodismo Carlos Septi\u00e9n Garc\u00eda. Periodista y analista especializado en turismo desde hace 35 a\u00f1os, radicado en Canc\u00fan Q.Roo. arturo@nitu.mx\",\"sameAs\":[\"https:\/\/nitu.mx\",\"https:\/\/www.facebook.com\/NITUmx\/\",\"medinacancun\",\"https:\/\/twitter.com\/@Arturo_Medina_G\"]},{\"@type\":\"Person\",\"@id\":\"https:\/\/nitu.mx\/#\/schema\/person\/2ecd887b19dfd3382d1f14fc5acf24a8\",\"name\":\"Alejandra Moncisbays\",\"image\":{\"@type\":\"ImageObject\",\"inLanguage\":\"es-MX\",\"@id\":\"https:\/\/nitu.mx\/#\/schema\/person\/image\/\",\"url\":\"https:\/\/secure.gravatar.com\/avatar\/e74f7af0be172b7804dacfd0bfbef787?s=96&d=mm&r=g\",\"contentUrl\":\"https:\/\/secure.gravatar.com\/avatar\/e74f7af0be172b7804dacfd0bfbef787?s=96&d=mm&r=g\",\"caption\":\"Alejandra Moncisbays\"},\"description\":\"Curs\u00e9 la carrera de Periodismo y Comunicaci\u00f3n en la Facultad de Estudios Profesionales Acatl\u00e1n. Vivo en Canc\u00fan desde hace 24 a\u00f1os. Fui reportera de La Tarde de Canc\u00fan, y Novedades de Quintana Roo, colabor\u00e9 en TVCUN, edit\u00e9 Cancun\u00edssimo y colabor\u00e9 en las revistas Latitud21, entre otras, con principal enfoque en los sectores empresarial y tur\u00edstico. Desde hace varios a\u00f1os soy Agente de Seguros con c\u00e9dula de la Comisi\u00f3n Nacional de Seguros y Fianzas. Actualmente, me desarrollo en los \u00e1mbitos del periodismo y el sector asegurador.\",\"sameAs\":[\"https:\/\/nitu.mx\"],\"url\":\"https:\/\/nitu.mx\/index.php\/author\/alejandra\/\"}]}<\/script>\n<!-- \/ Yoast SEO plugin. -->","yoast_head_json":{"title":"Sabor que trasciende fronteras: la gastronom\u00eda como experiencia tur\u00edstica en ECUME - Nitu - Noticias de la Industria Turistica","robots":{"index":"index","follow":"follow","max-snippet":"max-snippet:-1","max-image-preview":"max-image-preview:large","max-video-preview":"max-video-preview:-1"},"canonical":"https:\/\/nitu.mx\/index.php\/2025\/08\/04\/sabor-que-trasciende-fronteras-la-gastronomia-como-experiencia-turistica-en-ecume\/","twitter_card":"summary_large_image","twitter_title":"Sabor que trasciende fronteras: la gastronom\u00eda como experiencia tur\u00edstica en ECUME - Nitu - Noticias de la Industria Turistica","twitter_description":"En los \u00faltimos a\u00f1os, la gastronom\u00eda ha dejado de ser un simple complemento de viaje para convertirse en un verdadero motor de experiencias tur\u00edsticas. Ya no se trata solo de dormir bien, sino de comer mejor. Hoy, hoteles como el Las Brisas M\u00e9rida, lo entienden claramente. Es por ello, que el chef ejecutivo del hotel [&hellip;]","twitter_image":"https:\/\/nitu.mx\/wp-content\/uploads\/2025\/08\/SYLVAIN-DESBOIS.jpeg","twitter_creator":"@NITUmx","twitter_site":"@Arturo_Medina_G","twitter_misc":{"Escrito por":"Alejandra Moncisbays","Tiempo de lectura":"3 minutos"},"schema":{"@context":"https:\/\/schema.org","@graph":[{"@type":"Article","@id":"https:\/\/nitu.mx\/index.php\/2025\/08\/04\/sabor-que-trasciende-fronteras-la-gastronomia-como-experiencia-turistica-en-ecume\/#article","isPartOf":{"@id":"https:\/\/nitu.mx\/index.php\/2025\/08\/04\/sabor-que-trasciende-fronteras-la-gastronomia-como-experiencia-turistica-en-ecume\/"},"author":{"name":"Alejandra Moncisbays","@id":"https:\/\/nitu.mx\/#\/schema\/person\/2ecd887b19dfd3382d1f14fc5acf24a8"},"headline":"Sabor que trasciende fronteras: la gastronom\u00eda como experiencia tur\u00edstica en ECUME","datePublished":"2025-08-04T06:26:02+00:00","dateModified":"2025-08-04T06:26:03+00:00","mainEntityOfPage":{"@id":"https:\/\/nitu.mx\/index.php\/2025\/08\/04\/sabor-que-trasciende-fronteras-la-gastronomia-como-experiencia-turistica-en-ecume\/"},"wordCount":610,"publisher":{"@id":"https:\/\/nitu.mx\/#\/schema\/person\/ae7a53426417292d3dd07b45a33e01bc"},"image":{"@id":"https:\/\/nitu.mx\/index.php\/2025\/08\/04\/sabor-que-trasciende-fronteras-la-gastronomia-como-experiencia-turistica-en-ecume\/#primaryimage"},"thumbnailUrl":"https:\/\/nitu.mx\/wp-content\/uploads\/2025\/08\/SYLVAIN-DESBOIS.jpeg","keywords":["ECUME","gastronom\u00eda","Las Brisas M\u00e9rida","Nizuc Hotel &amp; Spa","Sylvain Desbois"],"articleSection":["Food &amp; Drinks","Hoteles"],"inLanguage":"es-MX"},{"@type":"WebPage","@id":"https:\/\/nitu.mx\/index.php\/2025\/08\/04\/sabor-que-trasciende-fronteras-la-gastronomia-como-experiencia-turistica-en-ecume\/","url":"https:\/\/nitu.mx\/index.php\/2025\/08\/04\/sabor-que-trasciende-fronteras-la-gastronomia-como-experiencia-turistica-en-ecume\/","name":"Sabor que trasciende fronteras: la gastronom\u00eda como experiencia tur\u00edstica en ECUME - Nitu - Noticias de la Industria Turistica","isPartOf":{"@id":"https:\/\/nitu.mx\/#website"},"primaryImageOfPage":{"@id":"https:\/\/nitu.mx\/index.php\/2025\/08\/04\/sabor-que-trasciende-fronteras-la-gastronomia-como-experiencia-turistica-en-ecume\/#primaryimage"},"image":{"@id":"https:\/\/nitu.mx\/index.php\/2025\/08\/04\/sabor-que-trasciende-fronteras-la-gastronomia-como-experiencia-turistica-en-ecume\/#primaryimage"},"thumbnailUrl":"https:\/\/nitu.mx\/wp-content\/uploads\/2025\/08\/SYLVAIN-DESBOIS.jpeg","datePublished":"2025-08-04T06:26:02+00:00","dateModified":"2025-08-04T06:26:03+00:00","breadcrumb":{"@id":"https:\/\/nitu.mx\/index.php\/2025\/08\/04\/sabor-que-trasciende-fronteras-la-gastronomia-como-experiencia-turistica-en-ecume\/#breadcrumb"},"inLanguage":"es-MX","potentialAction":[{"@type":"ReadAction","target":["https:\/\/nitu.mx\/index.php\/2025\/08\/04\/sabor-que-trasciende-fronteras-la-gastronomia-como-experiencia-turistica-en-ecume\/"]}]},{"@type":"ImageObject","inLanguage":"es-MX","@id":"https:\/\/nitu.mx\/index.php\/2025\/08\/04\/sabor-que-trasciende-fronteras-la-gastronomia-como-experiencia-turistica-en-ecume\/#primaryimage","url":"https:\/\/nitu.mx\/wp-content\/uploads\/2025\/08\/SYLVAIN-DESBOIS.jpeg","contentUrl":"https:\/\/nitu.mx\/wp-content\/uploads\/2025\/08\/SYLVAIN-DESBOIS.jpeg","width":960,"height":1280},{"@type":"BreadcrumbList","@id":"https:\/\/nitu.mx\/index.php\/2025\/08\/04\/sabor-que-trasciende-fronteras-la-gastronomia-como-experiencia-turistica-en-ecume\/#breadcrumb","itemListElement":[{"@type":"ListItem","position":1,"name":"Inicio","item":"https:\/\/nitu.mx\/"},{"@type":"ListItem","position":2,"name":"Sabor que trasciende fronteras: la gastronom\u00eda como experiencia tur\u00edstica en ECUME"}]},{"@type":"WebSite","@id":"https:\/\/nitu.mx\/#website","url":"https:\/\/nitu.mx\/","name":"Nitu - Noticias de la Industria Turistica","description":"Noticias de la Industria Turistica","publisher":{"@id":"https:\/\/nitu.mx\/#\/schema\/person\/ae7a53426417292d3dd07b45a33e01bc"},"alternateName":"Noticias de la Industria Turistica","potentialAction":[{"@type":"SearchAction","target":{"@type":"EntryPoint","urlTemplate":"https:\/\/nitu.mx\/?s={search_term_string}"},"query-input":"required name=search_term_string"}],"inLanguage":"es-MX"},{"@type":["Person","Organization"],"@id":"https:\/\/nitu.mx\/#\/schema\/person\/ae7a53426417292d3dd07b45a33e01bc","name":"Arturo Medina","image":{"@type":"ImageObject","inLanguage":"es-MX","@id":"https:\/\/nitu.mx\/#\/schema\/person\/image\/","url":"https:\/\/nitu.mx\/wp-content\/uploads\/2024\/04\/4A315622-1904-4D5C-B022-878CDC840E04-90x90-1.jpeg","contentUrl":"https:\/\/nitu.mx\/wp-content\/uploads\/2024\/04\/4A315622-1904-4D5C-B022-878CDC840E04-90x90-1.jpeg","width":90,"height":90,"caption":"Arturo Medina"},"logo":{"@id":"https:\/\/nitu.mx\/#\/schema\/person\/image\/"},"description":"Director NITU.mx, Egresado de la Escuela de Periodismo Carlos Septi\u00e9n Garc\u00eda. Periodista y analista especializado en turismo desde hace 35 a\u00f1os, radicado en Canc\u00fan Q.Roo. arturo@nitu.mx","sameAs":["https:\/\/nitu.mx","https:\/\/www.facebook.com\/NITUmx\/","medinacancun","https:\/\/twitter.com\/@Arturo_Medina_G"]},{"@type":"Person","@id":"https:\/\/nitu.mx\/#\/schema\/person\/2ecd887b19dfd3382d1f14fc5acf24a8","name":"Alejandra Moncisbays","image":{"@type":"ImageObject","inLanguage":"es-MX","@id":"https:\/\/nitu.mx\/#\/schema\/person\/image\/","url":"https:\/\/secure.gravatar.com\/avatar\/e74f7af0be172b7804dacfd0bfbef787?s=96&d=mm&r=g","contentUrl":"https:\/\/secure.gravatar.com\/avatar\/e74f7af0be172b7804dacfd0bfbef787?s=96&d=mm&r=g","caption":"Alejandra Moncisbays"},"description":"Curs\u00e9 la carrera de Periodismo y Comunicaci\u00f3n en la Facultad de Estudios Profesionales Acatl\u00e1n. Vivo en Canc\u00fan desde hace 24 a\u00f1os. Fui reportera de La Tarde de Canc\u00fan, y Novedades de Quintana Roo, colabor\u00e9 en TVCUN, edit\u00e9 Cancun\u00edssimo y colabor\u00e9 en las revistas Latitud21, entre otras, con principal enfoque en los sectores empresarial y tur\u00edstico. Desde hace varios a\u00f1os soy Agente de Seguros con c\u00e9dula de la Comisi\u00f3n Nacional de Seguros y Fianzas. Actualmente, me desarrollo en los \u00e1mbitos del periodismo y el sector asegurador.","sameAs":["https:\/\/nitu.mx"],"url":"https:\/\/nitu.mx\/index.php\/author\/alejandra\/"}]}},"views":786,"_links":{"self":[{"href":"https:\/\/nitu.mx\/index.php\/wp-json\/wp\/v2\/posts\/82589"}],"collection":[{"href":"https:\/\/nitu.mx\/index.php\/wp-json\/wp\/v2\/posts"}],"about":[{"href":"https:\/\/nitu.mx\/index.php\/wp-json\/wp\/v2\/types\/post"}],"author":[{"embeddable":true,"href":"https:\/\/nitu.mx\/index.php\/wp-json\/wp\/v2\/users\/3"}],"replies":[{"embeddable":true,"href":"https:\/\/nitu.mx\/index.php\/wp-json\/wp\/v2\/comments?post=82589"}],"version-history":[{"count":3,"href":"https:\/\/nitu.mx\/index.php\/wp-json\/wp\/v2\/posts\/82589\/revisions"}],"predecessor-version":[{"id":82598,"href":"https:\/\/nitu.mx\/index.php\/wp-json\/wp\/v2\/posts\/82589\/revisions\/82598"}],"wp:featuredmedia":[{"embeddable":true,"href":"https:\/\/nitu.mx\/index.php\/wp-json\/wp\/v2\/media\/82590"}],"wp:attachment":[{"href":"https:\/\/nitu.mx\/index.php\/wp-json\/wp\/v2\/media?parent=82589"}],"wp:term":[{"taxonomy":"category","embeddable":true,"href":"https:\/\/nitu.mx\/index.php\/wp-json\/wp\/v2\/categories?post=82589"},{"taxonomy":"post_tag","embeddable":true,"href":"https:\/\/nitu.mx\/index.php\/wp-json\/wp\/v2\/tags?post=82589"}],"curies":[{"name":"wp","href":"https:\/\/api.w.org\/{rel}","templated":true}]}}